{"id":72417,"date":"2025-04-30T11:51:36","date_gmt":"2025-04-30T09:51:36","guid":{"rendered":"https:\/\/progettotouring.it\/radiotouring104\/?p=72417"},"modified":"2025-04-30T11:51:48","modified_gmt":"2025-04-30T09:51:48","slug":"avis-calabria-rinnova-il-direttivo-alla-55a-assemblea-regionale-ancora-lontana-lautosufficienza-nel-plasma","status":"publish","type":"post","link":"https:\/\/progettotouring.it\/radiotouring104\/2025\/04\/30\/avis-calabria-rinnova-il-direttivo-alla-55a-assemblea-regionale-ancora-lontana-lautosufficienza-nel-plasma\/","title":{"rendered":"Avis Calabria rinnova il direttivo alla 55\u00aa assemblea regionale: ancora lontana l\u2019autosufficienza nel plasma"},"content":{"rendered":"<p class=\"\" style=\"text-align: justify;\" data-start=\"360\" data-end=\"702\">Si \u00e8 svolta a Reggio, presso l\u2019hotel Excelsior,<strong> la 55\u00aa assemblea regionale dell\u2019Avis OdV Calabria<\/strong>, occasione che ha visto il rinnovo delle cariche per il quadriennio 2025-2028 e un confronto sulle strategie future della donazione. Tema centrale dell\u2019incontro: <em data-start=\"642\" data-end=\"701\">\u201cLe nuove vie del dono. Strategie, obiettivi, unitariet\u00e0\u201d<\/em>.<\/p>\n<p class=\"\" style=\"text-align: justify;\" data-start=\"704\" data-end=\"1013\">A guidare i lavori, il presidente regionale uscente <strong>Franco Rizzuti<\/strong>, affiancato da importanti rappresentanti a livello nazionale e locale, tra cui <strong>Fausto Aguzzoni<\/strong>, vicepresidente vicario Avis Nazionale, <strong>Mimmo Nistic\u00f2<\/strong>, tesoriere nazionale, e Vanna Micalizzi, presidente dell\u2019Avis provinciale di Reggio Calabria.<\/p>\n<p class=\"\" style=\"text-align: justify;\" data-start=\"1074\" data-end=\"1644\">Nel suo intervento, Rizzuti ha evidenziato come la Calabria abbia<strong> raggiunto l\u2019autosufficienza nella raccolta di sangue intero<\/strong>, grazie a una rete solidale di quasi 40.000 soci, ma resti ancora <strong>distante il traguardo dell\u2019autosufficienza nella<\/strong> <strong>raccolta di plasma<\/strong>. \u00abServe il supporto concreto delle strutture ospedaliere nella fornitura dei separatori cellulari\u00bb, ha sottolineato, ribadendo che la crescita registrata nel 2024, spinta in particolare dalle sedi di Catanzaro, Reggio Calabria, Crotone, Castrovillari e Rossano \u2013 non \u00e8 sufficiente senza un sostegno sistemico.<\/p>\n<p class=\"\" style=\"text-align: justify;\" data-start=\"1646\" data-end=\"1939\">Anche Fausto Aguzzoni ha rimarcato la <strong>doppia sfida<\/strong> per l\u2019associazione: quella <strong>demografica<\/strong>, che impone un maggiore coinvolgimento dei giovani attraverso strumenti come il Servizio Civile, e quella <strong>dell\u2019autosufficienza<\/strong>, che impone un salto di qualit\u00e0 nel sistema pubblico di raccolta del plasma.<\/p>\n<p class=\"\" style=\"text-align: justify;\" data-start=\"1987\" data-end=\"2247\">L\u2019assemblea, elettiva, si \u00e8 svolta in un clima di ampia condivisione. Tutte le relazioni, i bilanci e le linee guida presentate sono state approvate all\u2019unanimit\u00e0. Lo stesso vale per l\u2019elezione del nuovo Consiglio Direttivo e degli organi collegiali regionali.<\/p>\n<p class=\"\" style=\"text-align: justify;\" data-start=\"2249\" data-end=\"2454\">Tra le novit\u00e0: <strong>Franco Parrottino<\/strong> \u00e8 stato eletto <strong>consigliere nazionale Avis<\/strong>, succedendo a Mimmo Nistic\u00f2. Il suo insediamento avverr\u00e0 durante l\u2019assemblea nazionale in programma a Brescia dal 23 al 25 maggio.<\/p>\n<p class=\"\" style=\"text-align: justify;\" data-start=\"2456\" data-end=\"2635\">Sar\u00e0 necessario un ulteriore passaggio formale per ufficializzare le nomine, ma \u00e8 gi\u00e0 stato proposto il rinnovo di Franco Rizzuti alla presidenza regionale per un secondo mandato.<\/p>\n<p class=\"\" style=\"text-align: justify;\" data-start=\"2678\" data-end=\"2734\">Nel nuovo esecutivo regionale figurano, tra gli altri:<\/p>\n<ul style=\"text-align: justify;\" data-start=\"2735\" data-end=\"3020\">\n<li class=\"\" data-start=\"2735\" data-end=\"2814\">\n<p class=\"\" data-start=\"2737\" data-end=\"2814\"><strong data-start=\"2737\" data-end=\"2750\">Catanzaro<\/strong>: Salvatore Cavallaro, Salvatore Donato, Katiuscia Mastroianni<\/p>\n<\/li>\n<li class=\"\" data-start=\"2815\" data-end=\"2870\">\n<p class=\"\" data-start=\"2817\" data-end=\"2870\"><strong data-start=\"2817\" data-end=\"2828\">Cosenza<\/strong>: Saverio Bisceglia, Francesco Simonetti<\/p>\n<\/li>\n<li class=\"\" data-start=\"2871\" data-end=\"2917\">\n<p class=\"\" data-start=\"2873\" data-end=\"2917\"><strong data-start=\"2873\" data-end=\"2884\">Crotone<\/strong>: Carmen Carceo, Franco Rizzuti<\/p>\n<\/li>\n<li class=\"\" data-start=\"2918\" data-end=\"2981\">\n<p class=\"\" data-start=\"2920\" data-end=\"2981\"><strong data-start=\"2920\" data-end=\"2939\">Reggio Calabria<\/strong>: Antonello Ignazio Croce, Marco Nistic\u00f2<\/p>\n<\/li>\n<li class=\"\" data-start=\"2982\" data-end=\"3020\">\n<p class=\"\" data-start=\"2984\" data-end=\"3020\"><strong data-start=\"2984\" data-end=\"3001\">Vibo Valentia<\/strong>: Nicodemo Napoli<\/p>\n<\/li>\n<\/ul>\n<p class=\"\" style=\"text-align: justify;\" data-start=\"3022\" data-end=\"3280\">A comporre il Collegio dei Probiviri saranno Giuseppe Albanese, Bruno Battaglia e altri tre membri. Caterina Macr\u00ec sar\u00e0 l\u2019Organo di Controllo regionale, mentre il Comitato Medico avr\u00e0 al suo interno, tra gli altri, Giuseppe Aloisio e Giuseppina Scordamaglia.<\/p>\n<p class=\"\" style=\"text-align: justify;\" data-start=\"3282\" data-end=\"3458\">A livello nazionale, oltre a Franco Parrottino, \u00e8 prevista la riconferma di Marco Intrieri e la nomina di Antonio Cutugno e Sebastian Ciancio nei rispettivi organismi centrali.<\/p>\n<h3 class=\"\" style=\"text-align: justify;\" data-start=\"1941\" data-end=\"1985\"><\/h3>\n","protected":false},"excerpt":{"rendered":"<p>Si \u00e8 svolta a Reggio, presso l\u2019hotel Excelsior, la 55\u00aa assemblea regionale dell\u2019Avis OdV Calabria, occasione che ha visto il rinnovo delle cariche per il quadriennio 2025-2028 e un confronto&hellip;<\/p>\n","protected":false},"author":26,"featured_media":72420,"comment_status":"closed","ping_status":"open","sticky":false,"template":"","format":"standard","meta":{"_jetpack_memberships_contains_paid_content":false,"footnotes":"","jetpack_publicize_message":"","jetpack_publicize_feature_enabled":true,"jetpack_social_post_already_shared":true,"jetpack_social_options":{"image_generator_settings":{"template":"highway","default_image_id":0,"font":"","enabled":false},"version":2}},"categories":[921,196,140],"tags":[3477,43010,43011,28075,43009,27919,28076,43012],"class_list":["post-72417","post","type-post","status-publish","format-standard","has-post-thumbnail","hentry","category-home","category-news","category-reggio-calabria","tag-avis-reggio-calabria","tag-fausto-aguzzoni","tag-franco-parrottino","tag-franco-rizzuti","tag-la-55-assemblea-regionale-di-avis-odv-calabria","tag-mimmo-nistico","tag-raccolta-sangue-plasma","tag-sangue-intero"],"yoast_head":"<!-- This site is optimized with the Yoast SEO plugin v27.2 - https:\/\/yoast.com\/product\/yoast-seo-wordpress\/ -->\n<title>Avis Calabria rinnova il direttivo alla 55\u00aa assemblea regionale<\/title>\n<meta name=\"description\" content=\"Rinnovate le cariche per il quadriennio 2025-2028: Avis Calabria punta sull\u2019autosufficienza di plasma e sui giovani\" \/>\n<meta name=\"robots\" content=\"index, follow, max-snippet:-1, max-image-preview:large, max-video-preview:-1\" \/>\n<link rel=\"canonical\" href=\"https:\/\/progettotouring.it\/radiotouring104\/2025\/04\/30\/avis-calabria-rinnova-il-direttivo-alla-55a-assemblea-regionale-ancora-lontana-lautosufficienza-nel-plasma\/\" \/>\n<meta property=\"og:locale\" content=\"it_IT\" \/>\n<meta property=\"og:type\" content=\"article\" \/>\n<meta property=\"og:title\" content=\"Avis Calabria rinnova il direttivo alla 55\u00aa assemblea regionale\" \/>\n<meta property=\"og:description\" content=\"Rinnovate le cariche per il quadriennio 2025-2028: Avis Calabria punta sull\u2019autosufficienza di plasma e sui giovani\" \/>\n<meta property=\"og:url\" content=\"https:\/\/progettotouring.it\/radiotouring104\/2025\/04\/30\/avis-calabria-rinnova-il-direttivo-alla-55a-assemblea-regionale-ancora-lontana-lautosufficienza-nel-plasma\/\" \/>\n<meta property=\"og:site_name\" content=\"Radio Touring 104\" \/>\n<meta property=\"article:published_time\" content=\"2025-04-30T09:51:36+00:00\" \/>\n<meta property=\"article:modified_time\" content=\"2025-04-30T09:51:48+00:00\" \/>\n<meta property=\"og:image\" content=\"https:\/\/progettotouring.it\/radiotouring104\/wp-content\/uploads\/sites\/6\/2025\/04\/Assemblea-regionale-Avis-Calabria-2025-a-Reggio.jpg\" \/>\n\t<meta property=\"og:image:width\" content=\"1200\" \/>\n\t<meta property=\"og:image:height\" content=\"879\" \/>\n\t<meta property=\"og:image:type\" content=\"image\/jpeg\" \/>\n<meta name=\"author\" content=\"Olga Guerrisi\" \/>\n<meta name=\"twitter:card\" content=\"summary_large_image\" \/>\n<meta name=\"twitter:label1\" content=\"Scritto da\" \/>\n\t<meta name=\"twitter:data1\" content=\"Olga Guerrisi\" \/>\n\t<meta name=\"twitter:label2\" content=\"Tempo di lettura stimato\" \/>\n\t<meta name=\"twitter:data2\" content=\"2 minuti\" \/>\n<script type=\"application\/ld+json\" class=\"yoast-schema-graph\">{\"@context\":\"https:\/\/schema.org\",\"@graph\":[{\"@type\":\"Article\",\"@id\":\"https:\/\/progettotouring.it\/radiotouring104\/2025\/04\/30\/avis-calabria-rinnova-il-direttivo-alla-55a-assemblea-regionale-ancora-lontana-lautosufficienza-nel-plasma\/#article\",\"isPartOf\":{\"@id\":\"https:\/\/progettotouring.it\/radiotouring104\/2025\/04\/30\/avis-calabria-rinnova-il-direttivo-alla-55a-assemblea-regionale-ancora-lontana-lautosufficienza-nel-plasma\/\"},\"author\":{\"name\":\"Olga Guerrisi\",\"@id\":\"https:\/\/progettotouring.it\/radiotouring104\/#\/schema\/person\/98479df0b7de019b3c06d6bb272a0adf\"},\"headline\":\"Avis Calabria rinnova il direttivo alla 55\u00aa assemblea regionale: ancora lontana l\u2019autosufficienza nel plasma\",\"datePublished\":\"2025-04-30T09:51:36+00:00\",\"dateModified\":\"2025-04-30T09:51:48+00:00\",\"mainEntityOfPage\":{\"@id\":\"https:\/\/progettotouring.it\/radiotouring104\/2025\/04\/30\/avis-calabria-rinnova-il-direttivo-alla-55a-assemblea-regionale-ancora-lontana-lautosufficienza-nel-plasma\/\"},\"wordCount\":419,\"publisher\":{\"@id\":\"https:\/\/progettotouring.it\/radiotouring104\/#organization\"},\"image\":{\"@id\":\"https:\/\/progettotouring.it\/radiotouring104\/2025\/04\/30\/avis-calabria-rinnova-il-direttivo-alla-55a-assemblea-regionale-ancora-lontana-lautosufficienza-nel-plasma\/#primaryimage\"},\"thumbnailUrl\":\"https:\/\/progettotouring.it\/radiotouring104\/wp-content\/uploads\/sites\/6\/2025\/04\/Assemblea-regionale-Avis-Calabria-2025-a-Reggio.jpg\",\"keywords\":[\"Avis Reggio Calabria\",\"Fausto Aguzzoni\",\"Franco Parrottino\",\"Franco Rizzuti.\",\"la 55\u00b0 assemblea regionale di Avis OdV Calabria\",\"Mimmo Nistic\u00f2\",\"raccolta sangue plasma\",\"sangue intero\"],\"articleSection\":[\"Home\",\"News\",\"Reggio Calabria\"],\"inLanguage\":\"it-IT\"},{\"@type\":\"WebPage\",\"@id\":\"https:\/\/progettotouring.it\/radiotouring104\/2025\/04\/30\/avis-calabria-rinnova-il-direttivo-alla-55a-assemblea-regionale-ancora-lontana-lautosufficienza-nel-plasma\/\",\"url\":\"https:\/\/progettotouring.it\/radiotouring104\/2025\/04\/30\/avis-calabria-rinnova-il-direttivo-alla-55a-assemblea-regionale-ancora-lontana-lautosufficienza-nel-plasma\/\",\"name\":\"Avis Calabria rinnova il direttivo alla 55\u00aa assemblea regionale\",\"isPartOf\":{\"@id\":\"https:\/\/progettotouring.it\/radiotouring104\/#website\"},\"primaryImageOfPage\":{\"@id\":\"https:\/\/progettotouring.it\/radiotouring104\/2025\/04\/30\/avis-calabria-rinnova-il-direttivo-alla-55a-assemblea-regionale-ancora-lontana-lautosufficienza-nel-plasma\/#primaryimage\"},\"image\":{\"@id\":\"https:\/\/progettotouring.it\/radiotouring104\/2025\/04\/30\/avis-calabria-rinnova-il-direttivo-alla-55a-assemblea-regionale-ancora-lontana-lautosufficienza-nel-plasma\/#primaryimage\"},\"thumbnailUrl\":\"https:\/\/progettotouring.it\/radiotouring104\/wp-content\/uploads\/sites\/6\/2025\/04\/Assemblea-regionale-Avis-Calabria-2025-a-Reggio.jpg\",\"datePublished\":\"2025-04-30T09:51:36+00:00\",\"dateModified\":\"2025-04-30T09:51:48+00:00\",\"description\":\"Rinnovate le cariche per il quadriennio 2025-2028: Avis Calabria punta sull\u2019autosufficienza di plasma e sui giovani\",\"breadcrumb\":{\"@id\":\"https:\/\/progettotouring.it\/radiotouring104\/2025\/04\/30\/avis-calabria-rinnova-il-direttivo-alla-55a-assemblea-regionale-ancora-lontana-lautosufficienza-nel-plasma\/#breadcrumb\"},\"inLanguage\":\"it-IT\",\"potentialAction\":[{\"@type\":\"ReadAction\",\"target\":[\"https:\/\/progettotouring.it\/radiotouring104\/2025\/04\/30\/avis-calabria-rinnova-il-direttivo-alla-55a-assemblea-regionale-ancora-lontana-lautosufficienza-nel-plasma\/\"]}]},{\"@type\":\"ImageObject\",\"inLanguage\":\"it-IT\",\"@id\":\"https:\/\/progettotouring.it\/radiotouring104\/2025\/04\/30\/avis-calabria-rinnova-il-direttivo-alla-55a-assemblea-regionale-ancora-lontana-lautosufficienza-nel-plasma\/#primaryimage\",\"url\":\"https:\/\/progettotouring.it\/radiotouring104\/wp-content\/uploads\/sites\/6\/2025\/04\/Assemblea-regionale-Avis-Calabria-2025-a-Reggio.jpg\",\"contentUrl\":\"https:\/\/progettotouring.it\/radiotouring104\/wp-content\/uploads\/sites\/6\/2025\/04\/Assemblea-regionale-Avis-Calabria-2025-a-Reggio.jpg\",\"width\":1200,\"height\":879,\"caption\":\"Screenshot\"},{\"@type\":\"BreadcrumbList\",\"@id\":\"https:\/\/progettotouring.it\/radiotouring104\/2025\/04\/30\/avis-calabria-rinnova-il-direttivo-alla-55a-assemblea-regionale-ancora-lontana-lautosufficienza-nel-plasma\/#breadcrumb\",\"itemListElement\":[{\"@type\":\"ListItem\",\"position\":1,\"name\":\"Home\",\"item\":\"https:\/\/progettotouring.it\/radiotouring104\/\"},{\"@type\":\"ListItem\",\"position\":2,\"name\":\"Avis Calabria rinnova il direttivo alla 55\u00aa assemblea regionale: ancora lontana l\u2019autosufficienza nel plasma\"}]},{\"@type\":\"WebSite\",\"@id\":\"https:\/\/progettotouring.it\/radiotouring104\/#website\",\"url\":\"https:\/\/progettotouring.it\/radiotouring104\/\",\"name\":\"Radio Touring 104\",\"description\":\"La prima radio Reggina\",\"publisher\":{\"@id\":\"https:\/\/progettotouring.it\/radiotouring104\/#organization\"},\"potentialAction\":[{\"@type\":\"SearchAction\",\"target\":{\"@type\":\"EntryPoint\",\"urlTemplate\":\"https:\/\/progettotouring.it\/radiotouring104\/?s={search_term_string}\"},\"query-input\":{\"@type\":\"PropertyValueSpecification\",\"valueRequired\":true,\"valueName\":\"search_term_string\"}}],\"inLanguage\":\"it-IT\"},{\"@type\":\"Organization\",\"@id\":\"https:\/\/progettotouring.it\/radiotouring104\/#organization\",\"name\":\"Radio Touring 104\",\"url\":\"https:\/\/progettotouring.it\/radiotouring104\/\",\"logo\":{\"@type\":\"ImageObject\",\"inLanguage\":\"it-IT\",\"@id\":\"https:\/\/progettotouring.it\/radiotouring104\/#\/schema\/logo\/image\/\",\"url\":\"https:\/\/progettotouring.it\/radiotouring104\/wp-content\/uploads\/sites\/6\/2022\/02\/cropped-logo-radio-touring-104.png\",\"contentUrl\":\"https:\/\/progettotouring.it\/radiotouring104\/wp-content\/uploads\/sites\/6\/2022\/02\/cropped-logo-radio-touring-104.png\",\"width\":377,\"height\":182,\"caption\":\"Radio Touring 104\"},\"image\":{\"@id\":\"https:\/\/progettotouring.it\/radiotouring104\/#\/schema\/logo\/image\/\"}},{\"@type\":\"Person\",\"@id\":\"https:\/\/progettotouring.it\/radiotouring104\/#\/schema\/person\/98479df0b7de019b3c06d6bb272a0adf\",\"name\":\"Olga Guerrisi\",\"image\":{\"@type\":\"ImageObject\",\"inLanguage\":\"it-IT\",\"@id\":\"https:\/\/secure.gravatar.com\/avatar\/9dab62960e02b81ed05da6f998de9c9657a30b82d4c5993fbf913fc5693f793d?s=96&d=mm&r=g\",\"url\":\"https:\/\/secure.gravatar.com\/avatar\/9dab62960e02b81ed05da6f998de9c9657a30b82d4c5993fbf913fc5693f793d?s=96&d=mm&r=g\",\"contentUrl\":\"https:\/\/secure.gravatar.com\/avatar\/9dab62960e02b81ed05da6f998de9c9657a30b82d4c5993fbf913fc5693f793d?s=96&d=mm&r=g\",\"caption\":\"Olga Guerrisi\"},\"url\":\"https:\/\/progettotouring.it\/radiotouring104\/author\/olga\/\"}]}<\/script>\n<!-- \/ Yoast SEO plugin. -->","yoast_head_json":{"title":"Avis Calabria rinnova il direttivo alla 55\u00aa assemblea regionale","description":"Rinnovate le cariche per il quadriennio 2025-2028: Avis Calabria punta sull\u2019autosufficienza di plasma e sui giovani","robots":{"index":"index","follow":"follow","max-snippet":"max-snippet:-1","max-image-preview":"max-image-preview:large","max-video-preview":"max-video-preview:-1"},"canonical":"https:\/\/progettotouring.it\/radiotouring104\/2025\/04\/30\/avis-calabria-rinnova-il-direttivo-alla-55a-assemblea-regionale-ancora-lontana-lautosufficienza-nel-plasma\/","og_locale":"it_IT","og_type":"article","og_title":"Avis Calabria rinnova il direttivo alla 55\u00aa assemblea regionale","og_description":"Rinnovate le cariche per il quadriennio 2025-2028: Avis Calabria punta sull\u2019autosufficienza di plasma e sui giovani","og_url":"https:\/\/progettotouring.it\/radiotouring104\/2025\/04\/30\/avis-calabria-rinnova-il-direttivo-alla-55a-assemblea-regionale-ancora-lontana-lautosufficienza-nel-plasma\/","og_site_name":"Radio Touring 104","article_published_time":"2025-04-30T09:51:36+00:00","article_modified_time":"2025-04-30T09:51:48+00:00","og_image":[{"width":1200,"height":879,"url":"https:\/\/progettotouring.it\/radiotouring104\/wp-content\/uploads\/sites\/6\/2025\/04\/Assemblea-regionale-Avis-Calabria-2025-a-Reggio.jpg","type":"image\/jpeg"}],"author":"Olga Guerrisi","twitter_card":"summary_large_image","twitter_misc":{"Scritto da":"Olga Guerrisi","Tempo di lettura stimato":"2 minuti"},"schema":{"@context":"https:\/\/schema.org","@graph":[{"@type":"Article","@id":"https:\/\/progettotouring.it\/radiotouring104\/2025\/04\/30\/avis-calabria-rinnova-il-direttivo-alla-55a-assemblea-regionale-ancora-lontana-lautosufficienza-nel-plasma\/#article","isPartOf":{"@id":"https:\/\/progettotouring.it\/radiotouring104\/2025\/04\/30\/avis-calabria-rinnova-il-direttivo-alla-55a-assemblea-regionale-ancora-lontana-lautosufficienza-nel-plasma\/"},"author":{"name":"Olga Guerrisi","@id":"https:\/\/progettotouring.it\/radiotouring104\/#\/schema\/person\/98479df0b7de019b3c06d6bb272a0adf"},"headline":"Avis Calabria rinnova il direttivo alla 55\u00aa assemblea regionale: ancora lontana l\u2019autosufficienza nel plasma","datePublished":"2025-04-30T09:51:36+00:00","dateModified":"2025-04-30T09:51:48+00:00","mainEntityOfPage":{"@id":"https:\/\/progettotouring.it\/radiotouring104\/2025\/04\/30\/avis-calabria-rinnova-il-direttivo-alla-55a-assemblea-regionale-ancora-lontana-lautosufficienza-nel-plasma\/"},"wordCount":419,"publisher":{"@id":"https:\/\/progettotouring.it\/radiotouring104\/#organization"},"image":{"@id":"https:\/\/progettotouring.it\/radiotouring104\/2025\/04\/30\/avis-calabria-rinnova-il-direttivo-alla-55a-assemblea-regionale-ancora-lontana-lautosufficienza-nel-plasma\/#primaryimage"},"thumbnailUrl":"https:\/\/progettotouring.it\/radiotouring104\/wp-content\/uploads\/sites\/6\/2025\/04\/Assemblea-regionale-Avis-Calabria-2025-a-Reggio.jpg","keywords":["Avis Reggio Calabria","Fausto Aguzzoni","Franco Parrottino","Franco Rizzuti.","la 55\u00b0 assemblea regionale di Avis OdV Calabria","Mimmo Nistic\u00f2","raccolta sangue plasma","sangue intero"],"articleSection":["Home","News","Reggio Calabria"],"inLanguage":"it-IT"},{"@type":"WebPage","@id":"https:\/\/progettotouring.it\/radiotouring104\/2025\/04\/30\/avis-calabria-rinnova-il-direttivo-alla-55a-assemblea-regionale-ancora-lontana-lautosufficienza-nel-plasma\/","url":"https:\/\/progettotouring.it\/radiotouring104\/2025\/04\/30\/avis-calabria-rinnova-il-direttivo-alla-55a-assemblea-regionale-ancora-lontana-lautosufficienza-nel-plasma\/","name":"Avis Calabria rinnova il direttivo alla 55\u00aa assemblea regionale","isPartOf":{"@id":"https:\/\/progettotouring.it\/radiotouring104\/#website"},"primaryImageOfPage":{"@id":"https:\/\/progettotouring.it\/radiotouring104\/2025\/04\/30\/avis-calabria-rinnova-il-direttivo-alla-55a-assemblea-regionale-ancora-lontana-lautosufficienza-nel-plasma\/#primaryimage"},"image":{"@id":"https:\/\/progettotouring.it\/radiotouring104\/2025\/04\/30\/avis-calabria-rinnova-il-direttivo-alla-55a-assemblea-regionale-ancora-lontana-lautosufficienza-nel-plasma\/#primaryimage"},"thumbnailUrl":"https:\/\/progettotouring.it\/radiotouring104\/wp-content\/uploads\/sites\/6\/2025\/04\/Assemblea-regionale-Avis-Calabria-2025-a-Reggio.jpg","datePublished":"2025-04-30T09:51:36+00:00","dateModified":"2025-04-30T09:51:48+00:00","description":"Rinnovate le cariche per il quadriennio 2025-2028: Avis Calabria punta sull\u2019autosufficienza di plasma e sui giovani","breadcrumb":{"@id":"https:\/\/progettotouring.it\/radiotouring104\/2025\/04\/30\/avis-calabria-rinnova-il-direttivo-alla-55a-assemblea-regionale-ancora-lontana-lautosufficienza-nel-plasma\/#breadcrumb"},"inLanguage":"it-IT","potentialAction":[{"@type":"ReadAction","target":["https:\/\/progettotouring.it\/radiotouring104\/2025\/04\/30\/avis-calabria-rinnova-il-direttivo-alla-55a-assemblea-regionale-ancora-lontana-lautosufficienza-nel-plasma\/"]}]},{"@type":"ImageObject","inLanguage":"it-IT","@id":"https:\/\/progettotouring.it\/radiotouring104\/2025\/04\/30\/avis-calabria-rinnova-il-direttivo-alla-55a-assemblea-regionale-ancora-lontana-lautosufficienza-nel-plasma\/#primaryimage","url":"https:\/\/progettotouring.it\/radiotouring104\/wp-content\/uploads\/sites\/6\/2025\/04\/Assemblea-regionale-Avis-Calabria-2025-a-Reggio.jpg","contentUrl":"https:\/\/progettotouring.it\/radiotouring104\/wp-content\/uploads\/sites\/6\/2025\/04\/Assemblea-regionale-Avis-Calabria-2025-a-Reggio.jpg","width":1200,"height":879,"caption":"Screenshot"},{"@type":"BreadcrumbList","@id":"https:\/\/progettotouring.it\/radiotouring104\/2025\/04\/30\/avis-calabria-rinnova-il-direttivo-alla-55a-assemblea-regionale-ancora-lontana-lautosufficienza-nel-plasma\/#breadcrumb","itemListElement":[{"@type":"ListItem","position":1,"name":"Home","item":"https:\/\/progettotouring.it\/radiotouring104\/"},{"@type":"ListItem","position":2,"name":"Avis Calabria rinnova il direttivo alla 55\u00aa assemblea regionale: ancora lontana l\u2019autosufficienza nel plasma"}]},{"@type":"WebSite","@id":"https:\/\/progettotouring.it\/radiotouring104\/#website","url":"https:\/\/progettotouring.it\/radiotouring104\/","name":"Radio Touring 104","description":"La prima radio Reggina","publisher":{"@id":"https:\/\/progettotouring.it\/radiotouring104\/#organization"},"potentialAction":[{"@type":"SearchAction","target":{"@type":"EntryPoint","urlTemplate":"https:\/\/progettotouring.it\/radiotouring104\/?s={search_term_string}"},"query-input":{"@type":"PropertyValueSpecification","valueRequired":true,"valueName":"search_term_string"}}],"inLanguage":"it-IT"},{"@type":"Organization","@id":"https:\/\/progettotouring.it\/radiotouring104\/#organization","name":"Radio Touring 104","url":"https:\/\/progettotouring.it\/radiotouring104\/","logo":{"@type":"ImageObject","inLanguage":"it-IT","@id":"https:\/\/progettotouring.it\/radiotouring104\/#\/schema\/logo\/image\/","url":"https:\/\/progettotouring.it\/radiotouring104\/wp-content\/uploads\/sites\/6\/2022\/02\/cropped-logo-radio-touring-104.png","contentUrl":"https:\/\/progettotouring.it\/radiotouring104\/wp-content\/uploads\/sites\/6\/2022\/02\/cropped-logo-radio-touring-104.png","width":377,"height":182,"caption":"Radio Touring 104"},"image":{"@id":"https:\/\/progettotouring.it\/radiotouring104\/#\/schema\/logo\/image\/"}},{"@type":"Person","@id":"https:\/\/progettotouring.it\/radiotouring104\/#\/schema\/person\/98479df0b7de019b3c06d6bb272a0adf","name":"Olga Guerrisi","image":{"@type":"ImageObject","inLanguage":"it-IT","@id":"https:\/\/secure.gravatar.com\/avatar\/9dab62960e02b81ed05da6f998de9c9657a30b82d4c5993fbf913fc5693f793d?s=96&d=mm&r=g","url":"https:\/\/secure.gravatar.com\/avatar\/9dab62960e02b81ed05da6f998de9c9657a30b82d4c5993fbf913fc5693f793d?s=96&d=mm&r=g","contentUrl":"https:\/\/secure.gravatar.com\/avatar\/9dab62960e02b81ed05da6f998de9c9657a30b82d4c5993fbf913fc5693f793d?s=96&d=mm&r=g","caption":"Olga Guerrisi"},"url":"https:\/\/progettotouring.it\/radiotouring104\/author\/olga\/"}]}},"jetpack_publicize_connections":[],"jetpack_featured_media_url":"https:\/\/progettotouring.it\/radiotouring104\/wp-content\/uploads\/sites\/6\/2025\/04\/Assemblea-regionale-Avis-Calabria-2025-a-Reggio.jpg","jetpack_sharing_enabled":true,"_links":{"self":[{"href":"https:\/\/progettotouring.it\/radiotouring104\/wp-json\/wp\/v2\/posts\/72417","targetHints":{"allow":["GET"]}}],"collection":[{"href":"https:\/\/progettotouring.it\/radiotouring104\/wp-json\/wp\/v2\/posts"}],"about":[{"href":"https:\/\/progettotouring.it\/radiotouring104\/wp-json\/wp\/v2\/types\/post"}],"author":[{"embeddable":true,"href":"https:\/\/progettotouring.it\/radiotouring104\/wp-json\/wp\/v2\/users\/26"}],"replies":[{"embeddable":true,"href":"https:\/\/progettotouring.it\/radiotouring104\/wp-json\/wp\/v2\/comments?post=72417"}],"version-history":[{"count":3,"href":"https:\/\/progettotouring.it\/radiotouring104\/wp-json\/wp\/v2\/posts\/72417\/revisions"}],"predecessor-version":[{"id":72464,"href":"https:\/\/progettotouring.it\/radiotouring104\/wp-json\/wp\/v2\/posts\/72417\/revisions\/72464"}],"wp:featuredmedia":[{"embeddable":true,"href":"https:\/\/progettotouring.it\/radiotouring104\/wp-json\/wp\/v2\/media\/72420"}],"wp:attachment":[{"href":"https:\/\/progettotouring.it\/radiotouring104\/wp-json\/wp\/v2\/media?parent=72417"}],"wp:term":[{"taxonomy":"category","embeddable":true,"href":"https:\/\/progettotouring.it\/radiotouring104\/wp-json\/wp\/v2\/categories?post=72417"},{"taxonomy":"post_tag","embeddable":true,"href":"https:\/\/progettotouring.it\/radiotouring104\/wp-json\/wp\/v2\/tags?post=72417"}],"curies":[{"name":"wp","href":"https:\/\/api.w.org\/{rel}","templated":true}]}}