{"id":72440,"date":"2025-04-30T11:55:05","date_gmt":"2025-04-30T09:55:05","guid":{"rendered":"https:\/\/progettotouring.it\/radiotouring104\/?p=72440"},"modified":"2025-04-30T11:55:05","modified_gmt":"2025-04-30T09:55:05","slug":"fuoriclasse-in-movimento-gli-studenti-protagonisti-a-palazzo-san-giorgio-contro-la-dispersione-scolastica","status":"publish","type":"post","link":"https:\/\/progettotouring.it\/radiotouring104\/2025\/04\/30\/fuoriclasse-in-movimento-gli-studenti-protagonisti-a-palazzo-san-giorgio-contro-la-dispersione-scolastica\/","title":{"rendered":"\u201cFuoriclasse in movimento\u201d: gli studenti protagonisti a Palazzo San Giorgio contro la dispersione scolastica"},"content":{"rendered":"<p style=\"text-align: justify;\">Una mattinata all\u2019insegna della partecipazione civica e del dialogo tra giovani e istituzioni: marted\u00ec 29 aprile, Palazzo San Giorgio ha aperto le sue porte a decine di studenti e studentesse provenienti dagli Istituti Comprensivi \u201cNosside-Moscato-Pythagoras\u201d, \u201cCatanoso-De Gasperi\u201d e \u201cRadice-Alighieri\u201d di Catona. L\u2019iniziativa si inserisce nel progetto nazionale <strong data-start=\"651\" data-end=\"681\">\u201cFuoriclasse in movimento\u201d<\/strong>, promosso da <strong data-start=\"695\" data-end=\"716\">Save the Children<\/strong> in collaborazione con l\u2019Amministrazione comunale, con l\u2019obiettivo di contrastare la dispersione scolastica e promuovere il benessere degli alunni.<\/p>\n<p class=\"\" style=\"text-align: justify;\" data-start=\"908\" data-end=\"1209\">Accolti nell\u2019aula consiliare \u201cPietro Battaglia\u201d dal <strong data-start=\"960\" data-end=\"1008\">Presidente del Consiglio Comunale Enzo Marra<\/strong> e dalle assessore <strong data-start=\"1027\" data-end=\"1043\">Anna Briante<\/strong> e <strong data-start=\"1046\" data-end=\"1065\">Giuggi Palmenta<\/strong>, i ragazzi hanno avuto l\u2019opportunit\u00e0 di conoscere da vicino il funzionamento dell\u2019assemblea comunale e i principi della democrazia partecipata.<\/p>\n<p class=\"\" style=\"text-align: justify;\" data-start=\"1211\" data-end=\"1532\">Un momento di grande ispirazione \u00e8 stato l\u2019intervento del cestista della Viola Reggio Calabria, <strong data-start=\"1307\" data-end=\"1326\">Giovanni Cesell<\/strong>, che ha sottolineato il valore dell\u2019impegno civico: \u00ab<em>Siamo cittadini prima ancora che sportivi o studenti, ed \u00e8 nostro dovere contribuire al miglioramento del contesto in cui viviamo, ovunque ci troviamo<\/em>\u00bb.<\/p>\n<p style=\"text-align: justify;\" data-start=\"1211\" data-end=\"1532\">Nel corso dell\u2019incontro, i giovani hanno presentato proposte per migliorare gli ambienti scolastici, dalla cura degli spazi verdi alla fruizione delle palestre, passando per la manutenzione ordinaria degli edifici. Le istanze sono state espresse in modo originale e coinvolgente: performance artistiche, canzoni rap e persino una \u201cmacchina del tempo\u201d simbolica hanno animato la mattinata.<\/p>\n<p style=\"text-align: justify;\" data-start=\"1211\" data-end=\"1532\">L\u2019Amministrazione ha accolto con interesse le proposte, fornendo risposte immediate su alcune criticit\u00e0 gi\u00e0 note e impegnandosi a trasmettere quelle nuove agli uffici competenti. Al termine della giornata \u00e8 stato sottoscritto un <strong data-start=\"2203\" data-end=\"2232\">patto d\u2019impegno congiunto<\/strong>: il Comune continuer\u00e0 ad ascoltare e prendere in carico le segnalazioni degli studenti, che, a loro volta, si sono detti pronti a collaborare attivamente per migliorare la vita scolastica e la comunit\u00e0 reggina.<\/p>\n<p style=\"text-align: justify;\" data-start=\"1211\" data-end=\"1532\">\u201cFuoriclasse in movimento\u201d \u00e8 attivo a Reggio Calabria dal 2021 e coinvolge pi\u00f9 di <strong data-start=\"2572\" data-end=\"2615\">15 scuole della citt\u00e0 e della provincia<\/strong>, tra cui anche l\u2019IC Sant\u2019Eufemia Sinopoli Melicucc\u00e0, IC Pentimalli Paolo VI, IC Scopelliti Green e IC Ugo Foscolo. Il progetto lavora sulla prevenzione della dispersione scolastica attraverso azioni concrete che stimolano la partecipazione e il protagonismo degli studenti.<\/p>\n<p style=\"text-align: justify;\" data-start=\"1211\" data-end=\"1532\">L\u2019incontro \u00e8 stato coordinato dalle referenti <strong data-start=\"2937\" data-end=\"2957\">Giulia Melissari<\/strong> ed <strong data-start=\"2961\" data-end=\"2984\">Elisabetta Polimeni<\/strong>, che hanno annunciato un prossimo appuntamento pubblico: <strong data-start=\"3042\" data-end=\"3075\">il 28 maggio in Piazza Italia<\/strong>, dove verr\u00e0 presentata l\u2019<strong data-start=\"3101\" data-end=\"3113\">e-policy<\/strong> elaborata all\u2019interno del progetto con la collaborazione del Safer Internet Centre \u2013 Generazioni Connesse. Parteciperanno anche altri istituti della citt\u00e0, in un evento che metter\u00e0 al centro la scuola come motore di cambiamento e coesione sociale.<\/p>\n","protected":false},"excerpt":{"rendered":"<p>Una mattinata all\u2019insegna della partecipazione civica e del dialogo tra giovani e istituzioni: marted\u00ec 29 aprile, Palazzo San Giorgio ha aperto le sue porte a decine di studenti e studentesse&hellip;<\/p>\n","protected":false},"author":26,"featured_media":72447,"comment_status":"closed","ping_status":"open","sticky":false,"template":"","format":"standard","meta":{"_jetpack_memberships_contains_paid_content":false,"footnotes":"","jetpack_publicize_message":"","jetpack_publicize_feature_enabled":true,"jetpack_social_post_already_shared":true,"jetpack_social_options":{"image_generator_settings":{"template":"highway","default_image_id":0,"font":"","enabled":false},"version":2}},"categories":[921,4303,196,140],"tags":[24572,43030,16093,43027,43028,1524,43029,659,2521,819],"class_list":["post-72440","post","type-post","status-publish","format-standard","has-post-thumbnail","hentry","category-home","category-istruzione","category-news","category-reggio-calabria","tag-anna-briante","tag-elisabetta-polimeni","tag-enzo-marra","tag-fuoriclasse-in-movimento","tag-giovanni-cesell","tag-giuggi-palmenta","tag-giulia-melissari","tag-palazzo-san-giorgio","tag-save-the-children","tag-scuole"],"yoast_head":"<!-- This site is optimized with the Yoast SEO plugin v27.2 - https:\/\/yoast.com\/product\/yoast-seo-wordpress\/ -->\n<title>\u201cFuoriclasse in movimento\u201d: gli studenti protagonisti<\/title>\n<meta name=\"description\" content=\"Studenti reggini a confronto con le istituzioni nell\u2019ambito del progetto di Save the Children: proposte, creativit\u00e0 e impegno\" \/>\n<meta name=\"robots\" content=\"index, follow, max-snippet:-1, max-image-preview:large, max-video-preview:-1\" \/>\n<link rel=\"canonical\" href=\"https:\/\/progettotouring.it\/radiotouring104\/2025\/04\/30\/fuoriclasse-in-movimento-gli-studenti-protagonisti-a-palazzo-san-giorgio-contro-la-dispersione-scolastica\/\" \/>\n<meta property=\"og:locale\" content=\"it_IT\" \/>\n<meta property=\"og:type\" content=\"article\" \/>\n<meta property=\"og:title\" content=\"\u201cFuoriclasse in movimento\u201d: gli studenti protagonisti\" \/>\n<meta property=\"og:description\" content=\"Studenti reggini a confronto con le istituzioni nell\u2019ambito del progetto di Save the Children: proposte, creativit\u00e0 e impegno\" \/>\n<meta property=\"og:url\" content=\"https:\/\/progettotouring.it\/radiotouring104\/2025\/04\/30\/fuoriclasse-in-movimento-gli-studenti-protagonisti-a-palazzo-san-giorgio-contro-la-dispersione-scolastica\/\" \/>\n<meta property=\"og:site_name\" content=\"Radio Touring 104\" \/>\n<meta property=\"article:published_time\" content=\"2025-04-30T09:55:05+00:00\" \/>\n<meta property=\"og:image\" content=\"https:\/\/progettotouring.it\/radiotouring104\/wp-content\/uploads\/sites\/6\/2025\/04\/IMG-20250429-WA0056.jpg\" \/>\n\t<meta property=\"og:image:width\" content=\"1600\" \/>\n\t<meta property=\"og:image:height\" content=\"897\" \/>\n\t<meta property=\"og:image:type\" content=\"image\/jpeg\" \/>\n<meta name=\"author\" content=\"Olga Guerrisi\" \/>\n<meta name=\"twitter:card\" content=\"summary_large_image\" \/>\n<meta name=\"twitter:label1\" content=\"Scritto da\" \/>\n\t<meta name=\"twitter:data1\" content=\"Olga Guerrisi\" \/>\n\t<meta name=\"twitter:label2\" content=\"Tempo di lettura stimato\" \/>\n\t<meta name=\"twitter:data2\" content=\"2 minuti\" \/>\n<script type=\"application\/ld+json\" class=\"yoast-schema-graph\">{\"@context\":\"https:\/\/schema.org\",\"@graph\":[{\"@type\":\"Article\",\"@id\":\"https:\/\/progettotouring.it\/radiotouring104\/2025\/04\/30\/fuoriclasse-in-movimento-gli-studenti-protagonisti-a-palazzo-san-giorgio-contro-la-dispersione-scolastica\/#article\",\"isPartOf\":{\"@id\":\"https:\/\/progettotouring.it\/radiotouring104\/2025\/04\/30\/fuoriclasse-in-movimento-gli-studenti-protagonisti-a-palazzo-san-giorgio-contro-la-dispersione-scolastica\/\"},\"author\":{\"name\":\"Olga Guerrisi\",\"@id\":\"https:\/\/progettotouring.it\/radiotouring104\/#\/schema\/person\/98479df0b7de019b3c06d6bb272a0adf\"},\"headline\":\"\u201cFuoriclasse in movimento\u201d: gli studenti protagonisti a Palazzo San Giorgio contro la dispersione scolastica\",\"datePublished\":\"2025-04-30T09:55:05+00:00\",\"mainEntityOfPage\":{\"@id\":\"https:\/\/progettotouring.it\/radiotouring104\/2025\/04\/30\/fuoriclasse-in-movimento-gli-studenti-protagonisti-a-palazzo-san-giorgio-contro-la-dispersione-scolastica\/\"},\"wordCount\":424,\"publisher\":{\"@id\":\"https:\/\/progettotouring.it\/radiotouring104\/#organization\"},\"image\":{\"@id\":\"https:\/\/progettotouring.it\/radiotouring104\/2025\/04\/30\/fuoriclasse-in-movimento-gli-studenti-protagonisti-a-palazzo-san-giorgio-contro-la-dispersione-scolastica\/#primaryimage\"},\"thumbnailUrl\":\"https:\/\/progettotouring.it\/radiotouring104\/wp-content\/uploads\/sites\/6\/2025\/04\/IMG-20250429-WA0056.jpg\",\"keywords\":[\"Anna Briante\",\"Elisabetta Polimeni\",\"Enzo Marra\",\"Fuoriclasse in movimento\",\"Giovanni Cesell\",\"Giuggi Palmenta\",\"Giulia Melissari\",\"palazzo san giorgio\",\"save the children\",\"scuole\"],\"articleSection\":[\"Home\",\"Istruzione\",\"News\",\"Reggio Calabria\"],\"inLanguage\":\"it-IT\"},{\"@type\":\"WebPage\",\"@id\":\"https:\/\/progettotouring.it\/radiotouring104\/2025\/04\/30\/fuoriclasse-in-movimento-gli-studenti-protagonisti-a-palazzo-san-giorgio-contro-la-dispersione-scolastica\/\",\"url\":\"https:\/\/progettotouring.it\/radiotouring104\/2025\/04\/30\/fuoriclasse-in-movimento-gli-studenti-protagonisti-a-palazzo-san-giorgio-contro-la-dispersione-scolastica\/\",\"name\":\"\u201cFuoriclasse in movimento\u201d: gli studenti protagonisti\",\"isPartOf\":{\"@id\":\"https:\/\/progettotouring.it\/radiotouring104\/#website\"},\"primaryImageOfPage\":{\"@id\":\"https:\/\/progettotouring.it\/radiotouring104\/2025\/04\/30\/fuoriclasse-in-movimento-gli-studenti-protagonisti-a-palazzo-san-giorgio-contro-la-dispersione-scolastica\/#primaryimage\"},\"image\":{\"@id\":\"https:\/\/progettotouring.it\/radiotouring104\/2025\/04\/30\/fuoriclasse-in-movimento-gli-studenti-protagonisti-a-palazzo-san-giorgio-contro-la-dispersione-scolastica\/#primaryimage\"},\"thumbnailUrl\":\"https:\/\/progettotouring.it\/radiotouring104\/wp-content\/uploads\/sites\/6\/2025\/04\/IMG-20250429-WA0056.jpg\",\"datePublished\":\"2025-04-30T09:55:05+00:00\",\"description\":\"Studenti reggini a confronto con le istituzioni nell\u2019ambito del progetto di Save the Children: proposte, creativit\u00e0 e impegno\",\"breadcrumb\":{\"@id\":\"https:\/\/progettotouring.it\/radiotouring104\/2025\/04\/30\/fuoriclasse-in-movimento-gli-studenti-protagonisti-a-palazzo-san-giorgio-contro-la-dispersione-scolastica\/#breadcrumb\"},\"inLanguage\":\"it-IT\",\"potentialAction\":[{\"@type\":\"ReadAction\",\"target\":[\"https:\/\/progettotouring.it\/radiotouring104\/2025\/04\/30\/fuoriclasse-in-movimento-gli-studenti-protagonisti-a-palazzo-san-giorgio-contro-la-dispersione-scolastica\/\"]}]},{\"@type\":\"ImageObject\",\"inLanguage\":\"it-IT\",\"@id\":\"https:\/\/progettotouring.it\/radiotouring104\/2025\/04\/30\/fuoriclasse-in-movimento-gli-studenti-protagonisti-a-palazzo-san-giorgio-contro-la-dispersione-scolastica\/#primaryimage\",\"url\":\"https:\/\/progettotouring.it\/radiotouring104\/wp-content\/uploads\/sites\/6\/2025\/04\/IMG-20250429-WA0056.jpg\",\"contentUrl\":\"https:\/\/progettotouring.it\/radiotouring104\/wp-content\/uploads\/sites\/6\/2025\/04\/IMG-20250429-WA0056.jpg\",\"width\":1600,\"height\":897,\"caption\":\"Fuoriclasse in movimento\"},{\"@type\":\"BreadcrumbList\",\"@id\":\"https:\/\/progettotouring.it\/radiotouring104\/2025\/04\/30\/fuoriclasse-in-movimento-gli-studenti-protagonisti-a-palazzo-san-giorgio-contro-la-dispersione-scolastica\/#breadcrumb\",\"itemListElement\":[{\"@type\":\"ListItem\",\"position\":1,\"name\":\"Home\",\"item\":\"https:\/\/progettotouring.it\/radiotouring104\/\"},{\"@type\":\"ListItem\",\"position\":2,\"name\":\"\u201cFuoriclasse in movimento\u201d: gli studenti protagonisti a Palazzo San Giorgio contro la dispersione scolastica\"}]},{\"@type\":\"WebSite\",\"@id\":\"https:\/\/progettotouring.it\/radiotouring104\/#website\",\"url\":\"https:\/\/progettotouring.it\/radiotouring104\/\",\"name\":\"Radio Touring 104\",\"description\":\"La prima radio Reggina\",\"publisher\":{\"@id\":\"https:\/\/progettotouring.it\/radiotouring104\/#organization\"},\"potentialAction\":[{\"@type\":\"SearchAction\",\"target\":{\"@type\":\"EntryPoint\",\"urlTemplate\":\"https:\/\/progettotouring.it\/radiotouring104\/?s={search_term_string}\"},\"query-input\":{\"@type\":\"PropertyValueSpecification\",\"valueRequired\":true,\"valueName\":\"search_term_string\"}}],\"inLanguage\":\"it-IT\"},{\"@type\":\"Organization\",\"@id\":\"https:\/\/progettotouring.it\/radiotouring104\/#organization\",\"name\":\"Radio Touring 104\",\"url\":\"https:\/\/progettotouring.it\/radiotouring104\/\",\"logo\":{\"@type\":\"ImageObject\",\"inLanguage\":\"it-IT\",\"@id\":\"https:\/\/progettotouring.it\/radiotouring104\/#\/schema\/logo\/image\/\",\"url\":\"https:\/\/progettotouring.it\/radiotouring104\/wp-content\/uploads\/sites\/6\/2022\/02\/cropped-logo-radio-touring-104.png\",\"contentUrl\":\"https:\/\/progettotouring.it\/radiotouring104\/wp-content\/uploads\/sites\/6\/2022\/02\/cropped-logo-radio-touring-104.png\",\"width\":377,\"height\":182,\"caption\":\"Radio Touring 104\"},\"image\":{\"@id\":\"https:\/\/progettotouring.it\/radiotouring104\/#\/schema\/logo\/image\/\"}},{\"@type\":\"Person\",\"@id\":\"https:\/\/progettotouring.it\/radiotouring104\/#\/schema\/person\/98479df0b7de019b3c06d6bb272a0adf\",\"name\":\"Olga Guerrisi\",\"image\":{\"@type\":\"ImageObject\",\"inLanguage\":\"it-IT\",\"@id\":\"https:\/\/secure.gravatar.com\/avatar\/9dab62960e02b81ed05da6f998de9c9657a30b82d4c5993fbf913fc5693f793d?s=96&d=mm&r=g\",\"url\":\"https:\/\/secure.gravatar.com\/avatar\/9dab62960e02b81ed05da6f998de9c9657a30b82d4c5993fbf913fc5693f793d?s=96&d=mm&r=g\",\"contentUrl\":\"https:\/\/secure.gravatar.com\/avatar\/9dab62960e02b81ed05da6f998de9c9657a30b82d4c5993fbf913fc5693f793d?s=96&d=mm&r=g\",\"caption\":\"Olga Guerrisi\"},\"url\":\"https:\/\/progettotouring.it\/radiotouring104\/author\/olga\/\"}]}<\/script>\n<!-- \/ Yoast SEO plugin. -->","yoast_head_json":{"title":"\u201cFuoriclasse in movimento\u201d: gli studenti protagonisti","description":"Studenti reggini a confronto con le istituzioni nell\u2019ambito del progetto di Save the Children: proposte, creativit\u00e0 e impegno","robots":{"index":"index","follow":"follow","max-snippet":"max-snippet:-1","max-image-preview":"max-image-preview:large","max-video-preview":"max-video-preview:-1"},"canonical":"https:\/\/progettotouring.it\/radiotouring104\/2025\/04\/30\/fuoriclasse-in-movimento-gli-studenti-protagonisti-a-palazzo-san-giorgio-contro-la-dispersione-scolastica\/","og_locale":"it_IT","og_type":"article","og_title":"\u201cFuoriclasse in movimento\u201d: gli studenti protagonisti","og_description":"Studenti reggini a confronto con le istituzioni nell\u2019ambito del progetto di Save the Children: proposte, creativit\u00e0 e impegno","og_url":"https:\/\/progettotouring.it\/radiotouring104\/2025\/04\/30\/fuoriclasse-in-movimento-gli-studenti-protagonisti-a-palazzo-san-giorgio-contro-la-dispersione-scolastica\/","og_site_name":"Radio Touring 104","article_published_time":"2025-04-30T09:55:05+00:00","og_image":[{"width":1600,"height":897,"url":"https:\/\/progettotouring.it\/radiotouring104\/wp-content\/uploads\/sites\/6\/2025\/04\/IMG-20250429-WA0056.jpg","type":"image\/jpeg"}],"author":"Olga Guerrisi","twitter_card":"summary_large_image","twitter_misc":{"Scritto da":"Olga Guerrisi","Tempo di lettura stimato":"2 minuti"},"schema":{"@context":"https:\/\/schema.org","@graph":[{"@type":"Article","@id":"https:\/\/progettotouring.it\/radiotouring104\/2025\/04\/30\/fuoriclasse-in-movimento-gli-studenti-protagonisti-a-palazzo-san-giorgio-contro-la-dispersione-scolastica\/#article","isPartOf":{"@id":"https:\/\/progettotouring.it\/radiotouring104\/2025\/04\/30\/fuoriclasse-in-movimento-gli-studenti-protagonisti-a-palazzo-san-giorgio-contro-la-dispersione-scolastica\/"},"author":{"name":"Olga Guerrisi","@id":"https:\/\/progettotouring.it\/radiotouring104\/#\/schema\/person\/98479df0b7de019b3c06d6bb272a0adf"},"headline":"\u201cFuoriclasse in movimento\u201d: gli studenti protagonisti a Palazzo San Giorgio contro la dispersione scolastica","datePublished":"2025-04-30T09:55:05+00:00","mainEntityOfPage":{"@id":"https:\/\/progettotouring.it\/radiotouring104\/2025\/04\/30\/fuoriclasse-in-movimento-gli-studenti-protagonisti-a-palazzo-san-giorgio-contro-la-dispersione-scolastica\/"},"wordCount":424,"publisher":{"@id":"https:\/\/progettotouring.it\/radiotouring104\/#organization"},"image":{"@id":"https:\/\/progettotouring.it\/radiotouring104\/2025\/04\/30\/fuoriclasse-in-movimento-gli-studenti-protagonisti-a-palazzo-san-giorgio-contro-la-dispersione-scolastica\/#primaryimage"},"thumbnailUrl":"https:\/\/progettotouring.it\/radiotouring104\/wp-content\/uploads\/sites\/6\/2025\/04\/IMG-20250429-WA0056.jpg","keywords":["Anna Briante","Elisabetta Polimeni","Enzo Marra","Fuoriclasse in movimento","Giovanni Cesell","Giuggi Palmenta","Giulia Melissari","palazzo san giorgio","save the children","scuole"],"articleSection":["Home","Istruzione","News","Reggio Calabria"],"inLanguage":"it-IT"},{"@type":"WebPage","@id":"https:\/\/progettotouring.it\/radiotouring104\/2025\/04\/30\/fuoriclasse-in-movimento-gli-studenti-protagonisti-a-palazzo-san-giorgio-contro-la-dispersione-scolastica\/","url":"https:\/\/progettotouring.it\/radiotouring104\/2025\/04\/30\/fuoriclasse-in-movimento-gli-studenti-protagonisti-a-palazzo-san-giorgio-contro-la-dispersione-scolastica\/","name":"\u201cFuoriclasse in movimento\u201d: gli studenti protagonisti","isPartOf":{"@id":"https:\/\/progettotouring.it\/radiotouring104\/#website"},"primaryImageOfPage":{"@id":"https:\/\/progettotouring.it\/radiotouring104\/2025\/04\/30\/fuoriclasse-in-movimento-gli-studenti-protagonisti-a-palazzo-san-giorgio-contro-la-dispersione-scolastica\/#primaryimage"},"image":{"@id":"https:\/\/progettotouring.it\/radiotouring104\/2025\/04\/30\/fuoriclasse-in-movimento-gli-studenti-protagonisti-a-palazzo-san-giorgio-contro-la-dispersione-scolastica\/#primaryimage"},"thumbnailUrl":"https:\/\/progettotouring.it\/radiotouring104\/wp-content\/uploads\/sites\/6\/2025\/04\/IMG-20250429-WA0056.jpg","datePublished":"2025-04-30T09:55:05+00:00","description":"Studenti reggini a confronto con le istituzioni nell\u2019ambito del progetto di Save the Children: proposte, creativit\u00e0 e impegno","breadcrumb":{"@id":"https:\/\/progettotouring.it\/radiotouring104\/2025\/04\/30\/fuoriclasse-in-movimento-gli-studenti-protagonisti-a-palazzo-san-giorgio-contro-la-dispersione-scolastica\/#breadcrumb"},"inLanguage":"it-IT","potentialAction":[{"@type":"ReadAction","target":["https:\/\/progettotouring.it\/radiotouring104\/2025\/04\/30\/fuoriclasse-in-movimento-gli-studenti-protagonisti-a-palazzo-san-giorgio-contro-la-dispersione-scolastica\/"]}]},{"@type":"ImageObject","inLanguage":"it-IT","@id":"https:\/\/progettotouring.it\/radiotouring104\/2025\/04\/30\/fuoriclasse-in-movimento-gli-studenti-protagonisti-a-palazzo-san-giorgio-contro-la-dispersione-scolastica\/#primaryimage","url":"https:\/\/progettotouring.it\/radiotouring104\/wp-content\/uploads\/sites\/6\/2025\/04\/IMG-20250429-WA0056.jpg","contentUrl":"https:\/\/progettotouring.it\/radiotouring104\/wp-content\/uploads\/sites\/6\/2025\/04\/IMG-20250429-WA0056.jpg","width":1600,"height":897,"caption":"Fuoriclasse in movimento"},{"@type":"BreadcrumbList","@id":"https:\/\/progettotouring.it\/radiotouring104\/2025\/04\/30\/fuoriclasse-in-movimento-gli-studenti-protagonisti-a-palazzo-san-giorgio-contro-la-dispersione-scolastica\/#breadcrumb","itemListElement":[{"@type":"ListItem","position":1,"name":"Home","item":"https:\/\/progettotouring.it\/radiotouring104\/"},{"@type":"ListItem","position":2,"name":"\u201cFuoriclasse in movimento\u201d: gli studenti protagonisti a Palazzo San Giorgio contro la dispersione scolastica"}]},{"@type":"WebSite","@id":"https:\/\/progettotouring.it\/radiotouring104\/#website","url":"https:\/\/progettotouring.it\/radiotouring104\/","name":"Radio Touring 104","description":"La prima radio Reggina","publisher":{"@id":"https:\/\/progettotouring.it\/radiotouring104\/#organization"},"potentialAction":[{"@type":"SearchAction","target":{"@type":"EntryPoint","urlTemplate":"https:\/\/progettotouring.it\/radiotouring104\/?s={search_term_string}"},"query-input":{"@type":"PropertyValueSpecification","valueRequired":true,"valueName":"search_term_string"}}],"inLanguage":"it-IT"},{"@type":"Organization","@id":"https:\/\/progettotouring.it\/radiotouring104\/#organization","name":"Radio Touring 104","url":"https:\/\/progettotouring.it\/radiotouring104\/","logo":{"@type":"ImageObject","inLanguage":"it-IT","@id":"https:\/\/progettotouring.it\/radiotouring104\/#\/schema\/logo\/image\/","url":"https:\/\/progettotouring.it\/radiotouring104\/wp-content\/uploads\/sites\/6\/2022\/02\/cropped-logo-radio-touring-104.png","contentUrl":"https:\/\/progettotouring.it\/radiotouring104\/wp-content\/uploads\/sites\/6\/2022\/02\/cropped-logo-radio-touring-104.png","width":377,"height":182,"caption":"Radio Touring 104"},"image":{"@id":"https:\/\/progettotouring.it\/radiotouring104\/#\/schema\/logo\/image\/"}},{"@type":"Person","@id":"https:\/\/progettotouring.it\/radiotouring104\/#\/schema\/person\/98479df0b7de019b3c06d6bb272a0adf","name":"Olga Guerrisi","image":{"@type":"ImageObject","inLanguage":"it-IT","@id":"https:\/\/secure.gravatar.com\/avatar\/9dab62960e02b81ed05da6f998de9c9657a30b82d4c5993fbf913fc5693f793d?s=96&d=mm&r=g","url":"https:\/\/secure.gravatar.com\/avatar\/9dab62960e02b81ed05da6f998de9c9657a30b82d4c5993fbf913fc5693f793d?s=96&d=mm&r=g","contentUrl":"https:\/\/secure.gravatar.com\/avatar\/9dab62960e02b81ed05da6f998de9c9657a30b82d4c5993fbf913fc5693f793d?s=96&d=mm&r=g","caption":"Olga Guerrisi"},"url":"https:\/\/progettotouring.it\/radiotouring104\/author\/olga\/"}]}},"jetpack_publicize_connections":[],"jetpack_featured_media_url":"https:\/\/progettotouring.it\/radiotouring104\/wp-content\/uploads\/sites\/6\/2025\/04\/IMG-20250429-WA0056.jpg","jetpack_sharing_enabled":true,"_links":{"self":[{"href":"https:\/\/progettotouring.it\/radiotouring104\/wp-json\/wp\/v2\/posts\/72440","targetHints":{"allow":["GET"]}}],"collection":[{"href":"https:\/\/progettotouring.it\/radiotouring104\/wp-json\/wp\/v2\/posts"}],"about":[{"href":"https:\/\/progettotouring.it\/radiotouring104\/wp-json\/wp\/v2\/types\/post"}],"author":[{"embeddable":true,"href":"https:\/\/progettotouring.it\/radiotouring104\/wp-json\/wp\/v2\/users\/26"}],"replies":[{"embeddable":true,"href":"https:\/\/progettotouring.it\/radiotouring104\/wp-json\/wp\/v2\/comments?post=72440"}],"version-history":[{"count":2,"href":"https:\/\/progettotouring.it\/radiotouring104\/wp-json\/wp\/v2\/posts\/72440\/revisions"}],"predecessor-version":[{"id":72468,"href":"https:\/\/progettotouring.it\/radiotouring104\/wp-json\/wp\/v2\/posts\/72440\/revisions\/72468"}],"wp:featuredmedia":[{"embeddable":true,"href":"https:\/\/progettotouring.it\/radiotouring104\/wp-json\/wp\/v2\/media\/72447"}],"wp:attachment":[{"href":"https:\/\/progettotouring.it\/radiotouring104\/wp-json\/wp\/v2\/media?parent=72440"}],"wp:term":[{"taxonomy":"category","embeddable":true,"href":"https:\/\/progettotouring.it\/radiotouring104\/wp-json\/wp\/v2\/categories?post=72440"},{"taxonomy":"post_tag","embeddable":true,"href":"https:\/\/progettotouring.it\/radiotouring104\/wp-json\/wp\/v2\/tags?post=72440"}],"curies":[{"name":"wp","href":"https:\/\/api.w.org\/{rel}","templated":true}]}}