{"id":72454,"date":"2025-04-30T11:42:06","date_gmt":"2025-04-30T09:42:06","guid":{"rendered":"https:\/\/progettotouring.it\/radiotouring104\/?p=72454"},"modified":"2025-04-30T12:15:13","modified_gmt":"2025-04-30T10:15:13","slug":"reggio-accordo-sulla-gestione-condivisa-del-verde-di-piazza-de-nava","status":"publish","type":"post","link":"https:\/\/progettotouring.it\/radiotouring104\/2025\/04\/30\/reggio-accordo-sulla-gestione-condivisa-del-verde-di-piazza-de-nava\/","title":{"rendered":"Reggio: accordo sulla gestione condivisa del verde di Piazza De Nava"},"content":{"rendered":"<p class=\"xmprfx_gmail-p\" style=\"text-align: justify\"><span style=\"font-size: large\"><strong>Stipulato un accordo tra il MArRC ed\u00a0il Comune<\/strong> di Reggio Calabria<strong> per l\u2019avvio di un programma di gestione condivisa e manutenzione dell\u2019area verde di Piazza Giuseppe De Nava;<\/strong> l\u2019intesa, <strong>di durata quinquennale,<\/strong> rappresenta un importante esempio di collaborazione istituzionale<strong> mirata alla valorizzazione integrata dello spazio urbano<\/strong> antistante il Palazzo Piacentini, sede del Museo.<\/span><\/p>\n<p class=\"xmprfx_gmail-p\" style=\"text-align: justify\"><span style=\"font-size: large\"><strong>L\u2019accordo,<\/strong> ispirato ai principi di sostenibilit\u00e0 ambientale, inclusivit\u00e0 sociale e responsabilit\u00e0 condivisa, <strong>si propone di trasformare la storica piazza in un luogo<\/strong> vivo e<strong> fruibile per la cittadinanza,<\/strong> ponendo particolare attenzione alla tutela del verde pubblico come bene comune da preservare e potenziare.<\/span><\/p>\n<p class=\"xmprfx_gmail-p\" style=\"text-align: justify\"><span style=\"font-size: large\">In questo contesto<strong> il Museo assumer\u00e0 la responsabilit\u00e0 della manutenzione ordinaria delle aiuole<\/strong>, del manto erboso, dell\u2019impianto di irrigazione, nonch\u00e9 delle fontane ornamentali collocate nella piazza, senza oneri a carico dell\u2019Amministrazione comunale; restano esclusi dall\u2019intervento del Museo gli alberi ad alto fusto, la cui gestione rimane in capo al Comune.<\/span><\/p>\n<p class=\"xmprfx_gmail-p\" style=\"text-align: justify\"><span style=\"font-size: large\"><strong>Il Comune<\/strong>, dal canto suo,<strong> garantir\u00e0 la pulizia generale dell\u2019area, la manutenzione degli impianti tecnici<\/strong> (illuminazione, fognature, scolo acque meteoriche), nonch\u00e9 il supporto tecnico e logistico per il funzionamento dell\u2019impianto di irrigazione; entrambe le parti collaboreranno nella valutazione di eventuali proposte di miglioramento dell\u2019area, tra cui l\u2019introduzione di nuove essenze vegetali o l\u2019installazione di elementi per l\u2019ombreggiamento e il raffrescamento estivo.<\/span><\/p>\n<p class=\"xmprfx_gmail-p\" style=\"text-align: justify\"><span style=\"font-size: large\">A presidiare l\u2019attuazione dell\u2019accordo<strong> sar\u00e0 istituita una Cabina di Regia composta da rappresentanti delle due istituzioni,<\/strong> con funzioni di coordinamento, pianificazione delle attivit\u00e0 operative e risoluzione condivisa di eventuali criticit\u00e0; il protocollo prevede inoltre forme di semplificazione amministrativa per agevolare l\u2019esecuzione degli interventi previsti e un impegno congiunto alla comunicazione istituzionale delle iniziative, nel rispetto dei principi di trasparenza, riservatezza e tutela dei dati personali.<\/span><\/p>\n<p class=\"xmprfx_gmail-p\" style=\"text-align: justify\"><span style=\"font-size: large\">L\u2019accordo rappresenta una concreta manifestazione della<strong> volont\u00e0 comune di promuovere il patrimonio culturale<\/strong> e<strong> urbano della citt\u00e0 attraverso un modello di governance partecipata<\/strong> e una visione strategica del ruolo dei luoghi pubblici nella vita culturale del territorio.<\/span><\/p>\n","protected":false},"excerpt":{"rendered":"<p>Stipulato un accordo tra il MArRC ed\u00a0il Comune di Reggio Calabria per l\u2019avvio di un programma di gestione condivisa e manutenzione dell\u2019area verde di Piazza Giuseppe De Nava; l\u2019intesa, di&hellip;<\/p>\n","protected":false},"author":12,"featured_media":72455,"comment_status":"closed","ping_status":"open","sticky":false,"template":"","format":"standard","meta":{"_jetpack_memberships_contains_paid_content":false,"footnotes":"","jetpack_publicize_message":"","jetpack_publicize_feature_enabled":true,"jetpack_social_post_already_shared":true,"jetpack_social_options":{"image_generator_settings":{"template":"highway","default_image_id":0,"font":"","enabled":false},"version":2}},"categories":[921,150,196,140],"tags":[43038,43037,9778,39019,33107,4700],"class_list":["post-72454","post","type-post","status-publish","format-standard","has-post-thumbnail","hentry","category-home","category-in-primo-piano","category-news","category-reggio-calabria","tag-accordo-raggiunto","tag-accordo-sulla-gestione-condivisa-del-verde","tag-comune-di-reggio","tag-durata-quinquennale","tag-museo-archeologico-d-reggio-calabria","tag-piazza-de-nava"],"yoast_head":"<!-- This site is optimized with the Yoast SEO plugin v27.2 - https:\/\/yoast.com\/product\/yoast-seo-wordpress\/ -->\n<title>Reggio: accordo sulla gestione condivisa del verde di Piazza De Nava - Radio Touring 104<\/title>\n<meta name=\"description\" content=\"L&#039;accordo raggiunto sulla gestione condivisa del verde di Piazza De Nava \u00e8 stato stipulato tra MArRC e il Comune\" \/>\n<meta name=\"robots\" content=\"index, follow, max-snippet:-1, max-image-preview:large, max-video-preview:-1\" \/>\n<link rel=\"canonical\" href=\"https:\/\/progettotouring.it\/radiotouring104\/2025\/04\/30\/reggio-accordo-sulla-gestione-condivisa-del-verde-di-piazza-de-nava\/\" \/>\n<meta property=\"og:locale\" content=\"it_IT\" \/>\n<meta property=\"og:type\" content=\"article\" \/>\n<meta property=\"og:title\" content=\"Reggio: accordo sulla gestione condivisa del verde di Piazza De Nava - Radio Touring 104\" \/>\n<meta property=\"og:description\" content=\"L&#039;accordo raggiunto sulla gestione condivisa del verde di Piazza De Nava \u00e8 stato stipulato tra MArRC e il Comune\" \/>\n<meta property=\"og:url\" content=\"https:\/\/progettotouring.it\/radiotouring104\/2025\/04\/30\/reggio-accordo-sulla-gestione-condivisa-del-verde-di-piazza-de-nava\/\" \/>\n<meta property=\"og:site_name\" content=\"Radio Touring 104\" \/>\n<meta property=\"article:published_time\" content=\"2025-04-30T09:42:06+00:00\" \/>\n<meta property=\"article:modified_time\" content=\"2025-04-30T10:15:13+00:00\" \/>\n<meta property=\"og:image\" content=\"https:\/\/progettotouring.it\/radiotouring104\/wp-content\/uploads\/sites\/6\/2025\/04\/Alberi-Piante-Verde-Pubblico-Piazza-De-Nava.jpg\" \/>\n\t<meta property=\"og:image:width\" content=\"1500\" \/>\n\t<meta property=\"og:image:height\" content=\"1129\" \/>\n\t<meta property=\"og:image:type\" content=\"image\/jpeg\" \/>\n<meta name=\"author\" content=\"Sebastiano Plutino\" \/>\n<meta name=\"twitter:card\" content=\"summary_large_image\" \/>\n<meta name=\"twitter:label1\" content=\"Scritto da\" \/>\n\t<meta name=\"twitter:data1\" content=\"Sebastiano Plutino\" \/>\n\t<meta name=\"twitter:label2\" content=\"Tempo di lettura stimato\" \/>\n\t<meta name=\"twitter:data2\" content=\"2 minuti\" \/>\n<script type=\"application\/ld+json\" class=\"yoast-schema-graph\">{\"@context\":\"https:\/\/schema.org\",\"@graph\":[{\"@type\":\"Article\",\"@id\":\"https:\/\/progettotouring.it\/radiotouring104\/2025\/04\/30\/reggio-accordo-sulla-gestione-condivisa-del-verde-di-piazza-de-nava\/#article\",\"isPartOf\":{\"@id\":\"https:\/\/progettotouring.it\/radiotouring104\/2025\/04\/30\/reggio-accordo-sulla-gestione-condivisa-del-verde-di-piazza-de-nava\/\"},\"author\":{\"name\":\"Sebastiano Plutino\",\"@id\":\"https:\/\/progettotouring.it\/radiotouring104\/#\/schema\/person\/78613917f1851f041f7483f5af1d422e\"},\"headline\":\"Reggio: accordo sulla gestione condivisa del verde di Piazza De Nava\",\"datePublished\":\"2025-04-30T09:42:06+00:00\",\"dateModified\":\"2025-04-30T10:15:13+00:00\",\"mainEntityOfPage\":{\"@id\":\"https:\/\/progettotouring.it\/radiotouring104\/2025\/04\/30\/reggio-accordo-sulla-gestione-condivisa-del-verde-di-piazza-de-nava\/\"},\"wordCount\":338,\"publisher\":{\"@id\":\"https:\/\/progettotouring.it\/radiotouring104\/#organization\"},\"image\":{\"@id\":\"https:\/\/progettotouring.it\/radiotouring104\/2025\/04\/30\/reggio-accordo-sulla-gestione-condivisa-del-verde-di-piazza-de-nava\/#primaryimage\"},\"thumbnailUrl\":\"https:\/\/progettotouring.it\/radiotouring104\/wp-content\/uploads\/sites\/6\/2025\/04\/Alberi-Piante-Verde-Pubblico-Piazza-De-Nava.jpg\",\"keywords\":[\"accordo raggiunto\",\"accordo sulla gestione condivisa del verde\",\"Comune di Reggio\",\"durata quinquennale\",\"Museo Archeologico d Reggio Calabria\",\"Piazza De Nava\"],\"articleSection\":[\"Home\",\"In primo piano\",\"News\",\"Reggio Calabria\"],\"inLanguage\":\"it-IT\"},{\"@type\":\"WebPage\",\"@id\":\"https:\/\/progettotouring.it\/radiotouring104\/2025\/04\/30\/reggio-accordo-sulla-gestione-condivisa-del-verde-di-piazza-de-nava\/\",\"url\":\"https:\/\/progettotouring.it\/radiotouring104\/2025\/04\/30\/reggio-accordo-sulla-gestione-condivisa-del-verde-di-piazza-de-nava\/\",\"name\":\"Reggio: accordo sulla gestione condivisa del verde di Piazza De Nava - Radio Touring 104\",\"isPartOf\":{\"@id\":\"https:\/\/progettotouring.it\/radiotouring104\/#website\"},\"primaryImageOfPage\":{\"@id\":\"https:\/\/progettotouring.it\/radiotouring104\/2025\/04\/30\/reggio-accordo-sulla-gestione-condivisa-del-verde-di-piazza-de-nava\/#primaryimage\"},\"image\":{\"@id\":\"https:\/\/progettotouring.it\/radiotouring104\/2025\/04\/30\/reggio-accordo-sulla-gestione-condivisa-del-verde-di-piazza-de-nava\/#primaryimage\"},\"thumbnailUrl\":\"https:\/\/progettotouring.it\/radiotouring104\/wp-content\/uploads\/sites\/6\/2025\/04\/Alberi-Piante-Verde-Pubblico-Piazza-De-Nava.jpg\",\"datePublished\":\"2025-04-30T09:42:06+00:00\",\"dateModified\":\"2025-04-30T10:15:13+00:00\",\"description\":\"L'accordo raggiunto sulla gestione condivisa del verde di Piazza De Nava \u00e8 stato stipulato tra MArRC e il Comune\",\"breadcrumb\":{\"@id\":\"https:\/\/progettotouring.it\/radiotouring104\/2025\/04\/30\/reggio-accordo-sulla-gestione-condivisa-del-verde-di-piazza-de-nava\/#breadcrumb\"},\"inLanguage\":\"it-IT\",\"potentialAction\":[{\"@type\":\"ReadAction\",\"target\":[\"https:\/\/progettotouring.it\/radiotouring104\/2025\/04\/30\/reggio-accordo-sulla-gestione-condivisa-del-verde-di-piazza-de-nava\/\"]}]},{\"@type\":\"ImageObject\",\"inLanguage\":\"it-IT\",\"@id\":\"https:\/\/progettotouring.it\/radiotouring104\/2025\/04\/30\/reggio-accordo-sulla-gestione-condivisa-del-verde-di-piazza-de-nava\/#primaryimage\",\"url\":\"https:\/\/progettotouring.it\/radiotouring104\/wp-content\/uploads\/sites\/6\/2025\/04\/Alberi-Piante-Verde-Pubblico-Piazza-De-Nava.jpg\",\"contentUrl\":\"https:\/\/progettotouring.it\/radiotouring104\/wp-content\/uploads\/sites\/6\/2025\/04\/Alberi-Piante-Verde-Pubblico-Piazza-De-Nava.jpg\",\"width\":1500,\"height\":1129},{\"@type\":\"BreadcrumbList\",\"@id\":\"https:\/\/progettotouring.it\/radiotouring104\/2025\/04\/30\/reggio-accordo-sulla-gestione-condivisa-del-verde-di-piazza-de-nava\/#breadcrumb\",\"itemListElement\":[{\"@type\":\"ListItem\",\"position\":1,\"name\":\"Home\",\"item\":\"https:\/\/progettotouring.it\/radiotouring104\/\"},{\"@type\":\"ListItem\",\"position\":2,\"name\":\"Reggio: accordo sulla gestione condivisa del verde di Piazza De Nava\"}]},{\"@type\":\"WebSite\",\"@id\":\"https:\/\/progettotouring.it\/radiotouring104\/#website\",\"url\":\"https:\/\/progettotouring.it\/radiotouring104\/\",\"name\":\"Radio Touring 104\",\"description\":\"La prima radio Reggina\",\"publisher\":{\"@id\":\"https:\/\/progettotouring.it\/radiotouring104\/#organization\"},\"potentialAction\":[{\"@type\":\"SearchAction\",\"target\":{\"@type\":\"EntryPoint\",\"urlTemplate\":\"https:\/\/progettotouring.it\/radiotouring104\/?s={search_term_string}\"},\"query-input\":{\"@type\":\"PropertyValueSpecification\",\"valueRequired\":true,\"valueName\":\"search_term_string\"}}],\"inLanguage\":\"it-IT\"},{\"@type\":\"Organization\",\"@id\":\"https:\/\/progettotouring.it\/radiotouring104\/#organization\",\"name\":\"Radio Touring 104\",\"url\":\"https:\/\/progettotouring.it\/radiotouring104\/\",\"logo\":{\"@type\":\"ImageObject\",\"inLanguage\":\"it-IT\",\"@id\":\"https:\/\/progettotouring.it\/radiotouring104\/#\/schema\/logo\/image\/\",\"url\":\"https:\/\/progettotouring.it\/radiotouring104\/wp-content\/uploads\/sites\/6\/2022\/02\/cropped-logo-radio-touring-104.png\",\"contentUrl\":\"https:\/\/progettotouring.it\/radiotouring104\/wp-content\/uploads\/sites\/6\/2022\/02\/cropped-logo-radio-touring-104.png\",\"width\":377,\"height\":182,\"caption\":\"Radio Touring 104\"},\"image\":{\"@id\":\"https:\/\/progettotouring.it\/radiotouring104\/#\/schema\/logo\/image\/\"}},{\"@type\":\"Person\",\"@id\":\"https:\/\/progettotouring.it\/radiotouring104\/#\/schema\/person\/78613917f1851f041f7483f5af1d422e\",\"name\":\"Sebastiano Plutino\",\"image\":{\"@type\":\"ImageObject\",\"inLanguage\":\"it-IT\",\"@id\":\"https:\/\/secure.gravatar.com\/avatar\/0546ffaa9b79224faf9f2a156b67a529ae861d3287c66c1d8ccfdf909bcba78d?s=96&d=mm&r=g\",\"url\":\"https:\/\/secure.gravatar.com\/avatar\/0546ffaa9b79224faf9f2a156b67a529ae861d3287c66c1d8ccfdf909bcba78d?s=96&d=mm&r=g\",\"contentUrl\":\"https:\/\/secure.gravatar.com\/avatar\/0546ffaa9b79224faf9f2a156b67a529ae861d3287c66c1d8ccfdf909bcba78d?s=96&d=mm&r=g\",\"caption\":\"Sebastiano Plutino\"},\"url\":\"https:\/\/progettotouring.it\/radiotouring104\/author\/sebastiano\/\"}]}<\/script>\n<!-- \/ Yoast SEO plugin. -->","yoast_head_json":{"title":"Reggio: accordo sulla gestione condivisa del verde di Piazza De Nava - Radio Touring 104","description":"L'accordo raggiunto sulla gestione condivisa del verde di Piazza De Nava \u00e8 stato stipulato tra MArRC e il Comune","robots":{"index":"index","follow":"follow","max-snippet":"max-snippet:-1","max-image-preview":"max-image-preview:large","max-video-preview":"max-video-preview:-1"},"canonical":"https:\/\/progettotouring.it\/radiotouring104\/2025\/04\/30\/reggio-accordo-sulla-gestione-condivisa-del-verde-di-piazza-de-nava\/","og_locale":"it_IT","og_type":"article","og_title":"Reggio: accordo sulla gestione condivisa del verde di Piazza De Nava - Radio Touring 104","og_description":"L'accordo raggiunto sulla gestione condivisa del verde di Piazza De Nava \u00e8 stato stipulato tra MArRC e il Comune","og_url":"https:\/\/progettotouring.it\/radiotouring104\/2025\/04\/30\/reggio-accordo-sulla-gestione-condivisa-del-verde-di-piazza-de-nava\/","og_site_name":"Radio Touring 104","article_published_time":"2025-04-30T09:42:06+00:00","article_modified_time":"2025-04-30T10:15:13+00:00","og_image":[{"width":1500,"height":1129,"url":"https:\/\/progettotouring.it\/radiotouring104\/wp-content\/uploads\/sites\/6\/2025\/04\/Alberi-Piante-Verde-Pubblico-Piazza-De-Nava.jpg","type":"image\/jpeg"}],"author":"Sebastiano Plutino","twitter_card":"summary_large_image","twitter_misc":{"Scritto da":"Sebastiano Plutino","Tempo di lettura stimato":"2 minuti"},"schema":{"@context":"https:\/\/schema.org","@graph":[{"@type":"Article","@id":"https:\/\/progettotouring.it\/radiotouring104\/2025\/04\/30\/reggio-accordo-sulla-gestione-condivisa-del-verde-di-piazza-de-nava\/#article","isPartOf":{"@id":"https:\/\/progettotouring.it\/radiotouring104\/2025\/04\/30\/reggio-accordo-sulla-gestione-condivisa-del-verde-di-piazza-de-nava\/"},"author":{"name":"Sebastiano Plutino","@id":"https:\/\/progettotouring.it\/radiotouring104\/#\/schema\/person\/78613917f1851f041f7483f5af1d422e"},"headline":"Reggio: accordo sulla gestione condivisa del verde di Piazza De Nava","datePublished":"2025-04-30T09:42:06+00:00","dateModified":"2025-04-30T10:15:13+00:00","mainEntityOfPage":{"@id":"https:\/\/progettotouring.it\/radiotouring104\/2025\/04\/30\/reggio-accordo-sulla-gestione-condivisa-del-verde-di-piazza-de-nava\/"},"wordCount":338,"publisher":{"@id":"https:\/\/progettotouring.it\/radiotouring104\/#organization"},"image":{"@id":"https:\/\/progettotouring.it\/radiotouring104\/2025\/04\/30\/reggio-accordo-sulla-gestione-condivisa-del-verde-di-piazza-de-nava\/#primaryimage"},"thumbnailUrl":"https:\/\/progettotouring.it\/radiotouring104\/wp-content\/uploads\/sites\/6\/2025\/04\/Alberi-Piante-Verde-Pubblico-Piazza-De-Nava.jpg","keywords":["accordo raggiunto","accordo sulla gestione condivisa del verde","Comune di Reggio","durata quinquennale","Museo Archeologico d Reggio Calabria","Piazza De Nava"],"articleSection":["Home","In primo piano","News","Reggio Calabria"],"inLanguage":"it-IT"},{"@type":"WebPage","@id":"https:\/\/progettotouring.it\/radiotouring104\/2025\/04\/30\/reggio-accordo-sulla-gestione-condivisa-del-verde-di-piazza-de-nava\/","url":"https:\/\/progettotouring.it\/radiotouring104\/2025\/04\/30\/reggio-accordo-sulla-gestione-condivisa-del-verde-di-piazza-de-nava\/","name":"Reggio: accordo sulla gestione condivisa del verde di Piazza De Nava - Radio Touring 104","isPartOf":{"@id":"https:\/\/progettotouring.it\/radiotouring104\/#website"},"primaryImageOfPage":{"@id":"https:\/\/progettotouring.it\/radiotouring104\/2025\/04\/30\/reggio-accordo-sulla-gestione-condivisa-del-verde-di-piazza-de-nava\/#primaryimage"},"image":{"@id":"https:\/\/progettotouring.it\/radiotouring104\/2025\/04\/30\/reggio-accordo-sulla-gestione-condivisa-del-verde-di-piazza-de-nava\/#primaryimage"},"thumbnailUrl":"https:\/\/progettotouring.it\/radiotouring104\/wp-content\/uploads\/sites\/6\/2025\/04\/Alberi-Piante-Verde-Pubblico-Piazza-De-Nava.jpg","datePublished":"2025-04-30T09:42:06+00:00","dateModified":"2025-04-30T10:15:13+00:00","description":"L'accordo raggiunto sulla gestione condivisa del verde di Piazza De Nava \u00e8 stato stipulato tra MArRC e il Comune","breadcrumb":{"@id":"https:\/\/progettotouring.it\/radiotouring104\/2025\/04\/30\/reggio-accordo-sulla-gestione-condivisa-del-verde-di-piazza-de-nava\/#breadcrumb"},"inLanguage":"it-IT","potentialAction":[{"@type":"ReadAction","target":["https:\/\/progettotouring.it\/radiotouring104\/2025\/04\/30\/reggio-accordo-sulla-gestione-condivisa-del-verde-di-piazza-de-nava\/"]}]},{"@type":"ImageObject","inLanguage":"it-IT","@id":"https:\/\/progettotouring.it\/radiotouring104\/2025\/04\/30\/reggio-accordo-sulla-gestione-condivisa-del-verde-di-piazza-de-nava\/#primaryimage","url":"https:\/\/progettotouring.it\/radiotouring104\/wp-content\/uploads\/sites\/6\/2025\/04\/Alberi-Piante-Verde-Pubblico-Piazza-De-Nava.jpg","contentUrl":"https:\/\/progettotouring.it\/radiotouring104\/wp-content\/uploads\/sites\/6\/2025\/04\/Alberi-Piante-Verde-Pubblico-Piazza-De-Nava.jpg","width":1500,"height":1129},{"@type":"BreadcrumbList","@id":"https:\/\/progettotouring.it\/radiotouring104\/2025\/04\/30\/reggio-accordo-sulla-gestione-condivisa-del-verde-di-piazza-de-nava\/#breadcrumb","itemListElement":[{"@type":"ListItem","position":1,"name":"Home","item":"https:\/\/progettotouring.it\/radiotouring104\/"},{"@type":"ListItem","position":2,"name":"Reggio: accordo sulla gestione condivisa del verde di Piazza De Nava"}]},{"@type":"WebSite","@id":"https:\/\/progettotouring.it\/radiotouring104\/#website","url":"https:\/\/progettotouring.it\/radiotouring104\/","name":"Radio Touring 104","description":"La prima radio Reggina","publisher":{"@id":"https:\/\/progettotouring.it\/radiotouring104\/#organization"},"potentialAction":[{"@type":"SearchAction","target":{"@type":"EntryPoint","urlTemplate":"https:\/\/progettotouring.it\/radiotouring104\/?s={search_term_string}"},"query-input":{"@type":"PropertyValueSpecification","valueRequired":true,"valueName":"search_term_string"}}],"inLanguage":"it-IT"},{"@type":"Organization","@id":"https:\/\/progettotouring.it\/radiotouring104\/#organization","name":"Radio Touring 104","url":"https:\/\/progettotouring.it\/radiotouring104\/","logo":{"@type":"ImageObject","inLanguage":"it-IT","@id":"https:\/\/progettotouring.it\/radiotouring104\/#\/schema\/logo\/image\/","url":"https:\/\/progettotouring.it\/radiotouring104\/wp-content\/uploads\/sites\/6\/2022\/02\/cropped-logo-radio-touring-104.png","contentUrl":"https:\/\/progettotouring.it\/radiotouring104\/wp-content\/uploads\/sites\/6\/2022\/02\/cropped-logo-radio-touring-104.png","width":377,"height":182,"caption":"Radio Touring 104"},"image":{"@id":"https:\/\/progettotouring.it\/radiotouring104\/#\/schema\/logo\/image\/"}},{"@type":"Person","@id":"https:\/\/progettotouring.it\/radiotouring104\/#\/schema\/person\/78613917f1851f041f7483f5af1d422e","name":"Sebastiano Plutino","image":{"@type":"ImageObject","inLanguage":"it-IT","@id":"https:\/\/secure.gravatar.com\/avatar\/0546ffaa9b79224faf9f2a156b67a529ae861d3287c66c1d8ccfdf909bcba78d?s=96&d=mm&r=g","url":"https:\/\/secure.gravatar.com\/avatar\/0546ffaa9b79224faf9f2a156b67a529ae861d3287c66c1d8ccfdf909bcba78d?s=96&d=mm&r=g","contentUrl":"https:\/\/secure.gravatar.com\/avatar\/0546ffaa9b79224faf9f2a156b67a529ae861d3287c66c1d8ccfdf909bcba78d?s=96&d=mm&r=g","caption":"Sebastiano Plutino"},"url":"https:\/\/progettotouring.it\/radiotouring104\/author\/sebastiano\/"}]}},"jetpack_publicize_connections":[],"jetpack_featured_media_url":"https:\/\/progettotouring.it\/radiotouring104\/wp-content\/uploads\/sites\/6\/2025\/04\/Alberi-Piante-Verde-Pubblico-Piazza-De-Nava.jpg","jetpack_sharing_enabled":true,"_links":{"self":[{"href":"https:\/\/progettotouring.it\/radiotouring104\/wp-json\/wp\/v2\/posts\/72454","targetHints":{"allow":["GET"]}}],"collection":[{"href":"https:\/\/progettotouring.it\/radiotouring104\/wp-json\/wp\/v2\/posts"}],"about":[{"href":"https:\/\/progettotouring.it\/radiotouring104\/wp-json\/wp\/v2\/types\/post"}],"author":[{"embeddable":true,"href":"https:\/\/progettotouring.it\/radiotouring104\/wp-json\/wp\/v2\/users\/12"}],"replies":[{"embeddable":true,"href":"https:\/\/progettotouring.it\/radiotouring104\/wp-json\/wp\/v2\/comments?post=72454"}],"version-history":[{"count":2,"href":"https:\/\/progettotouring.it\/radiotouring104\/wp-json\/wp\/v2\/posts\/72454\/revisions"}],"predecessor-version":[{"id":72475,"href":"https:\/\/progettotouring.it\/radiotouring104\/wp-json\/wp\/v2\/posts\/72454\/revisions\/72475"}],"wp:featuredmedia":[{"embeddable":true,"href":"https:\/\/progettotouring.it\/radiotouring104\/wp-json\/wp\/v2\/media\/72455"}],"wp:attachment":[{"href":"https:\/\/progettotouring.it\/radiotouring104\/wp-json\/wp\/v2\/media?parent=72454"}],"wp:term":[{"taxonomy":"category","embeddable":true,"href":"https:\/\/progettotouring.it\/radiotouring104\/wp-json\/wp\/v2\/categories?post=72454"},{"taxonomy":"post_tag","embeddable":true,"href":"https:\/\/progettotouring.it\/radiotouring104\/wp-json\/wp\/v2\/tags?post=72454"}],"curies":[{"name":"wp","href":"https:\/\/api.w.org\/{rel}","templated":true}]}}