{"id":72911,"date":"2025-05-06T19:42:23","date_gmt":"2025-05-06T17:42:23","guid":{"rendered":"https:\/\/progettotouring.it\/radiotouring104\/?p=72911"},"modified":"2025-05-12T19:42:30","modified_gmt":"2025-05-12T17:42:30","slug":"io-qui-sottoscritto-i-testamenti-dei-grandi-italiani-in-mostra-a-reggio-calabria","status":"publish","type":"post","link":"https:\/\/progettotouring.it\/radiotouring104\/2025\/05\/06\/io-qui-sottoscritto-i-testamenti-dei-grandi-italiani-in-mostra-a-reggio-calabria\/","title":{"rendered":"&#8220;Io qui sottoscritto&#8221;: i testamenti dei grandi italiani in mostra a Reggio Calabria"},"content":{"rendered":"<p>Dal 10 maggio al 1\u00b0 giugno 2025, la Pinacoteca Civica di Reggio Calabria ospita una mostra unica nel suo genere: &#8220;<strong>Io qui sottoscritto. Testamenti dei grandi italiani&#8221;<\/strong>, un viaggio nella memoria storica e culturale del nostro Paese attraverso le ultime volont\u00e0 di personaggi illustri che ne hanno segnato il destino.<\/p>\n<p>Realizzata dal <strong>Consiglio Nazionale del Notariato<\/strong> e promossa localmente dal <strong>Comitato Regionale Notarile della Calabria<\/strong> e dal <strong>Consiglio Notarile di Reggio Calabria<\/strong>, la mostra sar\u00e0 inaugurata ufficialmente venerd\u00ec 9 maggio alle ore 17:00 a Palazzo San Giorgio. L\u2019evento di apertura, aperto alla stampa, sar\u00e0 seguito da un cocktail inaugurale e da una visita privata all\u2019esposizione.<\/p>\n<p>Le ultime volont\u00e0 che raccontano l\u2019Italia<\/p>\n<p>L\u2019iniziativa raccoglie i <strong>testamenti di figure iconiche della politica<\/strong>, <strong>della cultura, dell\u2019arte e della scienza<\/strong>, tra cui Cavour, Garibaldi, Manzoni, De Nicola, D\u2019Annunzio, Pirandello, Verdi, Papa Giovanni XXIII e Caruso. Un percorso narrativo che si snoda tra storia e sentimento, dove il documento testamentario diventa specchio dell\u2019anima, rivelando ideali, affetti, legami familiari e impegni civili.<\/p>\n<p>Per la prima volta, saranno esposti anche il testamento di <strong>Margherita Hack<\/strong> e il testamento massonico di <strong>Tot\u00f2<\/strong>, arricchendo ulteriormente l\u2019offerta di un\u2019esposizione che ha gi\u00e0 fatto tappa in importanti citt\u00e0 italiane e internazionali come Roma, Milano, Torino, Firenze, Berlino e molte altre.<\/p>\n<p>La mostra di Reggio Calabria si distingue anche per <strong>un\u2019attenzione particolare al territorio<\/strong>, con l\u2019esposizione dei testamenti di importanti calabresi come <strong>Giuseppe De Nava, Francesco Ieraci, Domenico Tripepi e Mimmo Rotella.<\/strong> Testimonianze preziose di un legame profondo con la propria terra e con i valori della cultura, dell\u2019arte e dell\u2019impegno civile.<\/p>\n<p>De Nava, ad esempio, lasci\u00f2 alla citt\u00e0 una biblioteca in memoria del fratello Pietro. Lo scultore Ieraci, animato da fede e passione per l\u2019arte, affid\u00f2 il suo patrimonio alla sorella e, indirettamente, al sostegno dell\u2019insegnamento. Domenico Tripepi, uomo politico e filantropo, indic\u00f2 nel suo testamento valori di onest\u00e0 e gratitudine. Infine, Mimmo Rotella, artista di fama internazionale, destin\u00f2 il suo studio e parte della sua collezione alla fondazione che porta il suo nome.<\/p>\n<p>Accanto all\u2019esposizione, il <strong>progetto \u201cNotai a scuola per la legalit\u00e0\u201d<\/strong> coinvolger\u00e0 gli studenti delle scuole superiori calabresi con tre eventi formativi in programma il 10, 17 e 31 maggio presso la Sala Consiliare di Palazzo San Giorgio. L\u2019obiettivo \u00e8 promuovere nei giovani la cultura della legalit\u00e0, il valore della memoria e il ruolo fondamentale del notaio nella tutela dei diritti.<\/p>\n<p><strong>Orari e ingresso<\/strong><\/p>\n<p>La mostra sar\u00e0 visitabile con ingresso libero nei seguenti orari:<\/p>\n<p>Marted\u00ec &#8211; Venerd\u00ec: 8:30\u201313:30 \/ 14:30\u201318:00<br \/>\nSabato: 8:30\u201318:30<br \/>\nDomenica: 9:00\u201313:00<br \/>\nLuned\u00ec: chiuso<br \/>\nUn\u2019occasione imperdibile per scoprire la storia d\u2019Italia da una prospettiva originale, intima e spesso sorprendente: quella del testamento, non solo atto giuridico, ma testimonianza viva di ideali, desideri e visioni.<\/p>\n","protected":false},"excerpt":{"rendered":"<p>Dal 10 maggio al 1\u00b0 giugno 2025, la Pinacoteca Civica di Reggio Calabria ospita una mostra unica nel suo genere: &#8220;Io qui sottoscritto. Testamenti dei grandi italiani&#8221;, un viaggio nella&hellip;<\/p>\n","protected":false},"author":26,"featured_media":72912,"comment_status":"closed","ping_status":"open","sticky":false,"template":"","format":"standard","meta":{"_jetpack_memberships_contains_paid_content":false,"footnotes":"","jetpack_publicize_message":"","jetpack_publicize_feature_enabled":true,"jetpack_social_post_already_shared":false,"jetpack_social_options":{"image_generator_settings":{"template":"highway","default_image_id":0,"font":"","enabled":false},"version":2}},"categories":[921,196,140],"tags":[43238,43001,43239,43245,43244,43243,43241,43246,43002,43247,43240,43242],"class_list":["post-72911","post","type-post","status-publish","format-standard","has-post-thumbnail","hentry","category-home","category-news","category-reggio-calabria","tag-comitato-regionale-notarile-di-reggio-calabria","tag-consiglio-nazionale-del-notariato","tag-consiglio-notarile-di-reggio-calabria","tag-domenico-tripepi","tag-francesco-ieraci","tag-giuseppe-de-nava","tag-margherita-hack","tag-mimmo-rotella","tag-mostra-io-qui-sottoscritto-testamenti-di-grandi-italiani","tag-notai-a-scuola-per-la-legalita","tag-testamenti","tag-toto"],"yoast_head":"<!-- This site is optimized with the Yoast SEO plugin v27.2 - https:\/\/yoast.com\/product\/yoast-seo-wordpress\/ -->\n<title>&quot;Io qui sottoscritto&quot;: i testamenti dei grandi italiani in mostra<\/title>\n<meta name=\"description\" content=\"Un viaggio nella memoria dell\u2019Italia attraverso le ultime volont\u00e0 di grandi protagonisti della storia, della cultura e dell\u2019arte\" \/>\n<meta name=\"robots\" content=\"index, follow, max-snippet:-1, max-image-preview:large, max-video-preview:-1\" \/>\n<link rel=\"canonical\" href=\"https:\/\/progettotouring.it\/radiotouring104\/2025\/05\/06\/io-qui-sottoscritto-i-testamenti-dei-grandi-italiani-in-mostra-a-reggio-calabria\/\" \/>\n<meta property=\"og:locale\" content=\"it_IT\" \/>\n<meta property=\"og:type\" content=\"article\" \/>\n<meta property=\"og:title\" content=\"&quot;Io qui sottoscritto&quot;: i testamenti dei grandi italiani in mostra\" \/>\n<meta property=\"og:description\" content=\"Un viaggio nella memoria dell\u2019Italia attraverso le ultime volont\u00e0 di grandi protagonisti della storia, della cultura e dell\u2019arte\" \/>\n<meta property=\"og:url\" content=\"https:\/\/progettotouring.it\/radiotouring104\/2025\/05\/06\/io-qui-sottoscritto-i-testamenti-dei-grandi-italiani-in-mostra-a-reggio-calabria\/\" \/>\n<meta property=\"og:site_name\" content=\"Radio Touring 104\" \/>\n<meta property=\"article:published_time\" content=\"2025-05-06T17:42:23+00:00\" \/>\n<meta property=\"article:modified_time\" content=\"2025-05-12T17:42:30+00:00\" \/>\n<meta property=\"og:image\" content=\"https:\/\/progettotouring.it\/radiotouring104\/wp-content\/uploads\/sites\/6\/2025\/05\/Io-qui-sottoscritto-2.jpeg\" \/>\n\t<meta property=\"og:image:width\" content=\"523\" \/>\n\t<meta property=\"og:image:height\" content=\"391\" \/>\n\t<meta property=\"og:image:type\" content=\"image\/jpeg\" \/>\n<meta name=\"author\" content=\"Olga Guerrisi\" \/>\n<meta name=\"twitter:card\" content=\"summary_large_image\" \/>\n<meta name=\"twitter:label1\" content=\"Scritto da\" \/>\n\t<meta name=\"twitter:data1\" content=\"Olga Guerrisi\" \/>\n\t<meta name=\"twitter:label2\" content=\"Tempo di lettura stimato\" \/>\n\t<meta name=\"twitter:data2\" content=\"2 minuti\" \/>\n<script type=\"application\/ld+json\" class=\"yoast-schema-graph\">{\"@context\":\"https:\/\/schema.org\",\"@graph\":[{\"@type\":\"Article\",\"@id\":\"https:\/\/progettotouring.it\/radiotouring104\/2025\/05\/06\/io-qui-sottoscritto-i-testamenti-dei-grandi-italiani-in-mostra-a-reggio-calabria\/#article\",\"isPartOf\":{\"@id\":\"https:\/\/progettotouring.it\/radiotouring104\/2025\/05\/06\/io-qui-sottoscritto-i-testamenti-dei-grandi-italiani-in-mostra-a-reggio-calabria\/\"},\"author\":{\"name\":\"Olga Guerrisi\",\"@id\":\"https:\/\/progettotouring.it\/radiotouring104\/#\/schema\/person\/98479df0b7de019b3c06d6bb272a0adf\"},\"headline\":\"&#8220;Io qui sottoscritto&#8221;: i testamenti dei grandi italiani in mostra a Reggio Calabria\",\"datePublished\":\"2025-05-06T17:42:23+00:00\",\"dateModified\":\"2025-05-12T17:42:30+00:00\",\"mainEntityOfPage\":{\"@id\":\"https:\/\/progettotouring.it\/radiotouring104\/2025\/05\/06\/io-qui-sottoscritto-i-testamenti-dei-grandi-italiani-in-mostra-a-reggio-calabria\/\"},\"wordCount\":466,\"publisher\":{\"@id\":\"https:\/\/progettotouring.it\/radiotouring104\/#organization\"},\"image\":{\"@id\":\"https:\/\/progettotouring.it\/radiotouring104\/2025\/05\/06\/io-qui-sottoscritto-i-testamenti-dei-grandi-italiani-in-mostra-a-reggio-calabria\/#primaryimage\"},\"thumbnailUrl\":\"https:\/\/progettotouring.it\/radiotouring104\/wp-content\/uploads\/sites\/6\/2025\/05\/Io-qui-sottoscritto-2.jpeg\",\"keywords\":[\"Comitato regionale notarile di Reggio Calabria\",\"Consiglio Nazionale del Notariato\",\"Consiglio notarile di Reggio Calabria\",\"Domenico Tripepi\",\"Francesco Ieraci\",\"Giuseppe De Nava\",\"Margherita Hack\",\"Mimmo Rotella\",\"mostra Io qui sottoscritto testamenti di grandi italiani\",\"Notai a scuola per la legalit\u00e0\",\"testamenti\",\"Tot\u00f3\"],\"articleSection\":[\"Home\",\"News\",\"Reggio Calabria\"],\"inLanguage\":\"it-IT\"},{\"@type\":\"WebPage\",\"@id\":\"https:\/\/progettotouring.it\/radiotouring104\/2025\/05\/06\/io-qui-sottoscritto-i-testamenti-dei-grandi-italiani-in-mostra-a-reggio-calabria\/\",\"url\":\"https:\/\/progettotouring.it\/radiotouring104\/2025\/05\/06\/io-qui-sottoscritto-i-testamenti-dei-grandi-italiani-in-mostra-a-reggio-calabria\/\",\"name\":\"\\\"Io qui sottoscritto\\\": i testamenti dei grandi italiani in mostra\",\"isPartOf\":{\"@id\":\"https:\/\/progettotouring.it\/radiotouring104\/#website\"},\"primaryImageOfPage\":{\"@id\":\"https:\/\/progettotouring.it\/radiotouring104\/2025\/05\/06\/io-qui-sottoscritto-i-testamenti-dei-grandi-italiani-in-mostra-a-reggio-calabria\/#primaryimage\"},\"image\":{\"@id\":\"https:\/\/progettotouring.it\/radiotouring104\/2025\/05\/06\/io-qui-sottoscritto-i-testamenti-dei-grandi-italiani-in-mostra-a-reggio-calabria\/#primaryimage\"},\"thumbnailUrl\":\"https:\/\/progettotouring.it\/radiotouring104\/wp-content\/uploads\/sites\/6\/2025\/05\/Io-qui-sottoscritto-2.jpeg\",\"datePublished\":\"2025-05-06T17:42:23+00:00\",\"dateModified\":\"2025-05-12T17:42:30+00:00\",\"description\":\"Un viaggio nella memoria dell\u2019Italia attraverso le ultime volont\u00e0 di grandi protagonisti della storia, della cultura e dell\u2019arte\",\"breadcrumb\":{\"@id\":\"https:\/\/progettotouring.it\/radiotouring104\/2025\/05\/06\/io-qui-sottoscritto-i-testamenti-dei-grandi-italiani-in-mostra-a-reggio-calabria\/#breadcrumb\"},\"inLanguage\":\"it-IT\",\"potentialAction\":[{\"@type\":\"ReadAction\",\"target\":[\"https:\/\/progettotouring.it\/radiotouring104\/2025\/05\/06\/io-qui-sottoscritto-i-testamenti-dei-grandi-italiani-in-mostra-a-reggio-calabria\/\"]}]},{\"@type\":\"ImageObject\",\"inLanguage\":\"it-IT\",\"@id\":\"https:\/\/progettotouring.it\/radiotouring104\/2025\/05\/06\/io-qui-sottoscritto-i-testamenti-dei-grandi-italiani-in-mostra-a-reggio-calabria\/#primaryimage\",\"url\":\"https:\/\/progettotouring.it\/radiotouring104\/wp-content\/uploads\/sites\/6\/2025\/05\/Io-qui-sottoscritto-2.jpeg\",\"contentUrl\":\"https:\/\/progettotouring.it\/radiotouring104\/wp-content\/uploads\/sites\/6\/2025\/05\/Io-qui-sottoscritto-2.jpeg\",\"width\":523,\"height\":391,\"caption\":\"Io qui sottoscritto\"},{\"@type\":\"BreadcrumbList\",\"@id\":\"https:\/\/progettotouring.it\/radiotouring104\/2025\/05\/06\/io-qui-sottoscritto-i-testamenti-dei-grandi-italiani-in-mostra-a-reggio-calabria\/#breadcrumb\",\"itemListElement\":[{\"@type\":\"ListItem\",\"position\":1,\"name\":\"Home\",\"item\":\"https:\/\/progettotouring.it\/radiotouring104\/\"},{\"@type\":\"ListItem\",\"position\":2,\"name\":\"&#8220;Io qui sottoscritto&#8221;: i testamenti dei grandi italiani in mostra a Reggio Calabria\"}]},{\"@type\":\"WebSite\",\"@id\":\"https:\/\/progettotouring.it\/radiotouring104\/#website\",\"url\":\"https:\/\/progettotouring.it\/radiotouring104\/\",\"name\":\"Radio Touring 104\",\"description\":\"La prima radio Reggina\",\"publisher\":{\"@id\":\"https:\/\/progettotouring.it\/radiotouring104\/#organization\"},\"potentialAction\":[{\"@type\":\"SearchAction\",\"target\":{\"@type\":\"EntryPoint\",\"urlTemplate\":\"https:\/\/progettotouring.it\/radiotouring104\/?s={search_term_string}\"},\"query-input\":{\"@type\":\"PropertyValueSpecification\",\"valueRequired\":true,\"valueName\":\"search_term_string\"}}],\"inLanguage\":\"it-IT\"},{\"@type\":\"Organization\",\"@id\":\"https:\/\/progettotouring.it\/radiotouring104\/#organization\",\"name\":\"Radio Touring 104\",\"url\":\"https:\/\/progettotouring.it\/radiotouring104\/\",\"logo\":{\"@type\":\"ImageObject\",\"inLanguage\":\"it-IT\",\"@id\":\"https:\/\/progettotouring.it\/radiotouring104\/#\/schema\/logo\/image\/\",\"url\":\"https:\/\/progettotouring.it\/radiotouring104\/wp-content\/uploads\/sites\/6\/2022\/02\/cropped-logo-radio-touring-104.png\",\"contentUrl\":\"https:\/\/progettotouring.it\/radiotouring104\/wp-content\/uploads\/sites\/6\/2022\/02\/cropped-logo-radio-touring-104.png\",\"width\":377,\"height\":182,\"caption\":\"Radio Touring 104\"},\"image\":{\"@id\":\"https:\/\/progettotouring.it\/radiotouring104\/#\/schema\/logo\/image\/\"}},{\"@type\":\"Person\",\"@id\":\"https:\/\/progettotouring.it\/radiotouring104\/#\/schema\/person\/98479df0b7de019b3c06d6bb272a0adf\",\"name\":\"Olga Guerrisi\",\"image\":{\"@type\":\"ImageObject\",\"inLanguage\":\"it-IT\",\"@id\":\"https:\/\/secure.gravatar.com\/avatar\/9dab62960e02b81ed05da6f998de9c9657a30b82d4c5993fbf913fc5693f793d?s=96&d=mm&r=g\",\"url\":\"https:\/\/secure.gravatar.com\/avatar\/9dab62960e02b81ed05da6f998de9c9657a30b82d4c5993fbf913fc5693f793d?s=96&d=mm&r=g\",\"contentUrl\":\"https:\/\/secure.gravatar.com\/avatar\/9dab62960e02b81ed05da6f998de9c9657a30b82d4c5993fbf913fc5693f793d?s=96&d=mm&r=g\",\"caption\":\"Olga Guerrisi\"},\"url\":\"https:\/\/progettotouring.it\/radiotouring104\/author\/olga\/\"}]}<\/script>\n<!-- \/ Yoast SEO plugin. -->","yoast_head_json":{"title":"\"Io qui sottoscritto\": i testamenti dei grandi italiani in mostra","description":"Un viaggio nella memoria dell\u2019Italia attraverso le ultime volont\u00e0 di grandi protagonisti della storia, della cultura e dell\u2019arte","robots":{"index":"index","follow":"follow","max-snippet":"max-snippet:-1","max-image-preview":"max-image-preview:large","max-video-preview":"max-video-preview:-1"},"canonical":"https:\/\/progettotouring.it\/radiotouring104\/2025\/05\/06\/io-qui-sottoscritto-i-testamenti-dei-grandi-italiani-in-mostra-a-reggio-calabria\/","og_locale":"it_IT","og_type":"article","og_title":"\"Io qui sottoscritto\": i testamenti dei grandi italiani in mostra","og_description":"Un viaggio nella memoria dell\u2019Italia attraverso le ultime volont\u00e0 di grandi protagonisti della storia, della cultura e dell\u2019arte","og_url":"https:\/\/progettotouring.it\/radiotouring104\/2025\/05\/06\/io-qui-sottoscritto-i-testamenti-dei-grandi-italiani-in-mostra-a-reggio-calabria\/","og_site_name":"Radio Touring 104","article_published_time":"2025-05-06T17:42:23+00:00","article_modified_time":"2025-05-12T17:42:30+00:00","og_image":[{"width":523,"height":391,"url":"https:\/\/progettotouring.it\/radiotouring104\/wp-content\/uploads\/sites\/6\/2025\/05\/Io-qui-sottoscritto-2.jpeg","type":"image\/jpeg"}],"author":"Olga Guerrisi","twitter_card":"summary_large_image","twitter_misc":{"Scritto da":"Olga Guerrisi","Tempo di lettura stimato":"2 minuti"},"schema":{"@context":"https:\/\/schema.org","@graph":[{"@type":"Article","@id":"https:\/\/progettotouring.it\/radiotouring104\/2025\/05\/06\/io-qui-sottoscritto-i-testamenti-dei-grandi-italiani-in-mostra-a-reggio-calabria\/#article","isPartOf":{"@id":"https:\/\/progettotouring.it\/radiotouring104\/2025\/05\/06\/io-qui-sottoscritto-i-testamenti-dei-grandi-italiani-in-mostra-a-reggio-calabria\/"},"author":{"name":"Olga Guerrisi","@id":"https:\/\/progettotouring.it\/radiotouring104\/#\/schema\/person\/98479df0b7de019b3c06d6bb272a0adf"},"headline":"&#8220;Io qui sottoscritto&#8221;: i testamenti dei grandi italiani in mostra a Reggio Calabria","datePublished":"2025-05-06T17:42:23+00:00","dateModified":"2025-05-12T17:42:30+00:00","mainEntityOfPage":{"@id":"https:\/\/progettotouring.it\/radiotouring104\/2025\/05\/06\/io-qui-sottoscritto-i-testamenti-dei-grandi-italiani-in-mostra-a-reggio-calabria\/"},"wordCount":466,"publisher":{"@id":"https:\/\/progettotouring.it\/radiotouring104\/#organization"},"image":{"@id":"https:\/\/progettotouring.it\/radiotouring104\/2025\/05\/06\/io-qui-sottoscritto-i-testamenti-dei-grandi-italiani-in-mostra-a-reggio-calabria\/#primaryimage"},"thumbnailUrl":"https:\/\/progettotouring.it\/radiotouring104\/wp-content\/uploads\/sites\/6\/2025\/05\/Io-qui-sottoscritto-2.jpeg","keywords":["Comitato regionale notarile di Reggio Calabria","Consiglio Nazionale del Notariato","Consiglio notarile di Reggio Calabria","Domenico Tripepi","Francesco Ieraci","Giuseppe De Nava","Margherita Hack","Mimmo Rotella","mostra Io qui sottoscritto testamenti di grandi italiani","Notai a scuola per la legalit\u00e0","testamenti","Tot\u00f3"],"articleSection":["Home","News","Reggio Calabria"],"inLanguage":"it-IT"},{"@type":"WebPage","@id":"https:\/\/progettotouring.it\/radiotouring104\/2025\/05\/06\/io-qui-sottoscritto-i-testamenti-dei-grandi-italiani-in-mostra-a-reggio-calabria\/","url":"https:\/\/progettotouring.it\/radiotouring104\/2025\/05\/06\/io-qui-sottoscritto-i-testamenti-dei-grandi-italiani-in-mostra-a-reggio-calabria\/","name":"\"Io qui sottoscritto\": i testamenti dei grandi italiani in mostra","isPartOf":{"@id":"https:\/\/progettotouring.it\/radiotouring104\/#website"},"primaryImageOfPage":{"@id":"https:\/\/progettotouring.it\/radiotouring104\/2025\/05\/06\/io-qui-sottoscritto-i-testamenti-dei-grandi-italiani-in-mostra-a-reggio-calabria\/#primaryimage"},"image":{"@id":"https:\/\/progettotouring.it\/radiotouring104\/2025\/05\/06\/io-qui-sottoscritto-i-testamenti-dei-grandi-italiani-in-mostra-a-reggio-calabria\/#primaryimage"},"thumbnailUrl":"https:\/\/progettotouring.it\/radiotouring104\/wp-content\/uploads\/sites\/6\/2025\/05\/Io-qui-sottoscritto-2.jpeg","datePublished":"2025-05-06T17:42:23+00:00","dateModified":"2025-05-12T17:42:30+00:00","description":"Un viaggio nella memoria dell\u2019Italia attraverso le ultime volont\u00e0 di grandi protagonisti della storia, della cultura e dell\u2019arte","breadcrumb":{"@id":"https:\/\/progettotouring.it\/radiotouring104\/2025\/05\/06\/io-qui-sottoscritto-i-testamenti-dei-grandi-italiani-in-mostra-a-reggio-calabria\/#breadcrumb"},"inLanguage":"it-IT","potentialAction":[{"@type":"ReadAction","target":["https:\/\/progettotouring.it\/radiotouring104\/2025\/05\/06\/io-qui-sottoscritto-i-testamenti-dei-grandi-italiani-in-mostra-a-reggio-calabria\/"]}]},{"@type":"ImageObject","inLanguage":"it-IT","@id":"https:\/\/progettotouring.it\/radiotouring104\/2025\/05\/06\/io-qui-sottoscritto-i-testamenti-dei-grandi-italiani-in-mostra-a-reggio-calabria\/#primaryimage","url":"https:\/\/progettotouring.it\/radiotouring104\/wp-content\/uploads\/sites\/6\/2025\/05\/Io-qui-sottoscritto-2.jpeg","contentUrl":"https:\/\/progettotouring.it\/radiotouring104\/wp-content\/uploads\/sites\/6\/2025\/05\/Io-qui-sottoscritto-2.jpeg","width":523,"height":391,"caption":"Io qui sottoscritto"},{"@type":"BreadcrumbList","@id":"https:\/\/progettotouring.it\/radiotouring104\/2025\/05\/06\/io-qui-sottoscritto-i-testamenti-dei-grandi-italiani-in-mostra-a-reggio-calabria\/#breadcrumb","itemListElement":[{"@type":"ListItem","position":1,"name":"Home","item":"https:\/\/progettotouring.it\/radiotouring104\/"},{"@type":"ListItem","position":2,"name":"&#8220;Io qui sottoscritto&#8221;: i testamenti dei grandi italiani in mostra a Reggio Calabria"}]},{"@type":"WebSite","@id":"https:\/\/progettotouring.it\/radiotouring104\/#website","url":"https:\/\/progettotouring.it\/radiotouring104\/","name":"Radio Touring 104","description":"La prima radio Reggina","publisher":{"@id":"https:\/\/progettotouring.it\/radiotouring104\/#organization"},"potentialAction":[{"@type":"SearchAction","target":{"@type":"EntryPoint","urlTemplate":"https:\/\/progettotouring.it\/radiotouring104\/?s={search_term_string}"},"query-input":{"@type":"PropertyValueSpecification","valueRequired":true,"valueName":"search_term_string"}}],"inLanguage":"it-IT"},{"@type":"Organization","@id":"https:\/\/progettotouring.it\/radiotouring104\/#organization","name":"Radio Touring 104","url":"https:\/\/progettotouring.it\/radiotouring104\/","logo":{"@type":"ImageObject","inLanguage":"it-IT","@id":"https:\/\/progettotouring.it\/radiotouring104\/#\/schema\/logo\/image\/","url":"https:\/\/progettotouring.it\/radiotouring104\/wp-content\/uploads\/sites\/6\/2022\/02\/cropped-logo-radio-touring-104.png","contentUrl":"https:\/\/progettotouring.it\/radiotouring104\/wp-content\/uploads\/sites\/6\/2022\/02\/cropped-logo-radio-touring-104.png","width":377,"height":182,"caption":"Radio Touring 104"},"image":{"@id":"https:\/\/progettotouring.it\/radiotouring104\/#\/schema\/logo\/image\/"}},{"@type":"Person","@id":"https:\/\/progettotouring.it\/radiotouring104\/#\/schema\/person\/98479df0b7de019b3c06d6bb272a0adf","name":"Olga Guerrisi","image":{"@type":"ImageObject","inLanguage":"it-IT","@id":"https:\/\/secure.gravatar.com\/avatar\/9dab62960e02b81ed05da6f998de9c9657a30b82d4c5993fbf913fc5693f793d?s=96&d=mm&r=g","url":"https:\/\/secure.gravatar.com\/avatar\/9dab62960e02b81ed05da6f998de9c9657a30b82d4c5993fbf913fc5693f793d?s=96&d=mm&r=g","contentUrl":"https:\/\/secure.gravatar.com\/avatar\/9dab62960e02b81ed05da6f998de9c9657a30b82d4c5993fbf913fc5693f793d?s=96&d=mm&r=g","caption":"Olga Guerrisi"},"url":"https:\/\/progettotouring.it\/radiotouring104\/author\/olga\/"}]}},"jetpack_publicize_connections":[],"jetpack_featured_media_url":"https:\/\/progettotouring.it\/radiotouring104\/wp-content\/uploads\/sites\/6\/2025\/05\/Io-qui-sottoscritto-2.jpeg","jetpack_sharing_enabled":true,"_links":{"self":[{"href":"https:\/\/progettotouring.it\/radiotouring104\/wp-json\/wp\/v2\/posts\/72911","targetHints":{"allow":["GET"]}}],"collection":[{"href":"https:\/\/progettotouring.it\/radiotouring104\/wp-json\/wp\/v2\/posts"}],"about":[{"href":"https:\/\/progettotouring.it\/radiotouring104\/wp-json\/wp\/v2\/types\/post"}],"author":[{"embeddable":true,"href":"https:\/\/progettotouring.it\/radiotouring104\/wp-json\/wp\/v2\/users\/26"}],"replies":[{"embeddable":true,"href":"https:\/\/progettotouring.it\/radiotouring104\/wp-json\/wp\/v2\/comments?post=72911"}],"version-history":[{"count":1,"href":"https:\/\/progettotouring.it\/radiotouring104\/wp-json\/wp\/v2\/posts\/72911\/revisions"}],"predecessor-version":[{"id":72913,"href":"https:\/\/progettotouring.it\/radiotouring104\/wp-json\/wp\/v2\/posts\/72911\/revisions\/72913"}],"wp:featuredmedia":[{"embeddable":true,"href":"https:\/\/progettotouring.it\/radiotouring104\/wp-json\/wp\/v2\/media\/72912"}],"wp:attachment":[{"href":"https:\/\/progettotouring.it\/radiotouring104\/wp-json\/wp\/v2\/media?parent=72911"}],"wp:term":[{"taxonomy":"category","embeddable":true,"href":"https:\/\/progettotouring.it\/radiotouring104\/wp-json\/wp\/v2\/categories?post=72911"},{"taxonomy":"post_tag","embeddable":true,"href":"https:\/\/progettotouring.it\/radiotouring104\/wp-json\/wp\/v2\/tags?post=72911"}],"curies":[{"name":"wp","href":"https:\/\/api.w.org\/{rel}","templated":true}]}}