{"id":72914,"date":"2025-05-06T19:42:10","date_gmt":"2025-05-06T17:42:10","guid":{"rendered":"https:\/\/progettotouring.it\/radiotouring104\/?p=72914"},"modified":"2025-05-12T19:43:09","modified_gmt":"2025-05-12T17:43:09","slug":"tragedia-a-vibo-valentia-il-cordoglio-del-sindaco-metropolitano-di-reggio-calabria-per-la-morte-di-martina-pisera-e-del-suo-bambino","status":"publish","type":"post","link":"https:\/\/progettotouring.it\/radiotouring104\/2025\/05\/06\/tragedia-a-vibo-valentia-il-cordoglio-del-sindaco-metropolitano-di-reggio-calabria-per-la-morte-di-martina-pisera-e-del-suo-bambino\/","title":{"rendered":"Tragedia a Vibo Valentia, il cordoglio del Sindaco metropolitano di Reggio Calabria per la morte di Martina Piser\u00e0 e del suo bambino"},"content":{"rendered":"<p class=\"\" data-start=\"569\" data-end=\"985\">\u00abSgomento e commozione per la morte della giovane mamma <strong>Martina Piser\u00e0<\/strong> e del bimbo che aspettava\u00bb \u2013 ha dichiarato il primo cittadino \u2013 \u00abSaranno le autorit\u00e0 competenti, a conclusione dell\u2019inchiesta aperta dalla Procura di <strong>Vibo Valentia<\/strong>, a chiarire se si tratta di un caso di malasanit\u00e0. Oggi per\u00f2 \u00e8 il tempo del silenzio, del cordoglio e del rispetto per il dolore di fronte a vite spezzate in modo tanto drammatico.\u00bb<\/p>\n<p class=\"\" data-start=\"987\" data-end=\"1267\"><strong>Falcomat\u00e0 ha voluto esprimere la propria vicinanza ai familiari della giovane e alle comunit\u00e0 colpite<\/strong>: \u00abGiunga a loro l\u2019abbraccio mio personale e quello dell\u2019intera citt\u00e0 metropolitana di Reggio Calabria. La tragicit\u00e0 dell\u2019evento lascia incredulit\u00e0 e dolore in tutta la Calabria.\u00bb<\/p>\n<p class=\"\" data-start=\"1269\" data-end=\"1568\">La vicenda ha scosso profondamente l&#8217;opinione pubblica calabrese e nazionale, sollevando interrogativi su quanto accaduto all&#8217;interno della struttura ospedaliera. Le indagini in corso cercheranno di fare piena luce sulle responsabilit\u00e0 e sulle eventuali carenze che hanno portato al tragico epilogo.<\/p>\n","protected":false},"excerpt":{"rendered":"<p>\u00abSgomento e commozione per la morte della giovane mamma Martina Piser\u00e0 e del bimbo che aspettava\u00bb \u2013 ha dichiarato il primo cittadino \u2013 \u00abSaranno le autorit\u00e0 competenti, a conclusione dell\u2019inchiesta&hellip;<\/p>\n","protected":false},"author":26,"featured_media":64426,"comment_status":"closed","ping_status":"open","sticky":false,"template":"","format":"standard","meta":{"_jetpack_memberships_contains_paid_content":false,"footnotes":"","jetpack_publicize_message":"","jetpack_publicize_feature_enabled":true,"jetpack_social_post_already_shared":false,"jetpack_social_options":{"image_generator_settings":{"template":"highway","default_image_id":0,"font":"","enabled":false},"version":2}},"categories":[921,196,140],"tags":[812,43248,644],"class_list":["post-72914","post","type-post","status-publish","format-standard","has-post-thumbnail","hentry","category-home","category-news","category-reggio-calabria","tag-giuseppe-falcomata","tag-martina-pisera","tag-vibo-valentia"],"yoast_head":"<!-- This site is optimized with the Yoast SEO plugin v27.2 - https:\/\/yoast.com\/product\/yoast-seo-wordpress\/ -->\n<title>La morte di Martina Piser\u00e0 e del suo bambino<\/title>\n<meta name=\"description\" content=\"Profondo cordoglio di Giuseppe Falcomat\u00e0, per la scomparsa di Martina Piser\u00e0, giovane mamma deceduta insieme al bambino che portava in grembo\" \/>\n<meta name=\"robots\" content=\"index, follow, max-snippet:-1, max-image-preview:large, max-video-preview:-1\" \/>\n<link rel=\"canonical\" href=\"https:\/\/progettotouring.it\/radiotouring104\/2025\/05\/06\/tragedia-a-vibo-valentia-il-cordoglio-del-sindaco-metropolitano-di-reggio-calabria-per-la-morte-di-martina-pisera-e-del-suo-bambino\/\" \/>\n<meta property=\"og:locale\" content=\"it_IT\" \/>\n<meta property=\"og:type\" content=\"article\" \/>\n<meta property=\"og:title\" content=\"La morte di Martina Piser\u00e0 e del suo bambino\" \/>\n<meta property=\"og:description\" content=\"Profondo cordoglio di Giuseppe Falcomat\u00e0, per la scomparsa di Martina Piser\u00e0, giovane mamma deceduta insieme al bambino che portava in grembo\" \/>\n<meta property=\"og:url\" content=\"https:\/\/progettotouring.it\/radiotouring104\/2025\/05\/06\/tragedia-a-vibo-valentia-il-cordoglio-del-sindaco-metropolitano-di-reggio-calabria-per-la-morte-di-martina-pisera-e-del-suo-bambino\/\" \/>\n<meta property=\"og:site_name\" content=\"Radio Touring 104\" \/>\n<meta property=\"article:published_time\" content=\"2025-05-06T17:42:10+00:00\" \/>\n<meta property=\"article:modified_time\" content=\"2025-05-12T17:43:09+00:00\" \/>\n<meta property=\"og:image\" content=\"https:\/\/progettotouring.it\/radiotouring104\/wp-content\/uploads\/sites\/6\/2025\/01\/Giuseppe-Falcomata-ANCI.jpeg\" \/>\n\t<meta property=\"og:image:width\" content=\"1469\" \/>\n\t<meta property=\"og:image:height\" content=\"1066\" \/>\n\t<meta property=\"og:image:type\" content=\"image\/jpeg\" \/>\n<meta name=\"author\" content=\"Olga Guerrisi\" \/>\n<meta name=\"twitter:card\" content=\"summary_large_image\" \/>\n<meta name=\"twitter:label1\" content=\"Scritto da\" \/>\n\t<meta name=\"twitter:data1\" content=\"Olga Guerrisi\" \/>\n\t<meta name=\"twitter:label2\" content=\"Tempo di lettura stimato\" \/>\n\t<meta name=\"twitter:data2\" content=\"1 minuto\" \/>\n<script type=\"application\/ld+json\" class=\"yoast-schema-graph\">{\"@context\":\"https:\/\/schema.org\",\"@graph\":[{\"@type\":\"Article\",\"@id\":\"https:\/\/progettotouring.it\/radiotouring104\/2025\/05\/06\/tragedia-a-vibo-valentia-il-cordoglio-del-sindaco-metropolitano-di-reggio-calabria-per-la-morte-di-martina-pisera-e-del-suo-bambino\/#article\",\"isPartOf\":{\"@id\":\"https:\/\/progettotouring.it\/radiotouring104\/2025\/05\/06\/tragedia-a-vibo-valentia-il-cordoglio-del-sindaco-metropolitano-di-reggio-calabria-per-la-morte-di-martina-pisera-e-del-suo-bambino\/\"},\"author\":{\"name\":\"Olga Guerrisi\",\"@id\":\"https:\/\/progettotouring.it\/radiotouring104\/#\/schema\/person\/98479df0b7de019b3c06d6bb272a0adf\"},\"headline\":\"Tragedia a Vibo Valentia, il cordoglio del Sindaco metropolitano di Reggio Calabria per la morte di Martina Piser\u00e0 e del suo bambino\",\"datePublished\":\"2025-05-06T17:42:10+00:00\",\"dateModified\":\"2025-05-12T17:43:09+00:00\",\"mainEntityOfPage\":{\"@id\":\"https:\/\/progettotouring.it\/radiotouring104\/2025\/05\/06\/tragedia-a-vibo-valentia-il-cordoglio-del-sindaco-metropolitano-di-reggio-calabria-per-la-morte-di-martina-pisera-e-del-suo-bambino\/\"},\"wordCount\":173,\"publisher\":{\"@id\":\"https:\/\/progettotouring.it\/radiotouring104\/#organization\"},\"image\":{\"@id\":\"https:\/\/progettotouring.it\/radiotouring104\/2025\/05\/06\/tragedia-a-vibo-valentia-il-cordoglio-del-sindaco-metropolitano-di-reggio-calabria-per-la-morte-di-martina-pisera-e-del-suo-bambino\/#primaryimage\"},\"thumbnailUrl\":\"https:\/\/progettotouring.it\/radiotouring104\/wp-content\/uploads\/sites\/6\/2025\/01\/Giuseppe-Falcomata-ANCI.jpeg\",\"keywords\":[\"Giuseppe Falcomat\u00e0\",\"Martina Piser\u00e1\",\"vibo valentia\"],\"articleSection\":[\"Home\",\"News\",\"Reggio Calabria\"],\"inLanguage\":\"it-IT\"},{\"@type\":\"WebPage\",\"@id\":\"https:\/\/progettotouring.it\/radiotouring104\/2025\/05\/06\/tragedia-a-vibo-valentia-il-cordoglio-del-sindaco-metropolitano-di-reggio-calabria-per-la-morte-di-martina-pisera-e-del-suo-bambino\/\",\"url\":\"https:\/\/progettotouring.it\/radiotouring104\/2025\/05\/06\/tragedia-a-vibo-valentia-il-cordoglio-del-sindaco-metropolitano-di-reggio-calabria-per-la-morte-di-martina-pisera-e-del-suo-bambino\/\",\"name\":\"La morte di Martina Piser\u00e0 e del suo bambino\",\"isPartOf\":{\"@id\":\"https:\/\/progettotouring.it\/radiotouring104\/#website\"},\"primaryImageOfPage\":{\"@id\":\"https:\/\/progettotouring.it\/radiotouring104\/2025\/05\/06\/tragedia-a-vibo-valentia-il-cordoglio-del-sindaco-metropolitano-di-reggio-calabria-per-la-morte-di-martina-pisera-e-del-suo-bambino\/#primaryimage\"},\"image\":{\"@id\":\"https:\/\/progettotouring.it\/radiotouring104\/2025\/05\/06\/tragedia-a-vibo-valentia-il-cordoglio-del-sindaco-metropolitano-di-reggio-calabria-per-la-morte-di-martina-pisera-e-del-suo-bambino\/#primaryimage\"},\"thumbnailUrl\":\"https:\/\/progettotouring.it\/radiotouring104\/wp-content\/uploads\/sites\/6\/2025\/01\/Giuseppe-Falcomata-ANCI.jpeg\",\"datePublished\":\"2025-05-06T17:42:10+00:00\",\"dateModified\":\"2025-05-12T17:43:09+00:00\",\"description\":\"Profondo cordoglio di Giuseppe Falcomat\u00e0, per la scomparsa di Martina Piser\u00e0, giovane mamma deceduta insieme al bambino che portava in grembo\",\"breadcrumb\":{\"@id\":\"https:\/\/progettotouring.it\/radiotouring104\/2025\/05\/06\/tragedia-a-vibo-valentia-il-cordoglio-del-sindaco-metropolitano-di-reggio-calabria-per-la-morte-di-martina-pisera-e-del-suo-bambino\/#breadcrumb\"},\"inLanguage\":\"it-IT\",\"potentialAction\":[{\"@type\":\"ReadAction\",\"target\":[\"https:\/\/progettotouring.it\/radiotouring104\/2025\/05\/06\/tragedia-a-vibo-valentia-il-cordoglio-del-sindaco-metropolitano-di-reggio-calabria-per-la-morte-di-martina-pisera-e-del-suo-bambino\/\"]}]},{\"@type\":\"ImageObject\",\"inLanguage\":\"it-IT\",\"@id\":\"https:\/\/progettotouring.it\/radiotouring104\/2025\/05\/06\/tragedia-a-vibo-valentia-il-cordoglio-del-sindaco-metropolitano-di-reggio-calabria-per-la-morte-di-martina-pisera-e-del-suo-bambino\/#primaryimage\",\"url\":\"https:\/\/progettotouring.it\/radiotouring104\/wp-content\/uploads\/sites\/6\/2025\/01\/Giuseppe-Falcomata-ANCI.jpeg\",\"contentUrl\":\"https:\/\/progettotouring.it\/radiotouring104\/wp-content\/uploads\/sites\/6\/2025\/01\/Giuseppe-Falcomata-ANCI.jpeg\",\"width\":1469,\"height\":1066},{\"@type\":\"BreadcrumbList\",\"@id\":\"https:\/\/progettotouring.it\/radiotouring104\/2025\/05\/06\/tragedia-a-vibo-valentia-il-cordoglio-del-sindaco-metropolitano-di-reggio-calabria-per-la-morte-di-martina-pisera-e-del-suo-bambino\/#breadcrumb\",\"itemListElement\":[{\"@type\":\"ListItem\",\"position\":1,\"name\":\"Home\",\"item\":\"https:\/\/progettotouring.it\/radiotouring104\/\"},{\"@type\":\"ListItem\",\"position\":2,\"name\":\"Tragedia a Vibo Valentia, il cordoglio del Sindaco metropolitano di Reggio Calabria per la morte di Martina Piser\u00e0 e del suo bambino\"}]},{\"@type\":\"WebSite\",\"@id\":\"https:\/\/progettotouring.it\/radiotouring104\/#website\",\"url\":\"https:\/\/progettotouring.it\/radiotouring104\/\",\"name\":\"Radio Touring 104\",\"description\":\"La prima radio Reggina\",\"publisher\":{\"@id\":\"https:\/\/progettotouring.it\/radiotouring104\/#organization\"},\"potentialAction\":[{\"@type\":\"SearchAction\",\"target\":{\"@type\":\"EntryPoint\",\"urlTemplate\":\"https:\/\/progettotouring.it\/radiotouring104\/?s={search_term_string}\"},\"query-input\":{\"@type\":\"PropertyValueSpecification\",\"valueRequired\":true,\"valueName\":\"search_term_string\"}}],\"inLanguage\":\"it-IT\"},{\"@type\":\"Organization\",\"@id\":\"https:\/\/progettotouring.it\/radiotouring104\/#organization\",\"name\":\"Radio Touring 104\",\"url\":\"https:\/\/progettotouring.it\/radiotouring104\/\",\"logo\":{\"@type\":\"ImageObject\",\"inLanguage\":\"it-IT\",\"@id\":\"https:\/\/progettotouring.it\/radiotouring104\/#\/schema\/logo\/image\/\",\"url\":\"https:\/\/progettotouring.it\/radiotouring104\/wp-content\/uploads\/sites\/6\/2022\/02\/cropped-logo-radio-touring-104.png\",\"contentUrl\":\"https:\/\/progettotouring.it\/radiotouring104\/wp-content\/uploads\/sites\/6\/2022\/02\/cropped-logo-radio-touring-104.png\",\"width\":377,\"height\":182,\"caption\":\"Radio Touring 104\"},\"image\":{\"@id\":\"https:\/\/progettotouring.it\/radiotouring104\/#\/schema\/logo\/image\/\"}},{\"@type\":\"Person\",\"@id\":\"https:\/\/progettotouring.it\/radiotouring104\/#\/schema\/person\/98479df0b7de019b3c06d6bb272a0adf\",\"name\":\"Olga Guerrisi\",\"image\":{\"@type\":\"ImageObject\",\"inLanguage\":\"it-IT\",\"@id\":\"https:\/\/secure.gravatar.com\/avatar\/9dab62960e02b81ed05da6f998de9c9657a30b82d4c5993fbf913fc5693f793d?s=96&d=mm&r=g\",\"url\":\"https:\/\/secure.gravatar.com\/avatar\/9dab62960e02b81ed05da6f998de9c9657a30b82d4c5993fbf913fc5693f793d?s=96&d=mm&r=g\",\"contentUrl\":\"https:\/\/secure.gravatar.com\/avatar\/9dab62960e02b81ed05da6f998de9c9657a30b82d4c5993fbf913fc5693f793d?s=96&d=mm&r=g\",\"caption\":\"Olga Guerrisi\"},\"url\":\"https:\/\/progettotouring.it\/radiotouring104\/author\/olga\/\"}]}<\/script>\n<!-- \/ Yoast SEO plugin. -->","yoast_head_json":{"title":"La morte di Martina Piser\u00e0 e del suo bambino","description":"Profondo cordoglio di Giuseppe Falcomat\u00e0, per la scomparsa di Martina Piser\u00e0, giovane mamma deceduta insieme al bambino che portava in grembo","robots":{"index":"index","follow":"follow","max-snippet":"max-snippet:-1","max-image-preview":"max-image-preview:large","max-video-preview":"max-video-preview:-1"},"canonical":"https:\/\/progettotouring.it\/radiotouring104\/2025\/05\/06\/tragedia-a-vibo-valentia-il-cordoglio-del-sindaco-metropolitano-di-reggio-calabria-per-la-morte-di-martina-pisera-e-del-suo-bambino\/","og_locale":"it_IT","og_type":"article","og_title":"La morte di Martina Piser\u00e0 e del suo bambino","og_description":"Profondo cordoglio di Giuseppe Falcomat\u00e0, per la scomparsa di Martina Piser\u00e0, giovane mamma deceduta insieme al bambino che portava in grembo","og_url":"https:\/\/progettotouring.it\/radiotouring104\/2025\/05\/06\/tragedia-a-vibo-valentia-il-cordoglio-del-sindaco-metropolitano-di-reggio-calabria-per-la-morte-di-martina-pisera-e-del-suo-bambino\/","og_site_name":"Radio Touring 104","article_published_time":"2025-05-06T17:42:10+00:00","article_modified_time":"2025-05-12T17:43:09+00:00","og_image":[{"width":1469,"height":1066,"url":"https:\/\/progettotouring.it\/radiotouring104\/wp-content\/uploads\/sites\/6\/2025\/01\/Giuseppe-Falcomata-ANCI.jpeg","type":"image\/jpeg"}],"author":"Olga Guerrisi","twitter_card":"summary_large_image","twitter_misc":{"Scritto da":"Olga Guerrisi","Tempo di lettura stimato":"1 minuto"},"schema":{"@context":"https:\/\/schema.org","@graph":[{"@type":"Article","@id":"https:\/\/progettotouring.it\/radiotouring104\/2025\/05\/06\/tragedia-a-vibo-valentia-il-cordoglio-del-sindaco-metropolitano-di-reggio-calabria-per-la-morte-di-martina-pisera-e-del-suo-bambino\/#article","isPartOf":{"@id":"https:\/\/progettotouring.it\/radiotouring104\/2025\/05\/06\/tragedia-a-vibo-valentia-il-cordoglio-del-sindaco-metropolitano-di-reggio-calabria-per-la-morte-di-martina-pisera-e-del-suo-bambino\/"},"author":{"name":"Olga Guerrisi","@id":"https:\/\/progettotouring.it\/radiotouring104\/#\/schema\/person\/98479df0b7de019b3c06d6bb272a0adf"},"headline":"Tragedia a Vibo Valentia, il cordoglio del Sindaco metropolitano di Reggio Calabria per la morte di Martina Piser\u00e0 e del suo bambino","datePublished":"2025-05-06T17:42:10+00:00","dateModified":"2025-05-12T17:43:09+00:00","mainEntityOfPage":{"@id":"https:\/\/progettotouring.it\/radiotouring104\/2025\/05\/06\/tragedia-a-vibo-valentia-il-cordoglio-del-sindaco-metropolitano-di-reggio-calabria-per-la-morte-di-martina-pisera-e-del-suo-bambino\/"},"wordCount":173,"publisher":{"@id":"https:\/\/progettotouring.it\/radiotouring104\/#organization"},"image":{"@id":"https:\/\/progettotouring.it\/radiotouring104\/2025\/05\/06\/tragedia-a-vibo-valentia-il-cordoglio-del-sindaco-metropolitano-di-reggio-calabria-per-la-morte-di-martina-pisera-e-del-suo-bambino\/#primaryimage"},"thumbnailUrl":"https:\/\/progettotouring.it\/radiotouring104\/wp-content\/uploads\/sites\/6\/2025\/01\/Giuseppe-Falcomata-ANCI.jpeg","keywords":["Giuseppe Falcomat\u00e0","Martina Piser\u00e1","vibo valentia"],"articleSection":["Home","News","Reggio Calabria"],"inLanguage":"it-IT"},{"@type":"WebPage","@id":"https:\/\/progettotouring.it\/radiotouring104\/2025\/05\/06\/tragedia-a-vibo-valentia-il-cordoglio-del-sindaco-metropolitano-di-reggio-calabria-per-la-morte-di-martina-pisera-e-del-suo-bambino\/","url":"https:\/\/progettotouring.it\/radiotouring104\/2025\/05\/06\/tragedia-a-vibo-valentia-il-cordoglio-del-sindaco-metropolitano-di-reggio-calabria-per-la-morte-di-martina-pisera-e-del-suo-bambino\/","name":"La morte di Martina Piser\u00e0 e del suo bambino","isPartOf":{"@id":"https:\/\/progettotouring.it\/radiotouring104\/#website"},"primaryImageOfPage":{"@id":"https:\/\/progettotouring.it\/radiotouring104\/2025\/05\/06\/tragedia-a-vibo-valentia-il-cordoglio-del-sindaco-metropolitano-di-reggio-calabria-per-la-morte-di-martina-pisera-e-del-suo-bambino\/#primaryimage"},"image":{"@id":"https:\/\/progettotouring.it\/radiotouring104\/2025\/05\/06\/tragedia-a-vibo-valentia-il-cordoglio-del-sindaco-metropolitano-di-reggio-calabria-per-la-morte-di-martina-pisera-e-del-suo-bambino\/#primaryimage"},"thumbnailUrl":"https:\/\/progettotouring.it\/radiotouring104\/wp-content\/uploads\/sites\/6\/2025\/01\/Giuseppe-Falcomata-ANCI.jpeg","datePublished":"2025-05-06T17:42:10+00:00","dateModified":"2025-05-12T17:43:09+00:00","description":"Profondo cordoglio di Giuseppe Falcomat\u00e0, per la scomparsa di Martina Piser\u00e0, giovane mamma deceduta insieme al bambino che portava in grembo","breadcrumb":{"@id":"https:\/\/progettotouring.it\/radiotouring104\/2025\/05\/06\/tragedia-a-vibo-valentia-il-cordoglio-del-sindaco-metropolitano-di-reggio-calabria-per-la-morte-di-martina-pisera-e-del-suo-bambino\/#breadcrumb"},"inLanguage":"it-IT","potentialAction":[{"@type":"ReadAction","target":["https:\/\/progettotouring.it\/radiotouring104\/2025\/05\/06\/tragedia-a-vibo-valentia-il-cordoglio-del-sindaco-metropolitano-di-reggio-calabria-per-la-morte-di-martina-pisera-e-del-suo-bambino\/"]}]},{"@type":"ImageObject","inLanguage":"it-IT","@id":"https:\/\/progettotouring.it\/radiotouring104\/2025\/05\/06\/tragedia-a-vibo-valentia-il-cordoglio-del-sindaco-metropolitano-di-reggio-calabria-per-la-morte-di-martina-pisera-e-del-suo-bambino\/#primaryimage","url":"https:\/\/progettotouring.it\/radiotouring104\/wp-content\/uploads\/sites\/6\/2025\/01\/Giuseppe-Falcomata-ANCI.jpeg","contentUrl":"https:\/\/progettotouring.it\/radiotouring104\/wp-content\/uploads\/sites\/6\/2025\/01\/Giuseppe-Falcomata-ANCI.jpeg","width":1469,"height":1066},{"@type":"BreadcrumbList","@id":"https:\/\/progettotouring.it\/radiotouring104\/2025\/05\/06\/tragedia-a-vibo-valentia-il-cordoglio-del-sindaco-metropolitano-di-reggio-calabria-per-la-morte-di-martina-pisera-e-del-suo-bambino\/#breadcrumb","itemListElement":[{"@type":"ListItem","position":1,"name":"Home","item":"https:\/\/progettotouring.it\/radiotouring104\/"},{"@type":"ListItem","position":2,"name":"Tragedia a Vibo Valentia, il cordoglio del Sindaco metropolitano di Reggio Calabria per la morte di Martina Piser\u00e0 e del suo bambino"}]},{"@type":"WebSite","@id":"https:\/\/progettotouring.it\/radiotouring104\/#website","url":"https:\/\/progettotouring.it\/radiotouring104\/","name":"Radio Touring 104","description":"La prima radio Reggina","publisher":{"@id":"https:\/\/progettotouring.it\/radiotouring104\/#organization"},"potentialAction":[{"@type":"SearchAction","target":{"@type":"EntryPoint","urlTemplate":"https:\/\/progettotouring.it\/radiotouring104\/?s={search_term_string}"},"query-input":{"@type":"PropertyValueSpecification","valueRequired":true,"valueName":"search_term_string"}}],"inLanguage":"it-IT"},{"@type":"Organization","@id":"https:\/\/progettotouring.it\/radiotouring104\/#organization","name":"Radio Touring 104","url":"https:\/\/progettotouring.it\/radiotouring104\/","logo":{"@type":"ImageObject","inLanguage":"it-IT","@id":"https:\/\/progettotouring.it\/radiotouring104\/#\/schema\/logo\/image\/","url":"https:\/\/progettotouring.it\/radiotouring104\/wp-content\/uploads\/sites\/6\/2022\/02\/cropped-logo-radio-touring-104.png","contentUrl":"https:\/\/progettotouring.it\/radiotouring104\/wp-content\/uploads\/sites\/6\/2022\/02\/cropped-logo-radio-touring-104.png","width":377,"height":182,"caption":"Radio Touring 104"},"image":{"@id":"https:\/\/progettotouring.it\/radiotouring104\/#\/schema\/logo\/image\/"}},{"@type":"Person","@id":"https:\/\/progettotouring.it\/radiotouring104\/#\/schema\/person\/98479df0b7de019b3c06d6bb272a0adf","name":"Olga Guerrisi","image":{"@type":"ImageObject","inLanguage":"it-IT","@id":"https:\/\/secure.gravatar.com\/avatar\/9dab62960e02b81ed05da6f998de9c9657a30b82d4c5993fbf913fc5693f793d?s=96&d=mm&r=g","url":"https:\/\/secure.gravatar.com\/avatar\/9dab62960e02b81ed05da6f998de9c9657a30b82d4c5993fbf913fc5693f793d?s=96&d=mm&r=g","contentUrl":"https:\/\/secure.gravatar.com\/avatar\/9dab62960e02b81ed05da6f998de9c9657a30b82d4c5993fbf913fc5693f793d?s=96&d=mm&r=g","caption":"Olga Guerrisi"},"url":"https:\/\/progettotouring.it\/radiotouring104\/author\/olga\/"}]}},"jetpack_publicize_connections":[],"jetpack_featured_media_url":"https:\/\/progettotouring.it\/radiotouring104\/wp-content\/uploads\/sites\/6\/2025\/01\/Giuseppe-Falcomata-ANCI.jpeg","jetpack_sharing_enabled":true,"_links":{"self":[{"href":"https:\/\/progettotouring.it\/radiotouring104\/wp-json\/wp\/v2\/posts\/72914","targetHints":{"allow":["GET"]}}],"collection":[{"href":"https:\/\/progettotouring.it\/radiotouring104\/wp-json\/wp\/v2\/posts"}],"about":[{"href":"https:\/\/progettotouring.it\/radiotouring104\/wp-json\/wp\/v2\/types\/post"}],"author":[{"embeddable":true,"href":"https:\/\/progettotouring.it\/radiotouring104\/wp-json\/wp\/v2\/users\/26"}],"replies":[{"embeddable":true,"href":"https:\/\/progettotouring.it\/radiotouring104\/wp-json\/wp\/v2\/comments?post=72914"}],"version-history":[{"count":1,"href":"https:\/\/progettotouring.it\/radiotouring104\/wp-json\/wp\/v2\/posts\/72914\/revisions"}],"predecessor-version":[{"id":72915,"href":"https:\/\/progettotouring.it\/radiotouring104\/wp-json\/wp\/v2\/posts\/72914\/revisions\/72915"}],"wp:featuredmedia":[{"embeddable":true,"href":"https:\/\/progettotouring.it\/radiotouring104\/wp-json\/wp\/v2\/media\/64426"}],"wp:attachment":[{"href":"https:\/\/progettotouring.it\/radiotouring104\/wp-json\/wp\/v2\/media?parent=72914"}],"wp:term":[{"taxonomy":"category","embeddable":true,"href":"https:\/\/progettotouring.it\/radiotouring104\/wp-json\/wp\/v2\/categories?post=72914"},{"taxonomy":"post_tag","embeddable":true,"href":"https:\/\/progettotouring.it\/radiotouring104\/wp-json\/wp\/v2\/tags?post=72914"}],"curies":[{"name":"wp","href":"https:\/\/api.w.org\/{rel}","templated":true}]}}