{"id":73190,"date":"2025-05-09T12:09:35","date_gmt":"2025-05-09T10:09:35","guid":{"rendered":"https:\/\/progettotouring.it\/radiotouring104\/?p=73190"},"modified":"2025-05-09T12:09:35","modified_gmt":"2025-05-09T10:09:35","slug":"francavilla-angitola-vv-limportanza-del-progetto-sociale-dellimprenditrice-agricola-mazzotta","status":"publish","type":"post","link":"https:\/\/progettotouring.it\/radiotouring104\/2025\/05\/09\/francavilla-angitola-vv-limportanza-del-progetto-sociale-dellimprenditrice-agricola-mazzotta\/","title":{"rendered":"Francavilla Angitola (VV): l&#8217;importanza del progetto sociale dell&#8217;imprenditrice agricola Mazzotta"},"content":{"rendered":"<p class=\"xmprfx_MsoNormal\" style=\"text-align: justify\">L\u2019agricoltura come strumento di inclusione, di riscatto sociale e di speranza per chi arriva da lontano in cerca di un futuro migliore. \u00c8 questo il significato pi\u00f9 profondo del progetto portato avanti da Stefania Mazzotta, imprenditrice agricola di Francavilla Angitola, che grazie al premio \u201cAmiche della Terra \u2013 Storie di donne che nutrono il mondo\u201d di Donne Coldiretti ha potuto ampliare la propria fattoria sociale con l\u2019acquisto di un nuovo terreno.<\/p>\n<p class=\"xmprfx_MsoNormal\" style=\"text-align: justify\">\n<p class=\"xmprfx_MsoNormal\" style=\"text-align: justify\">La fattoria di Stefania \u00e8 da anni un modello di agricoltura sociale fortemente inclusiva, che accoglie giovani migranti extracomunitari e persone in condizione di disagio, offrendo loro un\u2019opportunit\u00e0 concreta di integrazione attraverso il lavoro agricolo, la formazione e la condivisione di valori legati alla terra e alla comunit\u00e0.<\/p>\n<p class=\"xmprfx_MsoNormal\" style=\"text-align: justify\">\n<p class=\"xmprfx_MsoNormal\" style=\"text-align: justify\">Con il nuovo investimento, l\u2019azienda potr\u00e0 accogliere ancora pi\u00f9 persone, creando un luogo in cui chi arriva da realt\u00e0 difficili pu\u00f2 sentirsi accolto, imparare un mestiere e contribuire al benessere collettivo. Un modello che mette al centro la dignit\u00e0 della persona, a prescindere dalla provenienza, e che dimostra come l\u2019agricoltura possa diventare un ponte tra culture diverse e una via di sviluppo sociale oltre che economico.<\/p>\n<p class=\"xmprfx_MsoNormal\" style=\"text-align: justify\">\n<p class=\"xmprfx_MsoNormal\" style=\"text-align: justify\">\u201cL\u2019esperienza di Stefania \u2013 afferma Coldiretti Calabria \u2013 dimostra che l\u2019agricoltura pu\u00f2 essere inclusiva e solidale, trasformandosi in uno strumento di integrazione e riscatto sociale. La sua fattoria rappresenta un esempio concreto di come la terra possa unire, abbattendo le barriere e creando comunit\u00e0\u201d.<\/p>\n<p class=\"xmprfx_MsoNormal\" style=\"text-align: justify\">\n<p class=\"xmprfx_MsoNormal\" style=\"text-align: justify\">Anche il Presidente di Coldiretti Calabria, Franco Aceto, sottolinea il valore sociale del progetto:<\/p>\n<p class=\"xmprfx_MsoNormal\" style=\"text-align: justify\">\u201cStefania dimostra ogni giorno che l\u2019agricoltura non ha confini e pu\u00f2 offrire risposte concrete ai bisogni delle persone pi\u00f9 fragili. Siamo orgogliosi di sostenere iniziative come la sua, che rendono l\u2019agricoltura calabrese un modello di solidariet\u00e0 e sviluppo inclusivo, capace di accogliere e integrare anche chi arriva da lontano.\u201d<\/p>\n<p class=\"xmprfx_MsoNormal\" style=\"text-align: justify\">\n","protected":false},"excerpt":{"rendered":"<p>L\u2019agricoltura come strumento di inclusione, di riscatto sociale e di speranza per chi arriva da lontano in cerca di un futuro migliore. \u00c8 questo il significato pi\u00f9 profondo del progetto&hellip;<\/p>\n","protected":false},"author":12,"featured_media":73191,"comment_status":"closed","ping_status":"open","sticky":false,"template":"","format":"standard","meta":{"_jetpack_memberships_contains_paid_content":false,"footnotes":"","jetpack_publicize_message":"","jetpack_publicize_feature_enabled":true,"jetpack_social_post_already_shared":true,"jetpack_social_options":{"image_generator_settings":{"template":"highway","default_image_id":0,"font":"","enabled":false},"version":2}},"categories":[142,921,196],"tags":[43413,43412,1313,43414,11618,43411],"class_list":["post-73190","post","type-post","status-publish","format-standard","has-post-thumbnail","hentry","category-calabria","category-home","category-news","tag-emarginati","tag-francavilla-angitola","tag-migranti","tag-premio-donne-coldiretti","tag-progetto-sociale","tag-stefania-mazzotta"],"yoast_head":"<!-- This site is optimized with the Yoast SEO plugin v27.2 - https:\/\/yoast.com\/product\/yoast-seo-wordpress\/ -->\n<title>Francavilla Angitola (VV): l&#039;importanza del progetto sociale dell&#039;imprenditrice agricola Mazzotta - Radio Touring 104<\/title>\n<meta name=\"description\" content=\"L\u2019agricoltura sociale di Stefania Mazzotta: dal premio Donne Coldiretti nuove opportunit\u00e0 di integrazione per migranti ed emarginati\" \/>\n<meta name=\"robots\" content=\"index, follow, max-snippet:-1, max-image-preview:large, max-video-preview:-1\" \/>\n<link rel=\"canonical\" href=\"https:\/\/progettotouring.it\/radiotouring104\/2025\/05\/09\/francavilla-angitola-vv-limportanza-del-progetto-sociale-dellimprenditrice-agricola-mazzotta\/\" \/>\n<meta property=\"og:locale\" content=\"it_IT\" \/>\n<meta property=\"og:type\" content=\"article\" \/>\n<meta property=\"og:title\" content=\"Francavilla Angitola (VV): l&#039;importanza del progetto sociale dell&#039;imprenditrice agricola Mazzotta - Radio Touring 104\" \/>\n<meta property=\"og:description\" content=\"L\u2019agricoltura sociale di Stefania Mazzotta: dal premio Donne Coldiretti nuove opportunit\u00e0 di integrazione per migranti ed emarginati\" \/>\n<meta property=\"og:url\" content=\"https:\/\/progettotouring.it\/radiotouring104\/2025\/05\/09\/francavilla-angitola-vv-limportanza-del-progetto-sociale-dellimprenditrice-agricola-mazzotta\/\" \/>\n<meta property=\"og:site_name\" content=\"Radio Touring 104\" \/>\n<meta property=\"article:published_time\" content=\"2025-05-09T10:09:35+00:00\" \/>\n<meta property=\"og:image\" content=\"https:\/\/progettotouring.it\/radiotouring104\/wp-content\/uploads\/sites\/6\/2025\/05\/Coldiretti-Calabria-Stefania-Mazzotta-2.jpeg\" \/>\n\t<meta property=\"og:image:width\" content=\"1600\" \/>\n\t<meta property=\"og:image:height\" content=\"1200\" \/>\n\t<meta property=\"og:image:type\" content=\"image\/jpeg\" \/>\n<meta name=\"author\" content=\"Sebastiano Plutino\" \/>\n<meta name=\"twitter:card\" content=\"summary_large_image\" \/>\n<meta name=\"twitter:label1\" content=\"Scritto da\" \/>\n\t<meta name=\"twitter:data1\" content=\"Sebastiano Plutino\" \/>\n\t<meta name=\"twitter:label2\" content=\"Tempo di lettura stimato\" \/>\n\t<meta name=\"twitter:data2\" content=\"1 minuto\" \/>\n<script type=\"application\/ld+json\" class=\"yoast-schema-graph\">{\"@context\":\"https:\/\/schema.org\",\"@graph\":[{\"@type\":\"Article\",\"@id\":\"https:\/\/progettotouring.it\/radiotouring104\/2025\/05\/09\/francavilla-angitola-vv-limportanza-del-progetto-sociale-dellimprenditrice-agricola-mazzotta\/#article\",\"isPartOf\":{\"@id\":\"https:\/\/progettotouring.it\/radiotouring104\/2025\/05\/09\/francavilla-angitola-vv-limportanza-del-progetto-sociale-dellimprenditrice-agricola-mazzotta\/\"},\"author\":{\"name\":\"Sebastiano Plutino\",\"@id\":\"https:\/\/progettotouring.it\/radiotouring104\/#\/schema\/person\/78613917f1851f041f7483f5af1d422e\"},\"headline\":\"Francavilla Angitola (VV): l&#8217;importanza del progetto sociale dell&#8217;imprenditrice agricola Mazzotta\",\"datePublished\":\"2025-05-09T10:09:35+00:00\",\"mainEntityOfPage\":{\"@id\":\"https:\/\/progettotouring.it\/radiotouring104\/2025\/05\/09\/francavilla-angitola-vv-limportanza-del-progetto-sociale-dellimprenditrice-agricola-mazzotta\/\"},\"wordCount\":306,\"publisher\":{\"@id\":\"https:\/\/progettotouring.it\/radiotouring104\/#organization\"},\"image\":{\"@id\":\"https:\/\/progettotouring.it\/radiotouring104\/2025\/05\/09\/francavilla-angitola-vv-limportanza-del-progetto-sociale-dellimprenditrice-agricola-mazzotta\/#primaryimage\"},\"thumbnailUrl\":\"https:\/\/progettotouring.it\/radiotouring104\/wp-content\/uploads\/sites\/6\/2025\/05\/Coldiretti-Calabria-Stefania-Mazzotta-2.jpeg\",\"keywords\":[\"emarginati\",\"Francavilla Angitola\",\"migranti\",\"premio Donne Coldiretti\",\"progetto sociale\",\"Stefania Mazzotta\"],\"articleSection\":[\"Calabria\",\"Home\",\"News\"],\"inLanguage\":\"it-IT\"},{\"@type\":\"WebPage\",\"@id\":\"https:\/\/progettotouring.it\/radiotouring104\/2025\/05\/09\/francavilla-angitola-vv-limportanza-del-progetto-sociale-dellimprenditrice-agricola-mazzotta\/\",\"url\":\"https:\/\/progettotouring.it\/radiotouring104\/2025\/05\/09\/francavilla-angitola-vv-limportanza-del-progetto-sociale-dellimprenditrice-agricola-mazzotta\/\",\"name\":\"Francavilla Angitola (VV): l'importanza del progetto sociale dell'imprenditrice agricola Mazzotta - Radio Touring 104\",\"isPartOf\":{\"@id\":\"https:\/\/progettotouring.it\/radiotouring104\/#website\"},\"primaryImageOfPage\":{\"@id\":\"https:\/\/progettotouring.it\/radiotouring104\/2025\/05\/09\/francavilla-angitola-vv-limportanza-del-progetto-sociale-dellimprenditrice-agricola-mazzotta\/#primaryimage\"},\"image\":{\"@id\":\"https:\/\/progettotouring.it\/radiotouring104\/2025\/05\/09\/francavilla-angitola-vv-limportanza-del-progetto-sociale-dellimprenditrice-agricola-mazzotta\/#primaryimage\"},\"thumbnailUrl\":\"https:\/\/progettotouring.it\/radiotouring104\/wp-content\/uploads\/sites\/6\/2025\/05\/Coldiretti-Calabria-Stefania-Mazzotta-2.jpeg\",\"datePublished\":\"2025-05-09T10:09:35+00:00\",\"description\":\"L\u2019agricoltura sociale di Stefania Mazzotta: dal premio Donne Coldiretti nuove opportunit\u00e0 di integrazione per migranti ed emarginati\",\"breadcrumb\":{\"@id\":\"https:\/\/progettotouring.it\/radiotouring104\/2025\/05\/09\/francavilla-angitola-vv-limportanza-del-progetto-sociale-dellimprenditrice-agricola-mazzotta\/#breadcrumb\"},\"inLanguage\":\"it-IT\",\"potentialAction\":[{\"@type\":\"ReadAction\",\"target\":[\"https:\/\/progettotouring.it\/radiotouring104\/2025\/05\/09\/francavilla-angitola-vv-limportanza-del-progetto-sociale-dellimprenditrice-agricola-mazzotta\/\"]}]},{\"@type\":\"ImageObject\",\"inLanguage\":\"it-IT\",\"@id\":\"https:\/\/progettotouring.it\/radiotouring104\/2025\/05\/09\/francavilla-angitola-vv-limportanza-del-progetto-sociale-dellimprenditrice-agricola-mazzotta\/#primaryimage\",\"url\":\"https:\/\/progettotouring.it\/radiotouring104\/wp-content\/uploads\/sites\/6\/2025\/05\/Coldiretti-Calabria-Stefania-Mazzotta-2.jpeg\",\"contentUrl\":\"https:\/\/progettotouring.it\/radiotouring104\/wp-content\/uploads\/sites\/6\/2025\/05\/Coldiretti-Calabria-Stefania-Mazzotta-2.jpeg\",\"width\":1600,\"height\":1200},{\"@type\":\"BreadcrumbList\",\"@id\":\"https:\/\/progettotouring.it\/radiotouring104\/2025\/05\/09\/francavilla-angitola-vv-limportanza-del-progetto-sociale-dellimprenditrice-agricola-mazzotta\/#breadcrumb\",\"itemListElement\":[{\"@type\":\"ListItem\",\"position\":1,\"name\":\"Home\",\"item\":\"https:\/\/progettotouring.it\/radiotouring104\/\"},{\"@type\":\"ListItem\",\"position\":2,\"name\":\"Francavilla Angitola (VV): l&#8217;importanza del progetto sociale dell&#8217;imprenditrice agricola Mazzotta\"}]},{\"@type\":\"WebSite\",\"@id\":\"https:\/\/progettotouring.it\/radiotouring104\/#website\",\"url\":\"https:\/\/progettotouring.it\/radiotouring104\/\",\"name\":\"Radio Touring 104\",\"description\":\"La prima radio Reggina\",\"publisher\":{\"@id\":\"https:\/\/progettotouring.it\/radiotouring104\/#organization\"},\"potentialAction\":[{\"@type\":\"SearchAction\",\"target\":{\"@type\":\"EntryPoint\",\"urlTemplate\":\"https:\/\/progettotouring.it\/radiotouring104\/?s={search_term_string}\"},\"query-input\":{\"@type\":\"PropertyValueSpecification\",\"valueRequired\":true,\"valueName\":\"search_term_string\"}}],\"inLanguage\":\"it-IT\"},{\"@type\":\"Organization\",\"@id\":\"https:\/\/progettotouring.it\/radiotouring104\/#organization\",\"name\":\"Radio Touring 104\",\"url\":\"https:\/\/progettotouring.it\/radiotouring104\/\",\"logo\":{\"@type\":\"ImageObject\",\"inLanguage\":\"it-IT\",\"@id\":\"https:\/\/progettotouring.it\/radiotouring104\/#\/schema\/logo\/image\/\",\"url\":\"https:\/\/progettotouring.it\/radiotouring104\/wp-content\/uploads\/sites\/6\/2022\/02\/cropped-logo-radio-touring-104.png\",\"contentUrl\":\"https:\/\/progettotouring.it\/radiotouring104\/wp-content\/uploads\/sites\/6\/2022\/02\/cropped-logo-radio-touring-104.png\",\"width\":377,\"height\":182,\"caption\":\"Radio Touring 104\"},\"image\":{\"@id\":\"https:\/\/progettotouring.it\/radiotouring104\/#\/schema\/logo\/image\/\"}},{\"@type\":\"Person\",\"@id\":\"https:\/\/progettotouring.it\/radiotouring104\/#\/schema\/person\/78613917f1851f041f7483f5af1d422e\",\"name\":\"Sebastiano Plutino\",\"image\":{\"@type\":\"ImageObject\",\"inLanguage\":\"it-IT\",\"@id\":\"https:\/\/secure.gravatar.com\/avatar\/0546ffaa9b79224faf9f2a156b67a529ae861d3287c66c1d8ccfdf909bcba78d?s=96&d=mm&r=g\",\"url\":\"https:\/\/secure.gravatar.com\/avatar\/0546ffaa9b79224faf9f2a156b67a529ae861d3287c66c1d8ccfdf909bcba78d?s=96&d=mm&r=g\",\"contentUrl\":\"https:\/\/secure.gravatar.com\/avatar\/0546ffaa9b79224faf9f2a156b67a529ae861d3287c66c1d8ccfdf909bcba78d?s=96&d=mm&r=g\",\"caption\":\"Sebastiano Plutino\"},\"url\":\"https:\/\/progettotouring.it\/radiotouring104\/author\/sebastiano\/\"}]}<\/script>\n<!-- \/ Yoast SEO plugin. -->","yoast_head_json":{"title":"Francavilla Angitola (VV): l'importanza del progetto sociale dell'imprenditrice agricola Mazzotta - Radio Touring 104","description":"L\u2019agricoltura sociale di Stefania Mazzotta: dal premio Donne Coldiretti nuove opportunit\u00e0 di integrazione per migranti ed emarginati","robots":{"index":"index","follow":"follow","max-snippet":"max-snippet:-1","max-image-preview":"max-image-preview:large","max-video-preview":"max-video-preview:-1"},"canonical":"https:\/\/progettotouring.it\/radiotouring104\/2025\/05\/09\/francavilla-angitola-vv-limportanza-del-progetto-sociale-dellimprenditrice-agricola-mazzotta\/","og_locale":"it_IT","og_type":"article","og_title":"Francavilla Angitola (VV): l'importanza del progetto sociale dell'imprenditrice agricola Mazzotta - Radio Touring 104","og_description":"L\u2019agricoltura sociale di Stefania Mazzotta: dal premio Donne Coldiretti nuove opportunit\u00e0 di integrazione per migranti ed emarginati","og_url":"https:\/\/progettotouring.it\/radiotouring104\/2025\/05\/09\/francavilla-angitola-vv-limportanza-del-progetto-sociale-dellimprenditrice-agricola-mazzotta\/","og_site_name":"Radio Touring 104","article_published_time":"2025-05-09T10:09:35+00:00","og_image":[{"width":1600,"height":1200,"url":"https:\/\/progettotouring.it\/radiotouring104\/wp-content\/uploads\/sites\/6\/2025\/05\/Coldiretti-Calabria-Stefania-Mazzotta-2.jpeg","type":"image\/jpeg"}],"author":"Sebastiano Plutino","twitter_card":"summary_large_image","twitter_misc":{"Scritto da":"Sebastiano Plutino","Tempo di lettura stimato":"1 minuto"},"schema":{"@context":"https:\/\/schema.org","@graph":[{"@type":"Article","@id":"https:\/\/progettotouring.it\/radiotouring104\/2025\/05\/09\/francavilla-angitola-vv-limportanza-del-progetto-sociale-dellimprenditrice-agricola-mazzotta\/#article","isPartOf":{"@id":"https:\/\/progettotouring.it\/radiotouring104\/2025\/05\/09\/francavilla-angitola-vv-limportanza-del-progetto-sociale-dellimprenditrice-agricola-mazzotta\/"},"author":{"name":"Sebastiano Plutino","@id":"https:\/\/progettotouring.it\/radiotouring104\/#\/schema\/person\/78613917f1851f041f7483f5af1d422e"},"headline":"Francavilla Angitola (VV): l&#8217;importanza del progetto sociale dell&#8217;imprenditrice agricola Mazzotta","datePublished":"2025-05-09T10:09:35+00:00","mainEntityOfPage":{"@id":"https:\/\/progettotouring.it\/radiotouring104\/2025\/05\/09\/francavilla-angitola-vv-limportanza-del-progetto-sociale-dellimprenditrice-agricola-mazzotta\/"},"wordCount":306,"publisher":{"@id":"https:\/\/progettotouring.it\/radiotouring104\/#organization"},"image":{"@id":"https:\/\/progettotouring.it\/radiotouring104\/2025\/05\/09\/francavilla-angitola-vv-limportanza-del-progetto-sociale-dellimprenditrice-agricola-mazzotta\/#primaryimage"},"thumbnailUrl":"https:\/\/progettotouring.it\/radiotouring104\/wp-content\/uploads\/sites\/6\/2025\/05\/Coldiretti-Calabria-Stefania-Mazzotta-2.jpeg","keywords":["emarginati","Francavilla Angitola","migranti","premio Donne Coldiretti","progetto sociale","Stefania Mazzotta"],"articleSection":["Calabria","Home","News"],"inLanguage":"it-IT"},{"@type":"WebPage","@id":"https:\/\/progettotouring.it\/radiotouring104\/2025\/05\/09\/francavilla-angitola-vv-limportanza-del-progetto-sociale-dellimprenditrice-agricola-mazzotta\/","url":"https:\/\/progettotouring.it\/radiotouring104\/2025\/05\/09\/francavilla-angitola-vv-limportanza-del-progetto-sociale-dellimprenditrice-agricola-mazzotta\/","name":"Francavilla Angitola (VV): l'importanza del progetto sociale dell'imprenditrice agricola Mazzotta - Radio Touring 104","isPartOf":{"@id":"https:\/\/progettotouring.it\/radiotouring104\/#website"},"primaryImageOfPage":{"@id":"https:\/\/progettotouring.it\/radiotouring104\/2025\/05\/09\/francavilla-angitola-vv-limportanza-del-progetto-sociale-dellimprenditrice-agricola-mazzotta\/#primaryimage"},"image":{"@id":"https:\/\/progettotouring.it\/radiotouring104\/2025\/05\/09\/francavilla-angitola-vv-limportanza-del-progetto-sociale-dellimprenditrice-agricola-mazzotta\/#primaryimage"},"thumbnailUrl":"https:\/\/progettotouring.it\/radiotouring104\/wp-content\/uploads\/sites\/6\/2025\/05\/Coldiretti-Calabria-Stefania-Mazzotta-2.jpeg","datePublished":"2025-05-09T10:09:35+00:00","description":"L\u2019agricoltura sociale di Stefania Mazzotta: dal premio Donne Coldiretti nuove opportunit\u00e0 di integrazione per migranti ed emarginati","breadcrumb":{"@id":"https:\/\/progettotouring.it\/radiotouring104\/2025\/05\/09\/francavilla-angitola-vv-limportanza-del-progetto-sociale-dellimprenditrice-agricola-mazzotta\/#breadcrumb"},"inLanguage":"it-IT","potentialAction":[{"@type":"ReadAction","target":["https:\/\/progettotouring.it\/radiotouring104\/2025\/05\/09\/francavilla-angitola-vv-limportanza-del-progetto-sociale-dellimprenditrice-agricola-mazzotta\/"]}]},{"@type":"ImageObject","inLanguage":"it-IT","@id":"https:\/\/progettotouring.it\/radiotouring104\/2025\/05\/09\/francavilla-angitola-vv-limportanza-del-progetto-sociale-dellimprenditrice-agricola-mazzotta\/#primaryimage","url":"https:\/\/progettotouring.it\/radiotouring104\/wp-content\/uploads\/sites\/6\/2025\/05\/Coldiretti-Calabria-Stefania-Mazzotta-2.jpeg","contentUrl":"https:\/\/progettotouring.it\/radiotouring104\/wp-content\/uploads\/sites\/6\/2025\/05\/Coldiretti-Calabria-Stefania-Mazzotta-2.jpeg","width":1600,"height":1200},{"@type":"BreadcrumbList","@id":"https:\/\/progettotouring.it\/radiotouring104\/2025\/05\/09\/francavilla-angitola-vv-limportanza-del-progetto-sociale-dellimprenditrice-agricola-mazzotta\/#breadcrumb","itemListElement":[{"@type":"ListItem","position":1,"name":"Home","item":"https:\/\/progettotouring.it\/radiotouring104\/"},{"@type":"ListItem","position":2,"name":"Francavilla Angitola (VV): l&#8217;importanza del progetto sociale dell&#8217;imprenditrice agricola Mazzotta"}]},{"@type":"WebSite","@id":"https:\/\/progettotouring.it\/radiotouring104\/#website","url":"https:\/\/progettotouring.it\/radiotouring104\/","name":"Radio Touring 104","description":"La prima radio Reggina","publisher":{"@id":"https:\/\/progettotouring.it\/radiotouring104\/#organization"},"potentialAction":[{"@type":"SearchAction","target":{"@type":"EntryPoint","urlTemplate":"https:\/\/progettotouring.it\/radiotouring104\/?s={search_term_string}"},"query-input":{"@type":"PropertyValueSpecification","valueRequired":true,"valueName":"search_term_string"}}],"inLanguage":"it-IT"},{"@type":"Organization","@id":"https:\/\/progettotouring.it\/radiotouring104\/#organization","name":"Radio Touring 104","url":"https:\/\/progettotouring.it\/radiotouring104\/","logo":{"@type":"ImageObject","inLanguage":"it-IT","@id":"https:\/\/progettotouring.it\/radiotouring104\/#\/schema\/logo\/image\/","url":"https:\/\/progettotouring.it\/radiotouring104\/wp-content\/uploads\/sites\/6\/2022\/02\/cropped-logo-radio-touring-104.png","contentUrl":"https:\/\/progettotouring.it\/radiotouring104\/wp-content\/uploads\/sites\/6\/2022\/02\/cropped-logo-radio-touring-104.png","width":377,"height":182,"caption":"Radio Touring 104"},"image":{"@id":"https:\/\/progettotouring.it\/radiotouring104\/#\/schema\/logo\/image\/"}},{"@type":"Person","@id":"https:\/\/progettotouring.it\/radiotouring104\/#\/schema\/person\/78613917f1851f041f7483f5af1d422e","name":"Sebastiano Plutino","image":{"@type":"ImageObject","inLanguage":"it-IT","@id":"https:\/\/secure.gravatar.com\/avatar\/0546ffaa9b79224faf9f2a156b67a529ae861d3287c66c1d8ccfdf909bcba78d?s=96&d=mm&r=g","url":"https:\/\/secure.gravatar.com\/avatar\/0546ffaa9b79224faf9f2a156b67a529ae861d3287c66c1d8ccfdf909bcba78d?s=96&d=mm&r=g","contentUrl":"https:\/\/secure.gravatar.com\/avatar\/0546ffaa9b79224faf9f2a156b67a529ae861d3287c66c1d8ccfdf909bcba78d?s=96&d=mm&r=g","caption":"Sebastiano Plutino"},"url":"https:\/\/progettotouring.it\/radiotouring104\/author\/sebastiano\/"}]}},"jetpack_publicize_connections":[],"jetpack_featured_media_url":"https:\/\/progettotouring.it\/radiotouring104\/wp-content\/uploads\/sites\/6\/2025\/05\/Coldiretti-Calabria-Stefania-Mazzotta-2.jpeg","jetpack_sharing_enabled":true,"_links":{"self":[{"href":"https:\/\/progettotouring.it\/radiotouring104\/wp-json\/wp\/v2\/posts\/73190","targetHints":{"allow":["GET"]}}],"collection":[{"href":"https:\/\/progettotouring.it\/radiotouring104\/wp-json\/wp\/v2\/posts"}],"about":[{"href":"https:\/\/progettotouring.it\/radiotouring104\/wp-json\/wp\/v2\/types\/post"}],"author":[{"embeddable":true,"href":"https:\/\/progettotouring.it\/radiotouring104\/wp-json\/wp\/v2\/users\/12"}],"replies":[{"embeddable":true,"href":"https:\/\/progettotouring.it\/radiotouring104\/wp-json\/wp\/v2\/comments?post=73190"}],"version-history":[{"count":1,"href":"https:\/\/progettotouring.it\/radiotouring104\/wp-json\/wp\/v2\/posts\/73190\/revisions"}],"predecessor-version":[{"id":73192,"href":"https:\/\/progettotouring.it\/radiotouring104\/wp-json\/wp\/v2\/posts\/73190\/revisions\/73192"}],"wp:featuredmedia":[{"embeddable":true,"href":"https:\/\/progettotouring.it\/radiotouring104\/wp-json\/wp\/v2\/media\/73191"}],"wp:attachment":[{"href":"https:\/\/progettotouring.it\/radiotouring104\/wp-json\/wp\/v2\/media?parent=73190"}],"wp:term":[{"taxonomy":"category","embeddable":true,"href":"https:\/\/progettotouring.it\/radiotouring104\/wp-json\/wp\/v2\/categories?post=73190"},{"taxonomy":"post_tag","embeddable":true,"href":"https:\/\/progettotouring.it\/radiotouring104\/wp-json\/wp\/v2\/tags?post=73190"}],"curies":[{"name":"wp","href":"https:\/\/api.w.org\/{rel}","templated":true}]}}