{"id":73221,"date":"2025-05-10T11:25:14","date_gmt":"2025-05-10T09:25:14","guid":{"rendered":"https:\/\/progettotouring.it\/radiotouring104\/?p=73221"},"modified":"2025-05-10T11:25:14","modified_gmt":"2025-05-10T09:25:14","slug":"al-palmarium-del-consiglio-regionale-grande-partecipazione-per-levento-calabria-testimone-dei-valori-europei","status":"publish","type":"post","link":"https:\/\/progettotouring.it\/radiotouring104\/2025\/05\/10\/al-palmarium-del-consiglio-regionale-grande-partecipazione-per-levento-calabria-testimone-dei-valori-europei\/","title":{"rendered":"Al \u201cPalmarium\u201d del Consiglio regionale grande partecipazione per l&#8217;evento \u201cCalabria testimone dei valori europei\u201c"},"content":{"rendered":"<p class=\"xmprfx_MsoNormal\">Entusiasmo e grande partecipazione all\u2019evento \u201cCalabria testimone dei valori europei\u201c, promosso dall\u2019eurodeputata Giusi Princi in occasione della Festa d\u2019Europa, celebrata in tutti gli Stati membri il 9 maggio per i 75 anni dalla nascita del sogno dei padri fondatori di un\u2019Europa unita.<\/p>\n<p class=\"xmprfx_MsoNormal\">Oltre 1000 persone presenti all\u2019evento, realizzato in una location inedita, il \u201cPalmarium\u201d del Consiglio regionale della Calabria, alla presenza delle massime autorit\u00e0 politiche, militari, sportive e scolastiche, con la straordinaria partecipazione del Ministro dell\u2019Universit\u00e0 e della Ricerca On. Anna Maria Bernini, ma, soprattutto, oltre 600 studenti che si sono esibiti in varie e apprezzatissime performance artistiche e musicali, accompagnate da &#8220;<em>una qualificata mostra cartellonista che sar\u00e0 esposta in Parlamento&#8221;<\/em>, come ha dichiarato Giusi Princi. L\u2019importante cerimonia \u00e8 culminata con l\u2019inaugurazione di una panchina europea, dedicata a De Gasperi, che l\u2019on. Princi ha voluto omaggiare al Consiglio regionale. <em>\u201c\u00c8 un passo importante di un cammino collettivo<\/em> \u2013 afferma &#8211; <em>che mira a rafforzare il legame tra la Calabria e l\u2019Europa gettando un significativo ponte tra i cittadini e le istituzioni\u201d.<\/em><\/p>\n<p class=\"xmprfx_MsoNormal\"><em><img fetchpriority=\"high\" decoding=\"async\" class=\"alignnone size-medium wp-image-73223\" src=\"https:\/\/progettotouring.it\/radiotouring104\/wp-content\/uploads\/sites\/6\/2025\/05\/Festa-dellEuropa-1-218x300.jpeg\" alt=\"\" width=\"218\" height=\"300\" srcset=\"https:\/\/progettotouring.it\/radiotouring104\/wp-content\/uploads\/sites\/6\/2025\/05\/Festa-dellEuropa-1-218x300.jpeg 218w, https:\/\/progettotouring.it\/radiotouring104\/wp-content\/uploads\/sites\/6\/2025\/05\/Festa-dellEuropa-1-744x1024.jpeg 744w, https:\/\/progettotouring.it\/radiotouring104\/wp-content\/uploads\/sites\/6\/2025\/05\/Festa-dellEuropa-1-768x1057.jpeg 768w, https:\/\/progettotouring.it\/radiotouring104\/wp-content\/uploads\/sites\/6\/2025\/05\/Festa-dellEuropa-1-585x805.jpeg 585w, https:\/\/progettotouring.it\/radiotouring104\/wp-content\/uploads\/sites\/6\/2025\/05\/Festa-dellEuropa-1.jpeg 902w\" sizes=\"(max-width: 218px) 100vw, 218px\" \/><img decoding=\"async\" class=\"alignnone size-medium wp-image-73225\" src=\"https:\/\/progettotouring.it\/radiotouring104\/wp-content\/uploads\/sites\/6\/2025\/05\/WhatsApp-Image-2025-05-10-at-11.23.34-225x300.jpeg\" alt=\"\" width=\"225\" height=\"300\" srcset=\"https:\/\/progettotouring.it\/radiotouring104\/wp-content\/uploads\/sites\/6\/2025\/05\/WhatsApp-Image-2025-05-10-at-11.23.34-225x300.jpeg 225w, https:\/\/progettotouring.it\/radiotouring104\/wp-content\/uploads\/sites\/6\/2025\/05\/WhatsApp-Image-2025-05-10-at-11.23.34-768x1024.jpeg 768w, https:\/\/progettotouring.it\/radiotouring104\/wp-content\/uploads\/sites\/6\/2025\/05\/WhatsApp-Image-2025-05-10-at-11.23.34-1152x1536.jpeg 1152w, https:\/\/progettotouring.it\/radiotouring104\/wp-content\/uploads\/sites\/6\/2025\/05\/WhatsApp-Image-2025-05-10-at-11.23.34-1170x1560.jpeg 1170w, https:\/\/progettotouring.it\/radiotouring104\/wp-content\/uploads\/sites\/6\/2025\/05\/WhatsApp-Image-2025-05-10-at-11.23.34-585x780.jpeg 585w, https:\/\/progettotouring.it\/radiotouring104\/wp-content\/uploads\/sites\/6\/2025\/05\/WhatsApp-Image-2025-05-10-at-11.23.34.jpeg 1200w\" sizes=\"(max-width: 225px) 100vw, 225px\" \/><\/em><\/p>\n<p class=\"xmprfx_MsoNormal\"><em>\u201cAvvier\u00f2 l\u2019iter perch\u00e9 tutti gli istituti che hanno partecipato alla cerimonia<\/em> \u2013 prosegue l\u2019eurodeputata &#8211; <em>vengano riconosciuti scuole ambasciatrici d\u2019Europa. Il livello della scuola calabrese \u00e8 alto ed \u00e8 importante che venga riconosciuto come modello europeo. Un\u2019Europa, quindi, in cui si respirer\u00e0 sempre pi\u00f9 Calabria grazie ai nostri giovani, veri ambasciatori dei valori europei di pace, libert\u00e0, giustizia sociale e democrazia. Ringrazio tutti i dirigenti scolastici<\/em> \u2013 continua Princi &#8211; <em>insieme ai docenti che con la loro abnegazione hanno contribuito al successo dell\u2019evento che ho promosso insieme al Consiglio regionale della Calabria, alla Rappresentanza italiana del Parlamento europeo, che, tra l\u2019altro, \u00a0ha finanziato l\u2019iniziativa, all\u2019Ufficio scolastico regionale e all\u2019Assessorato all\u2019Istruzione della Regione Calabria. In tale giornata, \u00e8 stato l\u2019evento pi\u00f9 importante realizzato nei 27 Stati membri dell\u2019Europa. Lo slogan \u2018Europa siamo Noi\u2019, centrale nella T-shirt che hanno indossato tutti gli studenti, testimonia quanto finalmente l\u2019Europa sia presente nella nostra terra con tante opportunit\u00e0 che, coinvolgendo i nostri giovani, mi impegner\u00f2 a concretizzare per promuoverne la crescita e lo sviluppo\u201d<\/em>, conclude Giusi Princi.<\/p>\n","protected":false},"excerpt":{"rendered":"<p>Entusiasmo e grande partecipazione all\u2019evento \u201cCalabria testimone dei valori europei\u201c, promosso dall\u2019eurodeputata Giusi Princi in occasione della Festa d\u2019Europa, celebrata in tutti gli Stati membri il 9 maggio per i&hellip;<\/p>\n","protected":false},"author":19,"featured_media":73222,"comment_status":"closed","ping_status":"open","sticky":false,"template":"","format":"standard","meta":{"_jetpack_memberships_contains_paid_content":false,"footnotes":"","jetpack_publicize_message":"","jetpack_publicize_feature_enabled":true,"jetpack_social_post_already_shared":true,"jetpack_social_options":{"image_generator_settings":{"template":"highway","default_image_id":0,"font":"","enabled":false},"version":2}},"categories":[921,196,140],"tags":[],"class_list":["post-73221","post","type-post","status-publish","format-standard","has-post-thumbnail","hentry","category-home","category-news","category-reggio-calabria"],"yoast_head":"<!-- This site is optimized with the Yoast SEO plugin v27.2 - https:\/\/yoast.com\/product\/yoast-seo-wordpress\/ -->\n<title>Al \u201cPalmarium\u201d del Consiglio regionale grande partecipazione per l&#039;evento \u201cCalabria testimone dei valori europei\u201c - Radio Touring 104<\/title>\n<meta name=\"description\" content=\"La manifestazione \u00e8 stata promossa dall\u2019eurodeputata Giusi Princi in occasione della Festa d\u2019Europa, celebrata in tutti gli Stati membri il 9 maggio\" \/>\n<meta name=\"robots\" content=\"index, follow, max-snippet:-1, max-image-preview:large, max-video-preview:-1\" \/>\n<link rel=\"canonical\" href=\"https:\/\/progettotouring.it\/radiotouring104\/2025\/05\/10\/al-palmarium-del-consiglio-regionale-grande-partecipazione-per-levento-calabria-testimone-dei-valori-europei\/\" \/>\n<meta property=\"og:locale\" content=\"it_IT\" \/>\n<meta property=\"og:type\" content=\"article\" \/>\n<meta property=\"og:title\" content=\"Al \u201cPalmarium\u201d del Consiglio regionale grande partecipazione per l&#039;evento \u201cCalabria testimone dei valori europei\u201c - Radio Touring 104\" \/>\n<meta property=\"og:description\" content=\"La manifestazione \u00e8 stata promossa dall\u2019eurodeputata Giusi Princi in occasione della Festa d\u2019Europa, celebrata in tutti gli Stati membri il 9 maggio\" \/>\n<meta property=\"og:url\" content=\"https:\/\/progettotouring.it\/radiotouring104\/2025\/05\/10\/al-palmarium-del-consiglio-regionale-grande-partecipazione-per-levento-calabria-testimone-dei-valori-europei\/\" \/>\n<meta property=\"og:site_name\" content=\"Radio Touring 104\" \/>\n<meta property=\"article:published_time\" content=\"2025-05-10T09:25:14+00:00\" \/>\n<meta property=\"og:image\" content=\"https:\/\/progettotouring.it\/radiotouring104\/wp-content\/uploads\/sites\/6\/2025\/05\/princi-festa-delleuropa.jpg\" \/>\n\t<meta property=\"og:image:width\" content=\"1920\" \/>\n\t<meta property=\"og:image:height\" content=\"1080\" \/>\n\t<meta property=\"og:image:type\" content=\"image\/jpeg\" \/>\n<meta name=\"author\" content=\"S L\" \/>\n<meta name=\"twitter:card\" content=\"summary_large_image\" \/>\n<meta name=\"twitter:label1\" content=\"Scritto da\" \/>\n\t<meta name=\"twitter:data1\" content=\"S L\" \/>\n\t<meta name=\"twitter:label2\" content=\"Tempo di lettura stimato\" \/>\n\t<meta name=\"twitter:data2\" content=\"2 minuti\" \/>\n<script type=\"application\/ld+json\" class=\"yoast-schema-graph\">{\"@context\":\"https:\/\/schema.org\",\"@graph\":[{\"@type\":\"Article\",\"@id\":\"https:\/\/progettotouring.it\/radiotouring104\/2025\/05\/10\/al-palmarium-del-consiglio-regionale-grande-partecipazione-per-levento-calabria-testimone-dei-valori-europei\/#article\",\"isPartOf\":{\"@id\":\"https:\/\/progettotouring.it\/radiotouring104\/2025\/05\/10\/al-palmarium-del-consiglio-regionale-grande-partecipazione-per-levento-calabria-testimone-dei-valori-europei\/\"},\"author\":{\"name\":\"S L\",\"@id\":\"https:\/\/progettotouring.it\/radiotouring104\/#\/schema\/person\/b9f9c3730b0a78814c9b9f3bfc52c619\"},\"headline\":\"Al \u201cPalmarium\u201d del Consiglio regionale grande partecipazione per l&#8217;evento \u201cCalabria testimone dei valori europei\u201c\",\"datePublished\":\"2025-05-10T09:25:14+00:00\",\"mainEntityOfPage\":{\"@id\":\"https:\/\/progettotouring.it\/radiotouring104\/2025\/05\/10\/al-palmarium-del-consiglio-regionale-grande-partecipazione-per-levento-calabria-testimone-dei-valori-europei\/\"},\"wordCount\":367,\"publisher\":{\"@id\":\"https:\/\/progettotouring.it\/radiotouring104\/#organization\"},\"image\":{\"@id\":\"https:\/\/progettotouring.it\/radiotouring104\/2025\/05\/10\/al-palmarium-del-consiglio-regionale-grande-partecipazione-per-levento-calabria-testimone-dei-valori-europei\/#primaryimage\"},\"thumbnailUrl\":\"https:\/\/progettotouring.it\/radiotouring104\/wp-content\/uploads\/sites\/6\/2025\/05\/princi-festa-delleuropa.jpg\",\"articleSection\":[\"Home\",\"News\",\"Reggio Calabria\"],\"inLanguage\":\"it-IT\"},{\"@type\":\"WebPage\",\"@id\":\"https:\/\/progettotouring.it\/radiotouring104\/2025\/05\/10\/al-palmarium-del-consiglio-regionale-grande-partecipazione-per-levento-calabria-testimone-dei-valori-europei\/\",\"url\":\"https:\/\/progettotouring.it\/radiotouring104\/2025\/05\/10\/al-palmarium-del-consiglio-regionale-grande-partecipazione-per-levento-calabria-testimone-dei-valori-europei\/\",\"name\":\"Al \u201cPalmarium\u201d del Consiglio regionale grande partecipazione per l'evento \u201cCalabria testimone dei valori europei\u201c - Radio Touring 104\",\"isPartOf\":{\"@id\":\"https:\/\/progettotouring.it\/radiotouring104\/#website\"},\"primaryImageOfPage\":{\"@id\":\"https:\/\/progettotouring.it\/radiotouring104\/2025\/05\/10\/al-palmarium-del-consiglio-regionale-grande-partecipazione-per-levento-calabria-testimone-dei-valori-europei\/#primaryimage\"},\"image\":{\"@id\":\"https:\/\/progettotouring.it\/radiotouring104\/2025\/05\/10\/al-palmarium-del-consiglio-regionale-grande-partecipazione-per-levento-calabria-testimone-dei-valori-europei\/#primaryimage\"},\"thumbnailUrl\":\"https:\/\/progettotouring.it\/radiotouring104\/wp-content\/uploads\/sites\/6\/2025\/05\/princi-festa-delleuropa.jpg\",\"datePublished\":\"2025-05-10T09:25:14+00:00\",\"description\":\"La manifestazione \u00e8 stata promossa dall\u2019eurodeputata Giusi Princi in occasione della Festa d\u2019Europa, celebrata in tutti gli Stati membri il 9 maggio\",\"breadcrumb\":{\"@id\":\"https:\/\/progettotouring.it\/radiotouring104\/2025\/05\/10\/al-palmarium-del-consiglio-regionale-grande-partecipazione-per-levento-calabria-testimone-dei-valori-europei\/#breadcrumb\"},\"inLanguage\":\"it-IT\",\"potentialAction\":[{\"@type\":\"ReadAction\",\"target\":[\"https:\/\/progettotouring.it\/radiotouring104\/2025\/05\/10\/al-palmarium-del-consiglio-regionale-grande-partecipazione-per-levento-calabria-testimone-dei-valori-europei\/\"]}]},{\"@type\":\"ImageObject\",\"inLanguage\":\"it-IT\",\"@id\":\"https:\/\/progettotouring.it\/radiotouring104\/2025\/05\/10\/al-palmarium-del-consiglio-regionale-grande-partecipazione-per-levento-calabria-testimone-dei-valori-europei\/#primaryimage\",\"url\":\"https:\/\/progettotouring.it\/radiotouring104\/wp-content\/uploads\/sites\/6\/2025\/05\/princi-festa-delleuropa.jpg\",\"contentUrl\":\"https:\/\/progettotouring.it\/radiotouring104\/wp-content\/uploads\/sites\/6\/2025\/05\/princi-festa-delleuropa.jpg\",\"width\":1920,\"height\":1080},{\"@type\":\"BreadcrumbList\",\"@id\":\"https:\/\/progettotouring.it\/radiotouring104\/2025\/05\/10\/al-palmarium-del-consiglio-regionale-grande-partecipazione-per-levento-calabria-testimone-dei-valori-europei\/#breadcrumb\",\"itemListElement\":[{\"@type\":\"ListItem\",\"position\":1,\"name\":\"Home\",\"item\":\"https:\/\/progettotouring.it\/radiotouring104\/\"},{\"@type\":\"ListItem\",\"position\":2,\"name\":\"Al \u201cPalmarium\u201d del Consiglio regionale grande partecipazione per l&#8217;evento \u201cCalabria testimone dei valori europei\u201c\"}]},{\"@type\":\"WebSite\",\"@id\":\"https:\/\/progettotouring.it\/radiotouring104\/#website\",\"url\":\"https:\/\/progettotouring.it\/radiotouring104\/\",\"name\":\"Radio Touring 104\",\"description\":\"La prima radio Reggina\",\"publisher\":{\"@id\":\"https:\/\/progettotouring.it\/radiotouring104\/#organization\"},\"potentialAction\":[{\"@type\":\"SearchAction\",\"target\":{\"@type\":\"EntryPoint\",\"urlTemplate\":\"https:\/\/progettotouring.it\/radiotouring104\/?s={search_term_string}\"},\"query-input\":{\"@type\":\"PropertyValueSpecification\",\"valueRequired\":true,\"valueName\":\"search_term_string\"}}],\"inLanguage\":\"it-IT\"},{\"@type\":\"Organization\",\"@id\":\"https:\/\/progettotouring.it\/radiotouring104\/#organization\",\"name\":\"Radio Touring 104\",\"url\":\"https:\/\/progettotouring.it\/radiotouring104\/\",\"logo\":{\"@type\":\"ImageObject\",\"inLanguage\":\"it-IT\",\"@id\":\"https:\/\/progettotouring.it\/radiotouring104\/#\/schema\/logo\/image\/\",\"url\":\"https:\/\/progettotouring.it\/radiotouring104\/wp-content\/uploads\/sites\/6\/2022\/02\/cropped-logo-radio-touring-104.png\",\"contentUrl\":\"https:\/\/progettotouring.it\/radiotouring104\/wp-content\/uploads\/sites\/6\/2022\/02\/cropped-logo-radio-touring-104.png\",\"width\":377,\"height\":182,\"caption\":\"Radio Touring 104\"},\"image\":{\"@id\":\"https:\/\/progettotouring.it\/radiotouring104\/#\/schema\/logo\/image\/\"}},{\"@type\":\"Person\",\"@id\":\"https:\/\/progettotouring.it\/radiotouring104\/#\/schema\/person\/b9f9c3730b0a78814c9b9f3bfc52c619\",\"name\":\"S L\",\"image\":{\"@type\":\"ImageObject\",\"inLanguage\":\"it-IT\",\"@id\":\"https:\/\/secure.gravatar.com\/avatar\/652c51789d7030aaed9ff828331360502a68204fe6fb0831bc280515210e16d2?s=96&d=mm&r=g\",\"url\":\"https:\/\/secure.gravatar.com\/avatar\/652c51789d7030aaed9ff828331360502a68204fe6fb0831bc280515210e16d2?s=96&d=mm&r=g\",\"contentUrl\":\"https:\/\/secure.gravatar.com\/avatar\/652c51789d7030aaed9ff828331360502a68204fe6fb0831bc280515210e16d2?s=96&d=mm&r=g\",\"caption\":\"S L\"},\"url\":\"https:\/\/progettotouring.it\/radiotouring104\/author\/slibri\/\"}]}<\/script>\n<!-- \/ Yoast SEO plugin. -->","yoast_head_json":{"title":"Al \u201cPalmarium\u201d del Consiglio regionale grande partecipazione per l'evento \u201cCalabria testimone dei valori europei\u201c - Radio Touring 104","description":"La manifestazione \u00e8 stata promossa dall\u2019eurodeputata Giusi Princi in occasione della Festa d\u2019Europa, celebrata in tutti gli Stati membri il 9 maggio","robots":{"index":"index","follow":"follow","max-snippet":"max-snippet:-1","max-image-preview":"max-image-preview:large","max-video-preview":"max-video-preview:-1"},"canonical":"https:\/\/progettotouring.it\/radiotouring104\/2025\/05\/10\/al-palmarium-del-consiglio-regionale-grande-partecipazione-per-levento-calabria-testimone-dei-valori-europei\/","og_locale":"it_IT","og_type":"article","og_title":"Al \u201cPalmarium\u201d del Consiglio regionale grande partecipazione per l'evento \u201cCalabria testimone dei valori europei\u201c - Radio Touring 104","og_description":"La manifestazione \u00e8 stata promossa dall\u2019eurodeputata Giusi Princi in occasione della Festa d\u2019Europa, celebrata in tutti gli Stati membri il 9 maggio","og_url":"https:\/\/progettotouring.it\/radiotouring104\/2025\/05\/10\/al-palmarium-del-consiglio-regionale-grande-partecipazione-per-levento-calabria-testimone-dei-valori-europei\/","og_site_name":"Radio Touring 104","article_published_time":"2025-05-10T09:25:14+00:00","og_image":[{"width":1920,"height":1080,"url":"https:\/\/progettotouring.it\/radiotouring104\/wp-content\/uploads\/sites\/6\/2025\/05\/princi-festa-delleuropa.jpg","type":"image\/jpeg"}],"author":"S L","twitter_card":"summary_large_image","twitter_misc":{"Scritto da":"S L","Tempo di lettura stimato":"2 minuti"},"schema":{"@context":"https:\/\/schema.org","@graph":[{"@type":"Article","@id":"https:\/\/progettotouring.it\/radiotouring104\/2025\/05\/10\/al-palmarium-del-consiglio-regionale-grande-partecipazione-per-levento-calabria-testimone-dei-valori-europei\/#article","isPartOf":{"@id":"https:\/\/progettotouring.it\/radiotouring104\/2025\/05\/10\/al-palmarium-del-consiglio-regionale-grande-partecipazione-per-levento-calabria-testimone-dei-valori-europei\/"},"author":{"name":"S L","@id":"https:\/\/progettotouring.it\/radiotouring104\/#\/schema\/person\/b9f9c3730b0a78814c9b9f3bfc52c619"},"headline":"Al \u201cPalmarium\u201d del Consiglio regionale grande partecipazione per l&#8217;evento \u201cCalabria testimone dei valori europei\u201c","datePublished":"2025-05-10T09:25:14+00:00","mainEntityOfPage":{"@id":"https:\/\/progettotouring.it\/radiotouring104\/2025\/05\/10\/al-palmarium-del-consiglio-regionale-grande-partecipazione-per-levento-calabria-testimone-dei-valori-europei\/"},"wordCount":367,"publisher":{"@id":"https:\/\/progettotouring.it\/radiotouring104\/#organization"},"image":{"@id":"https:\/\/progettotouring.it\/radiotouring104\/2025\/05\/10\/al-palmarium-del-consiglio-regionale-grande-partecipazione-per-levento-calabria-testimone-dei-valori-europei\/#primaryimage"},"thumbnailUrl":"https:\/\/progettotouring.it\/radiotouring104\/wp-content\/uploads\/sites\/6\/2025\/05\/princi-festa-delleuropa.jpg","articleSection":["Home","News","Reggio Calabria"],"inLanguage":"it-IT"},{"@type":"WebPage","@id":"https:\/\/progettotouring.it\/radiotouring104\/2025\/05\/10\/al-palmarium-del-consiglio-regionale-grande-partecipazione-per-levento-calabria-testimone-dei-valori-europei\/","url":"https:\/\/progettotouring.it\/radiotouring104\/2025\/05\/10\/al-palmarium-del-consiglio-regionale-grande-partecipazione-per-levento-calabria-testimone-dei-valori-europei\/","name":"Al \u201cPalmarium\u201d del Consiglio regionale grande partecipazione per l'evento \u201cCalabria testimone dei valori europei\u201c - Radio Touring 104","isPartOf":{"@id":"https:\/\/progettotouring.it\/radiotouring104\/#website"},"primaryImageOfPage":{"@id":"https:\/\/progettotouring.it\/radiotouring104\/2025\/05\/10\/al-palmarium-del-consiglio-regionale-grande-partecipazione-per-levento-calabria-testimone-dei-valori-europei\/#primaryimage"},"image":{"@id":"https:\/\/progettotouring.it\/radiotouring104\/2025\/05\/10\/al-palmarium-del-consiglio-regionale-grande-partecipazione-per-levento-calabria-testimone-dei-valori-europei\/#primaryimage"},"thumbnailUrl":"https:\/\/progettotouring.it\/radiotouring104\/wp-content\/uploads\/sites\/6\/2025\/05\/princi-festa-delleuropa.jpg","datePublished":"2025-05-10T09:25:14+00:00","description":"La manifestazione \u00e8 stata promossa dall\u2019eurodeputata Giusi Princi in occasione della Festa d\u2019Europa, celebrata in tutti gli Stati membri il 9 maggio","breadcrumb":{"@id":"https:\/\/progettotouring.it\/radiotouring104\/2025\/05\/10\/al-palmarium-del-consiglio-regionale-grande-partecipazione-per-levento-calabria-testimone-dei-valori-europei\/#breadcrumb"},"inLanguage":"it-IT","potentialAction":[{"@type":"ReadAction","target":["https:\/\/progettotouring.it\/radiotouring104\/2025\/05\/10\/al-palmarium-del-consiglio-regionale-grande-partecipazione-per-levento-calabria-testimone-dei-valori-europei\/"]}]},{"@type":"ImageObject","inLanguage":"it-IT","@id":"https:\/\/progettotouring.it\/radiotouring104\/2025\/05\/10\/al-palmarium-del-consiglio-regionale-grande-partecipazione-per-levento-calabria-testimone-dei-valori-europei\/#primaryimage","url":"https:\/\/progettotouring.it\/radiotouring104\/wp-content\/uploads\/sites\/6\/2025\/05\/princi-festa-delleuropa.jpg","contentUrl":"https:\/\/progettotouring.it\/radiotouring104\/wp-content\/uploads\/sites\/6\/2025\/05\/princi-festa-delleuropa.jpg","width":1920,"height":1080},{"@type":"BreadcrumbList","@id":"https:\/\/progettotouring.it\/radiotouring104\/2025\/05\/10\/al-palmarium-del-consiglio-regionale-grande-partecipazione-per-levento-calabria-testimone-dei-valori-europei\/#breadcrumb","itemListElement":[{"@type":"ListItem","position":1,"name":"Home","item":"https:\/\/progettotouring.it\/radiotouring104\/"},{"@type":"ListItem","position":2,"name":"Al \u201cPalmarium\u201d del Consiglio regionale grande partecipazione per l&#8217;evento \u201cCalabria testimone dei valori europei\u201c"}]},{"@type":"WebSite","@id":"https:\/\/progettotouring.it\/radiotouring104\/#website","url":"https:\/\/progettotouring.it\/radiotouring104\/","name":"Radio Touring 104","description":"La prima radio Reggina","publisher":{"@id":"https:\/\/progettotouring.it\/radiotouring104\/#organization"},"potentialAction":[{"@type":"SearchAction","target":{"@type":"EntryPoint","urlTemplate":"https:\/\/progettotouring.it\/radiotouring104\/?s={search_term_string}"},"query-input":{"@type":"PropertyValueSpecification","valueRequired":true,"valueName":"search_term_string"}}],"inLanguage":"it-IT"},{"@type":"Organization","@id":"https:\/\/progettotouring.it\/radiotouring104\/#organization","name":"Radio Touring 104","url":"https:\/\/progettotouring.it\/radiotouring104\/","logo":{"@type":"ImageObject","inLanguage":"it-IT","@id":"https:\/\/progettotouring.it\/radiotouring104\/#\/schema\/logo\/image\/","url":"https:\/\/progettotouring.it\/radiotouring104\/wp-content\/uploads\/sites\/6\/2022\/02\/cropped-logo-radio-touring-104.png","contentUrl":"https:\/\/progettotouring.it\/radiotouring104\/wp-content\/uploads\/sites\/6\/2022\/02\/cropped-logo-radio-touring-104.png","width":377,"height":182,"caption":"Radio Touring 104"},"image":{"@id":"https:\/\/progettotouring.it\/radiotouring104\/#\/schema\/logo\/image\/"}},{"@type":"Person","@id":"https:\/\/progettotouring.it\/radiotouring104\/#\/schema\/person\/b9f9c3730b0a78814c9b9f3bfc52c619","name":"S L","image":{"@type":"ImageObject","inLanguage":"it-IT","@id":"https:\/\/secure.gravatar.com\/avatar\/652c51789d7030aaed9ff828331360502a68204fe6fb0831bc280515210e16d2?s=96&d=mm&r=g","url":"https:\/\/secure.gravatar.com\/avatar\/652c51789d7030aaed9ff828331360502a68204fe6fb0831bc280515210e16d2?s=96&d=mm&r=g","contentUrl":"https:\/\/secure.gravatar.com\/avatar\/652c51789d7030aaed9ff828331360502a68204fe6fb0831bc280515210e16d2?s=96&d=mm&r=g","caption":"S L"},"url":"https:\/\/progettotouring.it\/radiotouring104\/author\/slibri\/"}]}},"jetpack_publicize_connections":[],"jetpack_featured_media_url":"https:\/\/progettotouring.it\/radiotouring104\/wp-content\/uploads\/sites\/6\/2025\/05\/princi-festa-delleuropa.jpg","jetpack_sharing_enabled":true,"_links":{"self":[{"href":"https:\/\/progettotouring.it\/radiotouring104\/wp-json\/wp\/v2\/posts\/73221","targetHints":{"allow":["GET"]}}],"collection":[{"href":"https:\/\/progettotouring.it\/radiotouring104\/wp-json\/wp\/v2\/posts"}],"about":[{"href":"https:\/\/progettotouring.it\/radiotouring104\/wp-json\/wp\/v2\/types\/post"}],"author":[{"embeddable":true,"href":"https:\/\/progettotouring.it\/radiotouring104\/wp-json\/wp\/v2\/users\/19"}],"replies":[{"embeddable":true,"href":"https:\/\/progettotouring.it\/radiotouring104\/wp-json\/wp\/v2\/comments?post=73221"}],"version-history":[{"count":1,"href":"https:\/\/progettotouring.it\/radiotouring104\/wp-json\/wp\/v2\/posts\/73221\/revisions"}],"predecessor-version":[{"id":73226,"href":"https:\/\/progettotouring.it\/radiotouring104\/wp-json\/wp\/v2\/posts\/73221\/revisions\/73226"}],"wp:featuredmedia":[{"embeddable":true,"href":"https:\/\/progettotouring.it\/radiotouring104\/wp-json\/wp\/v2\/media\/73222"}],"wp:attachment":[{"href":"https:\/\/progettotouring.it\/radiotouring104\/wp-json\/wp\/v2\/media?parent=73221"}],"wp:term":[{"taxonomy":"category","embeddable":true,"href":"https:\/\/progettotouring.it\/radiotouring104\/wp-json\/wp\/v2\/categories?post=73221"},{"taxonomy":"post_tag","embeddable":true,"href":"https:\/\/progettotouring.it\/radiotouring104\/wp-json\/wp\/v2\/tags?post=73221"}],"curies":[{"name":"wp","href":"https:\/\/api.w.org\/{rel}","templated":true}]}}