{"id":73227,"date":"2025-05-10T11:44:19","date_gmt":"2025-05-10T09:44:19","guid":{"rendered":"https:\/\/progettotouring.it\/radiotouring104\/?p=73227"},"modified":"2025-05-10T11:44:19","modified_gmt":"2025-05-10T09:44:19","slug":"stasera-al-teatro-cilea-lultima-serata-del-calabria-fest-rai-tutta-italiana","status":"publish","type":"post","link":"https:\/\/progettotouring.it\/radiotouring104\/2025\/05\/10\/stasera-al-teatro-cilea-lultima-serata-del-calabria-fest-rai-tutta-italiana\/","title":{"rendered":"Stasera al Teatro Cilea l&#8217;ultima serata del &#8220;Calabria Fest Rai Tutta Italiana&#8221;"},"content":{"rendered":"<p class=\"xmprfx_MsoNormal\">Lunghi applausi e premi al\u00a0Teatro Cilea di Reggio Calabria\u00a0per i primi dieci live in programma\u00a0 nelle due serate d\u2019apertura della XVII edizione del\u00a0Calabria Fest Rai Tutta Italiana, il Festival della Nuova Musica Italiana con media partner\u00a0Rai Isoradio, Rai Radio Tutta Italiana\u00a0e servizi su\u00a0Rai Italia, organizzato dall\u2019Associazione Culturale\u00a0Art-Music&amp;Co\u00a0presieduta da\u00a0Giusy Leone, con la collaborazione di\u00a0Palco Reale, la direzione artistica di\u00a0Ruggero Pegna, ideatore del format, la conduzione e consulenza musicale di\u00a0Gianmaurizio Foderaro, storica voce di Radio Rai.<\/p>\n<p class=\"xmprfx_MsoNormal\">Ancora una volta, il\u00a0Calabria Fest Tutta Italiana\u00a0conferma il livello altissimo degli artisti proposti, tra i pi\u00f9 talentuosi della nuova scena musicale, tutti premiati con i\u00a0Calabria Music Awards The Best of The Year, premio alle migliori nuove proposte dell\u2019anno, tra quelle segnalate appunto da Isoradio e Rai Radio Tutta Italiana. Applausi, cori, ovazioni, hanno accompagnato ogni live. Il format del festival prevede, infatti, l\u2019esecuzione di quattro brani da parte di ciascun artista, dando vita ad una sequenza di mini concerti durante i quali ognuno presenta la propria storia artistica e personale.<\/p>\n<p class=\"xmprfx_MsoNormal\">Oltre ai giovani\u00a0Top of the year, ad entusiasmare il pubblico arrivato da tutta la regione e dalla vicina Sicilia, nel cast anche ospiti gi\u00e0 ben noti ed affermati, come\u00a0Roy Paci, che ha fatto ballare tutto il teatro con i suoi Aretuska, la carismatica cantautrice\u00a0Amara, pseudonimo di Erika Mineo, che ha letteralmente incantato ed emozionato con messaggi umanitari e sociali e il brano\u00a0Che sia benedetta, da lei scritta per Fiorella Mannoia. E ancora\u00a0Walter Ricci, funambolico al pianoforte nel suo stile alla Carosone, tra swing, boogie-woogie, blues e rock and roll. Attesissimo,\u00a0Gio Evan\u00a0ha confermato tutta la sua forza autorale e la ricchezza creativa, sottolineata da Ruggero Pegna alla consegna del riconoscimento:\u00a0<i>\u201cGio \u00e8 una figura poliedrica e straordinaria, una delle pi\u00f9 belle realt\u00e0 del panorama artistico italiano, che ci rassicura sul presente e futuro della grande musica d\u2019autore\u201d.<\/i><\/p>\n<p class=\"xmprfx_MsoNormal\">Apprezzati dal numeroso pubblico tutti i talenti che si sono susseguiti sul palcoscenico nelle prime due serate, dal cantautore romano\u00a0Mirkoeilcane, anche lui nel solco della migliore scuola autorale con testi intrisi di forte impegno sociale, alla giovane cantautrice pugliese\u00a0Lauryyn, dall\u2019 originalissima cantante lucana\u00a0Fluente, alla band pop rock romana dei\u00a0Cosmonauti Borghesi, che ha ricordato i gruppi di successo degli anni &#8217;80, stile Duran Duran anche nel look. Scroscianti applausi pure per il rapper e cantautore genovese\u00a0Matsby, premiato da Fabrizio Sudano, direttore del Museo Archeologico Nazionale, e per il talento indie rap romano\u00a0Rondine,\u00a0premiato dall\u2019Assessore comunale al Turismo Giovanni Latella.<\/p>\n<p class=\"xmprfx_MsoNormal\">Stasera si chiude con la diciottenne\u00a0Mim\u00ec,\u00a0vincitrice di X Factor 2024, il cantautore abruzzese\u00a0Dile, la cantautrice e compositrice romana\u00a0La Camba, il rapper\u00a0Anastasio, vincitore della XII edizione di X Factor e, infine, la bravissima cantautrice e chitarrista\u00a0Erica Mou.<\/p>\n<p class=\"xmprfx_MsoNormal\"><i>\u201cIl Festival \u2013\u00a0<\/i>sottolinea Giusy Leone, presidente di Art-Music&amp;Co<i>\u00a0&#8211; \u00e8 incluso tra gli Eventi di Promozione Culturale ammessi a finanziamento dalla\u00a0Regione Calabria, con risorse PAC 2014\/ 2020 &#8211; Az. 6.8.3.-\u00a0Calabria Straordinaria. Inoltre ha la compartecipazione della Citt\u00e0 Metropolitana di Reggio Calabria, il Patrocinio del Comune e di AssoConcerti\u201d.<\/i><i><\/i><\/p>\n<p class=\"xmprfx_MsoNormal\">\n","protected":false},"excerpt":{"rendered":"<p>Lunghi applausi e premi al\u00a0Teatro Cilea di Reggio Calabria\u00a0per i primi dieci live in programma\u00a0 nelle due serate d\u2019apertura della XVII edizione del\u00a0Calabria Fest Rai Tutta Italiana, il Festival della&hellip;<\/p>\n","protected":false},"author":19,"featured_media":73228,"comment_status":"closed","ping_status":"open","sticky":false,"template":"","format":"standard","meta":{"_jetpack_memberships_contains_paid_content":false,"footnotes":"","jetpack_publicize_message":"","jetpack_publicize_feature_enabled":true,"jetpack_social_post_already_shared":true,"jetpack_social_options":{"image_generator_settings":{"template":"highway","default_image_id":0,"font":"","enabled":false},"version":2}},"categories":[921,146,196,140,147],"tags":[],"class_list":["post-73227","post","type-post","status-publish","format-standard","has-post-thumbnail","hentry","category-home","category-musica","category-news","category-reggio-calabria","category-spettacoli"],"yoast_head":"<!-- This site is optimized with the Yoast SEO plugin v27.2 - https:\/\/yoast.com\/product\/yoast-seo-wordpress\/ -->\n<title>Stasera al Teatro Cilea l&#039;ultima serata del &quot;Calabria Fest Rai Tutta Italiana&quot; - Radio Touring 104<\/title>\n<meta name=\"description\" content=\"Si chiude con Mim\u00ec,\u00a0vincitrice di X Factor 2024, il cantautore Dile, la cantautrice e compositrice La Camba, il rapper\u00a0Anastasio, vincitore della XII edizione di X Factor e la cantautrice e chitarrista\u00a0Erica Mou\" \/>\n<meta name=\"robots\" content=\"index, follow, max-snippet:-1, max-image-preview:large, max-video-preview:-1\" \/>\n<link rel=\"canonical\" href=\"https:\/\/progettotouring.it\/radiotouring104\/2025\/05\/10\/stasera-al-teatro-cilea-lultima-serata-del-calabria-fest-rai-tutta-italiana\/\" \/>\n<meta property=\"og:locale\" content=\"it_IT\" \/>\n<meta property=\"og:type\" content=\"article\" \/>\n<meta property=\"og:title\" content=\"Stasera al Teatro Cilea l&#039;ultima serata del &quot;Calabria Fest Rai Tutta Italiana&quot; - Radio Touring 104\" \/>\n<meta property=\"og:description\" content=\"Si chiude con Mim\u00ec,\u00a0vincitrice di X Factor 2024, il cantautore Dile, la cantautrice e compositrice La Camba, il rapper\u00a0Anastasio, vincitore della XII edizione di X Factor e la cantautrice e chitarrista\u00a0Erica Mou\" \/>\n<meta property=\"og:url\" content=\"https:\/\/progettotouring.it\/radiotouring104\/2025\/05\/10\/stasera-al-teatro-cilea-lultima-serata-del-calabria-fest-rai-tutta-italiana\/\" \/>\n<meta property=\"og:site_name\" content=\"Radio Touring 104\" \/>\n<meta property=\"article:published_time\" content=\"2025-05-10T09:44:19+00:00\" \/>\n<meta property=\"og:image\" content=\"https:\/\/progettotouring.it\/radiotouring104\/wp-content\/uploads\/sites\/6\/2025\/05\/WhatsApp-Image-2025-05-09-at-09.19.39.jpeg\" \/>\n\t<meta property=\"og:image:width\" content=\"1600\" \/>\n\t<meta property=\"og:image:height\" content=\"900\" \/>\n\t<meta property=\"og:image:type\" content=\"image\/jpeg\" \/>\n<meta name=\"author\" content=\"S L\" \/>\n<meta name=\"twitter:card\" content=\"summary_large_image\" \/>\n<meta name=\"twitter:label1\" content=\"Scritto da\" \/>\n\t<meta name=\"twitter:data1\" content=\"S L\" \/>\n\t<meta name=\"twitter:label2\" content=\"Tempo di lettura stimato\" \/>\n\t<meta name=\"twitter:data2\" content=\"3 minuti\" \/>\n<script type=\"application\/ld+json\" class=\"yoast-schema-graph\">{\"@context\":\"https:\/\/schema.org\",\"@graph\":[{\"@type\":\"Article\",\"@id\":\"https:\/\/progettotouring.it\/radiotouring104\/2025\/05\/10\/stasera-al-teatro-cilea-lultima-serata-del-calabria-fest-rai-tutta-italiana\/#article\",\"isPartOf\":{\"@id\":\"https:\/\/progettotouring.it\/radiotouring104\/2025\/05\/10\/stasera-al-teatro-cilea-lultima-serata-del-calabria-fest-rai-tutta-italiana\/\"},\"author\":{\"name\":\"S L\",\"@id\":\"https:\/\/progettotouring.it\/radiotouring104\/#\/schema\/person\/b9f9c3730b0a78814c9b9f3bfc52c619\"},\"headline\":\"Stasera al Teatro Cilea l&#8217;ultima serata del &#8220;Calabria Fest Rai Tutta Italiana&#8221;\",\"datePublished\":\"2025-05-10T09:44:19+00:00\",\"mainEntityOfPage\":{\"@id\":\"https:\/\/progettotouring.it\/radiotouring104\/2025\/05\/10\/stasera-al-teatro-cilea-lultima-serata-del-calabria-fest-rai-tutta-italiana\/\"},\"wordCount\":535,\"publisher\":{\"@id\":\"https:\/\/progettotouring.it\/radiotouring104\/#organization\"},\"image\":{\"@id\":\"https:\/\/progettotouring.it\/radiotouring104\/2025\/05\/10\/stasera-al-teatro-cilea-lultima-serata-del-calabria-fest-rai-tutta-italiana\/#primaryimage\"},\"thumbnailUrl\":\"https:\/\/progettotouring.it\/radiotouring104\/wp-content\/uploads\/sites\/6\/2025\/05\/WhatsApp-Image-2025-05-09-at-09.19.39.jpeg\",\"articleSection\":[\"Home\",\"Musica\",\"News\",\"Reggio Calabria\",\"Spettacoli\"],\"inLanguage\":\"it-IT\"},{\"@type\":\"WebPage\",\"@id\":\"https:\/\/progettotouring.it\/radiotouring104\/2025\/05\/10\/stasera-al-teatro-cilea-lultima-serata-del-calabria-fest-rai-tutta-italiana\/\",\"url\":\"https:\/\/progettotouring.it\/radiotouring104\/2025\/05\/10\/stasera-al-teatro-cilea-lultima-serata-del-calabria-fest-rai-tutta-italiana\/\",\"name\":\"Stasera al Teatro Cilea l'ultima serata del \\\"Calabria Fest Rai Tutta Italiana\\\" - Radio Touring 104\",\"isPartOf\":{\"@id\":\"https:\/\/progettotouring.it\/radiotouring104\/#website\"},\"primaryImageOfPage\":{\"@id\":\"https:\/\/progettotouring.it\/radiotouring104\/2025\/05\/10\/stasera-al-teatro-cilea-lultima-serata-del-calabria-fest-rai-tutta-italiana\/#primaryimage\"},\"image\":{\"@id\":\"https:\/\/progettotouring.it\/radiotouring104\/2025\/05\/10\/stasera-al-teatro-cilea-lultima-serata-del-calabria-fest-rai-tutta-italiana\/#primaryimage\"},\"thumbnailUrl\":\"https:\/\/progettotouring.it\/radiotouring104\/wp-content\/uploads\/sites\/6\/2025\/05\/WhatsApp-Image-2025-05-09-at-09.19.39.jpeg\",\"datePublished\":\"2025-05-10T09:44:19+00:00\",\"description\":\"Si chiude con Mim\u00ec,\u00a0vincitrice di X Factor 2024, il cantautore Dile, la cantautrice e compositrice La Camba, il rapper\u00a0Anastasio, vincitore della XII edizione di X Factor e la cantautrice e chitarrista\u00a0Erica Mou\",\"breadcrumb\":{\"@id\":\"https:\/\/progettotouring.it\/radiotouring104\/2025\/05\/10\/stasera-al-teatro-cilea-lultima-serata-del-calabria-fest-rai-tutta-italiana\/#breadcrumb\"},\"inLanguage\":\"it-IT\",\"potentialAction\":[{\"@type\":\"ReadAction\",\"target\":[\"https:\/\/progettotouring.it\/radiotouring104\/2025\/05\/10\/stasera-al-teatro-cilea-lultima-serata-del-calabria-fest-rai-tutta-italiana\/\"]}]},{\"@type\":\"ImageObject\",\"inLanguage\":\"it-IT\",\"@id\":\"https:\/\/progettotouring.it\/radiotouring104\/2025\/05\/10\/stasera-al-teatro-cilea-lultima-serata-del-calabria-fest-rai-tutta-italiana\/#primaryimage\",\"url\":\"https:\/\/progettotouring.it\/radiotouring104\/wp-content\/uploads\/sites\/6\/2025\/05\/WhatsApp-Image-2025-05-09-at-09.19.39.jpeg\",\"contentUrl\":\"https:\/\/progettotouring.it\/radiotouring104\/wp-content\/uploads\/sites\/6\/2025\/05\/WhatsApp-Image-2025-05-09-at-09.19.39.jpeg\",\"width\":1600,\"height\":900},{\"@type\":\"BreadcrumbList\",\"@id\":\"https:\/\/progettotouring.it\/radiotouring104\/2025\/05\/10\/stasera-al-teatro-cilea-lultima-serata-del-calabria-fest-rai-tutta-italiana\/#breadcrumb\",\"itemListElement\":[{\"@type\":\"ListItem\",\"position\":1,\"name\":\"Home\",\"item\":\"https:\/\/progettotouring.it\/radiotouring104\/\"},{\"@type\":\"ListItem\",\"position\":2,\"name\":\"Stasera al Teatro Cilea l&#8217;ultima serata del &#8220;Calabria Fest Rai Tutta Italiana&#8221;\"}]},{\"@type\":\"WebSite\",\"@id\":\"https:\/\/progettotouring.it\/radiotouring104\/#website\",\"url\":\"https:\/\/progettotouring.it\/radiotouring104\/\",\"name\":\"Radio Touring 104\",\"description\":\"La prima radio Reggina\",\"publisher\":{\"@id\":\"https:\/\/progettotouring.it\/radiotouring104\/#organization\"},\"potentialAction\":[{\"@type\":\"SearchAction\",\"target\":{\"@type\":\"EntryPoint\",\"urlTemplate\":\"https:\/\/progettotouring.it\/radiotouring104\/?s={search_term_string}\"},\"query-input\":{\"@type\":\"PropertyValueSpecification\",\"valueRequired\":true,\"valueName\":\"search_term_string\"}}],\"inLanguage\":\"it-IT\"},{\"@type\":\"Organization\",\"@id\":\"https:\/\/progettotouring.it\/radiotouring104\/#organization\",\"name\":\"Radio Touring 104\",\"url\":\"https:\/\/progettotouring.it\/radiotouring104\/\",\"logo\":{\"@type\":\"ImageObject\",\"inLanguage\":\"it-IT\",\"@id\":\"https:\/\/progettotouring.it\/radiotouring104\/#\/schema\/logo\/image\/\",\"url\":\"https:\/\/progettotouring.it\/radiotouring104\/wp-content\/uploads\/sites\/6\/2022\/02\/cropped-logo-radio-touring-104.png\",\"contentUrl\":\"https:\/\/progettotouring.it\/radiotouring104\/wp-content\/uploads\/sites\/6\/2022\/02\/cropped-logo-radio-touring-104.png\",\"width\":377,\"height\":182,\"caption\":\"Radio Touring 104\"},\"image\":{\"@id\":\"https:\/\/progettotouring.it\/radiotouring104\/#\/schema\/logo\/image\/\"}},{\"@type\":\"Person\",\"@id\":\"https:\/\/progettotouring.it\/radiotouring104\/#\/schema\/person\/b9f9c3730b0a78814c9b9f3bfc52c619\",\"name\":\"S L\",\"image\":{\"@type\":\"ImageObject\",\"inLanguage\":\"it-IT\",\"@id\":\"https:\/\/secure.gravatar.com\/avatar\/652c51789d7030aaed9ff828331360502a68204fe6fb0831bc280515210e16d2?s=96&d=mm&r=g\",\"url\":\"https:\/\/secure.gravatar.com\/avatar\/652c51789d7030aaed9ff828331360502a68204fe6fb0831bc280515210e16d2?s=96&d=mm&r=g\",\"contentUrl\":\"https:\/\/secure.gravatar.com\/avatar\/652c51789d7030aaed9ff828331360502a68204fe6fb0831bc280515210e16d2?s=96&d=mm&r=g\",\"caption\":\"S L\"},\"url\":\"https:\/\/progettotouring.it\/radiotouring104\/author\/slibri\/\"}]}<\/script>\n<!-- \/ Yoast SEO plugin. -->","yoast_head_json":{"title":"Stasera al Teatro Cilea l'ultima serata del \"Calabria Fest Rai Tutta Italiana\" - Radio Touring 104","description":"Si chiude con Mim\u00ec,\u00a0vincitrice di X Factor 2024, il cantautore Dile, la cantautrice e compositrice La Camba, il rapper\u00a0Anastasio, vincitore della XII edizione di X Factor e la cantautrice e chitarrista\u00a0Erica Mou","robots":{"index":"index","follow":"follow","max-snippet":"max-snippet:-1","max-image-preview":"max-image-preview:large","max-video-preview":"max-video-preview:-1"},"canonical":"https:\/\/progettotouring.it\/radiotouring104\/2025\/05\/10\/stasera-al-teatro-cilea-lultima-serata-del-calabria-fest-rai-tutta-italiana\/","og_locale":"it_IT","og_type":"article","og_title":"Stasera al Teatro Cilea l'ultima serata del \"Calabria Fest Rai Tutta Italiana\" - Radio Touring 104","og_description":"Si chiude con Mim\u00ec,\u00a0vincitrice di X Factor 2024, il cantautore Dile, la cantautrice e compositrice La Camba, il rapper\u00a0Anastasio, vincitore della XII edizione di X Factor e la cantautrice e chitarrista\u00a0Erica Mou","og_url":"https:\/\/progettotouring.it\/radiotouring104\/2025\/05\/10\/stasera-al-teatro-cilea-lultima-serata-del-calabria-fest-rai-tutta-italiana\/","og_site_name":"Radio Touring 104","article_published_time":"2025-05-10T09:44:19+00:00","og_image":[{"width":1600,"height":900,"url":"https:\/\/progettotouring.it\/radiotouring104\/wp-content\/uploads\/sites\/6\/2025\/05\/WhatsApp-Image-2025-05-09-at-09.19.39.jpeg","type":"image\/jpeg"}],"author":"S L","twitter_card":"summary_large_image","twitter_misc":{"Scritto da":"S L","Tempo di lettura stimato":"3 minuti"},"schema":{"@context":"https:\/\/schema.org","@graph":[{"@type":"Article","@id":"https:\/\/progettotouring.it\/radiotouring104\/2025\/05\/10\/stasera-al-teatro-cilea-lultima-serata-del-calabria-fest-rai-tutta-italiana\/#article","isPartOf":{"@id":"https:\/\/progettotouring.it\/radiotouring104\/2025\/05\/10\/stasera-al-teatro-cilea-lultima-serata-del-calabria-fest-rai-tutta-italiana\/"},"author":{"name":"S L","@id":"https:\/\/progettotouring.it\/radiotouring104\/#\/schema\/person\/b9f9c3730b0a78814c9b9f3bfc52c619"},"headline":"Stasera al Teatro Cilea l&#8217;ultima serata del &#8220;Calabria Fest Rai Tutta Italiana&#8221;","datePublished":"2025-05-10T09:44:19+00:00","mainEntityOfPage":{"@id":"https:\/\/progettotouring.it\/radiotouring104\/2025\/05\/10\/stasera-al-teatro-cilea-lultima-serata-del-calabria-fest-rai-tutta-italiana\/"},"wordCount":535,"publisher":{"@id":"https:\/\/progettotouring.it\/radiotouring104\/#organization"},"image":{"@id":"https:\/\/progettotouring.it\/radiotouring104\/2025\/05\/10\/stasera-al-teatro-cilea-lultima-serata-del-calabria-fest-rai-tutta-italiana\/#primaryimage"},"thumbnailUrl":"https:\/\/progettotouring.it\/radiotouring104\/wp-content\/uploads\/sites\/6\/2025\/05\/WhatsApp-Image-2025-05-09-at-09.19.39.jpeg","articleSection":["Home","Musica","News","Reggio Calabria","Spettacoli"],"inLanguage":"it-IT"},{"@type":"WebPage","@id":"https:\/\/progettotouring.it\/radiotouring104\/2025\/05\/10\/stasera-al-teatro-cilea-lultima-serata-del-calabria-fest-rai-tutta-italiana\/","url":"https:\/\/progettotouring.it\/radiotouring104\/2025\/05\/10\/stasera-al-teatro-cilea-lultima-serata-del-calabria-fest-rai-tutta-italiana\/","name":"Stasera al Teatro Cilea l'ultima serata del \"Calabria Fest Rai Tutta Italiana\" - Radio Touring 104","isPartOf":{"@id":"https:\/\/progettotouring.it\/radiotouring104\/#website"},"primaryImageOfPage":{"@id":"https:\/\/progettotouring.it\/radiotouring104\/2025\/05\/10\/stasera-al-teatro-cilea-lultima-serata-del-calabria-fest-rai-tutta-italiana\/#primaryimage"},"image":{"@id":"https:\/\/progettotouring.it\/radiotouring104\/2025\/05\/10\/stasera-al-teatro-cilea-lultima-serata-del-calabria-fest-rai-tutta-italiana\/#primaryimage"},"thumbnailUrl":"https:\/\/progettotouring.it\/radiotouring104\/wp-content\/uploads\/sites\/6\/2025\/05\/WhatsApp-Image-2025-05-09-at-09.19.39.jpeg","datePublished":"2025-05-10T09:44:19+00:00","description":"Si chiude con Mim\u00ec,\u00a0vincitrice di X Factor 2024, il cantautore Dile, la cantautrice e compositrice La Camba, il rapper\u00a0Anastasio, vincitore della XII edizione di X Factor e la cantautrice e chitarrista\u00a0Erica Mou","breadcrumb":{"@id":"https:\/\/progettotouring.it\/radiotouring104\/2025\/05\/10\/stasera-al-teatro-cilea-lultima-serata-del-calabria-fest-rai-tutta-italiana\/#breadcrumb"},"inLanguage":"it-IT","potentialAction":[{"@type":"ReadAction","target":["https:\/\/progettotouring.it\/radiotouring104\/2025\/05\/10\/stasera-al-teatro-cilea-lultima-serata-del-calabria-fest-rai-tutta-italiana\/"]}]},{"@type":"ImageObject","inLanguage":"it-IT","@id":"https:\/\/progettotouring.it\/radiotouring104\/2025\/05\/10\/stasera-al-teatro-cilea-lultima-serata-del-calabria-fest-rai-tutta-italiana\/#primaryimage","url":"https:\/\/progettotouring.it\/radiotouring104\/wp-content\/uploads\/sites\/6\/2025\/05\/WhatsApp-Image-2025-05-09-at-09.19.39.jpeg","contentUrl":"https:\/\/progettotouring.it\/radiotouring104\/wp-content\/uploads\/sites\/6\/2025\/05\/WhatsApp-Image-2025-05-09-at-09.19.39.jpeg","width":1600,"height":900},{"@type":"BreadcrumbList","@id":"https:\/\/progettotouring.it\/radiotouring104\/2025\/05\/10\/stasera-al-teatro-cilea-lultima-serata-del-calabria-fest-rai-tutta-italiana\/#breadcrumb","itemListElement":[{"@type":"ListItem","position":1,"name":"Home","item":"https:\/\/progettotouring.it\/radiotouring104\/"},{"@type":"ListItem","position":2,"name":"Stasera al Teatro Cilea l&#8217;ultima serata del &#8220;Calabria Fest Rai Tutta Italiana&#8221;"}]},{"@type":"WebSite","@id":"https:\/\/progettotouring.it\/radiotouring104\/#website","url":"https:\/\/progettotouring.it\/radiotouring104\/","name":"Radio Touring 104","description":"La prima radio Reggina","publisher":{"@id":"https:\/\/progettotouring.it\/radiotouring104\/#organization"},"potentialAction":[{"@type":"SearchAction","target":{"@type":"EntryPoint","urlTemplate":"https:\/\/progettotouring.it\/radiotouring104\/?s={search_term_string}"},"query-input":{"@type":"PropertyValueSpecification","valueRequired":true,"valueName":"search_term_string"}}],"inLanguage":"it-IT"},{"@type":"Organization","@id":"https:\/\/progettotouring.it\/radiotouring104\/#organization","name":"Radio Touring 104","url":"https:\/\/progettotouring.it\/radiotouring104\/","logo":{"@type":"ImageObject","inLanguage":"it-IT","@id":"https:\/\/progettotouring.it\/radiotouring104\/#\/schema\/logo\/image\/","url":"https:\/\/progettotouring.it\/radiotouring104\/wp-content\/uploads\/sites\/6\/2022\/02\/cropped-logo-radio-touring-104.png","contentUrl":"https:\/\/progettotouring.it\/radiotouring104\/wp-content\/uploads\/sites\/6\/2022\/02\/cropped-logo-radio-touring-104.png","width":377,"height":182,"caption":"Radio Touring 104"},"image":{"@id":"https:\/\/progettotouring.it\/radiotouring104\/#\/schema\/logo\/image\/"}},{"@type":"Person","@id":"https:\/\/progettotouring.it\/radiotouring104\/#\/schema\/person\/b9f9c3730b0a78814c9b9f3bfc52c619","name":"S L","image":{"@type":"ImageObject","inLanguage":"it-IT","@id":"https:\/\/secure.gravatar.com\/avatar\/652c51789d7030aaed9ff828331360502a68204fe6fb0831bc280515210e16d2?s=96&d=mm&r=g","url":"https:\/\/secure.gravatar.com\/avatar\/652c51789d7030aaed9ff828331360502a68204fe6fb0831bc280515210e16d2?s=96&d=mm&r=g","contentUrl":"https:\/\/secure.gravatar.com\/avatar\/652c51789d7030aaed9ff828331360502a68204fe6fb0831bc280515210e16d2?s=96&d=mm&r=g","caption":"S L"},"url":"https:\/\/progettotouring.it\/radiotouring104\/author\/slibri\/"}]}},"jetpack_publicize_connections":[],"jetpack_featured_media_url":"https:\/\/progettotouring.it\/radiotouring104\/wp-content\/uploads\/sites\/6\/2025\/05\/WhatsApp-Image-2025-05-09-at-09.19.39.jpeg","jetpack_sharing_enabled":true,"_links":{"self":[{"href":"https:\/\/progettotouring.it\/radiotouring104\/wp-json\/wp\/v2\/posts\/73227","targetHints":{"allow":["GET"]}}],"collection":[{"href":"https:\/\/progettotouring.it\/radiotouring104\/wp-json\/wp\/v2\/posts"}],"about":[{"href":"https:\/\/progettotouring.it\/radiotouring104\/wp-json\/wp\/v2\/types\/post"}],"author":[{"embeddable":true,"href":"https:\/\/progettotouring.it\/radiotouring104\/wp-json\/wp\/v2\/users\/19"}],"replies":[{"embeddable":true,"href":"https:\/\/progettotouring.it\/radiotouring104\/wp-json\/wp\/v2\/comments?post=73227"}],"version-history":[{"count":1,"href":"https:\/\/progettotouring.it\/radiotouring104\/wp-json\/wp\/v2\/posts\/73227\/revisions"}],"predecessor-version":[{"id":73229,"href":"https:\/\/progettotouring.it\/radiotouring104\/wp-json\/wp\/v2\/posts\/73227\/revisions\/73229"}],"wp:featuredmedia":[{"embeddable":true,"href":"https:\/\/progettotouring.it\/radiotouring104\/wp-json\/wp\/v2\/media\/73228"}],"wp:attachment":[{"href":"https:\/\/progettotouring.it\/radiotouring104\/wp-json\/wp\/v2\/media?parent=73227"}],"wp:term":[{"taxonomy":"category","embeddable":true,"href":"https:\/\/progettotouring.it\/radiotouring104\/wp-json\/wp\/v2\/categories?post=73227"},{"taxonomy":"post_tag","embeddable":true,"href":"https:\/\/progettotouring.it\/radiotouring104\/wp-json\/wp\/v2\/tags?post=73227"}],"curies":[{"name":"wp","href":"https:\/\/api.w.org\/{rel}","templated":true}]}}