{"id":73285,"date":"2025-05-11T11:13:18","date_gmt":"2025-05-11T09:13:18","guid":{"rendered":"https:\/\/progettotouring.it\/radiotouring104\/?p=73285"},"modified":"2025-05-11T11:13:18","modified_gmt":"2025-05-11T09:13:18","slug":"ordine-dei-medici-di-reggio-fari-accesi-sulloncologia","status":"publish","type":"post","link":"https:\/\/progettotouring.it\/radiotouring104\/2025\/05\/11\/ordine-dei-medici-di-reggio-fari-accesi-sulloncologia\/","title":{"rendered":"Ordine dei Medici di Reggio: fari accesi sull&#8217;oncologia"},"content":{"rendered":"<div dir=\"ltr\">\n<p class=\"xmprfx_MsoNormal\">\u201cOncologia di Genere: stato dell\u2019arte nella prevenzione e nuove prospettive diagnostiche e terapeutiche\u201d. E\u2019 questo il tema del Corso svoltosi nell\u2019Auditorium dell\u2019Ordine dei Medici di Reggio Calabria.<\/p>\n<p><img fetchpriority=\"high\" decoding=\"async\" class=\"alignnone size-medium wp-image-73287\" src=\"https:\/\/progettotouring.it\/radiotouring104\/wp-content\/uploads\/sites\/6\/2025\/05\/locandina-evento-214x300.jpg\" alt=\"\" width=\"214\" height=\"300\" srcset=\"https:\/\/progettotouring.it\/radiotouring104\/wp-content\/uploads\/sites\/6\/2025\/05\/locandina-evento-214x300.jpg 214w, https:\/\/progettotouring.it\/radiotouring104\/wp-content\/uploads\/sites\/6\/2025\/05\/locandina-evento-732x1024.jpg 732w, https:\/\/progettotouring.it\/radiotouring104\/wp-content\/uploads\/sites\/6\/2025\/05\/locandina-evento-768x1075.jpg 768w, https:\/\/progettotouring.it\/radiotouring104\/wp-content\/uploads\/sites\/6\/2025\/05\/locandina-evento-585x819.jpg 585w, https:\/\/progettotouring.it\/radiotouring104\/wp-content\/uploads\/sites\/6\/2025\/05\/locandina-evento.jpg 828w\" sizes=\"(max-width: 214px) 100vw, 214px\" \/><\/p>\n<p>Organizzato dall\u2019AIDM (Associazione Italiana Donne Medico) in collaborazione con la Commissione Pari Opportunit\u00e0, volontariato e Medicina di genere dell\u2019Ordine dei Medici di Reggio Calabria, \u00e8 proprio la\u00a0dottoressa Anna Rosaria Federico, presidente della sezione reggina dell\u2019Associazione italiana Donne Medico, a spiegare gli obiettivi dell\u2019incontro.<\/p>\n<p><img decoding=\"async\" class=\"alignnone size-medium wp-image-73288\" src=\"https:\/\/progettotouring.it\/radiotouring104\/wp-content\/uploads\/sites\/6\/2025\/05\/ordine-dei-medici-300x277.jpg\" alt=\"\" width=\"300\" height=\"277\" srcset=\"https:\/\/progettotouring.it\/radiotouring104\/wp-content\/uploads\/sites\/6\/2025\/05\/ordine-dei-medici-300x277.jpg 300w, https:\/\/progettotouring.it\/radiotouring104\/wp-content\/uploads\/sites\/6\/2025\/05\/ordine-dei-medici-1024x947.jpg 1024w, https:\/\/progettotouring.it\/radiotouring104\/wp-content\/uploads\/sites\/6\/2025\/05\/ordine-dei-medici-768x710.jpg 768w, https:\/\/progettotouring.it\/radiotouring104\/wp-content\/uploads\/sites\/6\/2025\/05\/ordine-dei-medici-1170x1082.jpg 1170w, https:\/\/progettotouring.it\/radiotouring104\/wp-content\/uploads\/sites\/6\/2025\/05\/ordine-dei-medici-585x541.jpg 585w, https:\/\/progettotouring.it\/radiotouring104\/wp-content\/uploads\/sites\/6\/2025\/05\/ordine-dei-medici.jpg 1354w\" sizes=\"(max-width: 300px) 100vw, 300px\" \/><\/p>\n<p class=\"xmprfx_MsoNormal\"><i>\u201cIl corso si propone di promuovere un miglioramento complessivo dei percorsi clinico assistenziali, riabilitativi e dei profili di assistenza e di cura in oncologia focalizzati, soprattutto, sulla prevenzione. I contenuti riguardano sia la prevenzione primaria, mediante interventi destinati ad ostacolare l\u2019insorgenza della malattia, combattendone le cause e i fattori predisponenti, sia la prevenzione secondaria per una diagnosi precoce di malattie gi\u00e0 presenti sottolineando la necessit\u00e0 di intensificare gli screening in modo da individuare la malattia quando \u00e8 pi\u00f9 facilmente curabile. Destinatari sono tutti i professionisti nell\u2019ambito della salute, protagonisti di tutto il percorso assistenziale\u201d.<\/i><\/p>\n<p class=\"xmprfx_MsoNormal\"><i>\u201cDopo tre, quattro mesi di sospensione dovuta al rinnovo delle cariche ordinistiche che ha bloccato tutte le attivit\u00e0 formative abbiamo ripreso ad organizzare sistematicamente convegni su varie tematiche mediche &#8211; ha dichiarato il\u00a0presidente dell\u2019Ordine Pasquale Veneziano\u00a0-. Giusto la settimana scorsa, abbiamo iniziato un corso d\u2019aggiornamento sull\u2019intelligenza artificiale che si articoler\u00e0 in pi\u00f9 giornate in collaborazione con i docenti dell\u2019Universit\u00e0 Mediterranea e oggi, con questo corso sulla medicina di genere si parler\u00e0 di prevenzione, diagnostica e terapia in ambito oncologico sulla base delle differenze di genere intese non solo come differenza di sesso, ma anche comprensiva delle differenze etniche, psichiche, sociali\u00a0\u00a0dei due sessi. La Federazione Nazionale degli Ordini dei Medici presta grande attenzione alla Medicina di Genere tanto \u00e8 vero che presto organizzeremo sul tema, lo dico in anteprima, un congresso nazionale proprio a Reggio che si svolger\u00e0 i primi giorni di Ottobre, cui saranno presenti molti componenti dell\u2019esecutivo della Fnomceo\u201d.<\/i><\/p>\n<p class=\"xmprfx_MsoNormal\">Per la\u00a0dottoressa Manuela Priolo, direttore UOC di Genetica medica dell\u2019Ospedale Cardarelli di Napoli\u00a0\u00a0<i>\u201csi tratta di un corso molto importante, non solo per le donne, ma in generale per la Medicina perch\u00e9 l\u2019oncologia di genere, sia maschile che femminile, \u00e8 sempre sottovalutata, si tende a generalizzare le condizioni indipendentemente dal sesso. Sensibilizzare i medici e la popolazione su questo argomento \u00e8 davvero una grande impresa\u201d.<\/i><\/p>\n<p class=\"xmprfx_MsoNormal\">Per la\u00a0professoressa Carmela Morace\u00a0che lavora in\u00a0Medicina Interna all\u2019Universit\u00e0 di Messina\u00a0in qualit\u00e0 di ricercatore universitario, l\u2019evento di oggi\u00a0<i>\u201c\u00e8 davvero importante perch\u00e9 impatta di molto sull\u2019oncologia e, soprattutto, su quella di genere. E\u2019 importante individuare anche delle differenze non soltanto che impattano sulla incidenze, ma sulla gestione delle patologie oncologiche in particolare correlate al sesso e al genere. Quindi, la divulgazione di notizie relative a come il sesso geneticamente determinato nonch\u00e9 le abitudini di vita, gli aspetti socio-culturali impattino anche sulla incidenza dei tumori, ma anche sulla risposta a terapie, sui tassi di mortalit\u00e0, di sopravvivenza \u00e8 sicuramente di fondamentale importanza al fine di attuare quei meccanismi di screening e prevenzione che sono fondamentali oggi per ridurre l\u2019impatto epidemiologico e la mortalit\u00e0 per neoplasie\u201d.<\/i><\/p>\n<p class=\"xmprfx_MsoNormal\">Agata Mollica, presidente dell\u2019Ordine dei medici ed odontoiatri della provincia di Cosenza\u00a0e consigliera nazionale dell\u2019ADM\u00a0(Associazione italiana Donne Medico) afferma:\u00a0<i>\u201cSono qui per complimentarmi con la dottoressa Federico e tutto il direttivo di ADM di Reggio Calabria per l\u2019importante evento che \u00e8 stato organizzato intorno alla tematica dell\u2019oncologia di genere. Sicuramente, noi donne dell\u2019AIDM siamo impegnate in una mission importante che \u00e8 quella di diffondere la cultura della medicina di genere, di avviare una sorta di percorso di approfondimento su queste tematiche, oggi in particolare dell\u2019oncologia di genere. Ed \u00e8 bellissimo il punto di vista che \u00e8 stato tracciato, gi\u00e0 si evince dal titolo dell\u2019evento. Lo stato dell\u2019arte che sicuramente fotografa la condizione del momento, ma \u00e8 un\u2019espressione di quello che sar\u00e0 nei percorsi di ricerca e delle innovazioni nell\u2019ambito della diagnostica e terapia. La tematica dell\u2019Oncologia di genere \u00e8 stata affrontata un po\u2019 per tutti gli apparati e questa \u00e8 una cosa di grande rilevanza. Per noi donne AIDM vivere questi momenti \u00e8 un\u2019occasione di relazione, confronto, conoscenza perch\u00e9 \u00e8 fondamentale essere unite in tale percorso e la presidente nazionale ci d\u00e0 quotidianamente grandi input\u201d.<\/i><\/p>\n<p class=\"xmprfx_MsoNormal\">Nel corso dell\u2019incontro hanno relazionato: le dottoresse\u00a0Carmela Morace,\u00a0Carmela Falcone,\u00a0Manuela Priolo,\u00a0Agnese Mollo,\u00a0Bruna \u00a0Miserrafiti,\u00a0Tindarita Todaro,\u00a0Caterina Romeo\u00a0e i dottori\u00a0Stefano Palomba,\u00a0Sandro Giuffrida.<\/p>\n<p class=\"xmprfx_MsoNormal\">A moderare i vari interventi i dottori\u00a0Filippo Bova, Grazia Calabrese, Anna Rosaria Federico, Pietro Cozzupoli, Annamaria Rosato, Antonia Barresi, Anna Maria Danaro, Elena Adornato, Domenica German\u00f2.<\/p>\n<\/div>\n","protected":false},"excerpt":{"rendered":"<p>\u201cOncologia di Genere: stato dell\u2019arte nella prevenzione e nuove prospettive diagnostiche e terapeutiche\u201d. E\u2019 questo il tema del Corso svoltosi nell\u2019Auditorium dell\u2019Ordine dei Medici di Reggio Calabria. Organizzato dall\u2019AIDM (Associazione&hellip;<\/p>\n","protected":false},"author":19,"featured_media":73286,"comment_status":"closed","ping_status":"open","sticky":false,"template":"","format":"standard","meta":{"_jetpack_memberships_contains_paid_content":false,"footnotes":"","jetpack_publicize_message":"","jetpack_publicize_feature_enabled":true,"jetpack_social_post_already_shared":true,"jetpack_social_options":{"image_generator_settings":{"template":"highway","default_image_id":0,"font":"","enabled":false},"version":2}},"categories":[921,196,140],"tags":[],"class_list":["post-73285","post","type-post","status-publish","format-standard","has-post-thumbnail","hentry","category-home","category-news","category-reggio-calabria"],"yoast_head":"<!-- This site is optimized with the Yoast SEO plugin v27.2 - https:\/\/yoast.com\/product\/yoast-seo-wordpress\/ -->\n<title>Ordine dei Medici di Reggio: fari accesi sull&#039;oncologia - Radio Touring 104<\/title>\n<meta name=\"description\" content=\"Tema del corso: &quot;Oncologia di Genere: stato dell\u2019arte nella prevenzione e nuove prospettive diagnostiche e terapeutiche\u201d\" \/>\n<meta name=\"robots\" content=\"index, follow, max-snippet:-1, max-image-preview:large, max-video-preview:-1\" \/>\n<link rel=\"canonical\" href=\"https:\/\/progettotouring.it\/radiotouring104\/2025\/05\/11\/ordine-dei-medici-di-reggio-fari-accesi-sulloncologia\/\" \/>\n<meta property=\"og:locale\" content=\"it_IT\" \/>\n<meta property=\"og:type\" content=\"article\" \/>\n<meta property=\"og:title\" content=\"Ordine dei Medici di Reggio: fari accesi sull&#039;oncologia - Radio Touring 104\" \/>\n<meta property=\"og:description\" content=\"Tema del corso: &quot;Oncologia di Genere: stato dell\u2019arte nella prevenzione e nuove prospettive diagnostiche e terapeutiche\u201d\" \/>\n<meta property=\"og:url\" content=\"https:\/\/progettotouring.it\/radiotouring104\/2025\/05\/11\/ordine-dei-medici-di-reggio-fari-accesi-sulloncologia\/\" \/>\n<meta property=\"og:site_name\" content=\"Radio Touring 104\" \/>\n<meta property=\"article:published_time\" content=\"2025-05-11T09:13:18+00:00\" \/>\n<meta property=\"og:image\" content=\"https:\/\/progettotouring.it\/radiotouring104\/wp-content\/uploads\/sites\/6\/2025\/05\/dottoresse-ordine-dei-medici.jpg\" \/>\n\t<meta property=\"og:image:width\" content=\"1920\" \/>\n\t<meta property=\"og:image:height\" content=\"1080\" \/>\n\t<meta property=\"og:image:type\" content=\"image\/jpeg\" \/>\n<meta name=\"author\" content=\"S L\" \/>\n<meta name=\"twitter:card\" content=\"summary_large_image\" \/>\n<meta name=\"twitter:label1\" content=\"Scritto da\" \/>\n\t<meta name=\"twitter:data1\" content=\"S L\" \/>\n\t<meta name=\"twitter:label2\" content=\"Tempo di lettura stimato\" \/>\n\t<meta name=\"twitter:data2\" content=\"4 minuti\" \/>\n<script type=\"application\/ld+json\" class=\"yoast-schema-graph\">{\"@context\":\"https:\/\/schema.org\",\"@graph\":[{\"@type\":\"Article\",\"@id\":\"https:\/\/progettotouring.it\/radiotouring104\/2025\/05\/11\/ordine-dei-medici-di-reggio-fari-accesi-sulloncologia\/#article\",\"isPartOf\":{\"@id\":\"https:\/\/progettotouring.it\/radiotouring104\/2025\/05\/11\/ordine-dei-medici-di-reggio-fari-accesi-sulloncologia\/\"},\"author\":{\"name\":\"S L\",\"@id\":\"https:\/\/progettotouring.it\/radiotouring104\/#\/schema\/person\/b9f9c3730b0a78814c9b9f3bfc52c619\"},\"headline\":\"Ordine dei Medici di Reggio: fari accesi sull&#8217;oncologia\",\"datePublished\":\"2025-05-11T09:13:18+00:00\",\"mainEntityOfPage\":{\"@id\":\"https:\/\/progettotouring.it\/radiotouring104\/2025\/05\/11\/ordine-dei-medici-di-reggio-fari-accesi-sulloncologia\/\"},\"wordCount\":778,\"publisher\":{\"@id\":\"https:\/\/progettotouring.it\/radiotouring104\/#organization\"},\"image\":{\"@id\":\"https:\/\/progettotouring.it\/radiotouring104\/2025\/05\/11\/ordine-dei-medici-di-reggio-fari-accesi-sulloncologia\/#primaryimage\"},\"thumbnailUrl\":\"https:\/\/progettotouring.it\/radiotouring104\/wp-content\/uploads\/sites\/6\/2025\/05\/dottoresse-ordine-dei-medici.jpg\",\"articleSection\":[\"Home\",\"News\",\"Reggio Calabria\"],\"inLanguage\":\"it-IT\"},{\"@type\":\"WebPage\",\"@id\":\"https:\/\/progettotouring.it\/radiotouring104\/2025\/05\/11\/ordine-dei-medici-di-reggio-fari-accesi-sulloncologia\/\",\"url\":\"https:\/\/progettotouring.it\/radiotouring104\/2025\/05\/11\/ordine-dei-medici-di-reggio-fari-accesi-sulloncologia\/\",\"name\":\"Ordine dei Medici di Reggio: fari accesi sull'oncologia - Radio Touring 104\",\"isPartOf\":{\"@id\":\"https:\/\/progettotouring.it\/radiotouring104\/#website\"},\"primaryImageOfPage\":{\"@id\":\"https:\/\/progettotouring.it\/radiotouring104\/2025\/05\/11\/ordine-dei-medici-di-reggio-fari-accesi-sulloncologia\/#primaryimage\"},\"image\":{\"@id\":\"https:\/\/progettotouring.it\/radiotouring104\/2025\/05\/11\/ordine-dei-medici-di-reggio-fari-accesi-sulloncologia\/#primaryimage\"},\"thumbnailUrl\":\"https:\/\/progettotouring.it\/radiotouring104\/wp-content\/uploads\/sites\/6\/2025\/05\/dottoresse-ordine-dei-medici.jpg\",\"datePublished\":\"2025-05-11T09:13:18+00:00\",\"description\":\"Tema del corso: \\\"Oncologia di Genere: stato dell\u2019arte nella prevenzione e nuove prospettive diagnostiche e terapeutiche\u201d\",\"breadcrumb\":{\"@id\":\"https:\/\/progettotouring.it\/radiotouring104\/2025\/05\/11\/ordine-dei-medici-di-reggio-fari-accesi-sulloncologia\/#breadcrumb\"},\"inLanguage\":\"it-IT\",\"potentialAction\":[{\"@type\":\"ReadAction\",\"target\":[\"https:\/\/progettotouring.it\/radiotouring104\/2025\/05\/11\/ordine-dei-medici-di-reggio-fari-accesi-sulloncologia\/\"]}]},{\"@type\":\"ImageObject\",\"inLanguage\":\"it-IT\",\"@id\":\"https:\/\/progettotouring.it\/radiotouring104\/2025\/05\/11\/ordine-dei-medici-di-reggio-fari-accesi-sulloncologia\/#primaryimage\",\"url\":\"https:\/\/progettotouring.it\/radiotouring104\/wp-content\/uploads\/sites\/6\/2025\/05\/dottoresse-ordine-dei-medici.jpg\",\"contentUrl\":\"https:\/\/progettotouring.it\/radiotouring104\/wp-content\/uploads\/sites\/6\/2025\/05\/dottoresse-ordine-dei-medici.jpg\",\"width\":1920,\"height\":1080},{\"@type\":\"BreadcrumbList\",\"@id\":\"https:\/\/progettotouring.it\/radiotouring104\/2025\/05\/11\/ordine-dei-medici-di-reggio-fari-accesi-sulloncologia\/#breadcrumb\",\"itemListElement\":[{\"@type\":\"ListItem\",\"position\":1,\"name\":\"Home\",\"item\":\"https:\/\/progettotouring.it\/radiotouring104\/\"},{\"@type\":\"ListItem\",\"position\":2,\"name\":\"Ordine dei Medici di Reggio: fari accesi sull&#8217;oncologia\"}]},{\"@type\":\"WebSite\",\"@id\":\"https:\/\/progettotouring.it\/radiotouring104\/#website\",\"url\":\"https:\/\/progettotouring.it\/radiotouring104\/\",\"name\":\"Radio Touring 104\",\"description\":\"La prima radio Reggina\",\"publisher\":{\"@id\":\"https:\/\/progettotouring.it\/radiotouring104\/#organization\"},\"potentialAction\":[{\"@type\":\"SearchAction\",\"target\":{\"@type\":\"EntryPoint\",\"urlTemplate\":\"https:\/\/progettotouring.it\/radiotouring104\/?s={search_term_string}\"},\"query-input\":{\"@type\":\"PropertyValueSpecification\",\"valueRequired\":true,\"valueName\":\"search_term_string\"}}],\"inLanguage\":\"it-IT\"},{\"@type\":\"Organization\",\"@id\":\"https:\/\/progettotouring.it\/radiotouring104\/#organization\",\"name\":\"Radio Touring 104\",\"url\":\"https:\/\/progettotouring.it\/radiotouring104\/\",\"logo\":{\"@type\":\"ImageObject\",\"inLanguage\":\"it-IT\",\"@id\":\"https:\/\/progettotouring.it\/radiotouring104\/#\/schema\/logo\/image\/\",\"url\":\"https:\/\/progettotouring.it\/radiotouring104\/wp-content\/uploads\/sites\/6\/2022\/02\/cropped-logo-radio-touring-104.png\",\"contentUrl\":\"https:\/\/progettotouring.it\/radiotouring104\/wp-content\/uploads\/sites\/6\/2022\/02\/cropped-logo-radio-touring-104.png\",\"width\":377,\"height\":182,\"caption\":\"Radio Touring 104\"},\"image\":{\"@id\":\"https:\/\/progettotouring.it\/radiotouring104\/#\/schema\/logo\/image\/\"}},{\"@type\":\"Person\",\"@id\":\"https:\/\/progettotouring.it\/radiotouring104\/#\/schema\/person\/b9f9c3730b0a78814c9b9f3bfc52c619\",\"name\":\"S L\",\"image\":{\"@type\":\"ImageObject\",\"inLanguage\":\"it-IT\",\"@id\":\"https:\/\/secure.gravatar.com\/avatar\/652c51789d7030aaed9ff828331360502a68204fe6fb0831bc280515210e16d2?s=96&d=mm&r=g\",\"url\":\"https:\/\/secure.gravatar.com\/avatar\/652c51789d7030aaed9ff828331360502a68204fe6fb0831bc280515210e16d2?s=96&d=mm&r=g\",\"contentUrl\":\"https:\/\/secure.gravatar.com\/avatar\/652c51789d7030aaed9ff828331360502a68204fe6fb0831bc280515210e16d2?s=96&d=mm&r=g\",\"caption\":\"S L\"},\"url\":\"https:\/\/progettotouring.it\/radiotouring104\/author\/slibri\/\"}]}<\/script>\n<!-- \/ Yoast SEO plugin. -->","yoast_head_json":{"title":"Ordine dei Medici di Reggio: fari accesi sull'oncologia - Radio Touring 104","description":"Tema del corso: \"Oncologia di Genere: stato dell\u2019arte nella prevenzione e nuove prospettive diagnostiche e terapeutiche\u201d","robots":{"index":"index","follow":"follow","max-snippet":"max-snippet:-1","max-image-preview":"max-image-preview:large","max-video-preview":"max-video-preview:-1"},"canonical":"https:\/\/progettotouring.it\/radiotouring104\/2025\/05\/11\/ordine-dei-medici-di-reggio-fari-accesi-sulloncologia\/","og_locale":"it_IT","og_type":"article","og_title":"Ordine dei Medici di Reggio: fari accesi sull'oncologia - Radio Touring 104","og_description":"Tema del corso: \"Oncologia di Genere: stato dell\u2019arte nella prevenzione e nuove prospettive diagnostiche e terapeutiche\u201d","og_url":"https:\/\/progettotouring.it\/radiotouring104\/2025\/05\/11\/ordine-dei-medici-di-reggio-fari-accesi-sulloncologia\/","og_site_name":"Radio Touring 104","article_published_time":"2025-05-11T09:13:18+00:00","og_image":[{"width":1920,"height":1080,"url":"https:\/\/progettotouring.it\/radiotouring104\/wp-content\/uploads\/sites\/6\/2025\/05\/dottoresse-ordine-dei-medici.jpg","type":"image\/jpeg"}],"author":"S L","twitter_card":"summary_large_image","twitter_misc":{"Scritto da":"S L","Tempo di lettura stimato":"4 minuti"},"schema":{"@context":"https:\/\/schema.org","@graph":[{"@type":"Article","@id":"https:\/\/progettotouring.it\/radiotouring104\/2025\/05\/11\/ordine-dei-medici-di-reggio-fari-accesi-sulloncologia\/#article","isPartOf":{"@id":"https:\/\/progettotouring.it\/radiotouring104\/2025\/05\/11\/ordine-dei-medici-di-reggio-fari-accesi-sulloncologia\/"},"author":{"name":"S L","@id":"https:\/\/progettotouring.it\/radiotouring104\/#\/schema\/person\/b9f9c3730b0a78814c9b9f3bfc52c619"},"headline":"Ordine dei Medici di Reggio: fari accesi sull&#8217;oncologia","datePublished":"2025-05-11T09:13:18+00:00","mainEntityOfPage":{"@id":"https:\/\/progettotouring.it\/radiotouring104\/2025\/05\/11\/ordine-dei-medici-di-reggio-fari-accesi-sulloncologia\/"},"wordCount":778,"publisher":{"@id":"https:\/\/progettotouring.it\/radiotouring104\/#organization"},"image":{"@id":"https:\/\/progettotouring.it\/radiotouring104\/2025\/05\/11\/ordine-dei-medici-di-reggio-fari-accesi-sulloncologia\/#primaryimage"},"thumbnailUrl":"https:\/\/progettotouring.it\/radiotouring104\/wp-content\/uploads\/sites\/6\/2025\/05\/dottoresse-ordine-dei-medici.jpg","articleSection":["Home","News","Reggio Calabria"],"inLanguage":"it-IT"},{"@type":"WebPage","@id":"https:\/\/progettotouring.it\/radiotouring104\/2025\/05\/11\/ordine-dei-medici-di-reggio-fari-accesi-sulloncologia\/","url":"https:\/\/progettotouring.it\/radiotouring104\/2025\/05\/11\/ordine-dei-medici-di-reggio-fari-accesi-sulloncologia\/","name":"Ordine dei Medici di Reggio: fari accesi sull'oncologia - Radio Touring 104","isPartOf":{"@id":"https:\/\/progettotouring.it\/radiotouring104\/#website"},"primaryImageOfPage":{"@id":"https:\/\/progettotouring.it\/radiotouring104\/2025\/05\/11\/ordine-dei-medici-di-reggio-fari-accesi-sulloncologia\/#primaryimage"},"image":{"@id":"https:\/\/progettotouring.it\/radiotouring104\/2025\/05\/11\/ordine-dei-medici-di-reggio-fari-accesi-sulloncologia\/#primaryimage"},"thumbnailUrl":"https:\/\/progettotouring.it\/radiotouring104\/wp-content\/uploads\/sites\/6\/2025\/05\/dottoresse-ordine-dei-medici.jpg","datePublished":"2025-05-11T09:13:18+00:00","description":"Tema del corso: \"Oncologia di Genere: stato dell\u2019arte nella prevenzione e nuove prospettive diagnostiche e terapeutiche\u201d","breadcrumb":{"@id":"https:\/\/progettotouring.it\/radiotouring104\/2025\/05\/11\/ordine-dei-medici-di-reggio-fari-accesi-sulloncologia\/#breadcrumb"},"inLanguage":"it-IT","potentialAction":[{"@type":"ReadAction","target":["https:\/\/progettotouring.it\/radiotouring104\/2025\/05\/11\/ordine-dei-medici-di-reggio-fari-accesi-sulloncologia\/"]}]},{"@type":"ImageObject","inLanguage":"it-IT","@id":"https:\/\/progettotouring.it\/radiotouring104\/2025\/05\/11\/ordine-dei-medici-di-reggio-fari-accesi-sulloncologia\/#primaryimage","url":"https:\/\/progettotouring.it\/radiotouring104\/wp-content\/uploads\/sites\/6\/2025\/05\/dottoresse-ordine-dei-medici.jpg","contentUrl":"https:\/\/progettotouring.it\/radiotouring104\/wp-content\/uploads\/sites\/6\/2025\/05\/dottoresse-ordine-dei-medici.jpg","width":1920,"height":1080},{"@type":"BreadcrumbList","@id":"https:\/\/progettotouring.it\/radiotouring104\/2025\/05\/11\/ordine-dei-medici-di-reggio-fari-accesi-sulloncologia\/#breadcrumb","itemListElement":[{"@type":"ListItem","position":1,"name":"Home","item":"https:\/\/progettotouring.it\/radiotouring104\/"},{"@type":"ListItem","position":2,"name":"Ordine dei Medici di Reggio: fari accesi sull&#8217;oncologia"}]},{"@type":"WebSite","@id":"https:\/\/progettotouring.it\/radiotouring104\/#website","url":"https:\/\/progettotouring.it\/radiotouring104\/","name":"Radio Touring 104","description":"La prima radio Reggina","publisher":{"@id":"https:\/\/progettotouring.it\/radiotouring104\/#organization"},"potentialAction":[{"@type":"SearchAction","target":{"@type":"EntryPoint","urlTemplate":"https:\/\/progettotouring.it\/radiotouring104\/?s={search_term_string}"},"query-input":{"@type":"PropertyValueSpecification","valueRequired":true,"valueName":"search_term_string"}}],"inLanguage":"it-IT"},{"@type":"Organization","@id":"https:\/\/progettotouring.it\/radiotouring104\/#organization","name":"Radio Touring 104","url":"https:\/\/progettotouring.it\/radiotouring104\/","logo":{"@type":"ImageObject","inLanguage":"it-IT","@id":"https:\/\/progettotouring.it\/radiotouring104\/#\/schema\/logo\/image\/","url":"https:\/\/progettotouring.it\/radiotouring104\/wp-content\/uploads\/sites\/6\/2022\/02\/cropped-logo-radio-touring-104.png","contentUrl":"https:\/\/progettotouring.it\/radiotouring104\/wp-content\/uploads\/sites\/6\/2022\/02\/cropped-logo-radio-touring-104.png","width":377,"height":182,"caption":"Radio Touring 104"},"image":{"@id":"https:\/\/progettotouring.it\/radiotouring104\/#\/schema\/logo\/image\/"}},{"@type":"Person","@id":"https:\/\/progettotouring.it\/radiotouring104\/#\/schema\/person\/b9f9c3730b0a78814c9b9f3bfc52c619","name":"S L","image":{"@type":"ImageObject","inLanguage":"it-IT","@id":"https:\/\/secure.gravatar.com\/avatar\/652c51789d7030aaed9ff828331360502a68204fe6fb0831bc280515210e16d2?s=96&d=mm&r=g","url":"https:\/\/secure.gravatar.com\/avatar\/652c51789d7030aaed9ff828331360502a68204fe6fb0831bc280515210e16d2?s=96&d=mm&r=g","contentUrl":"https:\/\/secure.gravatar.com\/avatar\/652c51789d7030aaed9ff828331360502a68204fe6fb0831bc280515210e16d2?s=96&d=mm&r=g","caption":"S L"},"url":"https:\/\/progettotouring.it\/radiotouring104\/author\/slibri\/"}]}},"jetpack_publicize_connections":[],"jetpack_featured_media_url":"https:\/\/progettotouring.it\/radiotouring104\/wp-content\/uploads\/sites\/6\/2025\/05\/dottoresse-ordine-dei-medici.jpg","jetpack_sharing_enabled":true,"_links":{"self":[{"href":"https:\/\/progettotouring.it\/radiotouring104\/wp-json\/wp\/v2\/posts\/73285","targetHints":{"allow":["GET"]}}],"collection":[{"href":"https:\/\/progettotouring.it\/radiotouring104\/wp-json\/wp\/v2\/posts"}],"about":[{"href":"https:\/\/progettotouring.it\/radiotouring104\/wp-json\/wp\/v2\/types\/post"}],"author":[{"embeddable":true,"href":"https:\/\/progettotouring.it\/radiotouring104\/wp-json\/wp\/v2\/users\/19"}],"replies":[{"embeddable":true,"href":"https:\/\/progettotouring.it\/radiotouring104\/wp-json\/wp\/v2\/comments?post=73285"}],"version-history":[{"count":1,"href":"https:\/\/progettotouring.it\/radiotouring104\/wp-json\/wp\/v2\/posts\/73285\/revisions"}],"predecessor-version":[{"id":73289,"href":"https:\/\/progettotouring.it\/radiotouring104\/wp-json\/wp\/v2\/posts\/73285\/revisions\/73289"}],"wp:featuredmedia":[{"embeddable":true,"href":"https:\/\/progettotouring.it\/radiotouring104\/wp-json\/wp\/v2\/media\/73286"}],"wp:attachment":[{"href":"https:\/\/progettotouring.it\/radiotouring104\/wp-json\/wp\/v2\/media?parent=73285"}],"wp:term":[{"taxonomy":"category","embeddable":true,"href":"https:\/\/progettotouring.it\/radiotouring104\/wp-json\/wp\/v2\/categories?post=73285"},{"taxonomy":"post_tag","embeddable":true,"href":"https:\/\/progettotouring.it\/radiotouring104\/wp-json\/wp\/v2\/tags?post=73285"}],"curies":[{"name":"wp","href":"https:\/\/api.w.org\/{rel}","templated":true}]}}