{"id":73294,"date":"2025-05-11T11:34:21","date_gmt":"2025-05-11T09:34:21","guid":{"rendered":"https:\/\/progettotouring.it\/radiotouring104\/?p=73294"},"modified":"2025-05-11T11:34:21","modified_gmt":"2025-05-11T09:34:21","slug":"manifestazione-sanita-calabria-alza-la-testa-intervento-del-sindaco-falcomata","status":"publish","type":"post","link":"https:\/\/progettotouring.it\/radiotouring104\/2025\/05\/11\/manifestazione-sanita-calabria-alza-la-testa-intervento-del-sindaco-falcomata\/","title":{"rendered":"Manifestazione &#8216;Sanit\u00e0, Calabria alza la testa&#8217;: intervento del Sindaco Falcomat\u00e0"},"content":{"rendered":"<div class=\"msg-view-text-cnt\">\n<div class=\"xam_msg_class\">\n<div dir=\"ltr\">&#8220;<em>La Calabria straordinaria che vorremmo \u00e8 quella che riesce a garantire il diritto alla salute dei suoi cittadini&#8221;<\/em> &#8211; lo ha dichiarato il Sindaco di Reggio Calabria Giuseppe Falcomat\u00e0, intervenendo alla manifestazione regionale &#8216;Sanit\u00e0, Calabria alza la testa&#8217;.<\/div>\n<div dir=\"ltr\"><em><img fetchpriority=\"high\" decoding=\"async\" class=\"alignnone size-medium wp-image-73297\" src=\"https:\/\/progettotouring.it\/radiotouring104\/wp-content\/uploads\/sites\/6\/2025\/05\/calabria-alza-la-testa-4-300x200.jpeg\" alt=\"\" width=\"300\" height=\"200\" srcset=\"https:\/\/progettotouring.it\/radiotouring104\/wp-content\/uploads\/sites\/6\/2025\/05\/calabria-alza-la-testa-4-300x200.jpeg 300w, https:\/\/progettotouring.it\/radiotouring104\/wp-content\/uploads\/sites\/6\/2025\/05\/calabria-alza-la-testa-4-1024x682.jpeg 1024w, https:\/\/progettotouring.it\/radiotouring104\/wp-content\/uploads\/sites\/6\/2025\/05\/calabria-alza-la-testa-4-768x512.jpeg 768w, https:\/\/progettotouring.it\/radiotouring104\/wp-content\/uploads\/sites\/6\/2025\/05\/calabria-alza-la-testa-4-1536x1024.jpeg 1536w, https:\/\/progettotouring.it\/radiotouring104\/wp-content\/uploads\/sites\/6\/2025\/05\/calabria-alza-la-testa-4-2048x1365.jpeg 2048w, https:\/\/progettotouring.it\/radiotouring104\/wp-content\/uploads\/sites\/6\/2025\/05\/calabria-alza-la-testa-4-1920x1280.jpeg 1920w, https:\/\/progettotouring.it\/radiotouring104\/wp-content\/uploads\/sites\/6\/2025\/05\/calabria-alza-la-testa-4-1170x780.jpeg 1170w, https:\/\/progettotouring.it\/radiotouring104\/wp-content\/uploads\/sites\/6\/2025\/05\/calabria-alza-la-testa-4-585x390.jpeg 585w, https:\/\/progettotouring.it\/radiotouring104\/wp-content\/uploads\/sites\/6\/2025\/05\/calabria-alza-la-testa-4-263x175.jpeg 263w\" sizes=\"(max-width: 300px) 100vw, 300px\" \/><img decoding=\"async\" class=\"alignnone size-medium wp-image-73298\" src=\"https:\/\/progettotouring.it\/radiotouring104\/wp-content\/uploads\/sites\/6\/2025\/05\/calabria-alza-la-testa-5-300x200.jpeg\" alt=\"\" width=\"300\" height=\"200\" srcset=\"https:\/\/progettotouring.it\/radiotouring104\/wp-content\/uploads\/sites\/6\/2025\/05\/calabria-alza-la-testa-5-300x200.jpeg 300w, https:\/\/progettotouring.it\/radiotouring104\/wp-content\/uploads\/sites\/6\/2025\/05\/calabria-alza-la-testa-5-1024x682.jpeg 1024w, https:\/\/progettotouring.it\/radiotouring104\/wp-content\/uploads\/sites\/6\/2025\/05\/calabria-alza-la-testa-5-768x512.jpeg 768w, https:\/\/progettotouring.it\/radiotouring104\/wp-content\/uploads\/sites\/6\/2025\/05\/calabria-alza-la-testa-5-1536x1024.jpeg 1536w, https:\/\/progettotouring.it\/radiotouring104\/wp-content\/uploads\/sites\/6\/2025\/05\/calabria-alza-la-testa-5-2048x1365.jpeg 2048w, https:\/\/progettotouring.it\/radiotouring104\/wp-content\/uploads\/sites\/6\/2025\/05\/calabria-alza-la-testa-5-1920x1280.jpeg 1920w, https:\/\/progettotouring.it\/radiotouring104\/wp-content\/uploads\/sites\/6\/2025\/05\/calabria-alza-la-testa-5-1170x780.jpeg 1170w, https:\/\/progettotouring.it\/radiotouring104\/wp-content\/uploads\/sites\/6\/2025\/05\/calabria-alza-la-testa-5-585x390.jpeg 585w, https:\/\/progettotouring.it\/radiotouring104\/wp-content\/uploads\/sites\/6\/2025\/05\/calabria-alza-la-testa-5-263x175.jpeg 263w\" sizes=\"(max-width: 300px) 100vw, 300px\" \/><\/em><\/p>\n<p><em>&#8220;La Calabria che vorremmo \u00e8 quella in cui esiste una sanit\u00e0 ospedaliera accessibile a tutti, una sanit\u00e0 territoriale funzionale, un sistema di emergenza &#8211; urgenza che non lascia morire nessuno e soprattutto, una sanit\u00e0 che garantisce l&#8217;accesso alle cure,\u00a0anche se non si ha la possibilit\u00e0 di scegliere il medico da cui farsi curare. Perch\u00e9 l&#8217;accesso alle cure non pu\u00f2 essere un privilegio ma un diritto irrinunciabile per i calabresi, che questo Commissariamento considera cittadini di serie B&#8221;.<\/em><\/p>\n<p><em>&#8220;Pensare di risolvere i problemi della carenza di personale con i medici cubani \u00e8 come tentare di svuotare l&#8217;oceano con un cucchiaino. Piuttosto, si lavori affinch\u00e9 i tanti giovani medici calabresi, che rappresentano delle eccellenze in termini di competenze e professionalit\u00e0, possano tornare nella nostra terra per qualificare il nostro sistema sanitario.&#8221;<\/em><\/div>\n<div dir=\"ltr\"><em><img decoding=\"async\" class=\"alignnone size-medium wp-image-73296\" src=\"https:\/\/progettotouring.it\/radiotouring104\/wp-content\/uploads\/sites\/6\/2025\/05\/calabria-alza-la-testa-2-300x200.jpeg\" alt=\"\" width=\"300\" height=\"200\" srcset=\"https:\/\/progettotouring.it\/radiotouring104\/wp-content\/uploads\/sites\/6\/2025\/05\/calabria-alza-la-testa-2-300x200.jpeg 300w, https:\/\/progettotouring.it\/radiotouring104\/wp-content\/uploads\/sites\/6\/2025\/05\/calabria-alza-la-testa-2-1024x682.jpeg 1024w, https:\/\/progettotouring.it\/radiotouring104\/wp-content\/uploads\/sites\/6\/2025\/05\/calabria-alza-la-testa-2-768x512.jpeg 768w, https:\/\/progettotouring.it\/radiotouring104\/wp-content\/uploads\/sites\/6\/2025\/05\/calabria-alza-la-testa-2-1536x1024.jpeg 1536w, https:\/\/progettotouring.it\/radiotouring104\/wp-content\/uploads\/sites\/6\/2025\/05\/calabria-alza-la-testa-2-2048x1365.jpeg 2048w, https:\/\/progettotouring.it\/radiotouring104\/wp-content\/uploads\/sites\/6\/2025\/05\/calabria-alza-la-testa-2-1920x1280.jpeg 1920w, https:\/\/progettotouring.it\/radiotouring104\/wp-content\/uploads\/sites\/6\/2025\/05\/calabria-alza-la-testa-2-1170x780.jpeg 1170w, https:\/\/progettotouring.it\/radiotouring104\/wp-content\/uploads\/sites\/6\/2025\/05\/calabria-alza-la-testa-2-585x390.jpeg 585w, https:\/\/progettotouring.it\/radiotouring104\/wp-content\/uploads\/sites\/6\/2025\/05\/calabria-alza-la-testa-2-263x175.jpeg 263w\" sizes=\"(max-width: 300px) 100vw, 300px\" \/><img loading=\"lazy\" decoding=\"async\" class=\"alignnone size-medium wp-image-73299\" src=\"https:\/\/progettotouring.it\/radiotouring104\/wp-content\/uploads\/sites\/6\/2025\/05\/calabria-alza-la-testa-6-300x200.jpeg\" alt=\"\" width=\"300\" height=\"200\" srcset=\"https:\/\/progettotouring.it\/radiotouring104\/wp-content\/uploads\/sites\/6\/2025\/05\/calabria-alza-la-testa-6-300x200.jpeg 300w, https:\/\/progettotouring.it\/radiotouring104\/wp-content\/uploads\/sites\/6\/2025\/05\/calabria-alza-la-testa-6-1024x682.jpeg 1024w, https:\/\/progettotouring.it\/radiotouring104\/wp-content\/uploads\/sites\/6\/2025\/05\/calabria-alza-la-testa-6-768x512.jpeg 768w, https:\/\/progettotouring.it\/radiotouring104\/wp-content\/uploads\/sites\/6\/2025\/05\/calabria-alza-la-testa-6-1536x1024.jpeg 1536w, https:\/\/progettotouring.it\/radiotouring104\/wp-content\/uploads\/sites\/6\/2025\/05\/calabria-alza-la-testa-6-2048x1365.jpeg 2048w, https:\/\/progettotouring.it\/radiotouring104\/wp-content\/uploads\/sites\/6\/2025\/05\/calabria-alza-la-testa-6-1920x1280.jpeg 1920w, https:\/\/progettotouring.it\/radiotouring104\/wp-content\/uploads\/sites\/6\/2025\/05\/calabria-alza-la-testa-6-1170x780.jpeg 1170w, https:\/\/progettotouring.it\/radiotouring104\/wp-content\/uploads\/sites\/6\/2025\/05\/calabria-alza-la-testa-6-585x390.jpeg 585w, https:\/\/progettotouring.it\/radiotouring104\/wp-content\/uploads\/sites\/6\/2025\/05\/calabria-alza-la-testa-6-263x175.jpeg 263w\" sizes=\"(max-width: 300px) 100vw, 300px\" \/><\/em><br \/>\n&#8220;<em>Il messaggio che arriva da questa &#8216;piazza&#8217; \u00e8 deflagrante, perch\u00e9 non rappresenta solo delle legittime rivendicazioni, ma racchiude i tanti gridi di dolore di quelle famiglie che hanno vissuto il dramma della malasanit\u00e0 e che quest&#8217;oggi sono insieme a noi, non certo per posizione ideologica, ma per ribadire il sacrosanto diritto alla salute&#8221;.<\/em><\/div>\n<\/div>\n<\/div>\n<div class=\"msg-view-attach-preview\">\n<div id=\"uiLogic_webmail__view_AttachmentsImageBlock_3\" class=\"attachmentsBlock\" role=\"group\"><\/div>\n<\/div>\n","protected":false},"excerpt":{"rendered":"<p>&#8220;La Calabria straordinaria che vorremmo \u00e8 quella che riesce a garantire il diritto alla salute dei suoi cittadini&#8221; &#8211; lo ha dichiarato il Sindaco di Reggio Calabria Giuseppe Falcomat\u00e0, intervenendo&hellip;<\/p>\n","protected":false},"author":19,"featured_media":73295,"comment_status":"closed","ping_status":"open","sticky":false,"template":"","format":"standard","meta":{"_jetpack_memberships_contains_paid_content":false,"footnotes":"","jetpack_publicize_message":"","jetpack_publicize_feature_enabled":true,"jetpack_social_post_already_shared":true,"jetpack_social_options":{"image_generator_settings":{"template":"highway","default_image_id":0,"font":"","enabled":false},"version":2}},"categories":[921,196,140],"tags":[],"class_list":["post-73294","post","type-post","status-publish","format-standard","has-post-thumbnail","hentry","category-home","category-news","category-reggio-calabria"],"yoast_head":"<!-- This site is optimized with the Yoast SEO plugin v27.2 - https:\/\/yoast.com\/product\/yoast-seo-wordpress\/ -->\n<title>Manifestazione &#039;Sanit\u00e0, Calabria alza la testa&#039;: intervento del Sindaco Falcomat\u00e0 - Radio Touring 104<\/title>\n<meta name=\"description\" content=\"Il primo cittadino di Reggio \u00e8 intervenuto in apertura della manifestazione per il diritto alla salute dei calabresi\" \/>\n<meta name=\"robots\" content=\"index, follow, max-snippet:-1, max-image-preview:large, max-video-preview:-1\" \/>\n<link rel=\"canonical\" href=\"https:\/\/progettotouring.it\/radiotouring104\/2025\/05\/11\/manifestazione-sanita-calabria-alza-la-testa-intervento-del-sindaco-falcomata\/\" \/>\n<meta property=\"og:locale\" content=\"it_IT\" \/>\n<meta property=\"og:type\" content=\"article\" \/>\n<meta property=\"og:title\" content=\"Manifestazione &#039;Sanit\u00e0, Calabria alza la testa&#039;: intervento del Sindaco Falcomat\u00e0 - Radio Touring 104\" \/>\n<meta property=\"og:description\" content=\"Il primo cittadino di Reggio \u00e8 intervenuto in apertura della manifestazione per il diritto alla salute dei calabresi\" \/>\n<meta property=\"og:url\" content=\"https:\/\/progettotouring.it\/radiotouring104\/2025\/05\/11\/manifestazione-sanita-calabria-alza-la-testa-intervento-del-sindaco-falcomata\/\" \/>\n<meta property=\"og:site_name\" content=\"Radio Touring 104\" \/>\n<meta property=\"article:published_time\" content=\"2025-05-11T09:34:21+00:00\" \/>\n<meta property=\"og:image\" content=\"https:\/\/progettotouring.it\/radiotouring104\/wp-content\/uploads\/sites\/6\/2025\/05\/falcomata-man-salute.jpg\" \/>\n\t<meta property=\"og:image:width\" content=\"1920\" \/>\n\t<meta property=\"og:image:height\" content=\"1080\" \/>\n\t<meta property=\"og:image:type\" content=\"image\/jpeg\" \/>\n<meta name=\"author\" content=\"S L\" \/>\n<meta name=\"twitter:card\" content=\"summary_large_image\" \/>\n<meta name=\"twitter:label1\" content=\"Scritto da\" \/>\n\t<meta name=\"twitter:data1\" content=\"S L\" \/>\n\t<meta name=\"twitter:label2\" content=\"Tempo di lettura stimato\" \/>\n\t<meta name=\"twitter:data2\" content=\"1 minuto\" \/>\n<script type=\"application\/ld+json\" class=\"yoast-schema-graph\">{\"@context\":\"https:\/\/schema.org\",\"@graph\":[{\"@type\":\"Article\",\"@id\":\"https:\/\/progettotouring.it\/radiotouring104\/2025\/05\/11\/manifestazione-sanita-calabria-alza-la-testa-intervento-del-sindaco-falcomata\/#article\",\"isPartOf\":{\"@id\":\"https:\/\/progettotouring.it\/radiotouring104\/2025\/05\/11\/manifestazione-sanita-calabria-alza-la-testa-intervento-del-sindaco-falcomata\/\"},\"author\":{\"name\":\"S L\",\"@id\":\"https:\/\/progettotouring.it\/radiotouring104\/#\/schema\/person\/b9f9c3730b0a78814c9b9f3bfc52c619\"},\"headline\":\"Manifestazione &#8216;Sanit\u00e0, Calabria alza la testa&#8217;: intervento del Sindaco Falcomat\u00e0\",\"datePublished\":\"2025-05-11T09:34:21+00:00\",\"mainEntityOfPage\":{\"@id\":\"https:\/\/progettotouring.it\/radiotouring104\/2025\/05\/11\/manifestazione-sanita-calabria-alza-la-testa-intervento-del-sindaco-falcomata\/\"},\"wordCount\":227,\"publisher\":{\"@id\":\"https:\/\/progettotouring.it\/radiotouring104\/#organization\"},\"image\":{\"@id\":\"https:\/\/progettotouring.it\/radiotouring104\/2025\/05\/11\/manifestazione-sanita-calabria-alza-la-testa-intervento-del-sindaco-falcomata\/#primaryimage\"},\"thumbnailUrl\":\"https:\/\/progettotouring.it\/radiotouring104\/wp-content\/uploads\/sites\/6\/2025\/05\/falcomata-man-salute.jpg\",\"articleSection\":[\"Home\",\"News\",\"Reggio Calabria\"],\"inLanguage\":\"it-IT\"},{\"@type\":\"WebPage\",\"@id\":\"https:\/\/progettotouring.it\/radiotouring104\/2025\/05\/11\/manifestazione-sanita-calabria-alza-la-testa-intervento-del-sindaco-falcomata\/\",\"url\":\"https:\/\/progettotouring.it\/radiotouring104\/2025\/05\/11\/manifestazione-sanita-calabria-alza-la-testa-intervento-del-sindaco-falcomata\/\",\"name\":\"Manifestazione 'Sanit\u00e0, Calabria alza la testa': intervento del Sindaco Falcomat\u00e0 - Radio Touring 104\",\"isPartOf\":{\"@id\":\"https:\/\/progettotouring.it\/radiotouring104\/#website\"},\"primaryImageOfPage\":{\"@id\":\"https:\/\/progettotouring.it\/radiotouring104\/2025\/05\/11\/manifestazione-sanita-calabria-alza-la-testa-intervento-del-sindaco-falcomata\/#primaryimage\"},\"image\":{\"@id\":\"https:\/\/progettotouring.it\/radiotouring104\/2025\/05\/11\/manifestazione-sanita-calabria-alza-la-testa-intervento-del-sindaco-falcomata\/#primaryimage\"},\"thumbnailUrl\":\"https:\/\/progettotouring.it\/radiotouring104\/wp-content\/uploads\/sites\/6\/2025\/05\/falcomata-man-salute.jpg\",\"datePublished\":\"2025-05-11T09:34:21+00:00\",\"description\":\"Il primo cittadino di Reggio \u00e8 intervenuto in apertura della manifestazione per il diritto alla salute dei calabresi\",\"breadcrumb\":{\"@id\":\"https:\/\/progettotouring.it\/radiotouring104\/2025\/05\/11\/manifestazione-sanita-calabria-alza-la-testa-intervento-del-sindaco-falcomata\/#breadcrumb\"},\"inLanguage\":\"it-IT\",\"potentialAction\":[{\"@type\":\"ReadAction\",\"target\":[\"https:\/\/progettotouring.it\/radiotouring104\/2025\/05\/11\/manifestazione-sanita-calabria-alza-la-testa-intervento-del-sindaco-falcomata\/\"]}]},{\"@type\":\"ImageObject\",\"inLanguage\":\"it-IT\",\"@id\":\"https:\/\/progettotouring.it\/radiotouring104\/2025\/05\/11\/manifestazione-sanita-calabria-alza-la-testa-intervento-del-sindaco-falcomata\/#primaryimage\",\"url\":\"https:\/\/progettotouring.it\/radiotouring104\/wp-content\/uploads\/sites\/6\/2025\/05\/falcomata-man-salute.jpg\",\"contentUrl\":\"https:\/\/progettotouring.it\/radiotouring104\/wp-content\/uploads\/sites\/6\/2025\/05\/falcomata-man-salute.jpg\",\"width\":1920,\"height\":1080},{\"@type\":\"BreadcrumbList\",\"@id\":\"https:\/\/progettotouring.it\/radiotouring104\/2025\/05\/11\/manifestazione-sanita-calabria-alza-la-testa-intervento-del-sindaco-falcomata\/#breadcrumb\",\"itemListElement\":[{\"@type\":\"ListItem\",\"position\":1,\"name\":\"Home\",\"item\":\"https:\/\/progettotouring.it\/radiotouring104\/\"},{\"@type\":\"ListItem\",\"position\":2,\"name\":\"Manifestazione &#8216;Sanit\u00e0, Calabria alza la testa&#8217;: intervento del Sindaco Falcomat\u00e0\"}]},{\"@type\":\"WebSite\",\"@id\":\"https:\/\/progettotouring.it\/radiotouring104\/#website\",\"url\":\"https:\/\/progettotouring.it\/radiotouring104\/\",\"name\":\"Radio Touring 104\",\"description\":\"La prima radio Reggina\",\"publisher\":{\"@id\":\"https:\/\/progettotouring.it\/radiotouring104\/#organization\"},\"potentialAction\":[{\"@type\":\"SearchAction\",\"target\":{\"@type\":\"EntryPoint\",\"urlTemplate\":\"https:\/\/progettotouring.it\/radiotouring104\/?s={search_term_string}\"},\"query-input\":{\"@type\":\"PropertyValueSpecification\",\"valueRequired\":true,\"valueName\":\"search_term_string\"}}],\"inLanguage\":\"it-IT\"},{\"@type\":\"Organization\",\"@id\":\"https:\/\/progettotouring.it\/radiotouring104\/#organization\",\"name\":\"Radio Touring 104\",\"url\":\"https:\/\/progettotouring.it\/radiotouring104\/\",\"logo\":{\"@type\":\"ImageObject\",\"inLanguage\":\"it-IT\",\"@id\":\"https:\/\/progettotouring.it\/radiotouring104\/#\/schema\/logo\/image\/\",\"url\":\"https:\/\/progettotouring.it\/radiotouring104\/wp-content\/uploads\/sites\/6\/2022\/02\/cropped-logo-radio-touring-104.png\",\"contentUrl\":\"https:\/\/progettotouring.it\/radiotouring104\/wp-content\/uploads\/sites\/6\/2022\/02\/cropped-logo-radio-touring-104.png\",\"width\":377,\"height\":182,\"caption\":\"Radio Touring 104\"},\"image\":{\"@id\":\"https:\/\/progettotouring.it\/radiotouring104\/#\/schema\/logo\/image\/\"}},{\"@type\":\"Person\",\"@id\":\"https:\/\/progettotouring.it\/radiotouring104\/#\/schema\/person\/b9f9c3730b0a78814c9b9f3bfc52c619\",\"name\":\"S L\",\"image\":{\"@type\":\"ImageObject\",\"inLanguage\":\"it-IT\",\"@id\":\"https:\/\/secure.gravatar.com\/avatar\/652c51789d7030aaed9ff828331360502a68204fe6fb0831bc280515210e16d2?s=96&d=mm&r=g\",\"url\":\"https:\/\/secure.gravatar.com\/avatar\/652c51789d7030aaed9ff828331360502a68204fe6fb0831bc280515210e16d2?s=96&d=mm&r=g\",\"contentUrl\":\"https:\/\/secure.gravatar.com\/avatar\/652c51789d7030aaed9ff828331360502a68204fe6fb0831bc280515210e16d2?s=96&d=mm&r=g\",\"caption\":\"S L\"},\"url\":\"https:\/\/progettotouring.it\/radiotouring104\/author\/slibri\/\"}]}<\/script>\n<!-- \/ Yoast SEO plugin. -->","yoast_head_json":{"title":"Manifestazione 'Sanit\u00e0, Calabria alza la testa': intervento del Sindaco Falcomat\u00e0 - Radio Touring 104","description":"Il primo cittadino di Reggio \u00e8 intervenuto in apertura della manifestazione per il diritto alla salute dei calabresi","robots":{"index":"index","follow":"follow","max-snippet":"max-snippet:-1","max-image-preview":"max-image-preview:large","max-video-preview":"max-video-preview:-1"},"canonical":"https:\/\/progettotouring.it\/radiotouring104\/2025\/05\/11\/manifestazione-sanita-calabria-alza-la-testa-intervento-del-sindaco-falcomata\/","og_locale":"it_IT","og_type":"article","og_title":"Manifestazione 'Sanit\u00e0, Calabria alza la testa': intervento del Sindaco Falcomat\u00e0 - Radio Touring 104","og_description":"Il primo cittadino di Reggio \u00e8 intervenuto in apertura della manifestazione per il diritto alla salute dei calabresi","og_url":"https:\/\/progettotouring.it\/radiotouring104\/2025\/05\/11\/manifestazione-sanita-calabria-alza-la-testa-intervento-del-sindaco-falcomata\/","og_site_name":"Radio Touring 104","article_published_time":"2025-05-11T09:34:21+00:00","og_image":[{"width":1920,"height":1080,"url":"https:\/\/progettotouring.it\/radiotouring104\/wp-content\/uploads\/sites\/6\/2025\/05\/falcomata-man-salute.jpg","type":"image\/jpeg"}],"author":"S L","twitter_card":"summary_large_image","twitter_misc":{"Scritto da":"S L","Tempo di lettura stimato":"1 minuto"},"schema":{"@context":"https:\/\/schema.org","@graph":[{"@type":"Article","@id":"https:\/\/progettotouring.it\/radiotouring104\/2025\/05\/11\/manifestazione-sanita-calabria-alza-la-testa-intervento-del-sindaco-falcomata\/#article","isPartOf":{"@id":"https:\/\/progettotouring.it\/radiotouring104\/2025\/05\/11\/manifestazione-sanita-calabria-alza-la-testa-intervento-del-sindaco-falcomata\/"},"author":{"name":"S L","@id":"https:\/\/progettotouring.it\/radiotouring104\/#\/schema\/person\/b9f9c3730b0a78814c9b9f3bfc52c619"},"headline":"Manifestazione &#8216;Sanit\u00e0, Calabria alza la testa&#8217;: intervento del Sindaco Falcomat\u00e0","datePublished":"2025-05-11T09:34:21+00:00","mainEntityOfPage":{"@id":"https:\/\/progettotouring.it\/radiotouring104\/2025\/05\/11\/manifestazione-sanita-calabria-alza-la-testa-intervento-del-sindaco-falcomata\/"},"wordCount":227,"publisher":{"@id":"https:\/\/progettotouring.it\/radiotouring104\/#organization"},"image":{"@id":"https:\/\/progettotouring.it\/radiotouring104\/2025\/05\/11\/manifestazione-sanita-calabria-alza-la-testa-intervento-del-sindaco-falcomata\/#primaryimage"},"thumbnailUrl":"https:\/\/progettotouring.it\/radiotouring104\/wp-content\/uploads\/sites\/6\/2025\/05\/falcomata-man-salute.jpg","articleSection":["Home","News","Reggio Calabria"],"inLanguage":"it-IT"},{"@type":"WebPage","@id":"https:\/\/progettotouring.it\/radiotouring104\/2025\/05\/11\/manifestazione-sanita-calabria-alza-la-testa-intervento-del-sindaco-falcomata\/","url":"https:\/\/progettotouring.it\/radiotouring104\/2025\/05\/11\/manifestazione-sanita-calabria-alza-la-testa-intervento-del-sindaco-falcomata\/","name":"Manifestazione 'Sanit\u00e0, Calabria alza la testa': intervento del Sindaco Falcomat\u00e0 - Radio Touring 104","isPartOf":{"@id":"https:\/\/progettotouring.it\/radiotouring104\/#website"},"primaryImageOfPage":{"@id":"https:\/\/progettotouring.it\/radiotouring104\/2025\/05\/11\/manifestazione-sanita-calabria-alza-la-testa-intervento-del-sindaco-falcomata\/#primaryimage"},"image":{"@id":"https:\/\/progettotouring.it\/radiotouring104\/2025\/05\/11\/manifestazione-sanita-calabria-alza-la-testa-intervento-del-sindaco-falcomata\/#primaryimage"},"thumbnailUrl":"https:\/\/progettotouring.it\/radiotouring104\/wp-content\/uploads\/sites\/6\/2025\/05\/falcomata-man-salute.jpg","datePublished":"2025-05-11T09:34:21+00:00","description":"Il primo cittadino di Reggio \u00e8 intervenuto in apertura della manifestazione per il diritto alla salute dei calabresi","breadcrumb":{"@id":"https:\/\/progettotouring.it\/radiotouring104\/2025\/05\/11\/manifestazione-sanita-calabria-alza-la-testa-intervento-del-sindaco-falcomata\/#breadcrumb"},"inLanguage":"it-IT","potentialAction":[{"@type":"ReadAction","target":["https:\/\/progettotouring.it\/radiotouring104\/2025\/05\/11\/manifestazione-sanita-calabria-alza-la-testa-intervento-del-sindaco-falcomata\/"]}]},{"@type":"ImageObject","inLanguage":"it-IT","@id":"https:\/\/progettotouring.it\/radiotouring104\/2025\/05\/11\/manifestazione-sanita-calabria-alza-la-testa-intervento-del-sindaco-falcomata\/#primaryimage","url":"https:\/\/progettotouring.it\/radiotouring104\/wp-content\/uploads\/sites\/6\/2025\/05\/falcomata-man-salute.jpg","contentUrl":"https:\/\/progettotouring.it\/radiotouring104\/wp-content\/uploads\/sites\/6\/2025\/05\/falcomata-man-salute.jpg","width":1920,"height":1080},{"@type":"BreadcrumbList","@id":"https:\/\/progettotouring.it\/radiotouring104\/2025\/05\/11\/manifestazione-sanita-calabria-alza-la-testa-intervento-del-sindaco-falcomata\/#breadcrumb","itemListElement":[{"@type":"ListItem","position":1,"name":"Home","item":"https:\/\/progettotouring.it\/radiotouring104\/"},{"@type":"ListItem","position":2,"name":"Manifestazione &#8216;Sanit\u00e0, Calabria alza la testa&#8217;: intervento del Sindaco Falcomat\u00e0"}]},{"@type":"WebSite","@id":"https:\/\/progettotouring.it\/radiotouring104\/#website","url":"https:\/\/progettotouring.it\/radiotouring104\/","name":"Radio Touring 104","description":"La prima radio Reggina","publisher":{"@id":"https:\/\/progettotouring.it\/radiotouring104\/#organization"},"potentialAction":[{"@type":"SearchAction","target":{"@type":"EntryPoint","urlTemplate":"https:\/\/progettotouring.it\/radiotouring104\/?s={search_term_string}"},"query-input":{"@type":"PropertyValueSpecification","valueRequired":true,"valueName":"search_term_string"}}],"inLanguage":"it-IT"},{"@type":"Organization","@id":"https:\/\/progettotouring.it\/radiotouring104\/#organization","name":"Radio Touring 104","url":"https:\/\/progettotouring.it\/radiotouring104\/","logo":{"@type":"ImageObject","inLanguage":"it-IT","@id":"https:\/\/progettotouring.it\/radiotouring104\/#\/schema\/logo\/image\/","url":"https:\/\/progettotouring.it\/radiotouring104\/wp-content\/uploads\/sites\/6\/2022\/02\/cropped-logo-radio-touring-104.png","contentUrl":"https:\/\/progettotouring.it\/radiotouring104\/wp-content\/uploads\/sites\/6\/2022\/02\/cropped-logo-radio-touring-104.png","width":377,"height":182,"caption":"Radio Touring 104"},"image":{"@id":"https:\/\/progettotouring.it\/radiotouring104\/#\/schema\/logo\/image\/"}},{"@type":"Person","@id":"https:\/\/progettotouring.it\/radiotouring104\/#\/schema\/person\/b9f9c3730b0a78814c9b9f3bfc52c619","name":"S L","image":{"@type":"ImageObject","inLanguage":"it-IT","@id":"https:\/\/secure.gravatar.com\/avatar\/652c51789d7030aaed9ff828331360502a68204fe6fb0831bc280515210e16d2?s=96&d=mm&r=g","url":"https:\/\/secure.gravatar.com\/avatar\/652c51789d7030aaed9ff828331360502a68204fe6fb0831bc280515210e16d2?s=96&d=mm&r=g","contentUrl":"https:\/\/secure.gravatar.com\/avatar\/652c51789d7030aaed9ff828331360502a68204fe6fb0831bc280515210e16d2?s=96&d=mm&r=g","caption":"S L"},"url":"https:\/\/progettotouring.it\/radiotouring104\/author\/slibri\/"}]}},"jetpack_publicize_connections":[],"jetpack_featured_media_url":"https:\/\/progettotouring.it\/radiotouring104\/wp-content\/uploads\/sites\/6\/2025\/05\/falcomata-man-salute.jpg","jetpack_sharing_enabled":true,"_links":{"self":[{"href":"https:\/\/progettotouring.it\/radiotouring104\/wp-json\/wp\/v2\/posts\/73294","targetHints":{"allow":["GET"]}}],"collection":[{"href":"https:\/\/progettotouring.it\/radiotouring104\/wp-json\/wp\/v2\/posts"}],"about":[{"href":"https:\/\/progettotouring.it\/radiotouring104\/wp-json\/wp\/v2\/types\/post"}],"author":[{"embeddable":true,"href":"https:\/\/progettotouring.it\/radiotouring104\/wp-json\/wp\/v2\/users\/19"}],"replies":[{"embeddable":true,"href":"https:\/\/progettotouring.it\/radiotouring104\/wp-json\/wp\/v2\/comments?post=73294"}],"version-history":[{"count":1,"href":"https:\/\/progettotouring.it\/radiotouring104\/wp-json\/wp\/v2\/posts\/73294\/revisions"}],"predecessor-version":[{"id":73300,"href":"https:\/\/progettotouring.it\/radiotouring104\/wp-json\/wp\/v2\/posts\/73294\/revisions\/73300"}],"wp:featuredmedia":[{"embeddable":true,"href":"https:\/\/progettotouring.it\/radiotouring104\/wp-json\/wp\/v2\/media\/73295"}],"wp:attachment":[{"href":"https:\/\/progettotouring.it\/radiotouring104\/wp-json\/wp\/v2\/media?parent=73294"}],"wp:term":[{"taxonomy":"category","embeddable":true,"href":"https:\/\/progettotouring.it\/radiotouring104\/wp-json\/wp\/v2\/categories?post=73294"},{"taxonomy":"post_tag","embeddable":true,"href":"https:\/\/progettotouring.it\/radiotouring104\/wp-json\/wp\/v2\/tags?post=73294"}],"curies":[{"name":"wp","href":"https:\/\/api.w.org\/{rel}","templated":true}]}}