{"id":73306,"date":"2025-05-11T11:56:01","date_gmt":"2025-05-11T09:56:01","guid":{"rendered":"https:\/\/progettotouring.it\/radiotouring104\/?p=73306"},"modified":"2025-05-11T11:56:01","modified_gmt":"2025-05-11T09:56:01","slug":"oggi-la-redel-viola-a-monopoli-per-gara-1-dei-playoff","status":"publish","type":"post","link":"https:\/\/progettotouring.it\/radiotouring104\/2025\/05\/11\/oggi-la-redel-viola-a-monopoli-per-gara-1-dei-playoff\/","title":{"rendered":"Oggi la Redel Viola a Monopoli per gara 1 dei playoff"},"content":{"rendered":"<div id=\"bigslam-page-wrapper\" class=\"bigslam-page-wrapper\">\n<div class=\"bigslam-blog-title-wrap  bigslam-style-small\">\n<div class=\"bigslam-blog-title-container bigslam-container\">\n<div class=\"bigslam-blog-title-content bigslam-item-pdlr\">\n<header class=\"bigslam-single-article-head clearfix\">\n<div class=\"bigslam-single-article-head-right\"><\/div>\n<\/header>\n<\/div>\n<\/div>\n<\/div>\n<div class=\"bigslam-content-container bigslam-container\">\n<div class=\" bigslam-sidebar-wrap clearfix bigslam-line-height-0 bigslam-sidebar-style-none\">\n<div class=\" bigslam-sidebar-center bigslam-column-60 bigslam-line-height\">\n<div class=\"bigslam-content-wrap bigslam-item-pdlr clearfix\">\n<div class=\"bigslam-content-area\">\n<article id=\"post-13832\" class=\"post-13832 post type-post status-publish format-standard hentry category-pallacanestro-viola category-prima-squadra tag-playoff-gara1-monopoliviola\">\n<div class=\"bigslam-single-article\">\n<div class=\"bigslam-single-article-content\">\n<p>Iniziano i Playoff.<\/p>\n<p>La Redel Reggio Calabria, testa di serie numero otto, sfida a domicilio il Monopoli, capolista della classifica finale al termine dei Play In Gold.<\/p>\n<p>Iniziano dunque i quarti di finale Playoff con l\u2019affascinante sfida al meglio delle tre gare.<\/p>\n<p>Neroarancio senza il fattore campo a favore, durante questa terza fase dell\u2019elaborato torneo interregionale.<\/p>\n<p>La formula andr\u00e0 a premiare una sola tra le otto squadre e sar\u00e0 quella che meriter\u00e0 promozione in B nazionale.<\/p>\n<p>Dalla medesima parte del tabellone si gioca Angri-Avellino.<\/p>\n<p>Dalla parte opposta del tabellone le sfide tra Svincolati e Basket School e tra Siaz Piazza Armerina contro Lions Bisceglie.<\/p>\n<p>La sfida in Puglia, per il team di coach Cadeo si giocher\u00e0 alle ore 19, con diretta sull\u2019emittente ufficiale del club monopolitano, in condivisione sulle pagine social dei rispettivi club.<\/p>\n<p>I due avversari si conoscono gi\u00e0.<\/p>\n<p>La Redel nella sfida di andata sfior\u00f2 il colpaccio in casa dei pugliesi, cedendo il passo a Monopoli solo nelle battute finali; gara da dimenticare al PalaCalafiore con \u00a0i neroarancio mai in partita.<\/p>\n<p>L\u2019allenatore di Monopoli,\u00a0 dopo le dimissioni di Coach Carolillo, \u00e8 il giovane Ostuni. \u2028Nel roster pugliese spiccano il pivot Preira, l\u2019esterno Pazin, Vitale,il lungo Spatti, il duttile Milosevic gli ex Molfetta Calisi e Formica e l\u2019ex Viola, che ha fatto molto bene nella passata stagione in neroarancio, Thomas Aguzzoli.<\/p>\n<p>Simonetti e compagni venderanno cara la pelle davanti ad un nutrito gruppo di tifosi al seguito.<\/p>\n<p>Appuntamento alle 19 alla tensostruttura di Monopoli.<\/p>\n<p>Arbitrano i signori Marcello Gerardo Del Gaudio di Massa di Somma e Stefano Pezzella di Arzano.<\/p>\n<\/div>\n<\/div>\n<\/article>\n<\/div>\n<\/div>\n<\/div>\n<\/div>\n<\/div>\n<\/div>\n<footer>\n<div class=\"bigslam-footer-wrapper\">\n<div class=\"bigslam-footer-container bigslam-container clearfix\">\n<div class=\"bigslam-footer-column bigslam-item-pdlr bigslam-column-15\">\n<div id=\"text-1\" class=\"widget widget_text bigslam-widget\">\n<div class=\"textwidget\">\n<div class=\"bigslam-center-align\"><\/div>\n<\/div>\n<\/div>\n<\/div>\n<div class=\"bigslam-footer-column bigslam-item-pdlr bigslam-column-15\">\n<div id=\"block-3\" class=\"widget widget_block widget_media_image bigslam-widget\"><\/div>\n<\/div>\n<\/div>\n<\/div>\n<\/footer>\n","protected":false},"excerpt":{"rendered":"<p>Iniziano i Playoff. La Redel Reggio Calabria, testa di serie numero otto, sfida a domicilio il Monopoli, capolista della classifica finale al termine dei Play In Gold. Iniziano dunque i&hellip;<\/p>\n","protected":false},"author":19,"featured_media":73307,"comment_status":"closed","ping_status":"open","sticky":false,"template":"","format":"standard","meta":{"_jetpack_memberships_contains_paid_content":false,"footnotes":"","jetpack_publicize_message":"","jetpack_publicize_feature_enabled":true,"jetpack_social_post_already_shared":true,"jetpack_social_options":{"image_generator_settings":{"template":"highway","default_image_id":0,"font":"","enabled":false},"version":2}},"categories":[196,144],"tags":[],"class_list":["post-73306","post","type-post","status-publish","format-standard","has-post-thumbnail","hentry","category-news","category-sport"],"yoast_head":"<!-- This site is optimized with the Yoast SEO plugin v27.2 - https:\/\/yoast.com\/product\/yoast-seo-wordpress\/ -->\n<title>Oggi la Redel Viola a Monopoli per gara 1 dei playoff - Radio Touring 104<\/title>\n<meta name=\"description\" content=\"Il quarto di finale avr\u00e0 inizio alle ore 19.00\" \/>\n<meta name=\"robots\" content=\"index, follow, max-snippet:-1, max-image-preview:large, max-video-preview:-1\" \/>\n<link rel=\"canonical\" href=\"https:\/\/progettotouring.it\/radiotouring104\/2025\/05\/11\/oggi-la-redel-viola-a-monopoli-per-gara-1-dei-playoff\/\" \/>\n<meta property=\"og:locale\" content=\"it_IT\" \/>\n<meta property=\"og:type\" content=\"article\" \/>\n<meta property=\"og:title\" content=\"Oggi la Redel Viola a Monopoli per gara 1 dei playoff - Radio Touring 104\" \/>\n<meta property=\"og:description\" content=\"Il quarto di finale avr\u00e0 inizio alle ore 19.00\" \/>\n<meta property=\"og:url\" content=\"https:\/\/progettotouring.it\/radiotouring104\/2025\/05\/11\/oggi-la-redel-viola-a-monopoli-per-gara-1-dei-playoff\/\" \/>\n<meta property=\"og:site_name\" content=\"Radio Touring 104\" \/>\n<meta property=\"article:published_time\" content=\"2025-05-11T09:56:01+00:00\" \/>\n<meta property=\"og:image\" content=\"https:\/\/progettotouring.it\/radiotouring104\/wp-content\/uploads\/sites\/6\/2025\/05\/viola-2.jpg\" \/>\n\t<meta property=\"og:image:width\" content=\"1920\" \/>\n\t<meta property=\"og:image:height\" content=\"1080\" \/>\n\t<meta property=\"og:image:type\" content=\"image\/jpeg\" \/>\n<meta name=\"author\" content=\"S L\" \/>\n<meta name=\"twitter:card\" content=\"summary_large_image\" \/>\n<meta name=\"twitter:label1\" content=\"Scritto da\" \/>\n\t<meta name=\"twitter:data1\" content=\"S L\" \/>\n\t<meta name=\"twitter:label2\" content=\"Tempo di lettura stimato\" \/>\n\t<meta name=\"twitter:data2\" content=\"1 minuto\" \/>\n<script type=\"application\/ld+json\" class=\"yoast-schema-graph\">{\"@context\":\"https:\/\/schema.org\",\"@graph\":[{\"@type\":\"Article\",\"@id\":\"https:\/\/progettotouring.it\/radiotouring104\/2025\/05\/11\/oggi-la-redel-viola-a-monopoli-per-gara-1-dei-playoff\/#article\",\"isPartOf\":{\"@id\":\"https:\/\/progettotouring.it\/radiotouring104\/2025\/05\/11\/oggi-la-redel-viola-a-monopoli-per-gara-1-dei-playoff\/\"},\"author\":{\"name\":\"S L\",\"@id\":\"https:\/\/progettotouring.it\/radiotouring104\/#\/schema\/person\/b9f9c3730b0a78814c9b9f3bfc52c619\"},\"headline\":\"Oggi la Redel Viola a Monopoli per gara 1 dei playoff\",\"datePublished\":\"2025-05-11T09:56:01+00:00\",\"mainEntityOfPage\":{\"@id\":\"https:\/\/progettotouring.it\/radiotouring104\/2025\/05\/11\/oggi-la-redel-viola-a-monopoli-per-gara-1-dei-playoff\/\"},\"wordCount\":275,\"publisher\":{\"@id\":\"https:\/\/progettotouring.it\/radiotouring104\/#organization\"},\"image\":{\"@id\":\"https:\/\/progettotouring.it\/radiotouring104\/2025\/05\/11\/oggi-la-redel-viola-a-monopoli-per-gara-1-dei-playoff\/#primaryimage\"},\"thumbnailUrl\":\"https:\/\/progettotouring.it\/radiotouring104\/wp-content\/uploads\/sites\/6\/2025\/05\/viola-2.jpg\",\"articleSection\":[\"News\",\"Sport\"],\"inLanguage\":\"it-IT\"},{\"@type\":\"WebPage\",\"@id\":\"https:\/\/progettotouring.it\/radiotouring104\/2025\/05\/11\/oggi-la-redel-viola-a-monopoli-per-gara-1-dei-playoff\/\",\"url\":\"https:\/\/progettotouring.it\/radiotouring104\/2025\/05\/11\/oggi-la-redel-viola-a-monopoli-per-gara-1-dei-playoff\/\",\"name\":\"Oggi la Redel Viola a Monopoli per gara 1 dei playoff - Radio Touring 104\",\"isPartOf\":{\"@id\":\"https:\/\/progettotouring.it\/radiotouring104\/#website\"},\"primaryImageOfPage\":{\"@id\":\"https:\/\/progettotouring.it\/radiotouring104\/2025\/05\/11\/oggi-la-redel-viola-a-monopoli-per-gara-1-dei-playoff\/#primaryimage\"},\"image\":{\"@id\":\"https:\/\/progettotouring.it\/radiotouring104\/2025\/05\/11\/oggi-la-redel-viola-a-monopoli-per-gara-1-dei-playoff\/#primaryimage\"},\"thumbnailUrl\":\"https:\/\/progettotouring.it\/radiotouring104\/wp-content\/uploads\/sites\/6\/2025\/05\/viola-2.jpg\",\"datePublished\":\"2025-05-11T09:56:01+00:00\",\"description\":\"Il quarto di finale avr\u00e0 inizio alle ore 19.00\",\"breadcrumb\":{\"@id\":\"https:\/\/progettotouring.it\/radiotouring104\/2025\/05\/11\/oggi-la-redel-viola-a-monopoli-per-gara-1-dei-playoff\/#breadcrumb\"},\"inLanguage\":\"it-IT\",\"potentialAction\":[{\"@type\":\"ReadAction\",\"target\":[\"https:\/\/progettotouring.it\/radiotouring104\/2025\/05\/11\/oggi-la-redel-viola-a-monopoli-per-gara-1-dei-playoff\/\"]}]},{\"@type\":\"ImageObject\",\"inLanguage\":\"it-IT\",\"@id\":\"https:\/\/progettotouring.it\/radiotouring104\/2025\/05\/11\/oggi-la-redel-viola-a-monopoli-per-gara-1-dei-playoff\/#primaryimage\",\"url\":\"https:\/\/progettotouring.it\/radiotouring104\/wp-content\/uploads\/sites\/6\/2025\/05\/viola-2.jpg\",\"contentUrl\":\"https:\/\/progettotouring.it\/radiotouring104\/wp-content\/uploads\/sites\/6\/2025\/05\/viola-2.jpg\",\"width\":1920,\"height\":1080},{\"@type\":\"BreadcrumbList\",\"@id\":\"https:\/\/progettotouring.it\/radiotouring104\/2025\/05\/11\/oggi-la-redel-viola-a-monopoli-per-gara-1-dei-playoff\/#breadcrumb\",\"itemListElement\":[{\"@type\":\"ListItem\",\"position\":1,\"name\":\"Home\",\"item\":\"https:\/\/progettotouring.it\/radiotouring104\/\"},{\"@type\":\"ListItem\",\"position\":2,\"name\":\"Oggi la Redel Viola a Monopoli per gara 1 dei playoff\"}]},{\"@type\":\"WebSite\",\"@id\":\"https:\/\/progettotouring.it\/radiotouring104\/#website\",\"url\":\"https:\/\/progettotouring.it\/radiotouring104\/\",\"name\":\"Radio Touring 104\",\"description\":\"La prima radio Reggina\",\"publisher\":{\"@id\":\"https:\/\/progettotouring.it\/radiotouring104\/#organization\"},\"potentialAction\":[{\"@type\":\"SearchAction\",\"target\":{\"@type\":\"EntryPoint\",\"urlTemplate\":\"https:\/\/progettotouring.it\/radiotouring104\/?s={search_term_string}\"},\"query-input\":{\"@type\":\"PropertyValueSpecification\",\"valueRequired\":true,\"valueName\":\"search_term_string\"}}],\"inLanguage\":\"it-IT\"},{\"@type\":\"Organization\",\"@id\":\"https:\/\/progettotouring.it\/radiotouring104\/#organization\",\"name\":\"Radio Touring 104\",\"url\":\"https:\/\/progettotouring.it\/radiotouring104\/\",\"logo\":{\"@type\":\"ImageObject\",\"inLanguage\":\"it-IT\",\"@id\":\"https:\/\/progettotouring.it\/radiotouring104\/#\/schema\/logo\/image\/\",\"url\":\"https:\/\/progettotouring.it\/radiotouring104\/wp-content\/uploads\/sites\/6\/2022\/02\/cropped-logo-radio-touring-104.png\",\"contentUrl\":\"https:\/\/progettotouring.it\/radiotouring104\/wp-content\/uploads\/sites\/6\/2022\/02\/cropped-logo-radio-touring-104.png\",\"width\":377,\"height\":182,\"caption\":\"Radio Touring 104\"},\"image\":{\"@id\":\"https:\/\/progettotouring.it\/radiotouring104\/#\/schema\/logo\/image\/\"}},{\"@type\":\"Person\",\"@id\":\"https:\/\/progettotouring.it\/radiotouring104\/#\/schema\/person\/b9f9c3730b0a78814c9b9f3bfc52c619\",\"name\":\"S L\",\"image\":{\"@type\":\"ImageObject\",\"inLanguage\":\"it-IT\",\"@id\":\"https:\/\/secure.gravatar.com\/avatar\/652c51789d7030aaed9ff828331360502a68204fe6fb0831bc280515210e16d2?s=96&d=mm&r=g\",\"url\":\"https:\/\/secure.gravatar.com\/avatar\/652c51789d7030aaed9ff828331360502a68204fe6fb0831bc280515210e16d2?s=96&d=mm&r=g\",\"contentUrl\":\"https:\/\/secure.gravatar.com\/avatar\/652c51789d7030aaed9ff828331360502a68204fe6fb0831bc280515210e16d2?s=96&d=mm&r=g\",\"caption\":\"S L\"},\"url\":\"https:\/\/progettotouring.it\/radiotouring104\/author\/slibri\/\"}]}<\/script>\n<!-- \/ Yoast SEO plugin. -->","yoast_head_json":{"title":"Oggi la Redel Viola a Monopoli per gara 1 dei playoff - Radio Touring 104","description":"Il quarto di finale avr\u00e0 inizio alle ore 19.00","robots":{"index":"index","follow":"follow","max-snippet":"max-snippet:-1","max-image-preview":"max-image-preview:large","max-video-preview":"max-video-preview:-1"},"canonical":"https:\/\/progettotouring.it\/radiotouring104\/2025\/05\/11\/oggi-la-redel-viola-a-monopoli-per-gara-1-dei-playoff\/","og_locale":"it_IT","og_type":"article","og_title":"Oggi la Redel Viola a Monopoli per gara 1 dei playoff - Radio Touring 104","og_description":"Il quarto di finale avr\u00e0 inizio alle ore 19.00","og_url":"https:\/\/progettotouring.it\/radiotouring104\/2025\/05\/11\/oggi-la-redel-viola-a-monopoli-per-gara-1-dei-playoff\/","og_site_name":"Radio Touring 104","article_published_time":"2025-05-11T09:56:01+00:00","og_image":[{"width":1920,"height":1080,"url":"https:\/\/progettotouring.it\/radiotouring104\/wp-content\/uploads\/sites\/6\/2025\/05\/viola-2.jpg","type":"image\/jpeg"}],"author":"S L","twitter_card":"summary_large_image","twitter_misc":{"Scritto da":"S L","Tempo di lettura stimato":"1 minuto"},"schema":{"@context":"https:\/\/schema.org","@graph":[{"@type":"Article","@id":"https:\/\/progettotouring.it\/radiotouring104\/2025\/05\/11\/oggi-la-redel-viola-a-monopoli-per-gara-1-dei-playoff\/#article","isPartOf":{"@id":"https:\/\/progettotouring.it\/radiotouring104\/2025\/05\/11\/oggi-la-redel-viola-a-monopoli-per-gara-1-dei-playoff\/"},"author":{"name":"S L","@id":"https:\/\/progettotouring.it\/radiotouring104\/#\/schema\/person\/b9f9c3730b0a78814c9b9f3bfc52c619"},"headline":"Oggi la Redel Viola a Monopoli per gara 1 dei playoff","datePublished":"2025-05-11T09:56:01+00:00","mainEntityOfPage":{"@id":"https:\/\/progettotouring.it\/radiotouring104\/2025\/05\/11\/oggi-la-redel-viola-a-monopoli-per-gara-1-dei-playoff\/"},"wordCount":275,"publisher":{"@id":"https:\/\/progettotouring.it\/radiotouring104\/#organization"},"image":{"@id":"https:\/\/progettotouring.it\/radiotouring104\/2025\/05\/11\/oggi-la-redel-viola-a-monopoli-per-gara-1-dei-playoff\/#primaryimage"},"thumbnailUrl":"https:\/\/progettotouring.it\/radiotouring104\/wp-content\/uploads\/sites\/6\/2025\/05\/viola-2.jpg","articleSection":["News","Sport"],"inLanguage":"it-IT"},{"@type":"WebPage","@id":"https:\/\/progettotouring.it\/radiotouring104\/2025\/05\/11\/oggi-la-redel-viola-a-monopoli-per-gara-1-dei-playoff\/","url":"https:\/\/progettotouring.it\/radiotouring104\/2025\/05\/11\/oggi-la-redel-viola-a-monopoli-per-gara-1-dei-playoff\/","name":"Oggi la Redel Viola a Monopoli per gara 1 dei playoff - Radio Touring 104","isPartOf":{"@id":"https:\/\/progettotouring.it\/radiotouring104\/#website"},"primaryImageOfPage":{"@id":"https:\/\/progettotouring.it\/radiotouring104\/2025\/05\/11\/oggi-la-redel-viola-a-monopoli-per-gara-1-dei-playoff\/#primaryimage"},"image":{"@id":"https:\/\/progettotouring.it\/radiotouring104\/2025\/05\/11\/oggi-la-redel-viola-a-monopoli-per-gara-1-dei-playoff\/#primaryimage"},"thumbnailUrl":"https:\/\/progettotouring.it\/radiotouring104\/wp-content\/uploads\/sites\/6\/2025\/05\/viola-2.jpg","datePublished":"2025-05-11T09:56:01+00:00","description":"Il quarto di finale avr\u00e0 inizio alle ore 19.00","breadcrumb":{"@id":"https:\/\/progettotouring.it\/radiotouring104\/2025\/05\/11\/oggi-la-redel-viola-a-monopoli-per-gara-1-dei-playoff\/#breadcrumb"},"inLanguage":"it-IT","potentialAction":[{"@type":"ReadAction","target":["https:\/\/progettotouring.it\/radiotouring104\/2025\/05\/11\/oggi-la-redel-viola-a-monopoli-per-gara-1-dei-playoff\/"]}]},{"@type":"ImageObject","inLanguage":"it-IT","@id":"https:\/\/progettotouring.it\/radiotouring104\/2025\/05\/11\/oggi-la-redel-viola-a-monopoli-per-gara-1-dei-playoff\/#primaryimage","url":"https:\/\/progettotouring.it\/radiotouring104\/wp-content\/uploads\/sites\/6\/2025\/05\/viola-2.jpg","contentUrl":"https:\/\/progettotouring.it\/radiotouring104\/wp-content\/uploads\/sites\/6\/2025\/05\/viola-2.jpg","width":1920,"height":1080},{"@type":"BreadcrumbList","@id":"https:\/\/progettotouring.it\/radiotouring104\/2025\/05\/11\/oggi-la-redel-viola-a-monopoli-per-gara-1-dei-playoff\/#breadcrumb","itemListElement":[{"@type":"ListItem","position":1,"name":"Home","item":"https:\/\/progettotouring.it\/radiotouring104\/"},{"@type":"ListItem","position":2,"name":"Oggi la Redel Viola a Monopoli per gara 1 dei playoff"}]},{"@type":"WebSite","@id":"https:\/\/progettotouring.it\/radiotouring104\/#website","url":"https:\/\/progettotouring.it\/radiotouring104\/","name":"Radio Touring 104","description":"La prima radio Reggina","publisher":{"@id":"https:\/\/progettotouring.it\/radiotouring104\/#organization"},"potentialAction":[{"@type":"SearchAction","target":{"@type":"EntryPoint","urlTemplate":"https:\/\/progettotouring.it\/radiotouring104\/?s={search_term_string}"},"query-input":{"@type":"PropertyValueSpecification","valueRequired":true,"valueName":"search_term_string"}}],"inLanguage":"it-IT"},{"@type":"Organization","@id":"https:\/\/progettotouring.it\/radiotouring104\/#organization","name":"Radio Touring 104","url":"https:\/\/progettotouring.it\/radiotouring104\/","logo":{"@type":"ImageObject","inLanguage":"it-IT","@id":"https:\/\/progettotouring.it\/radiotouring104\/#\/schema\/logo\/image\/","url":"https:\/\/progettotouring.it\/radiotouring104\/wp-content\/uploads\/sites\/6\/2022\/02\/cropped-logo-radio-touring-104.png","contentUrl":"https:\/\/progettotouring.it\/radiotouring104\/wp-content\/uploads\/sites\/6\/2022\/02\/cropped-logo-radio-touring-104.png","width":377,"height":182,"caption":"Radio Touring 104"},"image":{"@id":"https:\/\/progettotouring.it\/radiotouring104\/#\/schema\/logo\/image\/"}},{"@type":"Person","@id":"https:\/\/progettotouring.it\/radiotouring104\/#\/schema\/person\/b9f9c3730b0a78814c9b9f3bfc52c619","name":"S L","image":{"@type":"ImageObject","inLanguage":"it-IT","@id":"https:\/\/secure.gravatar.com\/avatar\/652c51789d7030aaed9ff828331360502a68204fe6fb0831bc280515210e16d2?s=96&d=mm&r=g","url":"https:\/\/secure.gravatar.com\/avatar\/652c51789d7030aaed9ff828331360502a68204fe6fb0831bc280515210e16d2?s=96&d=mm&r=g","contentUrl":"https:\/\/secure.gravatar.com\/avatar\/652c51789d7030aaed9ff828331360502a68204fe6fb0831bc280515210e16d2?s=96&d=mm&r=g","caption":"S L"},"url":"https:\/\/progettotouring.it\/radiotouring104\/author\/slibri\/"}]}},"jetpack_publicize_connections":[],"jetpack_featured_media_url":"https:\/\/progettotouring.it\/radiotouring104\/wp-content\/uploads\/sites\/6\/2025\/05\/viola-2.jpg","jetpack_sharing_enabled":true,"_links":{"self":[{"href":"https:\/\/progettotouring.it\/radiotouring104\/wp-json\/wp\/v2\/posts\/73306","targetHints":{"allow":["GET"]}}],"collection":[{"href":"https:\/\/progettotouring.it\/radiotouring104\/wp-json\/wp\/v2\/posts"}],"about":[{"href":"https:\/\/progettotouring.it\/radiotouring104\/wp-json\/wp\/v2\/types\/post"}],"author":[{"embeddable":true,"href":"https:\/\/progettotouring.it\/radiotouring104\/wp-json\/wp\/v2\/users\/19"}],"replies":[{"embeddable":true,"href":"https:\/\/progettotouring.it\/radiotouring104\/wp-json\/wp\/v2\/comments?post=73306"}],"version-history":[{"count":1,"href":"https:\/\/progettotouring.it\/radiotouring104\/wp-json\/wp\/v2\/posts\/73306\/revisions"}],"predecessor-version":[{"id":73308,"href":"https:\/\/progettotouring.it\/radiotouring104\/wp-json\/wp\/v2\/posts\/73306\/revisions\/73308"}],"wp:featuredmedia":[{"embeddable":true,"href":"https:\/\/progettotouring.it\/radiotouring104\/wp-json\/wp\/v2\/media\/73307"}],"wp:attachment":[{"href":"https:\/\/progettotouring.it\/radiotouring104\/wp-json\/wp\/v2\/media?parent=73306"}],"wp:term":[{"taxonomy":"category","embeddable":true,"href":"https:\/\/progettotouring.it\/radiotouring104\/wp-json\/wp\/v2\/categories?post=73306"},{"taxonomy":"post_tag","embeddable":true,"href":"https:\/\/progettotouring.it\/radiotouring104\/wp-json\/wp\/v2\/tags?post=73306"}],"curies":[{"name":"wp","href":"https:\/\/api.w.org\/{rel}","templated":true}]}}