{"id":73312,"date":"2025-05-11T15:14:15","date_gmt":"2025-05-11T13:14:15","guid":{"rendered":"https:\/\/progettotouring.it\/radiotouring104\/?p=73312"},"modified":"2025-05-11T17:59:36","modified_gmt":"2025-05-11T15:59:36","slug":"cronaca-diretta-di-reggina-vibonese","status":"publish","type":"post","link":"https:\/\/progettotouring.it\/radiotouring104\/2025\/05\/11\/cronaca-diretta-di-reggina-vibonese\/","title":{"rendered":"Cronaca diretta di Reggina &#8211; Vibonese"},"content":{"rendered":"<p style=\"padding-left: 40px\"><!--more--><img fetchpriority=\"high\" decoding=\"async\" class=\"alignnone size-medium wp-image-73337\" src=\"https:\/\/progettotouring.it\/radiotouring104\/wp-content\/uploads\/sites\/6\/2025\/05\/IMG-20250511-WA0038-300x225.jpg\" alt=\"\" width=\"300\" height=\"225\" srcset=\"https:\/\/progettotouring.it\/radiotouring104\/wp-content\/uploads\/sites\/6\/2025\/05\/IMG-20250511-WA0038-300x225.jpg 300w, https:\/\/progettotouring.it\/radiotouring104\/wp-content\/uploads\/sites\/6\/2025\/05\/IMG-20250511-WA0038-1024x768.jpg 1024w, https:\/\/progettotouring.it\/radiotouring104\/wp-content\/uploads\/sites\/6\/2025\/05\/IMG-20250511-WA0038-768x576.jpg 768w, https:\/\/progettotouring.it\/radiotouring104\/wp-content\/uploads\/sites\/6\/2025\/05\/IMG-20250511-WA0038-1536x1152.jpg 1536w, https:\/\/progettotouring.it\/radiotouring104\/wp-content\/uploads\/sites\/6\/2025\/05\/IMG-20250511-WA0038-1170x878.jpg 1170w, https:\/\/progettotouring.it\/radiotouring104\/wp-content\/uploads\/sites\/6\/2025\/05\/IMG-20250511-WA0038-585x439.jpg 585w, https:\/\/progettotouring.it\/radiotouring104\/wp-content\/uploads\/sites\/6\/2025\/05\/IMG-20250511-WA0038.jpg 1600w\" sizes=\"(max-width: 300px) 100vw, 300px\" \/><img decoding=\"async\" class=\"alignnone size-medium wp-image-73330\" src=\"https:\/\/progettotouring.it\/radiotouring104\/wp-content\/uploads\/sites\/6\/2025\/05\/IMG-20250511-WA0037-225x300.jpg\" alt=\"\" width=\"225\" height=\"300\" srcset=\"https:\/\/progettotouring.it\/radiotouring104\/wp-content\/uploads\/sites\/6\/2025\/05\/IMG-20250511-WA0037-225x300.jpg 225w, https:\/\/progettotouring.it\/radiotouring104\/wp-content\/uploads\/sites\/6\/2025\/05\/IMG-20250511-WA0037-768x1024.jpg 768w, https:\/\/progettotouring.it\/radiotouring104\/wp-content\/uploads\/sites\/6\/2025\/05\/IMG-20250511-WA0037-1152x1536.jpg 1152w, https:\/\/progettotouring.it\/radiotouring104\/wp-content\/uploads\/sites\/6\/2025\/05\/IMG-20250511-WA0037-1170x1560.jpg 1170w, https:\/\/progettotouring.it\/radiotouring104\/wp-content\/uploads\/sites\/6\/2025\/05\/IMG-20250511-WA0037-585x780.jpg 585w, https:\/\/progettotouring.it\/radiotouring104\/wp-content\/uploads\/sites\/6\/2025\/05\/IMG-20250511-WA0037.jpg 1200w\" sizes=\"(max-width: 225px) 100vw, 225px\" \/><img decoding=\"async\" class=\"alignnone size-medium wp-image-73325\" src=\"https:\/\/progettotouring.it\/radiotouring104\/wp-content\/uploads\/sites\/6\/2025\/05\/IMG-20250511-WA0036-300x225.jpg\" alt=\"\" width=\"300\" height=\"225\" srcset=\"https:\/\/progettotouring.it\/radiotouring104\/wp-content\/uploads\/sites\/6\/2025\/05\/IMG-20250511-WA0036-300x225.jpg 300w, https:\/\/progettotouring.it\/radiotouring104\/wp-content\/uploads\/sites\/6\/2025\/05\/IMG-20250511-WA0036-1024x768.jpg 1024w, https:\/\/progettotouring.it\/radiotouring104\/wp-content\/uploads\/sites\/6\/2025\/05\/IMG-20250511-WA0036-768x576.jpg 768w, https:\/\/progettotouring.it\/radiotouring104\/wp-content\/uploads\/sites\/6\/2025\/05\/IMG-20250511-WA0036-1536x1152.jpg 1536w, https:\/\/progettotouring.it\/radiotouring104\/wp-content\/uploads\/sites\/6\/2025\/05\/IMG-20250511-WA0036-1920x1440.jpg 1920w, https:\/\/progettotouring.it\/radiotouring104\/wp-content\/uploads\/sites\/6\/2025\/05\/IMG-20250511-WA0036-1170x878.jpg 1170w, https:\/\/progettotouring.it\/radiotouring104\/wp-content\/uploads\/sites\/6\/2025\/05\/IMG-20250511-WA0036-585x439.jpg 585w, https:\/\/progettotouring.it\/radiotouring104\/wp-content\/uploads\/sites\/6\/2025\/05\/IMG-20250511-WA0036.jpg 2048w\" sizes=\"(max-width: 300px) 100vw, 300px\" \/> <img loading=\"lazy\" decoding=\"async\" class=\"alignnone size-medium wp-image-73326\" src=\"https:\/\/progettotouring.it\/radiotouring104\/wp-content\/uploads\/sites\/6\/2025\/05\/IMG-20250511-WA0035-300x225.jpg\" alt=\"\" width=\"300\" height=\"225\" srcset=\"https:\/\/progettotouring.it\/radiotouring104\/wp-content\/uploads\/sites\/6\/2025\/05\/IMG-20250511-WA0035-300x225.jpg 300w, https:\/\/progettotouring.it\/radiotouring104\/wp-content\/uploads\/sites\/6\/2025\/05\/IMG-20250511-WA0035-1024x768.jpg 1024w, https:\/\/progettotouring.it\/radiotouring104\/wp-content\/uploads\/sites\/6\/2025\/05\/IMG-20250511-WA0035-768x576.jpg 768w, https:\/\/progettotouring.it\/radiotouring104\/wp-content\/uploads\/sites\/6\/2025\/05\/IMG-20250511-WA0035-1536x1152.jpg 1536w, https:\/\/progettotouring.it\/radiotouring104\/wp-content\/uploads\/sites\/6\/2025\/05\/IMG-20250511-WA0035-1920x1440.jpg 1920w, https:\/\/progettotouring.it\/radiotouring104\/wp-content\/uploads\/sites\/6\/2025\/05\/IMG-20250511-WA0035-1170x878.jpg 1170w, https:\/\/progettotouring.it\/radiotouring104\/wp-content\/uploads\/sites\/6\/2025\/05\/IMG-20250511-WA0035-585x439.jpg 585w, https:\/\/progettotouring.it\/radiotouring104\/wp-content\/uploads\/sites\/6\/2025\/05\/IMG-20250511-WA0035.jpg 2048w\" sizes=\"(max-width: 300px) 100vw, 300px\" \/><\/p>\n<p>REGGINA &#8211; VIBONESE: 2 &#8211; 0<\/p>\n<p>Dal Granillo \u00e8 tutto.<\/p>\n<p>Finisce al Granillo: Reggina batte Vibonese 2-0, gol di Barill\u00e0,\u00a0 su rigore, e 4addoppio di De Felice.<\/p>\n<p>Altro passettino avanti per la Reggina\u00a0 ha supera la Vibonese nel primo incontro dei play off. Domenica prossima l&#8217;ultimo atto di una stagione lunga e, soprattutto nel girone di ritorno , esaltante.<\/p>\n<p>6 minuti di recupero.<\/p>\n<p>42 minuto: Capomaggio prende il posto di Adejo.<\/p>\n<p>Nel frattempo ultima sostituzione per la Vibonese ha sostituito Squillace con Berardi che, successivamente viene ammonito.<\/p>\n<p>Ripartenza amaranto, bella transizione di Barranco che serve sulla destra De Felice che non lascia scampo a Bolzon.<\/p>\n<p>GOOL: De Felice raddoppia.<\/p>\n<p>36 minuto: ammonito Squillace, sbaglia l&#8217;intervento, e atterra Ragusa lanciato a rete.<\/p>\n<p>Il capitano esce tra gli applausi accompagnato dal medico o sociale Favasuli: speriamo nulla di grave per l&#8217;indispensabile bandiera amaranto.<\/p>\n<p>32 minuto: esce un sontuoso Barill\u00e0 e viene sostituito da Grillo.<\/p>\n<p>Provazza si sistema nel centro sinistra,\u00a0 nella posizione precedentemente occupata da Grillo.<\/p>\n<p>26 minuto: fuori Grillo, uno degli ammoniti,\u00a0 e dentro Provazza.<\/p>\n<p>25 minuto: quinta ammonizione per la Reggina: Porcino.<\/p>\n<p>18 minuto: primo cambio amaranto: fu9ri Ndoye e dentro Cham<\/p>\n<p>16 minuto: altre due sostituzioni per la Vibonese: in campo Giunta e Favo\u00a0 fuori Cardinale e Atteo.<\/p>\n<p>14 minuto: ammonito Adejo per proteste, ritenute eccessive dal direttore arbitrale.<\/p>\n<p>7 minuto s.t.: doppia sostituzione per la Vibonese: in campo Napolitano e Aronica per Milazzo e Palumbo.<\/p>\n<p>3 minuto: colpo di testa di Barranco su lancio dalla destra : alto.<\/p>\n<p>In questo secondo tempo la Reggina gioca con un leggero vento a favore.<\/p>\n<p>17.06: inizia il secondo tempo.<\/p>\n<p>17.05: squadre di nuovo sul terreno di gioco.<\/p>\n<p>Finisce il primo tempo dopo un minuto di recupero e dopo aver annotato l&#8217;ammonizione di Laaribi.<\/p>\n<p>44 minuto: palo di Barranco\u00a0 che di testa colpisce un cross partito dal piede di Barill\u00e0.<\/p>\n<p>36 minuto: paura per la Reggina con Lagonigro che, in uscita al limite della propria area,\u00a0 non intercetta il pallone che, per fortuna,\u00a0 finisce in angolo. Se il pallone fosse finito in porta sarebbe stato un clamoroso seppur fortuito autogol.<\/p>\n<p>Comunicato il dato ufficialedegli\u00a0 spettatori: 3.031 di cui 17 ospiti.<\/p>\n<p>18 minuto: bella azione aggirante della Vibonese con Palumbo che effettua un bel lancio concluso al volo dall&#8217;attaccante.\u00a0 Per fortuna il tiro \u00e8 finito sopra la traversa difesa da Lagonigro.<\/p>\n<p>14 minuto: ammoniti Giuliodori e Atteo per reciproche scorrettezze.<\/p>\n<p>9 minuto: gool!! Barill\u00e0 trasforma il rigore con un tiro basso e forte lato palo sinistro della porta difesa da Bolzon che si tuffa sulla destra. Nessuna protesta della Vibonese per la massima punizione.<\/p>\n<p>7 minuto: rigore per la Reggina!! Barill\u00e0,\u00a0 pronto a tirare avendo ricevuto palla in area da Ragusa, viene atterrato.<\/p>\n<p>Una decina i tifosi ospiti allocati nel settore riservatogli.<\/p>\n<p>Fa il suo ingresso sugli spalti il Presidente della Vibonese Pippo Caffo.<\/p>\n<p>16.04: partiti!! LA Reggina attaccher\u00e0 dalla sinistra rispetto alla nostra postazione.<\/p>\n<p>15.55: a 5 minuti dall&#8217;orario di inizio confermiamo l&#8217;impressione 8niziale: non c&#8217;\u00e8 il pubblico atteso anche se la gente continua ad affluire.<\/p>\n<p>Buon pomeriggio dallo stadio &#8220;Oreste Granillo&#8221; di Reggio Calabria.<\/p>\n<p>Coda di regular season tra le due squadre calabresi che occupano la seconda e quinta posizione della classifica finale del girone I &#8211; serie D.<\/p>\n<p>Agli amaranto non \u00e8 stato sufficiente il filotto finale di 10 vittorie consecutive per raggiungere la capolista Siracusa che domenica scorsa ha festeggiato la promozione in serie C.<\/p>\n<p>Si \u00e8 parlato tanto dell&#8217;opportunit\u00e0 di far giocare queste gare di play off teoricamente insignificanti e, soprattutto, tra squadre separate da decine di punti in campionato.<\/p>\n<p>Obiettivamente questa formula sarebbe da rivedere che non garantisce equit\u00e0 ma, soprattutto, toglie interesse a gare che, invece, potrebbero essere interessanti a fronte di un obiettivo definito.<\/p>\n<p>Detto ci\u00f2 la Reggina non pu\u00f2 permettersi di vincere anche queste battaglie per sperare in un eventuale ripescaggio frutto delle difficolt\u00e0 finanziarie di numerose compagini di serie C.<\/p>\n<p>Alle ore 16.00, quindi, attendiamo il fischio d&#8217;inizio di questo derby che, in campionato, la Reggina ha vinto sia all&#8217;andata che al ritorno.<\/p>\n<p>A Vibo, lo ricordiamo, la prima panchina stagionale per mister Bruno Trocini.<\/p>\n<p>Nonostante gli appelli non c&#8217;\u00e8 stata una gran risposta di pubblico che sembra meno numeroso rispetto alle ultime partite di campionato.<\/p>\n<p>Queste le formazioni iniziali:<\/p>\n<p><strong>REGG<\/strong>INA (4-3-3):\u00a0Lagonigro, Giuliodori, Adejo, Girasole, Ndoye, Porcino, Laaribi, Barill\u00e0, Grillo, Barranco, Ragusa.<\/p>\n<p>A disposizione: Lazar, Capomaggio, Cham, Urso, Provazza, Forciniti, Curiale, De Felice, Renelus.\u00a0All. Trocini<\/p>\n<p><a><br \/>\n<\/a><strong>VIBONESE (4-3-3)<\/strong>: Bolzon; Squillace, Capone, Germinio, Nunziante, Cardinale, Atteo, Milazzo, Palumbo, Alagna, Terranova.<\/p>\n<p>A disposizione: Marano, Caballero, Favo, Giunta, Berardi, Aronica, Napolitano, Fragal\u00e0, Castillo. All. Facciolo<\/p>\n<p><strong>Arbitro<\/strong>: Davide Ammannati di Firenze.\u00a0<strong>Assistenti<\/strong>: Daniele Nesi di Firenze, Davide Bignucolo di Pordenone.\u00a0<strong>Quarto ufficiale<\/strong>: Simone Palmieri di Avellino.<\/p>\n<p>Per la prima volta in serie D la presenza del quarto ufficiale che supporter\u00e0 la terna arbitrale.<\/p>\n<p>Capitan Barill\u00e0, nelle ultime settimane non in perfette condizioni per un ginocchio malconcio, \u00e8 tra gli 11 iniziali.<\/p>\n<p>Perri escluso rispetto ai convocati. Provazza, ultimamente assente nella lista, si accomoda in panchina.<\/p>\n","protected":false},"excerpt":{"rendered":"","protected":false},"author":19,"featured_media":69932,"comment_status":"closed","ping_status":"open","sticky":false,"template":"","format":"standard","meta":{"_jetpack_memberships_contains_paid_content":false,"footnotes":"","jetpack_publicize_message":"","jetpack_publicize_feature_enabled":true,"jetpack_social_post_already_shared":true,"jetpack_social_options":{"image_generator_settings":{"template":"highway","default_image_id":0,"font":"","enabled":false},"version":2}},"categories":[150,196,144],"tags":[],"class_list":["post-73312","post","type-post","status-publish","format-standard","has-post-thumbnail","hentry","category-in-primo-piano","category-news","category-sport"],"yoast_head":"<!-- This site is optimized with the Yoast SEO plugin v27.2 - https:\/\/yoast.com\/product\/yoast-seo-wordpress\/ -->\n<title>Cronaca diretta di Reggina - Vibonese - Radio Touring 104<\/title>\n<meta name=\"description\" content=\"Dallo stadio O. Granillo l&#039;incontro di play off LND serie D girone I\" \/>\n<meta name=\"robots\" content=\"index, follow, max-snippet:-1, max-image-preview:large, max-video-preview:-1\" \/>\n<link rel=\"canonical\" href=\"https:\/\/progettotouring.it\/radiotouring104\/2025\/05\/11\/cronaca-diretta-di-reggina-vibonese\/\" \/>\n<meta property=\"og:locale\" content=\"it_IT\" \/>\n<meta property=\"og:type\" content=\"article\" \/>\n<meta property=\"og:title\" content=\"Cronaca diretta di Reggina - Vibonese - Radio Touring 104\" \/>\n<meta property=\"og:description\" content=\"Dallo stadio O. Granillo l&#039;incontro di play off LND serie D girone I\" \/>\n<meta property=\"og:url\" content=\"https:\/\/progettotouring.it\/radiotouring104\/2025\/05\/11\/cronaca-diretta-di-reggina-vibonese\/\" \/>\n<meta property=\"og:site_name\" content=\"Radio Touring 104\" \/>\n<meta property=\"article:published_time\" content=\"2025-05-11T13:14:15+00:00\" \/>\n<meta property=\"article:modified_time\" content=\"2025-05-11T15:59:36+00:00\" \/>\n<meta property=\"og:image\" content=\"https:\/\/progettotouring.it\/radiotouring104\/wp-content\/uploads\/sites\/6\/2025\/03\/reggina-vibonese-e1743262247951.jpg\" \/>\n\t<meta property=\"og:image:width\" content=\"512\" \/>\n\t<meta property=\"og:image:height\" content=\"269\" \/>\n\t<meta property=\"og:image:type\" content=\"image\/jpeg\" \/>\n<meta name=\"author\" content=\"S L\" \/>\n<meta name=\"twitter:card\" content=\"summary_large_image\" \/>\n<meta name=\"twitter:label1\" content=\"Scritto da\" \/>\n\t<meta name=\"twitter:data1\" content=\"S L\" \/>\n\t<meta name=\"twitter:label2\" content=\"Tempo di lettura stimato\" \/>\n\t<meta name=\"twitter:data2\" content=\"4 minuti\" \/>\n<script type=\"application\/ld+json\" class=\"yoast-schema-graph\">{\"@context\":\"https:\/\/schema.org\",\"@graph\":[{\"@type\":\"Article\",\"@id\":\"https:\/\/progettotouring.it\/radiotouring104\/2025\/05\/11\/cronaca-diretta-di-reggina-vibonese\/#article\",\"isPartOf\":{\"@id\":\"https:\/\/progettotouring.it\/radiotouring104\/2025\/05\/11\/cronaca-diretta-di-reggina-vibonese\/\"},\"author\":{\"name\":\"S L\",\"@id\":\"https:\/\/progettotouring.it\/radiotouring104\/#\/schema\/person\/b9f9c3730b0a78814c9b9f3bfc52c619\"},\"headline\":\"Cronaca diretta di Reggina &#8211; Vibonese\",\"datePublished\":\"2025-05-11T13:14:15+00:00\",\"dateModified\":\"2025-05-11T15:59:36+00:00\",\"mainEntityOfPage\":{\"@id\":\"https:\/\/progettotouring.it\/radiotouring104\/2025\/05\/11\/cronaca-diretta-di-reggina-vibonese\/\"},\"wordCount\":803,\"publisher\":{\"@id\":\"https:\/\/progettotouring.it\/radiotouring104\/#organization\"},\"image\":{\"@id\":\"https:\/\/progettotouring.it\/radiotouring104\/2025\/05\/11\/cronaca-diretta-di-reggina-vibonese\/#primaryimage\"},\"thumbnailUrl\":\"https:\/\/progettotouring.it\/radiotouring104\/wp-content\/uploads\/sites\/6\/2025\/03\/reggina-vibonese-e1743262247951.jpg\",\"articleSection\":[\"In primo piano\",\"News\",\"Sport\"],\"inLanguage\":\"it-IT\"},{\"@type\":\"WebPage\",\"@id\":\"https:\/\/progettotouring.it\/radiotouring104\/2025\/05\/11\/cronaca-diretta-di-reggina-vibonese\/\",\"url\":\"https:\/\/progettotouring.it\/radiotouring104\/2025\/05\/11\/cronaca-diretta-di-reggina-vibonese\/\",\"name\":\"Cronaca diretta di Reggina - Vibonese - Radio Touring 104\",\"isPartOf\":{\"@id\":\"https:\/\/progettotouring.it\/radiotouring104\/#website\"},\"primaryImageOfPage\":{\"@id\":\"https:\/\/progettotouring.it\/radiotouring104\/2025\/05\/11\/cronaca-diretta-di-reggina-vibonese\/#primaryimage\"},\"image\":{\"@id\":\"https:\/\/progettotouring.it\/radiotouring104\/2025\/05\/11\/cronaca-diretta-di-reggina-vibonese\/#primaryimage\"},\"thumbnailUrl\":\"https:\/\/progettotouring.it\/radiotouring104\/wp-content\/uploads\/sites\/6\/2025\/03\/reggina-vibonese-e1743262247951.jpg\",\"datePublished\":\"2025-05-11T13:14:15+00:00\",\"dateModified\":\"2025-05-11T15:59:36+00:00\",\"description\":\"Dallo stadio O. Granillo l'incontro di play off LND serie D girone I\",\"breadcrumb\":{\"@id\":\"https:\/\/progettotouring.it\/radiotouring104\/2025\/05\/11\/cronaca-diretta-di-reggina-vibonese\/#breadcrumb\"},\"inLanguage\":\"it-IT\",\"potentialAction\":[{\"@type\":\"ReadAction\",\"target\":[\"https:\/\/progettotouring.it\/radiotouring104\/2025\/05\/11\/cronaca-diretta-di-reggina-vibonese\/\"]}]},{\"@type\":\"ImageObject\",\"inLanguage\":\"it-IT\",\"@id\":\"https:\/\/progettotouring.it\/radiotouring104\/2025\/05\/11\/cronaca-diretta-di-reggina-vibonese\/#primaryimage\",\"url\":\"https:\/\/progettotouring.it\/radiotouring104\/wp-content\/uploads\/sites\/6\/2025\/03\/reggina-vibonese-e1743262247951.jpg\",\"contentUrl\":\"https:\/\/progettotouring.it\/radiotouring104\/wp-content\/uploads\/sites\/6\/2025\/03\/reggina-vibonese-e1743262247951.jpg\",\"width\":512,\"height\":269},{\"@type\":\"BreadcrumbList\",\"@id\":\"https:\/\/progettotouring.it\/radiotouring104\/2025\/05\/11\/cronaca-diretta-di-reggina-vibonese\/#breadcrumb\",\"itemListElement\":[{\"@type\":\"ListItem\",\"position\":1,\"name\":\"Home\",\"item\":\"https:\/\/progettotouring.it\/radiotouring104\/\"},{\"@type\":\"ListItem\",\"position\":2,\"name\":\"Cronaca diretta di Reggina &#8211; Vibonese\"}]},{\"@type\":\"WebSite\",\"@id\":\"https:\/\/progettotouring.it\/radiotouring104\/#website\",\"url\":\"https:\/\/progettotouring.it\/radiotouring104\/\",\"name\":\"Radio Touring 104\",\"description\":\"La prima radio Reggina\",\"publisher\":{\"@id\":\"https:\/\/progettotouring.it\/radiotouring104\/#organization\"},\"potentialAction\":[{\"@type\":\"SearchAction\",\"target\":{\"@type\":\"EntryPoint\",\"urlTemplate\":\"https:\/\/progettotouring.it\/radiotouring104\/?s={search_term_string}\"},\"query-input\":{\"@type\":\"PropertyValueSpecification\",\"valueRequired\":true,\"valueName\":\"search_term_string\"}}],\"inLanguage\":\"it-IT\"},{\"@type\":\"Organization\",\"@id\":\"https:\/\/progettotouring.it\/radiotouring104\/#organization\",\"name\":\"Radio Touring 104\",\"url\":\"https:\/\/progettotouring.it\/radiotouring104\/\",\"logo\":{\"@type\":\"ImageObject\",\"inLanguage\":\"it-IT\",\"@id\":\"https:\/\/progettotouring.it\/radiotouring104\/#\/schema\/logo\/image\/\",\"url\":\"https:\/\/progettotouring.it\/radiotouring104\/wp-content\/uploads\/sites\/6\/2022\/02\/cropped-logo-radio-touring-104.png\",\"contentUrl\":\"https:\/\/progettotouring.it\/radiotouring104\/wp-content\/uploads\/sites\/6\/2022\/02\/cropped-logo-radio-touring-104.png\",\"width\":377,\"height\":182,\"caption\":\"Radio Touring 104\"},\"image\":{\"@id\":\"https:\/\/progettotouring.it\/radiotouring104\/#\/schema\/logo\/image\/\"}},{\"@type\":\"Person\",\"@id\":\"https:\/\/progettotouring.it\/radiotouring104\/#\/schema\/person\/b9f9c3730b0a78814c9b9f3bfc52c619\",\"name\":\"S L\",\"image\":{\"@type\":\"ImageObject\",\"inLanguage\":\"it-IT\",\"@id\":\"https:\/\/secure.gravatar.com\/avatar\/652c51789d7030aaed9ff828331360502a68204fe6fb0831bc280515210e16d2?s=96&d=mm&r=g\",\"url\":\"https:\/\/secure.gravatar.com\/avatar\/652c51789d7030aaed9ff828331360502a68204fe6fb0831bc280515210e16d2?s=96&d=mm&r=g\",\"contentUrl\":\"https:\/\/secure.gravatar.com\/avatar\/652c51789d7030aaed9ff828331360502a68204fe6fb0831bc280515210e16d2?s=96&d=mm&r=g\",\"caption\":\"S L\"},\"url\":\"https:\/\/progettotouring.it\/radiotouring104\/author\/slibri\/\"}]}<\/script>\n<!-- \/ Yoast SEO plugin. -->","yoast_head_json":{"title":"Cronaca diretta di Reggina - Vibonese - Radio Touring 104","description":"Dallo stadio O. Granillo l'incontro di play off LND serie D girone I","robots":{"index":"index","follow":"follow","max-snippet":"max-snippet:-1","max-image-preview":"max-image-preview:large","max-video-preview":"max-video-preview:-1"},"canonical":"https:\/\/progettotouring.it\/radiotouring104\/2025\/05\/11\/cronaca-diretta-di-reggina-vibonese\/","og_locale":"it_IT","og_type":"article","og_title":"Cronaca diretta di Reggina - Vibonese - Radio Touring 104","og_description":"Dallo stadio O. Granillo l'incontro di play off LND serie D girone I","og_url":"https:\/\/progettotouring.it\/radiotouring104\/2025\/05\/11\/cronaca-diretta-di-reggina-vibonese\/","og_site_name":"Radio Touring 104","article_published_time":"2025-05-11T13:14:15+00:00","article_modified_time":"2025-05-11T15:59:36+00:00","og_image":[{"width":512,"height":269,"url":"https:\/\/progettotouring.it\/radiotouring104\/wp-content\/uploads\/sites\/6\/2025\/03\/reggina-vibonese-e1743262247951.jpg","type":"image\/jpeg"}],"author":"S L","twitter_card":"summary_large_image","twitter_misc":{"Scritto da":"S L","Tempo di lettura stimato":"4 minuti"},"schema":{"@context":"https:\/\/schema.org","@graph":[{"@type":"Article","@id":"https:\/\/progettotouring.it\/radiotouring104\/2025\/05\/11\/cronaca-diretta-di-reggina-vibonese\/#article","isPartOf":{"@id":"https:\/\/progettotouring.it\/radiotouring104\/2025\/05\/11\/cronaca-diretta-di-reggina-vibonese\/"},"author":{"name":"S L","@id":"https:\/\/progettotouring.it\/radiotouring104\/#\/schema\/person\/b9f9c3730b0a78814c9b9f3bfc52c619"},"headline":"Cronaca diretta di Reggina &#8211; Vibonese","datePublished":"2025-05-11T13:14:15+00:00","dateModified":"2025-05-11T15:59:36+00:00","mainEntityOfPage":{"@id":"https:\/\/progettotouring.it\/radiotouring104\/2025\/05\/11\/cronaca-diretta-di-reggina-vibonese\/"},"wordCount":803,"publisher":{"@id":"https:\/\/progettotouring.it\/radiotouring104\/#organization"},"image":{"@id":"https:\/\/progettotouring.it\/radiotouring104\/2025\/05\/11\/cronaca-diretta-di-reggina-vibonese\/#primaryimage"},"thumbnailUrl":"https:\/\/progettotouring.it\/radiotouring104\/wp-content\/uploads\/sites\/6\/2025\/03\/reggina-vibonese-e1743262247951.jpg","articleSection":["In primo piano","News","Sport"],"inLanguage":"it-IT"},{"@type":"WebPage","@id":"https:\/\/progettotouring.it\/radiotouring104\/2025\/05\/11\/cronaca-diretta-di-reggina-vibonese\/","url":"https:\/\/progettotouring.it\/radiotouring104\/2025\/05\/11\/cronaca-diretta-di-reggina-vibonese\/","name":"Cronaca diretta di Reggina - Vibonese - Radio Touring 104","isPartOf":{"@id":"https:\/\/progettotouring.it\/radiotouring104\/#website"},"primaryImageOfPage":{"@id":"https:\/\/progettotouring.it\/radiotouring104\/2025\/05\/11\/cronaca-diretta-di-reggina-vibonese\/#primaryimage"},"image":{"@id":"https:\/\/progettotouring.it\/radiotouring104\/2025\/05\/11\/cronaca-diretta-di-reggina-vibonese\/#primaryimage"},"thumbnailUrl":"https:\/\/progettotouring.it\/radiotouring104\/wp-content\/uploads\/sites\/6\/2025\/03\/reggina-vibonese-e1743262247951.jpg","datePublished":"2025-05-11T13:14:15+00:00","dateModified":"2025-05-11T15:59:36+00:00","description":"Dallo stadio O. Granillo l'incontro di play off LND serie D girone I","breadcrumb":{"@id":"https:\/\/progettotouring.it\/radiotouring104\/2025\/05\/11\/cronaca-diretta-di-reggina-vibonese\/#breadcrumb"},"inLanguage":"it-IT","potentialAction":[{"@type":"ReadAction","target":["https:\/\/progettotouring.it\/radiotouring104\/2025\/05\/11\/cronaca-diretta-di-reggina-vibonese\/"]}]},{"@type":"ImageObject","inLanguage":"it-IT","@id":"https:\/\/progettotouring.it\/radiotouring104\/2025\/05\/11\/cronaca-diretta-di-reggina-vibonese\/#primaryimage","url":"https:\/\/progettotouring.it\/radiotouring104\/wp-content\/uploads\/sites\/6\/2025\/03\/reggina-vibonese-e1743262247951.jpg","contentUrl":"https:\/\/progettotouring.it\/radiotouring104\/wp-content\/uploads\/sites\/6\/2025\/03\/reggina-vibonese-e1743262247951.jpg","width":512,"height":269},{"@type":"BreadcrumbList","@id":"https:\/\/progettotouring.it\/radiotouring104\/2025\/05\/11\/cronaca-diretta-di-reggina-vibonese\/#breadcrumb","itemListElement":[{"@type":"ListItem","position":1,"name":"Home","item":"https:\/\/progettotouring.it\/radiotouring104\/"},{"@type":"ListItem","position":2,"name":"Cronaca diretta di Reggina &#8211; Vibonese"}]},{"@type":"WebSite","@id":"https:\/\/progettotouring.it\/radiotouring104\/#website","url":"https:\/\/progettotouring.it\/radiotouring104\/","name":"Radio Touring 104","description":"La prima radio Reggina","publisher":{"@id":"https:\/\/progettotouring.it\/radiotouring104\/#organization"},"potentialAction":[{"@type":"SearchAction","target":{"@type":"EntryPoint","urlTemplate":"https:\/\/progettotouring.it\/radiotouring104\/?s={search_term_string}"},"query-input":{"@type":"PropertyValueSpecification","valueRequired":true,"valueName":"search_term_string"}}],"inLanguage":"it-IT"},{"@type":"Organization","@id":"https:\/\/progettotouring.it\/radiotouring104\/#organization","name":"Radio Touring 104","url":"https:\/\/progettotouring.it\/radiotouring104\/","logo":{"@type":"ImageObject","inLanguage":"it-IT","@id":"https:\/\/progettotouring.it\/radiotouring104\/#\/schema\/logo\/image\/","url":"https:\/\/progettotouring.it\/radiotouring104\/wp-content\/uploads\/sites\/6\/2022\/02\/cropped-logo-radio-touring-104.png","contentUrl":"https:\/\/progettotouring.it\/radiotouring104\/wp-content\/uploads\/sites\/6\/2022\/02\/cropped-logo-radio-touring-104.png","width":377,"height":182,"caption":"Radio Touring 104"},"image":{"@id":"https:\/\/progettotouring.it\/radiotouring104\/#\/schema\/logo\/image\/"}},{"@type":"Person","@id":"https:\/\/progettotouring.it\/radiotouring104\/#\/schema\/person\/b9f9c3730b0a78814c9b9f3bfc52c619","name":"S L","image":{"@type":"ImageObject","inLanguage":"it-IT","@id":"https:\/\/secure.gravatar.com\/avatar\/652c51789d7030aaed9ff828331360502a68204fe6fb0831bc280515210e16d2?s=96&d=mm&r=g","url":"https:\/\/secure.gravatar.com\/avatar\/652c51789d7030aaed9ff828331360502a68204fe6fb0831bc280515210e16d2?s=96&d=mm&r=g","contentUrl":"https:\/\/secure.gravatar.com\/avatar\/652c51789d7030aaed9ff828331360502a68204fe6fb0831bc280515210e16d2?s=96&d=mm&r=g","caption":"S L"},"url":"https:\/\/progettotouring.it\/radiotouring104\/author\/slibri\/"}]}},"jetpack_publicize_connections":[],"jetpack_featured_media_url":"https:\/\/progettotouring.it\/radiotouring104\/wp-content\/uploads\/sites\/6\/2025\/03\/reggina-vibonese-e1743262247951.jpg","jetpack_sharing_enabled":true,"_links":{"self":[{"href":"https:\/\/progettotouring.it\/radiotouring104\/wp-json\/wp\/v2\/posts\/73312","targetHints":{"allow":["GET"]}}],"collection":[{"href":"https:\/\/progettotouring.it\/radiotouring104\/wp-json\/wp\/v2\/posts"}],"about":[{"href":"https:\/\/progettotouring.it\/radiotouring104\/wp-json\/wp\/v2\/types\/post"}],"author":[{"embeddable":true,"href":"https:\/\/progettotouring.it\/radiotouring104\/wp-json\/wp\/v2\/users\/19"}],"replies":[{"embeddable":true,"href":"https:\/\/progettotouring.it\/radiotouring104\/wp-json\/wp\/v2\/comments?post=73312"}],"version-history":[{"count":39,"href":"https:\/\/progettotouring.it\/radiotouring104\/wp-json\/wp\/v2\/posts\/73312\/revisions"}],"predecessor-version":[{"id":73359,"href":"https:\/\/progettotouring.it\/radiotouring104\/wp-json\/wp\/v2\/posts\/73312\/revisions\/73359"}],"wp:featuredmedia":[{"embeddable":true,"href":"https:\/\/progettotouring.it\/radiotouring104\/wp-json\/wp\/v2\/media\/69932"}],"wp:attachment":[{"href":"https:\/\/progettotouring.it\/radiotouring104\/wp-json\/wp\/v2\/media?parent=73312"}],"wp:term":[{"taxonomy":"category","embeddable":true,"href":"https:\/\/progettotouring.it\/radiotouring104\/wp-json\/wp\/v2\/categories?post=73312"},{"taxonomy":"post_tag","embeddable":true,"href":"https:\/\/progettotouring.it\/radiotouring104\/wp-json\/wp\/v2\/tags?post=73312"}],"curies":[{"name":"wp","href":"https:\/\/api.w.org\/{rel}","templated":true}]}}