{"id":7336,"date":"2022-06-28T12:20:09","date_gmt":"2022-06-28T10:20:09","guid":{"rendered":"https:\/\/progettotouring.it\/radiotouring104\/?p=7336"},"modified":"2022-06-28T12:20:09","modified_gmt":"2022-06-28T10:20:09","slug":"reggio-calabria-sara-citta-dellolio","status":"publish","type":"post","link":"https:\/\/progettotouring.it\/radiotouring104\/2022\/06\/28\/reggio-calabria-sara-citta-dellolio\/","title":{"rendered":"Reggio Calabria sar\u00e0 Citt\u00e0 dell&#8217;Olio"},"content":{"rendered":"<div style=\"text-align: justify\">Reggio Calabria sar\u00e0 Citt\u00e0 dell&#8217;Olio. Il sindaco facente funzioni della Citt\u00e0 Metropolitana di Reggio Calabria Carmelo Versace ha preso parte nei giorni scorsi all&#8217;Assemblea dei soci dell&#8217;Associazione Nazionale Citt\u00e0 dell&#8217;Olio. Sono oltre 400 i Comuni ed altri Enti italiani a vocazione olivicola riunitisi nei giorni scorsi a Roma. Un&#8217;assemblea importante durante la quale si \u00e8 dato il via libera alla Carta degli impegni per la sostenibilit\u00e0 e benessere.<\/p>\n<p>Gi\u00e0 nei prossimi giorni le amministrazioni socie dell\u2019Associazione nazionale potranno sottoscriverla integralmente ottenendo la certificazione Marchio Citt\u00e0 dell\u2019Olio con la possibilit\u00e0 di poterlo declinare sul territorio concedendolo, in base a disciplinari specifici, agli operatori economici locali quali, aziende olivicole, frantoi, ristoranti, musei, oleoteche, agenzie di viaggio e tour operator che dimostrano di condividerne valori e principi ma che soprattutto sono impegnati a realizzare azioni concrete volte alla valorizzazione della cultura olivicola e del prodotto olio EVO nella sua dimensione sociale, economica, ambientale, turistica e territoriale e in un\u2019ottica di sostenibilit\u00e0.<\/p>\n<p>La creazione del Marchio Citt\u00e0 dell\u2019Olio ha alcune importanti finalit\u00e0: aumentare il livello qualitativo dell\u2019offerta produttiva e turistica olivicola degli operatori economici aderenti nei vari territori, in un\u2019ottica sostenibile di salvaguardia del valore bio-culturale dell\u2019olivicoltura; sostenere lo sviluppo di una imprenditoria locale impegnata a produrre beni e servizi legati alla cultura e civilt\u00e0 olivicola, in armonia con le risorse del territorio salvaguardando gli specifici, unici, valori espressi dalla storia e dalle identit\u00e0 storiche locali; valorizzare le identit\u00e0 locali e le produzioni tipiche locali legate alla produzione dell\u2019olio extra-vergine di oliva, e la relativa offerta culturale, produttiva e turistica; contribuire alla valorizzazione della qualit\u00e0 del prodotto olivicolo italiano e delle cultivar locali con particolare riferimento alle produzioni a marchio D.O.P. e I.G.P., quali espressioni del territorio e delle sue comunit\u00e0 e promuovere lo sviluppo di un\u2019offerta integrata tra olio evo, cultura e turismo.<\/p>\n<p>Prosegue quindi il lavoro di promozione e di valorizzazione messo in campo dalla Citt\u00e0 Metropolitana di Reggio Calabria, avviato secondo le linee di indirizzo del sindaco Giuseppe Falcomat\u00e0, che il facente funzioni Carmelo Versace sta portando avanti con diverse iniziative. Dopo il successo della merenda nell&#8217;oliveta delle scorse settimana ora la consacrazione del sodalizio con l&#8217;Associazione Citt\u00e0 dell&#8217;Olio, che apre una serie di nuovi scenari al territorio metropolitano ed alle sue migliori realt\u00e0 produttive nell&#8217;ambito dell&#8217;agroalimentare.<\/p>\n<p>&#8220;Il marchio Citt\u00e0 dell&#8217;Olio pu\u00f2 garantire nuove opportunit\u00e0 per la produzione olivicola reggina &#8211; ha spiegato Versace a margine dell&#8217;incontro &#8211; per questo ho accolto con entusiasmo la possibilit\u00e0 di partecipare all&#8217;importante assise nazionale, insieme al Presidente Michele Sonnessa che ringrazio per la sensibilit\u00e0 e la disponibilit\u00e0 dimostrate nei confronti del nostro territorio. Sono certo che non mancheranno future occasioni di collaborazione, a partire dalla sottoscrizione della carta degli impegni per la sostenibilit\u00e0 e il benessere che come Citt\u00e0 Metropolitana intendiamo abbracciare, offrendo alla filiera olivicola un&#8217;ulteriore certificazione da spendere sul mercato delle esportazioni&#8221;.<\/p><\/div>\n<div style=\"text-align: justify\"><\/div>\n<div style=\"text-align: justify\"><\/div>\n<div style=\"text-align: justify\"><\/div>\n","protected":false},"excerpt":{"rendered":"<p>Reggio Calabria sar\u00e0 Citt\u00e0 dell&#8217;Olio. Il sindaco facente funzioni della Citt\u00e0 Metropolitana di Reggio Calabria Carmelo Versace ha preso parte nei giorni scorsi all&#8217;Assemblea dei soci dell&#8217;Associazione Nazionale Citt\u00e0 dell&#8217;Olio.&hellip;<\/p>\n","protected":false},"author":10,"featured_media":7337,"comment_status":"open","ping_status":"open","sticky":false,"template":"","format":"standard","meta":{"_jetpack_memberships_contains_paid_content":false,"footnotes":"","jetpack_publicize_message":"","jetpack_publicize_feature_enabled":true,"jetpack_social_post_already_shared":false,"jetpack_social_options":{"image_generator_settings":{"template":"highway","default_image_id":0,"font":"","enabled":false},"version":2}},"categories":[921,196,140],"tags":[239,3217,563,3216,236],"class_list":["post-7336","post","type-post","status-publish","format-standard","has-post-thumbnail","hentry","category-home","category-news","category-reggio-calabria","tag-carmelo-versace","tag-citta-dellolio","tag-citta-metropolitana-di-reggio-calabria","tag-michele-sonnessa","tag-reggio-calabria"],"yoast_head":"<!-- This site is optimized with the Yoast SEO plugin v27.2 - https:\/\/yoast.com\/product\/yoast-seo-wordpress\/ -->\n<title>Reggio Calabria sar\u00e0 Citt\u00e0 dell&#039;Olio<\/title>\n<meta name=\"description\" content=\"Il sindaco facente funzioni della Citt\u00e0 Metropolitana di Reggio Calabria Carmelo Versace ha preso parte nei giorni scorsi all&#039;Assemblea dei soci dell&#039;Associazione Nazionale Citt\u00e0 dell&#039;Olio\" \/>\n<meta name=\"robots\" content=\"index, follow, max-snippet:-1, max-image-preview:large, max-video-preview:-1\" \/>\n<link rel=\"canonical\" href=\"https:\/\/progettotouring.it\/radiotouring104\/2022\/06\/28\/reggio-calabria-sara-citta-dellolio\/\" \/>\n<meta property=\"og:locale\" content=\"it_IT\" \/>\n<meta property=\"og:type\" content=\"article\" \/>\n<meta property=\"og:title\" content=\"Reggio Calabria sar\u00e0 Citt\u00e0 dell&#039;Olio\" \/>\n<meta property=\"og:description\" content=\"Il sindaco facente funzioni della Citt\u00e0 Metropolitana di Reggio Calabria Carmelo Versace ha preso parte nei giorni scorsi all&#039;Assemblea dei soci dell&#039;Associazione Nazionale Citt\u00e0 dell&#039;Olio\" \/>\n<meta property=\"og:url\" content=\"https:\/\/progettotouring.it\/radiotouring104\/2022\/06\/28\/reggio-calabria-sara-citta-dellolio\/\" \/>\n<meta property=\"og:site_name\" content=\"Radio Touring 104\" \/>\n<meta property=\"article:published_time\" content=\"2022-06-28T10:20:09+00:00\" \/>\n<meta property=\"og:image\" content=\"https:\/\/progettotouring.it\/radiotouring104\/wp-content\/uploads\/sites\/6\/2022\/06\/citta-dellolio.png\" \/>\n\t<meta property=\"og:image:width\" content=\"225\" \/>\n\t<meta property=\"og:image:height\" content=\"225\" \/>\n\t<meta property=\"og:image:type\" content=\"image\/png\" \/>\n<meta name=\"author\" content=\"Paolo Frascati\" \/>\n<meta name=\"twitter:card\" content=\"summary_large_image\" \/>\n<meta name=\"twitter:label1\" content=\"Scritto da\" \/>\n\t<meta name=\"twitter:data1\" content=\"Paolo Frascati\" \/>\n\t<meta name=\"twitter:label2\" content=\"Tempo di lettura stimato\" \/>\n\t<meta name=\"twitter:data2\" content=\"2 minuti\" \/>\n<script type=\"application\/ld+json\" class=\"yoast-schema-graph\">{\"@context\":\"https:\/\/schema.org\",\"@graph\":[{\"@type\":\"Article\",\"@id\":\"https:\/\/progettotouring.it\/radiotouring104\/2022\/06\/28\/reggio-calabria-sara-citta-dellolio\/#article\",\"isPartOf\":{\"@id\":\"https:\/\/progettotouring.it\/radiotouring104\/2022\/06\/28\/reggio-calabria-sara-citta-dellolio\/\"},\"author\":{\"name\":\"Paolo Frascati\",\"@id\":\"https:\/\/progettotouring.it\/radiotouring104\/#\/schema\/person\/f0ca1b839e26c1b921f796a3458a8574\"},\"headline\":\"Reggio Calabria sar\u00e0 Citt\u00e0 dell&#8217;Olio\",\"datePublished\":\"2022-06-28T10:20:09+00:00\",\"mainEntityOfPage\":{\"@id\":\"https:\/\/progettotouring.it\/radiotouring104\/2022\/06\/28\/reggio-calabria-sara-citta-dellolio\/\"},\"wordCount\":486,\"commentCount\":0,\"publisher\":{\"@id\":\"https:\/\/progettotouring.it\/radiotouring104\/#organization\"},\"image\":{\"@id\":\"https:\/\/progettotouring.it\/radiotouring104\/2022\/06\/28\/reggio-calabria-sara-citta-dellolio\/#primaryimage\"},\"thumbnailUrl\":\"https:\/\/progettotouring.it\/radiotouring104\/wp-content\/uploads\/sites\/6\/2022\/06\/citta-dellolio.png\",\"keywords\":[\"carmelo versace\",\"citt\u00e0 dell'olio\",\"Citt\u00e0 Metropolitana di Reggio Calabria\",\"Michele Sonnessa\",\"reggio calabria\"],\"articleSection\":[\"Home\",\"News\",\"Reggio Calabria\"],\"inLanguage\":\"it-IT\",\"potentialAction\":[{\"@type\":\"CommentAction\",\"name\":\"Comment\",\"target\":[\"https:\/\/progettotouring.it\/radiotouring104\/2022\/06\/28\/reggio-calabria-sara-citta-dellolio\/#respond\"]}]},{\"@type\":\"WebPage\",\"@id\":\"https:\/\/progettotouring.it\/radiotouring104\/2022\/06\/28\/reggio-calabria-sara-citta-dellolio\/\",\"url\":\"https:\/\/progettotouring.it\/radiotouring104\/2022\/06\/28\/reggio-calabria-sara-citta-dellolio\/\",\"name\":\"Reggio Calabria sar\u00e0 Citt\u00e0 dell'Olio\",\"isPartOf\":{\"@id\":\"https:\/\/progettotouring.it\/radiotouring104\/#website\"},\"primaryImageOfPage\":{\"@id\":\"https:\/\/progettotouring.it\/radiotouring104\/2022\/06\/28\/reggio-calabria-sara-citta-dellolio\/#primaryimage\"},\"image\":{\"@id\":\"https:\/\/progettotouring.it\/radiotouring104\/2022\/06\/28\/reggio-calabria-sara-citta-dellolio\/#primaryimage\"},\"thumbnailUrl\":\"https:\/\/progettotouring.it\/radiotouring104\/wp-content\/uploads\/sites\/6\/2022\/06\/citta-dellolio.png\",\"datePublished\":\"2022-06-28T10:20:09+00:00\",\"description\":\"Il sindaco facente funzioni della Citt\u00e0 Metropolitana di Reggio Calabria Carmelo Versace ha preso parte nei giorni scorsi all'Assemblea dei soci dell'Associazione Nazionale Citt\u00e0 dell'Olio\",\"breadcrumb\":{\"@id\":\"https:\/\/progettotouring.it\/radiotouring104\/2022\/06\/28\/reggio-calabria-sara-citta-dellolio\/#breadcrumb\"},\"inLanguage\":\"it-IT\",\"potentialAction\":[{\"@type\":\"ReadAction\",\"target\":[\"https:\/\/progettotouring.it\/radiotouring104\/2022\/06\/28\/reggio-calabria-sara-citta-dellolio\/\"]}]},{\"@type\":\"ImageObject\",\"inLanguage\":\"it-IT\",\"@id\":\"https:\/\/progettotouring.it\/radiotouring104\/2022\/06\/28\/reggio-calabria-sara-citta-dellolio\/#primaryimage\",\"url\":\"https:\/\/progettotouring.it\/radiotouring104\/wp-content\/uploads\/sites\/6\/2022\/06\/citta-dellolio.png\",\"contentUrl\":\"https:\/\/progettotouring.it\/radiotouring104\/wp-content\/uploads\/sites\/6\/2022\/06\/citta-dellolio.png\",\"width\":225,\"height\":225},{\"@type\":\"BreadcrumbList\",\"@id\":\"https:\/\/progettotouring.it\/radiotouring104\/2022\/06\/28\/reggio-calabria-sara-citta-dellolio\/#breadcrumb\",\"itemListElement\":[{\"@type\":\"ListItem\",\"position\":1,\"name\":\"Home\",\"item\":\"https:\/\/progettotouring.it\/radiotouring104\/\"},{\"@type\":\"ListItem\",\"position\":2,\"name\":\"Reggio Calabria sar\u00e0 Citt\u00e0 dell&#8217;Olio\"}]},{\"@type\":\"WebSite\",\"@id\":\"https:\/\/progettotouring.it\/radiotouring104\/#website\",\"url\":\"https:\/\/progettotouring.it\/radiotouring104\/\",\"name\":\"Radio Touring 104\",\"description\":\"La prima radio Reggina\",\"publisher\":{\"@id\":\"https:\/\/progettotouring.it\/radiotouring104\/#organization\"},\"potentialAction\":[{\"@type\":\"SearchAction\",\"target\":{\"@type\":\"EntryPoint\",\"urlTemplate\":\"https:\/\/progettotouring.it\/radiotouring104\/?s={search_term_string}\"},\"query-input\":{\"@type\":\"PropertyValueSpecification\",\"valueRequired\":true,\"valueName\":\"search_term_string\"}}],\"inLanguage\":\"it-IT\"},{\"@type\":\"Organization\",\"@id\":\"https:\/\/progettotouring.it\/radiotouring104\/#organization\",\"name\":\"Radio Touring 104\",\"url\":\"https:\/\/progettotouring.it\/radiotouring104\/\",\"logo\":{\"@type\":\"ImageObject\",\"inLanguage\":\"it-IT\",\"@id\":\"https:\/\/progettotouring.it\/radiotouring104\/#\/schema\/logo\/image\/\",\"url\":\"https:\/\/progettotouring.it\/radiotouring104\/wp-content\/uploads\/sites\/6\/2022\/02\/cropped-logo-radio-touring-104.png\",\"contentUrl\":\"https:\/\/progettotouring.it\/radiotouring104\/wp-content\/uploads\/sites\/6\/2022\/02\/cropped-logo-radio-touring-104.png\",\"width\":377,\"height\":182,\"caption\":\"Radio Touring 104\"},\"image\":{\"@id\":\"https:\/\/progettotouring.it\/radiotouring104\/#\/schema\/logo\/image\/\"}},{\"@type\":\"Person\",\"@id\":\"https:\/\/progettotouring.it\/radiotouring104\/#\/schema\/person\/f0ca1b839e26c1b921f796a3458a8574\",\"name\":\"Paolo Frascati\",\"image\":{\"@type\":\"ImageObject\",\"inLanguage\":\"it-IT\",\"@id\":\"https:\/\/secure.gravatar.com\/avatar\/acad0e44d6a6c69de2c2c1bf6aba094792ac51f1833e9c8a3760ba270d70b909?s=96&d=mm&r=g\",\"url\":\"https:\/\/secure.gravatar.com\/avatar\/acad0e44d6a6c69de2c2c1bf6aba094792ac51f1833e9c8a3760ba270d70b909?s=96&d=mm&r=g\",\"contentUrl\":\"https:\/\/secure.gravatar.com\/avatar\/acad0e44d6a6c69de2c2c1bf6aba094792ac51f1833e9c8a3760ba270d70b909?s=96&d=mm&r=g\",\"caption\":\"Paolo Frascati\"},\"url\":\"https:\/\/progettotouring.it\/radiotouring104\/author\/paolofrascati\/\"}]}<\/script>\n<!-- \/ Yoast SEO plugin. -->","yoast_head_json":{"title":"Reggio Calabria sar\u00e0 Citt\u00e0 dell'Olio","description":"Il sindaco facente funzioni della Citt\u00e0 Metropolitana di Reggio Calabria Carmelo Versace ha preso parte nei giorni scorsi all'Assemblea dei soci dell'Associazione Nazionale Citt\u00e0 dell'Olio","robots":{"index":"index","follow":"follow","max-snippet":"max-snippet:-1","max-image-preview":"max-image-preview:large","max-video-preview":"max-video-preview:-1"},"canonical":"https:\/\/progettotouring.it\/radiotouring104\/2022\/06\/28\/reggio-calabria-sara-citta-dellolio\/","og_locale":"it_IT","og_type":"article","og_title":"Reggio Calabria sar\u00e0 Citt\u00e0 dell'Olio","og_description":"Il sindaco facente funzioni della Citt\u00e0 Metropolitana di Reggio Calabria Carmelo Versace ha preso parte nei giorni scorsi all'Assemblea dei soci dell'Associazione Nazionale Citt\u00e0 dell'Olio","og_url":"https:\/\/progettotouring.it\/radiotouring104\/2022\/06\/28\/reggio-calabria-sara-citta-dellolio\/","og_site_name":"Radio Touring 104","article_published_time":"2022-06-28T10:20:09+00:00","og_image":[{"width":225,"height":225,"url":"https:\/\/progettotouring.it\/radiotouring104\/wp-content\/uploads\/sites\/6\/2022\/06\/citta-dellolio.png","type":"image\/png"}],"author":"Paolo Frascati","twitter_card":"summary_large_image","twitter_misc":{"Scritto da":"Paolo Frascati","Tempo di lettura stimato":"2 minuti"},"schema":{"@context":"https:\/\/schema.org","@graph":[{"@type":"Article","@id":"https:\/\/progettotouring.it\/radiotouring104\/2022\/06\/28\/reggio-calabria-sara-citta-dellolio\/#article","isPartOf":{"@id":"https:\/\/progettotouring.it\/radiotouring104\/2022\/06\/28\/reggio-calabria-sara-citta-dellolio\/"},"author":{"name":"Paolo Frascati","@id":"https:\/\/progettotouring.it\/radiotouring104\/#\/schema\/person\/f0ca1b839e26c1b921f796a3458a8574"},"headline":"Reggio Calabria sar\u00e0 Citt\u00e0 dell&#8217;Olio","datePublished":"2022-06-28T10:20:09+00:00","mainEntityOfPage":{"@id":"https:\/\/progettotouring.it\/radiotouring104\/2022\/06\/28\/reggio-calabria-sara-citta-dellolio\/"},"wordCount":486,"commentCount":0,"publisher":{"@id":"https:\/\/progettotouring.it\/radiotouring104\/#organization"},"image":{"@id":"https:\/\/progettotouring.it\/radiotouring104\/2022\/06\/28\/reggio-calabria-sara-citta-dellolio\/#primaryimage"},"thumbnailUrl":"https:\/\/progettotouring.it\/radiotouring104\/wp-content\/uploads\/sites\/6\/2022\/06\/citta-dellolio.png","keywords":["carmelo versace","citt\u00e0 dell'olio","Citt\u00e0 Metropolitana di Reggio Calabria","Michele Sonnessa","reggio calabria"],"articleSection":["Home","News","Reggio Calabria"],"inLanguage":"it-IT","potentialAction":[{"@type":"CommentAction","name":"Comment","target":["https:\/\/progettotouring.it\/radiotouring104\/2022\/06\/28\/reggio-calabria-sara-citta-dellolio\/#respond"]}]},{"@type":"WebPage","@id":"https:\/\/progettotouring.it\/radiotouring104\/2022\/06\/28\/reggio-calabria-sara-citta-dellolio\/","url":"https:\/\/progettotouring.it\/radiotouring104\/2022\/06\/28\/reggio-calabria-sara-citta-dellolio\/","name":"Reggio Calabria sar\u00e0 Citt\u00e0 dell'Olio","isPartOf":{"@id":"https:\/\/progettotouring.it\/radiotouring104\/#website"},"primaryImageOfPage":{"@id":"https:\/\/progettotouring.it\/radiotouring104\/2022\/06\/28\/reggio-calabria-sara-citta-dellolio\/#primaryimage"},"image":{"@id":"https:\/\/progettotouring.it\/radiotouring104\/2022\/06\/28\/reggio-calabria-sara-citta-dellolio\/#primaryimage"},"thumbnailUrl":"https:\/\/progettotouring.it\/radiotouring104\/wp-content\/uploads\/sites\/6\/2022\/06\/citta-dellolio.png","datePublished":"2022-06-28T10:20:09+00:00","description":"Il sindaco facente funzioni della Citt\u00e0 Metropolitana di Reggio Calabria Carmelo Versace ha preso parte nei giorni scorsi all'Assemblea dei soci dell'Associazione Nazionale Citt\u00e0 dell'Olio","breadcrumb":{"@id":"https:\/\/progettotouring.it\/radiotouring104\/2022\/06\/28\/reggio-calabria-sara-citta-dellolio\/#breadcrumb"},"inLanguage":"it-IT","potentialAction":[{"@type":"ReadAction","target":["https:\/\/progettotouring.it\/radiotouring104\/2022\/06\/28\/reggio-calabria-sara-citta-dellolio\/"]}]},{"@type":"ImageObject","inLanguage":"it-IT","@id":"https:\/\/progettotouring.it\/radiotouring104\/2022\/06\/28\/reggio-calabria-sara-citta-dellolio\/#primaryimage","url":"https:\/\/progettotouring.it\/radiotouring104\/wp-content\/uploads\/sites\/6\/2022\/06\/citta-dellolio.png","contentUrl":"https:\/\/progettotouring.it\/radiotouring104\/wp-content\/uploads\/sites\/6\/2022\/06\/citta-dellolio.png","width":225,"height":225},{"@type":"BreadcrumbList","@id":"https:\/\/progettotouring.it\/radiotouring104\/2022\/06\/28\/reggio-calabria-sara-citta-dellolio\/#breadcrumb","itemListElement":[{"@type":"ListItem","position":1,"name":"Home","item":"https:\/\/progettotouring.it\/radiotouring104\/"},{"@type":"ListItem","position":2,"name":"Reggio Calabria sar\u00e0 Citt\u00e0 dell&#8217;Olio"}]},{"@type":"WebSite","@id":"https:\/\/progettotouring.it\/radiotouring104\/#website","url":"https:\/\/progettotouring.it\/radiotouring104\/","name":"Radio Touring 104","description":"La prima radio Reggina","publisher":{"@id":"https:\/\/progettotouring.it\/radiotouring104\/#organization"},"potentialAction":[{"@type":"SearchAction","target":{"@type":"EntryPoint","urlTemplate":"https:\/\/progettotouring.it\/radiotouring104\/?s={search_term_string}"},"query-input":{"@type":"PropertyValueSpecification","valueRequired":true,"valueName":"search_term_string"}}],"inLanguage":"it-IT"},{"@type":"Organization","@id":"https:\/\/progettotouring.it\/radiotouring104\/#organization","name":"Radio Touring 104","url":"https:\/\/progettotouring.it\/radiotouring104\/","logo":{"@type":"ImageObject","inLanguage":"it-IT","@id":"https:\/\/progettotouring.it\/radiotouring104\/#\/schema\/logo\/image\/","url":"https:\/\/progettotouring.it\/radiotouring104\/wp-content\/uploads\/sites\/6\/2022\/02\/cropped-logo-radio-touring-104.png","contentUrl":"https:\/\/progettotouring.it\/radiotouring104\/wp-content\/uploads\/sites\/6\/2022\/02\/cropped-logo-radio-touring-104.png","width":377,"height":182,"caption":"Radio Touring 104"},"image":{"@id":"https:\/\/progettotouring.it\/radiotouring104\/#\/schema\/logo\/image\/"}},{"@type":"Person","@id":"https:\/\/progettotouring.it\/radiotouring104\/#\/schema\/person\/f0ca1b839e26c1b921f796a3458a8574","name":"Paolo Frascati","image":{"@type":"ImageObject","inLanguage":"it-IT","@id":"https:\/\/secure.gravatar.com\/avatar\/acad0e44d6a6c69de2c2c1bf6aba094792ac51f1833e9c8a3760ba270d70b909?s=96&d=mm&r=g","url":"https:\/\/secure.gravatar.com\/avatar\/acad0e44d6a6c69de2c2c1bf6aba094792ac51f1833e9c8a3760ba270d70b909?s=96&d=mm&r=g","contentUrl":"https:\/\/secure.gravatar.com\/avatar\/acad0e44d6a6c69de2c2c1bf6aba094792ac51f1833e9c8a3760ba270d70b909?s=96&d=mm&r=g","caption":"Paolo Frascati"},"url":"https:\/\/progettotouring.it\/radiotouring104\/author\/paolofrascati\/"}]}},"jetpack_publicize_connections":[],"jetpack_featured_media_url":"https:\/\/progettotouring.it\/radiotouring104\/wp-content\/uploads\/sites\/6\/2022\/06\/citta-dellolio.png","jetpack_sharing_enabled":true,"_links":{"self":[{"href":"https:\/\/progettotouring.it\/radiotouring104\/wp-json\/wp\/v2\/posts\/7336","targetHints":{"allow":["GET"]}}],"collection":[{"href":"https:\/\/progettotouring.it\/radiotouring104\/wp-json\/wp\/v2\/posts"}],"about":[{"href":"https:\/\/progettotouring.it\/radiotouring104\/wp-json\/wp\/v2\/types\/post"}],"author":[{"embeddable":true,"href":"https:\/\/progettotouring.it\/radiotouring104\/wp-json\/wp\/v2\/users\/10"}],"replies":[{"embeddable":true,"href":"https:\/\/progettotouring.it\/radiotouring104\/wp-json\/wp\/v2\/comments?post=7336"}],"version-history":[{"count":1,"href":"https:\/\/progettotouring.it\/radiotouring104\/wp-json\/wp\/v2\/posts\/7336\/revisions"}],"predecessor-version":[{"id":7338,"href":"https:\/\/progettotouring.it\/radiotouring104\/wp-json\/wp\/v2\/posts\/7336\/revisions\/7338"}],"wp:featuredmedia":[{"embeddable":true,"href":"https:\/\/progettotouring.it\/radiotouring104\/wp-json\/wp\/v2\/media\/7337"}],"wp:attachment":[{"href":"https:\/\/progettotouring.it\/radiotouring104\/wp-json\/wp\/v2\/media?parent=7336"}],"wp:term":[{"taxonomy":"category","embeddable":true,"href":"https:\/\/progettotouring.it\/radiotouring104\/wp-json\/wp\/v2\/categories?post=7336"},{"taxonomy":"post_tag","embeddable":true,"href":"https:\/\/progettotouring.it\/radiotouring104\/wp-json\/wp\/v2\/tags?post=7336"}],"curies":[{"name":"wp","href":"https:\/\/api.w.org\/{rel}","templated":true}]}}