{"id":73368,"date":"2025-05-12T09:18:42","date_gmt":"2025-05-12T07:18:42","guid":{"rendered":"https:\/\/progettotouring.it\/radiotouring104\/?p=73368"},"modified":"2025-05-12T09:18:42","modified_gmt":"2025-05-12T07:18:42","slug":"reggio-successo-al-cilea-per-calabria-fest-rai-tutta-italiana-2025","status":"publish","type":"post","link":"https:\/\/progettotouring.it\/radiotouring104\/2025\/05\/12\/reggio-successo-al-cilea-per-calabria-fest-rai-tutta-italiana-2025\/","title":{"rendered":"Reggio: successo al &#8220;Cilea&#8221; per &#8220;Calabria Fest Rai Tutta Italiana 2025&#8221;"},"content":{"rendered":"<p class=\"xmprfx_MsoNormal\" style=\"text-align: justify\">Quindici live presentati e premiati in tre sere, oltre duemila presenze in teatro, servizi su reti Rai nazionali e Internazionali, hanno confermato il successo\u00a0del\u00a0<b>Calabria Fest Rai Tutta Italiana 2025<\/b>,\u00a0il Festival della Nuova Musica Italiana giunto alla sua XVII edizione che si \u00e8 svolto al Teatro Cilea di Reggio Calabria con media partner\u00a0<b>Rai Isoradio<\/b>,\u00a0<b>Rai Radio Tutta Italiana<\/b>\u00a0e servizi su\u00a0<b>Rai Italia<\/b>, organizzato dall\u2019Associazione Culturale\u00a0<b>Art-Music&amp;Co<\/b>\u00a0presieduta da Giusy Leone, con la collaborazione di Palco Reale, la direzione artistica di\u00a0<b>Ruggero Pegna<\/b>, ideatore del format, la conduzione e consulenza musicale di\u00a0<b>Gianmaurizio Foderaro<\/b>, storica voce di Radio Rai.<\/p>\n<p class=\"xmprfx_MsoNormal\" style=\"text-align: justify\">Ancora una volta, il\u00a0<b>Calabria Fest Tutta Italiana<\/b>\u00a0ha fatto da autentica vetrina di straordinari talenti della nuova scena musicale, tutti premiati con i\u00a0<b>Calabria Music Awards The Best of The Year<\/b>, premio alle migliori proposte segnalate da Isoradio e Rai Radio Tutta Italiana.<\/p>\n<p class=\"xmprfx_MsoNormal\" style=\"text-align: justify\">Scroscianti e convinti applausi hanno accompagnato tutte le esibizioni. In base al suo format originale, ogni artista ha eseguito quattro brani rigorosamente dal vivo, dando vita ad una sequenza di veri concerti durante i quali ognuno ha presentato la propria storia artistica e personale. Oltre ai giovani\u00a0<b>Top of the year<\/b>, ad entusiasmare il pubblico arrivato da tutta la regione e dalla vicina Sicilia, nel ricchissimo cast anche ospiti gi\u00e0 ben noti ed affermati, come\u00a0<b>Roy Paci<\/b>, che ha fatto ballare con i suoi Aretuska, la carismatica cantautrice\u00a0<b>Amara<\/b>, pseudonimo di Erika Mineo, che ha incantato ed emozionato con il brano\u00a0<b>Che sia benedetta<\/b>\u00a0da lei scritta per Fiorella Mannoia, accompagnata al pianoforte da Jacopo Carlini; e ancora\u00a0<b>Walter Ricci<\/b>, funambolico cantante e pianista nel suo stile alla Carosone, tra swing, boogie-woogie, blues e rock and roll. Una nota speciale per l&#8217;attesissimo\u00a0<b>Gio Evan<\/b>,\u00a0che ha confermato la sua eccezionale forza autorale e l&#8217;unicit\u00e0 del poliedrico personaggio.<\/p>\n<p class=\"xmprfx_MsoNormal\" style=\"text-align: justify\">Apprezzati tutti i giovani talenti che si sono susseguiti sul palcoscenico nelle tre serate, dal cantautore romano\u00a0<b>Mirkoeilcane<\/b>, esponente della migliore scuola autorale con testi intrisi di forte impegno sociale, alla giovane cantautrice pugliese\u00a0<b>Lauryyn<\/b>, dall\u2019 originalissima cantante lucana\u00a0<b>Fluente<\/b>, alla band pop rock romana dei\u00a0<b>Cosmonauti Borghesi<\/b>, che hanno ricordato i gruppi di successo degli anni &#8217;80. Scroscianti applausi pure per il rapper e cantautore genovese\u00a0<b>Matsby<\/b>, premiato da Fabrizio Sudano, direttore del Museo Archeologico Nazionale, e per il talento indie rap romano\u00a0<b>Rondine<\/b>, premiato dall\u2019Assessore comunale al Turismo Giovanni Latella.<\/p>\n<p class=\"xmprfx_MsoNormal\" style=\"text-align: justify\">Il Festival si \u00e8 chiuso con l&#8217;eleganza e la voce raffinata della\u00a0diciottenne\u00a0<b>Mim\u00ec<\/b>, vincitrice di X Factor 2024, chiamata anche ad un bis finale dopo le esibizioni del cantautore abruzzese\u00a0<b>Dile<\/b>, della cantautrice e compositrice romana\u00a0<b>La Camba<\/b>, che ha ricordato la voce della grande Loredana Berte&#8217;. Applauditissimi, infine,\u00a0 il rapper\u00a0<b>Anastasio,<\/b>\u00a0vincitore della XII edizione di X Factor e la bravissima cantautrice e chitarrista\u00a0<b>Erica Mou<\/b>, arrivata a Reggio con la sua bimba di pochi mesi.<\/p>\n<p class=\"xmprfx_MsoNormal\" style=\"text-align: justify\">Il\u00a0<b>Calabria Fest Tutta Italiana<\/b>\u00a0ha dimostrato ancora una volta la forza e le potenzialit\u00e0 del suo format, mettendo in vetrina la qualit\u00e0 e i tanti volti della musica del nostro Paese, da quella leggera al rap, dalle formule pi\u00f9 innovative con l\u2019ausilio dell\u2019elettronica, al cantautorato classico tradizionale. Molteplici i servizi realizzati dai media partner Rai,\u00a0 tra cui le dirette quotidiane di Isoradio condotte da\u00a0<b>Gianmaurizio Foderaro<\/b>, i servizi e le interviste di\u00a0<b>Maria Cristina Zoppa<\/b>\u00a0per le sue rubriche, che saranno trasmessi in tutto il mondo da Rai Italia il 20 e 22 maggio, poi in replica su Rai Play e Rai2. Enorme la presenza del festival sui canali social,\u00a0 sia di Isoradio sia di Rai Radio Tutta Italiana, con servizi curati da Antonella Cori, a conferma della volont\u00e0 e capacit\u00e0 di questo progetto di raggiungere il pubblico pi\u00f9 giovane. Il\u00a0<b>Calabria Fest Tutta Italiana<\/b>\u00a0\u00e8 incluso tra gli Eventi di Promozione Culturale ammessi a finanziamento dalla Regione Calabria, con risorse PAC 2014\/ 2020 &#8211; Az. 6.8.3.-\u00a0<b>Calabria Straordinaria<\/b>. Inoltre ha avuto la compartecipazione della Citt\u00e0 Metropolitana di Reggio Calabria, il Patrocinio del Comune e di AssoConcerti.<\/p>\n<p class=\"xmprfx_MsoNormal\">\n","protected":false},"excerpt":{"rendered":"<p>Quindici live presentati e premiati in tre sere, oltre duemila presenze in teatro, servizi su reti Rai nazionali e Internazionali, hanno confermato il successo\u00a0del\u00a0Calabria Fest Rai Tutta Italiana 2025,\u00a0il Festival&hellip;<\/p>\n","protected":false},"author":12,"featured_media":73369,"comment_status":"closed","ping_status":"open","sticky":false,"template":"","format":"standard","meta":{"_jetpack_memberships_contains_paid_content":false,"footnotes":"","jetpack_publicize_message":"","jetpack_publicize_feature_enabled":true,"jetpack_social_post_already_shared":true,"jetpack_social_options":{"image_generator_settings":{"template":"highway","default_image_id":0,"font":"","enabled":false},"version":2}},"categories":[921,196,140],"tags":[43431,280,282,9874,19647],"class_list":["post-73368","post","type-post","status-publish","format-standard","has-post-thumbnail","hentry","category-home","category-news","category-reggio-calabria","tag-calabria-fest-rai-tutta-italiana-2025","tag-gianmaurizio-foderaro","tag-ruggero-pegna","tag-teatro-cilea-reggio-calabria","tag-xvii-edizione"],"yoast_head":"<!-- This site is optimized with the Yoast SEO plugin v27.2 - https:\/\/yoast.com\/product\/yoast-seo-wordpress\/ -->\n<title>Successo al &quot;Cilea&quot; per &quot;Calabria Fest Rai Tutta Italiana 2025&quot;<\/title>\n<meta name=\"description\" content=\"15 live presentati e premiati in 3 sere, oltre 2000 presenze al Cilea hanno confermato il successo della XVII edizione\" \/>\n<meta name=\"robots\" content=\"index, follow, max-snippet:-1, max-image-preview:large, max-video-preview:-1\" \/>\n<link rel=\"canonical\" href=\"https:\/\/progettotouring.it\/radiotouring104\/2025\/05\/12\/reggio-successo-al-cilea-per-calabria-fest-rai-tutta-italiana-2025\/\" \/>\n<meta property=\"og:locale\" content=\"it_IT\" \/>\n<meta property=\"og:type\" content=\"article\" \/>\n<meta property=\"og:title\" content=\"Successo al &quot;Cilea&quot; per &quot;Calabria Fest Rai Tutta Italiana 2025&quot;\" \/>\n<meta property=\"og:description\" content=\"15 live presentati e premiati in 3 sere, oltre 2000 presenze al Cilea hanno confermato il successo della XVII edizione\" \/>\n<meta property=\"og:url\" content=\"https:\/\/progettotouring.it\/radiotouring104\/2025\/05\/12\/reggio-successo-al-cilea-per-calabria-fest-rai-tutta-italiana-2025\/\" \/>\n<meta property=\"og:site_name\" content=\"Radio Touring 104\" \/>\n<meta property=\"article:published_time\" content=\"2025-05-12T07:18:42+00:00\" \/>\n<meta property=\"og:image\" content=\"https:\/\/progettotouring.it\/radiotouring104\/wp-content\/uploads\/sites\/6\/2025\/05\/Mirkoeilcane-live.jpg\" \/>\n\t<meta property=\"og:image:width\" content=\"2048\" \/>\n\t<meta property=\"og:image:height\" content=\"1369\" \/>\n\t<meta property=\"og:image:type\" content=\"image\/jpeg\" \/>\n<meta name=\"author\" content=\"Sebastiano Plutino\" \/>\n<meta name=\"twitter:card\" content=\"summary_large_image\" \/>\n<meta name=\"twitter:label1\" content=\"Scritto da\" \/>\n\t<meta name=\"twitter:data1\" content=\"Sebastiano Plutino\" \/>\n\t<meta name=\"twitter:label2\" content=\"Tempo di lettura stimato\" \/>\n\t<meta name=\"twitter:data2\" content=\"3 minuti\" \/>\n<script type=\"application\/ld+json\" class=\"yoast-schema-graph\">{\"@context\":\"https:\/\/schema.org\",\"@graph\":[{\"@type\":\"Article\",\"@id\":\"https:\/\/progettotouring.it\/radiotouring104\/2025\/05\/12\/reggio-successo-al-cilea-per-calabria-fest-rai-tutta-italiana-2025\/#article\",\"isPartOf\":{\"@id\":\"https:\/\/progettotouring.it\/radiotouring104\/2025\/05\/12\/reggio-successo-al-cilea-per-calabria-fest-rai-tutta-italiana-2025\/\"},\"author\":{\"name\":\"Sebastiano Plutino\",\"@id\":\"https:\/\/progettotouring.it\/radiotouring104\/#\/schema\/person\/78613917f1851f041f7483f5af1d422e\"},\"headline\":\"Reggio: successo al &#8220;Cilea&#8221; per &#8220;Calabria Fest Rai Tutta Italiana 2025&#8221;\",\"datePublished\":\"2025-05-12T07:18:42+00:00\",\"mainEntityOfPage\":{\"@id\":\"https:\/\/progettotouring.it\/radiotouring104\/2025\/05\/12\/reggio-successo-al-cilea-per-calabria-fest-rai-tutta-italiana-2025\/\"},\"wordCount\":668,\"publisher\":{\"@id\":\"https:\/\/progettotouring.it\/radiotouring104\/#organization\"},\"image\":{\"@id\":\"https:\/\/progettotouring.it\/radiotouring104\/2025\/05\/12\/reggio-successo-al-cilea-per-calabria-fest-rai-tutta-italiana-2025\/#primaryimage\"},\"thumbnailUrl\":\"https:\/\/progettotouring.it\/radiotouring104\/wp-content\/uploads\/sites\/6\/2025\/05\/Mirkoeilcane-live.jpg\",\"keywords\":[\"\\\"Calabria Fest Rai Tutta Italiana 2025\\\"\",\"Gianmaurizio Foderaro\",\"Ruggero Pegna\",\"Teatro Cilea Reggio Calabria\",\"XVII edizione\"],\"articleSection\":[\"Home\",\"News\",\"Reggio Calabria\"],\"inLanguage\":\"it-IT\"},{\"@type\":\"WebPage\",\"@id\":\"https:\/\/progettotouring.it\/radiotouring104\/2025\/05\/12\/reggio-successo-al-cilea-per-calabria-fest-rai-tutta-italiana-2025\/\",\"url\":\"https:\/\/progettotouring.it\/radiotouring104\/2025\/05\/12\/reggio-successo-al-cilea-per-calabria-fest-rai-tutta-italiana-2025\/\",\"name\":\"Successo al \\\"Cilea\\\" per \\\"Calabria Fest Rai Tutta Italiana 2025\\\"\",\"isPartOf\":{\"@id\":\"https:\/\/progettotouring.it\/radiotouring104\/#website\"},\"primaryImageOfPage\":{\"@id\":\"https:\/\/progettotouring.it\/radiotouring104\/2025\/05\/12\/reggio-successo-al-cilea-per-calabria-fest-rai-tutta-italiana-2025\/#primaryimage\"},\"image\":{\"@id\":\"https:\/\/progettotouring.it\/radiotouring104\/2025\/05\/12\/reggio-successo-al-cilea-per-calabria-fest-rai-tutta-italiana-2025\/#primaryimage\"},\"thumbnailUrl\":\"https:\/\/progettotouring.it\/radiotouring104\/wp-content\/uploads\/sites\/6\/2025\/05\/Mirkoeilcane-live.jpg\",\"datePublished\":\"2025-05-12T07:18:42+00:00\",\"description\":\"15 live presentati e premiati in 3 sere, oltre 2000 presenze al Cilea hanno confermato il successo della XVII edizione\",\"breadcrumb\":{\"@id\":\"https:\/\/progettotouring.it\/radiotouring104\/2025\/05\/12\/reggio-successo-al-cilea-per-calabria-fest-rai-tutta-italiana-2025\/#breadcrumb\"},\"inLanguage\":\"it-IT\",\"potentialAction\":[{\"@type\":\"ReadAction\",\"target\":[\"https:\/\/progettotouring.it\/radiotouring104\/2025\/05\/12\/reggio-successo-al-cilea-per-calabria-fest-rai-tutta-italiana-2025\/\"]}]},{\"@type\":\"ImageObject\",\"inLanguage\":\"it-IT\",\"@id\":\"https:\/\/progettotouring.it\/radiotouring104\/2025\/05\/12\/reggio-successo-al-cilea-per-calabria-fest-rai-tutta-italiana-2025\/#primaryimage\",\"url\":\"https:\/\/progettotouring.it\/radiotouring104\/wp-content\/uploads\/sites\/6\/2025\/05\/Mirkoeilcane-live.jpg\",\"contentUrl\":\"https:\/\/progettotouring.it\/radiotouring104\/wp-content\/uploads\/sites\/6\/2025\/05\/Mirkoeilcane-live.jpg\",\"width\":2048,\"height\":1369},{\"@type\":\"BreadcrumbList\",\"@id\":\"https:\/\/progettotouring.it\/radiotouring104\/2025\/05\/12\/reggio-successo-al-cilea-per-calabria-fest-rai-tutta-italiana-2025\/#breadcrumb\",\"itemListElement\":[{\"@type\":\"ListItem\",\"position\":1,\"name\":\"Home\",\"item\":\"https:\/\/progettotouring.it\/radiotouring104\/\"},{\"@type\":\"ListItem\",\"position\":2,\"name\":\"Reggio: successo al &#8220;Cilea&#8221; per &#8220;Calabria Fest Rai Tutta Italiana 2025&#8221;\"}]},{\"@type\":\"WebSite\",\"@id\":\"https:\/\/progettotouring.it\/radiotouring104\/#website\",\"url\":\"https:\/\/progettotouring.it\/radiotouring104\/\",\"name\":\"Radio Touring 104\",\"description\":\"La prima radio Reggina\",\"publisher\":{\"@id\":\"https:\/\/progettotouring.it\/radiotouring104\/#organization\"},\"potentialAction\":[{\"@type\":\"SearchAction\",\"target\":{\"@type\":\"EntryPoint\",\"urlTemplate\":\"https:\/\/progettotouring.it\/radiotouring104\/?s={search_term_string}\"},\"query-input\":{\"@type\":\"PropertyValueSpecification\",\"valueRequired\":true,\"valueName\":\"search_term_string\"}}],\"inLanguage\":\"it-IT\"},{\"@type\":\"Organization\",\"@id\":\"https:\/\/progettotouring.it\/radiotouring104\/#organization\",\"name\":\"Radio Touring 104\",\"url\":\"https:\/\/progettotouring.it\/radiotouring104\/\",\"logo\":{\"@type\":\"ImageObject\",\"inLanguage\":\"it-IT\",\"@id\":\"https:\/\/progettotouring.it\/radiotouring104\/#\/schema\/logo\/image\/\",\"url\":\"https:\/\/progettotouring.it\/radiotouring104\/wp-content\/uploads\/sites\/6\/2022\/02\/cropped-logo-radio-touring-104.png\",\"contentUrl\":\"https:\/\/progettotouring.it\/radiotouring104\/wp-content\/uploads\/sites\/6\/2022\/02\/cropped-logo-radio-touring-104.png\",\"width\":377,\"height\":182,\"caption\":\"Radio Touring 104\"},\"image\":{\"@id\":\"https:\/\/progettotouring.it\/radiotouring104\/#\/schema\/logo\/image\/\"}},{\"@type\":\"Person\",\"@id\":\"https:\/\/progettotouring.it\/radiotouring104\/#\/schema\/person\/78613917f1851f041f7483f5af1d422e\",\"name\":\"Sebastiano Plutino\",\"image\":{\"@type\":\"ImageObject\",\"inLanguage\":\"it-IT\",\"@id\":\"https:\/\/secure.gravatar.com\/avatar\/0546ffaa9b79224faf9f2a156b67a529ae861d3287c66c1d8ccfdf909bcba78d?s=96&d=mm&r=g\",\"url\":\"https:\/\/secure.gravatar.com\/avatar\/0546ffaa9b79224faf9f2a156b67a529ae861d3287c66c1d8ccfdf909bcba78d?s=96&d=mm&r=g\",\"contentUrl\":\"https:\/\/secure.gravatar.com\/avatar\/0546ffaa9b79224faf9f2a156b67a529ae861d3287c66c1d8ccfdf909bcba78d?s=96&d=mm&r=g\",\"caption\":\"Sebastiano Plutino\"},\"url\":\"https:\/\/progettotouring.it\/radiotouring104\/author\/sebastiano\/\"}]}<\/script>\n<!-- \/ Yoast SEO plugin. -->","yoast_head_json":{"title":"Successo al \"Cilea\" per \"Calabria Fest Rai Tutta Italiana 2025\"","description":"15 live presentati e premiati in 3 sere, oltre 2000 presenze al Cilea hanno confermato il successo della XVII edizione","robots":{"index":"index","follow":"follow","max-snippet":"max-snippet:-1","max-image-preview":"max-image-preview:large","max-video-preview":"max-video-preview:-1"},"canonical":"https:\/\/progettotouring.it\/radiotouring104\/2025\/05\/12\/reggio-successo-al-cilea-per-calabria-fest-rai-tutta-italiana-2025\/","og_locale":"it_IT","og_type":"article","og_title":"Successo al \"Cilea\" per \"Calabria Fest Rai Tutta Italiana 2025\"","og_description":"15 live presentati e premiati in 3 sere, oltre 2000 presenze al Cilea hanno confermato il successo della XVII edizione","og_url":"https:\/\/progettotouring.it\/radiotouring104\/2025\/05\/12\/reggio-successo-al-cilea-per-calabria-fest-rai-tutta-italiana-2025\/","og_site_name":"Radio Touring 104","article_published_time":"2025-05-12T07:18:42+00:00","og_image":[{"width":2048,"height":1369,"url":"https:\/\/progettotouring.it\/radiotouring104\/wp-content\/uploads\/sites\/6\/2025\/05\/Mirkoeilcane-live.jpg","type":"image\/jpeg"}],"author":"Sebastiano Plutino","twitter_card":"summary_large_image","twitter_misc":{"Scritto da":"Sebastiano Plutino","Tempo di lettura stimato":"3 minuti"},"schema":{"@context":"https:\/\/schema.org","@graph":[{"@type":"Article","@id":"https:\/\/progettotouring.it\/radiotouring104\/2025\/05\/12\/reggio-successo-al-cilea-per-calabria-fest-rai-tutta-italiana-2025\/#article","isPartOf":{"@id":"https:\/\/progettotouring.it\/radiotouring104\/2025\/05\/12\/reggio-successo-al-cilea-per-calabria-fest-rai-tutta-italiana-2025\/"},"author":{"name":"Sebastiano Plutino","@id":"https:\/\/progettotouring.it\/radiotouring104\/#\/schema\/person\/78613917f1851f041f7483f5af1d422e"},"headline":"Reggio: successo al &#8220;Cilea&#8221; per &#8220;Calabria Fest Rai Tutta Italiana 2025&#8221;","datePublished":"2025-05-12T07:18:42+00:00","mainEntityOfPage":{"@id":"https:\/\/progettotouring.it\/radiotouring104\/2025\/05\/12\/reggio-successo-al-cilea-per-calabria-fest-rai-tutta-italiana-2025\/"},"wordCount":668,"publisher":{"@id":"https:\/\/progettotouring.it\/radiotouring104\/#organization"},"image":{"@id":"https:\/\/progettotouring.it\/radiotouring104\/2025\/05\/12\/reggio-successo-al-cilea-per-calabria-fest-rai-tutta-italiana-2025\/#primaryimage"},"thumbnailUrl":"https:\/\/progettotouring.it\/radiotouring104\/wp-content\/uploads\/sites\/6\/2025\/05\/Mirkoeilcane-live.jpg","keywords":["\"Calabria Fest Rai Tutta Italiana 2025\"","Gianmaurizio Foderaro","Ruggero Pegna","Teatro Cilea Reggio Calabria","XVII edizione"],"articleSection":["Home","News","Reggio Calabria"],"inLanguage":"it-IT"},{"@type":"WebPage","@id":"https:\/\/progettotouring.it\/radiotouring104\/2025\/05\/12\/reggio-successo-al-cilea-per-calabria-fest-rai-tutta-italiana-2025\/","url":"https:\/\/progettotouring.it\/radiotouring104\/2025\/05\/12\/reggio-successo-al-cilea-per-calabria-fest-rai-tutta-italiana-2025\/","name":"Successo al \"Cilea\" per \"Calabria Fest Rai Tutta Italiana 2025\"","isPartOf":{"@id":"https:\/\/progettotouring.it\/radiotouring104\/#website"},"primaryImageOfPage":{"@id":"https:\/\/progettotouring.it\/radiotouring104\/2025\/05\/12\/reggio-successo-al-cilea-per-calabria-fest-rai-tutta-italiana-2025\/#primaryimage"},"image":{"@id":"https:\/\/progettotouring.it\/radiotouring104\/2025\/05\/12\/reggio-successo-al-cilea-per-calabria-fest-rai-tutta-italiana-2025\/#primaryimage"},"thumbnailUrl":"https:\/\/progettotouring.it\/radiotouring104\/wp-content\/uploads\/sites\/6\/2025\/05\/Mirkoeilcane-live.jpg","datePublished":"2025-05-12T07:18:42+00:00","description":"15 live presentati e premiati in 3 sere, oltre 2000 presenze al Cilea hanno confermato il successo della XVII edizione","breadcrumb":{"@id":"https:\/\/progettotouring.it\/radiotouring104\/2025\/05\/12\/reggio-successo-al-cilea-per-calabria-fest-rai-tutta-italiana-2025\/#breadcrumb"},"inLanguage":"it-IT","potentialAction":[{"@type":"ReadAction","target":["https:\/\/progettotouring.it\/radiotouring104\/2025\/05\/12\/reggio-successo-al-cilea-per-calabria-fest-rai-tutta-italiana-2025\/"]}]},{"@type":"ImageObject","inLanguage":"it-IT","@id":"https:\/\/progettotouring.it\/radiotouring104\/2025\/05\/12\/reggio-successo-al-cilea-per-calabria-fest-rai-tutta-italiana-2025\/#primaryimage","url":"https:\/\/progettotouring.it\/radiotouring104\/wp-content\/uploads\/sites\/6\/2025\/05\/Mirkoeilcane-live.jpg","contentUrl":"https:\/\/progettotouring.it\/radiotouring104\/wp-content\/uploads\/sites\/6\/2025\/05\/Mirkoeilcane-live.jpg","width":2048,"height":1369},{"@type":"BreadcrumbList","@id":"https:\/\/progettotouring.it\/radiotouring104\/2025\/05\/12\/reggio-successo-al-cilea-per-calabria-fest-rai-tutta-italiana-2025\/#breadcrumb","itemListElement":[{"@type":"ListItem","position":1,"name":"Home","item":"https:\/\/progettotouring.it\/radiotouring104\/"},{"@type":"ListItem","position":2,"name":"Reggio: successo al &#8220;Cilea&#8221; per &#8220;Calabria Fest Rai Tutta Italiana 2025&#8221;"}]},{"@type":"WebSite","@id":"https:\/\/progettotouring.it\/radiotouring104\/#website","url":"https:\/\/progettotouring.it\/radiotouring104\/","name":"Radio Touring 104","description":"La prima radio Reggina","publisher":{"@id":"https:\/\/progettotouring.it\/radiotouring104\/#organization"},"potentialAction":[{"@type":"SearchAction","target":{"@type":"EntryPoint","urlTemplate":"https:\/\/progettotouring.it\/radiotouring104\/?s={search_term_string}"},"query-input":{"@type":"PropertyValueSpecification","valueRequired":true,"valueName":"search_term_string"}}],"inLanguage":"it-IT"},{"@type":"Organization","@id":"https:\/\/progettotouring.it\/radiotouring104\/#organization","name":"Radio Touring 104","url":"https:\/\/progettotouring.it\/radiotouring104\/","logo":{"@type":"ImageObject","inLanguage":"it-IT","@id":"https:\/\/progettotouring.it\/radiotouring104\/#\/schema\/logo\/image\/","url":"https:\/\/progettotouring.it\/radiotouring104\/wp-content\/uploads\/sites\/6\/2022\/02\/cropped-logo-radio-touring-104.png","contentUrl":"https:\/\/progettotouring.it\/radiotouring104\/wp-content\/uploads\/sites\/6\/2022\/02\/cropped-logo-radio-touring-104.png","width":377,"height":182,"caption":"Radio Touring 104"},"image":{"@id":"https:\/\/progettotouring.it\/radiotouring104\/#\/schema\/logo\/image\/"}},{"@type":"Person","@id":"https:\/\/progettotouring.it\/radiotouring104\/#\/schema\/person\/78613917f1851f041f7483f5af1d422e","name":"Sebastiano Plutino","image":{"@type":"ImageObject","inLanguage":"it-IT","@id":"https:\/\/secure.gravatar.com\/avatar\/0546ffaa9b79224faf9f2a156b67a529ae861d3287c66c1d8ccfdf909bcba78d?s=96&d=mm&r=g","url":"https:\/\/secure.gravatar.com\/avatar\/0546ffaa9b79224faf9f2a156b67a529ae861d3287c66c1d8ccfdf909bcba78d?s=96&d=mm&r=g","contentUrl":"https:\/\/secure.gravatar.com\/avatar\/0546ffaa9b79224faf9f2a156b67a529ae861d3287c66c1d8ccfdf909bcba78d?s=96&d=mm&r=g","caption":"Sebastiano Plutino"},"url":"https:\/\/progettotouring.it\/radiotouring104\/author\/sebastiano\/"}]}},"jetpack_publicize_connections":[],"jetpack_featured_media_url":"https:\/\/progettotouring.it\/radiotouring104\/wp-content\/uploads\/sites\/6\/2025\/05\/Mirkoeilcane-live.jpg","jetpack_sharing_enabled":true,"_links":{"self":[{"href":"https:\/\/progettotouring.it\/radiotouring104\/wp-json\/wp\/v2\/posts\/73368","targetHints":{"allow":["GET"]}}],"collection":[{"href":"https:\/\/progettotouring.it\/radiotouring104\/wp-json\/wp\/v2\/posts"}],"about":[{"href":"https:\/\/progettotouring.it\/radiotouring104\/wp-json\/wp\/v2\/types\/post"}],"author":[{"embeddable":true,"href":"https:\/\/progettotouring.it\/radiotouring104\/wp-json\/wp\/v2\/users\/12"}],"replies":[{"embeddable":true,"href":"https:\/\/progettotouring.it\/radiotouring104\/wp-json\/wp\/v2\/comments?post=73368"}],"version-history":[{"count":1,"href":"https:\/\/progettotouring.it\/radiotouring104\/wp-json\/wp\/v2\/posts\/73368\/revisions"}],"predecessor-version":[{"id":73370,"href":"https:\/\/progettotouring.it\/radiotouring104\/wp-json\/wp\/v2\/posts\/73368\/revisions\/73370"}],"wp:featuredmedia":[{"embeddable":true,"href":"https:\/\/progettotouring.it\/radiotouring104\/wp-json\/wp\/v2\/media\/73369"}],"wp:attachment":[{"href":"https:\/\/progettotouring.it\/radiotouring104\/wp-json\/wp\/v2\/media?parent=73368"}],"wp:term":[{"taxonomy":"category","embeddable":true,"href":"https:\/\/progettotouring.it\/radiotouring104\/wp-json\/wp\/v2\/categories?post=73368"},{"taxonomy":"post_tag","embeddable":true,"href":"https:\/\/progettotouring.it\/radiotouring104\/wp-json\/wp\/v2\/tags?post=73368"}],"curies":[{"name":"wp","href":"https:\/\/api.w.org\/{rel}","templated":true}]}}