{"id":73376,"date":"2025-05-12T09:59:08","date_gmt":"2025-05-12T07:59:08","guid":{"rendered":"https:\/\/progettotouring.it\/radiotouring104\/?p=73376"},"modified":"2025-05-12T09:59:08","modified_gmt":"2025-05-12T07:59:08","slug":"reggio-successo-per-la-iv-edizione-de-i-guardiani-dello-stretto","status":"publish","type":"post","link":"https:\/\/progettotouring.it\/radiotouring104\/2025\/05\/12\/reggio-successo-per-la-iv-edizione-de-i-guardiani-dello-stretto\/","title":{"rendered":"Reggio: successo per la IV edizione de &#8220;I Guardiani dello Stretto\u201d"},"content":{"rendered":"<p style=\"text-align: justify\"><strong>Si \u00e8 svolta presso il PalaCalafiore la quarta edizione d<\/strong>e <em>\u201cI Guardiani dello Stretto\u201d:<\/em><strong> manifestazione di Kickboxing<\/strong> che ha ormai raggiunto livelli nazionali.<\/p>\n<p style=\"text-align: justify\"><strong>L&#8217;evento,<\/strong> organizzato dall&#8217;ASD Dekaju di <strong>Demetrio Rosace<\/strong>, ha registrato la partecipazione di centinaia di atleti di ogni et\u00e0 e provenienza accreditandosi, in assoluto, come evento sportivo di riconosciuto prestigio. A<strong> portare i saluti istituzionali,<\/strong> per il Comune di Reggio Calabria, <strong>erano presenti il Sindaco Giuseppe Falcomat\u00e0,<\/strong> il consigliere delegato allo sport ed al turismo<strong> Gianni Latella<\/strong> e l&#8217;assessore alla Programmazione Carmelo Romeo.<\/p>\n<p style=\"text-align: justify\">L&#8217;importante manifestazione sportiva si \u00e8 svolta, infatti, nel prestigioso PalaCalafiore grazie ad un protocollo con il Comune che ha previsto l&#8217;utilizzo gratuito della struttura.<\/p>\n<p><em>\u201cUn fatto bellissimo ed un&#8217;emozione unica vedere il nostro rinnovato Palasport ospitare un evento di questa portata e di questo va dato merito e bisogna ringraziare la DeKaju di Demetrio Rosace che ha portato nella nostra citt\u00e0 un evento di richiamo nazionale <strong>\u2013<\/strong><\/em><strong> ha dichiarato il Sindaco Falcomat\u00e0 con sentito entusiasmo <\/strong><em><strong>&#8211;<\/strong> compito delle istituzioni \u00e8 quello di supportare le associazioni che fanno enormi sacrifici per consentire ai loro associati, ai ragazzi ed alle famiglie di poter sviluppare le loro attivit\u00e0 in un contesto dignitoso. In questo senso \u2013 ha proseguito il primo cittadino &#8211; stiamo lavorando per migliorare le strutture sportive della nostra citt\u00e0. Il palaCalafiore \u00e8 un esempio sicuramente positivo ma possiamo e dobbiamo fare ancora di pi\u00f9 e meglio. Questa \u00e8 la dimostrazione di quanto quando istituzioni, privati ed associazioni sportive camminano insieme, si possano realizzare eventi di questo tipo danno lustro alla citt\u00e0.&#8221;<\/em><\/p>\n<p><strong>Il consigliere comunale delegato allo Sport, Gianni Latella, ha ribadito<\/strong> quanto l&#8217;amministrazione comunale stia investendo nel settore dello sport ed in manifestazioni di tale livello quali strumenti di attrazione di flussi turistici oltre che di promozione di attivit\u00e0 sportive che non hanno nulla da invidiare a quelle pi\u00f9 popolari.\u00a0<em>&#8220;\u00c8 motivo di grande orgoglio <strong>&#8211;<\/strong><\/em><strong> ha dichiarato Latella &#8211;<\/strong><em> per noi amministratori registrare iniziative di assoluto prestigio, come questa di oggi, che vede protagonisti centinaia di atleti di ogni et\u00e0 provenienti da varie parti d&#8217;Italia. Ci\u00f2 \u00e8 stato possibile &#8211; ha proseguito &#8211; grazie alla sinergia virtuosa di istituzioni ed associazioni sportive. Un&#8217;occasione per la citt\u00e0 &#8211; ha chiuso il consigliere &#8211; per far emergere il binomio sport-turismo che valorizza territorio ed attivit\u00e0 sportive premiando il lavoro prezioso di moltissimi soggetti&#8221;.<\/em><\/p>\n<p style=\"text-align: justify\"><strong>L&#8217; assessore<\/strong> alla programmazione <strong>Carmelo Romeo ha ribadito l&#8217; importanza di sostenere<\/strong> al meglio<strong> iniziative che danno valore al territorio<\/strong> ed alla loro ricaduta sociale come aspetto immateriale di assoluta rilevanza<em>.\u00a0&#8220;Questa iniziativa &#8211;<\/em> ha dichiarato <em>&#8211; \u00e8 lo specchio degli indirizzi politico-amministrativi della giunta Falcomat\u00e0, che hanno l&#8217;espressa volont\u00e0 di generare, attraverso varie tipologie di eventi, processi positivi che creino valore e rigenerazione sociale, nonch\u00e9 strumenti ed opportunit\u00e0 oggettive di sviluppo culturale ed anche economico&#8221;.<\/em><\/p>\n<p style=\"text-align: justify\">Il ricco <strong>programma si \u00e8 sviluppato durante la giornata raccogliendo l&#8217;entusiasmo di migliaia di reggin<\/strong>i ed appassionati di settore. Nel corso della manifestazione, a nome dell&#8217;organizzazione,<strong> il Maestro Demetrio Rosace<\/strong> ha <strong>consegnato alle istituzioni presenti un omaggio<\/strong> in ricordo della giornata.<\/p>\n","protected":false},"excerpt":{"rendered":"<p>Si \u00e8 svolta presso il PalaCalafiore la quarta edizione de \u201cI Guardiani dello Stretto\u201d: manifestazione di Kickboxing che ha ormai raggiunto livelli nazionali. L&#8217;evento, organizzato dall&#8217;ASD Dekaju di Demetrio Rosace,&hellip;<\/p>\n","protected":false},"author":12,"featured_media":73378,"comment_status":"closed","ping_status":"open","sticky":false,"template":"","format":"standard","meta":{"_jetpack_memberships_contains_paid_content":false,"footnotes":"","jetpack_publicize_message":"","jetpack_publicize_feature_enabled":true,"jetpack_social_post_already_shared":true,"jetpack_social_options":{"image_generator_settings":{"template":"highway","default_image_id":0,"font":"","enabled":false},"version":2}},"categories":[921,196,140],"tags":[36254,4323,1264,14136,25145,18140],"class_list":["post-73376","post","type-post","status-publish","format-standard","has-post-thumbnail","hentry","category-home","category-news","category-reggio-calabria","tag-assessore-carmelo-romeo","tag-demetrio-rosace","tag-giovanni-latella","tag-guardiani-dello-stretto","tag-iv-edizione","tag-palacalafiore-di-reggio"],"yoast_head":"<!-- This site is optimized with the Yoast SEO plugin v27.2 - https:\/\/yoast.com\/product\/yoast-seo-wordpress\/ -->\n<title>Reggio: successo per la IV edizione de &quot;I Guardiani dello Stretto\u201d - Radio Touring 104<\/title>\n<meta name=\"description\" content=\"Il Sindaco Fakcomat\u00e0 ed il Delegato allo Sport Latella hanno preso parte alla Iv edizione dell&#039;evento di sport e promozione del territorio\" \/>\n<meta name=\"robots\" content=\"index, follow, max-snippet:-1, max-image-preview:large, max-video-preview:-1\" \/>\n<link rel=\"canonical\" href=\"https:\/\/progettotouring.it\/radiotouring104\/2025\/05\/12\/reggio-successo-per-la-iv-edizione-de-i-guardiani-dello-stretto\/\" \/>\n<meta property=\"og:locale\" content=\"it_IT\" \/>\n<meta property=\"og:type\" content=\"article\" \/>\n<meta property=\"og:title\" content=\"Reggio: successo per la IV edizione de &quot;I Guardiani dello Stretto\u201d - Radio Touring 104\" \/>\n<meta property=\"og:description\" content=\"Il Sindaco Fakcomat\u00e0 ed il Delegato allo Sport Latella hanno preso parte alla Iv edizione dell&#039;evento di sport e promozione del territorio\" \/>\n<meta property=\"og:url\" content=\"https:\/\/progettotouring.it\/radiotouring104\/2025\/05\/12\/reggio-successo-per-la-iv-edizione-de-i-guardiani-dello-stretto\/\" \/>\n<meta property=\"og:site_name\" content=\"Radio Touring 104\" \/>\n<meta property=\"article:published_time\" content=\"2025-05-12T07:59:08+00:00\" \/>\n<meta property=\"og:image\" content=\"https:\/\/progettotouring.it\/radiotouring104\/wp-content\/uploads\/sites\/6\/2025\/05\/guardiano-dello-stretto-4.jpeg\" \/>\n\t<meta property=\"og:image:width\" content=\"2040\" \/>\n\t<meta property=\"og:image:height\" content=\"1148\" \/>\n\t<meta property=\"og:image:type\" content=\"image\/jpeg\" \/>\n<meta name=\"author\" content=\"Sebastiano Plutino\" \/>\n<meta name=\"twitter:card\" content=\"summary_large_image\" \/>\n<meta name=\"twitter:label1\" content=\"Scritto da\" \/>\n\t<meta name=\"twitter:data1\" content=\"Sebastiano Plutino\" \/>\n\t<meta name=\"twitter:label2\" content=\"Tempo di lettura stimato\" \/>\n\t<meta name=\"twitter:data2\" content=\"2 minuti\" \/>\n<script type=\"application\/ld+json\" class=\"yoast-schema-graph\">{\"@context\":\"https:\/\/schema.org\",\"@graph\":[{\"@type\":\"Article\",\"@id\":\"https:\/\/progettotouring.it\/radiotouring104\/2025\/05\/12\/reggio-successo-per-la-iv-edizione-de-i-guardiani-dello-stretto\/#article\",\"isPartOf\":{\"@id\":\"https:\/\/progettotouring.it\/radiotouring104\/2025\/05\/12\/reggio-successo-per-la-iv-edizione-de-i-guardiani-dello-stretto\/\"},\"author\":{\"name\":\"Sebastiano Plutino\",\"@id\":\"https:\/\/progettotouring.it\/radiotouring104\/#\/schema\/person\/78613917f1851f041f7483f5af1d422e\"},\"headline\":\"Reggio: successo per la IV edizione de &#8220;I Guardiani dello Stretto\u201d\",\"datePublished\":\"2025-05-12T07:59:08+00:00\",\"mainEntityOfPage\":{\"@id\":\"https:\/\/progettotouring.it\/radiotouring104\/2025\/05\/12\/reggio-successo-per-la-iv-edizione-de-i-guardiani-dello-stretto\/\"},\"wordCount\":504,\"publisher\":{\"@id\":\"https:\/\/progettotouring.it\/radiotouring104\/#organization\"},\"image\":{\"@id\":\"https:\/\/progettotouring.it\/radiotouring104\/2025\/05\/12\/reggio-successo-per-la-iv-edizione-de-i-guardiani-dello-stretto\/#primaryimage\"},\"thumbnailUrl\":\"https:\/\/progettotouring.it\/radiotouring104\/wp-content\/uploads\/sites\/6\/2025\/05\/guardiano-dello-stretto-4.jpeg\",\"keywords\":[\"'Assessore Carmelo Romeo\",\"Demetrio Rosace\",\"giovanni latella\",\"guardiani dello stretto\",\"IV edizione\",\"Palacalafiore di Reggio.\"],\"articleSection\":[\"Home\",\"News\",\"Reggio Calabria\"],\"inLanguage\":\"it-IT\"},{\"@type\":\"WebPage\",\"@id\":\"https:\/\/progettotouring.it\/radiotouring104\/2025\/05\/12\/reggio-successo-per-la-iv-edizione-de-i-guardiani-dello-stretto\/\",\"url\":\"https:\/\/progettotouring.it\/radiotouring104\/2025\/05\/12\/reggio-successo-per-la-iv-edizione-de-i-guardiani-dello-stretto\/\",\"name\":\"Reggio: successo per la IV edizione de \\\"I Guardiani dello Stretto\u201d - Radio Touring 104\",\"isPartOf\":{\"@id\":\"https:\/\/progettotouring.it\/radiotouring104\/#website\"},\"primaryImageOfPage\":{\"@id\":\"https:\/\/progettotouring.it\/radiotouring104\/2025\/05\/12\/reggio-successo-per-la-iv-edizione-de-i-guardiani-dello-stretto\/#primaryimage\"},\"image\":{\"@id\":\"https:\/\/progettotouring.it\/radiotouring104\/2025\/05\/12\/reggio-successo-per-la-iv-edizione-de-i-guardiani-dello-stretto\/#primaryimage\"},\"thumbnailUrl\":\"https:\/\/progettotouring.it\/radiotouring104\/wp-content\/uploads\/sites\/6\/2025\/05\/guardiano-dello-stretto-4.jpeg\",\"datePublished\":\"2025-05-12T07:59:08+00:00\",\"description\":\"Il Sindaco Fakcomat\u00e0 ed il Delegato allo Sport Latella hanno preso parte alla Iv edizione dell'evento di sport e promozione del territorio\",\"breadcrumb\":{\"@id\":\"https:\/\/progettotouring.it\/radiotouring104\/2025\/05\/12\/reggio-successo-per-la-iv-edizione-de-i-guardiani-dello-stretto\/#breadcrumb\"},\"inLanguage\":\"it-IT\",\"potentialAction\":[{\"@type\":\"ReadAction\",\"target\":[\"https:\/\/progettotouring.it\/radiotouring104\/2025\/05\/12\/reggio-successo-per-la-iv-edizione-de-i-guardiani-dello-stretto\/\"]}]},{\"@type\":\"ImageObject\",\"inLanguage\":\"it-IT\",\"@id\":\"https:\/\/progettotouring.it\/radiotouring104\/2025\/05\/12\/reggio-successo-per-la-iv-edizione-de-i-guardiani-dello-stretto\/#primaryimage\",\"url\":\"https:\/\/progettotouring.it\/radiotouring104\/wp-content\/uploads\/sites\/6\/2025\/05\/guardiano-dello-stretto-4.jpeg\",\"contentUrl\":\"https:\/\/progettotouring.it\/radiotouring104\/wp-content\/uploads\/sites\/6\/2025\/05\/guardiano-dello-stretto-4.jpeg\",\"width\":2040,\"height\":1148},{\"@type\":\"BreadcrumbList\",\"@id\":\"https:\/\/progettotouring.it\/radiotouring104\/2025\/05\/12\/reggio-successo-per-la-iv-edizione-de-i-guardiani-dello-stretto\/#breadcrumb\",\"itemListElement\":[{\"@type\":\"ListItem\",\"position\":1,\"name\":\"Home\",\"item\":\"https:\/\/progettotouring.it\/radiotouring104\/\"},{\"@type\":\"ListItem\",\"position\":2,\"name\":\"Reggio: successo per la IV edizione de &#8220;I Guardiani dello Stretto\u201d\"}]},{\"@type\":\"WebSite\",\"@id\":\"https:\/\/progettotouring.it\/radiotouring104\/#website\",\"url\":\"https:\/\/progettotouring.it\/radiotouring104\/\",\"name\":\"Radio Touring 104\",\"description\":\"La prima radio Reggina\",\"publisher\":{\"@id\":\"https:\/\/progettotouring.it\/radiotouring104\/#organization\"},\"potentialAction\":[{\"@type\":\"SearchAction\",\"target\":{\"@type\":\"EntryPoint\",\"urlTemplate\":\"https:\/\/progettotouring.it\/radiotouring104\/?s={search_term_string}\"},\"query-input\":{\"@type\":\"PropertyValueSpecification\",\"valueRequired\":true,\"valueName\":\"search_term_string\"}}],\"inLanguage\":\"it-IT\"},{\"@type\":\"Organization\",\"@id\":\"https:\/\/progettotouring.it\/radiotouring104\/#organization\",\"name\":\"Radio Touring 104\",\"url\":\"https:\/\/progettotouring.it\/radiotouring104\/\",\"logo\":{\"@type\":\"ImageObject\",\"inLanguage\":\"it-IT\",\"@id\":\"https:\/\/progettotouring.it\/radiotouring104\/#\/schema\/logo\/image\/\",\"url\":\"https:\/\/progettotouring.it\/radiotouring104\/wp-content\/uploads\/sites\/6\/2022\/02\/cropped-logo-radio-touring-104.png\",\"contentUrl\":\"https:\/\/progettotouring.it\/radiotouring104\/wp-content\/uploads\/sites\/6\/2022\/02\/cropped-logo-radio-touring-104.png\",\"width\":377,\"height\":182,\"caption\":\"Radio Touring 104\"},\"image\":{\"@id\":\"https:\/\/progettotouring.it\/radiotouring104\/#\/schema\/logo\/image\/\"}},{\"@type\":\"Person\",\"@id\":\"https:\/\/progettotouring.it\/radiotouring104\/#\/schema\/person\/78613917f1851f041f7483f5af1d422e\",\"name\":\"Sebastiano Plutino\",\"image\":{\"@type\":\"ImageObject\",\"inLanguage\":\"it-IT\",\"@id\":\"https:\/\/secure.gravatar.com\/avatar\/0546ffaa9b79224faf9f2a156b67a529ae861d3287c66c1d8ccfdf909bcba78d?s=96&d=mm&r=g\",\"url\":\"https:\/\/secure.gravatar.com\/avatar\/0546ffaa9b79224faf9f2a156b67a529ae861d3287c66c1d8ccfdf909bcba78d?s=96&d=mm&r=g\",\"contentUrl\":\"https:\/\/secure.gravatar.com\/avatar\/0546ffaa9b79224faf9f2a156b67a529ae861d3287c66c1d8ccfdf909bcba78d?s=96&d=mm&r=g\",\"caption\":\"Sebastiano Plutino\"},\"url\":\"https:\/\/progettotouring.it\/radiotouring104\/author\/sebastiano\/\"}]}<\/script>\n<!-- \/ Yoast SEO plugin. -->","yoast_head_json":{"title":"Reggio: successo per la IV edizione de \"I Guardiani dello Stretto\u201d - Radio Touring 104","description":"Il Sindaco Fakcomat\u00e0 ed il Delegato allo Sport Latella hanno preso parte alla Iv edizione dell'evento di sport e promozione del territorio","robots":{"index":"index","follow":"follow","max-snippet":"max-snippet:-1","max-image-preview":"max-image-preview:large","max-video-preview":"max-video-preview:-1"},"canonical":"https:\/\/progettotouring.it\/radiotouring104\/2025\/05\/12\/reggio-successo-per-la-iv-edizione-de-i-guardiani-dello-stretto\/","og_locale":"it_IT","og_type":"article","og_title":"Reggio: successo per la IV edizione de \"I Guardiani dello Stretto\u201d - Radio Touring 104","og_description":"Il Sindaco Fakcomat\u00e0 ed il Delegato allo Sport Latella hanno preso parte alla Iv edizione dell'evento di sport e promozione del territorio","og_url":"https:\/\/progettotouring.it\/radiotouring104\/2025\/05\/12\/reggio-successo-per-la-iv-edizione-de-i-guardiani-dello-stretto\/","og_site_name":"Radio Touring 104","article_published_time":"2025-05-12T07:59:08+00:00","og_image":[{"width":2040,"height":1148,"url":"https:\/\/progettotouring.it\/radiotouring104\/wp-content\/uploads\/sites\/6\/2025\/05\/guardiano-dello-stretto-4.jpeg","type":"image\/jpeg"}],"author":"Sebastiano Plutino","twitter_card":"summary_large_image","twitter_misc":{"Scritto da":"Sebastiano Plutino","Tempo di lettura stimato":"2 minuti"},"schema":{"@context":"https:\/\/schema.org","@graph":[{"@type":"Article","@id":"https:\/\/progettotouring.it\/radiotouring104\/2025\/05\/12\/reggio-successo-per-la-iv-edizione-de-i-guardiani-dello-stretto\/#article","isPartOf":{"@id":"https:\/\/progettotouring.it\/radiotouring104\/2025\/05\/12\/reggio-successo-per-la-iv-edizione-de-i-guardiani-dello-stretto\/"},"author":{"name":"Sebastiano Plutino","@id":"https:\/\/progettotouring.it\/radiotouring104\/#\/schema\/person\/78613917f1851f041f7483f5af1d422e"},"headline":"Reggio: successo per la IV edizione de &#8220;I Guardiani dello Stretto\u201d","datePublished":"2025-05-12T07:59:08+00:00","mainEntityOfPage":{"@id":"https:\/\/progettotouring.it\/radiotouring104\/2025\/05\/12\/reggio-successo-per-la-iv-edizione-de-i-guardiani-dello-stretto\/"},"wordCount":504,"publisher":{"@id":"https:\/\/progettotouring.it\/radiotouring104\/#organization"},"image":{"@id":"https:\/\/progettotouring.it\/radiotouring104\/2025\/05\/12\/reggio-successo-per-la-iv-edizione-de-i-guardiani-dello-stretto\/#primaryimage"},"thumbnailUrl":"https:\/\/progettotouring.it\/radiotouring104\/wp-content\/uploads\/sites\/6\/2025\/05\/guardiano-dello-stretto-4.jpeg","keywords":["'Assessore Carmelo Romeo","Demetrio Rosace","giovanni latella","guardiani dello stretto","IV edizione","Palacalafiore di Reggio."],"articleSection":["Home","News","Reggio Calabria"],"inLanguage":"it-IT"},{"@type":"WebPage","@id":"https:\/\/progettotouring.it\/radiotouring104\/2025\/05\/12\/reggio-successo-per-la-iv-edizione-de-i-guardiani-dello-stretto\/","url":"https:\/\/progettotouring.it\/radiotouring104\/2025\/05\/12\/reggio-successo-per-la-iv-edizione-de-i-guardiani-dello-stretto\/","name":"Reggio: successo per la IV edizione de \"I Guardiani dello Stretto\u201d - Radio Touring 104","isPartOf":{"@id":"https:\/\/progettotouring.it\/radiotouring104\/#website"},"primaryImageOfPage":{"@id":"https:\/\/progettotouring.it\/radiotouring104\/2025\/05\/12\/reggio-successo-per-la-iv-edizione-de-i-guardiani-dello-stretto\/#primaryimage"},"image":{"@id":"https:\/\/progettotouring.it\/radiotouring104\/2025\/05\/12\/reggio-successo-per-la-iv-edizione-de-i-guardiani-dello-stretto\/#primaryimage"},"thumbnailUrl":"https:\/\/progettotouring.it\/radiotouring104\/wp-content\/uploads\/sites\/6\/2025\/05\/guardiano-dello-stretto-4.jpeg","datePublished":"2025-05-12T07:59:08+00:00","description":"Il Sindaco Fakcomat\u00e0 ed il Delegato allo Sport Latella hanno preso parte alla Iv edizione dell'evento di sport e promozione del territorio","breadcrumb":{"@id":"https:\/\/progettotouring.it\/radiotouring104\/2025\/05\/12\/reggio-successo-per-la-iv-edizione-de-i-guardiani-dello-stretto\/#breadcrumb"},"inLanguage":"it-IT","potentialAction":[{"@type":"ReadAction","target":["https:\/\/progettotouring.it\/radiotouring104\/2025\/05\/12\/reggio-successo-per-la-iv-edizione-de-i-guardiani-dello-stretto\/"]}]},{"@type":"ImageObject","inLanguage":"it-IT","@id":"https:\/\/progettotouring.it\/radiotouring104\/2025\/05\/12\/reggio-successo-per-la-iv-edizione-de-i-guardiani-dello-stretto\/#primaryimage","url":"https:\/\/progettotouring.it\/radiotouring104\/wp-content\/uploads\/sites\/6\/2025\/05\/guardiano-dello-stretto-4.jpeg","contentUrl":"https:\/\/progettotouring.it\/radiotouring104\/wp-content\/uploads\/sites\/6\/2025\/05\/guardiano-dello-stretto-4.jpeg","width":2040,"height":1148},{"@type":"BreadcrumbList","@id":"https:\/\/progettotouring.it\/radiotouring104\/2025\/05\/12\/reggio-successo-per-la-iv-edizione-de-i-guardiani-dello-stretto\/#breadcrumb","itemListElement":[{"@type":"ListItem","position":1,"name":"Home","item":"https:\/\/progettotouring.it\/radiotouring104\/"},{"@type":"ListItem","position":2,"name":"Reggio: successo per la IV edizione de &#8220;I Guardiani dello Stretto\u201d"}]},{"@type":"WebSite","@id":"https:\/\/progettotouring.it\/radiotouring104\/#website","url":"https:\/\/progettotouring.it\/radiotouring104\/","name":"Radio Touring 104","description":"La prima radio Reggina","publisher":{"@id":"https:\/\/progettotouring.it\/radiotouring104\/#organization"},"potentialAction":[{"@type":"SearchAction","target":{"@type":"EntryPoint","urlTemplate":"https:\/\/progettotouring.it\/radiotouring104\/?s={search_term_string}"},"query-input":{"@type":"PropertyValueSpecification","valueRequired":true,"valueName":"search_term_string"}}],"inLanguage":"it-IT"},{"@type":"Organization","@id":"https:\/\/progettotouring.it\/radiotouring104\/#organization","name":"Radio Touring 104","url":"https:\/\/progettotouring.it\/radiotouring104\/","logo":{"@type":"ImageObject","inLanguage":"it-IT","@id":"https:\/\/progettotouring.it\/radiotouring104\/#\/schema\/logo\/image\/","url":"https:\/\/progettotouring.it\/radiotouring104\/wp-content\/uploads\/sites\/6\/2022\/02\/cropped-logo-radio-touring-104.png","contentUrl":"https:\/\/progettotouring.it\/radiotouring104\/wp-content\/uploads\/sites\/6\/2022\/02\/cropped-logo-radio-touring-104.png","width":377,"height":182,"caption":"Radio Touring 104"},"image":{"@id":"https:\/\/progettotouring.it\/radiotouring104\/#\/schema\/logo\/image\/"}},{"@type":"Person","@id":"https:\/\/progettotouring.it\/radiotouring104\/#\/schema\/person\/78613917f1851f041f7483f5af1d422e","name":"Sebastiano Plutino","image":{"@type":"ImageObject","inLanguage":"it-IT","@id":"https:\/\/secure.gravatar.com\/avatar\/0546ffaa9b79224faf9f2a156b67a529ae861d3287c66c1d8ccfdf909bcba78d?s=96&d=mm&r=g","url":"https:\/\/secure.gravatar.com\/avatar\/0546ffaa9b79224faf9f2a156b67a529ae861d3287c66c1d8ccfdf909bcba78d?s=96&d=mm&r=g","contentUrl":"https:\/\/secure.gravatar.com\/avatar\/0546ffaa9b79224faf9f2a156b67a529ae861d3287c66c1d8ccfdf909bcba78d?s=96&d=mm&r=g","caption":"Sebastiano Plutino"},"url":"https:\/\/progettotouring.it\/radiotouring104\/author\/sebastiano\/"}]}},"jetpack_publicize_connections":[],"jetpack_featured_media_url":"https:\/\/progettotouring.it\/radiotouring104\/wp-content\/uploads\/sites\/6\/2025\/05\/guardiano-dello-stretto-4.jpeg","jetpack_sharing_enabled":true,"_links":{"self":[{"href":"https:\/\/progettotouring.it\/radiotouring104\/wp-json\/wp\/v2\/posts\/73376","targetHints":{"allow":["GET"]}}],"collection":[{"href":"https:\/\/progettotouring.it\/radiotouring104\/wp-json\/wp\/v2\/posts"}],"about":[{"href":"https:\/\/progettotouring.it\/radiotouring104\/wp-json\/wp\/v2\/types\/post"}],"author":[{"embeddable":true,"href":"https:\/\/progettotouring.it\/radiotouring104\/wp-json\/wp\/v2\/users\/12"}],"replies":[{"embeddable":true,"href":"https:\/\/progettotouring.it\/radiotouring104\/wp-json\/wp\/v2\/comments?post=73376"}],"version-history":[{"count":1,"href":"https:\/\/progettotouring.it\/radiotouring104\/wp-json\/wp\/v2\/posts\/73376\/revisions"}],"predecessor-version":[{"id":73379,"href":"https:\/\/progettotouring.it\/radiotouring104\/wp-json\/wp\/v2\/posts\/73376\/revisions\/73379"}],"wp:featuredmedia":[{"embeddable":true,"href":"https:\/\/progettotouring.it\/radiotouring104\/wp-json\/wp\/v2\/media\/73378"}],"wp:attachment":[{"href":"https:\/\/progettotouring.it\/radiotouring104\/wp-json\/wp\/v2\/media?parent=73376"}],"wp:term":[{"taxonomy":"category","embeddable":true,"href":"https:\/\/progettotouring.it\/radiotouring104\/wp-json\/wp\/v2\/categories?post=73376"},{"taxonomy":"post_tag","embeddable":true,"href":"https:\/\/progettotouring.it\/radiotouring104\/wp-json\/wp\/v2\/tags?post=73376"}],"curies":[{"name":"wp","href":"https:\/\/api.w.org\/{rel}","templated":true}]}}