{"id":73380,"date":"2025-05-12T10:06:22","date_gmt":"2025-05-12T08:06:22","guid":{"rendered":"https:\/\/progettotouring.it\/radiotouring104\/?p=73380"},"modified":"2025-05-12T10:06:22","modified_gmt":"2025-05-12T08:06:22","slug":"reggio-inaugurata-in-via-roma-la-nuova-sede-della-cigl","status":"publish","type":"post","link":"https:\/\/progettotouring.it\/radiotouring104\/2025\/05\/12\/reggio-inaugurata-in-via-roma-la-nuova-sede-della-cigl\/","title":{"rendered":"Reggio: inaugurata in via Roma la nuova sede della Cigl"},"content":{"rendered":"<p><strong>La CGIL Reggio<\/strong> Calabria Area Metropolitana rafforza la sua presenza sul territorio con l<strong>\u2019inaugurazione del 7 maggio a Reggio Calabria di un\u2019altra sede in via Roma n.16.<\/strong><\/p>\n<p style=\"text-align: justify\">\u201cSiamo felici e orgogliosi &#8211;<strong> commenta il Segretario Generale metropolitano Gregorio Pititto<\/strong> &#8211;<em> di poter offrire ai cittadini una nuova sede che si propone di essere un punto di riferimento nella nostra citt\u00e0 dove ascoltare i bisogni, offrire servizi e difendere la dignit\u00e0 delle persone.\u201d<\/em><\/p>\n<p style=\"text-align: justify\"><em>\u201cL\u2019apertura rappresenta l\u2019occasione per ribadire nella nostra citt\u00e0 il ruolo centrale della CGIL in una fase sociale, nel contesto nazionale cos\u00ec in quello mondiale, particolarmente delicata e caratterizzata sempre pi\u00f9 spesso da una negazione dei diritti fondamentali.\u201d<\/em><\/p>\n<p style=\"text-align: justify\">La nuova sede manifesta per lo SPI CGIL la volont\u00e0 di essere sempre pi\u00f9 vicino ai pensionati e ai cittadini tutti per garantire risposte immediate e competenti in ambiti di interesse, dall\u2019ambito dell\u2019assistenza fiscale a quello previdenziale.<\/p>\n<p style=\"text-align: justify\">Si dar\u00e0 voce e sostegno, altres\u00ec, con lo sportello FLC CGIL alle istanze di tutti coloro che operano nei settori della conoscenza, ovvero lavorano nei settori pubblici e privati della scuola, dell\u2019educazione degli adulti, dell\u2019universit\u00e0, della ricerca e della formazione professionale.<\/p>\n<p style=\"text-align: justify\"><strong>L\u2019inaugurazione si \u00e8 rivelata un momento importante per informare e coinvolgere le cittadine e i cittadini su una questione che sta particolarmente a cuore alla CGIL, il Referendum del prossimo 8 e 9 giugno, sottolineando l\u2019importanza di votare i 5 SI ai quesiti referendari sul lavoro, sulla precariet\u00e0, sugli appalti, e sulla cittadinanza<\/strong>. Temi importanti di interesse collettivo, che hanno come comune denominatore la necessit\u00e0, non pi\u00f9 procrastinabile, visto il susseguirsi incessante di vite spezzate, di garantire la sicurezza sui posti di lavoro invertendo la rotta nel nostro Paese con il ritorno ad un sistema di maggiori tutele per le lavoratrici e i lavoratori.<\/p>\n","protected":false},"excerpt":{"rendered":"<p>La CGIL Reggio Calabria Area Metropolitana rafforza la sua presenza sul territorio con l\u2019inaugurazione del 7 maggio a Reggio Calabria di un\u2019altra sede in via Roma n.16. \u201cSiamo felici e&hellip;<\/p>\n","protected":false},"author":12,"featured_media":73381,"comment_status":"closed","ping_status":"open","sticky":false,"template":"","format":"standard","meta":{"_jetpack_memberships_contains_paid_content":false,"footnotes":"","jetpack_publicize_message":"","jetpack_publicize_feature_enabled":true,"jetpack_social_post_already_shared":true,"jetpack_social_options":{"image_generator_settings":{"template":"highway","default_image_id":0,"font":"","enabled":false},"version":2}},"categories":[921,196,140],"tags":[16138,2991,43438,16961],"class_list":["post-73380","post","type-post","status-publish","format-standard","has-post-thumbnail","hentry","category-home","category-news","category-reggio-calabria","tag-cigl-reggio-calabria","tag-gregorio-pititto","tag-inaugurata-nuova-sede","tag-via-roma"],"yoast_head":"<!-- This site is optimized with the Yoast SEO plugin v27.2 - https:\/\/yoast.com\/product\/yoast-seo-wordpress\/ -->\n<title>Reggio: inaugurata in via Roma la nuova sede della Cigl<\/title>\n<meta name=\"description\" content=\"La CGIL Reggio Calabria Area Metropolitana rafforza la sua presenza sul territorio, coin l&#039;inaugurazione, in via Roma, di una nuova sede\" \/>\n<meta name=\"robots\" content=\"index, follow, max-snippet:-1, max-image-preview:large, max-video-preview:-1\" \/>\n<link rel=\"canonical\" href=\"https:\/\/progettotouring.it\/radiotouring104\/2025\/05\/12\/reggio-inaugurata-in-via-roma-la-nuova-sede-della-cigl\/\" \/>\n<meta property=\"og:locale\" content=\"it_IT\" \/>\n<meta property=\"og:type\" content=\"article\" \/>\n<meta property=\"og:title\" content=\"Reggio: inaugurata in via Roma la nuova sede della Cigl\" \/>\n<meta property=\"og:description\" content=\"La CGIL Reggio Calabria Area Metropolitana rafforza la sua presenza sul territorio, coin l&#039;inaugurazione, in via Roma, di una nuova sede\" \/>\n<meta property=\"og:url\" content=\"https:\/\/progettotouring.it\/radiotouring104\/2025\/05\/12\/reggio-inaugurata-in-via-roma-la-nuova-sede-della-cigl\/\" \/>\n<meta property=\"og:site_name\" content=\"Radio Touring 104\" \/>\n<meta property=\"article:published_time\" content=\"2025-05-12T08:06:22+00:00\" \/>\n<meta property=\"og:image\" content=\"https:\/\/progettotouring.it\/radiotouring104\/wp-content\/uploads\/sites\/6\/2025\/05\/Foto-Segretario-Generale-CGIL-REGGIO-CALABRIA.jpeg\" \/>\n\t<meta property=\"og:image:width\" content=\"933\" \/>\n\t<meta property=\"og:image:height\" content=\"1199\" \/>\n\t<meta property=\"og:image:type\" content=\"image\/jpeg\" \/>\n<meta name=\"author\" content=\"Sebastiano Plutino\" \/>\n<meta name=\"twitter:card\" content=\"summary_large_image\" \/>\n<meta name=\"twitter:label1\" content=\"Scritto da\" \/>\n\t<meta name=\"twitter:data1\" content=\"Sebastiano Plutino\" \/>\n\t<meta name=\"twitter:label2\" content=\"Tempo di lettura stimato\" \/>\n\t<meta name=\"twitter:data2\" content=\"1 minuto\" \/>\n<script type=\"application\/ld+json\" class=\"yoast-schema-graph\">{\"@context\":\"https:\/\/schema.org\",\"@graph\":[{\"@type\":\"Article\",\"@id\":\"https:\/\/progettotouring.it\/radiotouring104\/2025\/05\/12\/reggio-inaugurata-in-via-roma-la-nuova-sede-della-cigl\/#article\",\"isPartOf\":{\"@id\":\"https:\/\/progettotouring.it\/radiotouring104\/2025\/05\/12\/reggio-inaugurata-in-via-roma-la-nuova-sede-della-cigl\/\"},\"author\":{\"name\":\"Sebastiano Plutino\",\"@id\":\"https:\/\/progettotouring.it\/radiotouring104\/#\/schema\/person\/78613917f1851f041f7483f5af1d422e\"},\"headline\":\"Reggio: inaugurata in via Roma la nuova sede della Cigl\",\"datePublished\":\"2025-05-12T08:06:22+00:00\",\"mainEntityOfPage\":{\"@id\":\"https:\/\/progettotouring.it\/radiotouring104\/2025\/05\/12\/reggio-inaugurata-in-via-roma-la-nuova-sede-della-cigl\/\"},\"wordCount\":306,\"publisher\":{\"@id\":\"https:\/\/progettotouring.it\/radiotouring104\/#organization\"},\"image\":{\"@id\":\"https:\/\/progettotouring.it\/radiotouring104\/2025\/05\/12\/reggio-inaugurata-in-via-roma-la-nuova-sede-della-cigl\/#primaryimage\"},\"thumbnailUrl\":\"https:\/\/progettotouring.it\/radiotouring104\/wp-content\/uploads\/sites\/6\/2025\/05\/Foto-Segretario-Generale-CGIL-REGGIO-CALABRIA.jpeg\",\"keywords\":[\"Cigl Reggio Calabria\",\"gregorio pititto\",\"inaugurata nuova sede\",\"via roma\"],\"articleSection\":[\"Home\",\"News\",\"Reggio Calabria\"],\"inLanguage\":\"it-IT\"},{\"@type\":\"WebPage\",\"@id\":\"https:\/\/progettotouring.it\/radiotouring104\/2025\/05\/12\/reggio-inaugurata-in-via-roma-la-nuova-sede-della-cigl\/\",\"url\":\"https:\/\/progettotouring.it\/radiotouring104\/2025\/05\/12\/reggio-inaugurata-in-via-roma-la-nuova-sede-della-cigl\/\",\"name\":\"Reggio: inaugurata in via Roma la nuova sede della Cigl\",\"isPartOf\":{\"@id\":\"https:\/\/progettotouring.it\/radiotouring104\/#website\"},\"primaryImageOfPage\":{\"@id\":\"https:\/\/progettotouring.it\/radiotouring104\/2025\/05\/12\/reggio-inaugurata-in-via-roma-la-nuova-sede-della-cigl\/#primaryimage\"},\"image\":{\"@id\":\"https:\/\/progettotouring.it\/radiotouring104\/2025\/05\/12\/reggio-inaugurata-in-via-roma-la-nuova-sede-della-cigl\/#primaryimage\"},\"thumbnailUrl\":\"https:\/\/progettotouring.it\/radiotouring104\/wp-content\/uploads\/sites\/6\/2025\/05\/Foto-Segretario-Generale-CGIL-REGGIO-CALABRIA.jpeg\",\"datePublished\":\"2025-05-12T08:06:22+00:00\",\"description\":\"La CGIL Reggio Calabria Area Metropolitana rafforza la sua presenza sul territorio, coin l'inaugurazione, in via Roma, di una nuova sede\",\"breadcrumb\":{\"@id\":\"https:\/\/progettotouring.it\/radiotouring104\/2025\/05\/12\/reggio-inaugurata-in-via-roma-la-nuova-sede-della-cigl\/#breadcrumb\"},\"inLanguage\":\"it-IT\",\"potentialAction\":[{\"@type\":\"ReadAction\",\"target\":[\"https:\/\/progettotouring.it\/radiotouring104\/2025\/05\/12\/reggio-inaugurata-in-via-roma-la-nuova-sede-della-cigl\/\"]}]},{\"@type\":\"ImageObject\",\"inLanguage\":\"it-IT\",\"@id\":\"https:\/\/progettotouring.it\/radiotouring104\/2025\/05\/12\/reggio-inaugurata-in-via-roma-la-nuova-sede-della-cigl\/#primaryimage\",\"url\":\"https:\/\/progettotouring.it\/radiotouring104\/wp-content\/uploads\/sites\/6\/2025\/05\/Foto-Segretario-Generale-CGIL-REGGIO-CALABRIA.jpeg\",\"contentUrl\":\"https:\/\/progettotouring.it\/radiotouring104\/wp-content\/uploads\/sites\/6\/2025\/05\/Foto-Segretario-Generale-CGIL-REGGIO-CALABRIA.jpeg\",\"width\":933,\"height\":1199},{\"@type\":\"BreadcrumbList\",\"@id\":\"https:\/\/progettotouring.it\/radiotouring104\/2025\/05\/12\/reggio-inaugurata-in-via-roma-la-nuova-sede-della-cigl\/#breadcrumb\",\"itemListElement\":[{\"@type\":\"ListItem\",\"position\":1,\"name\":\"Home\",\"item\":\"https:\/\/progettotouring.it\/radiotouring104\/\"},{\"@type\":\"ListItem\",\"position\":2,\"name\":\"Reggio: inaugurata in via Roma la nuova sede della Cigl\"}]},{\"@type\":\"WebSite\",\"@id\":\"https:\/\/progettotouring.it\/radiotouring104\/#website\",\"url\":\"https:\/\/progettotouring.it\/radiotouring104\/\",\"name\":\"Radio Touring 104\",\"description\":\"La prima radio Reggina\",\"publisher\":{\"@id\":\"https:\/\/progettotouring.it\/radiotouring104\/#organization\"},\"potentialAction\":[{\"@type\":\"SearchAction\",\"target\":{\"@type\":\"EntryPoint\",\"urlTemplate\":\"https:\/\/progettotouring.it\/radiotouring104\/?s={search_term_string}\"},\"query-input\":{\"@type\":\"PropertyValueSpecification\",\"valueRequired\":true,\"valueName\":\"search_term_string\"}}],\"inLanguage\":\"it-IT\"},{\"@type\":\"Organization\",\"@id\":\"https:\/\/progettotouring.it\/radiotouring104\/#organization\",\"name\":\"Radio Touring 104\",\"url\":\"https:\/\/progettotouring.it\/radiotouring104\/\",\"logo\":{\"@type\":\"ImageObject\",\"inLanguage\":\"it-IT\",\"@id\":\"https:\/\/progettotouring.it\/radiotouring104\/#\/schema\/logo\/image\/\",\"url\":\"https:\/\/progettotouring.it\/radiotouring104\/wp-content\/uploads\/sites\/6\/2022\/02\/cropped-logo-radio-touring-104.png\",\"contentUrl\":\"https:\/\/progettotouring.it\/radiotouring104\/wp-content\/uploads\/sites\/6\/2022\/02\/cropped-logo-radio-touring-104.png\",\"width\":377,\"height\":182,\"caption\":\"Radio Touring 104\"},\"image\":{\"@id\":\"https:\/\/progettotouring.it\/radiotouring104\/#\/schema\/logo\/image\/\"}},{\"@type\":\"Person\",\"@id\":\"https:\/\/progettotouring.it\/radiotouring104\/#\/schema\/person\/78613917f1851f041f7483f5af1d422e\",\"name\":\"Sebastiano Plutino\",\"image\":{\"@type\":\"ImageObject\",\"inLanguage\":\"it-IT\",\"@id\":\"https:\/\/secure.gravatar.com\/avatar\/0546ffaa9b79224faf9f2a156b67a529ae861d3287c66c1d8ccfdf909bcba78d?s=96&d=mm&r=g\",\"url\":\"https:\/\/secure.gravatar.com\/avatar\/0546ffaa9b79224faf9f2a156b67a529ae861d3287c66c1d8ccfdf909bcba78d?s=96&d=mm&r=g\",\"contentUrl\":\"https:\/\/secure.gravatar.com\/avatar\/0546ffaa9b79224faf9f2a156b67a529ae861d3287c66c1d8ccfdf909bcba78d?s=96&d=mm&r=g\",\"caption\":\"Sebastiano Plutino\"},\"url\":\"https:\/\/progettotouring.it\/radiotouring104\/author\/sebastiano\/\"}]}<\/script>\n<!-- \/ Yoast SEO plugin. -->","yoast_head_json":{"title":"Reggio: inaugurata in via Roma la nuova sede della Cigl","description":"La CGIL Reggio Calabria Area Metropolitana rafforza la sua presenza sul territorio, coin l'inaugurazione, in via Roma, di una nuova sede","robots":{"index":"index","follow":"follow","max-snippet":"max-snippet:-1","max-image-preview":"max-image-preview:large","max-video-preview":"max-video-preview:-1"},"canonical":"https:\/\/progettotouring.it\/radiotouring104\/2025\/05\/12\/reggio-inaugurata-in-via-roma-la-nuova-sede-della-cigl\/","og_locale":"it_IT","og_type":"article","og_title":"Reggio: inaugurata in via Roma la nuova sede della Cigl","og_description":"La CGIL Reggio Calabria Area Metropolitana rafforza la sua presenza sul territorio, coin l'inaugurazione, in via Roma, di una nuova sede","og_url":"https:\/\/progettotouring.it\/radiotouring104\/2025\/05\/12\/reggio-inaugurata-in-via-roma-la-nuova-sede-della-cigl\/","og_site_name":"Radio Touring 104","article_published_time":"2025-05-12T08:06:22+00:00","og_image":[{"width":933,"height":1199,"url":"https:\/\/progettotouring.it\/radiotouring104\/wp-content\/uploads\/sites\/6\/2025\/05\/Foto-Segretario-Generale-CGIL-REGGIO-CALABRIA.jpeg","type":"image\/jpeg"}],"author":"Sebastiano Plutino","twitter_card":"summary_large_image","twitter_misc":{"Scritto da":"Sebastiano Plutino","Tempo di lettura stimato":"1 minuto"},"schema":{"@context":"https:\/\/schema.org","@graph":[{"@type":"Article","@id":"https:\/\/progettotouring.it\/radiotouring104\/2025\/05\/12\/reggio-inaugurata-in-via-roma-la-nuova-sede-della-cigl\/#article","isPartOf":{"@id":"https:\/\/progettotouring.it\/radiotouring104\/2025\/05\/12\/reggio-inaugurata-in-via-roma-la-nuova-sede-della-cigl\/"},"author":{"name":"Sebastiano Plutino","@id":"https:\/\/progettotouring.it\/radiotouring104\/#\/schema\/person\/78613917f1851f041f7483f5af1d422e"},"headline":"Reggio: inaugurata in via Roma la nuova sede della Cigl","datePublished":"2025-05-12T08:06:22+00:00","mainEntityOfPage":{"@id":"https:\/\/progettotouring.it\/radiotouring104\/2025\/05\/12\/reggio-inaugurata-in-via-roma-la-nuova-sede-della-cigl\/"},"wordCount":306,"publisher":{"@id":"https:\/\/progettotouring.it\/radiotouring104\/#organization"},"image":{"@id":"https:\/\/progettotouring.it\/radiotouring104\/2025\/05\/12\/reggio-inaugurata-in-via-roma-la-nuova-sede-della-cigl\/#primaryimage"},"thumbnailUrl":"https:\/\/progettotouring.it\/radiotouring104\/wp-content\/uploads\/sites\/6\/2025\/05\/Foto-Segretario-Generale-CGIL-REGGIO-CALABRIA.jpeg","keywords":["Cigl Reggio Calabria","gregorio pititto","inaugurata nuova sede","via roma"],"articleSection":["Home","News","Reggio Calabria"],"inLanguage":"it-IT"},{"@type":"WebPage","@id":"https:\/\/progettotouring.it\/radiotouring104\/2025\/05\/12\/reggio-inaugurata-in-via-roma-la-nuova-sede-della-cigl\/","url":"https:\/\/progettotouring.it\/radiotouring104\/2025\/05\/12\/reggio-inaugurata-in-via-roma-la-nuova-sede-della-cigl\/","name":"Reggio: inaugurata in via Roma la nuova sede della Cigl","isPartOf":{"@id":"https:\/\/progettotouring.it\/radiotouring104\/#website"},"primaryImageOfPage":{"@id":"https:\/\/progettotouring.it\/radiotouring104\/2025\/05\/12\/reggio-inaugurata-in-via-roma-la-nuova-sede-della-cigl\/#primaryimage"},"image":{"@id":"https:\/\/progettotouring.it\/radiotouring104\/2025\/05\/12\/reggio-inaugurata-in-via-roma-la-nuova-sede-della-cigl\/#primaryimage"},"thumbnailUrl":"https:\/\/progettotouring.it\/radiotouring104\/wp-content\/uploads\/sites\/6\/2025\/05\/Foto-Segretario-Generale-CGIL-REGGIO-CALABRIA.jpeg","datePublished":"2025-05-12T08:06:22+00:00","description":"La CGIL Reggio Calabria Area Metropolitana rafforza la sua presenza sul territorio, coin l'inaugurazione, in via Roma, di una nuova sede","breadcrumb":{"@id":"https:\/\/progettotouring.it\/radiotouring104\/2025\/05\/12\/reggio-inaugurata-in-via-roma-la-nuova-sede-della-cigl\/#breadcrumb"},"inLanguage":"it-IT","potentialAction":[{"@type":"ReadAction","target":["https:\/\/progettotouring.it\/radiotouring104\/2025\/05\/12\/reggio-inaugurata-in-via-roma-la-nuova-sede-della-cigl\/"]}]},{"@type":"ImageObject","inLanguage":"it-IT","@id":"https:\/\/progettotouring.it\/radiotouring104\/2025\/05\/12\/reggio-inaugurata-in-via-roma-la-nuova-sede-della-cigl\/#primaryimage","url":"https:\/\/progettotouring.it\/radiotouring104\/wp-content\/uploads\/sites\/6\/2025\/05\/Foto-Segretario-Generale-CGIL-REGGIO-CALABRIA.jpeg","contentUrl":"https:\/\/progettotouring.it\/radiotouring104\/wp-content\/uploads\/sites\/6\/2025\/05\/Foto-Segretario-Generale-CGIL-REGGIO-CALABRIA.jpeg","width":933,"height":1199},{"@type":"BreadcrumbList","@id":"https:\/\/progettotouring.it\/radiotouring104\/2025\/05\/12\/reggio-inaugurata-in-via-roma-la-nuova-sede-della-cigl\/#breadcrumb","itemListElement":[{"@type":"ListItem","position":1,"name":"Home","item":"https:\/\/progettotouring.it\/radiotouring104\/"},{"@type":"ListItem","position":2,"name":"Reggio: inaugurata in via Roma la nuova sede della Cigl"}]},{"@type":"WebSite","@id":"https:\/\/progettotouring.it\/radiotouring104\/#website","url":"https:\/\/progettotouring.it\/radiotouring104\/","name":"Radio Touring 104","description":"La prima radio Reggina","publisher":{"@id":"https:\/\/progettotouring.it\/radiotouring104\/#organization"},"potentialAction":[{"@type":"SearchAction","target":{"@type":"EntryPoint","urlTemplate":"https:\/\/progettotouring.it\/radiotouring104\/?s={search_term_string}"},"query-input":{"@type":"PropertyValueSpecification","valueRequired":true,"valueName":"search_term_string"}}],"inLanguage":"it-IT"},{"@type":"Organization","@id":"https:\/\/progettotouring.it\/radiotouring104\/#organization","name":"Radio Touring 104","url":"https:\/\/progettotouring.it\/radiotouring104\/","logo":{"@type":"ImageObject","inLanguage":"it-IT","@id":"https:\/\/progettotouring.it\/radiotouring104\/#\/schema\/logo\/image\/","url":"https:\/\/progettotouring.it\/radiotouring104\/wp-content\/uploads\/sites\/6\/2022\/02\/cropped-logo-radio-touring-104.png","contentUrl":"https:\/\/progettotouring.it\/radiotouring104\/wp-content\/uploads\/sites\/6\/2022\/02\/cropped-logo-radio-touring-104.png","width":377,"height":182,"caption":"Radio Touring 104"},"image":{"@id":"https:\/\/progettotouring.it\/radiotouring104\/#\/schema\/logo\/image\/"}},{"@type":"Person","@id":"https:\/\/progettotouring.it\/radiotouring104\/#\/schema\/person\/78613917f1851f041f7483f5af1d422e","name":"Sebastiano Plutino","image":{"@type":"ImageObject","inLanguage":"it-IT","@id":"https:\/\/secure.gravatar.com\/avatar\/0546ffaa9b79224faf9f2a156b67a529ae861d3287c66c1d8ccfdf909bcba78d?s=96&d=mm&r=g","url":"https:\/\/secure.gravatar.com\/avatar\/0546ffaa9b79224faf9f2a156b67a529ae861d3287c66c1d8ccfdf909bcba78d?s=96&d=mm&r=g","contentUrl":"https:\/\/secure.gravatar.com\/avatar\/0546ffaa9b79224faf9f2a156b67a529ae861d3287c66c1d8ccfdf909bcba78d?s=96&d=mm&r=g","caption":"Sebastiano Plutino"},"url":"https:\/\/progettotouring.it\/radiotouring104\/author\/sebastiano\/"}]}},"jetpack_publicize_connections":[],"jetpack_featured_media_url":"https:\/\/progettotouring.it\/radiotouring104\/wp-content\/uploads\/sites\/6\/2025\/05\/Foto-Segretario-Generale-CGIL-REGGIO-CALABRIA.jpeg","jetpack_sharing_enabled":true,"_links":{"self":[{"href":"https:\/\/progettotouring.it\/radiotouring104\/wp-json\/wp\/v2\/posts\/73380","targetHints":{"allow":["GET"]}}],"collection":[{"href":"https:\/\/progettotouring.it\/radiotouring104\/wp-json\/wp\/v2\/posts"}],"about":[{"href":"https:\/\/progettotouring.it\/radiotouring104\/wp-json\/wp\/v2\/types\/post"}],"author":[{"embeddable":true,"href":"https:\/\/progettotouring.it\/radiotouring104\/wp-json\/wp\/v2\/users\/12"}],"replies":[{"embeddable":true,"href":"https:\/\/progettotouring.it\/radiotouring104\/wp-json\/wp\/v2\/comments?post=73380"}],"version-history":[{"count":1,"href":"https:\/\/progettotouring.it\/radiotouring104\/wp-json\/wp\/v2\/posts\/73380\/revisions"}],"predecessor-version":[{"id":73382,"href":"https:\/\/progettotouring.it\/radiotouring104\/wp-json\/wp\/v2\/posts\/73380\/revisions\/73382"}],"wp:featuredmedia":[{"embeddable":true,"href":"https:\/\/progettotouring.it\/radiotouring104\/wp-json\/wp\/v2\/media\/73381"}],"wp:attachment":[{"href":"https:\/\/progettotouring.it\/radiotouring104\/wp-json\/wp\/v2\/media?parent=73380"}],"wp:term":[{"taxonomy":"category","embeddable":true,"href":"https:\/\/progettotouring.it\/radiotouring104\/wp-json\/wp\/v2\/categories?post=73380"},{"taxonomy":"post_tag","embeddable":true,"href":"https:\/\/progettotouring.it\/radiotouring104\/wp-json\/wp\/v2\/tags?post=73380"}],"curies":[{"name":"wp","href":"https:\/\/api.w.org\/{rel}","templated":true}]}}