{"id":73383,"date":"2025-05-12T10:14:38","date_gmt":"2025-05-12T08:14:38","guid":{"rendered":"https:\/\/progettotouring.it\/radiotouring104\/?p=73383"},"modified":"2025-05-12T10:15:40","modified_gmt":"2025-05-12T08:15:40","slug":"san-ferdinando-malore-per-klaus-davi-sul-lungomare","status":"publish","type":"post","link":"https:\/\/progettotouring.it\/radiotouring104\/2025\/05\/12\/san-ferdinando-malore-per-klaus-davi-sul-lungomare\/","title":{"rendered":"San Ferdinando: malore per Klaus Davi sul Lungomare"},"content":{"rendered":"<p style=\"text-align: justify\">Il giornalista Klaus Davi si trovava ieri mattina a San Ferdinando per realizzare un servizio sulla criminalit\u00e0 organizzata e nel pomeriggio si \u00e8 sentito male ed \u00e8 svenuto sul lungomare di San Ferdinando.<\/p>\n<p style=\"text-align: justify\">Dopo pochi minuti sono accorsi molti cittadini di San Ferdinando che hanno prontamente avvertito il 118 di Polistena che \u00e8 intervenuto dopo soli 12 minuti. Attualmente il giornalista si trova ricoverato all\u2019ospedale di Polistena per accertamenti.<\/p>\n","protected":false},"excerpt":{"rendered":"<p>Il giornalista Klaus Davi si trovava ieri mattina a San Ferdinando per realizzare un servizio sulla criminalit\u00e0 organizzata e nel pomeriggio si \u00e8 sentito male ed \u00e8 svenuto sul lungomare&hellip;<\/p>\n","protected":false},"author":12,"featured_media":73384,"comment_status":"closed","ping_status":"open","sticky":false,"template":"","format":"standard","meta":{"_jetpack_memberships_contains_paid_content":false,"footnotes":"","jetpack_publicize_message":"","jetpack_publicize_feature_enabled":true,"jetpack_social_post_already_shared":true,"jetpack_social_options":{"image_generator_settings":{"template":"highway","default_image_id":0,"font":"","enabled":false},"version":2}},"categories":[921,196,140],"tags":[5267,35094,30436,3511],"class_list":["post-73383","post","type-post","status-publish","format-standard","has-post-thumbnail","hentry","category-home","category-news","category-reggio-calabria","tag-klaus-davi","tag-lungomare-san-ferdinando","tag-malore","tag-ospedale-di-polistena"],"yoast_head":"<!-- This site is optimized with the Yoast SEO plugin v27.2 - https:\/\/yoast.com\/product\/yoast-seo-wordpress\/ -->\n<title>San Ferdinando: malore per Klaus Davi sul Lungomare<\/title>\n<meta name=\"description\" content=\"Il massmediologo, ieri mattina, si \u00e8 sentito male sul lungomare. Ricoverato all&#039;ospedale di Polistena, non \u00e8 in pericolo di vita\" \/>\n<meta name=\"robots\" content=\"index, follow, max-snippet:-1, max-image-preview:large, max-video-preview:-1\" \/>\n<link rel=\"canonical\" href=\"https:\/\/progettotouring.it\/radiotouring104\/2025\/05\/12\/san-ferdinando-malore-per-klaus-davi-sul-lungomare\/\" \/>\n<meta property=\"og:locale\" content=\"it_IT\" \/>\n<meta property=\"og:type\" content=\"article\" \/>\n<meta property=\"og:title\" content=\"San Ferdinando: malore per Klaus Davi sul Lungomare\" \/>\n<meta property=\"og:description\" content=\"Il massmediologo, ieri mattina, si \u00e8 sentito male sul lungomare. Ricoverato all&#039;ospedale di Polistena, non \u00e8 in pericolo di vita\" \/>\n<meta property=\"og:url\" content=\"https:\/\/progettotouring.it\/radiotouring104\/2025\/05\/12\/san-ferdinando-malore-per-klaus-davi-sul-lungomare\/\" \/>\n<meta property=\"og:site_name\" content=\"Radio Touring 104\" \/>\n<meta property=\"article:published_time\" content=\"2025-05-12T08:14:38+00:00\" \/>\n<meta property=\"article:modified_time\" content=\"2025-05-12T08:15:40+00:00\" \/>\n<meta property=\"og:image\" content=\"https:\/\/progettotouring.it\/radiotouring104\/wp-content\/uploads\/sites\/6\/2025\/05\/Klaus_Davi.jpg\" \/>\n\t<meta property=\"og:image:width\" content=\"1024\" \/>\n\t<meta property=\"og:image:height\" content=\"683\" \/>\n\t<meta property=\"og:image:type\" content=\"image\/jpeg\" \/>\n<meta name=\"author\" content=\"Sebastiano Plutino\" \/>\n<meta name=\"twitter:card\" content=\"summary_large_image\" \/>\n<meta name=\"twitter:label1\" content=\"Scritto da\" \/>\n\t<meta name=\"twitter:data1\" content=\"Sebastiano Plutino\" \/>\n<script type=\"application\/ld+json\" class=\"yoast-schema-graph\">{\"@context\":\"https:\/\/schema.org\",\"@graph\":[{\"@type\":\"Article\",\"@id\":\"https:\/\/progettotouring.it\/radiotouring104\/2025\/05\/12\/san-ferdinando-malore-per-klaus-davi-sul-lungomare\/#article\",\"isPartOf\":{\"@id\":\"https:\/\/progettotouring.it\/radiotouring104\/2025\/05\/12\/san-ferdinando-malore-per-klaus-davi-sul-lungomare\/\"},\"author\":{\"name\":\"Sebastiano Plutino\",\"@id\":\"https:\/\/progettotouring.it\/radiotouring104\/#\/schema\/person\/78613917f1851f041f7483f5af1d422e\"},\"headline\":\"San Ferdinando: malore per Klaus Davi sul Lungomare\",\"datePublished\":\"2025-05-12T08:14:38+00:00\",\"dateModified\":\"2025-05-12T08:15:40+00:00\",\"mainEntityOfPage\":{\"@id\":\"https:\/\/progettotouring.it\/radiotouring104\/2025\/05\/12\/san-ferdinando-malore-per-klaus-davi-sul-lungomare\/\"},\"wordCount\":73,\"publisher\":{\"@id\":\"https:\/\/progettotouring.it\/radiotouring104\/#organization\"},\"image\":{\"@id\":\"https:\/\/progettotouring.it\/radiotouring104\/2025\/05\/12\/san-ferdinando-malore-per-klaus-davi-sul-lungomare\/#primaryimage\"},\"thumbnailUrl\":\"https:\/\/progettotouring.it\/radiotouring104\/wp-content\/uploads\/sites\/6\/2025\/05\/Klaus_Davi.jpg\",\"keywords\":[\"klaus davi\",\"lungomare San Ferdinando\",\"malore\",\"Ospedale di Polistena\"],\"articleSection\":[\"Home\",\"News\",\"Reggio Calabria\"],\"inLanguage\":\"it-IT\"},{\"@type\":\"WebPage\",\"@id\":\"https:\/\/progettotouring.it\/radiotouring104\/2025\/05\/12\/san-ferdinando-malore-per-klaus-davi-sul-lungomare\/\",\"url\":\"https:\/\/progettotouring.it\/radiotouring104\/2025\/05\/12\/san-ferdinando-malore-per-klaus-davi-sul-lungomare\/\",\"name\":\"San Ferdinando: malore per Klaus Davi sul Lungomare\",\"isPartOf\":{\"@id\":\"https:\/\/progettotouring.it\/radiotouring104\/#website\"},\"primaryImageOfPage\":{\"@id\":\"https:\/\/progettotouring.it\/radiotouring104\/2025\/05\/12\/san-ferdinando-malore-per-klaus-davi-sul-lungomare\/#primaryimage\"},\"image\":{\"@id\":\"https:\/\/progettotouring.it\/radiotouring104\/2025\/05\/12\/san-ferdinando-malore-per-klaus-davi-sul-lungomare\/#primaryimage\"},\"thumbnailUrl\":\"https:\/\/progettotouring.it\/radiotouring104\/wp-content\/uploads\/sites\/6\/2025\/05\/Klaus_Davi.jpg\",\"datePublished\":\"2025-05-12T08:14:38+00:00\",\"dateModified\":\"2025-05-12T08:15:40+00:00\",\"description\":\"Il massmediologo, ieri mattina, si \u00e8 sentito male sul lungomare. Ricoverato all'ospedale di Polistena, non \u00e8 in pericolo di vita\",\"breadcrumb\":{\"@id\":\"https:\/\/progettotouring.it\/radiotouring104\/2025\/05\/12\/san-ferdinando-malore-per-klaus-davi-sul-lungomare\/#breadcrumb\"},\"inLanguage\":\"it-IT\",\"potentialAction\":[{\"@type\":\"ReadAction\",\"target\":[\"https:\/\/progettotouring.it\/radiotouring104\/2025\/05\/12\/san-ferdinando-malore-per-klaus-davi-sul-lungomare\/\"]}]},{\"@type\":\"ImageObject\",\"inLanguage\":\"it-IT\",\"@id\":\"https:\/\/progettotouring.it\/radiotouring104\/2025\/05\/12\/san-ferdinando-malore-per-klaus-davi-sul-lungomare\/#primaryimage\",\"url\":\"https:\/\/progettotouring.it\/radiotouring104\/wp-content\/uploads\/sites\/6\/2025\/05\/Klaus_Davi.jpg\",\"contentUrl\":\"https:\/\/progettotouring.it\/radiotouring104\/wp-content\/uploads\/sites\/6\/2025\/05\/Klaus_Davi.jpg\",\"width\":1024,\"height\":683},{\"@type\":\"BreadcrumbList\",\"@id\":\"https:\/\/progettotouring.it\/radiotouring104\/2025\/05\/12\/san-ferdinando-malore-per-klaus-davi-sul-lungomare\/#breadcrumb\",\"itemListElement\":[{\"@type\":\"ListItem\",\"position\":1,\"name\":\"Home\",\"item\":\"https:\/\/progettotouring.it\/radiotouring104\/\"},{\"@type\":\"ListItem\",\"position\":2,\"name\":\"San Ferdinando: malore per Klaus Davi sul Lungomare\"}]},{\"@type\":\"WebSite\",\"@id\":\"https:\/\/progettotouring.it\/radiotouring104\/#website\",\"url\":\"https:\/\/progettotouring.it\/radiotouring104\/\",\"name\":\"Radio Touring 104\",\"description\":\"La prima radio Reggina\",\"publisher\":{\"@id\":\"https:\/\/progettotouring.it\/radiotouring104\/#organization\"},\"potentialAction\":[{\"@type\":\"SearchAction\",\"target\":{\"@type\":\"EntryPoint\",\"urlTemplate\":\"https:\/\/progettotouring.it\/radiotouring104\/?s={search_term_string}\"},\"query-input\":{\"@type\":\"PropertyValueSpecification\",\"valueRequired\":true,\"valueName\":\"search_term_string\"}}],\"inLanguage\":\"it-IT\"},{\"@type\":\"Organization\",\"@id\":\"https:\/\/progettotouring.it\/radiotouring104\/#organization\",\"name\":\"Radio Touring 104\",\"url\":\"https:\/\/progettotouring.it\/radiotouring104\/\",\"logo\":{\"@type\":\"ImageObject\",\"inLanguage\":\"it-IT\",\"@id\":\"https:\/\/progettotouring.it\/radiotouring104\/#\/schema\/logo\/image\/\",\"url\":\"https:\/\/progettotouring.it\/radiotouring104\/wp-content\/uploads\/sites\/6\/2022\/02\/cropped-logo-radio-touring-104.png\",\"contentUrl\":\"https:\/\/progettotouring.it\/radiotouring104\/wp-content\/uploads\/sites\/6\/2022\/02\/cropped-logo-radio-touring-104.png\",\"width\":377,\"height\":182,\"caption\":\"Radio Touring 104\"},\"image\":{\"@id\":\"https:\/\/progettotouring.it\/radiotouring104\/#\/schema\/logo\/image\/\"}},{\"@type\":\"Person\",\"@id\":\"https:\/\/progettotouring.it\/radiotouring104\/#\/schema\/person\/78613917f1851f041f7483f5af1d422e\",\"name\":\"Sebastiano Plutino\",\"image\":{\"@type\":\"ImageObject\",\"inLanguage\":\"it-IT\",\"@id\":\"https:\/\/secure.gravatar.com\/avatar\/0546ffaa9b79224faf9f2a156b67a529ae861d3287c66c1d8ccfdf909bcba78d?s=96&d=mm&r=g\",\"url\":\"https:\/\/secure.gravatar.com\/avatar\/0546ffaa9b79224faf9f2a156b67a529ae861d3287c66c1d8ccfdf909bcba78d?s=96&d=mm&r=g\",\"contentUrl\":\"https:\/\/secure.gravatar.com\/avatar\/0546ffaa9b79224faf9f2a156b67a529ae861d3287c66c1d8ccfdf909bcba78d?s=96&d=mm&r=g\",\"caption\":\"Sebastiano Plutino\"},\"url\":\"https:\/\/progettotouring.it\/radiotouring104\/author\/sebastiano\/\"}]}<\/script>\n<!-- \/ Yoast SEO plugin. -->","yoast_head_json":{"title":"San Ferdinando: malore per Klaus Davi sul Lungomare","description":"Il massmediologo, ieri mattina, si \u00e8 sentito male sul lungomare. Ricoverato all'ospedale di Polistena, non \u00e8 in pericolo di vita","robots":{"index":"index","follow":"follow","max-snippet":"max-snippet:-1","max-image-preview":"max-image-preview:large","max-video-preview":"max-video-preview:-1"},"canonical":"https:\/\/progettotouring.it\/radiotouring104\/2025\/05\/12\/san-ferdinando-malore-per-klaus-davi-sul-lungomare\/","og_locale":"it_IT","og_type":"article","og_title":"San Ferdinando: malore per Klaus Davi sul Lungomare","og_description":"Il massmediologo, ieri mattina, si \u00e8 sentito male sul lungomare. Ricoverato all'ospedale di Polistena, non \u00e8 in pericolo di vita","og_url":"https:\/\/progettotouring.it\/radiotouring104\/2025\/05\/12\/san-ferdinando-malore-per-klaus-davi-sul-lungomare\/","og_site_name":"Radio Touring 104","article_published_time":"2025-05-12T08:14:38+00:00","article_modified_time":"2025-05-12T08:15:40+00:00","og_image":[{"width":1024,"height":683,"url":"https:\/\/progettotouring.it\/radiotouring104\/wp-content\/uploads\/sites\/6\/2025\/05\/Klaus_Davi.jpg","type":"image\/jpeg"}],"author":"Sebastiano Plutino","twitter_card":"summary_large_image","twitter_misc":{"Scritto da":"Sebastiano Plutino"},"schema":{"@context":"https:\/\/schema.org","@graph":[{"@type":"Article","@id":"https:\/\/progettotouring.it\/radiotouring104\/2025\/05\/12\/san-ferdinando-malore-per-klaus-davi-sul-lungomare\/#article","isPartOf":{"@id":"https:\/\/progettotouring.it\/radiotouring104\/2025\/05\/12\/san-ferdinando-malore-per-klaus-davi-sul-lungomare\/"},"author":{"name":"Sebastiano Plutino","@id":"https:\/\/progettotouring.it\/radiotouring104\/#\/schema\/person\/78613917f1851f041f7483f5af1d422e"},"headline":"San Ferdinando: malore per Klaus Davi sul Lungomare","datePublished":"2025-05-12T08:14:38+00:00","dateModified":"2025-05-12T08:15:40+00:00","mainEntityOfPage":{"@id":"https:\/\/progettotouring.it\/radiotouring104\/2025\/05\/12\/san-ferdinando-malore-per-klaus-davi-sul-lungomare\/"},"wordCount":73,"publisher":{"@id":"https:\/\/progettotouring.it\/radiotouring104\/#organization"},"image":{"@id":"https:\/\/progettotouring.it\/radiotouring104\/2025\/05\/12\/san-ferdinando-malore-per-klaus-davi-sul-lungomare\/#primaryimage"},"thumbnailUrl":"https:\/\/progettotouring.it\/radiotouring104\/wp-content\/uploads\/sites\/6\/2025\/05\/Klaus_Davi.jpg","keywords":["klaus davi","lungomare San Ferdinando","malore","Ospedale di Polistena"],"articleSection":["Home","News","Reggio Calabria"],"inLanguage":"it-IT"},{"@type":"WebPage","@id":"https:\/\/progettotouring.it\/radiotouring104\/2025\/05\/12\/san-ferdinando-malore-per-klaus-davi-sul-lungomare\/","url":"https:\/\/progettotouring.it\/radiotouring104\/2025\/05\/12\/san-ferdinando-malore-per-klaus-davi-sul-lungomare\/","name":"San Ferdinando: malore per Klaus Davi sul Lungomare","isPartOf":{"@id":"https:\/\/progettotouring.it\/radiotouring104\/#website"},"primaryImageOfPage":{"@id":"https:\/\/progettotouring.it\/radiotouring104\/2025\/05\/12\/san-ferdinando-malore-per-klaus-davi-sul-lungomare\/#primaryimage"},"image":{"@id":"https:\/\/progettotouring.it\/radiotouring104\/2025\/05\/12\/san-ferdinando-malore-per-klaus-davi-sul-lungomare\/#primaryimage"},"thumbnailUrl":"https:\/\/progettotouring.it\/radiotouring104\/wp-content\/uploads\/sites\/6\/2025\/05\/Klaus_Davi.jpg","datePublished":"2025-05-12T08:14:38+00:00","dateModified":"2025-05-12T08:15:40+00:00","description":"Il massmediologo, ieri mattina, si \u00e8 sentito male sul lungomare. Ricoverato all'ospedale di Polistena, non \u00e8 in pericolo di vita","breadcrumb":{"@id":"https:\/\/progettotouring.it\/radiotouring104\/2025\/05\/12\/san-ferdinando-malore-per-klaus-davi-sul-lungomare\/#breadcrumb"},"inLanguage":"it-IT","potentialAction":[{"@type":"ReadAction","target":["https:\/\/progettotouring.it\/radiotouring104\/2025\/05\/12\/san-ferdinando-malore-per-klaus-davi-sul-lungomare\/"]}]},{"@type":"ImageObject","inLanguage":"it-IT","@id":"https:\/\/progettotouring.it\/radiotouring104\/2025\/05\/12\/san-ferdinando-malore-per-klaus-davi-sul-lungomare\/#primaryimage","url":"https:\/\/progettotouring.it\/radiotouring104\/wp-content\/uploads\/sites\/6\/2025\/05\/Klaus_Davi.jpg","contentUrl":"https:\/\/progettotouring.it\/radiotouring104\/wp-content\/uploads\/sites\/6\/2025\/05\/Klaus_Davi.jpg","width":1024,"height":683},{"@type":"BreadcrumbList","@id":"https:\/\/progettotouring.it\/radiotouring104\/2025\/05\/12\/san-ferdinando-malore-per-klaus-davi-sul-lungomare\/#breadcrumb","itemListElement":[{"@type":"ListItem","position":1,"name":"Home","item":"https:\/\/progettotouring.it\/radiotouring104\/"},{"@type":"ListItem","position":2,"name":"San Ferdinando: malore per Klaus Davi sul Lungomare"}]},{"@type":"WebSite","@id":"https:\/\/progettotouring.it\/radiotouring104\/#website","url":"https:\/\/progettotouring.it\/radiotouring104\/","name":"Radio Touring 104","description":"La prima radio Reggina","publisher":{"@id":"https:\/\/progettotouring.it\/radiotouring104\/#organization"},"potentialAction":[{"@type":"SearchAction","target":{"@type":"EntryPoint","urlTemplate":"https:\/\/progettotouring.it\/radiotouring104\/?s={search_term_string}"},"query-input":{"@type":"PropertyValueSpecification","valueRequired":true,"valueName":"search_term_string"}}],"inLanguage":"it-IT"},{"@type":"Organization","@id":"https:\/\/progettotouring.it\/radiotouring104\/#organization","name":"Radio Touring 104","url":"https:\/\/progettotouring.it\/radiotouring104\/","logo":{"@type":"ImageObject","inLanguage":"it-IT","@id":"https:\/\/progettotouring.it\/radiotouring104\/#\/schema\/logo\/image\/","url":"https:\/\/progettotouring.it\/radiotouring104\/wp-content\/uploads\/sites\/6\/2022\/02\/cropped-logo-radio-touring-104.png","contentUrl":"https:\/\/progettotouring.it\/radiotouring104\/wp-content\/uploads\/sites\/6\/2022\/02\/cropped-logo-radio-touring-104.png","width":377,"height":182,"caption":"Radio Touring 104"},"image":{"@id":"https:\/\/progettotouring.it\/radiotouring104\/#\/schema\/logo\/image\/"}},{"@type":"Person","@id":"https:\/\/progettotouring.it\/radiotouring104\/#\/schema\/person\/78613917f1851f041f7483f5af1d422e","name":"Sebastiano Plutino","image":{"@type":"ImageObject","inLanguage":"it-IT","@id":"https:\/\/secure.gravatar.com\/avatar\/0546ffaa9b79224faf9f2a156b67a529ae861d3287c66c1d8ccfdf909bcba78d?s=96&d=mm&r=g","url":"https:\/\/secure.gravatar.com\/avatar\/0546ffaa9b79224faf9f2a156b67a529ae861d3287c66c1d8ccfdf909bcba78d?s=96&d=mm&r=g","contentUrl":"https:\/\/secure.gravatar.com\/avatar\/0546ffaa9b79224faf9f2a156b67a529ae861d3287c66c1d8ccfdf909bcba78d?s=96&d=mm&r=g","caption":"Sebastiano Plutino"},"url":"https:\/\/progettotouring.it\/radiotouring104\/author\/sebastiano\/"}]}},"jetpack_publicize_connections":[],"jetpack_featured_media_url":"https:\/\/progettotouring.it\/radiotouring104\/wp-content\/uploads\/sites\/6\/2025\/05\/Klaus_Davi.jpg","jetpack_sharing_enabled":true,"_links":{"self":[{"href":"https:\/\/progettotouring.it\/radiotouring104\/wp-json\/wp\/v2\/posts\/73383","targetHints":{"allow":["GET"]}}],"collection":[{"href":"https:\/\/progettotouring.it\/radiotouring104\/wp-json\/wp\/v2\/posts"}],"about":[{"href":"https:\/\/progettotouring.it\/radiotouring104\/wp-json\/wp\/v2\/types\/post"}],"author":[{"embeddable":true,"href":"https:\/\/progettotouring.it\/radiotouring104\/wp-json\/wp\/v2\/users\/12"}],"replies":[{"embeddable":true,"href":"https:\/\/progettotouring.it\/radiotouring104\/wp-json\/wp\/v2\/comments?post=73383"}],"version-history":[{"count":1,"href":"https:\/\/progettotouring.it\/radiotouring104\/wp-json\/wp\/v2\/posts\/73383\/revisions"}],"predecessor-version":[{"id":73385,"href":"https:\/\/progettotouring.it\/radiotouring104\/wp-json\/wp\/v2\/posts\/73383\/revisions\/73385"}],"wp:featuredmedia":[{"embeddable":true,"href":"https:\/\/progettotouring.it\/radiotouring104\/wp-json\/wp\/v2\/media\/73384"}],"wp:attachment":[{"href":"https:\/\/progettotouring.it\/radiotouring104\/wp-json\/wp\/v2\/media?parent=73383"}],"wp:term":[{"taxonomy":"category","embeddable":true,"href":"https:\/\/progettotouring.it\/radiotouring104\/wp-json\/wp\/v2\/categories?post=73383"},{"taxonomy":"post_tag","embeddable":true,"href":"https:\/\/progettotouring.it\/radiotouring104\/wp-json\/wp\/v2\/tags?post=73383"}],"curies":[{"name":"wp","href":"https:\/\/api.w.org\/{rel}","templated":true}]}}