{"id":7339,"date":"2022-06-28T12:28:46","date_gmt":"2022-06-28T10:28:46","guid":{"rendered":"https:\/\/progettotouring.it\/radiotouring104\/?p=7339"},"modified":"2022-06-28T13:04:37","modified_gmt":"2022-06-28T11:04:37","slug":"ampi-consensi-per-la-funivia-di-pentimele","status":"publish","type":"post","link":"https:\/\/progettotouring.it\/radiotouring104\/2022\/06\/28\/ampi-consensi-per-la-funivia-di-pentimele\/","title":{"rendered":"Ampi consensi per la funivia di Pentimele"},"content":{"rendered":"<p class=\"xmprfx_MsoNormal\" style=\"text-align: justify\">Ha suscitato ampi consensi la proposta dei professori Pasquale Amato (Universit\u00e0 per Stranieri\u00a0 RC) e Domenico Gattuso.(Universit\u00e0 Mediterranea RC) &#8211; con il contributo dell&#8217;ing. Mario Vigna &#8211; della Funivia di Pentimele. L&#8217;appuntamento nell&#8217;Universit\u00e0 per Stranieri di Reggio Calabria \u00e8 andato molto meglio delle pi\u00f9 rosee previsioni degli organizzatori. Vi ha partecipato un pubblico motivato che ha evidenziato con interventi qualificati un vivo interesse per l&#8217;iniziativa. \u00c8 stato particolarmente gradito l&#8217;invito a pensare in grande, come avvenne dopo\u00a0 tanti disastri nella storia plurimillenaria della citt\u00e0.<\/p>\n<p class=\"xmprfx_MsoNormal\" style=\"text-align: justify\">\u00a0\u00a0\u00a0\u00a0 Il\u00a0 prof. Amato ha introdotto l\u2019incontro esponendo l\u2019attrazione della Collina di Pentimele come luogo del mito e della memoria. Il nome stesso \u00e8 ricco di fascino: Pentimele significa in greco \u201ccinque canti\u201d ed \u00e8 connesso alla leggenda che narra di una donna che partor\u00ec cinque bellissime gemelle. Si sposarono con cinque gemelli e, per essere riconosciute dai rispettivi consorti, ciascuna di loro intonava al tramonto un canto diverso. La funivia consentirebbe inoltre di far godere al mondo lo spettacolo impareggiabile della citt\u00e0 e dello Stretto di Scilla e Cariddi, uno dei panorami pi\u00f9 belli del mondo. In un solo colpo d&#8217;occhio si pu\u00f2 ammirare la citt\u00e0 adagiata sulle estreme falde dell&#8217;Aspromonte assieme alla costa siciliana con i Peloritani e il massiccio dell&#8217;Etna eternamente fumante in fondo. Il Fortino di recente restaurato potrebbe essere altres\u00ec finalmente valorizzato assieme alla Statua e alla colonna dedicate a San Paolo, che da Reggio nel 61 dC diede l\u2019avvio alla diffusione del Cristianesimo in Italia e in Europa.<\/p>\n<p class=\"xmprfx_MsoNormal\" style=\"text-align: justify\">\u00a0\u00a0\u00a0 E\u2019 stata poi la volta del prof. Gattuso. Ha illustrato in maniera brillante e dettagliata \u2013 con l\u2019ausilio di slides \u2013 l\u2019intero progetto della funivia dal punto di vista ingegneristico, i costi che potrebbe comportare la sua realizzazione, le varie ipotesi di gestione con i possibili ricavi, i costi di manutenzione e le potenziali ricadute sul piano turistico con la creazione di servizi e la riforestazione della collina nella sua parte alta. Concludendo la sua ampia e precisa dissertazione, ha aggiunto anche alcune puntuali risposte alle perplessit\u00e0 di coloro che si sono lasciati andare a pregiudiziali commenti critici e a confronti inopportuni (come quello riferito al caso del Tapis Roulant)\u00a0 senza aver prima conosciuto i contenuti dell\u2019idea-progetto.<\/p>\n<p class=\"xmprfx_MsoNormal\" style=\"text-align: justify\">\u00a0\u00a0\u00a0 L\u2019ing. Vigna \u2013 esperto nella gestione di impianti a fune &#8211;\u00a0 ha approfondito alcuni aspetti di carattere tecnico e chiarito alcuni elementi gestionali sulla base della sua esperienza ultraventennale come Direttore di questo genere di impianti.<\/p>\n<p class=\"xmprfx_MsoNormal\" style=\"text-align: justify\">\u00a0\u00a0\u00a0 Il dibattito \u00e8 stato vivace e ricco di spunti costruttivi con gli interventi puntuali a qualificati dell&#8217;ex-Rettore dell\u2019Universit\u00e0 per Stranieri prof. Salvatore Berling\u00f2, dell&#8217;avv. Giuseppe Franco, dell&#8217;ing. Francesco Costantino e della dott.ssa Susanna Quattrone.<\/p>\n<p class=\"xmprfx_MsoNormal\" style=\"text-align: justify\">\u00a0\u00a0\u00a0 Concludendo, i professori Amato e Gattuso hanno ringraziato per la positiva accoglienza dell\u2019idea e per il messaggio che hanno voluto lanciare di riprendere a pensare in grande e alzare il livello delle prospettive per il futuro.<\/p>\n<p class=\"xmprfx_MsoNormal\" style=\"text-align: justify\">\u00a0\u00a0\u00a0 Allo scopo di chiarire meglio i contenuti dell\u2019Idea-progetto Amato e Gattuso chiederanno di illustrarlo ai massimi Enti reggini e nei prossimi giorni renderanno pubblica la presentazione in slides delll\u2019Idea-progetto per informare l\u2019intera\u00a0 cittadinanza reggina.<\/p>\n","protected":false},"excerpt":{"rendered":"<p>Ha suscitato ampi consensi la proposta dei professori Pasquale Amato (Universit\u00e0 per Stranieri\u00a0 RC) e Domenico Gattuso.(Universit\u00e0 Mediterranea RC) &#8211; con il contributo dell&#8217;ing. Mario Vigna &#8211; della Funivia di&hellip;<\/p>\n","protected":false},"author":10,"featured_media":7343,"comment_status":"open","ping_status":"open","sticky":false,"template":"","format":"standard","meta":{"_jetpack_memberships_contains_paid_content":false,"footnotes":"","jetpack_publicize_message":"","jetpack_publicize_feature_enabled":true,"jetpack_social_post_already_shared":false,"jetpack_social_options":{"image_generator_settings":{"template":"highway","default_image_id":0,"font":"","enabled":false},"version":2}},"categories":[921,196,140],"tags":[3218,3221,2957,3219,3101,1389,236,3220,3222],"class_list":["post-7339","post","type-post","status-publish","format-standard","has-post-thumbnail","hentry","category-home","category-news","category-reggio-calabria","tag-domenico-gattuso","tag-francesco-costantino","tag-giuseppe-franco","tag-mario-vigna","tag-pasquale-amato","tag-pentimele","tag-reggio-calabria","tag-salvatore-berlingo","tag-susanna-quattrone"],"yoast_head":"<!-- This site is optimized with the Yoast SEO plugin v27.2 - https:\/\/yoast.com\/product\/yoast-seo-wordpress\/ -->\n<title>Ampi consensi per la funivia di Pentimele<\/title>\n<meta name=\"description\" content=\"Ha suscitato ampi consensi la proposta dei professori Pasquale Amato (Universit\u00e0 per Stranieri RC) e Domenico Gattuso (Universit\u00e0 Mediterranea RC) con il contributo dell&#039;ing. Mario Vigna della Funivia di Pentimele\" \/>\n<meta name=\"robots\" content=\"index, follow, max-snippet:-1, max-image-preview:large, max-video-preview:-1\" \/>\n<link rel=\"canonical\" href=\"https:\/\/progettotouring.it\/radiotouring104\/2022\/06\/28\/ampi-consensi-per-la-funivia-di-pentimele\/\" \/>\n<meta property=\"og:locale\" content=\"it_IT\" \/>\n<meta property=\"og:type\" content=\"article\" \/>\n<meta property=\"og:title\" content=\"Ampi consensi per la funivia di Pentimele\" \/>\n<meta property=\"og:description\" content=\"Ha suscitato ampi consensi la proposta dei professori Pasquale Amato (Universit\u00e0 per Stranieri RC) e Domenico Gattuso (Universit\u00e0 Mediterranea RC) con il contributo dell&#039;ing. Mario Vigna della Funivia di Pentimele\" \/>\n<meta property=\"og:url\" content=\"https:\/\/progettotouring.it\/radiotouring104\/2022\/06\/28\/ampi-consensi-per-la-funivia-di-pentimele\/\" \/>\n<meta property=\"og:site_name\" content=\"Radio Touring 104\" \/>\n<meta property=\"article:published_time\" content=\"2022-06-28T10:28:46+00:00\" \/>\n<meta property=\"article:modified_time\" content=\"2022-06-28T11:04:37+00:00\" \/>\n<meta property=\"og:image\" content=\"https:\/\/progettotouring.it\/radiotouring104\/wp-content\/uploads\/sites\/6\/2022\/06\/funivia-pentimele-1.jpg\" \/>\n\t<meta property=\"og:image:width\" content=\"800\" \/>\n\t<meta property=\"og:image:height\" content=\"573\" \/>\n\t<meta property=\"og:image:type\" content=\"image\/jpeg\" \/>\n<meta name=\"author\" content=\"Paolo Frascati\" \/>\n<meta name=\"twitter:card\" content=\"summary_large_image\" \/>\n<meta name=\"twitter:label1\" content=\"Scritto da\" \/>\n\t<meta name=\"twitter:data1\" content=\"Paolo Frascati\" \/>\n\t<meta name=\"twitter:label2\" content=\"Tempo di lettura stimato\" \/>\n\t<meta name=\"twitter:data2\" content=\"3 minuti\" \/>\n<script type=\"application\/ld+json\" class=\"yoast-schema-graph\">{\"@context\":\"https:\/\/schema.org\",\"@graph\":[{\"@type\":\"Article\",\"@id\":\"https:\/\/progettotouring.it\/radiotouring104\/2022\/06\/28\/ampi-consensi-per-la-funivia-di-pentimele\/#article\",\"isPartOf\":{\"@id\":\"https:\/\/progettotouring.it\/radiotouring104\/2022\/06\/28\/ampi-consensi-per-la-funivia-di-pentimele\/\"},\"author\":{\"name\":\"Paolo Frascati\",\"@id\":\"https:\/\/progettotouring.it\/radiotouring104\/#\/schema\/person\/f0ca1b839e26c1b921f796a3458a8574\"},\"headline\":\"Ampi consensi per la funivia di Pentimele\",\"datePublished\":\"2022-06-28T10:28:46+00:00\",\"dateModified\":\"2022-06-28T11:04:37+00:00\",\"mainEntityOfPage\":{\"@id\":\"https:\/\/progettotouring.it\/radiotouring104\/2022\/06\/28\/ampi-consensi-per-la-funivia-di-pentimele\/\"},\"wordCount\":516,\"commentCount\":0,\"publisher\":{\"@id\":\"https:\/\/progettotouring.it\/radiotouring104\/#organization\"},\"image\":{\"@id\":\"https:\/\/progettotouring.it\/radiotouring104\/2022\/06\/28\/ampi-consensi-per-la-funivia-di-pentimele\/#primaryimage\"},\"thumbnailUrl\":\"https:\/\/progettotouring.it\/radiotouring104\/wp-content\/uploads\/sites\/6\/2022\/06\/funivia-pentimele-1.jpg\",\"keywords\":[\"Domenico Gattuso\",\"Francesco Costantino\",\"Giuseppe Franco\",\"Mario Vigna\",\"Pasquale Amato\",\"pentimele\",\"reggio calabria\",\"Salvatore Berling\u00f2\",\"Susanna Quattrone\"],\"articleSection\":[\"Home\",\"News\",\"Reggio Calabria\"],\"inLanguage\":\"it-IT\",\"potentialAction\":[{\"@type\":\"CommentAction\",\"name\":\"Comment\",\"target\":[\"https:\/\/progettotouring.it\/radiotouring104\/2022\/06\/28\/ampi-consensi-per-la-funivia-di-pentimele\/#respond\"]}]},{\"@type\":\"WebPage\",\"@id\":\"https:\/\/progettotouring.it\/radiotouring104\/2022\/06\/28\/ampi-consensi-per-la-funivia-di-pentimele\/\",\"url\":\"https:\/\/progettotouring.it\/radiotouring104\/2022\/06\/28\/ampi-consensi-per-la-funivia-di-pentimele\/\",\"name\":\"Ampi consensi per la funivia di Pentimele\",\"isPartOf\":{\"@id\":\"https:\/\/progettotouring.it\/radiotouring104\/#website\"},\"primaryImageOfPage\":{\"@id\":\"https:\/\/progettotouring.it\/radiotouring104\/2022\/06\/28\/ampi-consensi-per-la-funivia-di-pentimele\/#primaryimage\"},\"image\":{\"@id\":\"https:\/\/progettotouring.it\/radiotouring104\/2022\/06\/28\/ampi-consensi-per-la-funivia-di-pentimele\/#primaryimage\"},\"thumbnailUrl\":\"https:\/\/progettotouring.it\/radiotouring104\/wp-content\/uploads\/sites\/6\/2022\/06\/funivia-pentimele-1.jpg\",\"datePublished\":\"2022-06-28T10:28:46+00:00\",\"dateModified\":\"2022-06-28T11:04:37+00:00\",\"description\":\"Ha suscitato ampi consensi la proposta dei professori Pasquale Amato (Universit\u00e0 per Stranieri RC) e Domenico Gattuso (Universit\u00e0 Mediterranea RC) con il contributo dell'ing. Mario Vigna della Funivia di Pentimele\",\"breadcrumb\":{\"@id\":\"https:\/\/progettotouring.it\/radiotouring104\/2022\/06\/28\/ampi-consensi-per-la-funivia-di-pentimele\/#breadcrumb\"},\"inLanguage\":\"it-IT\",\"potentialAction\":[{\"@type\":\"ReadAction\",\"target\":[\"https:\/\/progettotouring.it\/radiotouring104\/2022\/06\/28\/ampi-consensi-per-la-funivia-di-pentimele\/\"]}]},{\"@type\":\"ImageObject\",\"inLanguage\":\"it-IT\",\"@id\":\"https:\/\/progettotouring.it\/radiotouring104\/2022\/06\/28\/ampi-consensi-per-la-funivia-di-pentimele\/#primaryimage\",\"url\":\"https:\/\/progettotouring.it\/radiotouring104\/wp-content\/uploads\/sites\/6\/2022\/06\/funivia-pentimele-1.jpg\",\"contentUrl\":\"https:\/\/progettotouring.it\/radiotouring104\/wp-content\/uploads\/sites\/6\/2022\/06\/funivia-pentimele-1.jpg\",\"width\":800,\"height\":573},{\"@type\":\"BreadcrumbList\",\"@id\":\"https:\/\/progettotouring.it\/radiotouring104\/2022\/06\/28\/ampi-consensi-per-la-funivia-di-pentimele\/#breadcrumb\",\"itemListElement\":[{\"@type\":\"ListItem\",\"position\":1,\"name\":\"Home\",\"item\":\"https:\/\/progettotouring.it\/radiotouring104\/\"},{\"@type\":\"ListItem\",\"position\":2,\"name\":\"Ampi consensi per la funivia di Pentimele\"}]},{\"@type\":\"WebSite\",\"@id\":\"https:\/\/progettotouring.it\/radiotouring104\/#website\",\"url\":\"https:\/\/progettotouring.it\/radiotouring104\/\",\"name\":\"Radio Touring 104\",\"description\":\"La prima radio Reggina\",\"publisher\":{\"@id\":\"https:\/\/progettotouring.it\/radiotouring104\/#organization\"},\"potentialAction\":[{\"@type\":\"SearchAction\",\"target\":{\"@type\":\"EntryPoint\",\"urlTemplate\":\"https:\/\/progettotouring.it\/radiotouring104\/?s={search_term_string}\"},\"query-input\":{\"@type\":\"PropertyValueSpecification\",\"valueRequired\":true,\"valueName\":\"search_term_string\"}}],\"inLanguage\":\"it-IT\"},{\"@type\":\"Organization\",\"@id\":\"https:\/\/progettotouring.it\/radiotouring104\/#organization\",\"name\":\"Radio Touring 104\",\"url\":\"https:\/\/progettotouring.it\/radiotouring104\/\",\"logo\":{\"@type\":\"ImageObject\",\"inLanguage\":\"it-IT\",\"@id\":\"https:\/\/progettotouring.it\/radiotouring104\/#\/schema\/logo\/image\/\",\"url\":\"https:\/\/progettotouring.it\/radiotouring104\/wp-content\/uploads\/sites\/6\/2022\/02\/cropped-logo-radio-touring-104.png\",\"contentUrl\":\"https:\/\/progettotouring.it\/radiotouring104\/wp-content\/uploads\/sites\/6\/2022\/02\/cropped-logo-radio-touring-104.png\",\"width\":377,\"height\":182,\"caption\":\"Radio Touring 104\"},\"image\":{\"@id\":\"https:\/\/progettotouring.it\/radiotouring104\/#\/schema\/logo\/image\/\"}},{\"@type\":\"Person\",\"@id\":\"https:\/\/progettotouring.it\/radiotouring104\/#\/schema\/person\/f0ca1b839e26c1b921f796a3458a8574\",\"name\":\"Paolo Frascati\",\"image\":{\"@type\":\"ImageObject\",\"inLanguage\":\"it-IT\",\"@id\":\"https:\/\/secure.gravatar.com\/avatar\/acad0e44d6a6c69de2c2c1bf6aba094792ac51f1833e9c8a3760ba270d70b909?s=96&d=mm&r=g\",\"url\":\"https:\/\/secure.gravatar.com\/avatar\/acad0e44d6a6c69de2c2c1bf6aba094792ac51f1833e9c8a3760ba270d70b909?s=96&d=mm&r=g\",\"contentUrl\":\"https:\/\/secure.gravatar.com\/avatar\/acad0e44d6a6c69de2c2c1bf6aba094792ac51f1833e9c8a3760ba270d70b909?s=96&d=mm&r=g\",\"caption\":\"Paolo Frascati\"},\"url\":\"https:\/\/progettotouring.it\/radiotouring104\/author\/paolofrascati\/\"}]}<\/script>\n<!-- \/ Yoast SEO plugin. -->","yoast_head_json":{"title":"Ampi consensi per la funivia di Pentimele","description":"Ha suscitato ampi consensi la proposta dei professori Pasquale Amato (Universit\u00e0 per Stranieri RC) e Domenico Gattuso (Universit\u00e0 Mediterranea RC) con il contributo dell'ing. Mario Vigna della Funivia di Pentimele","robots":{"index":"index","follow":"follow","max-snippet":"max-snippet:-1","max-image-preview":"max-image-preview:large","max-video-preview":"max-video-preview:-1"},"canonical":"https:\/\/progettotouring.it\/radiotouring104\/2022\/06\/28\/ampi-consensi-per-la-funivia-di-pentimele\/","og_locale":"it_IT","og_type":"article","og_title":"Ampi consensi per la funivia di Pentimele","og_description":"Ha suscitato ampi consensi la proposta dei professori Pasquale Amato (Universit\u00e0 per Stranieri RC) e Domenico Gattuso (Universit\u00e0 Mediterranea RC) con il contributo dell'ing. Mario Vigna della Funivia di Pentimele","og_url":"https:\/\/progettotouring.it\/radiotouring104\/2022\/06\/28\/ampi-consensi-per-la-funivia-di-pentimele\/","og_site_name":"Radio Touring 104","article_published_time":"2022-06-28T10:28:46+00:00","article_modified_time":"2022-06-28T11:04:37+00:00","og_image":[{"width":800,"height":573,"url":"https:\/\/progettotouring.it\/radiotouring104\/wp-content\/uploads\/sites\/6\/2022\/06\/funivia-pentimele-1.jpg","type":"image\/jpeg"}],"author":"Paolo Frascati","twitter_card":"summary_large_image","twitter_misc":{"Scritto da":"Paolo Frascati","Tempo di lettura stimato":"3 minuti"},"schema":{"@context":"https:\/\/schema.org","@graph":[{"@type":"Article","@id":"https:\/\/progettotouring.it\/radiotouring104\/2022\/06\/28\/ampi-consensi-per-la-funivia-di-pentimele\/#article","isPartOf":{"@id":"https:\/\/progettotouring.it\/radiotouring104\/2022\/06\/28\/ampi-consensi-per-la-funivia-di-pentimele\/"},"author":{"name":"Paolo Frascati","@id":"https:\/\/progettotouring.it\/radiotouring104\/#\/schema\/person\/f0ca1b839e26c1b921f796a3458a8574"},"headline":"Ampi consensi per la funivia di Pentimele","datePublished":"2022-06-28T10:28:46+00:00","dateModified":"2022-06-28T11:04:37+00:00","mainEntityOfPage":{"@id":"https:\/\/progettotouring.it\/radiotouring104\/2022\/06\/28\/ampi-consensi-per-la-funivia-di-pentimele\/"},"wordCount":516,"commentCount":0,"publisher":{"@id":"https:\/\/progettotouring.it\/radiotouring104\/#organization"},"image":{"@id":"https:\/\/progettotouring.it\/radiotouring104\/2022\/06\/28\/ampi-consensi-per-la-funivia-di-pentimele\/#primaryimage"},"thumbnailUrl":"https:\/\/progettotouring.it\/radiotouring104\/wp-content\/uploads\/sites\/6\/2022\/06\/funivia-pentimele-1.jpg","keywords":["Domenico Gattuso","Francesco Costantino","Giuseppe Franco","Mario Vigna","Pasquale Amato","pentimele","reggio calabria","Salvatore Berling\u00f2","Susanna Quattrone"],"articleSection":["Home","News","Reggio Calabria"],"inLanguage":"it-IT","potentialAction":[{"@type":"CommentAction","name":"Comment","target":["https:\/\/progettotouring.it\/radiotouring104\/2022\/06\/28\/ampi-consensi-per-la-funivia-di-pentimele\/#respond"]}]},{"@type":"WebPage","@id":"https:\/\/progettotouring.it\/radiotouring104\/2022\/06\/28\/ampi-consensi-per-la-funivia-di-pentimele\/","url":"https:\/\/progettotouring.it\/radiotouring104\/2022\/06\/28\/ampi-consensi-per-la-funivia-di-pentimele\/","name":"Ampi consensi per la funivia di Pentimele","isPartOf":{"@id":"https:\/\/progettotouring.it\/radiotouring104\/#website"},"primaryImageOfPage":{"@id":"https:\/\/progettotouring.it\/radiotouring104\/2022\/06\/28\/ampi-consensi-per-la-funivia-di-pentimele\/#primaryimage"},"image":{"@id":"https:\/\/progettotouring.it\/radiotouring104\/2022\/06\/28\/ampi-consensi-per-la-funivia-di-pentimele\/#primaryimage"},"thumbnailUrl":"https:\/\/progettotouring.it\/radiotouring104\/wp-content\/uploads\/sites\/6\/2022\/06\/funivia-pentimele-1.jpg","datePublished":"2022-06-28T10:28:46+00:00","dateModified":"2022-06-28T11:04:37+00:00","description":"Ha suscitato ampi consensi la proposta dei professori Pasquale Amato (Universit\u00e0 per Stranieri RC) e Domenico Gattuso (Universit\u00e0 Mediterranea RC) con il contributo dell'ing. Mario Vigna della Funivia di Pentimele","breadcrumb":{"@id":"https:\/\/progettotouring.it\/radiotouring104\/2022\/06\/28\/ampi-consensi-per-la-funivia-di-pentimele\/#breadcrumb"},"inLanguage":"it-IT","potentialAction":[{"@type":"ReadAction","target":["https:\/\/progettotouring.it\/radiotouring104\/2022\/06\/28\/ampi-consensi-per-la-funivia-di-pentimele\/"]}]},{"@type":"ImageObject","inLanguage":"it-IT","@id":"https:\/\/progettotouring.it\/radiotouring104\/2022\/06\/28\/ampi-consensi-per-la-funivia-di-pentimele\/#primaryimage","url":"https:\/\/progettotouring.it\/radiotouring104\/wp-content\/uploads\/sites\/6\/2022\/06\/funivia-pentimele-1.jpg","contentUrl":"https:\/\/progettotouring.it\/radiotouring104\/wp-content\/uploads\/sites\/6\/2022\/06\/funivia-pentimele-1.jpg","width":800,"height":573},{"@type":"BreadcrumbList","@id":"https:\/\/progettotouring.it\/radiotouring104\/2022\/06\/28\/ampi-consensi-per-la-funivia-di-pentimele\/#breadcrumb","itemListElement":[{"@type":"ListItem","position":1,"name":"Home","item":"https:\/\/progettotouring.it\/radiotouring104\/"},{"@type":"ListItem","position":2,"name":"Ampi consensi per la funivia di Pentimele"}]},{"@type":"WebSite","@id":"https:\/\/progettotouring.it\/radiotouring104\/#website","url":"https:\/\/progettotouring.it\/radiotouring104\/","name":"Radio Touring 104","description":"La prima radio Reggina","publisher":{"@id":"https:\/\/progettotouring.it\/radiotouring104\/#organization"},"potentialAction":[{"@type":"SearchAction","target":{"@type":"EntryPoint","urlTemplate":"https:\/\/progettotouring.it\/radiotouring104\/?s={search_term_string}"},"query-input":{"@type":"PropertyValueSpecification","valueRequired":true,"valueName":"search_term_string"}}],"inLanguage":"it-IT"},{"@type":"Organization","@id":"https:\/\/progettotouring.it\/radiotouring104\/#organization","name":"Radio Touring 104","url":"https:\/\/progettotouring.it\/radiotouring104\/","logo":{"@type":"ImageObject","inLanguage":"it-IT","@id":"https:\/\/progettotouring.it\/radiotouring104\/#\/schema\/logo\/image\/","url":"https:\/\/progettotouring.it\/radiotouring104\/wp-content\/uploads\/sites\/6\/2022\/02\/cropped-logo-radio-touring-104.png","contentUrl":"https:\/\/progettotouring.it\/radiotouring104\/wp-content\/uploads\/sites\/6\/2022\/02\/cropped-logo-radio-touring-104.png","width":377,"height":182,"caption":"Radio Touring 104"},"image":{"@id":"https:\/\/progettotouring.it\/radiotouring104\/#\/schema\/logo\/image\/"}},{"@type":"Person","@id":"https:\/\/progettotouring.it\/radiotouring104\/#\/schema\/person\/f0ca1b839e26c1b921f796a3458a8574","name":"Paolo Frascati","image":{"@type":"ImageObject","inLanguage":"it-IT","@id":"https:\/\/secure.gravatar.com\/avatar\/acad0e44d6a6c69de2c2c1bf6aba094792ac51f1833e9c8a3760ba270d70b909?s=96&d=mm&r=g","url":"https:\/\/secure.gravatar.com\/avatar\/acad0e44d6a6c69de2c2c1bf6aba094792ac51f1833e9c8a3760ba270d70b909?s=96&d=mm&r=g","contentUrl":"https:\/\/secure.gravatar.com\/avatar\/acad0e44d6a6c69de2c2c1bf6aba094792ac51f1833e9c8a3760ba270d70b909?s=96&d=mm&r=g","caption":"Paolo Frascati"},"url":"https:\/\/progettotouring.it\/radiotouring104\/author\/paolofrascati\/"}]}},"jetpack_publicize_connections":[],"jetpack_featured_media_url":"https:\/\/progettotouring.it\/radiotouring104\/wp-content\/uploads\/sites\/6\/2022\/06\/funivia-pentimele-1.jpg","jetpack_sharing_enabled":true,"_links":{"self":[{"href":"https:\/\/progettotouring.it\/radiotouring104\/wp-json\/wp\/v2\/posts\/7339","targetHints":{"allow":["GET"]}}],"collection":[{"href":"https:\/\/progettotouring.it\/radiotouring104\/wp-json\/wp\/v2\/posts"}],"about":[{"href":"https:\/\/progettotouring.it\/radiotouring104\/wp-json\/wp\/v2\/types\/post"}],"author":[{"embeddable":true,"href":"https:\/\/progettotouring.it\/radiotouring104\/wp-json\/wp\/v2\/users\/10"}],"replies":[{"embeddable":true,"href":"https:\/\/progettotouring.it\/radiotouring104\/wp-json\/wp\/v2\/comments?post=7339"}],"version-history":[{"count":3,"href":"https:\/\/progettotouring.it\/radiotouring104\/wp-json\/wp\/v2\/posts\/7339\/revisions"}],"predecessor-version":[{"id":7345,"href":"https:\/\/progettotouring.it\/radiotouring104\/wp-json\/wp\/v2\/posts\/7339\/revisions\/7345"}],"wp:featuredmedia":[{"embeddable":true,"href":"https:\/\/progettotouring.it\/radiotouring104\/wp-json\/wp\/v2\/media\/7343"}],"wp:attachment":[{"href":"https:\/\/progettotouring.it\/radiotouring104\/wp-json\/wp\/v2\/media?parent=7339"}],"wp:term":[{"taxonomy":"category","embeddable":true,"href":"https:\/\/progettotouring.it\/radiotouring104\/wp-json\/wp\/v2\/categories?post=7339"},{"taxonomy":"post_tag","embeddable":true,"href":"https:\/\/progettotouring.it\/radiotouring104\/wp-json\/wp\/v2\/tags?post=7339"}],"curies":[{"name":"wp","href":"https:\/\/api.w.org\/{rel}","templated":true}]}}