{"id":73390,"date":"2025-05-12T10:46:05","date_gmt":"2025-05-12T08:46:05","guid":{"rendered":"https:\/\/progettotouring.it\/radiotouring104\/?p=73390"},"modified":"2025-05-12T10:46:05","modified_gmt":"2025-05-12T08:46:05","slug":"giubileo-emozionante-esperienza-di-20-pellegrini-della-parocchia-san-demetrio","status":"publish","type":"post","link":"https:\/\/progettotouring.it\/radiotouring104\/2025\/05\/12\/giubileo-emozionante-esperienza-di-20-pellegrini-della-parocchia-san-demetrio\/","title":{"rendered":"Giubileo: emozionante esperienza di 20 pellegrini della parocchia San Demetrio"},"content":{"rendered":"<p style=\"text-align: justify\">Giubileo 2025, Parrocchia San Demetrio in Mosorrofa RC, pellegrini di speranza.<\/p>\n<p style=\"text-align: justify\">20 fedeli della parrocchia San Demetrio di Mosorrofa RC coordinati dal presidente di AC Pasquale Andidero e guidati spiritualmente dal parroco don Mimmo Labella, sono partiti all\u2019alba dell\u20198 maggio alla volta di Roma. Mai avrebbero pensato a novembre 2024 quando hanno organizzato il loro Giubileo che si sarebbero ritrovati a dover andare sulla tomba di Papa Francesco e che avrebbero assistito all\u2019elezione del nuovo successore di Pietro. Una esperienza di preghiera che rester\u00e0 nella mente e nel cuore di tutti i partecipanti non solo per l\u2019elevata ricchezza spirituale vissuta ma anche per le coincidenze storiche che hanno reso possibile la loro presenza a Roma all\u2019inizio del nuovo pontificato.<\/p>\n<p style=\"text-align: justify\">Giunti a Roma in aereo il primo pensiero \u00e8 stato quello di onorare la memoria di Papa Francesco. Dopo una lunga ma ordinata fila davanti alla Basilica di Santa Maria Maggiore e l\u2019attraversamento della prima Porta Santa, l\u2019emozione di trovarsi davanti alla tomba dove riposano le spoglie di Papa Francesco \u00e8 divenuta visibile nei volti e nell\u2019atteggiamento di preghiera di tutti. Il tempo dei pochi attimi che abbiamo potuto sostare davanti a quel gigante della fede che \u00e8 stato Francesco ce lo porteremo nel cuore per lunghissimi anni, per tutta la vita.<\/p>\n<p style=\"text-align: justify\">Mentre eravamo in fila \u00e8 arrivata la notizia della seconda fumata nera. Nel pomeriggio siamo andati in visita alla Chiesa del Martirio di San Paolo all\u2019interno del Complesso abbaziale delle Tre Fontane ed al Santuario della Vergine della Rivelazione. Nel luogo dove San Paolo \u00e8 stato decapitato, erano circa le ore 18.00, ci \u00e8 giunta la notizia della fumata bianca. All\u2019enorme gioia che la sede di Pietro non era pi\u00f9 vacante si \u00e8 aggiunta una nota di lieve tristezza perch\u00e9 avendo previsto di tornare in Piazza San Pietro verso le 19.00 non abbiamo potuto assistere alla fumata bianca e al primo saluto del Papa. Mentre aspettavamo il pullman abbiamo appreso che il nome del nuovo Pontefice era Robert Francis Prevost un cardinale degli Stati Uniti d\u2019America e che aveva scelto di chiamarsi Leone XIV. Ci siamo riuniti in preghiera ringraziando lo Spirito Santo e invocandolo di assistere il nuovo Papa nel suo gravoso impegno di guidare la Chiesa.<\/p>\n<p style=\"text-align: justify\">Nella mattina successiva abbiamo visitato le Chiese Giubilari di San Salvatore in Lauro, e San Paolo alla Regola.<\/p>\n<p style=\"text-align: justify\">\u00a0Dopo un frugale pasto, trasferimento presso la Basilica di San Giovanni in Laterano dove oltre al passaggio della Porta Santa c\u2019\u00e8 stata la visita guidata del complesso Lateranense, del Chiostro medievale e degli Appartamenti Papali. Immergersi nella storia del Papato e della Chiesa mentre si stava svolgendo l\u2019insediamento del nuovo Pontefice ha assunto una valenza particolare. Il nostro pensiero correva veloce, avanti e indietro, su ci\u00f2 che era stato e su cosa sar\u00e0, e si cercava di immaginare che Chiesa ci presenter\u00e0 Papa Leone XIV, su quale strada la porter\u00e0. Sar\u00e0 in continuit\u00e0 con Francesco? che impronta dar\u00e0? Ci gratificava pensare che il suo predecessore di nome, Leone XIII, era stato il Papa della Rerum Novarum, un papa che ha indirizzato fortemente la chiesa verso il sociale, verso l\u2019umanizzazione del lavoro, lavoro al servizio dell\u2019uomo e non viceversa. Cosa che sia San Giovanni Paolo II, con la Centesimus Annum, enciclica scritta nel centenario della Rerum Novarum, che papa Francesco, in particolare con la Laudato sii e la Fratelli tutti avevano fortemente ribadito.<\/p>\n<p style=\"text-align: justify\">L\u2019ultimo giorno tutto dedicato alla Basilica di San Pietro. Saltata l\u2019Udienza Papale che era prevista ci siamo concentrati nel pellegrinaggio, simbolicamente vissuto partendo dall\u2019inizio di Via della Conciliazione e portando la croce dei pellegrini fino ad attraversare la Porta Santa.\u00a0 Pellegrinaggio vissuto concretamente attraverso la preghiera. Il Passaggio della Porta Santa \u00e8 stato molto toccante ed emozionante, eravamo l\u00ec ad attraversare il soglio della Cattedra di Pietro mentre il suo successore nella Cappella Sistina celebrava la sua prima messa con i Cardinali. Nell\u2019ultimo tratto ad attraversare la Porta ci ha condotto, stringendo tra le sue mani la croce, il nostro assistente don Mimmo Labella. Il pellegrinaggio si \u00e8 concluso con la preghiera davanti alla tomba di Pietro. Ma \u00e8 continuato con le preghiere sopra le tombe degli ultimi pontefici Giovanni XXIII, Paolo VI, Giovanni Paolo I e II e Benedetto XVI. Durante la visita alla Cattedrale di San Pietro abbiamo anche pregato davanti alla statua del nostro San Francesco di Paola.<\/p>\n<p style=\"text-align: justify\">Sul treno al ritorno in tutti noi c\u2019era silenzio, gioia e felicit\u00e0. La consapevolezza di aver vissuto da vicino un momento storico. Tre giorni che segneranno certamente per sempre la nostra vita futura.Giu<\/p>\n","protected":false},"excerpt":{"rendered":"<p>Giubileo 2025, Parrocchia San Demetrio in Mosorrofa RC, pellegrini di speranza. 20 fedeli della parrocchia San Demetrio di Mosorrofa RC coordinati dal presidente di AC Pasquale Andidero e guidati spiritualmente&hellip;<\/p>\n","protected":false},"author":12,"featured_media":0,"comment_status":"closed","ping_status":"open","sticky":false,"template":"","format":"standard","meta":{"_jetpack_memberships_contains_paid_content":false,"footnotes":"","jetpack_publicize_message":"","jetpack_publicize_feature_enabled":true,"jetpack_social_post_already_shared":true,"jetpack_social_options":{"image_generator_settings":{"template":"highway","default_image_id":0,"font":"","enabled":false},"version":2}},"categories":[921,196,140],"tags":[43441,43440,34589,3027,591,43442],"class_list":["post-73390","post","type-post","status-publish","format-standard","hentry","category-home","category-news","category-reggio-calabria","tag-20-fedeli","tag-giubileo","tag-parrocchia-san-demetrio","tag-pasquale-andidero","tag-roma","tag-tomba-papa-francesco"],"yoast_head":"<!-- This site is optimized with the Yoast SEO plugin v27.2 - https:\/\/yoast.com\/product\/yoast-seo-wordpress\/ -->\n<title>20 pellegrini della Parrocchia San Demetrio di Reggio al Giubileo<\/title>\n<meta name=\"description\" content=\"20 fedeli della parrocchia San Demetrio di Mosorrofa RC, si sono recati a Roma per il Giubileo ed hanno visitato la tomba di Papa Francesco\" \/>\n<meta name=\"robots\" content=\"index, follow, max-snippet:-1, max-image-preview:large, max-video-preview:-1\" \/>\n<link rel=\"canonical\" href=\"https:\/\/progettotouring.it\/radiotouring104\/2025\/05\/12\/giubileo-emozionante-esperienza-di-20-pellegrini-della-parocchia-san-demetrio\/\" \/>\n<meta property=\"og:locale\" content=\"it_IT\" \/>\n<meta property=\"og:type\" content=\"article\" \/>\n<meta property=\"og:title\" content=\"20 pellegrini della Parrocchia San Demetrio di Reggio al Giubileo\" \/>\n<meta property=\"og:description\" content=\"20 fedeli della parrocchia San Demetrio di Mosorrofa RC, si sono recati a Roma per il Giubileo ed hanno visitato la tomba di Papa Francesco\" \/>\n<meta property=\"og:url\" content=\"https:\/\/progettotouring.it\/radiotouring104\/2025\/05\/12\/giubileo-emozionante-esperienza-di-20-pellegrini-della-parocchia-san-demetrio\/\" \/>\n<meta property=\"og:site_name\" content=\"Radio Touring 104\" \/>\n<meta property=\"article:published_time\" content=\"2025-05-12T08:46:05+00:00\" \/>\n<meta name=\"author\" content=\"Sebastiano Plutino\" \/>\n<meta name=\"twitter:card\" content=\"summary_large_image\" \/>\n<meta name=\"twitter:label1\" content=\"Scritto da\" \/>\n\t<meta name=\"twitter:data1\" content=\"Sebastiano Plutino\" \/>\n\t<meta name=\"twitter:label2\" content=\"Tempo di lettura stimato\" \/>\n\t<meta name=\"twitter:data2\" content=\"4 minuti\" \/>\n<script type=\"application\/ld+json\" class=\"yoast-schema-graph\">{\"@context\":\"https:\/\/schema.org\",\"@graph\":[{\"@type\":\"Article\",\"@id\":\"https:\/\/progettotouring.it\/radiotouring104\/2025\/05\/12\/giubileo-emozionante-esperienza-di-20-pellegrini-della-parocchia-san-demetrio\/#article\",\"isPartOf\":{\"@id\":\"https:\/\/progettotouring.it\/radiotouring104\/2025\/05\/12\/giubileo-emozionante-esperienza-di-20-pellegrini-della-parocchia-san-demetrio\/\"},\"author\":{\"name\":\"Sebastiano Plutino\",\"@id\":\"https:\/\/progettotouring.it\/radiotouring104\/#\/schema\/person\/78613917f1851f041f7483f5af1d422e\"},\"headline\":\"Giubileo: emozionante esperienza di 20 pellegrini della parocchia San Demetrio\",\"datePublished\":\"2025-05-12T08:46:05+00:00\",\"mainEntityOfPage\":{\"@id\":\"https:\/\/progettotouring.it\/radiotouring104\/2025\/05\/12\/giubileo-emozionante-esperienza-di-20-pellegrini-della-parocchia-san-demetrio\/\"},\"wordCount\":766,\"publisher\":{\"@id\":\"https:\/\/progettotouring.it\/radiotouring104\/#organization\"},\"keywords\":[\"20 fedeli\",\"giubileo\",\"parrocchia San Demetrio\",\"pasquale andidero\",\"Roma\",\"tomba papa francesco\"],\"articleSection\":[\"Home\",\"News\",\"Reggio Calabria\"],\"inLanguage\":\"it-IT\"},{\"@type\":\"WebPage\",\"@id\":\"https:\/\/progettotouring.it\/radiotouring104\/2025\/05\/12\/giubileo-emozionante-esperienza-di-20-pellegrini-della-parocchia-san-demetrio\/\",\"url\":\"https:\/\/progettotouring.it\/radiotouring104\/2025\/05\/12\/giubileo-emozionante-esperienza-di-20-pellegrini-della-parocchia-san-demetrio\/\",\"name\":\"20 pellegrini della Parrocchia San Demetrio di Reggio al Giubileo\",\"isPartOf\":{\"@id\":\"https:\/\/progettotouring.it\/radiotouring104\/#website\"},\"datePublished\":\"2025-05-12T08:46:05+00:00\",\"description\":\"20 fedeli della parrocchia San Demetrio di Mosorrofa RC, si sono recati a Roma per il Giubileo ed hanno visitato la tomba di Papa Francesco\",\"breadcrumb\":{\"@id\":\"https:\/\/progettotouring.it\/radiotouring104\/2025\/05\/12\/giubileo-emozionante-esperienza-di-20-pellegrini-della-parocchia-san-demetrio\/#breadcrumb\"},\"inLanguage\":\"it-IT\",\"potentialAction\":[{\"@type\":\"ReadAction\",\"target\":[\"https:\/\/progettotouring.it\/radiotouring104\/2025\/05\/12\/giubileo-emozionante-esperienza-di-20-pellegrini-della-parocchia-san-demetrio\/\"]}]},{\"@type\":\"BreadcrumbList\",\"@id\":\"https:\/\/progettotouring.it\/radiotouring104\/2025\/05\/12\/giubileo-emozionante-esperienza-di-20-pellegrini-della-parocchia-san-demetrio\/#breadcrumb\",\"itemListElement\":[{\"@type\":\"ListItem\",\"position\":1,\"name\":\"Home\",\"item\":\"https:\/\/progettotouring.it\/radiotouring104\/\"},{\"@type\":\"ListItem\",\"position\":2,\"name\":\"Giubileo: emozionante esperienza di 20 pellegrini della parocchia San Demetrio\"}]},{\"@type\":\"WebSite\",\"@id\":\"https:\/\/progettotouring.it\/radiotouring104\/#website\",\"url\":\"https:\/\/progettotouring.it\/radiotouring104\/\",\"name\":\"Radio Touring 104\",\"description\":\"La prima radio Reggina\",\"publisher\":{\"@id\":\"https:\/\/progettotouring.it\/radiotouring104\/#organization\"},\"potentialAction\":[{\"@type\":\"SearchAction\",\"target\":{\"@type\":\"EntryPoint\",\"urlTemplate\":\"https:\/\/progettotouring.it\/radiotouring104\/?s={search_term_string}\"},\"query-input\":{\"@type\":\"PropertyValueSpecification\",\"valueRequired\":true,\"valueName\":\"search_term_string\"}}],\"inLanguage\":\"it-IT\"},{\"@type\":\"Organization\",\"@id\":\"https:\/\/progettotouring.it\/radiotouring104\/#organization\",\"name\":\"Radio Touring 104\",\"url\":\"https:\/\/progettotouring.it\/radiotouring104\/\",\"logo\":{\"@type\":\"ImageObject\",\"inLanguage\":\"it-IT\",\"@id\":\"https:\/\/progettotouring.it\/radiotouring104\/#\/schema\/logo\/image\/\",\"url\":\"https:\/\/progettotouring.it\/radiotouring104\/wp-content\/uploads\/sites\/6\/2022\/02\/cropped-logo-radio-touring-104.png\",\"contentUrl\":\"https:\/\/progettotouring.it\/radiotouring104\/wp-content\/uploads\/sites\/6\/2022\/02\/cropped-logo-radio-touring-104.png\",\"width\":377,\"height\":182,\"caption\":\"Radio Touring 104\"},\"image\":{\"@id\":\"https:\/\/progettotouring.it\/radiotouring104\/#\/schema\/logo\/image\/\"}},{\"@type\":\"Person\",\"@id\":\"https:\/\/progettotouring.it\/radiotouring104\/#\/schema\/person\/78613917f1851f041f7483f5af1d422e\",\"name\":\"Sebastiano Plutino\",\"image\":{\"@type\":\"ImageObject\",\"inLanguage\":\"it-IT\",\"@id\":\"https:\/\/secure.gravatar.com\/avatar\/0546ffaa9b79224faf9f2a156b67a529ae861d3287c66c1d8ccfdf909bcba78d?s=96&d=mm&r=g\",\"url\":\"https:\/\/secure.gravatar.com\/avatar\/0546ffaa9b79224faf9f2a156b67a529ae861d3287c66c1d8ccfdf909bcba78d?s=96&d=mm&r=g\",\"contentUrl\":\"https:\/\/secure.gravatar.com\/avatar\/0546ffaa9b79224faf9f2a156b67a529ae861d3287c66c1d8ccfdf909bcba78d?s=96&d=mm&r=g\",\"caption\":\"Sebastiano Plutino\"},\"url\":\"https:\/\/progettotouring.it\/radiotouring104\/author\/sebastiano\/\"}]}<\/script>\n<!-- \/ Yoast SEO plugin. -->","yoast_head_json":{"title":"20 pellegrini della Parrocchia San Demetrio di Reggio al Giubileo","description":"20 fedeli della parrocchia San Demetrio di Mosorrofa RC, si sono recati a Roma per il Giubileo ed hanno visitato la tomba di Papa Francesco","robots":{"index":"index","follow":"follow","max-snippet":"max-snippet:-1","max-image-preview":"max-image-preview:large","max-video-preview":"max-video-preview:-1"},"canonical":"https:\/\/progettotouring.it\/radiotouring104\/2025\/05\/12\/giubileo-emozionante-esperienza-di-20-pellegrini-della-parocchia-san-demetrio\/","og_locale":"it_IT","og_type":"article","og_title":"20 pellegrini della Parrocchia San Demetrio di Reggio al Giubileo","og_description":"20 fedeli della parrocchia San Demetrio di Mosorrofa RC, si sono recati a Roma per il Giubileo ed hanno visitato la tomba di Papa Francesco","og_url":"https:\/\/progettotouring.it\/radiotouring104\/2025\/05\/12\/giubileo-emozionante-esperienza-di-20-pellegrini-della-parocchia-san-demetrio\/","og_site_name":"Radio Touring 104","article_published_time":"2025-05-12T08:46:05+00:00","author":"Sebastiano Plutino","twitter_card":"summary_large_image","twitter_misc":{"Scritto da":"Sebastiano Plutino","Tempo di lettura stimato":"4 minuti"},"schema":{"@context":"https:\/\/schema.org","@graph":[{"@type":"Article","@id":"https:\/\/progettotouring.it\/radiotouring104\/2025\/05\/12\/giubileo-emozionante-esperienza-di-20-pellegrini-della-parocchia-san-demetrio\/#article","isPartOf":{"@id":"https:\/\/progettotouring.it\/radiotouring104\/2025\/05\/12\/giubileo-emozionante-esperienza-di-20-pellegrini-della-parocchia-san-demetrio\/"},"author":{"name":"Sebastiano Plutino","@id":"https:\/\/progettotouring.it\/radiotouring104\/#\/schema\/person\/78613917f1851f041f7483f5af1d422e"},"headline":"Giubileo: emozionante esperienza di 20 pellegrini della parocchia San Demetrio","datePublished":"2025-05-12T08:46:05+00:00","mainEntityOfPage":{"@id":"https:\/\/progettotouring.it\/radiotouring104\/2025\/05\/12\/giubileo-emozionante-esperienza-di-20-pellegrini-della-parocchia-san-demetrio\/"},"wordCount":766,"publisher":{"@id":"https:\/\/progettotouring.it\/radiotouring104\/#organization"},"keywords":["20 fedeli","giubileo","parrocchia San Demetrio","pasquale andidero","Roma","tomba papa francesco"],"articleSection":["Home","News","Reggio Calabria"],"inLanguage":"it-IT"},{"@type":"WebPage","@id":"https:\/\/progettotouring.it\/radiotouring104\/2025\/05\/12\/giubileo-emozionante-esperienza-di-20-pellegrini-della-parocchia-san-demetrio\/","url":"https:\/\/progettotouring.it\/radiotouring104\/2025\/05\/12\/giubileo-emozionante-esperienza-di-20-pellegrini-della-parocchia-san-demetrio\/","name":"20 pellegrini della Parrocchia San Demetrio di Reggio al Giubileo","isPartOf":{"@id":"https:\/\/progettotouring.it\/radiotouring104\/#website"},"datePublished":"2025-05-12T08:46:05+00:00","description":"20 fedeli della parrocchia San Demetrio di Mosorrofa RC, si sono recati a Roma per il Giubileo ed hanno visitato la tomba di Papa Francesco","breadcrumb":{"@id":"https:\/\/progettotouring.it\/radiotouring104\/2025\/05\/12\/giubileo-emozionante-esperienza-di-20-pellegrini-della-parocchia-san-demetrio\/#breadcrumb"},"inLanguage":"it-IT","potentialAction":[{"@type":"ReadAction","target":["https:\/\/progettotouring.it\/radiotouring104\/2025\/05\/12\/giubileo-emozionante-esperienza-di-20-pellegrini-della-parocchia-san-demetrio\/"]}]},{"@type":"BreadcrumbList","@id":"https:\/\/progettotouring.it\/radiotouring104\/2025\/05\/12\/giubileo-emozionante-esperienza-di-20-pellegrini-della-parocchia-san-demetrio\/#breadcrumb","itemListElement":[{"@type":"ListItem","position":1,"name":"Home","item":"https:\/\/progettotouring.it\/radiotouring104\/"},{"@type":"ListItem","position":2,"name":"Giubileo: emozionante esperienza di 20 pellegrini della parocchia San Demetrio"}]},{"@type":"WebSite","@id":"https:\/\/progettotouring.it\/radiotouring104\/#website","url":"https:\/\/progettotouring.it\/radiotouring104\/","name":"Radio Touring 104","description":"La prima radio Reggina","publisher":{"@id":"https:\/\/progettotouring.it\/radiotouring104\/#organization"},"potentialAction":[{"@type":"SearchAction","target":{"@type":"EntryPoint","urlTemplate":"https:\/\/progettotouring.it\/radiotouring104\/?s={search_term_string}"},"query-input":{"@type":"PropertyValueSpecification","valueRequired":true,"valueName":"search_term_string"}}],"inLanguage":"it-IT"},{"@type":"Organization","@id":"https:\/\/progettotouring.it\/radiotouring104\/#organization","name":"Radio Touring 104","url":"https:\/\/progettotouring.it\/radiotouring104\/","logo":{"@type":"ImageObject","inLanguage":"it-IT","@id":"https:\/\/progettotouring.it\/radiotouring104\/#\/schema\/logo\/image\/","url":"https:\/\/progettotouring.it\/radiotouring104\/wp-content\/uploads\/sites\/6\/2022\/02\/cropped-logo-radio-touring-104.png","contentUrl":"https:\/\/progettotouring.it\/radiotouring104\/wp-content\/uploads\/sites\/6\/2022\/02\/cropped-logo-radio-touring-104.png","width":377,"height":182,"caption":"Radio Touring 104"},"image":{"@id":"https:\/\/progettotouring.it\/radiotouring104\/#\/schema\/logo\/image\/"}},{"@type":"Person","@id":"https:\/\/progettotouring.it\/radiotouring104\/#\/schema\/person\/78613917f1851f041f7483f5af1d422e","name":"Sebastiano Plutino","image":{"@type":"ImageObject","inLanguage":"it-IT","@id":"https:\/\/secure.gravatar.com\/avatar\/0546ffaa9b79224faf9f2a156b67a529ae861d3287c66c1d8ccfdf909bcba78d?s=96&d=mm&r=g","url":"https:\/\/secure.gravatar.com\/avatar\/0546ffaa9b79224faf9f2a156b67a529ae861d3287c66c1d8ccfdf909bcba78d?s=96&d=mm&r=g","contentUrl":"https:\/\/secure.gravatar.com\/avatar\/0546ffaa9b79224faf9f2a156b67a529ae861d3287c66c1d8ccfdf909bcba78d?s=96&d=mm&r=g","caption":"Sebastiano Plutino"},"url":"https:\/\/progettotouring.it\/radiotouring104\/author\/sebastiano\/"}]}},"jetpack_publicize_connections":[],"jetpack_featured_media_url":"","jetpack_sharing_enabled":true,"_links":{"self":[{"href":"https:\/\/progettotouring.it\/radiotouring104\/wp-json\/wp\/v2\/posts\/73390","targetHints":{"allow":["GET"]}}],"collection":[{"href":"https:\/\/progettotouring.it\/radiotouring104\/wp-json\/wp\/v2\/posts"}],"about":[{"href":"https:\/\/progettotouring.it\/radiotouring104\/wp-json\/wp\/v2\/types\/post"}],"author":[{"embeddable":true,"href":"https:\/\/progettotouring.it\/radiotouring104\/wp-json\/wp\/v2\/users\/12"}],"replies":[{"embeddable":true,"href":"https:\/\/progettotouring.it\/radiotouring104\/wp-json\/wp\/v2\/comments?post=73390"}],"version-history":[{"count":1,"href":"https:\/\/progettotouring.it\/radiotouring104\/wp-json\/wp\/v2\/posts\/73390\/revisions"}],"predecessor-version":[{"id":73391,"href":"https:\/\/progettotouring.it\/radiotouring104\/wp-json\/wp\/v2\/posts\/73390\/revisions\/73391"}],"wp:attachment":[{"href":"https:\/\/progettotouring.it\/radiotouring104\/wp-json\/wp\/v2\/media?parent=73390"}],"wp:term":[{"taxonomy":"category","embeddable":true,"href":"https:\/\/progettotouring.it\/radiotouring104\/wp-json\/wp\/v2\/categories?post=73390"},{"taxonomy":"post_tag","embeddable":true,"href":"https:\/\/progettotouring.it\/radiotouring104\/wp-json\/wp\/v2\/tags?post=73390"}],"curies":[{"name":"wp","href":"https:\/\/api.w.org\/{rel}","templated":true}]}}