{"id":7351,"date":"2022-06-28T18:21:20","date_gmt":"2022-06-28T16:21:20","guid":{"rendered":"https:\/\/progettotouring.it\/radiotouring104\/?p=7351"},"modified":"2022-06-28T18:21:20","modified_gmt":"2022-06-28T16:21:20","slug":"pnrr-citta-metropolitana-e-ordine-dei-commercialisti-a-confronto","status":"publish","type":"post","link":"https:\/\/progettotouring.it\/radiotouring104\/2022\/06\/28\/pnrr-citta-metropolitana-e-ordine-dei-commercialisti-a-confronto\/","title":{"rendered":"PNRR, Citt\u00e0 metropolitana e Ordine dei Commercialisti a confronto"},"content":{"rendered":"<p style=\"text-align: justify\">Il Sindaco metropolitano facente funzioni Carmelo Versace ha ricevuto questa mattina a Palazzo Alvaro una delegazione dell&#8217;Ordine dei Commercialisti di Reggio Calabria, guidata dal presidente Stefano Poeta. Al centro dell\u2019incontro, che si \u00e8 svolto in clima di fattiva collaborazione, sono state poste le prospettive e la strategia complessiva dell\u2019Ente metropolitano, sul versante dei progetti e relative leve finanziarie che afferiscono al PNRR. Nello specifico, inoltre, sono stati esaminati da vicino i diversi percorsi comuni che la Citt\u00e0 metropolitana e il mondo dei professionisti del territorio possono intraprendere in forma sinergica, con l\u2019obiettivo di affrontare al meglio la complessit\u00e0 delle sfide dello sviluppo che si legano agli importanti stanziamenti di cui \u00e8 destinatario il territorio metropolitano reggino.<\/p>\n<p>\u201c\u00c8 stato un confronto estremamente utile \u2013 ha commentato a margine della riunione il Sindaco f.f. Versace \u2013 e ringrazio i Commercialisti di Reggio Calabria, con in testa il presidente Poeta, per aver stimolato un momento di approfondimento e proposta che pu\u00f2 rivelarsi particolarmente proficuo per l\u2019attivit\u00e0 che l\u2019Ente sta portando avanti nei diversi ambiti strategici. La Citt\u00e0 metropolitana, com\u2019\u00e8 noto, \u00e8 un Ente di programmazione ma ci\u00f2 non toglie che nello svolgimento dell\u2019attivit\u00e0 prevista, si renda necessario il coinvolgimento dei professionisti che peraltro conoscono in modo profondo le problematiche e le criticit\u00e0 che interessano da vicino il mondo del lavoro, dell\u2019impresa e il sistema stesso di gestione dei finanziamenti pubblici\u201d.<\/p>\n<p>Palazzo Alvaro \u00e8 stato il primo Ente metropolitano d\u2019Italia a dotarsi di un\u2019apposita cabina di regia per il PNRR, \u201ce ci\u00f2 testimonia \u2013 ha poi aggiunto Versace \u2013 la lungimiranza che questa amministrazione, sulla scorta delle linee di mandato tracciate dal Sindaco Giuseppe Falcomat\u00e0, ha saputo dimostrare. Questo strumento \u00e8 stato strutturato guardando anche alla possibilit\u00e0 di un coinvolgimento di esperti e professionisti dei vari ambiti di intervento, a supporto della componente tecnica interna all\u2019Ente e dell\u2019attivit\u00e0 che si sta svolgendo, anche nell\u2019ambito delle unioni di Comuni, attraverso gruppi di lavoro ristretti\u201d.<\/p>\n<p>Anche i commercialisti, dunque, \u201csono parte integrante di questa strategia \u2013 ha poi concluso il rappresentante di Palazzo Alvaro \u2013 e auspichiamo che questo primo incontro operativo segni l\u2019avvio di un percorso comune che possa consentire all\u2019Ente di avvalersi della competenza e dell\u2019esperienza specialistica dei nostri professionisti e a questi ultimi di offrire un contributo significativo all\u2019interno delle dinamiche di crescita e sviluppo che toccano da vicino il nostro territorio\u201d.<\/p>\n<div><\/div>\n","protected":false},"excerpt":{"rendered":"<p>Il Sindaco metropolitano facente funzioni Carmelo Versace ha ricevuto questa mattina a Palazzo Alvaro una delegazione dell&#8217;Ordine dei Commercialisti di Reggio Calabria, guidata dal presidente Stefano Poeta. Al centro dell\u2019incontro,&hellip;<\/p>\n","protected":false},"author":10,"featured_media":7353,"comment_status":"open","ping_status":"open","sticky":false,"template":"","format":"standard","meta":{"_jetpack_memberships_contains_paid_content":false,"footnotes":"","jetpack_publicize_message":"","jetpack_publicize_feature_enabled":true,"jetpack_social_post_already_shared":false,"jetpack_social_options":{"image_generator_settings":{"template":"highway","default_image_id":0,"font":"","enabled":false},"version":2}},"categories":[921,196,140],"tags":[239,563,3224,1034,236,3225],"class_list":["post-7351","post","type-post","status-publish","format-standard","has-post-thumbnail","hentry","category-home","category-news","category-reggio-calabria","tag-carmelo-versace","tag-citta-metropolitana-di-reggio-calabria","tag-ordine-dei-commercialisti","tag-pnrr","tag-reggio-calabria","tag-stefano-poeta"],"yoast_head":"<!-- This site is optimized with the Yoast SEO plugin v27.2 - https:\/\/yoast.com\/product\/yoast-seo-wordpress\/ -->\n<title>PNRR, Citt\u00e0 metropolitana e Ordine dei Commercialisti a confronto<\/title>\n<meta name=\"description\" content=\"Il Sindaco f.f. Versace ha incontrato una delegazione dei professionisti reggini guidati dal presidente Poeta, per discutere delle opportunit\u00e0 di collaborazione tra l\u2019Ente e gli stessi esperti del territorio\" \/>\n<meta name=\"robots\" content=\"index, follow, max-snippet:-1, max-image-preview:large, max-video-preview:-1\" \/>\n<link rel=\"canonical\" href=\"https:\/\/progettotouring.it\/radiotouring104\/2022\/06\/28\/pnrr-citta-metropolitana-e-ordine-dei-commercialisti-a-confronto\/\" \/>\n<meta property=\"og:locale\" content=\"it_IT\" \/>\n<meta property=\"og:type\" content=\"article\" \/>\n<meta property=\"og:title\" content=\"PNRR, Citt\u00e0 metropolitana e Ordine dei Commercialisti a confronto\" \/>\n<meta property=\"og:description\" content=\"Il Sindaco f.f. Versace ha incontrato una delegazione dei professionisti reggini guidati dal presidente Poeta, per discutere delle opportunit\u00e0 di collaborazione tra l\u2019Ente e gli stessi esperti del territorio\" \/>\n<meta property=\"og:url\" content=\"https:\/\/progettotouring.it\/radiotouring104\/2022\/06\/28\/pnrr-citta-metropolitana-e-ordine-dei-commercialisti-a-confronto\/\" \/>\n<meta property=\"og:site_name\" content=\"Radio Touring 104\" \/>\n<meta property=\"article:published_time\" content=\"2022-06-28T16:21:20+00:00\" \/>\n<meta property=\"og:image\" content=\"https:\/\/progettotouring.it\/radiotouring104\/wp-content\/uploads\/sites\/6\/2022\/06\/pnrr-transizione-ecologica.jpg\" \/>\n\t<meta property=\"og:image:width\" content=\"880\" \/>\n\t<meta property=\"og:image:height\" content=\"550\" \/>\n\t<meta property=\"og:image:type\" content=\"image\/jpeg\" \/>\n<meta name=\"author\" content=\"Paolo Frascati\" \/>\n<meta name=\"twitter:card\" content=\"summary_large_image\" \/>\n<meta name=\"twitter:label1\" content=\"Scritto da\" \/>\n\t<meta name=\"twitter:data1\" content=\"Paolo Frascati\" \/>\n\t<meta name=\"twitter:label2\" content=\"Tempo di lettura stimato\" \/>\n\t<meta name=\"twitter:data2\" content=\"3 minuti\" \/>\n<script type=\"application\/ld+json\" class=\"yoast-schema-graph\">{\"@context\":\"https:\/\/schema.org\",\"@graph\":[{\"@type\":\"Article\",\"@id\":\"https:\/\/progettotouring.it\/radiotouring104\/2022\/06\/28\/pnrr-citta-metropolitana-e-ordine-dei-commercialisti-a-confronto\/#article\",\"isPartOf\":{\"@id\":\"https:\/\/progettotouring.it\/radiotouring104\/2022\/06\/28\/pnrr-citta-metropolitana-e-ordine-dei-commercialisti-a-confronto\/\"},\"author\":{\"name\":\"Paolo Frascati\",\"@id\":\"https:\/\/progettotouring.it\/radiotouring104\/#\/schema\/person\/f0ca1b839e26c1b921f796a3458a8574\"},\"headline\":\"PNRR, Citt\u00e0 metropolitana e Ordine dei Commercialisti a confronto\",\"datePublished\":\"2022-06-28T16:21:20+00:00\",\"mainEntityOfPage\":{\"@id\":\"https:\/\/progettotouring.it\/radiotouring104\/2022\/06\/28\/pnrr-citta-metropolitana-e-ordine-dei-commercialisti-a-confronto\/\"},\"wordCount\":403,\"commentCount\":0,\"publisher\":{\"@id\":\"https:\/\/progettotouring.it\/radiotouring104\/#organization\"},\"image\":{\"@id\":\"https:\/\/progettotouring.it\/radiotouring104\/2022\/06\/28\/pnrr-citta-metropolitana-e-ordine-dei-commercialisti-a-confronto\/#primaryimage\"},\"thumbnailUrl\":\"https:\/\/progettotouring.it\/radiotouring104\/wp-content\/uploads\/sites\/6\/2022\/06\/pnrr-transizione-ecologica.jpg\",\"keywords\":[\"carmelo versace\",\"Citt\u00e0 Metropolitana di Reggio Calabria\",\"Ordine dei Commercialisti\",\"pnrr\",\"reggio calabria\",\"Stefano Poeta\"],\"articleSection\":[\"Home\",\"News\",\"Reggio Calabria\"],\"inLanguage\":\"it-IT\",\"potentialAction\":[{\"@type\":\"CommentAction\",\"name\":\"Comment\",\"target\":[\"https:\/\/progettotouring.it\/radiotouring104\/2022\/06\/28\/pnrr-citta-metropolitana-e-ordine-dei-commercialisti-a-confronto\/#respond\"]}]},{\"@type\":\"WebPage\",\"@id\":\"https:\/\/progettotouring.it\/radiotouring104\/2022\/06\/28\/pnrr-citta-metropolitana-e-ordine-dei-commercialisti-a-confronto\/\",\"url\":\"https:\/\/progettotouring.it\/radiotouring104\/2022\/06\/28\/pnrr-citta-metropolitana-e-ordine-dei-commercialisti-a-confronto\/\",\"name\":\"PNRR, Citt\u00e0 metropolitana e Ordine dei Commercialisti a confronto\",\"isPartOf\":{\"@id\":\"https:\/\/progettotouring.it\/radiotouring104\/#website\"},\"primaryImageOfPage\":{\"@id\":\"https:\/\/progettotouring.it\/radiotouring104\/2022\/06\/28\/pnrr-citta-metropolitana-e-ordine-dei-commercialisti-a-confronto\/#primaryimage\"},\"image\":{\"@id\":\"https:\/\/progettotouring.it\/radiotouring104\/2022\/06\/28\/pnrr-citta-metropolitana-e-ordine-dei-commercialisti-a-confronto\/#primaryimage\"},\"thumbnailUrl\":\"https:\/\/progettotouring.it\/radiotouring104\/wp-content\/uploads\/sites\/6\/2022\/06\/pnrr-transizione-ecologica.jpg\",\"datePublished\":\"2022-06-28T16:21:20+00:00\",\"description\":\"Il Sindaco f.f. Versace ha incontrato una delegazione dei professionisti reggini guidati dal presidente Poeta, per discutere delle opportunit\u00e0 di collaborazione tra l\u2019Ente e gli stessi esperti del territorio\",\"breadcrumb\":{\"@id\":\"https:\/\/progettotouring.it\/radiotouring104\/2022\/06\/28\/pnrr-citta-metropolitana-e-ordine-dei-commercialisti-a-confronto\/#breadcrumb\"},\"inLanguage\":\"it-IT\",\"potentialAction\":[{\"@type\":\"ReadAction\",\"target\":[\"https:\/\/progettotouring.it\/radiotouring104\/2022\/06\/28\/pnrr-citta-metropolitana-e-ordine-dei-commercialisti-a-confronto\/\"]}]},{\"@type\":\"ImageObject\",\"inLanguage\":\"it-IT\",\"@id\":\"https:\/\/progettotouring.it\/radiotouring104\/2022\/06\/28\/pnrr-citta-metropolitana-e-ordine-dei-commercialisti-a-confronto\/#primaryimage\",\"url\":\"https:\/\/progettotouring.it\/radiotouring104\/wp-content\/uploads\/sites\/6\/2022\/06\/pnrr-transizione-ecologica.jpg\",\"contentUrl\":\"https:\/\/progettotouring.it\/radiotouring104\/wp-content\/uploads\/sites\/6\/2022\/06\/pnrr-transizione-ecologica.jpg\",\"width\":880,\"height\":550},{\"@type\":\"BreadcrumbList\",\"@id\":\"https:\/\/progettotouring.it\/radiotouring104\/2022\/06\/28\/pnrr-citta-metropolitana-e-ordine-dei-commercialisti-a-confronto\/#breadcrumb\",\"itemListElement\":[{\"@type\":\"ListItem\",\"position\":1,\"name\":\"Home\",\"item\":\"https:\/\/progettotouring.it\/radiotouring104\/\"},{\"@type\":\"ListItem\",\"position\":2,\"name\":\"PNRR, Citt\u00e0 metropolitana e Ordine dei Commercialisti a confronto\"}]},{\"@type\":\"WebSite\",\"@id\":\"https:\/\/progettotouring.it\/radiotouring104\/#website\",\"url\":\"https:\/\/progettotouring.it\/radiotouring104\/\",\"name\":\"Radio Touring 104\",\"description\":\"La prima radio Reggina\",\"publisher\":{\"@id\":\"https:\/\/progettotouring.it\/radiotouring104\/#organization\"},\"potentialAction\":[{\"@type\":\"SearchAction\",\"target\":{\"@type\":\"EntryPoint\",\"urlTemplate\":\"https:\/\/progettotouring.it\/radiotouring104\/?s={search_term_string}\"},\"query-input\":{\"@type\":\"PropertyValueSpecification\",\"valueRequired\":true,\"valueName\":\"search_term_string\"}}],\"inLanguage\":\"it-IT\"},{\"@type\":\"Organization\",\"@id\":\"https:\/\/progettotouring.it\/radiotouring104\/#organization\",\"name\":\"Radio Touring 104\",\"url\":\"https:\/\/progettotouring.it\/radiotouring104\/\",\"logo\":{\"@type\":\"ImageObject\",\"inLanguage\":\"it-IT\",\"@id\":\"https:\/\/progettotouring.it\/radiotouring104\/#\/schema\/logo\/image\/\",\"url\":\"https:\/\/progettotouring.it\/radiotouring104\/wp-content\/uploads\/sites\/6\/2022\/02\/cropped-logo-radio-touring-104.png\",\"contentUrl\":\"https:\/\/progettotouring.it\/radiotouring104\/wp-content\/uploads\/sites\/6\/2022\/02\/cropped-logo-radio-touring-104.png\",\"width\":377,\"height\":182,\"caption\":\"Radio Touring 104\"},\"image\":{\"@id\":\"https:\/\/progettotouring.it\/radiotouring104\/#\/schema\/logo\/image\/\"}},{\"@type\":\"Person\",\"@id\":\"https:\/\/progettotouring.it\/radiotouring104\/#\/schema\/person\/f0ca1b839e26c1b921f796a3458a8574\",\"name\":\"Paolo Frascati\",\"image\":{\"@type\":\"ImageObject\",\"inLanguage\":\"it-IT\",\"@id\":\"https:\/\/secure.gravatar.com\/avatar\/acad0e44d6a6c69de2c2c1bf6aba094792ac51f1833e9c8a3760ba270d70b909?s=96&d=mm&r=g\",\"url\":\"https:\/\/secure.gravatar.com\/avatar\/acad0e44d6a6c69de2c2c1bf6aba094792ac51f1833e9c8a3760ba270d70b909?s=96&d=mm&r=g\",\"contentUrl\":\"https:\/\/secure.gravatar.com\/avatar\/acad0e44d6a6c69de2c2c1bf6aba094792ac51f1833e9c8a3760ba270d70b909?s=96&d=mm&r=g\",\"caption\":\"Paolo Frascati\"},\"url\":\"https:\/\/progettotouring.it\/radiotouring104\/author\/paolofrascati\/\"}]}<\/script>\n<!-- \/ Yoast SEO plugin. -->","yoast_head_json":{"title":"PNRR, Citt\u00e0 metropolitana e Ordine dei Commercialisti a confronto","description":"Il Sindaco f.f. Versace ha incontrato una delegazione dei professionisti reggini guidati dal presidente Poeta, per discutere delle opportunit\u00e0 di collaborazione tra l\u2019Ente e gli stessi esperti del territorio","robots":{"index":"index","follow":"follow","max-snippet":"max-snippet:-1","max-image-preview":"max-image-preview:large","max-video-preview":"max-video-preview:-1"},"canonical":"https:\/\/progettotouring.it\/radiotouring104\/2022\/06\/28\/pnrr-citta-metropolitana-e-ordine-dei-commercialisti-a-confronto\/","og_locale":"it_IT","og_type":"article","og_title":"PNRR, Citt\u00e0 metropolitana e Ordine dei Commercialisti a confronto","og_description":"Il Sindaco f.f. Versace ha incontrato una delegazione dei professionisti reggini guidati dal presidente Poeta, per discutere delle opportunit\u00e0 di collaborazione tra l\u2019Ente e gli stessi esperti del territorio","og_url":"https:\/\/progettotouring.it\/radiotouring104\/2022\/06\/28\/pnrr-citta-metropolitana-e-ordine-dei-commercialisti-a-confronto\/","og_site_name":"Radio Touring 104","article_published_time":"2022-06-28T16:21:20+00:00","og_image":[{"width":880,"height":550,"url":"https:\/\/progettotouring.it\/radiotouring104\/wp-content\/uploads\/sites\/6\/2022\/06\/pnrr-transizione-ecologica.jpg","type":"image\/jpeg"}],"author":"Paolo Frascati","twitter_card":"summary_large_image","twitter_misc":{"Scritto da":"Paolo Frascati","Tempo di lettura stimato":"3 minuti"},"schema":{"@context":"https:\/\/schema.org","@graph":[{"@type":"Article","@id":"https:\/\/progettotouring.it\/radiotouring104\/2022\/06\/28\/pnrr-citta-metropolitana-e-ordine-dei-commercialisti-a-confronto\/#article","isPartOf":{"@id":"https:\/\/progettotouring.it\/radiotouring104\/2022\/06\/28\/pnrr-citta-metropolitana-e-ordine-dei-commercialisti-a-confronto\/"},"author":{"name":"Paolo Frascati","@id":"https:\/\/progettotouring.it\/radiotouring104\/#\/schema\/person\/f0ca1b839e26c1b921f796a3458a8574"},"headline":"PNRR, Citt\u00e0 metropolitana e Ordine dei Commercialisti a confronto","datePublished":"2022-06-28T16:21:20+00:00","mainEntityOfPage":{"@id":"https:\/\/progettotouring.it\/radiotouring104\/2022\/06\/28\/pnrr-citta-metropolitana-e-ordine-dei-commercialisti-a-confronto\/"},"wordCount":403,"commentCount":0,"publisher":{"@id":"https:\/\/progettotouring.it\/radiotouring104\/#organization"},"image":{"@id":"https:\/\/progettotouring.it\/radiotouring104\/2022\/06\/28\/pnrr-citta-metropolitana-e-ordine-dei-commercialisti-a-confronto\/#primaryimage"},"thumbnailUrl":"https:\/\/progettotouring.it\/radiotouring104\/wp-content\/uploads\/sites\/6\/2022\/06\/pnrr-transizione-ecologica.jpg","keywords":["carmelo versace","Citt\u00e0 Metropolitana di Reggio Calabria","Ordine dei Commercialisti","pnrr","reggio calabria","Stefano Poeta"],"articleSection":["Home","News","Reggio Calabria"],"inLanguage":"it-IT","potentialAction":[{"@type":"CommentAction","name":"Comment","target":["https:\/\/progettotouring.it\/radiotouring104\/2022\/06\/28\/pnrr-citta-metropolitana-e-ordine-dei-commercialisti-a-confronto\/#respond"]}]},{"@type":"WebPage","@id":"https:\/\/progettotouring.it\/radiotouring104\/2022\/06\/28\/pnrr-citta-metropolitana-e-ordine-dei-commercialisti-a-confronto\/","url":"https:\/\/progettotouring.it\/radiotouring104\/2022\/06\/28\/pnrr-citta-metropolitana-e-ordine-dei-commercialisti-a-confronto\/","name":"PNRR, Citt\u00e0 metropolitana e Ordine dei Commercialisti a confronto","isPartOf":{"@id":"https:\/\/progettotouring.it\/radiotouring104\/#website"},"primaryImageOfPage":{"@id":"https:\/\/progettotouring.it\/radiotouring104\/2022\/06\/28\/pnrr-citta-metropolitana-e-ordine-dei-commercialisti-a-confronto\/#primaryimage"},"image":{"@id":"https:\/\/progettotouring.it\/radiotouring104\/2022\/06\/28\/pnrr-citta-metropolitana-e-ordine-dei-commercialisti-a-confronto\/#primaryimage"},"thumbnailUrl":"https:\/\/progettotouring.it\/radiotouring104\/wp-content\/uploads\/sites\/6\/2022\/06\/pnrr-transizione-ecologica.jpg","datePublished":"2022-06-28T16:21:20+00:00","description":"Il Sindaco f.f. Versace ha incontrato una delegazione dei professionisti reggini guidati dal presidente Poeta, per discutere delle opportunit\u00e0 di collaborazione tra l\u2019Ente e gli stessi esperti del territorio","breadcrumb":{"@id":"https:\/\/progettotouring.it\/radiotouring104\/2022\/06\/28\/pnrr-citta-metropolitana-e-ordine-dei-commercialisti-a-confronto\/#breadcrumb"},"inLanguage":"it-IT","potentialAction":[{"@type":"ReadAction","target":["https:\/\/progettotouring.it\/radiotouring104\/2022\/06\/28\/pnrr-citta-metropolitana-e-ordine-dei-commercialisti-a-confronto\/"]}]},{"@type":"ImageObject","inLanguage":"it-IT","@id":"https:\/\/progettotouring.it\/radiotouring104\/2022\/06\/28\/pnrr-citta-metropolitana-e-ordine-dei-commercialisti-a-confronto\/#primaryimage","url":"https:\/\/progettotouring.it\/radiotouring104\/wp-content\/uploads\/sites\/6\/2022\/06\/pnrr-transizione-ecologica.jpg","contentUrl":"https:\/\/progettotouring.it\/radiotouring104\/wp-content\/uploads\/sites\/6\/2022\/06\/pnrr-transizione-ecologica.jpg","width":880,"height":550},{"@type":"BreadcrumbList","@id":"https:\/\/progettotouring.it\/radiotouring104\/2022\/06\/28\/pnrr-citta-metropolitana-e-ordine-dei-commercialisti-a-confronto\/#breadcrumb","itemListElement":[{"@type":"ListItem","position":1,"name":"Home","item":"https:\/\/progettotouring.it\/radiotouring104\/"},{"@type":"ListItem","position":2,"name":"PNRR, Citt\u00e0 metropolitana e Ordine dei Commercialisti a confronto"}]},{"@type":"WebSite","@id":"https:\/\/progettotouring.it\/radiotouring104\/#website","url":"https:\/\/progettotouring.it\/radiotouring104\/","name":"Radio Touring 104","description":"La prima radio Reggina","publisher":{"@id":"https:\/\/progettotouring.it\/radiotouring104\/#organization"},"potentialAction":[{"@type":"SearchAction","target":{"@type":"EntryPoint","urlTemplate":"https:\/\/progettotouring.it\/radiotouring104\/?s={search_term_string}"},"query-input":{"@type":"PropertyValueSpecification","valueRequired":true,"valueName":"search_term_string"}}],"inLanguage":"it-IT"},{"@type":"Organization","@id":"https:\/\/progettotouring.it\/radiotouring104\/#organization","name":"Radio Touring 104","url":"https:\/\/progettotouring.it\/radiotouring104\/","logo":{"@type":"ImageObject","inLanguage":"it-IT","@id":"https:\/\/progettotouring.it\/radiotouring104\/#\/schema\/logo\/image\/","url":"https:\/\/progettotouring.it\/radiotouring104\/wp-content\/uploads\/sites\/6\/2022\/02\/cropped-logo-radio-touring-104.png","contentUrl":"https:\/\/progettotouring.it\/radiotouring104\/wp-content\/uploads\/sites\/6\/2022\/02\/cropped-logo-radio-touring-104.png","width":377,"height":182,"caption":"Radio Touring 104"},"image":{"@id":"https:\/\/progettotouring.it\/radiotouring104\/#\/schema\/logo\/image\/"}},{"@type":"Person","@id":"https:\/\/progettotouring.it\/radiotouring104\/#\/schema\/person\/f0ca1b839e26c1b921f796a3458a8574","name":"Paolo Frascati","image":{"@type":"ImageObject","inLanguage":"it-IT","@id":"https:\/\/secure.gravatar.com\/avatar\/acad0e44d6a6c69de2c2c1bf6aba094792ac51f1833e9c8a3760ba270d70b909?s=96&d=mm&r=g","url":"https:\/\/secure.gravatar.com\/avatar\/acad0e44d6a6c69de2c2c1bf6aba094792ac51f1833e9c8a3760ba270d70b909?s=96&d=mm&r=g","contentUrl":"https:\/\/secure.gravatar.com\/avatar\/acad0e44d6a6c69de2c2c1bf6aba094792ac51f1833e9c8a3760ba270d70b909?s=96&d=mm&r=g","caption":"Paolo Frascati"},"url":"https:\/\/progettotouring.it\/radiotouring104\/author\/paolofrascati\/"}]}},"jetpack_publicize_connections":[],"jetpack_featured_media_url":"https:\/\/progettotouring.it\/radiotouring104\/wp-content\/uploads\/sites\/6\/2022\/06\/pnrr-transizione-ecologica.jpg","jetpack_sharing_enabled":true,"_links":{"self":[{"href":"https:\/\/progettotouring.it\/radiotouring104\/wp-json\/wp\/v2\/posts\/7351","targetHints":{"allow":["GET"]}}],"collection":[{"href":"https:\/\/progettotouring.it\/radiotouring104\/wp-json\/wp\/v2\/posts"}],"about":[{"href":"https:\/\/progettotouring.it\/radiotouring104\/wp-json\/wp\/v2\/types\/post"}],"author":[{"embeddable":true,"href":"https:\/\/progettotouring.it\/radiotouring104\/wp-json\/wp\/v2\/users\/10"}],"replies":[{"embeddable":true,"href":"https:\/\/progettotouring.it\/radiotouring104\/wp-json\/wp\/v2\/comments?post=7351"}],"version-history":[{"count":1,"href":"https:\/\/progettotouring.it\/radiotouring104\/wp-json\/wp\/v2\/posts\/7351\/revisions"}],"predecessor-version":[{"id":7354,"href":"https:\/\/progettotouring.it\/radiotouring104\/wp-json\/wp\/v2\/posts\/7351\/revisions\/7354"}],"wp:featuredmedia":[{"embeddable":true,"href":"https:\/\/progettotouring.it\/radiotouring104\/wp-json\/wp\/v2\/media\/7353"}],"wp:attachment":[{"href":"https:\/\/progettotouring.it\/radiotouring104\/wp-json\/wp\/v2\/media?parent=7351"}],"wp:term":[{"taxonomy":"category","embeddable":true,"href":"https:\/\/progettotouring.it\/radiotouring104\/wp-json\/wp\/v2\/categories?post=7351"},{"taxonomy":"post_tag","embeddable":true,"href":"https:\/\/progettotouring.it\/radiotouring104\/wp-json\/wp\/v2\/tags?post=7351"}],"curies":[{"name":"wp","href":"https:\/\/api.w.org\/{rel}","templated":true}]}}