{"id":73563,"date":"2025-05-14T10:11:25","date_gmt":"2025-05-14T08:11:25","guid":{"rendered":"https:\/\/progettotouring.it\/radiotouring104\/?p=73563"},"modified":"2025-05-14T10:11:25","modified_gmt":"2025-05-14T08:11:25","slug":"reggio-il-big-easy-inaugura-il-premio-de-andre-e-ti-piace-lasciarti-ascoltare","status":"publish","type":"post","link":"https:\/\/progettotouring.it\/radiotouring104\/2025\/05\/14\/reggio-il-big-easy-inaugura-il-premio-de-andre-e-ti-piace-lasciarti-ascoltare\/","title":{"rendered":"Reggio: il Big Easy inaugura il Premio De Andr\u00e9 &#8220;E ti piace lasciarti ascoltare&#8221;"},"content":{"rendered":"<p style=\"text-align: justify\">In una terra dove le note si intrecciano con storie antiche e nuove visioni, il <strong>Premio Fabrizio De Andr\u00e9 sceglie Reggio Calabria per dare il via al suo tour nazionale 2025 &#8220;E ti piace lasciarti ascoltare&#8221;. <\/strong><\/p>\n<p style=\"text-align: justify\">La XXIV edizione di questo prestigioso riconoscimento, <strong>patrocinato dalla Fondazione De Andr\u00e9 Onlus presieduta da Dori Ghezzi<\/strong>, illuminer\u00e0 il <strong>Big Easy Music Club<\/strong> il prossimo <strong>30 maggio alle ore 20,30<\/strong>, offrendo un palcoscenico d&#8217;eccezione ai talenti emergenti calabresi.<\/p>\n<p style=\"text-align: justify\"><strong>Dieci artisti<\/strong>, i cui nomi saranno rivelati a breve, <strong>si esibiranno davanti al pubblico e alla commissione composta da<\/strong> figure di primo piano del panorama musicale italiano: la cantautrice e scrittrice <strong>Teresa De Sio<\/strong>, <strong>Pietro D&#8217;Ottavio<\/strong> (giornalista e critico musicale), <strong>Luisa Melis<\/strong> (Direttore artistico del Premio De Andr\u00e9), <strong>Teresa Mariano<\/strong> (manager di artisti come Negramaro, Caparezza e Roy Paci).<\/p>\n<p style=\"text-align: justify\">Questi professionisti non solo sceglieranno il semifinalista &#8211; che acceder\u00e0 direttamente alle fasi nazionali del Premio &#8211; ma si metteranno a disposizione degli artisti in un momento di confronto diretto, l&#8217;<strong>&#8220;Aula Aperta&#8221;<\/strong>, previsto per il 31 maggio, sempre a Reggio Calabria.<\/p>\n<p style=\"text-align: justify\"><strong>Alessio Lagan\u00e0<\/strong>, <strong>promoter esclusivo regionale del Premio De Andr\u00e9 per la Calabria<\/strong>, con passione e determinazione <strong>ha creato il ponte tra gli organizzatori nazionali e la realt\u00e0 calabrese, selezionando i dieci artisti \u2013 provenienti da ogni angolo della Calabria &#8211; che prenderanno parte alla finale regionale.<\/strong><\/p>\n<p style=\"text-align: justify\">Grazie alla sua visione e al supporto dell&#8217;intero <strong>team del Big Easy Music Club<\/strong>, vero e proprio hub culturale di Reggio Calabria, Lagan\u00e0 ha dato vita a un&#8217;operazione culturale che va ben oltre il semplice evento. Un lavoro meticoloso ha permesso la selezione di 10 artisti calabresi che rappresentano l&#8217;eccellenza musicale del territorio: <em>&#8220;Portare la prima tappa del tour nazionale a Reggio Calabria significa dare visibilit\u00e0 a una scena artistica vivace e in fermento, che merita di essere conosciuta,&#8221;<\/em> sottolinea Lagan\u00e0, che da anni lavora per la promozione dei talenti calabresi e della musica internazionale in Calabria. <em>&#8220;Una nuova Calabria della musica d&#8217;autore che ci fa sentire orgogliosi, che ci racconta la freschezza, l&#8217;originalit\u00e0 e la contemporaneit\u00e0 di artisti che hanno tutti i numeri per far parte della scena musicale nazionale e internazionale, con brani che toccano ogni genere e sonorit\u00e0&#8221;.<\/em><\/p>\n<p style=\"text-align: justify\">Il <strong>Big Easy Music Club<\/strong> non si limita a ospitare <strong>l&#8217;evento, volutamente aperto a tutti a ingresso libero e fino a esaurimento posti,<\/strong> ma ne diventa protagonista attivo, confermando la sua vocazione <strong>di incubatore e punto di riferimento: <\/strong>un progetto collettivo che coinvolge l&#8217;intera comunit\u00e0 musicale calabrese.<\/p>\n<p style=\"text-align: justify\">Da oltre vent&#8217;anni<strong>, il Premio De Andr\u00e9 rappresenta molto pi\u00f9 di un semplice concorso musicale: \u00e8 un&#8217;eredit\u00e0 viva del pensiero rivoluzionario di un artista che ha fatto della libert\u00e0 espressiva e dell&#8217;autenticit\u00e0 le sue bandiere.<\/strong> Lo spirito di Fabrizio De Andr\u00e9 continua a vivere in <strong>questa iniziativa che non cerca &#8220;vincitori&#8221;, ma artisti capaci di esprimere\u00a0 la propria verit\u00e0 senza filtri<\/strong>.<\/p>\n<p style=\"text-align: justify\">Patrocinato dalla\u00a0<strong>Fondazione Fabrizio De Andr\u00e9 Onlus<\/strong>\u00a0e organizzato da\u00a0<strong>iCompany<\/strong>, con la direzione artistica di\u00a0Luisa Melis, il Premio ha come scopo quello di stimolare una creativit\u00e0 libera e scevra da tendenze legate ai concetti di commerciabilit\u00e0, al fine di favorire l\u2019originalit\u00e0 e la vitalit\u00e0 delle nuove produzioni artistiche.<\/p>\n<p style=\"text-align: justify\">\n<p style=\"text-align: justify\"><strong>L&#8217;evento reggino rappresenta solo l&#8217;inizio di un viaggio<\/strong> che si concluder\u00e0 con la <strong>finale nazionale nella piazza romana intitolata al grande cantautore in settembre<\/strong>, ma segna gi\u00e0 un passaggio significativo: <strong>il riconoscimento di una Calabria capace di far fiorire bellezza e arte.<\/strong><\/p>\n<p style=\"text-align: justify\"><strong>\u00a0<\/strong><\/p>\n<p style=\"text-align: justify\"><strong>Data e luogo<\/strong>: 30 maggio 2025 ore 20,30, Big Easy Music Club, Reggio Calabria<br \/>\n<strong>Ingresso<\/strong>: Libero fino a esaurimento posti<br \/>\n<strong>Evento &#8220;Aula Aperta&#8221;<\/strong>: 31 maggio 2025<\/p>\n<p style=\"text-align: justify\"><strong>Per maggiori informazioni:<\/strong><\/p>\n<p style=\"text-align: justify\">\n\ud83d\udce7 <a href=\"mailto:info@bigeasymusicclub.com\">info@bigeasymusicclub.com<\/a> \ud83d\udcde +39 335 667 9730 \ud83c\udf10 <a href=\"https:\/\/www.bigeasymusicclub.com\/\">https:\/\/www.bigeasymusicclub.com\/<\/a><\/p>\n<p style=\"text-align: justify\">\n<ul style=\"text-align: justify\">\n<li><a href=\"https:\/\/www.facebook.com\/bigeasymusicclub?locale=it_IT\">https:\/\/www.facebook.com\/bigeasymusicclub?locale=it_IT<\/a><\/li>\n<\/ul>\n<p style=\"text-align: justify\">\n<ul>\n<li style=\"text-align: justify\"><a href=\"https:\/\/www.instagram.com\/bigeasymusicclub\/\">https:\/\/www.instagram.com\/bigeasymusicclub\/<\/a><\/li>\n<\/ul>\n","protected":false},"excerpt":{"rendered":"<p>In una terra dove le note si intrecciano con storie antiche e nuove visioni, il Premio Fabrizio De Andr\u00e9 sceglie Reggio Calabria per dare il via al suo tour nazionale&hellip;<\/p>\n","protected":false},"author":12,"featured_media":73564,"comment_status":"closed","ping_status":"open","sticky":false,"template":"","format":"standard","meta":{"_jetpack_memberships_contains_paid_content":false,"footnotes":"","jetpack_publicize_message":"","jetpack_publicize_feature_enabled":true,"jetpack_social_post_already_shared":true,"jetpack_social_options":{"image_generator_settings":{"template":"highway","default_image_id":0,"font":"","enabled":false},"version":2}},"categories":[921,196],"tags":[43555,8254,43556,43557],"class_list":["post-73563","post","type-post","status-publish","format-standard","has-post-thumbnail","hentry","category-home","category-news","tag-e-ti-piace-lasciarti-ascoltare","tag-alessio-lagana","tag-big-easy","tag-tour-2025"],"yoast_head":"<!-- This site is optimized with the Yoast SEO plugin v27.2 - https:\/\/yoast.com\/product\/yoast-seo-wordpress\/ -->\n<title>Reggio: il Big Easy inaugura il Premio De Andr\u00e9 &quot;E ti piace lasciarti ascoltare&quot; - Radio Touring 104<\/title>\n<meta name=\"description\" content=\"Il Big Easy inaugurer\u00e0 il tour 2025 del Premio De Andr\u00e9, il 30 maggio, alle 20:30 con un grande live e la scelta del semifinalista nazionale\u00a0\" \/>\n<meta name=\"robots\" content=\"index, follow, max-snippet:-1, max-image-preview:large, max-video-preview:-1\" \/>\n<link rel=\"canonical\" href=\"https:\/\/progettotouring.it\/radiotouring104\/2025\/05\/14\/reggio-il-big-easy-inaugura-il-premio-de-andre-e-ti-piace-lasciarti-ascoltare\/\" \/>\n<meta property=\"og:locale\" content=\"it_IT\" \/>\n<meta property=\"og:type\" content=\"article\" \/>\n<meta property=\"og:title\" content=\"Reggio: il Big Easy inaugura il Premio De Andr\u00e9 &quot;E ti piace lasciarti ascoltare&quot; - Radio Touring 104\" \/>\n<meta property=\"og:description\" content=\"Il Big Easy inaugurer\u00e0 il tour 2025 del Premio De Andr\u00e9, il 30 maggio, alle 20:30 con un grande live e la scelta del semifinalista nazionale\u00a0\" \/>\n<meta property=\"og:url\" content=\"https:\/\/progettotouring.it\/radiotouring104\/2025\/05\/14\/reggio-il-big-easy-inaugura-il-premio-de-andre-e-ti-piace-lasciarti-ascoltare\/\" \/>\n<meta property=\"og:site_name\" content=\"Radio Touring 104\" \/>\n<meta property=\"article:published_time\" content=\"2025-05-14T08:11:25+00:00\" \/>\n<meta property=\"og:image\" content=\"https:\/\/progettotouring.it\/radiotouring104\/wp-content\/uploads\/sites\/6\/2025\/05\/Big-Easy-De-Andre.png\" \/>\n\t<meta property=\"og:image:width\" content=\"791\" \/>\n\t<meta property=\"og:image:height\" content=\"462\" \/>\n\t<meta property=\"og:image:type\" content=\"image\/png\" \/>\n<meta name=\"author\" content=\"Sebastiano Plutino\" \/>\n<meta name=\"twitter:card\" content=\"summary_large_image\" \/>\n<meta name=\"twitter:label1\" content=\"Scritto da\" \/>\n\t<meta name=\"twitter:data1\" content=\"Sebastiano Plutino\" \/>\n\t<meta name=\"twitter:label2\" content=\"Tempo di lettura stimato\" \/>\n\t<meta name=\"twitter:data2\" content=\"3 minuti\" \/>\n<script type=\"application\/ld+json\" class=\"yoast-schema-graph\">{\"@context\":\"https:\/\/schema.org\",\"@graph\":[{\"@type\":\"Article\",\"@id\":\"https:\/\/progettotouring.it\/radiotouring104\/2025\/05\/14\/reggio-il-big-easy-inaugura-il-premio-de-andre-e-ti-piace-lasciarti-ascoltare\/#article\",\"isPartOf\":{\"@id\":\"https:\/\/progettotouring.it\/radiotouring104\/2025\/05\/14\/reggio-il-big-easy-inaugura-il-premio-de-andre-e-ti-piace-lasciarti-ascoltare\/\"},\"author\":{\"name\":\"Sebastiano Plutino\",\"@id\":\"https:\/\/progettotouring.it\/radiotouring104\/#\/schema\/person\/78613917f1851f041f7483f5af1d422e\"},\"headline\":\"Reggio: il Big Easy inaugura il Premio De Andr\u00e9 &#8220;E ti piace lasciarti ascoltare&#8221;\",\"datePublished\":\"2025-05-14T08:11:25+00:00\",\"mainEntityOfPage\":{\"@id\":\"https:\/\/progettotouring.it\/radiotouring104\/2025\/05\/14\/reggio-il-big-easy-inaugura-il-premio-de-andre-e-ti-piace-lasciarti-ascoltare\/\"},\"wordCount\":614,\"publisher\":{\"@id\":\"https:\/\/progettotouring.it\/radiotouring104\/#organization\"},\"image\":{\"@id\":\"https:\/\/progettotouring.it\/radiotouring104\/2025\/05\/14\/reggio-il-big-easy-inaugura-il-premio-de-andre-e-ti-piace-lasciarti-ascoltare\/#primaryimage\"},\"thumbnailUrl\":\"https:\/\/progettotouring.it\/radiotouring104\/wp-content\/uploads\/sites\/6\/2025\/05\/Big-Easy-De-Andre.png\",\"keywords\":[\"\\\"E ti piace lasciarti ascoltare\\\"\",\"Alessio Lagan\u00e0\",\"Big Easy\",\"tour 2025\"],\"articleSection\":[\"Home\",\"News\"],\"inLanguage\":\"it-IT\"},{\"@type\":\"WebPage\",\"@id\":\"https:\/\/progettotouring.it\/radiotouring104\/2025\/05\/14\/reggio-il-big-easy-inaugura-il-premio-de-andre-e-ti-piace-lasciarti-ascoltare\/\",\"url\":\"https:\/\/progettotouring.it\/radiotouring104\/2025\/05\/14\/reggio-il-big-easy-inaugura-il-premio-de-andre-e-ti-piace-lasciarti-ascoltare\/\",\"name\":\"Reggio: il Big Easy inaugura il Premio De Andr\u00e9 \\\"E ti piace lasciarti ascoltare\\\" - Radio Touring 104\",\"isPartOf\":{\"@id\":\"https:\/\/progettotouring.it\/radiotouring104\/#website\"},\"primaryImageOfPage\":{\"@id\":\"https:\/\/progettotouring.it\/radiotouring104\/2025\/05\/14\/reggio-il-big-easy-inaugura-il-premio-de-andre-e-ti-piace-lasciarti-ascoltare\/#primaryimage\"},\"image\":{\"@id\":\"https:\/\/progettotouring.it\/radiotouring104\/2025\/05\/14\/reggio-il-big-easy-inaugura-il-premio-de-andre-e-ti-piace-lasciarti-ascoltare\/#primaryimage\"},\"thumbnailUrl\":\"https:\/\/progettotouring.it\/radiotouring104\/wp-content\/uploads\/sites\/6\/2025\/05\/Big-Easy-De-Andre.png\",\"datePublished\":\"2025-05-14T08:11:25+00:00\",\"description\":\"Il Big Easy inaugurer\u00e0 il tour 2025 del Premio De Andr\u00e9, il 30 maggio, alle 20:30 con un grande live e la scelta del semifinalista nazionale\u00a0\",\"breadcrumb\":{\"@id\":\"https:\/\/progettotouring.it\/radiotouring104\/2025\/05\/14\/reggio-il-big-easy-inaugura-il-premio-de-andre-e-ti-piace-lasciarti-ascoltare\/#breadcrumb\"},\"inLanguage\":\"it-IT\",\"potentialAction\":[{\"@type\":\"ReadAction\",\"target\":[\"https:\/\/progettotouring.it\/radiotouring104\/2025\/05\/14\/reggio-il-big-easy-inaugura-il-premio-de-andre-e-ti-piace-lasciarti-ascoltare\/\"]}]},{\"@type\":\"ImageObject\",\"inLanguage\":\"it-IT\",\"@id\":\"https:\/\/progettotouring.it\/radiotouring104\/2025\/05\/14\/reggio-il-big-easy-inaugura-il-premio-de-andre-e-ti-piace-lasciarti-ascoltare\/#primaryimage\",\"url\":\"https:\/\/progettotouring.it\/radiotouring104\/wp-content\/uploads\/sites\/6\/2025\/05\/Big-Easy-De-Andre.png\",\"contentUrl\":\"https:\/\/progettotouring.it\/radiotouring104\/wp-content\/uploads\/sites\/6\/2025\/05\/Big-Easy-De-Andre.png\",\"width\":791,\"height\":462},{\"@type\":\"BreadcrumbList\",\"@id\":\"https:\/\/progettotouring.it\/radiotouring104\/2025\/05\/14\/reggio-il-big-easy-inaugura-il-premio-de-andre-e-ti-piace-lasciarti-ascoltare\/#breadcrumb\",\"itemListElement\":[{\"@type\":\"ListItem\",\"position\":1,\"name\":\"Home\",\"item\":\"https:\/\/progettotouring.it\/radiotouring104\/\"},{\"@type\":\"ListItem\",\"position\":2,\"name\":\"Reggio: il Big Easy inaugura il Premio De Andr\u00e9 &#8220;E ti piace lasciarti ascoltare&#8221;\"}]},{\"@type\":\"WebSite\",\"@id\":\"https:\/\/progettotouring.it\/radiotouring104\/#website\",\"url\":\"https:\/\/progettotouring.it\/radiotouring104\/\",\"name\":\"Radio Touring 104\",\"description\":\"La prima radio Reggina\",\"publisher\":{\"@id\":\"https:\/\/progettotouring.it\/radiotouring104\/#organization\"},\"potentialAction\":[{\"@type\":\"SearchAction\",\"target\":{\"@type\":\"EntryPoint\",\"urlTemplate\":\"https:\/\/progettotouring.it\/radiotouring104\/?s={search_term_string}\"},\"query-input\":{\"@type\":\"PropertyValueSpecification\",\"valueRequired\":true,\"valueName\":\"search_term_string\"}}],\"inLanguage\":\"it-IT\"},{\"@type\":\"Organization\",\"@id\":\"https:\/\/progettotouring.it\/radiotouring104\/#organization\",\"name\":\"Radio Touring 104\",\"url\":\"https:\/\/progettotouring.it\/radiotouring104\/\",\"logo\":{\"@type\":\"ImageObject\",\"inLanguage\":\"it-IT\",\"@id\":\"https:\/\/progettotouring.it\/radiotouring104\/#\/schema\/logo\/image\/\",\"url\":\"https:\/\/progettotouring.it\/radiotouring104\/wp-content\/uploads\/sites\/6\/2022\/02\/cropped-logo-radio-touring-104.png\",\"contentUrl\":\"https:\/\/progettotouring.it\/radiotouring104\/wp-content\/uploads\/sites\/6\/2022\/02\/cropped-logo-radio-touring-104.png\",\"width\":377,\"height\":182,\"caption\":\"Radio Touring 104\"},\"image\":{\"@id\":\"https:\/\/progettotouring.it\/radiotouring104\/#\/schema\/logo\/image\/\"}},{\"@type\":\"Person\",\"@id\":\"https:\/\/progettotouring.it\/radiotouring104\/#\/schema\/person\/78613917f1851f041f7483f5af1d422e\",\"name\":\"Sebastiano Plutino\",\"image\":{\"@type\":\"ImageObject\",\"inLanguage\":\"it-IT\",\"@id\":\"https:\/\/secure.gravatar.com\/avatar\/0546ffaa9b79224faf9f2a156b67a529ae861d3287c66c1d8ccfdf909bcba78d?s=96&d=mm&r=g\",\"url\":\"https:\/\/secure.gravatar.com\/avatar\/0546ffaa9b79224faf9f2a156b67a529ae861d3287c66c1d8ccfdf909bcba78d?s=96&d=mm&r=g\",\"contentUrl\":\"https:\/\/secure.gravatar.com\/avatar\/0546ffaa9b79224faf9f2a156b67a529ae861d3287c66c1d8ccfdf909bcba78d?s=96&d=mm&r=g\",\"caption\":\"Sebastiano Plutino\"},\"url\":\"https:\/\/progettotouring.it\/radiotouring104\/author\/sebastiano\/\"}]}<\/script>\n<!-- \/ Yoast SEO plugin. -->","yoast_head_json":{"title":"Reggio: il Big Easy inaugura il Premio De Andr\u00e9 \"E ti piace lasciarti ascoltare\" - Radio Touring 104","description":"Il Big Easy inaugurer\u00e0 il tour 2025 del Premio De Andr\u00e9, il 30 maggio, alle 20:30 con un grande live e la scelta del semifinalista nazionale\u00a0","robots":{"index":"index","follow":"follow","max-snippet":"max-snippet:-1","max-image-preview":"max-image-preview:large","max-video-preview":"max-video-preview:-1"},"canonical":"https:\/\/progettotouring.it\/radiotouring104\/2025\/05\/14\/reggio-il-big-easy-inaugura-il-premio-de-andre-e-ti-piace-lasciarti-ascoltare\/","og_locale":"it_IT","og_type":"article","og_title":"Reggio: il Big Easy inaugura il Premio De Andr\u00e9 \"E ti piace lasciarti ascoltare\" - Radio Touring 104","og_description":"Il Big Easy inaugurer\u00e0 il tour 2025 del Premio De Andr\u00e9, il 30 maggio, alle 20:30 con un grande live e la scelta del semifinalista nazionale\u00a0","og_url":"https:\/\/progettotouring.it\/radiotouring104\/2025\/05\/14\/reggio-il-big-easy-inaugura-il-premio-de-andre-e-ti-piace-lasciarti-ascoltare\/","og_site_name":"Radio Touring 104","article_published_time":"2025-05-14T08:11:25+00:00","og_image":[{"width":791,"height":462,"url":"https:\/\/progettotouring.it\/radiotouring104\/wp-content\/uploads\/sites\/6\/2025\/05\/Big-Easy-De-Andre.png","type":"image\/png"}],"author":"Sebastiano Plutino","twitter_card":"summary_large_image","twitter_misc":{"Scritto da":"Sebastiano Plutino","Tempo di lettura stimato":"3 minuti"},"schema":{"@context":"https:\/\/schema.org","@graph":[{"@type":"Article","@id":"https:\/\/progettotouring.it\/radiotouring104\/2025\/05\/14\/reggio-il-big-easy-inaugura-il-premio-de-andre-e-ti-piace-lasciarti-ascoltare\/#article","isPartOf":{"@id":"https:\/\/progettotouring.it\/radiotouring104\/2025\/05\/14\/reggio-il-big-easy-inaugura-il-premio-de-andre-e-ti-piace-lasciarti-ascoltare\/"},"author":{"name":"Sebastiano Plutino","@id":"https:\/\/progettotouring.it\/radiotouring104\/#\/schema\/person\/78613917f1851f041f7483f5af1d422e"},"headline":"Reggio: il Big Easy inaugura il Premio De Andr\u00e9 &#8220;E ti piace lasciarti ascoltare&#8221;","datePublished":"2025-05-14T08:11:25+00:00","mainEntityOfPage":{"@id":"https:\/\/progettotouring.it\/radiotouring104\/2025\/05\/14\/reggio-il-big-easy-inaugura-il-premio-de-andre-e-ti-piace-lasciarti-ascoltare\/"},"wordCount":614,"publisher":{"@id":"https:\/\/progettotouring.it\/radiotouring104\/#organization"},"image":{"@id":"https:\/\/progettotouring.it\/radiotouring104\/2025\/05\/14\/reggio-il-big-easy-inaugura-il-premio-de-andre-e-ti-piace-lasciarti-ascoltare\/#primaryimage"},"thumbnailUrl":"https:\/\/progettotouring.it\/radiotouring104\/wp-content\/uploads\/sites\/6\/2025\/05\/Big-Easy-De-Andre.png","keywords":["\"E ti piace lasciarti ascoltare\"","Alessio Lagan\u00e0","Big Easy","tour 2025"],"articleSection":["Home","News"],"inLanguage":"it-IT"},{"@type":"WebPage","@id":"https:\/\/progettotouring.it\/radiotouring104\/2025\/05\/14\/reggio-il-big-easy-inaugura-il-premio-de-andre-e-ti-piace-lasciarti-ascoltare\/","url":"https:\/\/progettotouring.it\/radiotouring104\/2025\/05\/14\/reggio-il-big-easy-inaugura-il-premio-de-andre-e-ti-piace-lasciarti-ascoltare\/","name":"Reggio: il Big Easy inaugura il Premio De Andr\u00e9 \"E ti piace lasciarti ascoltare\" - Radio Touring 104","isPartOf":{"@id":"https:\/\/progettotouring.it\/radiotouring104\/#website"},"primaryImageOfPage":{"@id":"https:\/\/progettotouring.it\/radiotouring104\/2025\/05\/14\/reggio-il-big-easy-inaugura-il-premio-de-andre-e-ti-piace-lasciarti-ascoltare\/#primaryimage"},"image":{"@id":"https:\/\/progettotouring.it\/radiotouring104\/2025\/05\/14\/reggio-il-big-easy-inaugura-il-premio-de-andre-e-ti-piace-lasciarti-ascoltare\/#primaryimage"},"thumbnailUrl":"https:\/\/progettotouring.it\/radiotouring104\/wp-content\/uploads\/sites\/6\/2025\/05\/Big-Easy-De-Andre.png","datePublished":"2025-05-14T08:11:25+00:00","description":"Il Big Easy inaugurer\u00e0 il tour 2025 del Premio De Andr\u00e9, il 30 maggio, alle 20:30 con un grande live e la scelta del semifinalista nazionale\u00a0","breadcrumb":{"@id":"https:\/\/progettotouring.it\/radiotouring104\/2025\/05\/14\/reggio-il-big-easy-inaugura-il-premio-de-andre-e-ti-piace-lasciarti-ascoltare\/#breadcrumb"},"inLanguage":"it-IT","potentialAction":[{"@type":"ReadAction","target":["https:\/\/progettotouring.it\/radiotouring104\/2025\/05\/14\/reggio-il-big-easy-inaugura-il-premio-de-andre-e-ti-piace-lasciarti-ascoltare\/"]}]},{"@type":"ImageObject","inLanguage":"it-IT","@id":"https:\/\/progettotouring.it\/radiotouring104\/2025\/05\/14\/reggio-il-big-easy-inaugura-il-premio-de-andre-e-ti-piace-lasciarti-ascoltare\/#primaryimage","url":"https:\/\/progettotouring.it\/radiotouring104\/wp-content\/uploads\/sites\/6\/2025\/05\/Big-Easy-De-Andre.png","contentUrl":"https:\/\/progettotouring.it\/radiotouring104\/wp-content\/uploads\/sites\/6\/2025\/05\/Big-Easy-De-Andre.png","width":791,"height":462},{"@type":"BreadcrumbList","@id":"https:\/\/progettotouring.it\/radiotouring104\/2025\/05\/14\/reggio-il-big-easy-inaugura-il-premio-de-andre-e-ti-piace-lasciarti-ascoltare\/#breadcrumb","itemListElement":[{"@type":"ListItem","position":1,"name":"Home","item":"https:\/\/progettotouring.it\/radiotouring104\/"},{"@type":"ListItem","position":2,"name":"Reggio: il Big Easy inaugura il Premio De Andr\u00e9 &#8220;E ti piace lasciarti ascoltare&#8221;"}]},{"@type":"WebSite","@id":"https:\/\/progettotouring.it\/radiotouring104\/#website","url":"https:\/\/progettotouring.it\/radiotouring104\/","name":"Radio Touring 104","description":"La prima radio Reggina","publisher":{"@id":"https:\/\/progettotouring.it\/radiotouring104\/#organization"},"potentialAction":[{"@type":"SearchAction","target":{"@type":"EntryPoint","urlTemplate":"https:\/\/progettotouring.it\/radiotouring104\/?s={search_term_string}"},"query-input":{"@type":"PropertyValueSpecification","valueRequired":true,"valueName":"search_term_string"}}],"inLanguage":"it-IT"},{"@type":"Organization","@id":"https:\/\/progettotouring.it\/radiotouring104\/#organization","name":"Radio Touring 104","url":"https:\/\/progettotouring.it\/radiotouring104\/","logo":{"@type":"ImageObject","inLanguage":"it-IT","@id":"https:\/\/progettotouring.it\/radiotouring104\/#\/schema\/logo\/image\/","url":"https:\/\/progettotouring.it\/radiotouring104\/wp-content\/uploads\/sites\/6\/2022\/02\/cropped-logo-radio-touring-104.png","contentUrl":"https:\/\/progettotouring.it\/radiotouring104\/wp-content\/uploads\/sites\/6\/2022\/02\/cropped-logo-radio-touring-104.png","width":377,"height":182,"caption":"Radio Touring 104"},"image":{"@id":"https:\/\/progettotouring.it\/radiotouring104\/#\/schema\/logo\/image\/"}},{"@type":"Person","@id":"https:\/\/progettotouring.it\/radiotouring104\/#\/schema\/person\/78613917f1851f041f7483f5af1d422e","name":"Sebastiano Plutino","image":{"@type":"ImageObject","inLanguage":"it-IT","@id":"https:\/\/secure.gravatar.com\/avatar\/0546ffaa9b79224faf9f2a156b67a529ae861d3287c66c1d8ccfdf909bcba78d?s=96&d=mm&r=g","url":"https:\/\/secure.gravatar.com\/avatar\/0546ffaa9b79224faf9f2a156b67a529ae861d3287c66c1d8ccfdf909bcba78d?s=96&d=mm&r=g","contentUrl":"https:\/\/secure.gravatar.com\/avatar\/0546ffaa9b79224faf9f2a156b67a529ae861d3287c66c1d8ccfdf909bcba78d?s=96&d=mm&r=g","caption":"Sebastiano Plutino"},"url":"https:\/\/progettotouring.it\/radiotouring104\/author\/sebastiano\/"}]}},"jetpack_publicize_connections":[],"jetpack_featured_media_url":"https:\/\/progettotouring.it\/radiotouring104\/wp-content\/uploads\/sites\/6\/2025\/05\/Big-Easy-De-Andre.png","jetpack_sharing_enabled":true,"_links":{"self":[{"href":"https:\/\/progettotouring.it\/radiotouring104\/wp-json\/wp\/v2\/posts\/73563","targetHints":{"allow":["GET"]}}],"collection":[{"href":"https:\/\/progettotouring.it\/radiotouring104\/wp-json\/wp\/v2\/posts"}],"about":[{"href":"https:\/\/progettotouring.it\/radiotouring104\/wp-json\/wp\/v2\/types\/post"}],"author":[{"embeddable":true,"href":"https:\/\/progettotouring.it\/radiotouring104\/wp-json\/wp\/v2\/users\/12"}],"replies":[{"embeddable":true,"href":"https:\/\/progettotouring.it\/radiotouring104\/wp-json\/wp\/v2\/comments?post=73563"}],"version-history":[{"count":1,"href":"https:\/\/progettotouring.it\/radiotouring104\/wp-json\/wp\/v2\/posts\/73563\/revisions"}],"predecessor-version":[{"id":73566,"href":"https:\/\/progettotouring.it\/radiotouring104\/wp-json\/wp\/v2\/posts\/73563\/revisions\/73566"}],"wp:featuredmedia":[{"embeddable":true,"href":"https:\/\/progettotouring.it\/radiotouring104\/wp-json\/wp\/v2\/media\/73564"}],"wp:attachment":[{"href":"https:\/\/progettotouring.it\/radiotouring104\/wp-json\/wp\/v2\/media?parent=73563"}],"wp:term":[{"taxonomy":"category","embeddable":true,"href":"https:\/\/progettotouring.it\/radiotouring104\/wp-json\/wp\/v2\/categories?post=73563"},{"taxonomy":"post_tag","embeddable":true,"href":"https:\/\/progettotouring.it\/radiotouring104\/wp-json\/wp\/v2\/tags?post=73563"}],"curies":[{"name":"wp","href":"https:\/\/api.w.org\/{rel}","templated":true}]}}