{"id":73570,"date":"2025-05-14T10:34:28","date_gmt":"2025-05-14T08:34:28","guid":{"rendered":"https:\/\/progettotouring.it\/radiotouring104\/?p=73570"},"modified":"2025-05-14T10:34:28","modified_gmt":"2025-05-14T08:34:28","slug":"rosarno-via-libera-ai-lavori-per-la-nuova-mensa-scolastica","status":"publish","type":"post","link":"https:\/\/progettotouring.it\/radiotouring104\/2025\/05\/14\/rosarno-via-libera-ai-lavori-per-la-nuova-mensa-scolastica\/","title":{"rendered":"Rosarno: via libera ai lavori per la nuova mensa scolastica"},"content":{"rendered":"<p style=\"text-align: justify\">L\u2019Amministrazione Comunale di Rosarno, guidata dal sindaco Pasquale Cutr\u00ec, comunica con soddisfazione l\u2019aggiudicazione definitiva dell\u2019appalto per la realizzazione della nuova mensa a servizio della scuola dell\u2019infanzia in localit\u00e0 Bosco \u2013 Stradone V, nell\u2019ambito del Piano Nazionale di Ripresa e Resilienza (PNRR), Missione 4 \u2013 Istruzione e Ricerca, componente 1 \u2013 potenziamento dell\u2019offerta dei servizi di istruzione, investimento 1.2 \u201cPiano di estensione del tempo pieno e mense\u201d. Il progetto, interamente finanziato dall\u2019Unione Europea \u2013 Next Generation EU, ha un importo complessivo pari a 1.070.400,00 euro, e rappresenta un importante intervento volto a migliorare la qualit\u00e0 del sistema scolastico cittadino, promuovendo l\u2019estensione del tempo pieno e fornendo un supporto concreto alle esigenze delle famiglie.<\/p>\n<p style=\"text-align: justify\">L\u2019aggiudicazione dei lavori \u00e8 avvenuta a seguito di procedura negoziata tramite piattaforma Tuttogare, con consultazione di cinque operatori economici. Ad aggiudicarsi l\u2019appalto \u00e8 stata la ditta S.F. Costruzioni S.R.L., con sede in Vibo Valentia, che ha presentato un ribasso del 4,4% sull\u2019importo base, per un totale lavori di \u20ac 691.453,85 oltre IVA, comprensivi degli oneri per la sicurezza. Il contratto d\u2019appalto \u00e8 stato sottoscritto il 12 maggio 2025, e i lavori inizieranno ufficialmente venerd\u00ec 16 maggio 2025. La Giunta Comunale, con delibera n. 128 del 2 settembre 2024, ha dato indirizzo al Responsabile Unico del Procedimento, Arch. Domenica Corigliano, di procedere con l\u2019adesione alla misura ministeriale per la realizzazione dell\u2019opera, avviando cos\u00ec l\u2019iter che ha portato alla concreta attivazione del finanziamento.<\/p>\n<p style=\"text-align: justify\">A sottolineare l\u2019importanza dell\u2019intervento \u00e8 il vicesindaco con delega ai lavori pubblici, Teodoro De Maria, che dichiara: \u00ab Grande entusiasmo per questo importante traguardo. Vista la difficile situazione delle mense scolastiche presente a Rosarno, con il cibo che veniva portato ai bambini e preparato fuori dal territorio, ho prestato sin da subito attenzione alla questione. Mi sono prodigato al fine di ottenere il finanziamento per la costruzione della mensa, dove sar\u00e0 possibile cucinare in loco il cibo. Sar\u00e0 costruita al Bosco, ma potr\u00e0 essere a disposizione di tutte le scuole di Rosarno\u00bb. La realizzazione della mensa rappresenta un passo fondamentale nel miglioramento delle strutture educative del territorio e una risposta concreta al bisogno di conciliazione tra tempi di vita e lavoro delle famiglie. L\u2019Amministrazione Comunale continuer\u00e0 a seguire con attenzione l\u2019evoluzione del progetto, assicurando il rispetto dei tempi e degli standard qualitativi previsti, nella ferma convinzione che investire nella scuola significhi investire nel futuro della comunit\u00e0.<\/p>\n","protected":false},"excerpt":{"rendered":"<p>L\u2019Amministrazione Comunale di Rosarno, guidata dal sindaco Pasquale Cutr\u00ec, comunica con soddisfazione l\u2019aggiudicazione definitiva dell\u2019appalto per la realizzazione della nuova mensa a servizio della scuola dell\u2019infanzia in localit\u00e0 Bosco \u2013&hellip;<\/p>\n","protected":false},"author":12,"featured_media":73572,"comment_status":"closed","ping_status":"open","sticky":false,"template":"","format":"standard","meta":{"_jetpack_memberships_contains_paid_content":false,"footnotes":"","jetpack_publicize_message":"","jetpack_publicize_feature_enabled":true,"jetpack_social_post_already_shared":true,"jetpack_social_options":{"image_generator_settings":{"template":"highway","default_image_id":0,"font":"","enabled":false},"version":2}},"categories":[921,196,140],"tags":[43560,30372,43562,43559,43561],"class_list":["post-73570","post","type-post","status-publish","format-standard","has-post-thumbnail","hentry","category-home","category-news","category-reggio-calabria","tag-aggiudicazione-appalto","tag-comune-rosarno","tag-localita-bosco-stradone-v","tag-mensa-scolastica","tag-via-ai-lavori"],"yoast_head":"<!-- This site is optimized with the Yoast SEO plugin v27.2 - https:\/\/yoast.com\/product\/yoast-seo-wordpress\/ -->\n<title>Rosarno: via libera ai lavori per la nuova mensa scolastica<\/title>\n<meta name=\"description\" content=\"L\u2019Amministrazione Comunale di Rosarno comunica l&#039;aggiudicazione dell&#039;appalto della nuova mensa scolastica, in localit\u00e0 Bosco \u2013 Stradone V\" \/>\n<meta name=\"robots\" content=\"index, follow, max-snippet:-1, max-image-preview:large, max-video-preview:-1\" \/>\n<link rel=\"canonical\" href=\"https:\/\/progettotouring.it\/radiotouring104\/2025\/05\/14\/rosarno-via-libera-ai-lavori-per-la-nuova-mensa-scolastica\/\" \/>\n<meta property=\"og:locale\" content=\"it_IT\" \/>\n<meta property=\"og:type\" content=\"article\" \/>\n<meta property=\"og:title\" content=\"Rosarno: via libera ai lavori per la nuova mensa scolastica\" \/>\n<meta property=\"og:description\" content=\"L\u2019Amministrazione Comunale di Rosarno comunica l&#039;aggiudicazione dell&#039;appalto della nuova mensa scolastica, in localit\u00e0 Bosco \u2013 Stradone V\" \/>\n<meta property=\"og:url\" content=\"https:\/\/progettotouring.it\/radiotouring104\/2025\/05\/14\/rosarno-via-libera-ai-lavori-per-la-nuova-mensa-scolastica\/\" \/>\n<meta property=\"og:site_name\" content=\"Radio Touring 104\" \/>\n<meta property=\"article:published_time\" content=\"2025-05-14T08:34:28+00:00\" \/>\n<meta property=\"og:image\" content=\"https:\/\/progettotouring.it\/radiotouring104\/wp-content\/uploads\/sites\/6\/2025\/05\/rosarno-mensa-scolastica.jpg\" \/>\n\t<meta property=\"og:image:width\" content=\"2048\" \/>\n\t<meta property=\"og:image:height\" content=\"1536\" \/>\n\t<meta property=\"og:image:type\" content=\"image\/jpeg\" \/>\n<meta name=\"author\" content=\"Sebastiano Plutino\" \/>\n<meta name=\"twitter:card\" content=\"summary_large_image\" \/>\n<meta name=\"twitter:label1\" content=\"Scritto da\" \/>\n\t<meta name=\"twitter:data1\" content=\"Sebastiano Plutino\" \/>\n\t<meta name=\"twitter:label2\" content=\"Tempo di lettura stimato\" \/>\n\t<meta name=\"twitter:data2\" content=\"2 minuti\" \/>\n<script type=\"application\/ld+json\" class=\"yoast-schema-graph\">{\"@context\":\"https:\/\/schema.org\",\"@graph\":[{\"@type\":\"Article\",\"@id\":\"https:\/\/progettotouring.it\/radiotouring104\/2025\/05\/14\/rosarno-via-libera-ai-lavori-per-la-nuova-mensa-scolastica\/#article\",\"isPartOf\":{\"@id\":\"https:\/\/progettotouring.it\/radiotouring104\/2025\/05\/14\/rosarno-via-libera-ai-lavori-per-la-nuova-mensa-scolastica\/\"},\"author\":{\"name\":\"Sebastiano Plutino\",\"@id\":\"https:\/\/progettotouring.it\/radiotouring104\/#\/schema\/person\/78613917f1851f041f7483f5af1d422e\"},\"headline\":\"Rosarno: via libera ai lavori per la nuova mensa scolastica\",\"datePublished\":\"2025-05-14T08:34:28+00:00\",\"mainEntityOfPage\":{\"@id\":\"https:\/\/progettotouring.it\/radiotouring104\/2025\/05\/14\/rosarno-via-libera-ai-lavori-per-la-nuova-mensa-scolastica\/\"},\"wordCount\":398,\"publisher\":{\"@id\":\"https:\/\/progettotouring.it\/radiotouring104\/#organization\"},\"image\":{\"@id\":\"https:\/\/progettotouring.it\/radiotouring104\/2025\/05\/14\/rosarno-via-libera-ai-lavori-per-la-nuova-mensa-scolastica\/#primaryimage\"},\"thumbnailUrl\":\"https:\/\/progettotouring.it\/radiotouring104\/wp-content\/uploads\/sites\/6\/2025\/05\/rosarno-mensa-scolastica.jpg\",\"keywords\":[\"aggiudicazione appalto\",\"Comune Rosarno\",\"localit\u00e0 Bosco \u2013 Stradone V\",\"mensa scolastica\",\"via ai lavori\"],\"articleSection\":[\"Home\",\"News\",\"Reggio Calabria\"],\"inLanguage\":\"it-IT\"},{\"@type\":\"WebPage\",\"@id\":\"https:\/\/progettotouring.it\/radiotouring104\/2025\/05\/14\/rosarno-via-libera-ai-lavori-per-la-nuova-mensa-scolastica\/\",\"url\":\"https:\/\/progettotouring.it\/radiotouring104\/2025\/05\/14\/rosarno-via-libera-ai-lavori-per-la-nuova-mensa-scolastica\/\",\"name\":\"Rosarno: via libera ai lavori per la nuova mensa scolastica\",\"isPartOf\":{\"@id\":\"https:\/\/progettotouring.it\/radiotouring104\/#website\"},\"primaryImageOfPage\":{\"@id\":\"https:\/\/progettotouring.it\/radiotouring104\/2025\/05\/14\/rosarno-via-libera-ai-lavori-per-la-nuova-mensa-scolastica\/#primaryimage\"},\"image\":{\"@id\":\"https:\/\/progettotouring.it\/radiotouring104\/2025\/05\/14\/rosarno-via-libera-ai-lavori-per-la-nuova-mensa-scolastica\/#primaryimage\"},\"thumbnailUrl\":\"https:\/\/progettotouring.it\/radiotouring104\/wp-content\/uploads\/sites\/6\/2025\/05\/rosarno-mensa-scolastica.jpg\",\"datePublished\":\"2025-05-14T08:34:28+00:00\",\"description\":\"L\u2019Amministrazione Comunale di Rosarno comunica l'aggiudicazione dell'appalto della nuova mensa scolastica, in localit\u00e0 Bosco \u2013 Stradone V\",\"breadcrumb\":{\"@id\":\"https:\/\/progettotouring.it\/radiotouring104\/2025\/05\/14\/rosarno-via-libera-ai-lavori-per-la-nuova-mensa-scolastica\/#breadcrumb\"},\"inLanguage\":\"it-IT\",\"potentialAction\":[{\"@type\":\"ReadAction\",\"target\":[\"https:\/\/progettotouring.it\/radiotouring104\/2025\/05\/14\/rosarno-via-libera-ai-lavori-per-la-nuova-mensa-scolastica\/\"]}]},{\"@type\":\"ImageObject\",\"inLanguage\":\"it-IT\",\"@id\":\"https:\/\/progettotouring.it\/radiotouring104\/2025\/05\/14\/rosarno-via-libera-ai-lavori-per-la-nuova-mensa-scolastica\/#primaryimage\",\"url\":\"https:\/\/progettotouring.it\/radiotouring104\/wp-content\/uploads\/sites\/6\/2025\/05\/rosarno-mensa-scolastica.jpg\",\"contentUrl\":\"https:\/\/progettotouring.it\/radiotouring104\/wp-content\/uploads\/sites\/6\/2025\/05\/rosarno-mensa-scolastica.jpg\",\"width\":2048,\"height\":1536},{\"@type\":\"BreadcrumbList\",\"@id\":\"https:\/\/progettotouring.it\/radiotouring104\/2025\/05\/14\/rosarno-via-libera-ai-lavori-per-la-nuova-mensa-scolastica\/#breadcrumb\",\"itemListElement\":[{\"@type\":\"ListItem\",\"position\":1,\"name\":\"Home\",\"item\":\"https:\/\/progettotouring.it\/radiotouring104\/\"},{\"@type\":\"ListItem\",\"position\":2,\"name\":\"Rosarno: via libera ai lavori per la nuova mensa scolastica\"}]},{\"@type\":\"WebSite\",\"@id\":\"https:\/\/progettotouring.it\/radiotouring104\/#website\",\"url\":\"https:\/\/progettotouring.it\/radiotouring104\/\",\"name\":\"Radio Touring 104\",\"description\":\"La prima radio Reggina\",\"publisher\":{\"@id\":\"https:\/\/progettotouring.it\/radiotouring104\/#organization\"},\"potentialAction\":[{\"@type\":\"SearchAction\",\"target\":{\"@type\":\"EntryPoint\",\"urlTemplate\":\"https:\/\/progettotouring.it\/radiotouring104\/?s={search_term_string}\"},\"query-input\":{\"@type\":\"PropertyValueSpecification\",\"valueRequired\":true,\"valueName\":\"search_term_string\"}}],\"inLanguage\":\"it-IT\"},{\"@type\":\"Organization\",\"@id\":\"https:\/\/progettotouring.it\/radiotouring104\/#organization\",\"name\":\"Radio Touring 104\",\"url\":\"https:\/\/progettotouring.it\/radiotouring104\/\",\"logo\":{\"@type\":\"ImageObject\",\"inLanguage\":\"it-IT\",\"@id\":\"https:\/\/progettotouring.it\/radiotouring104\/#\/schema\/logo\/image\/\",\"url\":\"https:\/\/progettotouring.it\/radiotouring104\/wp-content\/uploads\/sites\/6\/2022\/02\/cropped-logo-radio-touring-104.png\",\"contentUrl\":\"https:\/\/progettotouring.it\/radiotouring104\/wp-content\/uploads\/sites\/6\/2022\/02\/cropped-logo-radio-touring-104.png\",\"width\":377,\"height\":182,\"caption\":\"Radio Touring 104\"},\"image\":{\"@id\":\"https:\/\/progettotouring.it\/radiotouring104\/#\/schema\/logo\/image\/\"}},{\"@type\":\"Person\",\"@id\":\"https:\/\/progettotouring.it\/radiotouring104\/#\/schema\/person\/78613917f1851f041f7483f5af1d422e\",\"name\":\"Sebastiano Plutino\",\"image\":{\"@type\":\"ImageObject\",\"inLanguage\":\"it-IT\",\"@id\":\"https:\/\/secure.gravatar.com\/avatar\/0546ffaa9b79224faf9f2a156b67a529ae861d3287c66c1d8ccfdf909bcba78d?s=96&d=mm&r=g\",\"url\":\"https:\/\/secure.gravatar.com\/avatar\/0546ffaa9b79224faf9f2a156b67a529ae861d3287c66c1d8ccfdf909bcba78d?s=96&d=mm&r=g\",\"contentUrl\":\"https:\/\/secure.gravatar.com\/avatar\/0546ffaa9b79224faf9f2a156b67a529ae861d3287c66c1d8ccfdf909bcba78d?s=96&d=mm&r=g\",\"caption\":\"Sebastiano Plutino\"},\"url\":\"https:\/\/progettotouring.it\/radiotouring104\/author\/sebastiano\/\"}]}<\/script>\n<!-- \/ Yoast SEO plugin. -->","yoast_head_json":{"title":"Rosarno: via libera ai lavori per la nuova mensa scolastica","description":"L\u2019Amministrazione Comunale di Rosarno comunica l'aggiudicazione dell'appalto della nuova mensa scolastica, in localit\u00e0 Bosco \u2013 Stradone V","robots":{"index":"index","follow":"follow","max-snippet":"max-snippet:-1","max-image-preview":"max-image-preview:large","max-video-preview":"max-video-preview:-1"},"canonical":"https:\/\/progettotouring.it\/radiotouring104\/2025\/05\/14\/rosarno-via-libera-ai-lavori-per-la-nuova-mensa-scolastica\/","og_locale":"it_IT","og_type":"article","og_title":"Rosarno: via libera ai lavori per la nuova mensa scolastica","og_description":"L\u2019Amministrazione Comunale di Rosarno comunica l'aggiudicazione dell'appalto della nuova mensa scolastica, in localit\u00e0 Bosco \u2013 Stradone V","og_url":"https:\/\/progettotouring.it\/radiotouring104\/2025\/05\/14\/rosarno-via-libera-ai-lavori-per-la-nuova-mensa-scolastica\/","og_site_name":"Radio Touring 104","article_published_time":"2025-05-14T08:34:28+00:00","og_image":[{"width":2048,"height":1536,"url":"https:\/\/progettotouring.it\/radiotouring104\/wp-content\/uploads\/sites\/6\/2025\/05\/rosarno-mensa-scolastica.jpg","type":"image\/jpeg"}],"author":"Sebastiano Plutino","twitter_card":"summary_large_image","twitter_misc":{"Scritto da":"Sebastiano Plutino","Tempo di lettura stimato":"2 minuti"},"schema":{"@context":"https:\/\/schema.org","@graph":[{"@type":"Article","@id":"https:\/\/progettotouring.it\/radiotouring104\/2025\/05\/14\/rosarno-via-libera-ai-lavori-per-la-nuova-mensa-scolastica\/#article","isPartOf":{"@id":"https:\/\/progettotouring.it\/radiotouring104\/2025\/05\/14\/rosarno-via-libera-ai-lavori-per-la-nuova-mensa-scolastica\/"},"author":{"name":"Sebastiano Plutino","@id":"https:\/\/progettotouring.it\/radiotouring104\/#\/schema\/person\/78613917f1851f041f7483f5af1d422e"},"headline":"Rosarno: via libera ai lavori per la nuova mensa scolastica","datePublished":"2025-05-14T08:34:28+00:00","mainEntityOfPage":{"@id":"https:\/\/progettotouring.it\/radiotouring104\/2025\/05\/14\/rosarno-via-libera-ai-lavori-per-la-nuova-mensa-scolastica\/"},"wordCount":398,"publisher":{"@id":"https:\/\/progettotouring.it\/radiotouring104\/#organization"},"image":{"@id":"https:\/\/progettotouring.it\/radiotouring104\/2025\/05\/14\/rosarno-via-libera-ai-lavori-per-la-nuova-mensa-scolastica\/#primaryimage"},"thumbnailUrl":"https:\/\/progettotouring.it\/radiotouring104\/wp-content\/uploads\/sites\/6\/2025\/05\/rosarno-mensa-scolastica.jpg","keywords":["aggiudicazione appalto","Comune Rosarno","localit\u00e0 Bosco \u2013 Stradone V","mensa scolastica","via ai lavori"],"articleSection":["Home","News","Reggio Calabria"],"inLanguage":"it-IT"},{"@type":"WebPage","@id":"https:\/\/progettotouring.it\/radiotouring104\/2025\/05\/14\/rosarno-via-libera-ai-lavori-per-la-nuova-mensa-scolastica\/","url":"https:\/\/progettotouring.it\/radiotouring104\/2025\/05\/14\/rosarno-via-libera-ai-lavori-per-la-nuova-mensa-scolastica\/","name":"Rosarno: via libera ai lavori per la nuova mensa scolastica","isPartOf":{"@id":"https:\/\/progettotouring.it\/radiotouring104\/#website"},"primaryImageOfPage":{"@id":"https:\/\/progettotouring.it\/radiotouring104\/2025\/05\/14\/rosarno-via-libera-ai-lavori-per-la-nuova-mensa-scolastica\/#primaryimage"},"image":{"@id":"https:\/\/progettotouring.it\/radiotouring104\/2025\/05\/14\/rosarno-via-libera-ai-lavori-per-la-nuova-mensa-scolastica\/#primaryimage"},"thumbnailUrl":"https:\/\/progettotouring.it\/radiotouring104\/wp-content\/uploads\/sites\/6\/2025\/05\/rosarno-mensa-scolastica.jpg","datePublished":"2025-05-14T08:34:28+00:00","description":"L\u2019Amministrazione Comunale di Rosarno comunica l'aggiudicazione dell'appalto della nuova mensa scolastica, in localit\u00e0 Bosco \u2013 Stradone V","breadcrumb":{"@id":"https:\/\/progettotouring.it\/radiotouring104\/2025\/05\/14\/rosarno-via-libera-ai-lavori-per-la-nuova-mensa-scolastica\/#breadcrumb"},"inLanguage":"it-IT","potentialAction":[{"@type":"ReadAction","target":["https:\/\/progettotouring.it\/radiotouring104\/2025\/05\/14\/rosarno-via-libera-ai-lavori-per-la-nuova-mensa-scolastica\/"]}]},{"@type":"ImageObject","inLanguage":"it-IT","@id":"https:\/\/progettotouring.it\/radiotouring104\/2025\/05\/14\/rosarno-via-libera-ai-lavori-per-la-nuova-mensa-scolastica\/#primaryimage","url":"https:\/\/progettotouring.it\/radiotouring104\/wp-content\/uploads\/sites\/6\/2025\/05\/rosarno-mensa-scolastica.jpg","contentUrl":"https:\/\/progettotouring.it\/radiotouring104\/wp-content\/uploads\/sites\/6\/2025\/05\/rosarno-mensa-scolastica.jpg","width":2048,"height":1536},{"@type":"BreadcrumbList","@id":"https:\/\/progettotouring.it\/radiotouring104\/2025\/05\/14\/rosarno-via-libera-ai-lavori-per-la-nuova-mensa-scolastica\/#breadcrumb","itemListElement":[{"@type":"ListItem","position":1,"name":"Home","item":"https:\/\/progettotouring.it\/radiotouring104\/"},{"@type":"ListItem","position":2,"name":"Rosarno: via libera ai lavori per la nuova mensa scolastica"}]},{"@type":"WebSite","@id":"https:\/\/progettotouring.it\/radiotouring104\/#website","url":"https:\/\/progettotouring.it\/radiotouring104\/","name":"Radio Touring 104","description":"La prima radio Reggina","publisher":{"@id":"https:\/\/progettotouring.it\/radiotouring104\/#organization"},"potentialAction":[{"@type":"SearchAction","target":{"@type":"EntryPoint","urlTemplate":"https:\/\/progettotouring.it\/radiotouring104\/?s={search_term_string}"},"query-input":{"@type":"PropertyValueSpecification","valueRequired":true,"valueName":"search_term_string"}}],"inLanguage":"it-IT"},{"@type":"Organization","@id":"https:\/\/progettotouring.it\/radiotouring104\/#organization","name":"Radio Touring 104","url":"https:\/\/progettotouring.it\/radiotouring104\/","logo":{"@type":"ImageObject","inLanguage":"it-IT","@id":"https:\/\/progettotouring.it\/radiotouring104\/#\/schema\/logo\/image\/","url":"https:\/\/progettotouring.it\/radiotouring104\/wp-content\/uploads\/sites\/6\/2022\/02\/cropped-logo-radio-touring-104.png","contentUrl":"https:\/\/progettotouring.it\/radiotouring104\/wp-content\/uploads\/sites\/6\/2022\/02\/cropped-logo-radio-touring-104.png","width":377,"height":182,"caption":"Radio Touring 104"},"image":{"@id":"https:\/\/progettotouring.it\/radiotouring104\/#\/schema\/logo\/image\/"}},{"@type":"Person","@id":"https:\/\/progettotouring.it\/radiotouring104\/#\/schema\/person\/78613917f1851f041f7483f5af1d422e","name":"Sebastiano Plutino","image":{"@type":"ImageObject","inLanguage":"it-IT","@id":"https:\/\/secure.gravatar.com\/avatar\/0546ffaa9b79224faf9f2a156b67a529ae861d3287c66c1d8ccfdf909bcba78d?s=96&d=mm&r=g","url":"https:\/\/secure.gravatar.com\/avatar\/0546ffaa9b79224faf9f2a156b67a529ae861d3287c66c1d8ccfdf909bcba78d?s=96&d=mm&r=g","contentUrl":"https:\/\/secure.gravatar.com\/avatar\/0546ffaa9b79224faf9f2a156b67a529ae861d3287c66c1d8ccfdf909bcba78d?s=96&d=mm&r=g","caption":"Sebastiano Plutino"},"url":"https:\/\/progettotouring.it\/radiotouring104\/author\/sebastiano\/"}]}},"jetpack_publicize_connections":[],"jetpack_featured_media_url":"https:\/\/progettotouring.it\/radiotouring104\/wp-content\/uploads\/sites\/6\/2025\/05\/rosarno-mensa-scolastica.jpg","jetpack_sharing_enabled":true,"_links":{"self":[{"href":"https:\/\/progettotouring.it\/radiotouring104\/wp-json\/wp\/v2\/posts\/73570","targetHints":{"allow":["GET"]}}],"collection":[{"href":"https:\/\/progettotouring.it\/radiotouring104\/wp-json\/wp\/v2\/posts"}],"about":[{"href":"https:\/\/progettotouring.it\/radiotouring104\/wp-json\/wp\/v2\/types\/post"}],"author":[{"embeddable":true,"href":"https:\/\/progettotouring.it\/radiotouring104\/wp-json\/wp\/v2\/users\/12"}],"replies":[{"embeddable":true,"href":"https:\/\/progettotouring.it\/radiotouring104\/wp-json\/wp\/v2\/comments?post=73570"}],"version-history":[{"count":1,"href":"https:\/\/progettotouring.it\/radiotouring104\/wp-json\/wp\/v2\/posts\/73570\/revisions"}],"predecessor-version":[{"id":73573,"href":"https:\/\/progettotouring.it\/radiotouring104\/wp-json\/wp\/v2\/posts\/73570\/revisions\/73573"}],"wp:featuredmedia":[{"embeddable":true,"href":"https:\/\/progettotouring.it\/radiotouring104\/wp-json\/wp\/v2\/media\/73572"}],"wp:attachment":[{"href":"https:\/\/progettotouring.it\/radiotouring104\/wp-json\/wp\/v2\/media?parent=73570"}],"wp:term":[{"taxonomy":"category","embeddable":true,"href":"https:\/\/progettotouring.it\/radiotouring104\/wp-json\/wp\/v2\/categories?post=73570"},{"taxonomy":"post_tag","embeddable":true,"href":"https:\/\/progettotouring.it\/radiotouring104\/wp-json\/wp\/v2\/tags?post=73570"}],"curies":[{"name":"wp","href":"https:\/\/api.w.org\/{rel}","templated":true}]}}