{"id":73576,"date":"2025-05-14T10:52:45","date_gmt":"2025-05-14T08:52:45","guid":{"rendered":"https:\/\/progettotouring.it\/radiotouring104\/?p=73576"},"modified":"2025-05-14T10:52:45","modified_gmt":"2025-05-14T08:52:45","slug":"riconoscimento-per-il-liceo-gulli-princi-scuola-agente-di-cambiamento-sociale-e-culturale","status":"publish","type":"post","link":"https:\/\/progettotouring.it\/radiotouring104\/2025\/05\/14\/riconoscimento-per-il-liceo-gulli-princi-scuola-agente-di-cambiamento-sociale-e-culturale\/","title":{"rendered":"Riconoscimento per il Liceo &#8220;Gull\u00ec&#8221;, Princi \u201cScuola agente di cambiamento sociale e culturale\u201d"},"content":{"rendered":"<p class=\"xmprfx_MsoNormal\" style=\"text-align: justify\">\u201cIl prestigioso riconoscimento nazionale di cui \u00e8 stato insignito il Liceo Tommaso Gull\u00ec di Reggio Calabria, in occasione del Giorno della Memoria, \u00e8 un risultato straordinario e conferma l\u2019eccellente lavoro svolto dall\u2019Istituto nel promuovere la memoria storica e i valori della democrazia, del rispetto e della libert\u00e0, dimostrando ancora una volta l\u2019elevato livello qualitativo che la scuola calabrese \u00e8 in grado di offrire\u201d. Cos\u00ec l\u2019europarlamentare Giusi Princi commenta la notizia del riconoscimento ottenuto dall\u2019istituto reggino, premiato nel corso della cerimonia che si \u00e8 svolta a Roma, nell\u2019Aula di Palazzo Montecitorio, in occasione del \u201cGiorno della Memoria\u201d dedicato alle vittime del terrorismo e delle stragi.<\/p>\n<p class=\"xmprfx_MsoNormal\" style=\"text-align: justify\">\u201cI miei complimenti \u2013 prosegue &#8211; al Dirigente scolastico, prof. Francesco Pratic\u00f2, ai docenti, a tutto il personale dell\u2019Istituto e soprattutto ai brillanti studenti che hanno saputo cogliere questa importante opportunit\u00e0 con dedizione e impegno. Il Liceo Gull\u00ec continua a farsi conoscere in ambito nazionale per la qualit\u00e0 dell\u2019offerta formativa, il grande valore educativo dei progetti che propone e le competenze maturate dai suoi eccellenti studenti. Un plauso va in particolare al Dirigente Pratic\u00f2, per la sua grande capacit\u00e0 di guida educativa, la sua visione e il suo pragmatismo, chiaramente emersi nel lavoro premiato. Il riconoscimento ottenuto dal Liceo \u2013 continua l\u2019eurodeputata calabrese &#8211; dimostra ancora una volta che la scuola non \u00e8 solo un luogo di istruzione, ma \u00e8 anche presidio di legalit\u00e0, fucina di coscienze critiche, spazio in cui si coltiva lo spirito democratico. \u00c8 il primo baluardo contro ogni minaccia alla nostra libert\u00e0. Non trasmette solo saperi ma insegna e promuove la cultura del rispetto, la legalit\u00e0, la cittadinanza attiva, sostenendo la crescita culturale, civile e sociale dei nostri ragazzi. In questo percorso, la conoscenza della storia, il confronto, il dialogo su ci\u00f2 che siamo e su ci\u00f2 che vogliamo diventare come comunit\u00e0 rappresentano strumenti essenziali: significa formare cittadini consapevoli, che non restano indifferenti e che di fronte all\u2019odio, alla violenza, agli abusi e alle discriminazioni sanno rispondere con il dialogo, il rispetto dei diritti e della dignit\u00e0 umana. Il futuro dell\u2019Europa passa anche dalle aule delle nostre scuole, dove ogni giorno si costruisce la pace con la forza della cultura, della memoria e della responsabilit\u00e0 civile. Per affrontare le complesse sfide del mondo contemporaneo \u2013 evidenzia -, \u00e8 infatti essenziale favorire una conoscenza che sappia stimolare il dialogo e la crescita individuale e collettiva, anche attraverso la promozione della memoria storica. Proprio per questo, in quanto membro della Commissione CULT (Cultura e Istruzione) del Parlamento europeo, mi sto impegnando nella valorizzazione della cultura e nella promozione di iniziative a favore dei giovani e della loro crescita all\u2019interno delle comunit\u00e0. Il successo del Liceo Gull\u00ec \u2013 conclude Giusi Princi &#8211; testimonia che investire nell\u2019educazione \u00e8 fondamentale: significa costruire un\u2019Europa pi\u00f9 consapevole, pi\u00f9 libera e pi\u00f9 giusta\u201d.<\/p>\n","protected":false},"excerpt":{"rendered":"<p>\u201cIl prestigioso riconoscimento nazionale di cui \u00e8 stato insignito il Liceo Tommaso Gull\u00ec di Reggio Calabria, in occasione del Giorno della Memoria, \u00e8 un risultato straordinario e conferma l\u2019eccellente lavoro&hellip;<\/p>\n","protected":false},"author":12,"featured_media":66811,"comment_status":"closed","ping_status":"open","sticky":false,"template":"","format":"standard","meta":{"_jetpack_memberships_contains_paid_content":false,"footnotes":"","jetpack_publicize_message":"","jetpack_publicize_feature_enabled":true,"jetpack_social_post_already_shared":true,"jetpack_social_options":{"image_generator_settings":{"template":"highway","default_image_id":0,"font":"","enabled":false},"version":2}},"categories":[921,196,140],"tags":[43567,43566,36218,39470],"class_list":["post-73576","post","type-post","status-publish","format-standard","has-post-thumbnail","hentry","category-home","category-news","category-reggio-calabria","tag-scuola-agente-di-cambiamento-sociale-e-culturale","tag-liceo-gulli","tag-nuovi-riconoscimenti-internazionali","tag-princi-giusy"],"yoast_head":"<!-- This site is optimized with the Yoast SEO plugin v27.2 - https:\/\/yoast.com\/product\/yoast-seo-wordpress\/ -->\n<title>Riconoscimento per il Liceo &quot;Gull\u00ec&quot;, Princi \u201cScuola agente di cambiamento sociale e culturale\u201d - Radio Touring 104<\/title>\n<meta name=\"description\" content=\"L&#039;europarlamentare reggina si complimenta con la dirigente ed il personale dell&#039;istituto per i riconoscimenti ricevuti dagli studenti\" \/>\n<meta name=\"robots\" content=\"index, follow, max-snippet:-1, max-image-preview:large, max-video-preview:-1\" \/>\n<link rel=\"canonical\" href=\"https:\/\/progettotouring.it\/radiotouring104\/2025\/05\/14\/riconoscimento-per-il-liceo-gulli-princi-scuola-agente-di-cambiamento-sociale-e-culturale\/\" \/>\n<meta property=\"og:locale\" content=\"it_IT\" \/>\n<meta property=\"og:type\" content=\"article\" \/>\n<meta property=\"og:title\" content=\"Riconoscimento per il Liceo &quot;Gull\u00ec&quot;, Princi \u201cScuola agente di cambiamento sociale e culturale\u201d - Radio Touring 104\" \/>\n<meta property=\"og:description\" content=\"L&#039;europarlamentare reggina si complimenta con la dirigente ed il personale dell&#039;istituto per i riconoscimenti ricevuti dagli studenti\" \/>\n<meta property=\"og:url\" content=\"https:\/\/progettotouring.it\/radiotouring104\/2025\/05\/14\/riconoscimento-per-il-liceo-gulli-princi-scuola-agente-di-cambiamento-sociale-e-culturale\/\" \/>\n<meta property=\"og:site_name\" content=\"Radio Touring 104\" \/>\n<meta property=\"article:published_time\" content=\"2025-05-14T08:52:45+00:00\" \/>\n<meta property=\"og:image\" content=\"https:\/\/progettotouring.it\/radiotouring104\/wp-content\/uploads\/sites\/6\/2025\/02\/Foto-on.-Giusi-Princi.jpeg\" \/>\n\t<meta property=\"og:image:width\" content=\"555\" \/>\n\t<meta property=\"og:image:height\" content=\"584\" \/>\n\t<meta property=\"og:image:type\" content=\"image\/jpeg\" \/>\n<meta name=\"author\" content=\"Sebastiano Plutino\" \/>\n<meta name=\"twitter:card\" content=\"summary_large_image\" \/>\n<meta name=\"twitter:label1\" content=\"Scritto da\" \/>\n\t<meta name=\"twitter:data1\" content=\"Sebastiano Plutino\" \/>\n\t<meta name=\"twitter:label2\" content=\"Tempo di lettura stimato\" \/>\n\t<meta name=\"twitter:data2\" content=\"2 minuti\" \/>\n<script type=\"application\/ld+json\" class=\"yoast-schema-graph\">{\"@context\":\"https:\/\/schema.org\",\"@graph\":[{\"@type\":\"Article\",\"@id\":\"https:\/\/progettotouring.it\/radiotouring104\/2025\/05\/14\/riconoscimento-per-il-liceo-gulli-princi-scuola-agente-di-cambiamento-sociale-e-culturale\/#article\",\"isPartOf\":{\"@id\":\"https:\/\/progettotouring.it\/radiotouring104\/2025\/05\/14\/riconoscimento-per-il-liceo-gulli-princi-scuola-agente-di-cambiamento-sociale-e-culturale\/\"},\"author\":{\"name\":\"Sebastiano Plutino\",\"@id\":\"https:\/\/progettotouring.it\/radiotouring104\/#\/schema\/person\/78613917f1851f041f7483f5af1d422e\"},\"headline\":\"Riconoscimento per il Liceo &#8220;Gull\u00ec&#8221;, Princi \u201cScuola agente di cambiamento sociale e culturale\u201d\",\"datePublished\":\"2025-05-14T08:52:45+00:00\",\"mainEntityOfPage\":{\"@id\":\"https:\/\/progettotouring.it\/radiotouring104\/2025\/05\/14\/riconoscimento-per-il-liceo-gulli-princi-scuola-agente-di-cambiamento-sociale-e-culturale\/\"},\"wordCount\":477,\"publisher\":{\"@id\":\"https:\/\/progettotouring.it\/radiotouring104\/#organization\"},\"image\":{\"@id\":\"https:\/\/progettotouring.it\/radiotouring104\/2025\/05\/14\/riconoscimento-per-il-liceo-gulli-princi-scuola-agente-di-cambiamento-sociale-e-culturale\/#primaryimage\"},\"thumbnailUrl\":\"https:\/\/progettotouring.it\/radiotouring104\/wp-content\/uploads\/sites\/6\/2025\/02\/Foto-on.-Giusi-Princi.jpeg\",\"keywords\":[\"\u201cScuola agente di cambiamento sociale e culturale\",\"liceo gulli\",\"nuovi riconoscimenti internazionali\",\"Princi Giusy\"],\"articleSection\":[\"Home\",\"News\",\"Reggio Calabria\"],\"inLanguage\":\"it-IT\"},{\"@type\":\"WebPage\",\"@id\":\"https:\/\/progettotouring.it\/radiotouring104\/2025\/05\/14\/riconoscimento-per-il-liceo-gulli-princi-scuola-agente-di-cambiamento-sociale-e-culturale\/\",\"url\":\"https:\/\/progettotouring.it\/radiotouring104\/2025\/05\/14\/riconoscimento-per-il-liceo-gulli-princi-scuola-agente-di-cambiamento-sociale-e-culturale\/\",\"name\":\"Riconoscimento per il Liceo \\\"Gull\u00ec\\\", Princi \u201cScuola agente di cambiamento sociale e culturale\u201d - Radio Touring 104\",\"isPartOf\":{\"@id\":\"https:\/\/progettotouring.it\/radiotouring104\/#website\"},\"primaryImageOfPage\":{\"@id\":\"https:\/\/progettotouring.it\/radiotouring104\/2025\/05\/14\/riconoscimento-per-il-liceo-gulli-princi-scuola-agente-di-cambiamento-sociale-e-culturale\/#primaryimage\"},\"image\":{\"@id\":\"https:\/\/progettotouring.it\/radiotouring104\/2025\/05\/14\/riconoscimento-per-il-liceo-gulli-princi-scuola-agente-di-cambiamento-sociale-e-culturale\/#primaryimage\"},\"thumbnailUrl\":\"https:\/\/progettotouring.it\/radiotouring104\/wp-content\/uploads\/sites\/6\/2025\/02\/Foto-on.-Giusi-Princi.jpeg\",\"datePublished\":\"2025-05-14T08:52:45+00:00\",\"description\":\"L'europarlamentare reggina si complimenta con la dirigente ed il personale dell'istituto per i riconoscimenti ricevuti dagli studenti\",\"breadcrumb\":{\"@id\":\"https:\/\/progettotouring.it\/radiotouring104\/2025\/05\/14\/riconoscimento-per-il-liceo-gulli-princi-scuola-agente-di-cambiamento-sociale-e-culturale\/#breadcrumb\"},\"inLanguage\":\"it-IT\",\"potentialAction\":[{\"@type\":\"ReadAction\",\"target\":[\"https:\/\/progettotouring.it\/radiotouring104\/2025\/05\/14\/riconoscimento-per-il-liceo-gulli-princi-scuola-agente-di-cambiamento-sociale-e-culturale\/\"]}]},{\"@type\":\"ImageObject\",\"inLanguage\":\"it-IT\",\"@id\":\"https:\/\/progettotouring.it\/radiotouring104\/2025\/05\/14\/riconoscimento-per-il-liceo-gulli-princi-scuola-agente-di-cambiamento-sociale-e-culturale\/#primaryimage\",\"url\":\"https:\/\/progettotouring.it\/radiotouring104\/wp-content\/uploads\/sites\/6\/2025\/02\/Foto-on.-Giusi-Princi.jpeg\",\"contentUrl\":\"https:\/\/progettotouring.it\/radiotouring104\/wp-content\/uploads\/sites\/6\/2025\/02\/Foto-on.-Giusi-Princi.jpeg\",\"width\":555,\"height\":584},{\"@type\":\"BreadcrumbList\",\"@id\":\"https:\/\/progettotouring.it\/radiotouring104\/2025\/05\/14\/riconoscimento-per-il-liceo-gulli-princi-scuola-agente-di-cambiamento-sociale-e-culturale\/#breadcrumb\",\"itemListElement\":[{\"@type\":\"ListItem\",\"position\":1,\"name\":\"Home\",\"item\":\"https:\/\/progettotouring.it\/radiotouring104\/\"},{\"@type\":\"ListItem\",\"position\":2,\"name\":\"Riconoscimento per il Liceo &#8220;Gull\u00ec&#8221;, Princi \u201cScuola agente di cambiamento sociale e culturale\u201d\"}]},{\"@type\":\"WebSite\",\"@id\":\"https:\/\/progettotouring.it\/radiotouring104\/#website\",\"url\":\"https:\/\/progettotouring.it\/radiotouring104\/\",\"name\":\"Radio Touring 104\",\"description\":\"La prima radio Reggina\",\"publisher\":{\"@id\":\"https:\/\/progettotouring.it\/radiotouring104\/#organization\"},\"potentialAction\":[{\"@type\":\"SearchAction\",\"target\":{\"@type\":\"EntryPoint\",\"urlTemplate\":\"https:\/\/progettotouring.it\/radiotouring104\/?s={search_term_string}\"},\"query-input\":{\"@type\":\"PropertyValueSpecification\",\"valueRequired\":true,\"valueName\":\"search_term_string\"}}],\"inLanguage\":\"it-IT\"},{\"@type\":\"Organization\",\"@id\":\"https:\/\/progettotouring.it\/radiotouring104\/#organization\",\"name\":\"Radio Touring 104\",\"url\":\"https:\/\/progettotouring.it\/radiotouring104\/\",\"logo\":{\"@type\":\"ImageObject\",\"inLanguage\":\"it-IT\",\"@id\":\"https:\/\/progettotouring.it\/radiotouring104\/#\/schema\/logo\/image\/\",\"url\":\"https:\/\/progettotouring.it\/radiotouring104\/wp-content\/uploads\/sites\/6\/2022\/02\/cropped-logo-radio-touring-104.png\",\"contentUrl\":\"https:\/\/progettotouring.it\/radiotouring104\/wp-content\/uploads\/sites\/6\/2022\/02\/cropped-logo-radio-touring-104.png\",\"width\":377,\"height\":182,\"caption\":\"Radio Touring 104\"},\"image\":{\"@id\":\"https:\/\/progettotouring.it\/radiotouring104\/#\/schema\/logo\/image\/\"}},{\"@type\":\"Person\",\"@id\":\"https:\/\/progettotouring.it\/radiotouring104\/#\/schema\/person\/78613917f1851f041f7483f5af1d422e\",\"name\":\"Sebastiano Plutino\",\"image\":{\"@type\":\"ImageObject\",\"inLanguage\":\"it-IT\",\"@id\":\"https:\/\/secure.gravatar.com\/avatar\/0546ffaa9b79224faf9f2a156b67a529ae861d3287c66c1d8ccfdf909bcba78d?s=96&d=mm&r=g\",\"url\":\"https:\/\/secure.gravatar.com\/avatar\/0546ffaa9b79224faf9f2a156b67a529ae861d3287c66c1d8ccfdf909bcba78d?s=96&d=mm&r=g\",\"contentUrl\":\"https:\/\/secure.gravatar.com\/avatar\/0546ffaa9b79224faf9f2a156b67a529ae861d3287c66c1d8ccfdf909bcba78d?s=96&d=mm&r=g\",\"caption\":\"Sebastiano Plutino\"},\"url\":\"https:\/\/progettotouring.it\/radiotouring104\/author\/sebastiano\/\"}]}<\/script>\n<!-- \/ Yoast SEO plugin. -->","yoast_head_json":{"title":"Riconoscimento per il Liceo \"Gull\u00ec\", Princi \u201cScuola agente di cambiamento sociale e culturale\u201d - Radio Touring 104","description":"L'europarlamentare reggina si complimenta con la dirigente ed il personale dell'istituto per i riconoscimenti ricevuti dagli studenti","robots":{"index":"index","follow":"follow","max-snippet":"max-snippet:-1","max-image-preview":"max-image-preview:large","max-video-preview":"max-video-preview:-1"},"canonical":"https:\/\/progettotouring.it\/radiotouring104\/2025\/05\/14\/riconoscimento-per-il-liceo-gulli-princi-scuola-agente-di-cambiamento-sociale-e-culturale\/","og_locale":"it_IT","og_type":"article","og_title":"Riconoscimento per il Liceo \"Gull\u00ec\", Princi \u201cScuola agente di cambiamento sociale e culturale\u201d - Radio Touring 104","og_description":"L'europarlamentare reggina si complimenta con la dirigente ed il personale dell'istituto per i riconoscimenti ricevuti dagli studenti","og_url":"https:\/\/progettotouring.it\/radiotouring104\/2025\/05\/14\/riconoscimento-per-il-liceo-gulli-princi-scuola-agente-di-cambiamento-sociale-e-culturale\/","og_site_name":"Radio Touring 104","article_published_time":"2025-05-14T08:52:45+00:00","og_image":[{"width":555,"height":584,"url":"https:\/\/progettotouring.it\/radiotouring104\/wp-content\/uploads\/sites\/6\/2025\/02\/Foto-on.-Giusi-Princi.jpeg","type":"image\/jpeg"}],"author":"Sebastiano Plutino","twitter_card":"summary_large_image","twitter_misc":{"Scritto da":"Sebastiano Plutino","Tempo di lettura stimato":"2 minuti"},"schema":{"@context":"https:\/\/schema.org","@graph":[{"@type":"Article","@id":"https:\/\/progettotouring.it\/radiotouring104\/2025\/05\/14\/riconoscimento-per-il-liceo-gulli-princi-scuola-agente-di-cambiamento-sociale-e-culturale\/#article","isPartOf":{"@id":"https:\/\/progettotouring.it\/radiotouring104\/2025\/05\/14\/riconoscimento-per-il-liceo-gulli-princi-scuola-agente-di-cambiamento-sociale-e-culturale\/"},"author":{"name":"Sebastiano Plutino","@id":"https:\/\/progettotouring.it\/radiotouring104\/#\/schema\/person\/78613917f1851f041f7483f5af1d422e"},"headline":"Riconoscimento per il Liceo &#8220;Gull\u00ec&#8221;, Princi \u201cScuola agente di cambiamento sociale e culturale\u201d","datePublished":"2025-05-14T08:52:45+00:00","mainEntityOfPage":{"@id":"https:\/\/progettotouring.it\/radiotouring104\/2025\/05\/14\/riconoscimento-per-il-liceo-gulli-princi-scuola-agente-di-cambiamento-sociale-e-culturale\/"},"wordCount":477,"publisher":{"@id":"https:\/\/progettotouring.it\/radiotouring104\/#organization"},"image":{"@id":"https:\/\/progettotouring.it\/radiotouring104\/2025\/05\/14\/riconoscimento-per-il-liceo-gulli-princi-scuola-agente-di-cambiamento-sociale-e-culturale\/#primaryimage"},"thumbnailUrl":"https:\/\/progettotouring.it\/radiotouring104\/wp-content\/uploads\/sites\/6\/2025\/02\/Foto-on.-Giusi-Princi.jpeg","keywords":["\u201cScuola agente di cambiamento sociale e culturale","liceo gulli","nuovi riconoscimenti internazionali","Princi Giusy"],"articleSection":["Home","News","Reggio Calabria"],"inLanguage":"it-IT"},{"@type":"WebPage","@id":"https:\/\/progettotouring.it\/radiotouring104\/2025\/05\/14\/riconoscimento-per-il-liceo-gulli-princi-scuola-agente-di-cambiamento-sociale-e-culturale\/","url":"https:\/\/progettotouring.it\/radiotouring104\/2025\/05\/14\/riconoscimento-per-il-liceo-gulli-princi-scuola-agente-di-cambiamento-sociale-e-culturale\/","name":"Riconoscimento per il Liceo \"Gull\u00ec\", Princi \u201cScuola agente di cambiamento sociale e culturale\u201d - Radio Touring 104","isPartOf":{"@id":"https:\/\/progettotouring.it\/radiotouring104\/#website"},"primaryImageOfPage":{"@id":"https:\/\/progettotouring.it\/radiotouring104\/2025\/05\/14\/riconoscimento-per-il-liceo-gulli-princi-scuola-agente-di-cambiamento-sociale-e-culturale\/#primaryimage"},"image":{"@id":"https:\/\/progettotouring.it\/radiotouring104\/2025\/05\/14\/riconoscimento-per-il-liceo-gulli-princi-scuola-agente-di-cambiamento-sociale-e-culturale\/#primaryimage"},"thumbnailUrl":"https:\/\/progettotouring.it\/radiotouring104\/wp-content\/uploads\/sites\/6\/2025\/02\/Foto-on.-Giusi-Princi.jpeg","datePublished":"2025-05-14T08:52:45+00:00","description":"L'europarlamentare reggina si complimenta con la dirigente ed il personale dell'istituto per i riconoscimenti ricevuti dagli studenti","breadcrumb":{"@id":"https:\/\/progettotouring.it\/radiotouring104\/2025\/05\/14\/riconoscimento-per-il-liceo-gulli-princi-scuola-agente-di-cambiamento-sociale-e-culturale\/#breadcrumb"},"inLanguage":"it-IT","potentialAction":[{"@type":"ReadAction","target":["https:\/\/progettotouring.it\/radiotouring104\/2025\/05\/14\/riconoscimento-per-il-liceo-gulli-princi-scuola-agente-di-cambiamento-sociale-e-culturale\/"]}]},{"@type":"ImageObject","inLanguage":"it-IT","@id":"https:\/\/progettotouring.it\/radiotouring104\/2025\/05\/14\/riconoscimento-per-il-liceo-gulli-princi-scuola-agente-di-cambiamento-sociale-e-culturale\/#primaryimage","url":"https:\/\/progettotouring.it\/radiotouring104\/wp-content\/uploads\/sites\/6\/2025\/02\/Foto-on.-Giusi-Princi.jpeg","contentUrl":"https:\/\/progettotouring.it\/radiotouring104\/wp-content\/uploads\/sites\/6\/2025\/02\/Foto-on.-Giusi-Princi.jpeg","width":555,"height":584},{"@type":"BreadcrumbList","@id":"https:\/\/progettotouring.it\/radiotouring104\/2025\/05\/14\/riconoscimento-per-il-liceo-gulli-princi-scuola-agente-di-cambiamento-sociale-e-culturale\/#breadcrumb","itemListElement":[{"@type":"ListItem","position":1,"name":"Home","item":"https:\/\/progettotouring.it\/radiotouring104\/"},{"@type":"ListItem","position":2,"name":"Riconoscimento per il Liceo &#8220;Gull\u00ec&#8221;, Princi \u201cScuola agente di cambiamento sociale e culturale\u201d"}]},{"@type":"WebSite","@id":"https:\/\/progettotouring.it\/radiotouring104\/#website","url":"https:\/\/progettotouring.it\/radiotouring104\/","name":"Radio Touring 104","description":"La prima radio Reggina","publisher":{"@id":"https:\/\/progettotouring.it\/radiotouring104\/#organization"},"potentialAction":[{"@type":"SearchAction","target":{"@type":"EntryPoint","urlTemplate":"https:\/\/progettotouring.it\/radiotouring104\/?s={search_term_string}"},"query-input":{"@type":"PropertyValueSpecification","valueRequired":true,"valueName":"search_term_string"}}],"inLanguage":"it-IT"},{"@type":"Organization","@id":"https:\/\/progettotouring.it\/radiotouring104\/#organization","name":"Radio Touring 104","url":"https:\/\/progettotouring.it\/radiotouring104\/","logo":{"@type":"ImageObject","inLanguage":"it-IT","@id":"https:\/\/progettotouring.it\/radiotouring104\/#\/schema\/logo\/image\/","url":"https:\/\/progettotouring.it\/radiotouring104\/wp-content\/uploads\/sites\/6\/2022\/02\/cropped-logo-radio-touring-104.png","contentUrl":"https:\/\/progettotouring.it\/radiotouring104\/wp-content\/uploads\/sites\/6\/2022\/02\/cropped-logo-radio-touring-104.png","width":377,"height":182,"caption":"Radio Touring 104"},"image":{"@id":"https:\/\/progettotouring.it\/radiotouring104\/#\/schema\/logo\/image\/"}},{"@type":"Person","@id":"https:\/\/progettotouring.it\/radiotouring104\/#\/schema\/person\/78613917f1851f041f7483f5af1d422e","name":"Sebastiano Plutino","image":{"@type":"ImageObject","inLanguage":"it-IT","@id":"https:\/\/secure.gravatar.com\/avatar\/0546ffaa9b79224faf9f2a156b67a529ae861d3287c66c1d8ccfdf909bcba78d?s=96&d=mm&r=g","url":"https:\/\/secure.gravatar.com\/avatar\/0546ffaa9b79224faf9f2a156b67a529ae861d3287c66c1d8ccfdf909bcba78d?s=96&d=mm&r=g","contentUrl":"https:\/\/secure.gravatar.com\/avatar\/0546ffaa9b79224faf9f2a156b67a529ae861d3287c66c1d8ccfdf909bcba78d?s=96&d=mm&r=g","caption":"Sebastiano Plutino"},"url":"https:\/\/progettotouring.it\/radiotouring104\/author\/sebastiano\/"}]}},"jetpack_publicize_connections":[],"jetpack_featured_media_url":"https:\/\/progettotouring.it\/radiotouring104\/wp-content\/uploads\/sites\/6\/2025\/02\/Foto-on.-Giusi-Princi.jpeg","jetpack_sharing_enabled":true,"_links":{"self":[{"href":"https:\/\/progettotouring.it\/radiotouring104\/wp-json\/wp\/v2\/posts\/73576","targetHints":{"allow":["GET"]}}],"collection":[{"href":"https:\/\/progettotouring.it\/radiotouring104\/wp-json\/wp\/v2\/posts"}],"about":[{"href":"https:\/\/progettotouring.it\/radiotouring104\/wp-json\/wp\/v2\/types\/post"}],"author":[{"embeddable":true,"href":"https:\/\/progettotouring.it\/radiotouring104\/wp-json\/wp\/v2\/users\/12"}],"replies":[{"embeddable":true,"href":"https:\/\/progettotouring.it\/radiotouring104\/wp-json\/wp\/v2\/comments?post=73576"}],"version-history":[{"count":1,"href":"https:\/\/progettotouring.it\/radiotouring104\/wp-json\/wp\/v2\/posts\/73576\/revisions"}],"predecessor-version":[{"id":73577,"href":"https:\/\/progettotouring.it\/radiotouring104\/wp-json\/wp\/v2\/posts\/73576\/revisions\/73577"}],"wp:featuredmedia":[{"embeddable":true,"href":"https:\/\/progettotouring.it\/radiotouring104\/wp-json\/wp\/v2\/media\/66811"}],"wp:attachment":[{"href":"https:\/\/progettotouring.it\/radiotouring104\/wp-json\/wp\/v2\/media?parent=73576"}],"wp:term":[{"taxonomy":"category","embeddable":true,"href":"https:\/\/progettotouring.it\/radiotouring104\/wp-json\/wp\/v2\/categories?post=73576"},{"taxonomy":"post_tag","embeddable":true,"href":"https:\/\/progettotouring.it\/radiotouring104\/wp-json\/wp\/v2\/tags?post=73576"}],"curies":[{"name":"wp","href":"https:\/\/api.w.org\/{rel}","templated":true}]}}