{"id":73578,"date":"2025-05-14T10:58:53","date_gmt":"2025-05-14T08:58:53","guid":{"rendered":"https:\/\/progettotouring.it\/radiotouring104\/?p=73578"},"modified":"2025-05-14T10:58:53","modified_gmt":"2025-05-14T08:58:53","slug":"a-isola-capo-rizzuto-lincontro-lavoro-sicurezza-dignita-cittadinanza-democrazia-legalita","status":"publish","type":"post","link":"https:\/\/progettotouring.it\/radiotouring104\/2025\/05\/14\/a-isola-capo-rizzuto-lincontro-lavoro-sicurezza-dignita-cittadinanza-democrazia-legalita\/","title":{"rendered":"A Isola Capo Rizzuto l&#8217;incontro \u201cLavoro + Sicurezza + Dignit\u00e0 + Cittadinanza + Democrazia = Legalit\u00e0\u201d"},"content":{"rendered":"<p class=\"xmprfx_MsoNormal\" style=\"text-align: justify\">In oltre 200 hanno partecipato all\u2019incontro promosso da Spi Cgil, Fillea Cgil e Cgil Calabria denominato <b>\u201cLavoro + Sicurezza + Dignit\u00e0 + Cittadinanza + Democrazia = Legalit\u00e0\u201d.<\/b>\u00a0Il sindacato ha scelto di confrontarsi In localit\u00e0 Cepa ad Isola Capo Rizzuto in uno spazio confiscato alla cosca di \u2018ndrangheta degli Arena in cui oggi opera la Cooperativa Terre Joniche e in cui ogni estate si svolgono i Campi della Legalit\u00e0 promossi da Libera.<\/p>\n<p class=\"xmprfx_MsoNormal\" style=\"text-align: justify\">I Dirigenti nazionali, regionali e territoriali del sindacato, oltre che esponenti di Libera, si sono confrontati su temi imprescindibili per la crescita di una societ\u00e0 sana e che la Cgil propone con i quesiti referendari. Ambiti strategici che rientrano in un perimetro di legalit\u00e0 senza il quale lo sviluppo del Paese \u00e8 compromesso.<\/p>\n<p class=\"xmprfx_MsoNormal\" style=\"text-align: justify\"><b>La fine dell\u2019abuso del precariato, maggiori tutele per il lavoratore licenziato ingiustamente, l&#8217;irrobustimento delle tutele nella sicurezza sul lavoro, possono cambiare il passo, hanno ricordato i sindacalisti. I tentativi di silenziare la campagna da parte dei grandi media non intimoriscono la Cgil, cos\u00ec come gli inviti all\u2019astensionismo della seconda carica dello Stato.\u00a0 Le prossime settimane saranno cruciali e vedranno l\u2019organizzazione ancora pi\u00f9 impegnata per arrivare alle persone e renderle partecipi della grande partita in cui possono scendere in campo, senza deleghe n\u00e9 bavagli.<\/b><\/p>\n<p class=\"xmprfx_MsoNormal\" style=\"text-align: justify\">\u201cPensiamo \u2013 ha affermato la\u00a0<b>Segretaria Generale SPI CGIL Nazionale Tania Scacchetti<\/b>\u00a0&#8211; che il lavoro sia la prima forma di contrasto all&#8217;illegalit\u00e0 e allo sfruttamento e, quindi, lottiamo tutti i giorni per un lavoro pi\u00f9 sicuro e pi\u00f9 dignitoso per tutti.\u201d<\/p>\n<p class=\"xmprfx_MsoNormal\" style=\"text-align: justify\">\u201cManca un approccio serio e competente da parte del governo sulla sicurezza sul lavoro \u2013 ha detto<b>\u00a0Antonio Di Franco, Segretario Generale Fillea Cgil Nazionale<\/b>\u00a0-. Serve una legge sulla qualificazione delle imprese, bisognerebbe istituire una procura nazionale che si occupi di reati in materia di salute e sicurezza e bisognerebbe mettere in campo una lotta seria al lavoro nero. Un lavoratore su due lavora in nero in maniera irregolare, cos\u00ec non si costruisce il futuro n\u00e9 del paese n\u00e9 di questa terra\u201d.<\/p>\n<p class=\"xmprfx_MsoNormal\" style=\"text-align: justify\">\u201cParlare di legalit\u00e0 mentre si calpesta l&#8217;erba di un bene sottratto alla criminalit\u00e0 e restituito alla collettivit\u00e0 ci dice che le buone pratiche esistono. Solo la legalit\u00e0 garantisce i diritti costituzionalmente sanciti su lavoro e salute. Con il referendum noi rivendichiamo questi diritti, per questo invitiamo tutti i cittadini a recarsi alle urne e votare SI ai 5 quesiti referendari\u201d ha detto\u00a0<b>Carmelo Gull\u00ec il Segretario Generale del Sindacato Pensionati (Spi) Cgil Calabria<\/b><\/p>\n<p class=\"xmprfx_MsoNormal\" style=\"text-align: justify\">\u201cTutti i nostri quesiti referendari sono strettamente legati al valore della legalit\u00e0. Legalit\u00e0 vuol dire sicurezza, legalit\u00e0 vuol dire meno precariet\u00e0, meno lavoro sfruttato e meno lavoratori ricattati, legalit\u00e0 significa pi\u00f9 sicurezza sui luoghi di lavoro\u201d, ha aggiunto il\u00a0<b>Segretario Generale Fillea Cgil Calabria Simone Celebre.<\/b><\/p>\n<p class=\"xmprfx_MsoNormal\" style=\"text-align: justify\">Il\u00a0<b>Segretario Generale Cgil Calabria Gianfranco Trotta<\/b>\u00a0ha, invece, ricordato la costituzione di parte civile del sindacato, insieme alla Filcams, nel processo per lo sfruttamento dei lavoratori in alcuni supermercati del catanzarese: \u201cUn atto dovuto contro le tante forme di caporalato che esistono in Calabria. Cos\u00ec come \u00e8 un atto di Resistenza recarsi alle urne l\u20198 e il 9 giugno, mentre gli inviti all\u2019astensionismo rientrano in una vera e propria violenza alla democrazia\u201d.<\/p>\n<p class=\"xmprfx_MsoNormal\" style=\"text-align: justify\">A coordinare i lavori la Segretaria<b>\u00a0Spi Cgil\u00a0 Nazionale Claudia Carlino\u00a0<\/b>che ha sottolineato lo stretto rapporto tra il sindacato pensionati e Libera con la quale da tempo \u00e8 avviata una collaborazione con i Campi della Legalit\u00e0.<\/p>\n<p class=\"xmprfx_MsoNormal\" style=\"text-align: justify\">\u201cIl contrasto all\u2019illegalit\u00e0 tramite \u00a0la confisca dei beni alle mafie \u2013 ha affermato\u00a0<b>Mariano Di Palma dell\u2019Ufficio di Presidenza Nazionale di Libera<\/b>\u00a0&#8211; \u00a0\u00e8 molto importante in territori come il Mezzogiorno d\u2019Italia perch\u00e9, come nel caso della Cooperativa Terre Joniche, genera nuovi posti di lavoro dignitosi che sono un\u2019occasione di riscatto per il territorio.\u201d<\/p>\n<p class=\"xmprfx_MsoNormal\" style=\"text-align: justify\">Hanno portato il saluto e contribuito alla discussione il Segretario Generale Cgil Area Vasta Enzo Scalese, la referente della Cooperativa Sociale Terre Joniche \u2013 Libera Terra Raffaella Conci e Carolina Girasole gi\u00e0 sindaco di Isola Capo Rizzuto.<\/p>\n<p class=\"xmprfx_MsoNormal\">\n","protected":false},"excerpt":{"rendered":"<p>In oltre 200 hanno partecipato all\u2019incontro promosso da Spi Cgil, Fillea Cgil e Cgil Calabria denominato \u201cLavoro + Sicurezza + Dignit\u00e0 + Cittadinanza + Democrazia = Legalit\u00e0\u201d.\u00a0Il sindacato ha scelto&hellip;<\/p>\n","protected":false},"author":12,"featured_media":73579,"comment_status":"closed","ping_status":"open","sticky":false,"template":"","format":"standard","meta":{"_jetpack_memberships_contains_paid_content":false,"footnotes":"","jetpack_publicize_message":"","jetpack_publicize_feature_enabled":true,"jetpack_social_post_already_shared":true,"jetpack_social_options":{"image_generator_settings":{"template":"highway","default_image_id":0,"font":"","enabled":false},"version":2}},"categories":[142,921,196],"tags":[43568,2355,43569,19726],"class_list":["post-73578","post","type-post","status-publish","format-standard","has-post-thumbnail","hentry","category-calabria","category-home","category-news","tag-incontro-lavoro-sicurezza-dignita-cittadinanza-democrazia-legalita","tag-isola-capo-rizzuto","tag-legalita-e-temi-referendari","tag-spi-cgil"],"yoast_head":"<!-- This site is optimized with the Yoast SEO plugin v27.2 - https:\/\/yoast.com\/product\/yoast-seo-wordpress\/ -->\n<title>A Isola Capo Rizzuto l&#039;incontro \u201cLavoro + Sicurezza + Dignit\u00e0 + Cittadinanza + Democrazia = Legalit\u00e0\u201d - Radio Touring 104<\/title>\n<meta name=\"description\" content=\"In oltre 200 hanno partecipato all\u2019incontro promosso da Spi Cgil, Fillea Cgil e Cgil Calabria, svolto ad Isola Capo Rizzuto\" \/>\n<meta name=\"robots\" content=\"index, follow, max-snippet:-1, max-image-preview:large, max-video-preview:-1\" \/>\n<link rel=\"canonical\" href=\"https:\/\/progettotouring.it\/radiotouring104\/2025\/05\/14\/a-isola-capo-rizzuto-lincontro-lavoro-sicurezza-dignita-cittadinanza-democrazia-legalita\/\" \/>\n<meta property=\"og:locale\" content=\"it_IT\" \/>\n<meta property=\"og:type\" content=\"article\" \/>\n<meta property=\"og:title\" content=\"A Isola Capo Rizzuto l&#039;incontro \u201cLavoro + Sicurezza + Dignit\u00e0 + Cittadinanza + Democrazia = Legalit\u00e0\u201d - Radio Touring 104\" \/>\n<meta property=\"og:description\" content=\"In oltre 200 hanno partecipato all\u2019incontro promosso da Spi Cgil, Fillea Cgil e Cgil Calabria, svolto ad Isola Capo Rizzuto\" \/>\n<meta property=\"og:url\" content=\"https:\/\/progettotouring.it\/radiotouring104\/2025\/05\/14\/a-isola-capo-rizzuto-lincontro-lavoro-sicurezza-dignita-cittadinanza-democrazia-legalita\/\" \/>\n<meta property=\"og:site_name\" content=\"Radio Touring 104\" \/>\n<meta property=\"article:published_time\" content=\"2025-05-14T08:58:53+00:00\" \/>\n<meta property=\"og:image\" content=\"https:\/\/progettotouring.it\/radiotouring104\/wp-content\/uploads\/sites\/6\/2025\/05\/Cigl-Isola-Capo-Rizzuto.png\" \/>\n\t<meta property=\"og:image:width\" content=\"471\" \/>\n\t<meta property=\"og:image:height\" content=\"347\" \/>\n\t<meta property=\"og:image:type\" content=\"image\/png\" \/>\n<meta name=\"author\" content=\"Sebastiano Plutino\" \/>\n<meta name=\"twitter:card\" content=\"summary_large_image\" \/>\n<meta name=\"twitter:label1\" content=\"Scritto da\" \/>\n\t<meta name=\"twitter:data1\" content=\"Sebastiano Plutino\" \/>\n\t<meta name=\"twitter:label2\" content=\"Tempo di lettura stimato\" \/>\n\t<meta name=\"twitter:data2\" content=\"3 minuti\" \/>\n<script type=\"application\/ld+json\" class=\"yoast-schema-graph\">{\"@context\":\"https:\/\/schema.org\",\"@graph\":[{\"@type\":\"Article\",\"@id\":\"https:\/\/progettotouring.it\/radiotouring104\/2025\/05\/14\/a-isola-capo-rizzuto-lincontro-lavoro-sicurezza-dignita-cittadinanza-democrazia-legalita\/#article\",\"isPartOf\":{\"@id\":\"https:\/\/progettotouring.it\/radiotouring104\/2025\/05\/14\/a-isola-capo-rizzuto-lincontro-lavoro-sicurezza-dignita-cittadinanza-democrazia-legalita\/\"},\"author\":{\"name\":\"Sebastiano Plutino\",\"@id\":\"https:\/\/progettotouring.it\/radiotouring104\/#\/schema\/person\/78613917f1851f041f7483f5af1d422e\"},\"headline\":\"A Isola Capo Rizzuto l&#8217;incontro \u201cLavoro + Sicurezza + Dignit\u00e0 + Cittadinanza + Democrazia = Legalit\u00e0\u201d\",\"datePublished\":\"2025-05-14T08:58:53+00:00\",\"mainEntityOfPage\":{\"@id\":\"https:\/\/progettotouring.it\/radiotouring104\/2025\/05\/14\/a-isola-capo-rizzuto-lincontro-lavoro-sicurezza-dignita-cittadinanza-democrazia-legalita\/\"},\"wordCount\":657,\"publisher\":{\"@id\":\"https:\/\/progettotouring.it\/radiotouring104\/#organization\"},\"image\":{\"@id\":\"https:\/\/progettotouring.it\/radiotouring104\/2025\/05\/14\/a-isola-capo-rizzuto-lincontro-lavoro-sicurezza-dignita-cittadinanza-democrazia-legalita\/#primaryimage\"},\"thumbnailUrl\":\"https:\/\/progettotouring.it\/radiotouring104\/wp-content\/uploads\/sites\/6\/2025\/05\/Cigl-Isola-Capo-Rizzuto.png\",\"keywords\":[\"incontro \u201cLavoro + Sicurezza + Dignit\u00e0 + Cittadinanza + Democrazia = Legalit\u00e0\u201d\",\"isola capo rizzuto\",\"Legalit\u00e0 e temi referendari\",\"Spi Cgil\"],\"articleSection\":[\"Calabria\",\"Home\",\"News\"],\"inLanguage\":\"it-IT\"},{\"@type\":\"WebPage\",\"@id\":\"https:\/\/progettotouring.it\/radiotouring104\/2025\/05\/14\/a-isola-capo-rizzuto-lincontro-lavoro-sicurezza-dignita-cittadinanza-democrazia-legalita\/\",\"url\":\"https:\/\/progettotouring.it\/radiotouring104\/2025\/05\/14\/a-isola-capo-rizzuto-lincontro-lavoro-sicurezza-dignita-cittadinanza-democrazia-legalita\/\",\"name\":\"A Isola Capo Rizzuto l'incontro \u201cLavoro + Sicurezza + Dignit\u00e0 + Cittadinanza + Democrazia = Legalit\u00e0\u201d - Radio Touring 104\",\"isPartOf\":{\"@id\":\"https:\/\/progettotouring.it\/radiotouring104\/#website\"},\"primaryImageOfPage\":{\"@id\":\"https:\/\/progettotouring.it\/radiotouring104\/2025\/05\/14\/a-isola-capo-rizzuto-lincontro-lavoro-sicurezza-dignita-cittadinanza-democrazia-legalita\/#primaryimage\"},\"image\":{\"@id\":\"https:\/\/progettotouring.it\/radiotouring104\/2025\/05\/14\/a-isola-capo-rizzuto-lincontro-lavoro-sicurezza-dignita-cittadinanza-democrazia-legalita\/#primaryimage\"},\"thumbnailUrl\":\"https:\/\/progettotouring.it\/radiotouring104\/wp-content\/uploads\/sites\/6\/2025\/05\/Cigl-Isola-Capo-Rizzuto.png\",\"datePublished\":\"2025-05-14T08:58:53+00:00\",\"description\":\"In oltre 200 hanno partecipato all\u2019incontro promosso da Spi Cgil, Fillea Cgil e Cgil Calabria, svolto ad Isola Capo Rizzuto\",\"breadcrumb\":{\"@id\":\"https:\/\/progettotouring.it\/radiotouring104\/2025\/05\/14\/a-isola-capo-rizzuto-lincontro-lavoro-sicurezza-dignita-cittadinanza-democrazia-legalita\/#breadcrumb\"},\"inLanguage\":\"it-IT\",\"potentialAction\":[{\"@type\":\"ReadAction\",\"target\":[\"https:\/\/progettotouring.it\/radiotouring104\/2025\/05\/14\/a-isola-capo-rizzuto-lincontro-lavoro-sicurezza-dignita-cittadinanza-democrazia-legalita\/\"]}]},{\"@type\":\"ImageObject\",\"inLanguage\":\"it-IT\",\"@id\":\"https:\/\/progettotouring.it\/radiotouring104\/2025\/05\/14\/a-isola-capo-rizzuto-lincontro-lavoro-sicurezza-dignita-cittadinanza-democrazia-legalita\/#primaryimage\",\"url\":\"https:\/\/progettotouring.it\/radiotouring104\/wp-content\/uploads\/sites\/6\/2025\/05\/Cigl-Isola-Capo-Rizzuto.png\",\"contentUrl\":\"https:\/\/progettotouring.it\/radiotouring104\/wp-content\/uploads\/sites\/6\/2025\/05\/Cigl-Isola-Capo-Rizzuto.png\",\"width\":471,\"height\":347},{\"@type\":\"BreadcrumbList\",\"@id\":\"https:\/\/progettotouring.it\/radiotouring104\/2025\/05\/14\/a-isola-capo-rizzuto-lincontro-lavoro-sicurezza-dignita-cittadinanza-democrazia-legalita\/#breadcrumb\",\"itemListElement\":[{\"@type\":\"ListItem\",\"position\":1,\"name\":\"Home\",\"item\":\"https:\/\/progettotouring.it\/radiotouring104\/\"},{\"@type\":\"ListItem\",\"position\":2,\"name\":\"A Isola Capo Rizzuto l&#8217;incontro \u201cLavoro + Sicurezza + Dignit\u00e0 + Cittadinanza + Democrazia = Legalit\u00e0\u201d\"}]},{\"@type\":\"WebSite\",\"@id\":\"https:\/\/progettotouring.it\/radiotouring104\/#website\",\"url\":\"https:\/\/progettotouring.it\/radiotouring104\/\",\"name\":\"Radio Touring 104\",\"description\":\"La prima radio Reggina\",\"publisher\":{\"@id\":\"https:\/\/progettotouring.it\/radiotouring104\/#organization\"},\"potentialAction\":[{\"@type\":\"SearchAction\",\"target\":{\"@type\":\"EntryPoint\",\"urlTemplate\":\"https:\/\/progettotouring.it\/radiotouring104\/?s={search_term_string}\"},\"query-input\":{\"@type\":\"PropertyValueSpecification\",\"valueRequired\":true,\"valueName\":\"search_term_string\"}}],\"inLanguage\":\"it-IT\"},{\"@type\":\"Organization\",\"@id\":\"https:\/\/progettotouring.it\/radiotouring104\/#organization\",\"name\":\"Radio Touring 104\",\"url\":\"https:\/\/progettotouring.it\/radiotouring104\/\",\"logo\":{\"@type\":\"ImageObject\",\"inLanguage\":\"it-IT\",\"@id\":\"https:\/\/progettotouring.it\/radiotouring104\/#\/schema\/logo\/image\/\",\"url\":\"https:\/\/progettotouring.it\/radiotouring104\/wp-content\/uploads\/sites\/6\/2022\/02\/cropped-logo-radio-touring-104.png\",\"contentUrl\":\"https:\/\/progettotouring.it\/radiotouring104\/wp-content\/uploads\/sites\/6\/2022\/02\/cropped-logo-radio-touring-104.png\",\"width\":377,\"height\":182,\"caption\":\"Radio Touring 104\"},\"image\":{\"@id\":\"https:\/\/progettotouring.it\/radiotouring104\/#\/schema\/logo\/image\/\"}},{\"@type\":\"Person\",\"@id\":\"https:\/\/progettotouring.it\/radiotouring104\/#\/schema\/person\/78613917f1851f041f7483f5af1d422e\",\"name\":\"Sebastiano Plutino\",\"image\":{\"@type\":\"ImageObject\",\"inLanguage\":\"it-IT\",\"@id\":\"https:\/\/secure.gravatar.com\/avatar\/0546ffaa9b79224faf9f2a156b67a529ae861d3287c66c1d8ccfdf909bcba78d?s=96&d=mm&r=g\",\"url\":\"https:\/\/secure.gravatar.com\/avatar\/0546ffaa9b79224faf9f2a156b67a529ae861d3287c66c1d8ccfdf909bcba78d?s=96&d=mm&r=g\",\"contentUrl\":\"https:\/\/secure.gravatar.com\/avatar\/0546ffaa9b79224faf9f2a156b67a529ae861d3287c66c1d8ccfdf909bcba78d?s=96&d=mm&r=g\",\"caption\":\"Sebastiano Plutino\"},\"url\":\"https:\/\/progettotouring.it\/radiotouring104\/author\/sebastiano\/\"}]}<\/script>\n<!-- \/ Yoast SEO plugin. -->","yoast_head_json":{"title":"A Isola Capo Rizzuto l'incontro \u201cLavoro + Sicurezza + Dignit\u00e0 + Cittadinanza + Democrazia = Legalit\u00e0\u201d - Radio Touring 104","description":"In oltre 200 hanno partecipato all\u2019incontro promosso da Spi Cgil, Fillea Cgil e Cgil Calabria, svolto ad Isola Capo Rizzuto","robots":{"index":"index","follow":"follow","max-snippet":"max-snippet:-1","max-image-preview":"max-image-preview:large","max-video-preview":"max-video-preview:-1"},"canonical":"https:\/\/progettotouring.it\/radiotouring104\/2025\/05\/14\/a-isola-capo-rizzuto-lincontro-lavoro-sicurezza-dignita-cittadinanza-democrazia-legalita\/","og_locale":"it_IT","og_type":"article","og_title":"A Isola Capo Rizzuto l'incontro \u201cLavoro + Sicurezza + Dignit\u00e0 + Cittadinanza + Democrazia = Legalit\u00e0\u201d - Radio Touring 104","og_description":"In oltre 200 hanno partecipato all\u2019incontro promosso da Spi Cgil, Fillea Cgil e Cgil Calabria, svolto ad Isola Capo Rizzuto","og_url":"https:\/\/progettotouring.it\/radiotouring104\/2025\/05\/14\/a-isola-capo-rizzuto-lincontro-lavoro-sicurezza-dignita-cittadinanza-democrazia-legalita\/","og_site_name":"Radio Touring 104","article_published_time":"2025-05-14T08:58:53+00:00","og_image":[{"width":471,"height":347,"url":"https:\/\/progettotouring.it\/radiotouring104\/wp-content\/uploads\/sites\/6\/2025\/05\/Cigl-Isola-Capo-Rizzuto.png","type":"image\/png"}],"author":"Sebastiano Plutino","twitter_card":"summary_large_image","twitter_misc":{"Scritto da":"Sebastiano Plutino","Tempo di lettura stimato":"3 minuti"},"schema":{"@context":"https:\/\/schema.org","@graph":[{"@type":"Article","@id":"https:\/\/progettotouring.it\/radiotouring104\/2025\/05\/14\/a-isola-capo-rizzuto-lincontro-lavoro-sicurezza-dignita-cittadinanza-democrazia-legalita\/#article","isPartOf":{"@id":"https:\/\/progettotouring.it\/radiotouring104\/2025\/05\/14\/a-isola-capo-rizzuto-lincontro-lavoro-sicurezza-dignita-cittadinanza-democrazia-legalita\/"},"author":{"name":"Sebastiano Plutino","@id":"https:\/\/progettotouring.it\/radiotouring104\/#\/schema\/person\/78613917f1851f041f7483f5af1d422e"},"headline":"A Isola Capo Rizzuto l&#8217;incontro \u201cLavoro + Sicurezza + Dignit\u00e0 + Cittadinanza + Democrazia = Legalit\u00e0\u201d","datePublished":"2025-05-14T08:58:53+00:00","mainEntityOfPage":{"@id":"https:\/\/progettotouring.it\/radiotouring104\/2025\/05\/14\/a-isola-capo-rizzuto-lincontro-lavoro-sicurezza-dignita-cittadinanza-democrazia-legalita\/"},"wordCount":657,"publisher":{"@id":"https:\/\/progettotouring.it\/radiotouring104\/#organization"},"image":{"@id":"https:\/\/progettotouring.it\/radiotouring104\/2025\/05\/14\/a-isola-capo-rizzuto-lincontro-lavoro-sicurezza-dignita-cittadinanza-democrazia-legalita\/#primaryimage"},"thumbnailUrl":"https:\/\/progettotouring.it\/radiotouring104\/wp-content\/uploads\/sites\/6\/2025\/05\/Cigl-Isola-Capo-Rizzuto.png","keywords":["incontro \u201cLavoro + Sicurezza + Dignit\u00e0 + Cittadinanza + Democrazia = Legalit\u00e0\u201d","isola capo rizzuto","Legalit\u00e0 e temi referendari","Spi Cgil"],"articleSection":["Calabria","Home","News"],"inLanguage":"it-IT"},{"@type":"WebPage","@id":"https:\/\/progettotouring.it\/radiotouring104\/2025\/05\/14\/a-isola-capo-rizzuto-lincontro-lavoro-sicurezza-dignita-cittadinanza-democrazia-legalita\/","url":"https:\/\/progettotouring.it\/radiotouring104\/2025\/05\/14\/a-isola-capo-rizzuto-lincontro-lavoro-sicurezza-dignita-cittadinanza-democrazia-legalita\/","name":"A Isola Capo Rizzuto l'incontro \u201cLavoro + Sicurezza + Dignit\u00e0 + Cittadinanza + Democrazia = Legalit\u00e0\u201d - Radio Touring 104","isPartOf":{"@id":"https:\/\/progettotouring.it\/radiotouring104\/#website"},"primaryImageOfPage":{"@id":"https:\/\/progettotouring.it\/radiotouring104\/2025\/05\/14\/a-isola-capo-rizzuto-lincontro-lavoro-sicurezza-dignita-cittadinanza-democrazia-legalita\/#primaryimage"},"image":{"@id":"https:\/\/progettotouring.it\/radiotouring104\/2025\/05\/14\/a-isola-capo-rizzuto-lincontro-lavoro-sicurezza-dignita-cittadinanza-democrazia-legalita\/#primaryimage"},"thumbnailUrl":"https:\/\/progettotouring.it\/radiotouring104\/wp-content\/uploads\/sites\/6\/2025\/05\/Cigl-Isola-Capo-Rizzuto.png","datePublished":"2025-05-14T08:58:53+00:00","description":"In oltre 200 hanno partecipato all\u2019incontro promosso da Spi Cgil, Fillea Cgil e Cgil Calabria, svolto ad Isola Capo Rizzuto","breadcrumb":{"@id":"https:\/\/progettotouring.it\/radiotouring104\/2025\/05\/14\/a-isola-capo-rizzuto-lincontro-lavoro-sicurezza-dignita-cittadinanza-democrazia-legalita\/#breadcrumb"},"inLanguage":"it-IT","potentialAction":[{"@type":"ReadAction","target":["https:\/\/progettotouring.it\/radiotouring104\/2025\/05\/14\/a-isola-capo-rizzuto-lincontro-lavoro-sicurezza-dignita-cittadinanza-democrazia-legalita\/"]}]},{"@type":"ImageObject","inLanguage":"it-IT","@id":"https:\/\/progettotouring.it\/radiotouring104\/2025\/05\/14\/a-isola-capo-rizzuto-lincontro-lavoro-sicurezza-dignita-cittadinanza-democrazia-legalita\/#primaryimage","url":"https:\/\/progettotouring.it\/radiotouring104\/wp-content\/uploads\/sites\/6\/2025\/05\/Cigl-Isola-Capo-Rizzuto.png","contentUrl":"https:\/\/progettotouring.it\/radiotouring104\/wp-content\/uploads\/sites\/6\/2025\/05\/Cigl-Isola-Capo-Rizzuto.png","width":471,"height":347},{"@type":"BreadcrumbList","@id":"https:\/\/progettotouring.it\/radiotouring104\/2025\/05\/14\/a-isola-capo-rizzuto-lincontro-lavoro-sicurezza-dignita-cittadinanza-democrazia-legalita\/#breadcrumb","itemListElement":[{"@type":"ListItem","position":1,"name":"Home","item":"https:\/\/progettotouring.it\/radiotouring104\/"},{"@type":"ListItem","position":2,"name":"A Isola Capo Rizzuto l&#8217;incontro \u201cLavoro + Sicurezza + Dignit\u00e0 + Cittadinanza + Democrazia = Legalit\u00e0\u201d"}]},{"@type":"WebSite","@id":"https:\/\/progettotouring.it\/radiotouring104\/#website","url":"https:\/\/progettotouring.it\/radiotouring104\/","name":"Radio Touring 104","description":"La prima radio Reggina","publisher":{"@id":"https:\/\/progettotouring.it\/radiotouring104\/#organization"},"potentialAction":[{"@type":"SearchAction","target":{"@type":"EntryPoint","urlTemplate":"https:\/\/progettotouring.it\/radiotouring104\/?s={search_term_string}"},"query-input":{"@type":"PropertyValueSpecification","valueRequired":true,"valueName":"search_term_string"}}],"inLanguage":"it-IT"},{"@type":"Organization","@id":"https:\/\/progettotouring.it\/radiotouring104\/#organization","name":"Radio Touring 104","url":"https:\/\/progettotouring.it\/radiotouring104\/","logo":{"@type":"ImageObject","inLanguage":"it-IT","@id":"https:\/\/progettotouring.it\/radiotouring104\/#\/schema\/logo\/image\/","url":"https:\/\/progettotouring.it\/radiotouring104\/wp-content\/uploads\/sites\/6\/2022\/02\/cropped-logo-radio-touring-104.png","contentUrl":"https:\/\/progettotouring.it\/radiotouring104\/wp-content\/uploads\/sites\/6\/2022\/02\/cropped-logo-radio-touring-104.png","width":377,"height":182,"caption":"Radio Touring 104"},"image":{"@id":"https:\/\/progettotouring.it\/radiotouring104\/#\/schema\/logo\/image\/"}},{"@type":"Person","@id":"https:\/\/progettotouring.it\/radiotouring104\/#\/schema\/person\/78613917f1851f041f7483f5af1d422e","name":"Sebastiano Plutino","image":{"@type":"ImageObject","inLanguage":"it-IT","@id":"https:\/\/secure.gravatar.com\/avatar\/0546ffaa9b79224faf9f2a156b67a529ae861d3287c66c1d8ccfdf909bcba78d?s=96&d=mm&r=g","url":"https:\/\/secure.gravatar.com\/avatar\/0546ffaa9b79224faf9f2a156b67a529ae861d3287c66c1d8ccfdf909bcba78d?s=96&d=mm&r=g","contentUrl":"https:\/\/secure.gravatar.com\/avatar\/0546ffaa9b79224faf9f2a156b67a529ae861d3287c66c1d8ccfdf909bcba78d?s=96&d=mm&r=g","caption":"Sebastiano Plutino"},"url":"https:\/\/progettotouring.it\/radiotouring104\/author\/sebastiano\/"}]}},"jetpack_publicize_connections":[],"jetpack_featured_media_url":"https:\/\/progettotouring.it\/radiotouring104\/wp-content\/uploads\/sites\/6\/2025\/05\/Cigl-Isola-Capo-Rizzuto.png","jetpack_sharing_enabled":true,"_links":{"self":[{"href":"https:\/\/progettotouring.it\/radiotouring104\/wp-json\/wp\/v2\/posts\/73578","targetHints":{"allow":["GET"]}}],"collection":[{"href":"https:\/\/progettotouring.it\/radiotouring104\/wp-json\/wp\/v2\/posts"}],"about":[{"href":"https:\/\/progettotouring.it\/radiotouring104\/wp-json\/wp\/v2\/types\/post"}],"author":[{"embeddable":true,"href":"https:\/\/progettotouring.it\/radiotouring104\/wp-json\/wp\/v2\/users\/12"}],"replies":[{"embeddable":true,"href":"https:\/\/progettotouring.it\/radiotouring104\/wp-json\/wp\/v2\/comments?post=73578"}],"version-history":[{"count":1,"href":"https:\/\/progettotouring.it\/radiotouring104\/wp-json\/wp\/v2\/posts\/73578\/revisions"}],"predecessor-version":[{"id":73580,"href":"https:\/\/progettotouring.it\/radiotouring104\/wp-json\/wp\/v2\/posts\/73578\/revisions\/73580"}],"wp:featuredmedia":[{"embeddable":true,"href":"https:\/\/progettotouring.it\/radiotouring104\/wp-json\/wp\/v2\/media\/73579"}],"wp:attachment":[{"href":"https:\/\/progettotouring.it\/radiotouring104\/wp-json\/wp\/v2\/media?parent=73578"}],"wp:term":[{"taxonomy":"category","embeddable":true,"href":"https:\/\/progettotouring.it\/radiotouring104\/wp-json\/wp\/v2\/categories?post=73578"},{"taxonomy":"post_tag","embeddable":true,"href":"https:\/\/progettotouring.it\/radiotouring104\/wp-json\/wp\/v2\/tags?post=73578"}],"curies":[{"name":"wp","href":"https:\/\/api.w.org\/{rel}","templated":true}]}}