{"id":73581,"date":"2025-05-14T11:04:46","date_gmt":"2025-05-14T09:04:46","guid":{"rendered":"https:\/\/progettotouring.it\/radiotouring104\/?p=73581"},"modified":"2025-05-14T11:05:26","modified_gmt":"2025-05-14T09:05:26","slug":"domotek-la-dirigente-palma-spataro-commenta-la-grande-stagione","status":"publish","type":"post","link":"https:\/\/progettotouring.it\/radiotouring104\/2025\/05\/14\/domotek-la-dirigente-palma-spataro-commenta-la-grande-stagione\/","title":{"rendered":"Domotek: la dirigente Palma Spataro commenta la grande stagione"},"content":{"rendered":"<p style=\"text-align: justify\">La stagione appena conclusa della Domotek Volley ha lasciato un segno profondo nel cuore dei tifosi e della citt\u00e0 di Reggio Calabria. A raccontare questa avventura \u00e8 Palma Spataro, una delle figure chiave della dirigenza, che in un&#8217;intervista esclusiva ripercorre i momenti pi\u00f9 emozionanti di un&#8217;annata ricca di successi e passione.<\/p>\n<p style=\"text-align: justify\">&#8220;\u00c8 stata una stagione bellissima&#8221;, esordisce Spataro, &#8220;e io mi sono ritrovata catapultata in questa nuova esperienza&#8221;. Un ringraziamento speciale va al mister Antonio Polimeni e a Marco Martino, artefici di un progetto che ha ridato lustro alla pallavolo reggina. &#8220;\u00c8 stata una cavalcata trionfale, in cui \u00e8 venuto fuori nuovamente lo spirito sportivo di Reggio Calabria&#8221;, sottolinea.<\/p>\n<p style=\"text-align: justify\">Il Palacalafiore \u00e8 tornato a essere un tempio del volley e dello sport reggino, con una presenza di pubblico che ha riportato alla memoria i fasti degli anni \u201980 \u2019e 90. &#8220;Per noi che abbiamo vissuto il Palacalafiore ai vecchi tempi, \u00e8 stata un&#8217;emozione fortissima&#8221;, racconta con entusiasmo.<\/p>\n<p style=\"text-align: justify\">Uno degli aspetti pi\u00f9 significativi \u00e8 stato il coinvolgimento della citt\u00e0. &#8220;I ragazzi hanno fatto innamorare Reggio Calabria&#8221;, afferma Palma Spataro. L\u2019entusiasmo \u00e8 esploso anche nelle scuole, dove i giovani tifosi hanno mostrato un affetto travolgente. &#8220;L\u2019entusiasmo dei ragazzini, ma anche dei dirigenti e degli insegnanti, era a livelli altissimi&#8221;.<br \/>\nLe partite sono state un vero spettacolo a 360\u00b0, con vittorie memorabili e sconfitte affrontate con orgoglio. &#8220;Ho visto persone uscire dal palazzetto con lo stesso entusiasmo anche dopo una sconfitta, perch\u00e9 il livello \u00e8 stato sempre altissimo e i ragazzi non hanno mai mollato&#8221;.<\/p>\n<p style=\"text-align: justify\">Palma Spataro fa parte di un trio dirigenziale tutto al femminile, insieme a Valeria Pellegrino e Patrizia Prattic\u00f2. &#8220;\u00c8 stata un\u2019esperienza bellissima, con donne attivissime, ognuna con la propria mansione ma con la capacit\u00e0 di supportarci a vicenda&#8221;. Un ambiente lavorativo positivo, dove la collaborazione ha fatto la differenza.<\/p>\n<p style=\"text-align: justify\">Nonostante la stagione sia terminata, l\u2019energia \u00e8 ancora alta. &#8220;Tutti noi non vediamo l\u2019ora di ricominciare&#8221;, confessa Spataro. L\u2019ultima partita infrasettimanale, disputata di marted\u00ec sera, ha dimostrato che la passione per la Domotek \u00e8 pi\u00f9 viva che mai. &#8220;Vedere tutto quel pubblico \u00e8 stato il coronamento di un anno di lavoro straordinario&#8221;.<br \/>\nIn chiusura, un augurio per il futuro: &#8220;Grazie a tutti, in bocca al lupo per il cammino che verr\u00e0. Ci vediamo prestissimo!&#8221;.<br \/>\nUna stagione che ha ridato orgoglio e identit\u00e0 alla pallavolo reggina, con la Domotek Volley protagonista di un\u2019indimenticabile rinascita sportiva.<\/p>\n","protected":false},"excerpt":{"rendered":"<p>La stagione appena conclusa della Domotek Volley ha lasciato un segno profondo nel cuore dei tifosi e della citt\u00e0 di Reggio Calabria. A raccontare questa avventura \u00e8 Palma Spataro, una&hellip;<\/p>\n","protected":false},"author":12,"featured_media":73582,"comment_status":"closed","ping_status":"open","sticky":false,"template":"","format":"standard","meta":{"_jetpack_memberships_contains_paid_content":false,"footnotes":"","jetpack_publicize_message":"","jetpack_publicize_feature_enabled":true,"jetpack_social_post_already_shared":true,"jetpack_social_options":{"image_generator_settings":{"template":"highway","default_image_id":0,"font":"","enabled":false},"version":2}},"categories":[196,140,144],"tags":[43571,26780,43570,43572],"class_list":["post-73581","post","type-post","status-publish","format-standard","has-post-thumbnail","hentry","category-news","category-reggio-calabria","category-sport","tag-commento-stagionee-sportiva","tag-domotek-volley-reggio-calabria","tag-palma-spataro","tag-riscatto"],"yoast_head":"<!-- This site is optimized with the Yoast SEO plugin v27.2 - https:\/\/yoast.com\/product\/yoast-seo-wordpress\/ -->\n<title>Domotek: la dirigente Palma Spataro commenta la grande stagione<\/title>\n<meta name=\"description\" content=\"&quot;\u00c8 stata una stagione bellissima&quot;, il commento della Dirigente sulla stagione indimenticabile della Domotek, tra emozioni e riscatto sportivo\" \/>\n<meta name=\"robots\" content=\"index, follow, max-snippet:-1, max-image-preview:large, max-video-preview:-1\" \/>\n<link rel=\"canonical\" href=\"https:\/\/progettotouring.it\/radiotouring104\/2025\/05\/14\/domotek-la-dirigente-palma-spataro-commenta-la-grande-stagione\/\" \/>\n<meta property=\"og:locale\" content=\"it_IT\" \/>\n<meta property=\"og:type\" content=\"article\" \/>\n<meta property=\"og:title\" content=\"Domotek: la dirigente Palma Spataro commenta la grande stagione\" \/>\n<meta property=\"og:description\" content=\"&quot;\u00c8 stata una stagione bellissima&quot;, il commento della Dirigente sulla stagione indimenticabile della Domotek, tra emozioni e riscatto sportivo\" \/>\n<meta property=\"og:url\" content=\"https:\/\/progettotouring.it\/radiotouring104\/2025\/05\/14\/domotek-la-dirigente-palma-spataro-commenta-la-grande-stagione\/\" \/>\n<meta property=\"og:site_name\" content=\"Radio Touring 104\" \/>\n<meta property=\"article:published_time\" content=\"2025-05-14T09:04:46+00:00\" \/>\n<meta property=\"article:modified_time\" content=\"2025-05-14T09:05:26+00:00\" \/>\n<meta property=\"og:image\" content=\"https:\/\/progettotouring.it\/radiotouring104\/wp-content\/uploads\/sites\/6\/2025\/05\/Spataro-Domotek.png\" \/>\n\t<meta property=\"og:image:width\" content=\"611\" \/>\n\t<meta property=\"og:image:height\" content=\"341\" \/>\n\t<meta property=\"og:image:type\" content=\"image\/png\" \/>\n<meta name=\"author\" content=\"Sebastiano Plutino\" \/>\n<meta name=\"twitter:card\" content=\"summary_large_image\" \/>\n<meta name=\"twitter:label1\" content=\"Scritto da\" \/>\n\t<meta name=\"twitter:data1\" content=\"Sebastiano Plutino\" \/>\n\t<meta name=\"twitter:label2\" content=\"Tempo di lettura stimato\" \/>\n\t<meta name=\"twitter:data2\" content=\"2 minuti\" \/>\n<script type=\"application\/ld+json\" class=\"yoast-schema-graph\">{\"@context\":\"https:\/\/schema.org\",\"@graph\":[{\"@type\":\"Article\",\"@id\":\"https:\/\/progettotouring.it\/radiotouring104\/2025\/05\/14\/domotek-la-dirigente-palma-spataro-commenta-la-grande-stagione\/#article\",\"isPartOf\":{\"@id\":\"https:\/\/progettotouring.it\/radiotouring104\/2025\/05\/14\/domotek-la-dirigente-palma-spataro-commenta-la-grande-stagione\/\"},\"author\":{\"name\":\"Sebastiano Plutino\",\"@id\":\"https:\/\/progettotouring.it\/radiotouring104\/#\/schema\/person\/78613917f1851f041f7483f5af1d422e\"},\"headline\":\"Domotek: la dirigente Palma Spataro commenta la grande stagione\",\"datePublished\":\"2025-05-14T09:04:46+00:00\",\"dateModified\":\"2025-05-14T09:05:26+00:00\",\"mainEntityOfPage\":{\"@id\":\"https:\/\/progettotouring.it\/radiotouring104\/2025\/05\/14\/domotek-la-dirigente-palma-spataro-commenta-la-grande-stagione\/\"},\"wordCount\":395,\"publisher\":{\"@id\":\"https:\/\/progettotouring.it\/radiotouring104\/#organization\"},\"image\":{\"@id\":\"https:\/\/progettotouring.it\/radiotouring104\/2025\/05\/14\/domotek-la-dirigente-palma-spataro-commenta-la-grande-stagione\/#primaryimage\"},\"thumbnailUrl\":\"https:\/\/progettotouring.it\/radiotouring104\/wp-content\/uploads\/sites\/6\/2025\/05\/Spataro-Domotek.png\",\"keywords\":[\"commento stagionee sportiva\",\"Domotek Volley Reggio Calabria\",\"Palma Spataro\",\"riscatto\"],\"articleSection\":[\"News\",\"Reggio Calabria\",\"Sport\"],\"inLanguage\":\"it-IT\"},{\"@type\":\"WebPage\",\"@id\":\"https:\/\/progettotouring.it\/radiotouring104\/2025\/05\/14\/domotek-la-dirigente-palma-spataro-commenta-la-grande-stagione\/\",\"url\":\"https:\/\/progettotouring.it\/radiotouring104\/2025\/05\/14\/domotek-la-dirigente-palma-spataro-commenta-la-grande-stagione\/\",\"name\":\"Domotek: la dirigente Palma Spataro commenta la grande stagione\",\"isPartOf\":{\"@id\":\"https:\/\/progettotouring.it\/radiotouring104\/#website\"},\"primaryImageOfPage\":{\"@id\":\"https:\/\/progettotouring.it\/radiotouring104\/2025\/05\/14\/domotek-la-dirigente-palma-spataro-commenta-la-grande-stagione\/#primaryimage\"},\"image\":{\"@id\":\"https:\/\/progettotouring.it\/radiotouring104\/2025\/05\/14\/domotek-la-dirigente-palma-spataro-commenta-la-grande-stagione\/#primaryimage\"},\"thumbnailUrl\":\"https:\/\/progettotouring.it\/radiotouring104\/wp-content\/uploads\/sites\/6\/2025\/05\/Spataro-Domotek.png\",\"datePublished\":\"2025-05-14T09:04:46+00:00\",\"dateModified\":\"2025-05-14T09:05:26+00:00\",\"description\":\"\\\"\u00c8 stata una stagione bellissima\\\", il commento della Dirigente sulla stagione indimenticabile della Domotek, tra emozioni e riscatto sportivo\",\"breadcrumb\":{\"@id\":\"https:\/\/progettotouring.it\/radiotouring104\/2025\/05\/14\/domotek-la-dirigente-palma-spataro-commenta-la-grande-stagione\/#breadcrumb\"},\"inLanguage\":\"it-IT\",\"potentialAction\":[{\"@type\":\"ReadAction\",\"target\":[\"https:\/\/progettotouring.it\/radiotouring104\/2025\/05\/14\/domotek-la-dirigente-palma-spataro-commenta-la-grande-stagione\/\"]}]},{\"@type\":\"ImageObject\",\"inLanguage\":\"it-IT\",\"@id\":\"https:\/\/progettotouring.it\/radiotouring104\/2025\/05\/14\/domotek-la-dirigente-palma-spataro-commenta-la-grande-stagione\/#primaryimage\",\"url\":\"https:\/\/progettotouring.it\/radiotouring104\/wp-content\/uploads\/sites\/6\/2025\/05\/Spataro-Domotek.png\",\"contentUrl\":\"https:\/\/progettotouring.it\/radiotouring104\/wp-content\/uploads\/sites\/6\/2025\/05\/Spataro-Domotek.png\",\"width\":611,\"height\":341},{\"@type\":\"BreadcrumbList\",\"@id\":\"https:\/\/progettotouring.it\/radiotouring104\/2025\/05\/14\/domotek-la-dirigente-palma-spataro-commenta-la-grande-stagione\/#breadcrumb\",\"itemListElement\":[{\"@type\":\"ListItem\",\"position\":1,\"name\":\"Home\",\"item\":\"https:\/\/progettotouring.it\/radiotouring104\/\"},{\"@type\":\"ListItem\",\"position\":2,\"name\":\"Domotek: la dirigente Palma Spataro commenta la grande stagione\"}]},{\"@type\":\"WebSite\",\"@id\":\"https:\/\/progettotouring.it\/radiotouring104\/#website\",\"url\":\"https:\/\/progettotouring.it\/radiotouring104\/\",\"name\":\"Radio Touring 104\",\"description\":\"La prima radio Reggina\",\"publisher\":{\"@id\":\"https:\/\/progettotouring.it\/radiotouring104\/#organization\"},\"potentialAction\":[{\"@type\":\"SearchAction\",\"target\":{\"@type\":\"EntryPoint\",\"urlTemplate\":\"https:\/\/progettotouring.it\/radiotouring104\/?s={search_term_string}\"},\"query-input\":{\"@type\":\"PropertyValueSpecification\",\"valueRequired\":true,\"valueName\":\"search_term_string\"}}],\"inLanguage\":\"it-IT\"},{\"@type\":\"Organization\",\"@id\":\"https:\/\/progettotouring.it\/radiotouring104\/#organization\",\"name\":\"Radio Touring 104\",\"url\":\"https:\/\/progettotouring.it\/radiotouring104\/\",\"logo\":{\"@type\":\"ImageObject\",\"inLanguage\":\"it-IT\",\"@id\":\"https:\/\/progettotouring.it\/radiotouring104\/#\/schema\/logo\/image\/\",\"url\":\"https:\/\/progettotouring.it\/radiotouring104\/wp-content\/uploads\/sites\/6\/2022\/02\/cropped-logo-radio-touring-104.png\",\"contentUrl\":\"https:\/\/progettotouring.it\/radiotouring104\/wp-content\/uploads\/sites\/6\/2022\/02\/cropped-logo-radio-touring-104.png\",\"width\":377,\"height\":182,\"caption\":\"Radio Touring 104\"},\"image\":{\"@id\":\"https:\/\/progettotouring.it\/radiotouring104\/#\/schema\/logo\/image\/\"}},{\"@type\":\"Person\",\"@id\":\"https:\/\/progettotouring.it\/radiotouring104\/#\/schema\/person\/78613917f1851f041f7483f5af1d422e\",\"name\":\"Sebastiano Plutino\",\"image\":{\"@type\":\"ImageObject\",\"inLanguage\":\"it-IT\",\"@id\":\"https:\/\/secure.gravatar.com\/avatar\/0546ffaa9b79224faf9f2a156b67a529ae861d3287c66c1d8ccfdf909bcba78d?s=96&d=mm&r=g\",\"url\":\"https:\/\/secure.gravatar.com\/avatar\/0546ffaa9b79224faf9f2a156b67a529ae861d3287c66c1d8ccfdf909bcba78d?s=96&d=mm&r=g\",\"contentUrl\":\"https:\/\/secure.gravatar.com\/avatar\/0546ffaa9b79224faf9f2a156b67a529ae861d3287c66c1d8ccfdf909bcba78d?s=96&d=mm&r=g\",\"caption\":\"Sebastiano Plutino\"},\"url\":\"https:\/\/progettotouring.it\/radiotouring104\/author\/sebastiano\/\"}]}<\/script>\n<!-- \/ Yoast SEO plugin. -->","yoast_head_json":{"title":"Domotek: la dirigente Palma Spataro commenta la grande stagione","description":"\"\u00c8 stata una stagione bellissima\", il commento della Dirigente sulla stagione indimenticabile della Domotek, tra emozioni e riscatto sportivo","robots":{"index":"index","follow":"follow","max-snippet":"max-snippet:-1","max-image-preview":"max-image-preview:large","max-video-preview":"max-video-preview:-1"},"canonical":"https:\/\/progettotouring.it\/radiotouring104\/2025\/05\/14\/domotek-la-dirigente-palma-spataro-commenta-la-grande-stagione\/","og_locale":"it_IT","og_type":"article","og_title":"Domotek: la dirigente Palma Spataro commenta la grande stagione","og_description":"\"\u00c8 stata una stagione bellissima\", il commento della Dirigente sulla stagione indimenticabile della Domotek, tra emozioni e riscatto sportivo","og_url":"https:\/\/progettotouring.it\/radiotouring104\/2025\/05\/14\/domotek-la-dirigente-palma-spataro-commenta-la-grande-stagione\/","og_site_name":"Radio Touring 104","article_published_time":"2025-05-14T09:04:46+00:00","article_modified_time":"2025-05-14T09:05:26+00:00","og_image":[{"width":611,"height":341,"url":"https:\/\/progettotouring.it\/radiotouring104\/wp-content\/uploads\/sites\/6\/2025\/05\/Spataro-Domotek.png","type":"image\/png"}],"author":"Sebastiano Plutino","twitter_card":"summary_large_image","twitter_misc":{"Scritto da":"Sebastiano Plutino","Tempo di lettura stimato":"2 minuti"},"schema":{"@context":"https:\/\/schema.org","@graph":[{"@type":"Article","@id":"https:\/\/progettotouring.it\/radiotouring104\/2025\/05\/14\/domotek-la-dirigente-palma-spataro-commenta-la-grande-stagione\/#article","isPartOf":{"@id":"https:\/\/progettotouring.it\/radiotouring104\/2025\/05\/14\/domotek-la-dirigente-palma-spataro-commenta-la-grande-stagione\/"},"author":{"name":"Sebastiano Plutino","@id":"https:\/\/progettotouring.it\/radiotouring104\/#\/schema\/person\/78613917f1851f041f7483f5af1d422e"},"headline":"Domotek: la dirigente Palma Spataro commenta la grande stagione","datePublished":"2025-05-14T09:04:46+00:00","dateModified":"2025-05-14T09:05:26+00:00","mainEntityOfPage":{"@id":"https:\/\/progettotouring.it\/radiotouring104\/2025\/05\/14\/domotek-la-dirigente-palma-spataro-commenta-la-grande-stagione\/"},"wordCount":395,"publisher":{"@id":"https:\/\/progettotouring.it\/radiotouring104\/#organization"},"image":{"@id":"https:\/\/progettotouring.it\/radiotouring104\/2025\/05\/14\/domotek-la-dirigente-palma-spataro-commenta-la-grande-stagione\/#primaryimage"},"thumbnailUrl":"https:\/\/progettotouring.it\/radiotouring104\/wp-content\/uploads\/sites\/6\/2025\/05\/Spataro-Domotek.png","keywords":["commento stagionee sportiva","Domotek Volley Reggio Calabria","Palma Spataro","riscatto"],"articleSection":["News","Reggio Calabria","Sport"],"inLanguage":"it-IT"},{"@type":"WebPage","@id":"https:\/\/progettotouring.it\/radiotouring104\/2025\/05\/14\/domotek-la-dirigente-palma-spataro-commenta-la-grande-stagione\/","url":"https:\/\/progettotouring.it\/radiotouring104\/2025\/05\/14\/domotek-la-dirigente-palma-spataro-commenta-la-grande-stagione\/","name":"Domotek: la dirigente Palma Spataro commenta la grande stagione","isPartOf":{"@id":"https:\/\/progettotouring.it\/radiotouring104\/#website"},"primaryImageOfPage":{"@id":"https:\/\/progettotouring.it\/radiotouring104\/2025\/05\/14\/domotek-la-dirigente-palma-spataro-commenta-la-grande-stagione\/#primaryimage"},"image":{"@id":"https:\/\/progettotouring.it\/radiotouring104\/2025\/05\/14\/domotek-la-dirigente-palma-spataro-commenta-la-grande-stagione\/#primaryimage"},"thumbnailUrl":"https:\/\/progettotouring.it\/radiotouring104\/wp-content\/uploads\/sites\/6\/2025\/05\/Spataro-Domotek.png","datePublished":"2025-05-14T09:04:46+00:00","dateModified":"2025-05-14T09:05:26+00:00","description":"\"\u00c8 stata una stagione bellissima\", il commento della Dirigente sulla stagione indimenticabile della Domotek, tra emozioni e riscatto sportivo","breadcrumb":{"@id":"https:\/\/progettotouring.it\/radiotouring104\/2025\/05\/14\/domotek-la-dirigente-palma-spataro-commenta-la-grande-stagione\/#breadcrumb"},"inLanguage":"it-IT","potentialAction":[{"@type":"ReadAction","target":["https:\/\/progettotouring.it\/radiotouring104\/2025\/05\/14\/domotek-la-dirigente-palma-spataro-commenta-la-grande-stagione\/"]}]},{"@type":"ImageObject","inLanguage":"it-IT","@id":"https:\/\/progettotouring.it\/radiotouring104\/2025\/05\/14\/domotek-la-dirigente-palma-spataro-commenta-la-grande-stagione\/#primaryimage","url":"https:\/\/progettotouring.it\/radiotouring104\/wp-content\/uploads\/sites\/6\/2025\/05\/Spataro-Domotek.png","contentUrl":"https:\/\/progettotouring.it\/radiotouring104\/wp-content\/uploads\/sites\/6\/2025\/05\/Spataro-Domotek.png","width":611,"height":341},{"@type":"BreadcrumbList","@id":"https:\/\/progettotouring.it\/radiotouring104\/2025\/05\/14\/domotek-la-dirigente-palma-spataro-commenta-la-grande-stagione\/#breadcrumb","itemListElement":[{"@type":"ListItem","position":1,"name":"Home","item":"https:\/\/progettotouring.it\/radiotouring104\/"},{"@type":"ListItem","position":2,"name":"Domotek: la dirigente Palma Spataro commenta la grande stagione"}]},{"@type":"WebSite","@id":"https:\/\/progettotouring.it\/radiotouring104\/#website","url":"https:\/\/progettotouring.it\/radiotouring104\/","name":"Radio Touring 104","description":"La prima radio Reggina","publisher":{"@id":"https:\/\/progettotouring.it\/radiotouring104\/#organization"},"potentialAction":[{"@type":"SearchAction","target":{"@type":"EntryPoint","urlTemplate":"https:\/\/progettotouring.it\/radiotouring104\/?s={search_term_string}"},"query-input":{"@type":"PropertyValueSpecification","valueRequired":true,"valueName":"search_term_string"}}],"inLanguage":"it-IT"},{"@type":"Organization","@id":"https:\/\/progettotouring.it\/radiotouring104\/#organization","name":"Radio Touring 104","url":"https:\/\/progettotouring.it\/radiotouring104\/","logo":{"@type":"ImageObject","inLanguage":"it-IT","@id":"https:\/\/progettotouring.it\/radiotouring104\/#\/schema\/logo\/image\/","url":"https:\/\/progettotouring.it\/radiotouring104\/wp-content\/uploads\/sites\/6\/2022\/02\/cropped-logo-radio-touring-104.png","contentUrl":"https:\/\/progettotouring.it\/radiotouring104\/wp-content\/uploads\/sites\/6\/2022\/02\/cropped-logo-radio-touring-104.png","width":377,"height":182,"caption":"Radio Touring 104"},"image":{"@id":"https:\/\/progettotouring.it\/radiotouring104\/#\/schema\/logo\/image\/"}},{"@type":"Person","@id":"https:\/\/progettotouring.it\/radiotouring104\/#\/schema\/person\/78613917f1851f041f7483f5af1d422e","name":"Sebastiano Plutino","image":{"@type":"ImageObject","inLanguage":"it-IT","@id":"https:\/\/secure.gravatar.com\/avatar\/0546ffaa9b79224faf9f2a156b67a529ae861d3287c66c1d8ccfdf909bcba78d?s=96&d=mm&r=g","url":"https:\/\/secure.gravatar.com\/avatar\/0546ffaa9b79224faf9f2a156b67a529ae861d3287c66c1d8ccfdf909bcba78d?s=96&d=mm&r=g","contentUrl":"https:\/\/secure.gravatar.com\/avatar\/0546ffaa9b79224faf9f2a156b67a529ae861d3287c66c1d8ccfdf909bcba78d?s=96&d=mm&r=g","caption":"Sebastiano Plutino"},"url":"https:\/\/progettotouring.it\/radiotouring104\/author\/sebastiano\/"}]}},"jetpack_publicize_connections":[],"jetpack_featured_media_url":"https:\/\/progettotouring.it\/radiotouring104\/wp-content\/uploads\/sites\/6\/2025\/05\/Spataro-Domotek.png","jetpack_sharing_enabled":true,"_links":{"self":[{"href":"https:\/\/progettotouring.it\/radiotouring104\/wp-json\/wp\/v2\/posts\/73581","targetHints":{"allow":["GET"]}}],"collection":[{"href":"https:\/\/progettotouring.it\/radiotouring104\/wp-json\/wp\/v2\/posts"}],"about":[{"href":"https:\/\/progettotouring.it\/radiotouring104\/wp-json\/wp\/v2\/types\/post"}],"author":[{"embeddable":true,"href":"https:\/\/progettotouring.it\/radiotouring104\/wp-json\/wp\/v2\/users\/12"}],"replies":[{"embeddable":true,"href":"https:\/\/progettotouring.it\/radiotouring104\/wp-json\/wp\/v2\/comments?post=73581"}],"version-history":[{"count":2,"href":"https:\/\/progettotouring.it\/radiotouring104\/wp-json\/wp\/v2\/posts\/73581\/revisions"}],"predecessor-version":[{"id":73584,"href":"https:\/\/progettotouring.it\/radiotouring104\/wp-json\/wp\/v2\/posts\/73581\/revisions\/73584"}],"wp:featuredmedia":[{"embeddable":true,"href":"https:\/\/progettotouring.it\/radiotouring104\/wp-json\/wp\/v2\/media\/73582"}],"wp:attachment":[{"href":"https:\/\/progettotouring.it\/radiotouring104\/wp-json\/wp\/v2\/media?parent=73581"}],"wp:term":[{"taxonomy":"category","embeddable":true,"href":"https:\/\/progettotouring.it\/radiotouring104\/wp-json\/wp\/v2\/categories?post=73581"},{"taxonomy":"post_tag","embeddable":true,"href":"https:\/\/progettotouring.it\/radiotouring104\/wp-json\/wp\/v2\/tags?post=73581"}],"curies":[{"name":"wp","href":"https:\/\/api.w.org\/{rel}","templated":true}]}}