{"id":73593,"date":"2025-05-14T11:29:32","date_gmt":"2025-05-14T09:29:32","guid":{"rendered":"https:\/\/progettotouring.it\/radiotouring104\/?p=73593"},"modified":"2025-05-14T11:29:32","modified_gmt":"2025-05-14T09:29:32","slug":"a-catanzaro-xi-convegno-del-mezzogiorno-ance","status":"publish","type":"post","link":"https:\/\/progettotouring.it\/radiotouring104\/2025\/05\/14\/a-catanzaro-xi-convegno-del-mezzogiorno-ance\/","title":{"rendered":"A Catanzaro XI Convegno del Mezzogiorno ANCE"},"content":{"rendered":"<p class=\"xmprfx_MsoNormal\" style=\"text-align: justify\">Il Mezzogiorno, i giovani, le infrastrutture, il futuro. Quattro parole chiave che saranno il cuore pulsante dell\u2019<b>XI Convegno del Mezzogiorno dei Giovani Imprenditori Edili ANCE<\/b>, in programma il\u00a0<b>16 maggio a partire dalle ore 14.30 nella prestigiosa Sala delle Culture della Provincia di Catanzaro<\/b>.<\/p>\n<p class=\"xmprfx_MsoNormal\" style=\"text-align: justify\">Un appuntamento di respiro interregionale che vedr\u00e0 protagonisti i giovani imprenditori di ANCE Calabria, Campania, Puglia e Sicilia in un confronto aperto, concreto e propositivo sulle sfide e le opportunit\u00e0 che attendono il settore delle costruzioni nel Meridione.<\/p>\n<p class=\"xmprfx_MsoNormal\" style=\"text-align: justify\">Un evento che assume una valenza strategica non solo per il comparto edilizio, ma per l\u2019intero sistema economico e sociale del Sud Italia, chiamato oggi pi\u00f9 che mai a ridefinire il proprio ruolo nello scenario nazionale ed europeo, puntando su infrastrutture moderne, innovazione, sostenibilit\u00e0 e protagonismo delle nuove generazioni.<\/p>\n<p class=\"xmprfx_MsoNormal\" style=\"text-align: justify\">Ad aprire i lavori, dopo i saluti introduttivi di\u00a0<b>Carlo Barberio, presidente ANCE Giovani Calabria; Giuseppe Catizone, presidente ANCE Giovani Catanzaro; Roberto Rugna, presidente ANCE Calabria<\/b>, saranno le istituzioni locali con gli interventi del\u00a0<b>sindaco di Catanzaro Nicola Fiorita e del prefetto Castrese De Rosa<\/b>, a testimonianza del forte legame tra territorio, istituzioni e sistema imprenditoriale.<\/p>\n<p class=\"xmprfx_MsoNormal\" style=\"text-align: justify\">La parte centrale dell\u2019evento sar\u00e0 animata da una\u00a0<b>tavola rotonda di alto livello<\/b>\u00a0dal titolo\u00a0<b>\u201cInfrastrutture e sviluppo: il Mezzogiorno che verr\u00e0\u201d<\/b>, con la partecipazione della\u00a0<b>professoressa Francesca Moraci dell\u2019Universit\u00e0 Mediterranea, dell\u2019architetto Massimo Crusi, presidente dell\u2019Ordine nazionale degli Architetti, del presidente dell\u2019Autorit\u00e0 portuale Andrea Agostinelli, del giornalista Tommaso Labate, del vicepresidente ANCE per il Mezzogiorno Giovan Battista Perciaccante e dei rappresentanti dei Giovani ANCE di Campania, Puglia e Sicilia<\/b>. A moderare i lavori sar\u00e0 il giornalista Rai\u00a0<b>Marco Innocente Furina<\/b>.<\/p>\n<p class=\"xmprfx_MsoNormal\" style=\"text-align: justify\">Il convegno culminer\u00e0 con l\u2019intervento del\u00a0<b>presidente della Giunta regionale della Calabria, Roberto Occhiuto<\/b>, che offrir\u00e0 una visione politica sulle strategie di rilancio delle infrastrutture e delle imprese nel Sud, e le conclusioni affidate alla\u00a0<b>presidente nazionale di ANCE Giovani, Angelica Krystle Donati<\/b>, simbolo di una nuova generazione imprenditoriale che guarda al futuro con pragmatismo e ambizione.<\/p>\n<p class=\"xmprfx_MsoNormal\" style=\"text-align: justify\"><b>Un appuntamento che si candida a essere un laboratorio di idee, progetti e proposte concrete per costruire una nuova visione del Sud<\/b>, con i giovani imprenditori protagonisti di un processo di sviluppo che mette al centro infrastrutture sostenibili, innovazione, occupazione qualificata e competitivit\u00e0.<\/p>\n<p class=\"xmprfx_MsoNormal\" style=\"text-align: justify\">Il Mezzogiorno, infatti, non pu\u00f2 pi\u00f9 permettersi ritardi, n\u00e9 vivere di slogan: servono politiche coraggiose e investimenti mirati che sappiano trasformare le potenzialit\u00e0 in realt\u00e0. Ed \u00e8 proprio dai giovani imprenditori edili del Sud che arriva una sfida chiara al sistema Paese:\u00a0<b>superare i divari storici e fare delle infrastrutture il motore di una crescita inclusiva, sostenibile e duratura<\/b>.<\/p>\n<p class=\"xmprfx_MsoNormal\" style=\"text-align: justify\">\n","protected":false},"excerpt":{"rendered":"<p>Il Mezzogiorno, i giovani, le infrastrutture, il futuro. Quattro parole chiave che saranno il cuore pulsante dell\u2019XI Convegno del Mezzogiorno dei Giovani Imprenditori Edili ANCE, in programma il\u00a016 maggio a&hellip;<\/p>\n","protected":false},"author":12,"featured_media":73594,"comment_status":"closed","ping_status":"open","sticky":false,"template":"","format":"standard","meta":{"_jetpack_memberships_contains_paid_content":false,"footnotes":"","jetpack_publicize_message":"","jetpack_publicize_feature_enabled":true,"jetpack_social_post_already_shared":true,"jetpack_social_options":{"image_generator_settings":{"template":"highway","default_image_id":0,"font":"","enabled":false},"version":2}},"categories":[142,921,196],"tags":[455,7885,43575],"class_list":["post-73593","post","type-post","status-publish","format-standard","has-post-thumbnail","hentry","category-calabria","category-home","category-news","tag-ance","tag-provincia-di-catanzaro","tag-xi-convegno-del-mezzogiorno"],"yoast_head":"<!-- This site is optimized with the Yoast SEO plugin v27.2 - https:\/\/yoast.com\/product\/yoast-seo-wordpress\/ -->\n<title>A Catanzaro XI Convegno del Mezzogiorno ANCE<\/title>\n<meta name=\"description\" content=\"Il convegno si terr\u00e0 il16 maggio a partire dalle ore 14.30 nella Sala delle Culture della Provincia di Catanzaro\" \/>\n<meta name=\"robots\" content=\"index, follow, max-snippet:-1, max-image-preview:large, max-video-preview:-1\" \/>\n<link rel=\"canonical\" href=\"https:\/\/progettotouring.it\/radiotouring104\/2025\/05\/14\/a-catanzaro-xi-convegno-del-mezzogiorno-ance\/\" \/>\n<meta property=\"og:locale\" content=\"it_IT\" \/>\n<meta property=\"og:type\" content=\"article\" \/>\n<meta property=\"og:title\" content=\"A Catanzaro XI Convegno del Mezzogiorno ANCE\" \/>\n<meta property=\"og:description\" content=\"Il convegno si terr\u00e0 il16 maggio a partire dalle ore 14.30 nella Sala delle Culture della Provincia di Catanzaro\" \/>\n<meta property=\"og:url\" content=\"https:\/\/progettotouring.it\/radiotouring104\/2025\/05\/14\/a-catanzaro-xi-convegno-del-mezzogiorno-ance\/\" \/>\n<meta property=\"og:site_name\" content=\"Radio Touring 104\" \/>\n<meta property=\"article:published_time\" content=\"2025-05-14T09:29:32+00:00\" \/>\n<meta property=\"og:image\" content=\"https:\/\/progettotouring.it\/radiotouring104\/wp-content\/uploads\/sites\/6\/2025\/05\/CONVEGNO-ANCE-PROVINCIA-DI-CATANZARO.jpeg\" \/>\n\t<meta property=\"og:image:width\" content=\"1190\" \/>\n\t<meta property=\"og:image:height\" content=\"841\" \/>\n\t<meta property=\"og:image:type\" content=\"image\/jpeg\" \/>\n<meta name=\"author\" content=\"Sebastiano Plutino\" \/>\n<meta name=\"twitter:card\" content=\"summary_large_image\" \/>\n<meta name=\"twitter:label1\" content=\"Scritto da\" \/>\n\t<meta name=\"twitter:data1\" content=\"Sebastiano Plutino\" \/>\n\t<meta name=\"twitter:label2\" content=\"Tempo di lettura stimato\" \/>\n\t<meta name=\"twitter:data2\" content=\"2 minuti\" \/>\n<script type=\"application\/ld+json\" class=\"yoast-schema-graph\">{\"@context\":\"https:\/\/schema.org\",\"@graph\":[{\"@type\":\"Article\",\"@id\":\"https:\/\/progettotouring.it\/radiotouring104\/2025\/05\/14\/a-catanzaro-xi-convegno-del-mezzogiorno-ance\/#article\",\"isPartOf\":{\"@id\":\"https:\/\/progettotouring.it\/radiotouring104\/2025\/05\/14\/a-catanzaro-xi-convegno-del-mezzogiorno-ance\/\"},\"author\":{\"name\":\"Sebastiano Plutino\",\"@id\":\"https:\/\/progettotouring.it\/radiotouring104\/#\/schema\/person\/78613917f1851f041f7483f5af1d422e\"},\"headline\":\"A Catanzaro XI Convegno del Mezzogiorno ANCE\",\"datePublished\":\"2025-05-14T09:29:32+00:00\",\"mainEntityOfPage\":{\"@id\":\"https:\/\/progettotouring.it\/radiotouring104\/2025\/05\/14\/a-catanzaro-xi-convegno-del-mezzogiorno-ance\/\"},\"wordCount\":438,\"publisher\":{\"@id\":\"https:\/\/progettotouring.it\/radiotouring104\/#organization\"},\"image\":{\"@id\":\"https:\/\/progettotouring.it\/radiotouring104\/2025\/05\/14\/a-catanzaro-xi-convegno-del-mezzogiorno-ance\/#primaryimage\"},\"thumbnailUrl\":\"https:\/\/progettotouring.it\/radiotouring104\/wp-content\/uploads\/sites\/6\/2025\/05\/CONVEGNO-ANCE-PROVINCIA-DI-CATANZARO.jpeg\",\"keywords\":[\"ANCE\",\"Provincia di Catanzaro\",\"XI Convegno del Mezzogiorno\"],\"articleSection\":[\"Calabria\",\"Home\",\"News\"],\"inLanguage\":\"it-IT\"},{\"@type\":\"WebPage\",\"@id\":\"https:\/\/progettotouring.it\/radiotouring104\/2025\/05\/14\/a-catanzaro-xi-convegno-del-mezzogiorno-ance\/\",\"url\":\"https:\/\/progettotouring.it\/radiotouring104\/2025\/05\/14\/a-catanzaro-xi-convegno-del-mezzogiorno-ance\/\",\"name\":\"A Catanzaro XI Convegno del Mezzogiorno ANCE\",\"isPartOf\":{\"@id\":\"https:\/\/progettotouring.it\/radiotouring104\/#website\"},\"primaryImageOfPage\":{\"@id\":\"https:\/\/progettotouring.it\/radiotouring104\/2025\/05\/14\/a-catanzaro-xi-convegno-del-mezzogiorno-ance\/#primaryimage\"},\"image\":{\"@id\":\"https:\/\/progettotouring.it\/radiotouring104\/2025\/05\/14\/a-catanzaro-xi-convegno-del-mezzogiorno-ance\/#primaryimage\"},\"thumbnailUrl\":\"https:\/\/progettotouring.it\/radiotouring104\/wp-content\/uploads\/sites\/6\/2025\/05\/CONVEGNO-ANCE-PROVINCIA-DI-CATANZARO.jpeg\",\"datePublished\":\"2025-05-14T09:29:32+00:00\",\"description\":\"Il convegno si terr\u00e0 il16 maggio a partire dalle ore 14.30 nella Sala delle Culture della Provincia di Catanzaro\",\"breadcrumb\":{\"@id\":\"https:\/\/progettotouring.it\/radiotouring104\/2025\/05\/14\/a-catanzaro-xi-convegno-del-mezzogiorno-ance\/#breadcrumb\"},\"inLanguage\":\"it-IT\",\"potentialAction\":[{\"@type\":\"ReadAction\",\"target\":[\"https:\/\/progettotouring.it\/radiotouring104\/2025\/05\/14\/a-catanzaro-xi-convegno-del-mezzogiorno-ance\/\"]}]},{\"@type\":\"ImageObject\",\"inLanguage\":\"it-IT\",\"@id\":\"https:\/\/progettotouring.it\/radiotouring104\/2025\/05\/14\/a-catanzaro-xi-convegno-del-mezzogiorno-ance\/#primaryimage\",\"url\":\"https:\/\/progettotouring.it\/radiotouring104\/wp-content\/uploads\/sites\/6\/2025\/05\/CONVEGNO-ANCE-PROVINCIA-DI-CATANZARO.jpeg\",\"contentUrl\":\"https:\/\/progettotouring.it\/radiotouring104\/wp-content\/uploads\/sites\/6\/2025\/05\/CONVEGNO-ANCE-PROVINCIA-DI-CATANZARO.jpeg\",\"width\":1190,\"height\":841},{\"@type\":\"BreadcrumbList\",\"@id\":\"https:\/\/progettotouring.it\/radiotouring104\/2025\/05\/14\/a-catanzaro-xi-convegno-del-mezzogiorno-ance\/#breadcrumb\",\"itemListElement\":[{\"@type\":\"ListItem\",\"position\":1,\"name\":\"Home\",\"item\":\"https:\/\/progettotouring.it\/radiotouring104\/\"},{\"@type\":\"ListItem\",\"position\":2,\"name\":\"A Catanzaro XI Convegno del Mezzogiorno ANCE\"}]},{\"@type\":\"WebSite\",\"@id\":\"https:\/\/progettotouring.it\/radiotouring104\/#website\",\"url\":\"https:\/\/progettotouring.it\/radiotouring104\/\",\"name\":\"Radio Touring 104\",\"description\":\"La prima radio Reggina\",\"publisher\":{\"@id\":\"https:\/\/progettotouring.it\/radiotouring104\/#organization\"},\"potentialAction\":[{\"@type\":\"SearchAction\",\"target\":{\"@type\":\"EntryPoint\",\"urlTemplate\":\"https:\/\/progettotouring.it\/radiotouring104\/?s={search_term_string}\"},\"query-input\":{\"@type\":\"PropertyValueSpecification\",\"valueRequired\":true,\"valueName\":\"search_term_string\"}}],\"inLanguage\":\"it-IT\"},{\"@type\":\"Organization\",\"@id\":\"https:\/\/progettotouring.it\/radiotouring104\/#organization\",\"name\":\"Radio Touring 104\",\"url\":\"https:\/\/progettotouring.it\/radiotouring104\/\",\"logo\":{\"@type\":\"ImageObject\",\"inLanguage\":\"it-IT\",\"@id\":\"https:\/\/progettotouring.it\/radiotouring104\/#\/schema\/logo\/image\/\",\"url\":\"https:\/\/progettotouring.it\/radiotouring104\/wp-content\/uploads\/sites\/6\/2022\/02\/cropped-logo-radio-touring-104.png\",\"contentUrl\":\"https:\/\/progettotouring.it\/radiotouring104\/wp-content\/uploads\/sites\/6\/2022\/02\/cropped-logo-radio-touring-104.png\",\"width\":377,\"height\":182,\"caption\":\"Radio Touring 104\"},\"image\":{\"@id\":\"https:\/\/progettotouring.it\/radiotouring104\/#\/schema\/logo\/image\/\"}},{\"@type\":\"Person\",\"@id\":\"https:\/\/progettotouring.it\/radiotouring104\/#\/schema\/person\/78613917f1851f041f7483f5af1d422e\",\"name\":\"Sebastiano Plutino\",\"image\":{\"@type\":\"ImageObject\",\"inLanguage\":\"it-IT\",\"@id\":\"https:\/\/secure.gravatar.com\/avatar\/0546ffaa9b79224faf9f2a156b67a529ae861d3287c66c1d8ccfdf909bcba78d?s=96&d=mm&r=g\",\"url\":\"https:\/\/secure.gravatar.com\/avatar\/0546ffaa9b79224faf9f2a156b67a529ae861d3287c66c1d8ccfdf909bcba78d?s=96&d=mm&r=g\",\"contentUrl\":\"https:\/\/secure.gravatar.com\/avatar\/0546ffaa9b79224faf9f2a156b67a529ae861d3287c66c1d8ccfdf909bcba78d?s=96&d=mm&r=g\",\"caption\":\"Sebastiano Plutino\"},\"url\":\"https:\/\/progettotouring.it\/radiotouring104\/author\/sebastiano\/\"}]}<\/script>\n<!-- \/ Yoast SEO plugin. -->","yoast_head_json":{"title":"A Catanzaro XI Convegno del Mezzogiorno ANCE","description":"Il convegno si terr\u00e0 il16 maggio a partire dalle ore 14.30 nella Sala delle Culture della Provincia di Catanzaro","robots":{"index":"index","follow":"follow","max-snippet":"max-snippet:-1","max-image-preview":"max-image-preview:large","max-video-preview":"max-video-preview:-1"},"canonical":"https:\/\/progettotouring.it\/radiotouring104\/2025\/05\/14\/a-catanzaro-xi-convegno-del-mezzogiorno-ance\/","og_locale":"it_IT","og_type":"article","og_title":"A Catanzaro XI Convegno del Mezzogiorno ANCE","og_description":"Il convegno si terr\u00e0 il16 maggio a partire dalle ore 14.30 nella Sala delle Culture della Provincia di Catanzaro","og_url":"https:\/\/progettotouring.it\/radiotouring104\/2025\/05\/14\/a-catanzaro-xi-convegno-del-mezzogiorno-ance\/","og_site_name":"Radio Touring 104","article_published_time":"2025-05-14T09:29:32+00:00","og_image":[{"width":1190,"height":841,"url":"https:\/\/progettotouring.it\/radiotouring104\/wp-content\/uploads\/sites\/6\/2025\/05\/CONVEGNO-ANCE-PROVINCIA-DI-CATANZARO.jpeg","type":"image\/jpeg"}],"author":"Sebastiano Plutino","twitter_card":"summary_large_image","twitter_misc":{"Scritto da":"Sebastiano Plutino","Tempo di lettura stimato":"2 minuti"},"schema":{"@context":"https:\/\/schema.org","@graph":[{"@type":"Article","@id":"https:\/\/progettotouring.it\/radiotouring104\/2025\/05\/14\/a-catanzaro-xi-convegno-del-mezzogiorno-ance\/#article","isPartOf":{"@id":"https:\/\/progettotouring.it\/radiotouring104\/2025\/05\/14\/a-catanzaro-xi-convegno-del-mezzogiorno-ance\/"},"author":{"name":"Sebastiano Plutino","@id":"https:\/\/progettotouring.it\/radiotouring104\/#\/schema\/person\/78613917f1851f041f7483f5af1d422e"},"headline":"A Catanzaro XI Convegno del Mezzogiorno ANCE","datePublished":"2025-05-14T09:29:32+00:00","mainEntityOfPage":{"@id":"https:\/\/progettotouring.it\/radiotouring104\/2025\/05\/14\/a-catanzaro-xi-convegno-del-mezzogiorno-ance\/"},"wordCount":438,"publisher":{"@id":"https:\/\/progettotouring.it\/radiotouring104\/#organization"},"image":{"@id":"https:\/\/progettotouring.it\/radiotouring104\/2025\/05\/14\/a-catanzaro-xi-convegno-del-mezzogiorno-ance\/#primaryimage"},"thumbnailUrl":"https:\/\/progettotouring.it\/radiotouring104\/wp-content\/uploads\/sites\/6\/2025\/05\/CONVEGNO-ANCE-PROVINCIA-DI-CATANZARO.jpeg","keywords":["ANCE","Provincia di Catanzaro","XI Convegno del Mezzogiorno"],"articleSection":["Calabria","Home","News"],"inLanguage":"it-IT"},{"@type":"WebPage","@id":"https:\/\/progettotouring.it\/radiotouring104\/2025\/05\/14\/a-catanzaro-xi-convegno-del-mezzogiorno-ance\/","url":"https:\/\/progettotouring.it\/radiotouring104\/2025\/05\/14\/a-catanzaro-xi-convegno-del-mezzogiorno-ance\/","name":"A Catanzaro XI Convegno del Mezzogiorno ANCE","isPartOf":{"@id":"https:\/\/progettotouring.it\/radiotouring104\/#website"},"primaryImageOfPage":{"@id":"https:\/\/progettotouring.it\/radiotouring104\/2025\/05\/14\/a-catanzaro-xi-convegno-del-mezzogiorno-ance\/#primaryimage"},"image":{"@id":"https:\/\/progettotouring.it\/radiotouring104\/2025\/05\/14\/a-catanzaro-xi-convegno-del-mezzogiorno-ance\/#primaryimage"},"thumbnailUrl":"https:\/\/progettotouring.it\/radiotouring104\/wp-content\/uploads\/sites\/6\/2025\/05\/CONVEGNO-ANCE-PROVINCIA-DI-CATANZARO.jpeg","datePublished":"2025-05-14T09:29:32+00:00","description":"Il convegno si terr\u00e0 il16 maggio a partire dalle ore 14.30 nella Sala delle Culture della Provincia di Catanzaro","breadcrumb":{"@id":"https:\/\/progettotouring.it\/radiotouring104\/2025\/05\/14\/a-catanzaro-xi-convegno-del-mezzogiorno-ance\/#breadcrumb"},"inLanguage":"it-IT","potentialAction":[{"@type":"ReadAction","target":["https:\/\/progettotouring.it\/radiotouring104\/2025\/05\/14\/a-catanzaro-xi-convegno-del-mezzogiorno-ance\/"]}]},{"@type":"ImageObject","inLanguage":"it-IT","@id":"https:\/\/progettotouring.it\/radiotouring104\/2025\/05\/14\/a-catanzaro-xi-convegno-del-mezzogiorno-ance\/#primaryimage","url":"https:\/\/progettotouring.it\/radiotouring104\/wp-content\/uploads\/sites\/6\/2025\/05\/CONVEGNO-ANCE-PROVINCIA-DI-CATANZARO.jpeg","contentUrl":"https:\/\/progettotouring.it\/radiotouring104\/wp-content\/uploads\/sites\/6\/2025\/05\/CONVEGNO-ANCE-PROVINCIA-DI-CATANZARO.jpeg","width":1190,"height":841},{"@type":"BreadcrumbList","@id":"https:\/\/progettotouring.it\/radiotouring104\/2025\/05\/14\/a-catanzaro-xi-convegno-del-mezzogiorno-ance\/#breadcrumb","itemListElement":[{"@type":"ListItem","position":1,"name":"Home","item":"https:\/\/progettotouring.it\/radiotouring104\/"},{"@type":"ListItem","position":2,"name":"A Catanzaro XI Convegno del Mezzogiorno ANCE"}]},{"@type":"WebSite","@id":"https:\/\/progettotouring.it\/radiotouring104\/#website","url":"https:\/\/progettotouring.it\/radiotouring104\/","name":"Radio Touring 104","description":"La prima radio Reggina","publisher":{"@id":"https:\/\/progettotouring.it\/radiotouring104\/#organization"},"potentialAction":[{"@type":"SearchAction","target":{"@type":"EntryPoint","urlTemplate":"https:\/\/progettotouring.it\/radiotouring104\/?s={search_term_string}"},"query-input":{"@type":"PropertyValueSpecification","valueRequired":true,"valueName":"search_term_string"}}],"inLanguage":"it-IT"},{"@type":"Organization","@id":"https:\/\/progettotouring.it\/radiotouring104\/#organization","name":"Radio Touring 104","url":"https:\/\/progettotouring.it\/radiotouring104\/","logo":{"@type":"ImageObject","inLanguage":"it-IT","@id":"https:\/\/progettotouring.it\/radiotouring104\/#\/schema\/logo\/image\/","url":"https:\/\/progettotouring.it\/radiotouring104\/wp-content\/uploads\/sites\/6\/2022\/02\/cropped-logo-radio-touring-104.png","contentUrl":"https:\/\/progettotouring.it\/radiotouring104\/wp-content\/uploads\/sites\/6\/2022\/02\/cropped-logo-radio-touring-104.png","width":377,"height":182,"caption":"Radio Touring 104"},"image":{"@id":"https:\/\/progettotouring.it\/radiotouring104\/#\/schema\/logo\/image\/"}},{"@type":"Person","@id":"https:\/\/progettotouring.it\/radiotouring104\/#\/schema\/person\/78613917f1851f041f7483f5af1d422e","name":"Sebastiano Plutino","image":{"@type":"ImageObject","inLanguage":"it-IT","@id":"https:\/\/secure.gravatar.com\/avatar\/0546ffaa9b79224faf9f2a156b67a529ae861d3287c66c1d8ccfdf909bcba78d?s=96&d=mm&r=g","url":"https:\/\/secure.gravatar.com\/avatar\/0546ffaa9b79224faf9f2a156b67a529ae861d3287c66c1d8ccfdf909bcba78d?s=96&d=mm&r=g","contentUrl":"https:\/\/secure.gravatar.com\/avatar\/0546ffaa9b79224faf9f2a156b67a529ae861d3287c66c1d8ccfdf909bcba78d?s=96&d=mm&r=g","caption":"Sebastiano Plutino"},"url":"https:\/\/progettotouring.it\/radiotouring104\/author\/sebastiano\/"}]}},"jetpack_publicize_connections":[],"jetpack_featured_media_url":"https:\/\/progettotouring.it\/radiotouring104\/wp-content\/uploads\/sites\/6\/2025\/05\/CONVEGNO-ANCE-PROVINCIA-DI-CATANZARO.jpeg","jetpack_sharing_enabled":true,"_links":{"self":[{"href":"https:\/\/progettotouring.it\/radiotouring104\/wp-json\/wp\/v2\/posts\/73593","targetHints":{"allow":["GET"]}}],"collection":[{"href":"https:\/\/progettotouring.it\/radiotouring104\/wp-json\/wp\/v2\/posts"}],"about":[{"href":"https:\/\/progettotouring.it\/radiotouring104\/wp-json\/wp\/v2\/types\/post"}],"author":[{"embeddable":true,"href":"https:\/\/progettotouring.it\/radiotouring104\/wp-json\/wp\/v2\/users\/12"}],"replies":[{"embeddable":true,"href":"https:\/\/progettotouring.it\/radiotouring104\/wp-json\/wp\/v2\/comments?post=73593"}],"version-history":[{"count":1,"href":"https:\/\/progettotouring.it\/radiotouring104\/wp-json\/wp\/v2\/posts\/73593\/revisions"}],"predecessor-version":[{"id":73595,"href":"https:\/\/progettotouring.it\/radiotouring104\/wp-json\/wp\/v2\/posts\/73593\/revisions\/73595"}],"wp:featuredmedia":[{"embeddable":true,"href":"https:\/\/progettotouring.it\/radiotouring104\/wp-json\/wp\/v2\/media\/73594"}],"wp:attachment":[{"href":"https:\/\/progettotouring.it\/radiotouring104\/wp-json\/wp\/v2\/media?parent=73593"}],"wp:term":[{"taxonomy":"category","embeddable":true,"href":"https:\/\/progettotouring.it\/radiotouring104\/wp-json\/wp\/v2\/categories?post=73593"},{"taxonomy":"post_tag","embeddable":true,"href":"https:\/\/progettotouring.it\/radiotouring104\/wp-json\/wp\/v2\/tags?post=73593"}],"curies":[{"name":"wp","href":"https:\/\/api.w.org\/{rel}","templated":true}]}}