{"id":73596,"date":"2025-05-14T11:34:38","date_gmt":"2025-05-14T09:34:38","guid":{"rendered":"https:\/\/progettotouring.it\/radiotouring104\/?p=73596"},"modified":"2025-05-14T12:45:36","modified_gmt":"2025-05-14T10:45:36","slug":"la-citta-metropolitana-a-confronto-con-listituto-degli-innocenti-di-firenze","status":"publish","type":"post","link":"https:\/\/progettotouring.it\/radiotouring104\/2025\/05\/14\/la-citta-metropolitana-a-confronto-con-listituto-degli-innocenti-di-firenze\/","title":{"rendered":"La Citt\u00e0 Metropolitana a confronto con l&#8217;Istituto degli Innocenti di Firenze"},"content":{"rendered":"<p style=\"text-align: justify\">La Citt\u00e0 Metropolitana di Reggio Calabria ha avviato una collaborazione con l\u2019Istituto degli Innocenti di Firenze per istituire l\u2019Osservatorio sui diritti e i bisogni dell\u2019infanzia e dell\u2019adolescenza. Sono fitti, infatti, i colloqui fra il sindaco Giuseppe Falcomat\u00e0, il Garante metropolitano per i diritti dei minori, Emanuele Mattia, e i referenti di una delle pi\u00f9 antiche istituzioni pubbliche italiane dedicate all\u2019accoglienza dei bambini, alla loro educazione e tutela.<br \/>\nCos\u00ec, dopo l\u2019ultima \u201ccall-conference\u201d, \u00e8 entrata nel vivo una sinergia che vedr\u00e0 coinvolto, in ogni step successivo, anche il consigliere metropolitano al Welfare, Domenico Mantegna, per \u00abdotare l\u2019Ente di strumenti efficaci e capaci di intercettare bisogni e necessit\u00e0 dei pi\u00f9 piccoli\u00bb.<\/p>\n<p>\u00abE\u2019 importante \u2013 ha detto Falcomat\u00e0 al termine del confronto \u2013 rapportarsi e confrontarsi con chi \u00e8 titolato ed opera, da tempo immemore, per la difesa e la promozione dei diritti dell\u2019infanzia e dell\u2019adolescenza. L\u2019istituzione di un Osservatorio di scopo, caldeggiato dal Garante Emanuele Mattia, cui va il mio ringraziamento per il delicato lavoro che svolge con professionalit\u00e0 estrema, diventa essenziale per scandagliare, conoscere e approfondire un mondo cui serve ascolto e, soprattutto, supporto per aggredire i problemi del presente in funzione di un futuro migliore\u00bb.<\/p>\n<p>\u00abOggi \u2013 ha aggiunto \u2013 la nostra societ\u00e0 vive profondi cambiamenti e rapide trasformazioni culturali e sociali, rispetto alle quali bambini e adolescenti vanno accompagnati, sostenuti e orientati da politiche territoriali in grado di rappresentare punti di riferimento e capaci di sviluppare le potenzialit\u00e0 della popolazione pi\u00f9 piccola e fragile\u00bb.<br \/>\n\u00abIn questo contesto \u2013 ha proseguito il sindaco \u2013 diventa cruciale il dialogo con il prestigioso Istituto degli Innocenti che vanta un\u2019esperienza pi\u00f9 che consolidata nel settore e collaborazioni molto importanti, fra le quali Governo, Unicef ed altri enti pubblici e privati di livello locale, regionale, nazionale e internazionale\u00bb.<\/p>\n<p>\u00abRaggiungere l\u2019obiettivo di far nascere un Osservatorio per i minori \u2013 ha continuato Giuseppe Falcomat\u00e0 &#8211; \u00e8 per l\u2019amministrazione metropolitana un elemento basilare di una strategia rivolta a tutelare e promuovere diritti fondamentali riconosciuti da numerose Convenzioni internazionali. Sarebbe, infatti, un luogo idoneo alla raccolta di dati, alle analisi, alla formulazione di raccomandazioni proiettata all\u2019individuazione di pratiche e interventi mirati\u00bb.<\/p>\n<p>\u00abMonitorare la situazione dei bambini e degli adolescenti \u2013 ha concluso \u2013 permetterebbe, senza alcun dubbio, di identificare problemi e sviluppare strategie di prevenzione e contrasto alle devianze. Ci permetterebbe di operare direttamente con le famiglie, predisponendo servizi educativi specifici e, al tempo stesso, formare e aggiornare figure professionali che lavorano con i bambini, i ragazzi e le famiglie stesse. L\u2019approccio con l\u2019Istituto di Firenze, dunque, \u00e8 pi\u00f9 che positivo perch\u00e9 dota l\u2019Ente di una guida sicura verso la costituzione di un organismo essenziale per l\u2019assunzione di decisioni consapevoli, sostenute dalla conoscenza della condizione di benessere o malessere dei nostri bimbi e dei nostri ragazzi\u00bb.<\/p>\n<p>Soddisfazione per il percorso avviato \u00e8 stata espressa anche dal Garante metropolitano per i diritti dei minori Emanuele Mattia. \u00abDesidero rivolgere un sentito ringraziamento al Sindaco della Citt\u00e0 Metropolitana di Reggio Calabria, Giuseppe Falcomat\u00e0, per la sensibilit\u00e0, l\u2019attenzione e il concreto sostegno dimostrati nei confronti dei diritti dell\u2019infanzia e dell\u2019adolescenza &#8211; ha affermato Mattia &#8211; La volont\u00e0 di istituire un Osservatorio dedicato ai bisogni dei pi\u00f9 piccoli rappresenta un segnale forte e chiaro dell\u2019impegno dell\u2019amministrazione verso le fasce pi\u00f9 fragili della nostra comunit\u00e0. \u00c8 un\u2019iniziativa che, grazie anche alla preziosa collaborazione con l\u2019Istituto degli Innocenti di Firenze, pone le basi per un percorso innovativo, partecipato e competente, in grado di generare politiche inclusive e orientate alla crescita e al benessere dei minori. La fiducia riposta nel mio ruolo e nel lavoro portato avanti insieme conferma che solo attraverso un\u2019azione sinergica, responsabile e consapevole possiamo costruire un futuro migliore per i nostri bambini e ragazzi\u00bb.<\/p>\n","protected":false},"excerpt":{"rendered":"<p>La Citt\u00e0 Metropolitana di Reggio Calabria ha avviato una collaborazione con l\u2019Istituto degli Innocenti di Firenze per istituire l\u2019Osservatorio sui diritti e i bisogni dell\u2019infanzia e dell\u2019adolescenza. Sono fitti, infatti,&hellip;<\/p>\n","protected":false},"author":12,"featured_media":73597,"comment_status":"closed","ping_status":"open","sticky":false,"template":"","format":"standard","meta":{"_jetpack_memberships_contains_paid_content":false,"footnotes":"","jetpack_publicize_message":"","jetpack_publicize_feature_enabled":true,"jetpack_social_post_already_shared":true,"jetpack_social_options":{"image_generator_settings":{"template":"highway","default_image_id":0,"font":"","enabled":false},"version":2}},"categories":[921,150,196,140],"tags":[743,38546,812,43576],"class_list":["post-73596","post","type-post","status-publish","format-standard","has-post-thumbnail","hentry","category-home","category-in-primo-piano","category-news","category-reggio-calabria","tag-citta-metropolitana","tag-confronto","tag-giuseppe-falcomata","tag-istituto-degli-innocenti-di-firenze"],"yoast_head":"<!-- This site is optimized with the Yoast SEO plugin v27.2 - https:\/\/yoast.com\/product\/yoast-seo-wordpress\/ -->\n<title>La Citt\u00e0 Metropolitana a confronto con l&#039;Istituto degli Innocenti di Firenze - Radio Touring 104<\/title>\n<meta name=\"description\" content=\"Avviato il percorso per la costituzione dell&#039;Osservatorio sui diritti e i bisogni dell\u2019infanzia e dell\u2019adolescenza\" \/>\n<meta name=\"robots\" content=\"index, follow, max-snippet:-1, max-image-preview:large, max-video-preview:-1\" \/>\n<link rel=\"canonical\" href=\"https:\/\/progettotouring.it\/radiotouring104\/2025\/05\/14\/la-citta-metropolitana-a-confronto-con-listituto-degli-innocenti-di-firenze\/\" \/>\n<meta property=\"og:locale\" content=\"it_IT\" \/>\n<meta property=\"og:type\" content=\"article\" \/>\n<meta property=\"og:title\" content=\"La Citt\u00e0 Metropolitana a confronto con l&#039;Istituto degli Innocenti di Firenze - Radio Touring 104\" \/>\n<meta property=\"og:description\" content=\"Avviato il percorso per la costituzione dell&#039;Osservatorio sui diritti e i bisogni dell\u2019infanzia e dell\u2019adolescenza\" \/>\n<meta property=\"og:url\" content=\"https:\/\/progettotouring.it\/radiotouring104\/2025\/05\/14\/la-citta-metropolitana-a-confronto-con-listituto-degli-innocenti-di-firenze\/\" \/>\n<meta property=\"og:site_name\" content=\"Radio Touring 104\" \/>\n<meta property=\"article:published_time\" content=\"2025-05-14T09:34:38+00:00\" \/>\n<meta property=\"article:modified_time\" content=\"2025-05-14T10:45:36+00:00\" \/>\n<meta property=\"og:image\" content=\"https:\/\/progettotouring.it\/radiotouring104\/wp-content\/uploads\/sites\/6\/2025\/05\/giuseppe-falcomata-emanuele-mattia-1.jpeg\" \/>\n\t<meta property=\"og:image:width\" content=\"2425\" \/>\n\t<meta property=\"og:image:height\" content=\"1990\" \/>\n\t<meta property=\"og:image:type\" content=\"image\/jpeg\" \/>\n<meta name=\"author\" content=\"Sebastiano Plutino\" \/>\n<meta name=\"twitter:card\" content=\"summary_large_image\" \/>\n<meta name=\"twitter:label1\" content=\"Scritto da\" \/>\n\t<meta name=\"twitter:data1\" content=\"Sebastiano Plutino\" \/>\n\t<meta name=\"twitter:label2\" content=\"Tempo di lettura stimato\" \/>\n\t<meta name=\"twitter:data2\" content=\"3 minuti\" \/>\n<script type=\"application\/ld+json\" class=\"yoast-schema-graph\">{\"@context\":\"https:\/\/schema.org\",\"@graph\":[{\"@type\":\"Article\",\"@id\":\"https:\/\/progettotouring.it\/radiotouring104\/2025\/05\/14\/la-citta-metropolitana-a-confronto-con-listituto-degli-innocenti-di-firenze\/#article\",\"isPartOf\":{\"@id\":\"https:\/\/progettotouring.it\/radiotouring104\/2025\/05\/14\/la-citta-metropolitana-a-confronto-con-listituto-degli-innocenti-di-firenze\/\"},\"author\":{\"name\":\"Sebastiano Plutino\",\"@id\":\"https:\/\/progettotouring.it\/radiotouring104\/#\/schema\/person\/78613917f1851f041f7483f5af1d422e\"},\"headline\":\"La Citt\u00e0 Metropolitana a confronto con l&#8217;Istituto degli Innocenti di Firenze\",\"datePublished\":\"2025-05-14T09:34:38+00:00\",\"dateModified\":\"2025-05-14T10:45:36+00:00\",\"mainEntityOfPage\":{\"@id\":\"https:\/\/progettotouring.it\/radiotouring104\/2025\/05\/14\/la-citta-metropolitana-a-confronto-con-listituto-degli-innocenti-di-firenze\/\"},\"wordCount\":634,\"publisher\":{\"@id\":\"https:\/\/progettotouring.it\/radiotouring104\/#organization\"},\"image\":{\"@id\":\"https:\/\/progettotouring.it\/radiotouring104\/2025\/05\/14\/la-citta-metropolitana-a-confronto-con-listituto-degli-innocenti-di-firenze\/#primaryimage\"},\"thumbnailUrl\":\"https:\/\/progettotouring.it\/radiotouring104\/wp-content\/uploads\/sites\/6\/2025\/05\/giuseppe-falcomata-emanuele-mattia-1.jpeg\",\"keywords\":[\"Citt\u00e0 metropolitana\",\"confronto\",\"Giuseppe Falcomat\u00e0\",\"Istituto degli Innocenti di Firenze\"],\"articleSection\":[\"Home\",\"In primo piano\",\"News\",\"Reggio Calabria\"],\"inLanguage\":\"it-IT\"},{\"@type\":\"WebPage\",\"@id\":\"https:\/\/progettotouring.it\/radiotouring104\/2025\/05\/14\/la-citta-metropolitana-a-confronto-con-listituto-degli-innocenti-di-firenze\/\",\"url\":\"https:\/\/progettotouring.it\/radiotouring104\/2025\/05\/14\/la-citta-metropolitana-a-confronto-con-listituto-degli-innocenti-di-firenze\/\",\"name\":\"La Citt\u00e0 Metropolitana a confronto con l'Istituto degli Innocenti di Firenze - Radio Touring 104\",\"isPartOf\":{\"@id\":\"https:\/\/progettotouring.it\/radiotouring104\/#website\"},\"primaryImageOfPage\":{\"@id\":\"https:\/\/progettotouring.it\/radiotouring104\/2025\/05\/14\/la-citta-metropolitana-a-confronto-con-listituto-degli-innocenti-di-firenze\/#primaryimage\"},\"image\":{\"@id\":\"https:\/\/progettotouring.it\/radiotouring104\/2025\/05\/14\/la-citta-metropolitana-a-confronto-con-listituto-degli-innocenti-di-firenze\/#primaryimage\"},\"thumbnailUrl\":\"https:\/\/progettotouring.it\/radiotouring104\/wp-content\/uploads\/sites\/6\/2025\/05\/giuseppe-falcomata-emanuele-mattia-1.jpeg\",\"datePublished\":\"2025-05-14T09:34:38+00:00\",\"dateModified\":\"2025-05-14T10:45:36+00:00\",\"description\":\"Avviato il percorso per la costituzione dell'Osservatorio sui diritti e i bisogni dell\u2019infanzia e dell\u2019adolescenza\",\"breadcrumb\":{\"@id\":\"https:\/\/progettotouring.it\/radiotouring104\/2025\/05\/14\/la-citta-metropolitana-a-confronto-con-listituto-degli-innocenti-di-firenze\/#breadcrumb\"},\"inLanguage\":\"it-IT\",\"potentialAction\":[{\"@type\":\"ReadAction\",\"target\":[\"https:\/\/progettotouring.it\/radiotouring104\/2025\/05\/14\/la-citta-metropolitana-a-confronto-con-listituto-degli-innocenti-di-firenze\/\"]}]},{\"@type\":\"ImageObject\",\"inLanguage\":\"it-IT\",\"@id\":\"https:\/\/progettotouring.it\/radiotouring104\/2025\/05\/14\/la-citta-metropolitana-a-confronto-con-listituto-degli-innocenti-di-firenze\/#primaryimage\",\"url\":\"https:\/\/progettotouring.it\/radiotouring104\/wp-content\/uploads\/sites\/6\/2025\/05\/giuseppe-falcomata-emanuele-mattia-1.jpeg\",\"contentUrl\":\"https:\/\/progettotouring.it\/radiotouring104\/wp-content\/uploads\/sites\/6\/2025\/05\/giuseppe-falcomata-emanuele-mattia-1.jpeg\",\"width\":2425,\"height\":1990},{\"@type\":\"BreadcrumbList\",\"@id\":\"https:\/\/progettotouring.it\/radiotouring104\/2025\/05\/14\/la-citta-metropolitana-a-confronto-con-listituto-degli-innocenti-di-firenze\/#breadcrumb\",\"itemListElement\":[{\"@type\":\"ListItem\",\"position\":1,\"name\":\"Home\",\"item\":\"https:\/\/progettotouring.it\/radiotouring104\/\"},{\"@type\":\"ListItem\",\"position\":2,\"name\":\"La Citt\u00e0 Metropolitana a confronto con l&#8217;Istituto degli Innocenti di Firenze\"}]},{\"@type\":\"WebSite\",\"@id\":\"https:\/\/progettotouring.it\/radiotouring104\/#website\",\"url\":\"https:\/\/progettotouring.it\/radiotouring104\/\",\"name\":\"Radio Touring 104\",\"description\":\"La prima radio Reggina\",\"publisher\":{\"@id\":\"https:\/\/progettotouring.it\/radiotouring104\/#organization\"},\"potentialAction\":[{\"@type\":\"SearchAction\",\"target\":{\"@type\":\"EntryPoint\",\"urlTemplate\":\"https:\/\/progettotouring.it\/radiotouring104\/?s={search_term_string}\"},\"query-input\":{\"@type\":\"PropertyValueSpecification\",\"valueRequired\":true,\"valueName\":\"search_term_string\"}}],\"inLanguage\":\"it-IT\"},{\"@type\":\"Organization\",\"@id\":\"https:\/\/progettotouring.it\/radiotouring104\/#organization\",\"name\":\"Radio Touring 104\",\"url\":\"https:\/\/progettotouring.it\/radiotouring104\/\",\"logo\":{\"@type\":\"ImageObject\",\"inLanguage\":\"it-IT\",\"@id\":\"https:\/\/progettotouring.it\/radiotouring104\/#\/schema\/logo\/image\/\",\"url\":\"https:\/\/progettotouring.it\/radiotouring104\/wp-content\/uploads\/sites\/6\/2022\/02\/cropped-logo-radio-touring-104.png\",\"contentUrl\":\"https:\/\/progettotouring.it\/radiotouring104\/wp-content\/uploads\/sites\/6\/2022\/02\/cropped-logo-radio-touring-104.png\",\"width\":377,\"height\":182,\"caption\":\"Radio Touring 104\"},\"image\":{\"@id\":\"https:\/\/progettotouring.it\/radiotouring104\/#\/schema\/logo\/image\/\"}},{\"@type\":\"Person\",\"@id\":\"https:\/\/progettotouring.it\/radiotouring104\/#\/schema\/person\/78613917f1851f041f7483f5af1d422e\",\"name\":\"Sebastiano Plutino\",\"image\":{\"@type\":\"ImageObject\",\"inLanguage\":\"it-IT\",\"@id\":\"https:\/\/secure.gravatar.com\/avatar\/0546ffaa9b79224faf9f2a156b67a529ae861d3287c66c1d8ccfdf909bcba78d?s=96&d=mm&r=g\",\"url\":\"https:\/\/secure.gravatar.com\/avatar\/0546ffaa9b79224faf9f2a156b67a529ae861d3287c66c1d8ccfdf909bcba78d?s=96&d=mm&r=g\",\"contentUrl\":\"https:\/\/secure.gravatar.com\/avatar\/0546ffaa9b79224faf9f2a156b67a529ae861d3287c66c1d8ccfdf909bcba78d?s=96&d=mm&r=g\",\"caption\":\"Sebastiano Plutino\"},\"url\":\"https:\/\/progettotouring.it\/radiotouring104\/author\/sebastiano\/\"}]}<\/script>\n<!-- \/ Yoast SEO plugin. -->","yoast_head_json":{"title":"La Citt\u00e0 Metropolitana a confronto con l'Istituto degli Innocenti di Firenze - Radio Touring 104","description":"Avviato il percorso per la costituzione dell'Osservatorio sui diritti e i bisogni dell\u2019infanzia e dell\u2019adolescenza","robots":{"index":"index","follow":"follow","max-snippet":"max-snippet:-1","max-image-preview":"max-image-preview:large","max-video-preview":"max-video-preview:-1"},"canonical":"https:\/\/progettotouring.it\/radiotouring104\/2025\/05\/14\/la-citta-metropolitana-a-confronto-con-listituto-degli-innocenti-di-firenze\/","og_locale":"it_IT","og_type":"article","og_title":"La Citt\u00e0 Metropolitana a confronto con l'Istituto degli Innocenti di Firenze - Radio Touring 104","og_description":"Avviato il percorso per la costituzione dell'Osservatorio sui diritti e i bisogni dell\u2019infanzia e dell\u2019adolescenza","og_url":"https:\/\/progettotouring.it\/radiotouring104\/2025\/05\/14\/la-citta-metropolitana-a-confronto-con-listituto-degli-innocenti-di-firenze\/","og_site_name":"Radio Touring 104","article_published_time":"2025-05-14T09:34:38+00:00","article_modified_time":"2025-05-14T10:45:36+00:00","og_image":[{"width":2425,"height":1990,"url":"https:\/\/progettotouring.it\/radiotouring104\/wp-content\/uploads\/sites\/6\/2025\/05\/giuseppe-falcomata-emanuele-mattia-1.jpeg","type":"image\/jpeg"}],"author":"Sebastiano Plutino","twitter_card":"summary_large_image","twitter_misc":{"Scritto da":"Sebastiano Plutino","Tempo di lettura stimato":"3 minuti"},"schema":{"@context":"https:\/\/schema.org","@graph":[{"@type":"Article","@id":"https:\/\/progettotouring.it\/radiotouring104\/2025\/05\/14\/la-citta-metropolitana-a-confronto-con-listituto-degli-innocenti-di-firenze\/#article","isPartOf":{"@id":"https:\/\/progettotouring.it\/radiotouring104\/2025\/05\/14\/la-citta-metropolitana-a-confronto-con-listituto-degli-innocenti-di-firenze\/"},"author":{"name":"Sebastiano Plutino","@id":"https:\/\/progettotouring.it\/radiotouring104\/#\/schema\/person\/78613917f1851f041f7483f5af1d422e"},"headline":"La Citt\u00e0 Metropolitana a confronto con l&#8217;Istituto degli Innocenti di Firenze","datePublished":"2025-05-14T09:34:38+00:00","dateModified":"2025-05-14T10:45:36+00:00","mainEntityOfPage":{"@id":"https:\/\/progettotouring.it\/radiotouring104\/2025\/05\/14\/la-citta-metropolitana-a-confronto-con-listituto-degli-innocenti-di-firenze\/"},"wordCount":634,"publisher":{"@id":"https:\/\/progettotouring.it\/radiotouring104\/#organization"},"image":{"@id":"https:\/\/progettotouring.it\/radiotouring104\/2025\/05\/14\/la-citta-metropolitana-a-confronto-con-listituto-degli-innocenti-di-firenze\/#primaryimage"},"thumbnailUrl":"https:\/\/progettotouring.it\/radiotouring104\/wp-content\/uploads\/sites\/6\/2025\/05\/giuseppe-falcomata-emanuele-mattia-1.jpeg","keywords":["Citt\u00e0 metropolitana","confronto","Giuseppe Falcomat\u00e0","Istituto degli Innocenti di Firenze"],"articleSection":["Home","In primo piano","News","Reggio Calabria"],"inLanguage":"it-IT"},{"@type":"WebPage","@id":"https:\/\/progettotouring.it\/radiotouring104\/2025\/05\/14\/la-citta-metropolitana-a-confronto-con-listituto-degli-innocenti-di-firenze\/","url":"https:\/\/progettotouring.it\/radiotouring104\/2025\/05\/14\/la-citta-metropolitana-a-confronto-con-listituto-degli-innocenti-di-firenze\/","name":"La Citt\u00e0 Metropolitana a confronto con l'Istituto degli Innocenti di Firenze - Radio Touring 104","isPartOf":{"@id":"https:\/\/progettotouring.it\/radiotouring104\/#website"},"primaryImageOfPage":{"@id":"https:\/\/progettotouring.it\/radiotouring104\/2025\/05\/14\/la-citta-metropolitana-a-confronto-con-listituto-degli-innocenti-di-firenze\/#primaryimage"},"image":{"@id":"https:\/\/progettotouring.it\/radiotouring104\/2025\/05\/14\/la-citta-metropolitana-a-confronto-con-listituto-degli-innocenti-di-firenze\/#primaryimage"},"thumbnailUrl":"https:\/\/progettotouring.it\/radiotouring104\/wp-content\/uploads\/sites\/6\/2025\/05\/giuseppe-falcomata-emanuele-mattia-1.jpeg","datePublished":"2025-05-14T09:34:38+00:00","dateModified":"2025-05-14T10:45:36+00:00","description":"Avviato il percorso per la costituzione dell'Osservatorio sui diritti e i bisogni dell\u2019infanzia e dell\u2019adolescenza","breadcrumb":{"@id":"https:\/\/progettotouring.it\/radiotouring104\/2025\/05\/14\/la-citta-metropolitana-a-confronto-con-listituto-degli-innocenti-di-firenze\/#breadcrumb"},"inLanguage":"it-IT","potentialAction":[{"@type":"ReadAction","target":["https:\/\/progettotouring.it\/radiotouring104\/2025\/05\/14\/la-citta-metropolitana-a-confronto-con-listituto-degli-innocenti-di-firenze\/"]}]},{"@type":"ImageObject","inLanguage":"it-IT","@id":"https:\/\/progettotouring.it\/radiotouring104\/2025\/05\/14\/la-citta-metropolitana-a-confronto-con-listituto-degli-innocenti-di-firenze\/#primaryimage","url":"https:\/\/progettotouring.it\/radiotouring104\/wp-content\/uploads\/sites\/6\/2025\/05\/giuseppe-falcomata-emanuele-mattia-1.jpeg","contentUrl":"https:\/\/progettotouring.it\/radiotouring104\/wp-content\/uploads\/sites\/6\/2025\/05\/giuseppe-falcomata-emanuele-mattia-1.jpeg","width":2425,"height":1990},{"@type":"BreadcrumbList","@id":"https:\/\/progettotouring.it\/radiotouring104\/2025\/05\/14\/la-citta-metropolitana-a-confronto-con-listituto-degli-innocenti-di-firenze\/#breadcrumb","itemListElement":[{"@type":"ListItem","position":1,"name":"Home","item":"https:\/\/progettotouring.it\/radiotouring104\/"},{"@type":"ListItem","position":2,"name":"La Citt\u00e0 Metropolitana a confronto con l&#8217;Istituto degli Innocenti di Firenze"}]},{"@type":"WebSite","@id":"https:\/\/progettotouring.it\/radiotouring104\/#website","url":"https:\/\/progettotouring.it\/radiotouring104\/","name":"Radio Touring 104","description":"La prima radio Reggina","publisher":{"@id":"https:\/\/progettotouring.it\/radiotouring104\/#organization"},"potentialAction":[{"@type":"SearchAction","target":{"@type":"EntryPoint","urlTemplate":"https:\/\/progettotouring.it\/radiotouring104\/?s={search_term_string}"},"query-input":{"@type":"PropertyValueSpecification","valueRequired":true,"valueName":"search_term_string"}}],"inLanguage":"it-IT"},{"@type":"Organization","@id":"https:\/\/progettotouring.it\/radiotouring104\/#organization","name":"Radio Touring 104","url":"https:\/\/progettotouring.it\/radiotouring104\/","logo":{"@type":"ImageObject","inLanguage":"it-IT","@id":"https:\/\/progettotouring.it\/radiotouring104\/#\/schema\/logo\/image\/","url":"https:\/\/progettotouring.it\/radiotouring104\/wp-content\/uploads\/sites\/6\/2022\/02\/cropped-logo-radio-touring-104.png","contentUrl":"https:\/\/progettotouring.it\/radiotouring104\/wp-content\/uploads\/sites\/6\/2022\/02\/cropped-logo-radio-touring-104.png","width":377,"height":182,"caption":"Radio Touring 104"},"image":{"@id":"https:\/\/progettotouring.it\/radiotouring104\/#\/schema\/logo\/image\/"}},{"@type":"Person","@id":"https:\/\/progettotouring.it\/radiotouring104\/#\/schema\/person\/78613917f1851f041f7483f5af1d422e","name":"Sebastiano Plutino","image":{"@type":"ImageObject","inLanguage":"it-IT","@id":"https:\/\/secure.gravatar.com\/avatar\/0546ffaa9b79224faf9f2a156b67a529ae861d3287c66c1d8ccfdf909bcba78d?s=96&d=mm&r=g","url":"https:\/\/secure.gravatar.com\/avatar\/0546ffaa9b79224faf9f2a156b67a529ae861d3287c66c1d8ccfdf909bcba78d?s=96&d=mm&r=g","contentUrl":"https:\/\/secure.gravatar.com\/avatar\/0546ffaa9b79224faf9f2a156b67a529ae861d3287c66c1d8ccfdf909bcba78d?s=96&d=mm&r=g","caption":"Sebastiano Plutino"},"url":"https:\/\/progettotouring.it\/radiotouring104\/author\/sebastiano\/"}]}},"jetpack_publicize_connections":[],"jetpack_featured_media_url":"https:\/\/progettotouring.it\/radiotouring104\/wp-content\/uploads\/sites\/6\/2025\/05\/giuseppe-falcomata-emanuele-mattia-1.jpeg","jetpack_sharing_enabled":true,"_links":{"self":[{"href":"https:\/\/progettotouring.it\/radiotouring104\/wp-json\/wp\/v2\/posts\/73596","targetHints":{"allow":["GET"]}}],"collection":[{"href":"https:\/\/progettotouring.it\/radiotouring104\/wp-json\/wp\/v2\/posts"}],"about":[{"href":"https:\/\/progettotouring.it\/radiotouring104\/wp-json\/wp\/v2\/types\/post"}],"author":[{"embeddable":true,"href":"https:\/\/progettotouring.it\/radiotouring104\/wp-json\/wp\/v2\/users\/12"}],"replies":[{"embeddable":true,"href":"https:\/\/progettotouring.it\/radiotouring104\/wp-json\/wp\/v2\/comments?post=73596"}],"version-history":[{"count":2,"href":"https:\/\/progettotouring.it\/radiotouring104\/wp-json\/wp\/v2\/posts\/73596\/revisions"}],"predecessor-version":[{"id":73628,"href":"https:\/\/progettotouring.it\/radiotouring104\/wp-json\/wp\/v2\/posts\/73596\/revisions\/73628"}],"wp:featuredmedia":[{"embeddable":true,"href":"https:\/\/progettotouring.it\/radiotouring104\/wp-json\/wp\/v2\/media\/73597"}],"wp:attachment":[{"href":"https:\/\/progettotouring.it\/radiotouring104\/wp-json\/wp\/v2\/media?parent=73596"}],"wp:term":[{"taxonomy":"category","embeddable":true,"href":"https:\/\/progettotouring.it\/radiotouring104\/wp-json\/wp\/v2\/categories?post=73596"},{"taxonomy":"post_tag","embeddable":true,"href":"https:\/\/progettotouring.it\/radiotouring104\/wp-json\/wp\/v2\/tags?post=73596"}],"curies":[{"name":"wp","href":"https:\/\/api.w.org\/{rel}","templated":true}]}}