{"id":73599,"date":"2025-05-14T11:38:19","date_gmt":"2025-05-14T09:38:19","guid":{"rendered":"https:\/\/progettotouring.it\/radiotouring104\/?p=73599"},"modified":"2025-05-14T11:38:19","modified_gmt":"2025-05-14T09:38:19","slug":"falcomata-loda-il-gesto-del-carabiniere-reggino-lorenzo-fasci","status":"publish","type":"post","link":"https:\/\/progettotouring.it\/radiotouring104\/2025\/05\/14\/falcomata-loda-il-gesto-del-carabiniere-reggino-lorenzo-fasci\/","title":{"rendered":"Falcomat\u00e0 loda il gesto del Carabiniere reggino Lorenzo Fasc\u00ec"},"content":{"rendered":"<p style=\"text-align: justify\">\u201cE&#8217; di Reggio Calabria il carabiniere che sulla statale 42 di Bergamo ha salvato una donna da un gesto estremo. La notizia del suo provvidenziale intervento, che ha suscitato enorme clamore, \u00e8 stata raccontata da immagini che hanno fatto il giro del Paese e che testimoniano il coraggio di un gesto eroico, figlio dell\u2019audacia e della dedizione del nostro concittadino Lorenzo Fasc\u00ec&#8221;. Cos\u00ec in una nota il sindaco di Reggio Calabria Giuseppe Falcomat\u00e0.<\/p>\n<p>&#8220;Un abbraccio carico di umanit\u00e0 quello di Lorenzo che, fuori servizio, mentre percorreva in auto una strada statale, ha notato la donna aggrappata alla parte esterna della recinzione di un cavalcavia, pronta a lasciarsi cadere. Non ha esitato un istante, ed ha scavalcato il terrapieno, per raggiungere e abbracciare la donna evidentemente disorientata e spaventata. L\u2019ha stretta forte a s\u00e9 fino all\u2019arrivo dei soccorritori. Un gesto di cui tutta la citt\u00e0 di Reggio Calabria \u00e8 orgogliosa &#8211; afferma il sindaco &#8211; aspettiamo presto in citt\u00e0 Lorenzo per rendergli gli onori che merita\u201d.<\/p>\n","protected":false},"excerpt":{"rendered":"<p>\u201cE&#8217; di Reggio Calabria il carabiniere che sulla statale 42 di Bergamo ha salvato una donna da un gesto estremo. La notizia del suo provvidenziale intervento, che ha suscitato enorme&hellip;<\/p>\n","protected":false},"author":12,"featured_media":72928,"comment_status":"closed","ping_status":"open","sticky":false,"template":"","format":"standard","meta":{"_jetpack_memberships_contains_paid_content":false,"footnotes":"","jetpack_publicize_message":"","jetpack_publicize_feature_enabled":true,"jetpack_social_post_already_shared":true,"jetpack_social_options":{"image_generator_settings":{"template":"highway","default_image_id":0,"font":"","enabled":false},"version":2}},"categories":[921,196,140],"tags":[43579,43577,30465,43578],"class_list":["post-73599","post","type-post","status-publish","format-standard","has-post-thumbnail","hentry","category-home","category-news","category-reggio-calabria","tag-lo-aspettiamo-a-reggio-per-rendergli-gli-onori-che-merita","tag-carabiniere-reggino-lorenzo-fasci","tag-falcomata-giuseppe","tag-gesto-eroico"],"yoast_head":"<!-- This site is optimized with the Yoast SEO plugin v27.2 - https:\/\/yoast.com\/product\/yoast-seo-wordpress\/ -->\n<title>Falcomat\u00e0 loda il gesto del Carabiniere reggino Lorenzo Fasc\u00ec<\/title>\n<meta name=\"description\" content=\"\u201cUn abbraccio eroico di cui tutta la citt\u00e0 \u00e8 orgogliosa. Lo aspettiamo a Reggio per rendergli gli onori che merita\u201d, dichiara Falcomat\u00e0\" \/>\n<meta name=\"robots\" content=\"index, follow, max-snippet:-1, max-image-preview:large, max-video-preview:-1\" \/>\n<link rel=\"canonical\" href=\"https:\/\/progettotouring.it\/radiotouring104\/2025\/05\/14\/falcomata-loda-il-gesto-del-carabiniere-reggino-lorenzo-fasci\/\" \/>\n<meta property=\"og:locale\" content=\"it_IT\" \/>\n<meta property=\"og:type\" content=\"article\" \/>\n<meta property=\"og:title\" content=\"Falcomat\u00e0 loda il gesto del Carabiniere reggino Lorenzo Fasc\u00ec\" \/>\n<meta property=\"og:description\" content=\"\u201cUn abbraccio eroico di cui tutta la citt\u00e0 \u00e8 orgogliosa. Lo aspettiamo a Reggio per rendergli gli onori che merita\u201d, dichiara Falcomat\u00e0\" \/>\n<meta property=\"og:url\" content=\"https:\/\/progettotouring.it\/radiotouring104\/2025\/05\/14\/falcomata-loda-il-gesto-del-carabiniere-reggino-lorenzo-fasci\/\" \/>\n<meta property=\"og:site_name\" content=\"Radio Touring 104\" \/>\n<meta property=\"article:published_time\" content=\"2025-05-14T09:38:19+00:00\" \/>\n<meta property=\"og:image\" content=\"https:\/\/progettotouring.it\/radiotouring104\/wp-content\/uploads\/sites\/6\/2025\/05\/Giuseppe-Falcomata.jpeg\" \/>\n\t<meta property=\"og:image:width\" content=\"2048\" \/>\n\t<meta property=\"og:image:height\" content=\"1152\" \/>\n\t<meta property=\"og:image:type\" content=\"image\/jpeg\" \/>\n<meta name=\"author\" content=\"Sebastiano Plutino\" \/>\n<meta name=\"twitter:card\" content=\"summary_large_image\" \/>\n<meta name=\"twitter:label1\" content=\"Scritto da\" \/>\n\t<meta name=\"twitter:data1\" content=\"Sebastiano Plutino\" \/>\n\t<meta name=\"twitter:label2\" content=\"Tempo di lettura stimato\" \/>\n\t<meta name=\"twitter:data2\" content=\"1 minuto\" \/>\n<script type=\"application\/ld+json\" class=\"yoast-schema-graph\">{\"@context\":\"https:\/\/schema.org\",\"@graph\":[{\"@type\":\"Article\",\"@id\":\"https:\/\/progettotouring.it\/radiotouring104\/2025\/05\/14\/falcomata-loda-il-gesto-del-carabiniere-reggino-lorenzo-fasci\/#article\",\"isPartOf\":{\"@id\":\"https:\/\/progettotouring.it\/radiotouring104\/2025\/05\/14\/falcomata-loda-il-gesto-del-carabiniere-reggino-lorenzo-fasci\/\"},\"author\":{\"name\":\"Sebastiano Plutino\",\"@id\":\"https:\/\/progettotouring.it\/radiotouring104\/#\/schema\/person\/78613917f1851f041f7483f5af1d422e\"},\"headline\":\"Falcomat\u00e0 loda il gesto del Carabiniere reggino Lorenzo Fasc\u00ec\",\"datePublished\":\"2025-05-14T09:38:19+00:00\",\"mainEntityOfPage\":{\"@id\":\"https:\/\/progettotouring.it\/radiotouring104\/2025\/05\/14\/falcomata-loda-il-gesto-del-carabiniere-reggino-lorenzo-fasci\/\"},\"wordCount\":174,\"publisher\":{\"@id\":\"https:\/\/progettotouring.it\/radiotouring104\/#organization\"},\"image\":{\"@id\":\"https:\/\/progettotouring.it\/radiotouring104\/2025\/05\/14\/falcomata-loda-il-gesto-del-carabiniere-reggino-lorenzo-fasci\/#primaryimage\"},\"thumbnailUrl\":\"https:\/\/progettotouring.it\/radiotouring104\/wp-content\/uploads\/sites\/6\/2025\/05\/Giuseppe-Falcomata.jpeg\",\"keywords\":[\". Lo aspettiamo a Reggio per rendergli gli onori che merita\",\"Carabiniere reggino Lorenzo Fasc\u00ec\",\"Falcomat\u00e0 Giuseppe\",\"Gesto eroico\"],\"articleSection\":[\"Home\",\"News\",\"Reggio Calabria\"],\"inLanguage\":\"it-IT\"},{\"@type\":\"WebPage\",\"@id\":\"https:\/\/progettotouring.it\/radiotouring104\/2025\/05\/14\/falcomata-loda-il-gesto-del-carabiniere-reggino-lorenzo-fasci\/\",\"url\":\"https:\/\/progettotouring.it\/radiotouring104\/2025\/05\/14\/falcomata-loda-il-gesto-del-carabiniere-reggino-lorenzo-fasci\/\",\"name\":\"Falcomat\u00e0 loda il gesto del Carabiniere reggino Lorenzo Fasc\u00ec\",\"isPartOf\":{\"@id\":\"https:\/\/progettotouring.it\/radiotouring104\/#website\"},\"primaryImageOfPage\":{\"@id\":\"https:\/\/progettotouring.it\/radiotouring104\/2025\/05\/14\/falcomata-loda-il-gesto-del-carabiniere-reggino-lorenzo-fasci\/#primaryimage\"},\"image\":{\"@id\":\"https:\/\/progettotouring.it\/radiotouring104\/2025\/05\/14\/falcomata-loda-il-gesto-del-carabiniere-reggino-lorenzo-fasci\/#primaryimage\"},\"thumbnailUrl\":\"https:\/\/progettotouring.it\/radiotouring104\/wp-content\/uploads\/sites\/6\/2025\/05\/Giuseppe-Falcomata.jpeg\",\"datePublished\":\"2025-05-14T09:38:19+00:00\",\"description\":\"\u201cUn abbraccio eroico di cui tutta la citt\u00e0 \u00e8 orgogliosa. Lo aspettiamo a Reggio per rendergli gli onori che merita\u201d, dichiara Falcomat\u00e0\",\"breadcrumb\":{\"@id\":\"https:\/\/progettotouring.it\/radiotouring104\/2025\/05\/14\/falcomata-loda-il-gesto-del-carabiniere-reggino-lorenzo-fasci\/#breadcrumb\"},\"inLanguage\":\"it-IT\",\"potentialAction\":[{\"@type\":\"ReadAction\",\"target\":[\"https:\/\/progettotouring.it\/radiotouring104\/2025\/05\/14\/falcomata-loda-il-gesto-del-carabiniere-reggino-lorenzo-fasci\/\"]}]},{\"@type\":\"ImageObject\",\"inLanguage\":\"it-IT\",\"@id\":\"https:\/\/progettotouring.it\/radiotouring104\/2025\/05\/14\/falcomata-loda-il-gesto-del-carabiniere-reggino-lorenzo-fasci\/#primaryimage\",\"url\":\"https:\/\/progettotouring.it\/radiotouring104\/wp-content\/uploads\/sites\/6\/2025\/05\/Giuseppe-Falcomata.jpeg\",\"contentUrl\":\"https:\/\/progettotouring.it\/radiotouring104\/wp-content\/uploads\/sites\/6\/2025\/05\/Giuseppe-Falcomata.jpeg\",\"width\":2048,\"height\":1152},{\"@type\":\"BreadcrumbList\",\"@id\":\"https:\/\/progettotouring.it\/radiotouring104\/2025\/05\/14\/falcomata-loda-il-gesto-del-carabiniere-reggino-lorenzo-fasci\/#breadcrumb\",\"itemListElement\":[{\"@type\":\"ListItem\",\"position\":1,\"name\":\"Home\",\"item\":\"https:\/\/progettotouring.it\/radiotouring104\/\"},{\"@type\":\"ListItem\",\"position\":2,\"name\":\"Falcomat\u00e0 loda il gesto del Carabiniere reggino Lorenzo Fasc\u00ec\"}]},{\"@type\":\"WebSite\",\"@id\":\"https:\/\/progettotouring.it\/radiotouring104\/#website\",\"url\":\"https:\/\/progettotouring.it\/radiotouring104\/\",\"name\":\"Radio Touring 104\",\"description\":\"La prima radio Reggina\",\"publisher\":{\"@id\":\"https:\/\/progettotouring.it\/radiotouring104\/#organization\"},\"potentialAction\":[{\"@type\":\"SearchAction\",\"target\":{\"@type\":\"EntryPoint\",\"urlTemplate\":\"https:\/\/progettotouring.it\/radiotouring104\/?s={search_term_string}\"},\"query-input\":{\"@type\":\"PropertyValueSpecification\",\"valueRequired\":true,\"valueName\":\"search_term_string\"}}],\"inLanguage\":\"it-IT\"},{\"@type\":\"Organization\",\"@id\":\"https:\/\/progettotouring.it\/radiotouring104\/#organization\",\"name\":\"Radio Touring 104\",\"url\":\"https:\/\/progettotouring.it\/radiotouring104\/\",\"logo\":{\"@type\":\"ImageObject\",\"inLanguage\":\"it-IT\",\"@id\":\"https:\/\/progettotouring.it\/radiotouring104\/#\/schema\/logo\/image\/\",\"url\":\"https:\/\/progettotouring.it\/radiotouring104\/wp-content\/uploads\/sites\/6\/2022\/02\/cropped-logo-radio-touring-104.png\",\"contentUrl\":\"https:\/\/progettotouring.it\/radiotouring104\/wp-content\/uploads\/sites\/6\/2022\/02\/cropped-logo-radio-touring-104.png\",\"width\":377,\"height\":182,\"caption\":\"Radio Touring 104\"},\"image\":{\"@id\":\"https:\/\/progettotouring.it\/radiotouring104\/#\/schema\/logo\/image\/\"}},{\"@type\":\"Person\",\"@id\":\"https:\/\/progettotouring.it\/radiotouring104\/#\/schema\/person\/78613917f1851f041f7483f5af1d422e\",\"name\":\"Sebastiano Plutino\",\"image\":{\"@type\":\"ImageObject\",\"inLanguage\":\"it-IT\",\"@id\":\"https:\/\/secure.gravatar.com\/avatar\/0546ffaa9b79224faf9f2a156b67a529ae861d3287c66c1d8ccfdf909bcba78d?s=96&d=mm&r=g\",\"url\":\"https:\/\/secure.gravatar.com\/avatar\/0546ffaa9b79224faf9f2a156b67a529ae861d3287c66c1d8ccfdf909bcba78d?s=96&d=mm&r=g\",\"contentUrl\":\"https:\/\/secure.gravatar.com\/avatar\/0546ffaa9b79224faf9f2a156b67a529ae861d3287c66c1d8ccfdf909bcba78d?s=96&d=mm&r=g\",\"caption\":\"Sebastiano Plutino\"},\"url\":\"https:\/\/progettotouring.it\/radiotouring104\/author\/sebastiano\/\"}]}<\/script>\n<!-- \/ Yoast SEO plugin. -->","yoast_head_json":{"title":"Falcomat\u00e0 loda il gesto del Carabiniere reggino Lorenzo Fasc\u00ec","description":"\u201cUn abbraccio eroico di cui tutta la citt\u00e0 \u00e8 orgogliosa. Lo aspettiamo a Reggio per rendergli gli onori che merita\u201d, dichiara Falcomat\u00e0","robots":{"index":"index","follow":"follow","max-snippet":"max-snippet:-1","max-image-preview":"max-image-preview:large","max-video-preview":"max-video-preview:-1"},"canonical":"https:\/\/progettotouring.it\/radiotouring104\/2025\/05\/14\/falcomata-loda-il-gesto-del-carabiniere-reggino-lorenzo-fasci\/","og_locale":"it_IT","og_type":"article","og_title":"Falcomat\u00e0 loda il gesto del Carabiniere reggino Lorenzo Fasc\u00ec","og_description":"\u201cUn abbraccio eroico di cui tutta la citt\u00e0 \u00e8 orgogliosa. Lo aspettiamo a Reggio per rendergli gli onori che merita\u201d, dichiara Falcomat\u00e0","og_url":"https:\/\/progettotouring.it\/radiotouring104\/2025\/05\/14\/falcomata-loda-il-gesto-del-carabiniere-reggino-lorenzo-fasci\/","og_site_name":"Radio Touring 104","article_published_time":"2025-05-14T09:38:19+00:00","og_image":[{"width":2048,"height":1152,"url":"https:\/\/progettotouring.it\/radiotouring104\/wp-content\/uploads\/sites\/6\/2025\/05\/Giuseppe-Falcomata.jpeg","type":"image\/jpeg"}],"author":"Sebastiano Plutino","twitter_card":"summary_large_image","twitter_misc":{"Scritto da":"Sebastiano Plutino","Tempo di lettura stimato":"1 minuto"},"schema":{"@context":"https:\/\/schema.org","@graph":[{"@type":"Article","@id":"https:\/\/progettotouring.it\/radiotouring104\/2025\/05\/14\/falcomata-loda-il-gesto-del-carabiniere-reggino-lorenzo-fasci\/#article","isPartOf":{"@id":"https:\/\/progettotouring.it\/radiotouring104\/2025\/05\/14\/falcomata-loda-il-gesto-del-carabiniere-reggino-lorenzo-fasci\/"},"author":{"name":"Sebastiano Plutino","@id":"https:\/\/progettotouring.it\/radiotouring104\/#\/schema\/person\/78613917f1851f041f7483f5af1d422e"},"headline":"Falcomat\u00e0 loda il gesto del Carabiniere reggino Lorenzo Fasc\u00ec","datePublished":"2025-05-14T09:38:19+00:00","mainEntityOfPage":{"@id":"https:\/\/progettotouring.it\/radiotouring104\/2025\/05\/14\/falcomata-loda-il-gesto-del-carabiniere-reggino-lorenzo-fasci\/"},"wordCount":174,"publisher":{"@id":"https:\/\/progettotouring.it\/radiotouring104\/#organization"},"image":{"@id":"https:\/\/progettotouring.it\/radiotouring104\/2025\/05\/14\/falcomata-loda-il-gesto-del-carabiniere-reggino-lorenzo-fasci\/#primaryimage"},"thumbnailUrl":"https:\/\/progettotouring.it\/radiotouring104\/wp-content\/uploads\/sites\/6\/2025\/05\/Giuseppe-Falcomata.jpeg","keywords":[". Lo aspettiamo a Reggio per rendergli gli onori che merita","Carabiniere reggino Lorenzo Fasc\u00ec","Falcomat\u00e0 Giuseppe","Gesto eroico"],"articleSection":["Home","News","Reggio Calabria"],"inLanguage":"it-IT"},{"@type":"WebPage","@id":"https:\/\/progettotouring.it\/radiotouring104\/2025\/05\/14\/falcomata-loda-il-gesto-del-carabiniere-reggino-lorenzo-fasci\/","url":"https:\/\/progettotouring.it\/radiotouring104\/2025\/05\/14\/falcomata-loda-il-gesto-del-carabiniere-reggino-lorenzo-fasci\/","name":"Falcomat\u00e0 loda il gesto del Carabiniere reggino Lorenzo Fasc\u00ec","isPartOf":{"@id":"https:\/\/progettotouring.it\/radiotouring104\/#website"},"primaryImageOfPage":{"@id":"https:\/\/progettotouring.it\/radiotouring104\/2025\/05\/14\/falcomata-loda-il-gesto-del-carabiniere-reggino-lorenzo-fasci\/#primaryimage"},"image":{"@id":"https:\/\/progettotouring.it\/radiotouring104\/2025\/05\/14\/falcomata-loda-il-gesto-del-carabiniere-reggino-lorenzo-fasci\/#primaryimage"},"thumbnailUrl":"https:\/\/progettotouring.it\/radiotouring104\/wp-content\/uploads\/sites\/6\/2025\/05\/Giuseppe-Falcomata.jpeg","datePublished":"2025-05-14T09:38:19+00:00","description":"\u201cUn abbraccio eroico di cui tutta la citt\u00e0 \u00e8 orgogliosa. Lo aspettiamo a Reggio per rendergli gli onori che merita\u201d, dichiara Falcomat\u00e0","breadcrumb":{"@id":"https:\/\/progettotouring.it\/radiotouring104\/2025\/05\/14\/falcomata-loda-il-gesto-del-carabiniere-reggino-lorenzo-fasci\/#breadcrumb"},"inLanguage":"it-IT","potentialAction":[{"@type":"ReadAction","target":["https:\/\/progettotouring.it\/radiotouring104\/2025\/05\/14\/falcomata-loda-il-gesto-del-carabiniere-reggino-lorenzo-fasci\/"]}]},{"@type":"ImageObject","inLanguage":"it-IT","@id":"https:\/\/progettotouring.it\/radiotouring104\/2025\/05\/14\/falcomata-loda-il-gesto-del-carabiniere-reggino-lorenzo-fasci\/#primaryimage","url":"https:\/\/progettotouring.it\/radiotouring104\/wp-content\/uploads\/sites\/6\/2025\/05\/Giuseppe-Falcomata.jpeg","contentUrl":"https:\/\/progettotouring.it\/radiotouring104\/wp-content\/uploads\/sites\/6\/2025\/05\/Giuseppe-Falcomata.jpeg","width":2048,"height":1152},{"@type":"BreadcrumbList","@id":"https:\/\/progettotouring.it\/radiotouring104\/2025\/05\/14\/falcomata-loda-il-gesto-del-carabiniere-reggino-lorenzo-fasci\/#breadcrumb","itemListElement":[{"@type":"ListItem","position":1,"name":"Home","item":"https:\/\/progettotouring.it\/radiotouring104\/"},{"@type":"ListItem","position":2,"name":"Falcomat\u00e0 loda il gesto del Carabiniere reggino Lorenzo Fasc\u00ec"}]},{"@type":"WebSite","@id":"https:\/\/progettotouring.it\/radiotouring104\/#website","url":"https:\/\/progettotouring.it\/radiotouring104\/","name":"Radio Touring 104","description":"La prima radio Reggina","publisher":{"@id":"https:\/\/progettotouring.it\/radiotouring104\/#organization"},"potentialAction":[{"@type":"SearchAction","target":{"@type":"EntryPoint","urlTemplate":"https:\/\/progettotouring.it\/radiotouring104\/?s={search_term_string}"},"query-input":{"@type":"PropertyValueSpecification","valueRequired":true,"valueName":"search_term_string"}}],"inLanguage":"it-IT"},{"@type":"Organization","@id":"https:\/\/progettotouring.it\/radiotouring104\/#organization","name":"Radio Touring 104","url":"https:\/\/progettotouring.it\/radiotouring104\/","logo":{"@type":"ImageObject","inLanguage":"it-IT","@id":"https:\/\/progettotouring.it\/radiotouring104\/#\/schema\/logo\/image\/","url":"https:\/\/progettotouring.it\/radiotouring104\/wp-content\/uploads\/sites\/6\/2022\/02\/cropped-logo-radio-touring-104.png","contentUrl":"https:\/\/progettotouring.it\/radiotouring104\/wp-content\/uploads\/sites\/6\/2022\/02\/cropped-logo-radio-touring-104.png","width":377,"height":182,"caption":"Radio Touring 104"},"image":{"@id":"https:\/\/progettotouring.it\/radiotouring104\/#\/schema\/logo\/image\/"}},{"@type":"Person","@id":"https:\/\/progettotouring.it\/radiotouring104\/#\/schema\/person\/78613917f1851f041f7483f5af1d422e","name":"Sebastiano Plutino","image":{"@type":"ImageObject","inLanguage":"it-IT","@id":"https:\/\/secure.gravatar.com\/avatar\/0546ffaa9b79224faf9f2a156b67a529ae861d3287c66c1d8ccfdf909bcba78d?s=96&d=mm&r=g","url":"https:\/\/secure.gravatar.com\/avatar\/0546ffaa9b79224faf9f2a156b67a529ae861d3287c66c1d8ccfdf909bcba78d?s=96&d=mm&r=g","contentUrl":"https:\/\/secure.gravatar.com\/avatar\/0546ffaa9b79224faf9f2a156b67a529ae861d3287c66c1d8ccfdf909bcba78d?s=96&d=mm&r=g","caption":"Sebastiano Plutino"},"url":"https:\/\/progettotouring.it\/radiotouring104\/author\/sebastiano\/"}]}},"jetpack_publicize_connections":[],"jetpack_featured_media_url":"https:\/\/progettotouring.it\/radiotouring104\/wp-content\/uploads\/sites\/6\/2025\/05\/Giuseppe-Falcomata.jpeg","jetpack_sharing_enabled":true,"_links":{"self":[{"href":"https:\/\/progettotouring.it\/radiotouring104\/wp-json\/wp\/v2\/posts\/73599","targetHints":{"allow":["GET"]}}],"collection":[{"href":"https:\/\/progettotouring.it\/radiotouring104\/wp-json\/wp\/v2\/posts"}],"about":[{"href":"https:\/\/progettotouring.it\/radiotouring104\/wp-json\/wp\/v2\/types\/post"}],"author":[{"embeddable":true,"href":"https:\/\/progettotouring.it\/radiotouring104\/wp-json\/wp\/v2\/users\/12"}],"replies":[{"embeddable":true,"href":"https:\/\/progettotouring.it\/radiotouring104\/wp-json\/wp\/v2\/comments?post=73599"}],"version-history":[{"count":1,"href":"https:\/\/progettotouring.it\/radiotouring104\/wp-json\/wp\/v2\/posts\/73599\/revisions"}],"predecessor-version":[{"id":73600,"href":"https:\/\/progettotouring.it\/radiotouring104\/wp-json\/wp\/v2\/posts\/73599\/revisions\/73600"}],"wp:featuredmedia":[{"embeddable":true,"href":"https:\/\/progettotouring.it\/radiotouring104\/wp-json\/wp\/v2\/media\/72928"}],"wp:attachment":[{"href":"https:\/\/progettotouring.it\/radiotouring104\/wp-json\/wp\/v2\/media?parent=73599"}],"wp:term":[{"taxonomy":"category","embeddable":true,"href":"https:\/\/progettotouring.it\/radiotouring104\/wp-json\/wp\/v2\/categories?post=73599"},{"taxonomy":"post_tag","embeddable":true,"href":"https:\/\/progettotouring.it\/radiotouring104\/wp-json\/wp\/v2\/tags?post=73599"}],"curies":[{"name":"wp","href":"https:\/\/api.w.org\/{rel}","templated":true}]}}