{"id":73604,"date":"2025-05-14T11:56:33","date_gmt":"2025-05-14T09:56:33","guid":{"rendered":"https:\/\/progettotouring.it\/radiotouring104\/?p=73604"},"modified":"2025-05-14T11:57:36","modified_gmt":"2025-05-14T09:57:36","slug":"a-reggio-linaugurazione-della-mostra-fuoco-cammina-con-me","status":"publish","type":"post","link":"https:\/\/progettotouring.it\/radiotouring104\/2025\/05\/14\/a-reggio-linaugurazione-della-mostra-fuoco-cammina-con-me\/","title":{"rendered":"A Reggio l&#8217;inaugurazione della mostra \u201cFuoco cammina con me\u201d"},"content":{"rendered":"<p class=\"xmprfx_MsoNormal\" style=\"text-align: justify\">Risorgere dalle ceneri, rinnovare un\u2019energia apparentemente negativa in nuova linfa per ripartire. Con questo spirito nasce la mostra: \u201cFuoco cammina con me\u201d, all\u2019interno del Festival \u201cSpettacoli della Natura\u201d, che sar\u00e0 inaugurata il prossimo 18 Maggio a Reggio Calabria presso il Musea &#8211; Museo [Interattivo] Antincendio.<\/p>\n<p class=\"xmprfx_MsoNormal\" style=\"text-align: justify\">\u201cIn Calabria gli incendi distruggono paesaggi, spazi, sogni\u201d dichiara il Direttore Artistico del Festival Emanuele Milasi. \u201cRicordiamo tutti, ad esempio, cosa \u00e8 successo al Parco di Ecolandia. Pu\u00f2 per\u00f2 un incendio passare da evento distruttivo a forza rigenerante?\u201d<\/p>\n<p class=\"xmprfx_MsoNormal\" style=\"text-align: justify\">Ecco quindi la mostra fotografica\u00a0<i>Fuoco cammina con me<\/i>, un\u2019esposizione che parla di distruzione e ricostruzione.<\/p>\n<p class=\"xmprfx_MsoNormal\" style=\"text-align: justify\">Un vero e proprio viaggio tra paesaggi, territori e momenti diversi, un intreccio di narrazioni vissute attraverso l\u2019obiettivo di artisti dell\u2019immagine fotografica, capaci di catturare in un solo scatto un\u2019intera storia. Tra questi, grazie alla collaborazione con Gaza Fuori fuoco, i lavori di Yasser Qudih e Hashem Zimmo, entrambi freelance di Gaza. Lo scatto di Qudih, realizzato nel periodo della tregua stabilita a Gennaio e poi infranta unilateralmente da Netanyiahu, inquadra un momento conviviale tra il fuoco e le macerie, quello di Zimmo racconta il tentativo di giovani palestinesi di evitare la diffusione di un incendio provocato da droni dell&#8217;esercito d&#8217;Israele.<\/p>\n<p class=\"xmprfx_MsoNormal\" style=\"text-align: justify\">Molti gli artisti internazionali, come Josh Edelson e Kyle Miller, che mostrano gli incendi della California e del Montana, e Jim Fenwick con \u201cWildfire of Palermo\u201d, foto premiata al Sony World Photography Awards, che immortala gli incendi del capoluogo siciliano nel 2023.<\/p>\n<p class=\"xmprfx_MsoNormal\" style=\"text-align: justify\">Ma la mostra non \u00e8 solo immagini di incendi. Parla di uomini e del loro rapporto con la natura, di spazi urbani, di sogni infranti e di rinascite.<\/p>\n<p class=\"xmprfx_MsoNormal\" style=\"text-align: justify\">&#8220;Tutto brucia. Cosa resta&#8221; di Sabina Maccioni ne \u00e8 un esempio. \u201c\u00c8 un progetto nato dall\u2019urgenza di raccontare le ferite lasciate dagli incendi che, nell\u2019estate del 2021, hanno devastato migliaia di ettari nell\u2019oristanese.\u201d, ci dice. \u201cHo voluto raccontare non solo la distruzione del paesaggio, ma soprattutto le storie delle persone che quella terra la vivono ogni giorno, che ci lavorano, la amano e ci crescono generazioni.\u201d<\/p>\n<p class=\"xmprfx_MsoNormal\" style=\"text-align: justify\">Guido, protagonista dello scatto scelto per questa mostra, \u00e8 uno di loro. Ha perso tanto: campi, fienili, animali. In quella terra, annerita dalla fuliggine, affondano le sue mani, mentre raccoglie chicchi di grano bruciati. \u201cSono mani segnate dal lavoro e dal dolore, ma anche dalla forza di chi ha dovuto ricominciare da zero, rimboccarsi le maniche e ripartire.\u201d conclude Maccioni.<\/p>\n<p class=\"xmprfx_MsoNormal\" style=\"text-align: justify\">Tante le storie raccontate, come quella di Maurizio Esposito: \u201cHo vissuto alle pendici del Vesuvio per 25 anni. La sensazione di appartenenza, inconscia, lentamente si \u00e8 diluita con la lontananza.\u201d, dice. \u201cNel luglio del 2017, 2.700 ettari di pinete sono andati bruciati e 50 milioni di api sono morte. Ho avvertito una sensazione di protezione verso ci\u00f2 che pensavo appartenesse al passato. Sono andato ad aiutare i vigili del fuoco, il Vesuvio si stava risvegliando come presenza interiore. Quando tutto era spento sono ritornato a fotografare, ho trascorso in quelle foreste tre\u00a0anni\u00a0e\u00a0mezzo.\u201d<\/p>\n<p class=\"xmprfx_MsoNormal\" style=\"text-align: justify\">Tanti anche i fotografi calabresi presenti, come Paolo Albanese, Colombo Labate, Enzo Penna, Ivana Russo e Maurizio Polimeni, artista scomparso da poco, il cui fuoco vive nella mostra e nella sua magica foto di un\u2019Etna in eruzione.<\/p>\n<p class=\"xmprfx_MsoNormal\" style=\"text-align: justify\">La mostra \u00e8 tutto questo e non solo. Emanuele Milasi, dopo aver ammirato le opere, ci vuole lasciare con una domanda precisa: \u201cDove siamo noi, dove vogliamo essere, mentre tutto brucia?\u201d<\/p>\n","protected":false},"excerpt":{"rendered":"<p>Risorgere dalle ceneri, rinnovare un\u2019energia apparentemente negativa in nuova linfa per ripartire. Con questo spirito nasce la mostra: \u201cFuoco cammina con me\u201d, all\u2019interno del Festival \u201cSpettacoli della Natura\u201d, che sar\u00e0&hellip;<\/p>\n","protected":false},"author":12,"featured_media":73605,"comment_status":"closed","ping_status":"open","sticky":false,"template":"","format":"standard","meta":{"_jetpack_memberships_contains_paid_content":false,"footnotes":"","jetpack_publicize_message":"","jetpack_publicize_feature_enabled":true,"jetpack_social_post_already_shared":true,"jetpack_social_options":{"image_generator_settings":{"template":"highway","default_image_id":0,"font":"","enabled":false},"version":2}},"categories":[921,196,140],"tags":[43585,43584],"class_list":["post-73604","post","type-post","status-publish","format-standard","has-post-thumbnail","hentry","category-home","category-news","category-reggio-calabria","tag-direttore-artistic-emanuele-milasi","tag-musea-museo-antincendio"],"yoast_head":"<!-- This site is optimized with the Yoast SEO plugin v27.2 - https:\/\/yoast.com\/product\/yoast-seo-wordpress\/ -->\n<title>A Reggio l&#039;inaugurazione della mostra \u201cFuoco cammina con me\u201d<\/title>\n<meta name=\"description\" content=\"L&#039;inaugurazione della mostra su distruzione e ricostruzione causata dagli incendi si terr\u00e0 il 18 naggio, al Musea - Museo Antincendio\" \/>\n<meta name=\"robots\" content=\"index, follow, max-snippet:-1, max-image-preview:large, max-video-preview:-1\" \/>\n<link rel=\"canonical\" href=\"https:\/\/progettotouring.it\/radiotouring104\/2025\/05\/14\/a-reggio-linaugurazione-della-mostra-fuoco-cammina-con-me\/\" \/>\n<meta property=\"og:locale\" content=\"it_IT\" \/>\n<meta property=\"og:type\" content=\"article\" \/>\n<meta property=\"og:title\" content=\"A Reggio l&#039;inaugurazione della mostra \u201cFuoco cammina con me\u201d\" \/>\n<meta property=\"og:description\" content=\"L&#039;inaugurazione della mostra su distruzione e ricostruzione causata dagli incendi si terr\u00e0 il 18 naggio, al Musea - Museo Antincendio\" \/>\n<meta property=\"og:url\" content=\"https:\/\/progettotouring.it\/radiotouring104\/2025\/05\/14\/a-reggio-linaugurazione-della-mostra-fuoco-cammina-con-me\/\" \/>\n<meta property=\"og:site_name\" content=\"Radio Touring 104\" \/>\n<meta property=\"article:published_time\" content=\"2025-05-14T09:56:33+00:00\" \/>\n<meta property=\"article:modified_time\" content=\"2025-05-14T09:57:36+00:00\" \/>\n<meta property=\"og:image\" content=\"https:\/\/progettotouring.it\/radiotouring104\/wp-content\/uploads\/sites\/6\/2025\/05\/Mostra-Fuoco-cammina-con-me-001_Hashem-Zimmo_Gaza_gennaio-2025_RID.jpg\" \/>\n\t<meta property=\"og:image:width\" content=\"1200\" \/>\n\t<meta property=\"og:image:height\" content=\"800\" \/>\n\t<meta property=\"og:image:type\" content=\"image\/jpeg\" \/>\n<meta name=\"author\" content=\"Sebastiano Plutino\" \/>\n<meta name=\"twitter:card\" content=\"summary_large_image\" \/>\n<meta name=\"twitter:label1\" content=\"Scritto da\" \/>\n\t<meta name=\"twitter:data1\" content=\"Sebastiano Plutino\" \/>\n\t<meta name=\"twitter:label2\" content=\"Tempo di lettura stimato\" \/>\n\t<meta name=\"twitter:data2\" content=\"3 minuti\" \/>\n<script type=\"application\/ld+json\" class=\"yoast-schema-graph\">{\"@context\":\"https:\/\/schema.org\",\"@graph\":[{\"@type\":\"Article\",\"@id\":\"https:\/\/progettotouring.it\/radiotouring104\/2025\/05\/14\/a-reggio-linaugurazione-della-mostra-fuoco-cammina-con-me\/#article\",\"isPartOf\":{\"@id\":\"https:\/\/progettotouring.it\/radiotouring104\/2025\/05\/14\/a-reggio-linaugurazione-della-mostra-fuoco-cammina-con-me\/\"},\"author\":{\"name\":\"Sebastiano Plutino\",\"@id\":\"https:\/\/progettotouring.it\/radiotouring104\/#\/schema\/person\/78613917f1851f041f7483f5af1d422e\"},\"headline\":\"A Reggio l&#8217;inaugurazione della mostra \u201cFuoco cammina con me\u201d\",\"datePublished\":\"2025-05-14T09:56:33+00:00\",\"dateModified\":\"2025-05-14T09:57:36+00:00\",\"mainEntityOfPage\":{\"@id\":\"https:\/\/progettotouring.it\/radiotouring104\/2025\/05\/14\/a-reggio-linaugurazione-della-mostra-fuoco-cammina-con-me\/\"},\"wordCount\":564,\"publisher\":{\"@id\":\"https:\/\/progettotouring.it\/radiotouring104\/#organization\"},\"image\":{\"@id\":\"https:\/\/progettotouring.it\/radiotouring104\/2025\/05\/14\/a-reggio-linaugurazione-della-mostra-fuoco-cammina-con-me\/#primaryimage\"},\"thumbnailUrl\":\"https:\/\/progettotouring.it\/radiotouring104\/wp-content\/uploads\/sites\/6\/2025\/05\/Mostra-Fuoco-cammina-con-me-001_Hashem-Zimmo_Gaza_gennaio-2025_RID.jpg\",\"keywords\":[\"direttore Artistic Emanuele Milasi\",\"Musea - Museo Antincendio\"],\"articleSection\":[\"Home\",\"News\",\"Reggio Calabria\"],\"inLanguage\":\"it-IT\"},{\"@type\":\"WebPage\",\"@id\":\"https:\/\/progettotouring.it\/radiotouring104\/2025\/05\/14\/a-reggio-linaugurazione-della-mostra-fuoco-cammina-con-me\/\",\"url\":\"https:\/\/progettotouring.it\/radiotouring104\/2025\/05\/14\/a-reggio-linaugurazione-della-mostra-fuoco-cammina-con-me\/\",\"name\":\"A Reggio l'inaugurazione della mostra \u201cFuoco cammina con me\u201d\",\"isPartOf\":{\"@id\":\"https:\/\/progettotouring.it\/radiotouring104\/#website\"},\"primaryImageOfPage\":{\"@id\":\"https:\/\/progettotouring.it\/radiotouring104\/2025\/05\/14\/a-reggio-linaugurazione-della-mostra-fuoco-cammina-con-me\/#primaryimage\"},\"image\":{\"@id\":\"https:\/\/progettotouring.it\/radiotouring104\/2025\/05\/14\/a-reggio-linaugurazione-della-mostra-fuoco-cammina-con-me\/#primaryimage\"},\"thumbnailUrl\":\"https:\/\/progettotouring.it\/radiotouring104\/wp-content\/uploads\/sites\/6\/2025\/05\/Mostra-Fuoco-cammina-con-me-001_Hashem-Zimmo_Gaza_gennaio-2025_RID.jpg\",\"datePublished\":\"2025-05-14T09:56:33+00:00\",\"dateModified\":\"2025-05-14T09:57:36+00:00\",\"description\":\"L'inaugurazione della mostra su distruzione e ricostruzione causata dagli incendi si terr\u00e0 il 18 naggio, al Musea - Museo Antincendio\",\"breadcrumb\":{\"@id\":\"https:\/\/progettotouring.it\/radiotouring104\/2025\/05\/14\/a-reggio-linaugurazione-della-mostra-fuoco-cammina-con-me\/#breadcrumb\"},\"inLanguage\":\"it-IT\",\"potentialAction\":[{\"@type\":\"ReadAction\",\"target\":[\"https:\/\/progettotouring.it\/radiotouring104\/2025\/05\/14\/a-reggio-linaugurazione-della-mostra-fuoco-cammina-con-me\/\"]}]},{\"@type\":\"ImageObject\",\"inLanguage\":\"it-IT\",\"@id\":\"https:\/\/progettotouring.it\/radiotouring104\/2025\/05\/14\/a-reggio-linaugurazione-della-mostra-fuoco-cammina-con-me\/#primaryimage\",\"url\":\"https:\/\/progettotouring.it\/radiotouring104\/wp-content\/uploads\/sites\/6\/2025\/05\/Mostra-Fuoco-cammina-con-me-001_Hashem-Zimmo_Gaza_gennaio-2025_RID.jpg\",\"contentUrl\":\"https:\/\/progettotouring.it\/radiotouring104\/wp-content\/uploads\/sites\/6\/2025\/05\/Mostra-Fuoco-cammina-con-me-001_Hashem-Zimmo_Gaza_gennaio-2025_RID.jpg\",\"width\":1200,\"height\":800},{\"@type\":\"BreadcrumbList\",\"@id\":\"https:\/\/progettotouring.it\/radiotouring104\/2025\/05\/14\/a-reggio-linaugurazione-della-mostra-fuoco-cammina-con-me\/#breadcrumb\",\"itemListElement\":[{\"@type\":\"ListItem\",\"position\":1,\"name\":\"Home\",\"item\":\"https:\/\/progettotouring.it\/radiotouring104\/\"},{\"@type\":\"ListItem\",\"position\":2,\"name\":\"A Reggio l&#8217;inaugurazione della mostra \u201cFuoco cammina con me\u201d\"}]},{\"@type\":\"WebSite\",\"@id\":\"https:\/\/progettotouring.it\/radiotouring104\/#website\",\"url\":\"https:\/\/progettotouring.it\/radiotouring104\/\",\"name\":\"Radio Touring 104\",\"description\":\"La prima radio Reggina\",\"publisher\":{\"@id\":\"https:\/\/progettotouring.it\/radiotouring104\/#organization\"},\"potentialAction\":[{\"@type\":\"SearchAction\",\"target\":{\"@type\":\"EntryPoint\",\"urlTemplate\":\"https:\/\/progettotouring.it\/radiotouring104\/?s={search_term_string}\"},\"query-input\":{\"@type\":\"PropertyValueSpecification\",\"valueRequired\":true,\"valueName\":\"search_term_string\"}}],\"inLanguage\":\"it-IT\"},{\"@type\":\"Organization\",\"@id\":\"https:\/\/progettotouring.it\/radiotouring104\/#organization\",\"name\":\"Radio Touring 104\",\"url\":\"https:\/\/progettotouring.it\/radiotouring104\/\",\"logo\":{\"@type\":\"ImageObject\",\"inLanguage\":\"it-IT\",\"@id\":\"https:\/\/progettotouring.it\/radiotouring104\/#\/schema\/logo\/image\/\",\"url\":\"https:\/\/progettotouring.it\/radiotouring104\/wp-content\/uploads\/sites\/6\/2022\/02\/cropped-logo-radio-touring-104.png\",\"contentUrl\":\"https:\/\/progettotouring.it\/radiotouring104\/wp-content\/uploads\/sites\/6\/2022\/02\/cropped-logo-radio-touring-104.png\",\"width\":377,\"height\":182,\"caption\":\"Radio Touring 104\"},\"image\":{\"@id\":\"https:\/\/progettotouring.it\/radiotouring104\/#\/schema\/logo\/image\/\"}},{\"@type\":\"Person\",\"@id\":\"https:\/\/progettotouring.it\/radiotouring104\/#\/schema\/person\/78613917f1851f041f7483f5af1d422e\",\"name\":\"Sebastiano Plutino\",\"image\":{\"@type\":\"ImageObject\",\"inLanguage\":\"it-IT\",\"@id\":\"https:\/\/secure.gravatar.com\/avatar\/0546ffaa9b79224faf9f2a156b67a529ae861d3287c66c1d8ccfdf909bcba78d?s=96&d=mm&r=g\",\"url\":\"https:\/\/secure.gravatar.com\/avatar\/0546ffaa9b79224faf9f2a156b67a529ae861d3287c66c1d8ccfdf909bcba78d?s=96&d=mm&r=g\",\"contentUrl\":\"https:\/\/secure.gravatar.com\/avatar\/0546ffaa9b79224faf9f2a156b67a529ae861d3287c66c1d8ccfdf909bcba78d?s=96&d=mm&r=g\",\"caption\":\"Sebastiano Plutino\"},\"url\":\"https:\/\/progettotouring.it\/radiotouring104\/author\/sebastiano\/\"}]}<\/script>\n<!-- \/ Yoast SEO plugin. -->","yoast_head_json":{"title":"A Reggio l'inaugurazione della mostra \u201cFuoco cammina con me\u201d","description":"L'inaugurazione della mostra su distruzione e ricostruzione causata dagli incendi si terr\u00e0 il 18 naggio, al Musea - Museo Antincendio","robots":{"index":"index","follow":"follow","max-snippet":"max-snippet:-1","max-image-preview":"max-image-preview:large","max-video-preview":"max-video-preview:-1"},"canonical":"https:\/\/progettotouring.it\/radiotouring104\/2025\/05\/14\/a-reggio-linaugurazione-della-mostra-fuoco-cammina-con-me\/","og_locale":"it_IT","og_type":"article","og_title":"A Reggio l'inaugurazione della mostra \u201cFuoco cammina con me\u201d","og_description":"L'inaugurazione della mostra su distruzione e ricostruzione causata dagli incendi si terr\u00e0 il 18 naggio, al Musea - Museo Antincendio","og_url":"https:\/\/progettotouring.it\/radiotouring104\/2025\/05\/14\/a-reggio-linaugurazione-della-mostra-fuoco-cammina-con-me\/","og_site_name":"Radio Touring 104","article_published_time":"2025-05-14T09:56:33+00:00","article_modified_time":"2025-05-14T09:57:36+00:00","og_image":[{"width":1200,"height":800,"url":"https:\/\/progettotouring.it\/radiotouring104\/wp-content\/uploads\/sites\/6\/2025\/05\/Mostra-Fuoco-cammina-con-me-001_Hashem-Zimmo_Gaza_gennaio-2025_RID.jpg","type":"image\/jpeg"}],"author":"Sebastiano Plutino","twitter_card":"summary_large_image","twitter_misc":{"Scritto da":"Sebastiano Plutino","Tempo di lettura stimato":"3 minuti"},"schema":{"@context":"https:\/\/schema.org","@graph":[{"@type":"Article","@id":"https:\/\/progettotouring.it\/radiotouring104\/2025\/05\/14\/a-reggio-linaugurazione-della-mostra-fuoco-cammina-con-me\/#article","isPartOf":{"@id":"https:\/\/progettotouring.it\/radiotouring104\/2025\/05\/14\/a-reggio-linaugurazione-della-mostra-fuoco-cammina-con-me\/"},"author":{"name":"Sebastiano Plutino","@id":"https:\/\/progettotouring.it\/radiotouring104\/#\/schema\/person\/78613917f1851f041f7483f5af1d422e"},"headline":"A Reggio l&#8217;inaugurazione della mostra \u201cFuoco cammina con me\u201d","datePublished":"2025-05-14T09:56:33+00:00","dateModified":"2025-05-14T09:57:36+00:00","mainEntityOfPage":{"@id":"https:\/\/progettotouring.it\/radiotouring104\/2025\/05\/14\/a-reggio-linaugurazione-della-mostra-fuoco-cammina-con-me\/"},"wordCount":564,"publisher":{"@id":"https:\/\/progettotouring.it\/radiotouring104\/#organization"},"image":{"@id":"https:\/\/progettotouring.it\/radiotouring104\/2025\/05\/14\/a-reggio-linaugurazione-della-mostra-fuoco-cammina-con-me\/#primaryimage"},"thumbnailUrl":"https:\/\/progettotouring.it\/radiotouring104\/wp-content\/uploads\/sites\/6\/2025\/05\/Mostra-Fuoco-cammina-con-me-001_Hashem-Zimmo_Gaza_gennaio-2025_RID.jpg","keywords":["direttore Artistic Emanuele Milasi","Musea - Museo Antincendio"],"articleSection":["Home","News","Reggio Calabria"],"inLanguage":"it-IT"},{"@type":"WebPage","@id":"https:\/\/progettotouring.it\/radiotouring104\/2025\/05\/14\/a-reggio-linaugurazione-della-mostra-fuoco-cammina-con-me\/","url":"https:\/\/progettotouring.it\/radiotouring104\/2025\/05\/14\/a-reggio-linaugurazione-della-mostra-fuoco-cammina-con-me\/","name":"A Reggio l'inaugurazione della mostra \u201cFuoco cammina con me\u201d","isPartOf":{"@id":"https:\/\/progettotouring.it\/radiotouring104\/#website"},"primaryImageOfPage":{"@id":"https:\/\/progettotouring.it\/radiotouring104\/2025\/05\/14\/a-reggio-linaugurazione-della-mostra-fuoco-cammina-con-me\/#primaryimage"},"image":{"@id":"https:\/\/progettotouring.it\/radiotouring104\/2025\/05\/14\/a-reggio-linaugurazione-della-mostra-fuoco-cammina-con-me\/#primaryimage"},"thumbnailUrl":"https:\/\/progettotouring.it\/radiotouring104\/wp-content\/uploads\/sites\/6\/2025\/05\/Mostra-Fuoco-cammina-con-me-001_Hashem-Zimmo_Gaza_gennaio-2025_RID.jpg","datePublished":"2025-05-14T09:56:33+00:00","dateModified":"2025-05-14T09:57:36+00:00","description":"L'inaugurazione della mostra su distruzione e ricostruzione causata dagli incendi si terr\u00e0 il 18 naggio, al Musea - Museo Antincendio","breadcrumb":{"@id":"https:\/\/progettotouring.it\/radiotouring104\/2025\/05\/14\/a-reggio-linaugurazione-della-mostra-fuoco-cammina-con-me\/#breadcrumb"},"inLanguage":"it-IT","potentialAction":[{"@type":"ReadAction","target":["https:\/\/progettotouring.it\/radiotouring104\/2025\/05\/14\/a-reggio-linaugurazione-della-mostra-fuoco-cammina-con-me\/"]}]},{"@type":"ImageObject","inLanguage":"it-IT","@id":"https:\/\/progettotouring.it\/radiotouring104\/2025\/05\/14\/a-reggio-linaugurazione-della-mostra-fuoco-cammina-con-me\/#primaryimage","url":"https:\/\/progettotouring.it\/radiotouring104\/wp-content\/uploads\/sites\/6\/2025\/05\/Mostra-Fuoco-cammina-con-me-001_Hashem-Zimmo_Gaza_gennaio-2025_RID.jpg","contentUrl":"https:\/\/progettotouring.it\/radiotouring104\/wp-content\/uploads\/sites\/6\/2025\/05\/Mostra-Fuoco-cammina-con-me-001_Hashem-Zimmo_Gaza_gennaio-2025_RID.jpg","width":1200,"height":800},{"@type":"BreadcrumbList","@id":"https:\/\/progettotouring.it\/radiotouring104\/2025\/05\/14\/a-reggio-linaugurazione-della-mostra-fuoco-cammina-con-me\/#breadcrumb","itemListElement":[{"@type":"ListItem","position":1,"name":"Home","item":"https:\/\/progettotouring.it\/radiotouring104\/"},{"@type":"ListItem","position":2,"name":"A Reggio l&#8217;inaugurazione della mostra \u201cFuoco cammina con me\u201d"}]},{"@type":"WebSite","@id":"https:\/\/progettotouring.it\/radiotouring104\/#website","url":"https:\/\/progettotouring.it\/radiotouring104\/","name":"Radio Touring 104","description":"La prima radio Reggina","publisher":{"@id":"https:\/\/progettotouring.it\/radiotouring104\/#organization"},"potentialAction":[{"@type":"SearchAction","target":{"@type":"EntryPoint","urlTemplate":"https:\/\/progettotouring.it\/radiotouring104\/?s={search_term_string}"},"query-input":{"@type":"PropertyValueSpecification","valueRequired":true,"valueName":"search_term_string"}}],"inLanguage":"it-IT"},{"@type":"Organization","@id":"https:\/\/progettotouring.it\/radiotouring104\/#organization","name":"Radio Touring 104","url":"https:\/\/progettotouring.it\/radiotouring104\/","logo":{"@type":"ImageObject","inLanguage":"it-IT","@id":"https:\/\/progettotouring.it\/radiotouring104\/#\/schema\/logo\/image\/","url":"https:\/\/progettotouring.it\/radiotouring104\/wp-content\/uploads\/sites\/6\/2022\/02\/cropped-logo-radio-touring-104.png","contentUrl":"https:\/\/progettotouring.it\/radiotouring104\/wp-content\/uploads\/sites\/6\/2022\/02\/cropped-logo-radio-touring-104.png","width":377,"height":182,"caption":"Radio Touring 104"},"image":{"@id":"https:\/\/progettotouring.it\/radiotouring104\/#\/schema\/logo\/image\/"}},{"@type":"Person","@id":"https:\/\/progettotouring.it\/radiotouring104\/#\/schema\/person\/78613917f1851f041f7483f5af1d422e","name":"Sebastiano Plutino","image":{"@type":"ImageObject","inLanguage":"it-IT","@id":"https:\/\/secure.gravatar.com\/avatar\/0546ffaa9b79224faf9f2a156b67a529ae861d3287c66c1d8ccfdf909bcba78d?s=96&d=mm&r=g","url":"https:\/\/secure.gravatar.com\/avatar\/0546ffaa9b79224faf9f2a156b67a529ae861d3287c66c1d8ccfdf909bcba78d?s=96&d=mm&r=g","contentUrl":"https:\/\/secure.gravatar.com\/avatar\/0546ffaa9b79224faf9f2a156b67a529ae861d3287c66c1d8ccfdf909bcba78d?s=96&d=mm&r=g","caption":"Sebastiano Plutino"},"url":"https:\/\/progettotouring.it\/radiotouring104\/author\/sebastiano\/"}]}},"jetpack_publicize_connections":[],"jetpack_featured_media_url":"https:\/\/progettotouring.it\/radiotouring104\/wp-content\/uploads\/sites\/6\/2025\/05\/Mostra-Fuoco-cammina-con-me-001_Hashem-Zimmo_Gaza_gennaio-2025_RID.jpg","jetpack_sharing_enabled":true,"_links":{"self":[{"href":"https:\/\/progettotouring.it\/radiotouring104\/wp-json\/wp\/v2\/posts\/73604","targetHints":{"allow":["GET"]}}],"collection":[{"href":"https:\/\/progettotouring.it\/radiotouring104\/wp-json\/wp\/v2\/posts"}],"about":[{"href":"https:\/\/progettotouring.it\/radiotouring104\/wp-json\/wp\/v2\/types\/post"}],"author":[{"embeddable":true,"href":"https:\/\/progettotouring.it\/radiotouring104\/wp-json\/wp\/v2\/users\/12"}],"replies":[{"embeddable":true,"href":"https:\/\/progettotouring.it\/radiotouring104\/wp-json\/wp\/v2\/comments?post=73604"}],"version-history":[{"count":2,"href":"https:\/\/progettotouring.it\/radiotouring104\/wp-json\/wp\/v2\/posts\/73604\/revisions"}],"predecessor-version":[{"id":73607,"href":"https:\/\/progettotouring.it\/radiotouring104\/wp-json\/wp\/v2\/posts\/73604\/revisions\/73607"}],"wp:featuredmedia":[{"embeddable":true,"href":"https:\/\/progettotouring.it\/radiotouring104\/wp-json\/wp\/v2\/media\/73605"}],"wp:attachment":[{"href":"https:\/\/progettotouring.it\/radiotouring104\/wp-json\/wp\/v2\/media?parent=73604"}],"wp:term":[{"taxonomy":"category","embeddable":true,"href":"https:\/\/progettotouring.it\/radiotouring104\/wp-json\/wp\/v2\/categories?post=73604"},{"taxonomy":"post_tag","embeddable":true,"href":"https:\/\/progettotouring.it\/radiotouring104\/wp-json\/wp\/v2\/tags?post=73604"}],"curies":[{"name":"wp","href":"https:\/\/api.w.org\/{rel}","templated":true}]}}