{"id":73611,"date":"2025-05-14T12:08:06","date_gmt":"2025-05-14T10:08:06","guid":{"rendered":"https:\/\/progettotouring.it\/radiotouring104\/?p=73611"},"modified":"2025-05-14T12:44:57","modified_gmt":"2025-05-14T10:44:57","slug":"vertenza-piazza-del-popolo-minasi-soddisfatta-della-decisione-del-tar","status":"publish","type":"post","link":"https:\/\/progettotouring.it\/radiotouring104\/2025\/05\/14\/vertenza-piazza-del-popolo-minasi-soddisfatta-della-decisione-del-tar\/","title":{"rendered":"Vertenza Piazza del Popolo: Minasi soddisfatta della decisione del TAR"},"content":{"rendered":"<p style=\"text-align: justify\"><span style=\"font-family: tahoma, sans-serif\">\u00abCon grande soddisfazione accolgo la notizia della sentenza del TAR Calabria che ha annullato la delibera del 13 gennaio 2025 con cui la Giunta Comunale di Reggio Calabria sospendeva le attivit\u00e0 mercatali di Piazza del Popolo fino al 30 giugno. Come noi dicevamo, si trattava di una decisione sbagliata e illegittime e finalmente \u00e8 stata ristabilita la legalit\u00e0\u00bb.<\/span><\/p>\n<p style=\"text-align: justify\"><span style=\"font-family: tahoma, sans-serif\">La Senatrice Tilde Minasi interviene cos\u00ec sulla vicenda della Piazza del mercato reggino, che ha visto protagonisti decine di operatori ambulanti, lasciati per mesi senza possibilit\u00e0 di esercitare la propria attivit\u00e0, e che lei, assieme ai consiglieri comunali della Lega, aveva seguito fin dall\u2019inizio.<\/span><\/p>\n<p style=\"text-align: justify\"><span style=\"font-family: tahoma, sans-serif\">Il pronunciamento del Tribunale Amministrativo Regionale ha accolto le istanze di numerosi commercianti, sancendo in modo inequivocabile l\u2019illegittimit\u00e0 dell\u2019atto adottato dalla Giunta, che \u2013 secondo i giudici \u2013 ha esercitato poteri non propri, invadendo il perimetro di competenza del Consiglio comunale, unico titolato a deliberare in materia di programmazione e riordino delle attivit\u00e0 mercatali.<\/span><\/p>\n<p style=\"text-align: justify\"><span style=\"font-family: tahoma, sans-serif\">\u00abLa sentenza del TAR \u2013 prosegue la Senatrice leghista \u2013 rappresenta una piena affermazione del principio di legalit\u00e0. \u00c8 stata finalmente restituita voce e dignit\u00e0 a lavoratori che, per mesi, sono stati privati del diritto a lavorare nel rispetto delle regole. Il commercio su area pubblica non pu\u00f2 essere gestito con decisioni unilaterali, arbitrarie e prive di confronto\u00bb.<\/span><\/p>\n<p style=\"text-align: justify\"><span style=\"font-family: tahoma, sans-serif\">Secondo quanto stabilito dai giudici, la sospensione dell\u2019attivit\u00e0 mercatale \u2013 pur temporanea \u2013 si configurava come un intervento di carattere programmatorio e strutturale, da assumersi con gli strumenti e nelle sedi previste dalla legge. Inoltre, il TAR ha riconosciuto come pienamente legittimo l\u2019interesse giuridico degli operatori cosiddetti\u00a0\u201cspuntisti\u201d a ricorrere contro il provvedimento, smentendo la tesi del Comune secondo cui essi non sarebbero stati coinvolti.<\/span><\/p>\n<p style=\"text-align: justify\"><span style=\"font-family: tahoma, sans-serif\">\u00abIl mercato di Piazza del Popolo \u2013 aggiunge Minasi \u2013 \u00e8 parte integrante del tessuto sociale e identitario della citt\u00e0. Chiuderlo senza una visione chiara, senza ascolto, senza il rispetto delle procedure democratiche, \u00e8 stato un atto non solo sbagliato, ma lesivo dei diritti di chi ogni giorno contribuisce con il proprio lavoro alla vita economica e civile, ma anche alla socialit\u00e0 della comunit\u00e0\u00bb.<\/span><\/p>\n<p style=\"text-align: justify\"><span style=\"font-family: tahoma, sans-serif\">Ed lancia poi un messaggio politico chiaro, richiamando la Pubblica amministrazione alla responsabilit\u00e0 e alla necessit\u00e0 di garantire un modello decisionale trasparente e partecipato: \u00abQuesta pronuncia \u2013 dice \u2013 non \u00e8 soltanto un atto giuridico: \u00e8 un richiamo forte e autorevole al rispetto dello Stato di diritto e delle regole democratiche. Come rappresentante delle Istituzioni \u2013 prosegue \u2013 continuer\u00f2 a vigilare con determinazione affinch\u00e9 non si ripetano mai pi\u00f9 scelte amministrative calate dall\u2019alto, prive di legittimazione e disancorate dal confronto con la cittadinanza. La politica deve tornare a essere servizio, ascolto, responsabilit\u00e0.<\/span><\/p>\n<p style=\"text-align: justify\"><span style=\"font-family: tahoma, sans-serif\">Una pagina di buona giustizia \u2013 chiude \u2013 che restituisce speranza a chi ha avuto il coraggio di resistere e che oggi impone una nuova stagione fondata sul rispetto delle regole, sull\u2019ascolto e sulla dignit\u00e0 del lavoro\u00bb.<\/span><\/p>\n","protected":false},"excerpt":{"rendered":"<p>\u00abCon grande soddisfazione accolgo la notizia della sentenza del TAR Calabria che ha annullato la delibera del 13 gennaio 2025 con cui la Giunta Comunale di Reggio Calabria sospendeva le&hellip;<\/p>\n","protected":false},"author":12,"featured_media":64664,"comment_status":"closed","ping_status":"open","sticky":false,"template":"","format":"standard","meta":{"_jetpack_memberships_contains_paid_content":false,"footnotes":"","jetpack_publicize_message":"","jetpack_publicize_feature_enabled":true,"jetpack_social_post_already_shared":true,"jetpack_social_options":{"image_generator_settings":{"template":"highway","default_image_id":0,"font":"","enabled":false},"version":2}},"categories":[921,150,196,140],"tags":[43588,342,27662,34861,41156],"class_list":["post-73611","post","type-post","status-publish","format-standard","has-post-thumbnail","hentry","category-home","category-in-primo-piano","category-news","category-reggio-calabria","tag-annullamento-delibera-comunale","tag-comune-di-reggio-calabria","tag-senatrice-tilde-minasi","tag-sentenza-tar","tag-vertenza-di-piazza-del-popolo"],"yoast_head":"<!-- This site is optimized with the Yoast SEO plugin v27.2 - https:\/\/yoast.com\/product\/yoast-seo-wordpress\/ -->\n<title>Piazza del Popolo: Minasi soddisfatta della decisione del TAR<\/title>\n<meta name=\"description\" content=\"&quot;Illegittimo l&#039;atto della Giunta di Reggio, ristabilita la legalit\u00e0&quot;, dichiara la senatrice reggina, Tilde Minasi\" \/>\n<meta name=\"robots\" content=\"index, follow, max-snippet:-1, max-image-preview:large, max-video-preview:-1\" \/>\n<link rel=\"canonical\" href=\"https:\/\/progettotouring.it\/radiotouring104\/2025\/05\/14\/vertenza-piazza-del-popolo-minasi-soddisfatta-della-decisione-del-tar\/\" \/>\n<meta property=\"og:locale\" content=\"it_IT\" \/>\n<meta property=\"og:type\" content=\"article\" \/>\n<meta property=\"og:title\" content=\"Piazza del Popolo: Minasi soddisfatta della decisione del TAR\" \/>\n<meta property=\"og:description\" content=\"&quot;Illegittimo l&#039;atto della Giunta di Reggio, ristabilita la legalit\u00e0&quot;, dichiara la senatrice reggina, Tilde Minasi\" \/>\n<meta property=\"og:url\" content=\"https:\/\/progettotouring.it\/radiotouring104\/2025\/05\/14\/vertenza-piazza-del-popolo-minasi-soddisfatta-della-decisione-del-tar\/\" \/>\n<meta property=\"og:site_name\" content=\"Radio Touring 104\" \/>\n<meta property=\"article:published_time\" content=\"2025-05-14T10:08:06+00:00\" \/>\n<meta property=\"article:modified_time\" content=\"2025-05-14T10:44:57+00:00\" \/>\n<meta property=\"og:image\" content=\"https:\/\/progettotouring.it\/radiotouring104\/wp-content\/uploads\/sites\/6\/2025\/01\/piazza-del-popolo-2.jpeg\" \/>\n\t<meta property=\"og:image:width\" content=\"2507\" \/>\n\t<meta property=\"og:image:height\" content=\"1918\" \/>\n\t<meta property=\"og:image:type\" content=\"image\/jpeg\" \/>\n<meta name=\"author\" content=\"Sebastiano Plutino\" \/>\n<meta name=\"twitter:card\" content=\"summary_large_image\" \/>\n<meta name=\"twitter:label1\" content=\"Scritto da\" \/>\n\t<meta name=\"twitter:data1\" content=\"Sebastiano Plutino\" \/>\n\t<meta name=\"twitter:label2\" content=\"Tempo di lettura stimato\" \/>\n\t<meta name=\"twitter:data2\" content=\"2 minuti\" \/>\n<script type=\"application\/ld+json\" class=\"yoast-schema-graph\">{\"@context\":\"https:\/\/schema.org\",\"@graph\":[{\"@type\":\"Article\",\"@id\":\"https:\/\/progettotouring.it\/radiotouring104\/2025\/05\/14\/vertenza-piazza-del-popolo-minasi-soddisfatta-della-decisione-del-tar\/#article\",\"isPartOf\":{\"@id\":\"https:\/\/progettotouring.it\/radiotouring104\/2025\/05\/14\/vertenza-piazza-del-popolo-minasi-soddisfatta-della-decisione-del-tar\/\"},\"author\":{\"name\":\"Sebastiano Plutino\",\"@id\":\"https:\/\/progettotouring.it\/radiotouring104\/#\/schema\/person\/78613917f1851f041f7483f5af1d422e\"},\"headline\":\"Vertenza Piazza del Popolo: Minasi soddisfatta della decisione del TAR\",\"datePublished\":\"2025-05-14T10:08:06+00:00\",\"dateModified\":\"2025-05-14T10:44:57+00:00\",\"mainEntityOfPage\":{\"@id\":\"https:\/\/progettotouring.it\/radiotouring104\/2025\/05\/14\/vertenza-piazza-del-popolo-minasi-soddisfatta-della-decisione-del-tar\/\"},\"wordCount\":466,\"publisher\":{\"@id\":\"https:\/\/progettotouring.it\/radiotouring104\/#organization\"},\"image\":{\"@id\":\"https:\/\/progettotouring.it\/radiotouring104\/2025\/05\/14\/vertenza-piazza-del-popolo-minasi-soddisfatta-della-decisione-del-tar\/#primaryimage\"},\"thumbnailUrl\":\"https:\/\/progettotouring.it\/radiotouring104\/wp-content\/uploads\/sites\/6\/2025\/01\/piazza-del-popolo-2.jpeg\",\"keywords\":[\"annullamento delibera comunale\",\"Comune di Reggio Calabria\",\"Senatrice Tilde Minasi\",\"sentenza Tar\",\"vertenza di PIazza del Popolo\"],\"articleSection\":[\"Home\",\"In primo piano\",\"News\",\"Reggio Calabria\"],\"inLanguage\":\"it-IT\"},{\"@type\":\"WebPage\",\"@id\":\"https:\/\/progettotouring.it\/radiotouring104\/2025\/05\/14\/vertenza-piazza-del-popolo-minasi-soddisfatta-della-decisione-del-tar\/\",\"url\":\"https:\/\/progettotouring.it\/radiotouring104\/2025\/05\/14\/vertenza-piazza-del-popolo-minasi-soddisfatta-della-decisione-del-tar\/\",\"name\":\"Piazza del Popolo: Minasi soddisfatta della decisione del TAR\",\"isPartOf\":{\"@id\":\"https:\/\/progettotouring.it\/radiotouring104\/#website\"},\"primaryImageOfPage\":{\"@id\":\"https:\/\/progettotouring.it\/radiotouring104\/2025\/05\/14\/vertenza-piazza-del-popolo-minasi-soddisfatta-della-decisione-del-tar\/#primaryimage\"},\"image\":{\"@id\":\"https:\/\/progettotouring.it\/radiotouring104\/2025\/05\/14\/vertenza-piazza-del-popolo-minasi-soddisfatta-della-decisione-del-tar\/#primaryimage\"},\"thumbnailUrl\":\"https:\/\/progettotouring.it\/radiotouring104\/wp-content\/uploads\/sites\/6\/2025\/01\/piazza-del-popolo-2.jpeg\",\"datePublished\":\"2025-05-14T10:08:06+00:00\",\"dateModified\":\"2025-05-14T10:44:57+00:00\",\"description\":\"\\\"Illegittimo l'atto della Giunta di Reggio, ristabilita la legalit\u00e0\\\", dichiara la senatrice reggina, Tilde Minasi\",\"breadcrumb\":{\"@id\":\"https:\/\/progettotouring.it\/radiotouring104\/2025\/05\/14\/vertenza-piazza-del-popolo-minasi-soddisfatta-della-decisione-del-tar\/#breadcrumb\"},\"inLanguage\":\"it-IT\",\"potentialAction\":[{\"@type\":\"ReadAction\",\"target\":[\"https:\/\/progettotouring.it\/radiotouring104\/2025\/05\/14\/vertenza-piazza-del-popolo-minasi-soddisfatta-della-decisione-del-tar\/\"]}]},{\"@type\":\"ImageObject\",\"inLanguage\":\"it-IT\",\"@id\":\"https:\/\/progettotouring.it\/radiotouring104\/2025\/05\/14\/vertenza-piazza-del-popolo-minasi-soddisfatta-della-decisione-del-tar\/#primaryimage\",\"url\":\"https:\/\/progettotouring.it\/radiotouring104\/wp-content\/uploads\/sites\/6\/2025\/01\/piazza-del-popolo-2.jpeg\",\"contentUrl\":\"https:\/\/progettotouring.it\/radiotouring104\/wp-content\/uploads\/sites\/6\/2025\/01\/piazza-del-popolo-2.jpeg\",\"width\":2507,\"height\":1918},{\"@type\":\"BreadcrumbList\",\"@id\":\"https:\/\/progettotouring.it\/radiotouring104\/2025\/05\/14\/vertenza-piazza-del-popolo-minasi-soddisfatta-della-decisione-del-tar\/#breadcrumb\",\"itemListElement\":[{\"@type\":\"ListItem\",\"position\":1,\"name\":\"Home\",\"item\":\"https:\/\/progettotouring.it\/radiotouring104\/\"},{\"@type\":\"ListItem\",\"position\":2,\"name\":\"Vertenza Piazza del Popolo: Minasi soddisfatta della decisione del TAR\"}]},{\"@type\":\"WebSite\",\"@id\":\"https:\/\/progettotouring.it\/radiotouring104\/#website\",\"url\":\"https:\/\/progettotouring.it\/radiotouring104\/\",\"name\":\"Radio Touring 104\",\"description\":\"La prima radio Reggina\",\"publisher\":{\"@id\":\"https:\/\/progettotouring.it\/radiotouring104\/#organization\"},\"potentialAction\":[{\"@type\":\"SearchAction\",\"target\":{\"@type\":\"EntryPoint\",\"urlTemplate\":\"https:\/\/progettotouring.it\/radiotouring104\/?s={search_term_string}\"},\"query-input\":{\"@type\":\"PropertyValueSpecification\",\"valueRequired\":true,\"valueName\":\"search_term_string\"}}],\"inLanguage\":\"it-IT\"},{\"@type\":\"Organization\",\"@id\":\"https:\/\/progettotouring.it\/radiotouring104\/#organization\",\"name\":\"Radio Touring 104\",\"url\":\"https:\/\/progettotouring.it\/radiotouring104\/\",\"logo\":{\"@type\":\"ImageObject\",\"inLanguage\":\"it-IT\",\"@id\":\"https:\/\/progettotouring.it\/radiotouring104\/#\/schema\/logo\/image\/\",\"url\":\"https:\/\/progettotouring.it\/radiotouring104\/wp-content\/uploads\/sites\/6\/2022\/02\/cropped-logo-radio-touring-104.png\",\"contentUrl\":\"https:\/\/progettotouring.it\/radiotouring104\/wp-content\/uploads\/sites\/6\/2022\/02\/cropped-logo-radio-touring-104.png\",\"width\":377,\"height\":182,\"caption\":\"Radio Touring 104\"},\"image\":{\"@id\":\"https:\/\/progettotouring.it\/radiotouring104\/#\/schema\/logo\/image\/\"}},{\"@type\":\"Person\",\"@id\":\"https:\/\/progettotouring.it\/radiotouring104\/#\/schema\/person\/78613917f1851f041f7483f5af1d422e\",\"name\":\"Sebastiano Plutino\",\"image\":{\"@type\":\"ImageObject\",\"inLanguage\":\"it-IT\",\"@id\":\"https:\/\/secure.gravatar.com\/avatar\/0546ffaa9b79224faf9f2a156b67a529ae861d3287c66c1d8ccfdf909bcba78d?s=96&d=mm&r=g\",\"url\":\"https:\/\/secure.gravatar.com\/avatar\/0546ffaa9b79224faf9f2a156b67a529ae861d3287c66c1d8ccfdf909bcba78d?s=96&d=mm&r=g\",\"contentUrl\":\"https:\/\/secure.gravatar.com\/avatar\/0546ffaa9b79224faf9f2a156b67a529ae861d3287c66c1d8ccfdf909bcba78d?s=96&d=mm&r=g\",\"caption\":\"Sebastiano Plutino\"},\"url\":\"https:\/\/progettotouring.it\/radiotouring104\/author\/sebastiano\/\"}]}<\/script>\n<!-- \/ Yoast SEO plugin. -->","yoast_head_json":{"title":"Piazza del Popolo: Minasi soddisfatta della decisione del TAR","description":"\"Illegittimo l'atto della Giunta di Reggio, ristabilita la legalit\u00e0\", dichiara la senatrice reggina, Tilde Minasi","robots":{"index":"index","follow":"follow","max-snippet":"max-snippet:-1","max-image-preview":"max-image-preview:large","max-video-preview":"max-video-preview:-1"},"canonical":"https:\/\/progettotouring.it\/radiotouring104\/2025\/05\/14\/vertenza-piazza-del-popolo-minasi-soddisfatta-della-decisione-del-tar\/","og_locale":"it_IT","og_type":"article","og_title":"Piazza del Popolo: Minasi soddisfatta della decisione del TAR","og_description":"\"Illegittimo l'atto della Giunta di Reggio, ristabilita la legalit\u00e0\", dichiara la senatrice reggina, Tilde Minasi","og_url":"https:\/\/progettotouring.it\/radiotouring104\/2025\/05\/14\/vertenza-piazza-del-popolo-minasi-soddisfatta-della-decisione-del-tar\/","og_site_name":"Radio Touring 104","article_published_time":"2025-05-14T10:08:06+00:00","article_modified_time":"2025-05-14T10:44:57+00:00","og_image":[{"width":2507,"height":1918,"url":"https:\/\/progettotouring.it\/radiotouring104\/wp-content\/uploads\/sites\/6\/2025\/01\/piazza-del-popolo-2.jpeg","type":"image\/jpeg"}],"author":"Sebastiano Plutino","twitter_card":"summary_large_image","twitter_misc":{"Scritto da":"Sebastiano Plutino","Tempo di lettura stimato":"2 minuti"},"schema":{"@context":"https:\/\/schema.org","@graph":[{"@type":"Article","@id":"https:\/\/progettotouring.it\/radiotouring104\/2025\/05\/14\/vertenza-piazza-del-popolo-minasi-soddisfatta-della-decisione-del-tar\/#article","isPartOf":{"@id":"https:\/\/progettotouring.it\/radiotouring104\/2025\/05\/14\/vertenza-piazza-del-popolo-minasi-soddisfatta-della-decisione-del-tar\/"},"author":{"name":"Sebastiano Plutino","@id":"https:\/\/progettotouring.it\/radiotouring104\/#\/schema\/person\/78613917f1851f041f7483f5af1d422e"},"headline":"Vertenza Piazza del Popolo: Minasi soddisfatta della decisione del TAR","datePublished":"2025-05-14T10:08:06+00:00","dateModified":"2025-05-14T10:44:57+00:00","mainEntityOfPage":{"@id":"https:\/\/progettotouring.it\/radiotouring104\/2025\/05\/14\/vertenza-piazza-del-popolo-minasi-soddisfatta-della-decisione-del-tar\/"},"wordCount":466,"publisher":{"@id":"https:\/\/progettotouring.it\/radiotouring104\/#organization"},"image":{"@id":"https:\/\/progettotouring.it\/radiotouring104\/2025\/05\/14\/vertenza-piazza-del-popolo-minasi-soddisfatta-della-decisione-del-tar\/#primaryimage"},"thumbnailUrl":"https:\/\/progettotouring.it\/radiotouring104\/wp-content\/uploads\/sites\/6\/2025\/01\/piazza-del-popolo-2.jpeg","keywords":["annullamento delibera comunale","Comune di Reggio Calabria","Senatrice Tilde Minasi","sentenza Tar","vertenza di PIazza del Popolo"],"articleSection":["Home","In primo piano","News","Reggio Calabria"],"inLanguage":"it-IT"},{"@type":"WebPage","@id":"https:\/\/progettotouring.it\/radiotouring104\/2025\/05\/14\/vertenza-piazza-del-popolo-minasi-soddisfatta-della-decisione-del-tar\/","url":"https:\/\/progettotouring.it\/radiotouring104\/2025\/05\/14\/vertenza-piazza-del-popolo-minasi-soddisfatta-della-decisione-del-tar\/","name":"Piazza del Popolo: Minasi soddisfatta della decisione del TAR","isPartOf":{"@id":"https:\/\/progettotouring.it\/radiotouring104\/#website"},"primaryImageOfPage":{"@id":"https:\/\/progettotouring.it\/radiotouring104\/2025\/05\/14\/vertenza-piazza-del-popolo-minasi-soddisfatta-della-decisione-del-tar\/#primaryimage"},"image":{"@id":"https:\/\/progettotouring.it\/radiotouring104\/2025\/05\/14\/vertenza-piazza-del-popolo-minasi-soddisfatta-della-decisione-del-tar\/#primaryimage"},"thumbnailUrl":"https:\/\/progettotouring.it\/radiotouring104\/wp-content\/uploads\/sites\/6\/2025\/01\/piazza-del-popolo-2.jpeg","datePublished":"2025-05-14T10:08:06+00:00","dateModified":"2025-05-14T10:44:57+00:00","description":"\"Illegittimo l'atto della Giunta di Reggio, ristabilita la legalit\u00e0\", dichiara la senatrice reggina, Tilde Minasi","breadcrumb":{"@id":"https:\/\/progettotouring.it\/radiotouring104\/2025\/05\/14\/vertenza-piazza-del-popolo-minasi-soddisfatta-della-decisione-del-tar\/#breadcrumb"},"inLanguage":"it-IT","potentialAction":[{"@type":"ReadAction","target":["https:\/\/progettotouring.it\/radiotouring104\/2025\/05\/14\/vertenza-piazza-del-popolo-minasi-soddisfatta-della-decisione-del-tar\/"]}]},{"@type":"ImageObject","inLanguage":"it-IT","@id":"https:\/\/progettotouring.it\/radiotouring104\/2025\/05\/14\/vertenza-piazza-del-popolo-minasi-soddisfatta-della-decisione-del-tar\/#primaryimage","url":"https:\/\/progettotouring.it\/radiotouring104\/wp-content\/uploads\/sites\/6\/2025\/01\/piazza-del-popolo-2.jpeg","contentUrl":"https:\/\/progettotouring.it\/radiotouring104\/wp-content\/uploads\/sites\/6\/2025\/01\/piazza-del-popolo-2.jpeg","width":2507,"height":1918},{"@type":"BreadcrumbList","@id":"https:\/\/progettotouring.it\/radiotouring104\/2025\/05\/14\/vertenza-piazza-del-popolo-minasi-soddisfatta-della-decisione-del-tar\/#breadcrumb","itemListElement":[{"@type":"ListItem","position":1,"name":"Home","item":"https:\/\/progettotouring.it\/radiotouring104\/"},{"@type":"ListItem","position":2,"name":"Vertenza Piazza del Popolo: Minasi soddisfatta della decisione del TAR"}]},{"@type":"WebSite","@id":"https:\/\/progettotouring.it\/radiotouring104\/#website","url":"https:\/\/progettotouring.it\/radiotouring104\/","name":"Radio Touring 104","description":"La prima radio Reggina","publisher":{"@id":"https:\/\/progettotouring.it\/radiotouring104\/#organization"},"potentialAction":[{"@type":"SearchAction","target":{"@type":"EntryPoint","urlTemplate":"https:\/\/progettotouring.it\/radiotouring104\/?s={search_term_string}"},"query-input":{"@type":"PropertyValueSpecification","valueRequired":true,"valueName":"search_term_string"}}],"inLanguage":"it-IT"},{"@type":"Organization","@id":"https:\/\/progettotouring.it\/radiotouring104\/#organization","name":"Radio Touring 104","url":"https:\/\/progettotouring.it\/radiotouring104\/","logo":{"@type":"ImageObject","inLanguage":"it-IT","@id":"https:\/\/progettotouring.it\/radiotouring104\/#\/schema\/logo\/image\/","url":"https:\/\/progettotouring.it\/radiotouring104\/wp-content\/uploads\/sites\/6\/2022\/02\/cropped-logo-radio-touring-104.png","contentUrl":"https:\/\/progettotouring.it\/radiotouring104\/wp-content\/uploads\/sites\/6\/2022\/02\/cropped-logo-radio-touring-104.png","width":377,"height":182,"caption":"Radio Touring 104"},"image":{"@id":"https:\/\/progettotouring.it\/radiotouring104\/#\/schema\/logo\/image\/"}},{"@type":"Person","@id":"https:\/\/progettotouring.it\/radiotouring104\/#\/schema\/person\/78613917f1851f041f7483f5af1d422e","name":"Sebastiano Plutino","image":{"@type":"ImageObject","inLanguage":"it-IT","@id":"https:\/\/secure.gravatar.com\/avatar\/0546ffaa9b79224faf9f2a156b67a529ae861d3287c66c1d8ccfdf909bcba78d?s=96&d=mm&r=g","url":"https:\/\/secure.gravatar.com\/avatar\/0546ffaa9b79224faf9f2a156b67a529ae861d3287c66c1d8ccfdf909bcba78d?s=96&d=mm&r=g","contentUrl":"https:\/\/secure.gravatar.com\/avatar\/0546ffaa9b79224faf9f2a156b67a529ae861d3287c66c1d8ccfdf909bcba78d?s=96&d=mm&r=g","caption":"Sebastiano Plutino"},"url":"https:\/\/progettotouring.it\/radiotouring104\/author\/sebastiano\/"}]}},"jetpack_publicize_connections":[],"jetpack_featured_media_url":"https:\/\/progettotouring.it\/radiotouring104\/wp-content\/uploads\/sites\/6\/2025\/01\/piazza-del-popolo-2.jpeg","jetpack_sharing_enabled":true,"_links":{"self":[{"href":"https:\/\/progettotouring.it\/radiotouring104\/wp-json\/wp\/v2\/posts\/73611","targetHints":{"allow":["GET"]}}],"collection":[{"href":"https:\/\/progettotouring.it\/radiotouring104\/wp-json\/wp\/v2\/posts"}],"about":[{"href":"https:\/\/progettotouring.it\/radiotouring104\/wp-json\/wp\/v2\/types\/post"}],"author":[{"embeddable":true,"href":"https:\/\/progettotouring.it\/radiotouring104\/wp-json\/wp\/v2\/users\/12"}],"replies":[{"embeddable":true,"href":"https:\/\/progettotouring.it\/radiotouring104\/wp-json\/wp\/v2\/comments?post=73611"}],"version-history":[{"count":1,"href":"https:\/\/progettotouring.it\/radiotouring104\/wp-json\/wp\/v2\/posts\/73611\/revisions"}],"predecessor-version":[{"id":73612,"href":"https:\/\/progettotouring.it\/radiotouring104\/wp-json\/wp\/v2\/posts\/73611\/revisions\/73612"}],"wp:featuredmedia":[{"embeddable":true,"href":"https:\/\/progettotouring.it\/radiotouring104\/wp-json\/wp\/v2\/media\/64664"}],"wp:attachment":[{"href":"https:\/\/progettotouring.it\/radiotouring104\/wp-json\/wp\/v2\/media?parent=73611"}],"wp:term":[{"taxonomy":"category","embeddable":true,"href":"https:\/\/progettotouring.it\/radiotouring104\/wp-json\/wp\/v2\/categories?post=73611"},{"taxonomy":"post_tag","embeddable":true,"href":"https:\/\/progettotouring.it\/radiotouring104\/wp-json\/wp\/v2\/tags?post=73611"}],"curies":[{"name":"wp","href":"https:\/\/api.w.org\/{rel}","templated":true}]}}