{"id":73621,"date":"2025-05-14T12:32:10","date_gmt":"2025-05-14T10:32:10","guid":{"rendered":"https:\/\/progettotouring.it\/radiotouring104\/?p=73621"},"modified":"2025-05-14T12:32:10","modified_gmt":"2025-05-14T10:32:10","slug":"reggio-a-palazzo-alvaro-la-presetazione-del-progetto-rc-efficacy","status":"publish","type":"post","link":"https:\/\/progettotouring.it\/radiotouring104\/2025\/05\/14\/reggio-a-palazzo-alvaro-la-presetazione-del-progetto-rc-efficacy\/","title":{"rendered":"Reggio: a Palazzo Alvaro la presetazione del progetto &#8220;RC efficacy&#8221;"},"content":{"rendered":"<p style=\"text-align: justify\">Il prossimo 22 maggio 2025 alle ore 9:30, presso la Sala Francesco Perri di Palazzo Corrado Alvaro a Reggio Calabria, si terr\u00e0 la conferenza stampa di presentazione del progetto RC efficacy: (Ri)e-ducazione Cultur@le per una Citt\u00e0 che apprende, promosso dall\u2019Universit\u00e0 Roma Tre e dall\u2019Universit\u00e0 Mediterranea di Reggio Calabria, in collaborazione con la Citt\u00e0 metropolitana e con numerosi attori del territorio.<\/p>\n<p>Il progetto nasce nell\u2019ambito della partecipazione di Reggio Calabria al Global Network of Learning Cities dell\u2019UNESCO e rappresenta una strategia concreta per attuare un modello educativo fondato sull\u2019apprendimento permanente, inclusivo e sostenibile.\u00a0L\u2019obiettivo \u00e8 costruire, con strumenti teorici e operativi, una citt\u00e0 in grado di promuovere la cittadinanza attiva attraverso l\u2019integrazione tra scuola, universit\u00e0, istituzioni locali, associazioni e terzo settore.<\/p>\n<p>Alla presentazione interverranno rappresentanti istituzionali e accademici. Il Sindaco di Reggio Calabria ha sottolineato il valore strategico dell\u2019iniziativa per il territorio: \u00abReggio Calabria raccoglie una sfida ambiziosa: diventare un punto di riferimento per l\u2019educazione diffusa e la partecipazione democratica, partendo dalle proprie energie culturali e civiche. Il lavoro promosso in questi anni \u00e8 andato esattamente in questa direzione, all&#8217;insegna di una proficua sinergia istituzionale, con autorevoli soggetti accademici sia territoriali che nazionali, che ha gi\u00e0 prodotto importanti risultati e che adesso sar\u00e0 ulteriormente implementato\u00bb.<\/p>\n<p>Il Rettore dell\u2019Universit\u00e0 Roma Tre, Massimiliano Fiorucci, conclude: \u00abLa Learning City \u00e8 un modello pedagogico e politico. Significa formare cittadini consapevoli e capaci di partecipare alla costruzione del futuro. Roma Tre \u00e8 orgogliosa di contribuire a questa visione\u00bb.<\/p>\n<p>Sar\u00e0 presente anche il Rettore dell\u2019Universit\u00e0 Mediterranea, Giuseppe Zimbalatti, insieme alla Prorettrice vicaria, Francesca Fatta,\u00a0convinta di quanto il progetto rappresenti un\u2019ulteriore importante occasione per rafforzare il ruolo delle universit\u00e0 in ambito civico, favorendo una migliore integrazione sociale con la comunit\u00e0 universitaria.<\/p>\n<p>\u00abUna citt\u00e0 che apprende \u00e8 una citt\u00e0 che non lascia nessuno indietro, che valorizza i saperi e le competenze diffuse e si impegna per l&#8217;inclusione sociale e culturale\u00bb ha dichiarato Liliosa Azara, responsabile scientifica del progetto per l\u2019Universit\u00e0 Roma Tre.<\/p>\n<p>Rossella Marzullo, co-referente del progetto per l\u2019Universit\u00e0 Mediterranea, ha aggiunto: \u00abRC efficacy \u00e8 un laboratorio aperto, uno spazio per connettere conoscenze ed esperienze e trasformarle in politiche educative per il territorio. Una citt\u00e0 che apprende \u00e8 una citt\u00e0 pi\u00f9 giusta\u00bb.<\/p>\n<p>L\u2019incontro sar\u00e0 anche l\u2019occasione per presentare il logo di RC efficacy, i partner coinvolti e illustrare le prime tappe operative del progetto, che si articoler\u00e0 nei prossimi 24 mesi in percorsi di ricerca-azione, formazione, animazione culturale e monitoraggio partecipativo.<\/p>\n","protected":false},"excerpt":{"rendered":"<p>Il prossimo 22 maggio 2025 alle ore 9:30, presso la Sala Francesco Perri di Palazzo Corrado Alvaro a Reggio Calabria, si terr\u00e0 la conferenza stampa di presentazione del progetto RC&hellip;<\/p>\n","protected":false},"author":12,"featured_media":73622,"comment_status":"closed","ping_status":"open","sticky":false,"template":"","format":"standard","meta":{"_jetpack_memberships_contains_paid_content":false,"footnotes":"","jetpack_publicize_message":"","jetpack_publicize_feature_enabled":true,"jetpack_social_post_already_shared":true,"jetpack_social_options":{"image_generator_settings":{"template":"highway","default_image_id":0,"font":"","enabled":false},"version":2}},"categories":[921,196,140],"tags":[43597,739,39172,43596,369,854],"class_list":["post-73621","post","type-post","status-publish","format-standard","has-post-thumbnail","hentry","category-home","category-news","category-reggio-calabria","tag-citta-che-apprende-si-racconta","tag-palazzo-alvaro","tag-presentazione-progetto","tag-progetto-rc-efficacy","tag-universita-mediterranea","tag-universita-roma-tre"],"yoast_head":"<!-- This site is optimized with the Yoast SEO plugin v27.2 - https:\/\/yoast.com\/product\/yoast-seo-wordpress\/ -->\n<title>Reggio: a Palazzo Alvaro la presetazione del progetto &quot;RC efficacy&quot;<\/title>\n<meta name=\"description\" content=\"La presentazione del progetto promosso dall\u2019Universit\u00e0 Roma Tre e Mediterranea, si terr\u00e0 il 22 maggio a Palazzo Alvaro\" \/>\n<meta name=\"robots\" content=\"index, follow, max-snippet:-1, max-image-preview:large, max-video-preview:-1\" \/>\n<link rel=\"canonical\" href=\"https:\/\/progettotouring.it\/radiotouring104\/2025\/05\/14\/reggio-a-palazzo-alvaro-la-presetazione-del-progetto-rc-efficacy\/\" \/>\n<meta property=\"og:locale\" content=\"it_IT\" \/>\n<meta property=\"og:type\" content=\"article\" \/>\n<meta property=\"og:title\" content=\"Reggio: a Palazzo Alvaro la presetazione del progetto &quot;RC efficacy&quot;\" \/>\n<meta property=\"og:description\" content=\"La presentazione del progetto promosso dall\u2019Universit\u00e0 Roma Tre e Mediterranea, si terr\u00e0 il 22 maggio a Palazzo Alvaro\" \/>\n<meta property=\"og:url\" content=\"https:\/\/progettotouring.it\/radiotouring104\/2025\/05\/14\/reggio-a-palazzo-alvaro-la-presetazione-del-progetto-rc-efficacy\/\" \/>\n<meta property=\"og:site_name\" content=\"Radio Touring 104\" \/>\n<meta property=\"article:published_time\" content=\"2025-05-14T10:32:10+00:00\" \/>\n<meta property=\"og:image\" content=\"https:\/\/progettotouring.it\/radiotouring104\/wp-content\/uploads\/sites\/6\/2025\/05\/locandina-RC-efficacy.jpg\" \/>\n\t<meta property=\"og:image:width\" content=\"1414\" \/>\n\t<meta property=\"og:image:height\" content=\"2000\" \/>\n\t<meta property=\"og:image:type\" content=\"image\/jpeg\" \/>\n<meta name=\"author\" content=\"Sebastiano Plutino\" \/>\n<meta name=\"twitter:card\" content=\"summary_large_image\" \/>\n<meta name=\"twitter:label1\" content=\"Scritto da\" \/>\n\t<meta name=\"twitter:data1\" content=\"Sebastiano Plutino\" \/>\n\t<meta name=\"twitter:label2\" content=\"Tempo di lettura stimato\" \/>\n\t<meta name=\"twitter:data2\" content=\"2 minuti\" \/>\n<script type=\"application\/ld+json\" class=\"yoast-schema-graph\">{\"@context\":\"https:\/\/schema.org\",\"@graph\":[{\"@type\":\"Article\",\"@id\":\"https:\/\/progettotouring.it\/radiotouring104\/2025\/05\/14\/reggio-a-palazzo-alvaro-la-presetazione-del-progetto-rc-efficacy\/#article\",\"isPartOf\":{\"@id\":\"https:\/\/progettotouring.it\/radiotouring104\/2025\/05\/14\/reggio-a-palazzo-alvaro-la-presetazione-del-progetto-rc-efficacy\/\"},\"author\":{\"name\":\"Sebastiano Plutino\",\"@id\":\"https:\/\/progettotouring.it\/radiotouring104\/#\/schema\/person\/78613917f1851f041f7483f5af1d422e\"},\"headline\":\"Reggio: a Palazzo Alvaro la presetazione del progetto &#8220;RC efficacy&#8221;\",\"datePublished\":\"2025-05-14T10:32:10+00:00\",\"mainEntityOfPage\":{\"@id\":\"https:\/\/progettotouring.it\/radiotouring104\/2025\/05\/14\/reggio-a-palazzo-alvaro-la-presetazione-del-progetto-rc-efficacy\/\"},\"wordCount\":420,\"publisher\":{\"@id\":\"https:\/\/progettotouring.it\/radiotouring104\/#organization\"},\"image\":{\"@id\":\"https:\/\/progettotouring.it\/radiotouring104\/2025\/05\/14\/reggio-a-palazzo-alvaro-la-presetazione-del-progetto-rc-efficacy\/#primaryimage\"},\"thumbnailUrl\":\"https:\/\/progettotouring.it\/radiotouring104\/wp-content\/uploads\/sites\/6\/2025\/05\/locandina-RC-efficacy.jpg\",\"keywords\":[\"citt\u00e0 che apprende si racconta\",\"Palazzo Alvaro\",\"presentazione progetto\",\"progetto \\\"RC efficacy\\\"\",\"universit\u00e0 mediterranea\",\"universit\u00e0 roma tre\"],\"articleSection\":[\"Home\",\"News\",\"Reggio Calabria\"],\"inLanguage\":\"it-IT\"},{\"@type\":\"WebPage\",\"@id\":\"https:\/\/progettotouring.it\/radiotouring104\/2025\/05\/14\/reggio-a-palazzo-alvaro-la-presetazione-del-progetto-rc-efficacy\/\",\"url\":\"https:\/\/progettotouring.it\/radiotouring104\/2025\/05\/14\/reggio-a-palazzo-alvaro-la-presetazione-del-progetto-rc-efficacy\/\",\"name\":\"Reggio: a Palazzo Alvaro la presetazione del progetto \\\"RC efficacy\\\"\",\"isPartOf\":{\"@id\":\"https:\/\/progettotouring.it\/radiotouring104\/#website\"},\"primaryImageOfPage\":{\"@id\":\"https:\/\/progettotouring.it\/radiotouring104\/2025\/05\/14\/reggio-a-palazzo-alvaro-la-presetazione-del-progetto-rc-efficacy\/#primaryimage\"},\"image\":{\"@id\":\"https:\/\/progettotouring.it\/radiotouring104\/2025\/05\/14\/reggio-a-palazzo-alvaro-la-presetazione-del-progetto-rc-efficacy\/#primaryimage\"},\"thumbnailUrl\":\"https:\/\/progettotouring.it\/radiotouring104\/wp-content\/uploads\/sites\/6\/2025\/05\/locandina-RC-efficacy.jpg\",\"datePublished\":\"2025-05-14T10:32:10+00:00\",\"description\":\"La presentazione del progetto promosso dall\u2019Universit\u00e0 Roma Tre e Mediterranea, si terr\u00e0 il 22 maggio a Palazzo Alvaro\",\"breadcrumb\":{\"@id\":\"https:\/\/progettotouring.it\/radiotouring104\/2025\/05\/14\/reggio-a-palazzo-alvaro-la-presetazione-del-progetto-rc-efficacy\/#breadcrumb\"},\"inLanguage\":\"it-IT\",\"potentialAction\":[{\"@type\":\"ReadAction\",\"target\":[\"https:\/\/progettotouring.it\/radiotouring104\/2025\/05\/14\/reggio-a-palazzo-alvaro-la-presetazione-del-progetto-rc-efficacy\/\"]}]},{\"@type\":\"ImageObject\",\"inLanguage\":\"it-IT\",\"@id\":\"https:\/\/progettotouring.it\/radiotouring104\/2025\/05\/14\/reggio-a-palazzo-alvaro-la-presetazione-del-progetto-rc-efficacy\/#primaryimage\",\"url\":\"https:\/\/progettotouring.it\/radiotouring104\/wp-content\/uploads\/sites\/6\/2025\/05\/locandina-RC-efficacy.jpg\",\"contentUrl\":\"https:\/\/progettotouring.it\/radiotouring104\/wp-content\/uploads\/sites\/6\/2025\/05\/locandina-RC-efficacy.jpg\",\"width\":1414,\"height\":2000},{\"@type\":\"BreadcrumbList\",\"@id\":\"https:\/\/progettotouring.it\/radiotouring104\/2025\/05\/14\/reggio-a-palazzo-alvaro-la-presetazione-del-progetto-rc-efficacy\/#breadcrumb\",\"itemListElement\":[{\"@type\":\"ListItem\",\"position\":1,\"name\":\"Home\",\"item\":\"https:\/\/progettotouring.it\/radiotouring104\/\"},{\"@type\":\"ListItem\",\"position\":2,\"name\":\"Reggio: a Palazzo Alvaro la presetazione del progetto &#8220;RC efficacy&#8221;\"}]},{\"@type\":\"WebSite\",\"@id\":\"https:\/\/progettotouring.it\/radiotouring104\/#website\",\"url\":\"https:\/\/progettotouring.it\/radiotouring104\/\",\"name\":\"Radio Touring 104\",\"description\":\"La prima radio Reggina\",\"publisher\":{\"@id\":\"https:\/\/progettotouring.it\/radiotouring104\/#organization\"},\"potentialAction\":[{\"@type\":\"SearchAction\",\"target\":{\"@type\":\"EntryPoint\",\"urlTemplate\":\"https:\/\/progettotouring.it\/radiotouring104\/?s={search_term_string}\"},\"query-input\":{\"@type\":\"PropertyValueSpecification\",\"valueRequired\":true,\"valueName\":\"search_term_string\"}}],\"inLanguage\":\"it-IT\"},{\"@type\":\"Organization\",\"@id\":\"https:\/\/progettotouring.it\/radiotouring104\/#organization\",\"name\":\"Radio Touring 104\",\"url\":\"https:\/\/progettotouring.it\/radiotouring104\/\",\"logo\":{\"@type\":\"ImageObject\",\"inLanguage\":\"it-IT\",\"@id\":\"https:\/\/progettotouring.it\/radiotouring104\/#\/schema\/logo\/image\/\",\"url\":\"https:\/\/progettotouring.it\/radiotouring104\/wp-content\/uploads\/sites\/6\/2022\/02\/cropped-logo-radio-touring-104.png\",\"contentUrl\":\"https:\/\/progettotouring.it\/radiotouring104\/wp-content\/uploads\/sites\/6\/2022\/02\/cropped-logo-radio-touring-104.png\",\"width\":377,\"height\":182,\"caption\":\"Radio Touring 104\"},\"image\":{\"@id\":\"https:\/\/progettotouring.it\/radiotouring104\/#\/schema\/logo\/image\/\"}},{\"@type\":\"Person\",\"@id\":\"https:\/\/progettotouring.it\/radiotouring104\/#\/schema\/person\/78613917f1851f041f7483f5af1d422e\",\"name\":\"Sebastiano Plutino\",\"image\":{\"@type\":\"ImageObject\",\"inLanguage\":\"it-IT\",\"@id\":\"https:\/\/secure.gravatar.com\/avatar\/0546ffaa9b79224faf9f2a156b67a529ae861d3287c66c1d8ccfdf909bcba78d?s=96&d=mm&r=g\",\"url\":\"https:\/\/secure.gravatar.com\/avatar\/0546ffaa9b79224faf9f2a156b67a529ae861d3287c66c1d8ccfdf909bcba78d?s=96&d=mm&r=g\",\"contentUrl\":\"https:\/\/secure.gravatar.com\/avatar\/0546ffaa9b79224faf9f2a156b67a529ae861d3287c66c1d8ccfdf909bcba78d?s=96&d=mm&r=g\",\"caption\":\"Sebastiano Plutino\"},\"url\":\"https:\/\/progettotouring.it\/radiotouring104\/author\/sebastiano\/\"}]}<\/script>\n<!-- \/ Yoast SEO plugin. -->","yoast_head_json":{"title":"Reggio: a Palazzo Alvaro la presetazione del progetto \"RC efficacy\"","description":"La presentazione del progetto promosso dall\u2019Universit\u00e0 Roma Tre e Mediterranea, si terr\u00e0 il 22 maggio a Palazzo Alvaro","robots":{"index":"index","follow":"follow","max-snippet":"max-snippet:-1","max-image-preview":"max-image-preview:large","max-video-preview":"max-video-preview:-1"},"canonical":"https:\/\/progettotouring.it\/radiotouring104\/2025\/05\/14\/reggio-a-palazzo-alvaro-la-presetazione-del-progetto-rc-efficacy\/","og_locale":"it_IT","og_type":"article","og_title":"Reggio: a Palazzo Alvaro la presetazione del progetto \"RC efficacy\"","og_description":"La presentazione del progetto promosso dall\u2019Universit\u00e0 Roma Tre e Mediterranea, si terr\u00e0 il 22 maggio a Palazzo Alvaro","og_url":"https:\/\/progettotouring.it\/radiotouring104\/2025\/05\/14\/reggio-a-palazzo-alvaro-la-presetazione-del-progetto-rc-efficacy\/","og_site_name":"Radio Touring 104","article_published_time":"2025-05-14T10:32:10+00:00","og_image":[{"width":1414,"height":2000,"url":"https:\/\/progettotouring.it\/radiotouring104\/wp-content\/uploads\/sites\/6\/2025\/05\/locandina-RC-efficacy.jpg","type":"image\/jpeg"}],"author":"Sebastiano Plutino","twitter_card":"summary_large_image","twitter_misc":{"Scritto da":"Sebastiano Plutino","Tempo di lettura stimato":"2 minuti"},"schema":{"@context":"https:\/\/schema.org","@graph":[{"@type":"Article","@id":"https:\/\/progettotouring.it\/radiotouring104\/2025\/05\/14\/reggio-a-palazzo-alvaro-la-presetazione-del-progetto-rc-efficacy\/#article","isPartOf":{"@id":"https:\/\/progettotouring.it\/radiotouring104\/2025\/05\/14\/reggio-a-palazzo-alvaro-la-presetazione-del-progetto-rc-efficacy\/"},"author":{"name":"Sebastiano Plutino","@id":"https:\/\/progettotouring.it\/radiotouring104\/#\/schema\/person\/78613917f1851f041f7483f5af1d422e"},"headline":"Reggio: a Palazzo Alvaro la presetazione del progetto &#8220;RC efficacy&#8221;","datePublished":"2025-05-14T10:32:10+00:00","mainEntityOfPage":{"@id":"https:\/\/progettotouring.it\/radiotouring104\/2025\/05\/14\/reggio-a-palazzo-alvaro-la-presetazione-del-progetto-rc-efficacy\/"},"wordCount":420,"publisher":{"@id":"https:\/\/progettotouring.it\/radiotouring104\/#organization"},"image":{"@id":"https:\/\/progettotouring.it\/radiotouring104\/2025\/05\/14\/reggio-a-palazzo-alvaro-la-presetazione-del-progetto-rc-efficacy\/#primaryimage"},"thumbnailUrl":"https:\/\/progettotouring.it\/radiotouring104\/wp-content\/uploads\/sites\/6\/2025\/05\/locandina-RC-efficacy.jpg","keywords":["citt\u00e0 che apprende si racconta","Palazzo Alvaro","presentazione progetto","progetto \"RC efficacy\"","universit\u00e0 mediterranea","universit\u00e0 roma tre"],"articleSection":["Home","News","Reggio Calabria"],"inLanguage":"it-IT"},{"@type":"WebPage","@id":"https:\/\/progettotouring.it\/radiotouring104\/2025\/05\/14\/reggio-a-palazzo-alvaro-la-presetazione-del-progetto-rc-efficacy\/","url":"https:\/\/progettotouring.it\/radiotouring104\/2025\/05\/14\/reggio-a-palazzo-alvaro-la-presetazione-del-progetto-rc-efficacy\/","name":"Reggio: a Palazzo Alvaro la presetazione del progetto \"RC efficacy\"","isPartOf":{"@id":"https:\/\/progettotouring.it\/radiotouring104\/#website"},"primaryImageOfPage":{"@id":"https:\/\/progettotouring.it\/radiotouring104\/2025\/05\/14\/reggio-a-palazzo-alvaro-la-presetazione-del-progetto-rc-efficacy\/#primaryimage"},"image":{"@id":"https:\/\/progettotouring.it\/radiotouring104\/2025\/05\/14\/reggio-a-palazzo-alvaro-la-presetazione-del-progetto-rc-efficacy\/#primaryimage"},"thumbnailUrl":"https:\/\/progettotouring.it\/radiotouring104\/wp-content\/uploads\/sites\/6\/2025\/05\/locandina-RC-efficacy.jpg","datePublished":"2025-05-14T10:32:10+00:00","description":"La presentazione del progetto promosso dall\u2019Universit\u00e0 Roma Tre e Mediterranea, si terr\u00e0 il 22 maggio a Palazzo Alvaro","breadcrumb":{"@id":"https:\/\/progettotouring.it\/radiotouring104\/2025\/05\/14\/reggio-a-palazzo-alvaro-la-presetazione-del-progetto-rc-efficacy\/#breadcrumb"},"inLanguage":"it-IT","potentialAction":[{"@type":"ReadAction","target":["https:\/\/progettotouring.it\/radiotouring104\/2025\/05\/14\/reggio-a-palazzo-alvaro-la-presetazione-del-progetto-rc-efficacy\/"]}]},{"@type":"ImageObject","inLanguage":"it-IT","@id":"https:\/\/progettotouring.it\/radiotouring104\/2025\/05\/14\/reggio-a-palazzo-alvaro-la-presetazione-del-progetto-rc-efficacy\/#primaryimage","url":"https:\/\/progettotouring.it\/radiotouring104\/wp-content\/uploads\/sites\/6\/2025\/05\/locandina-RC-efficacy.jpg","contentUrl":"https:\/\/progettotouring.it\/radiotouring104\/wp-content\/uploads\/sites\/6\/2025\/05\/locandina-RC-efficacy.jpg","width":1414,"height":2000},{"@type":"BreadcrumbList","@id":"https:\/\/progettotouring.it\/radiotouring104\/2025\/05\/14\/reggio-a-palazzo-alvaro-la-presetazione-del-progetto-rc-efficacy\/#breadcrumb","itemListElement":[{"@type":"ListItem","position":1,"name":"Home","item":"https:\/\/progettotouring.it\/radiotouring104\/"},{"@type":"ListItem","position":2,"name":"Reggio: a Palazzo Alvaro la presetazione del progetto &#8220;RC efficacy&#8221;"}]},{"@type":"WebSite","@id":"https:\/\/progettotouring.it\/radiotouring104\/#website","url":"https:\/\/progettotouring.it\/radiotouring104\/","name":"Radio Touring 104","description":"La prima radio Reggina","publisher":{"@id":"https:\/\/progettotouring.it\/radiotouring104\/#organization"},"potentialAction":[{"@type":"SearchAction","target":{"@type":"EntryPoint","urlTemplate":"https:\/\/progettotouring.it\/radiotouring104\/?s={search_term_string}"},"query-input":{"@type":"PropertyValueSpecification","valueRequired":true,"valueName":"search_term_string"}}],"inLanguage":"it-IT"},{"@type":"Organization","@id":"https:\/\/progettotouring.it\/radiotouring104\/#organization","name":"Radio Touring 104","url":"https:\/\/progettotouring.it\/radiotouring104\/","logo":{"@type":"ImageObject","inLanguage":"it-IT","@id":"https:\/\/progettotouring.it\/radiotouring104\/#\/schema\/logo\/image\/","url":"https:\/\/progettotouring.it\/radiotouring104\/wp-content\/uploads\/sites\/6\/2022\/02\/cropped-logo-radio-touring-104.png","contentUrl":"https:\/\/progettotouring.it\/radiotouring104\/wp-content\/uploads\/sites\/6\/2022\/02\/cropped-logo-radio-touring-104.png","width":377,"height":182,"caption":"Radio Touring 104"},"image":{"@id":"https:\/\/progettotouring.it\/radiotouring104\/#\/schema\/logo\/image\/"}},{"@type":"Person","@id":"https:\/\/progettotouring.it\/radiotouring104\/#\/schema\/person\/78613917f1851f041f7483f5af1d422e","name":"Sebastiano Plutino","image":{"@type":"ImageObject","inLanguage":"it-IT","@id":"https:\/\/secure.gravatar.com\/avatar\/0546ffaa9b79224faf9f2a156b67a529ae861d3287c66c1d8ccfdf909bcba78d?s=96&d=mm&r=g","url":"https:\/\/secure.gravatar.com\/avatar\/0546ffaa9b79224faf9f2a156b67a529ae861d3287c66c1d8ccfdf909bcba78d?s=96&d=mm&r=g","contentUrl":"https:\/\/secure.gravatar.com\/avatar\/0546ffaa9b79224faf9f2a156b67a529ae861d3287c66c1d8ccfdf909bcba78d?s=96&d=mm&r=g","caption":"Sebastiano Plutino"},"url":"https:\/\/progettotouring.it\/radiotouring104\/author\/sebastiano\/"}]}},"jetpack_publicize_connections":[],"jetpack_featured_media_url":"https:\/\/progettotouring.it\/radiotouring104\/wp-content\/uploads\/sites\/6\/2025\/05\/locandina-RC-efficacy.jpg","jetpack_sharing_enabled":true,"_links":{"self":[{"href":"https:\/\/progettotouring.it\/radiotouring104\/wp-json\/wp\/v2\/posts\/73621","targetHints":{"allow":["GET"]}}],"collection":[{"href":"https:\/\/progettotouring.it\/radiotouring104\/wp-json\/wp\/v2\/posts"}],"about":[{"href":"https:\/\/progettotouring.it\/radiotouring104\/wp-json\/wp\/v2\/types\/post"}],"author":[{"embeddable":true,"href":"https:\/\/progettotouring.it\/radiotouring104\/wp-json\/wp\/v2\/users\/12"}],"replies":[{"embeddable":true,"href":"https:\/\/progettotouring.it\/radiotouring104\/wp-json\/wp\/v2\/comments?post=73621"}],"version-history":[{"count":1,"href":"https:\/\/progettotouring.it\/radiotouring104\/wp-json\/wp\/v2\/posts\/73621\/revisions"}],"predecessor-version":[{"id":73623,"href":"https:\/\/progettotouring.it\/radiotouring104\/wp-json\/wp\/v2\/posts\/73621\/revisions\/73623"}],"wp:featuredmedia":[{"embeddable":true,"href":"https:\/\/progettotouring.it\/radiotouring104\/wp-json\/wp\/v2\/media\/73622"}],"wp:attachment":[{"href":"https:\/\/progettotouring.it\/radiotouring104\/wp-json\/wp\/v2\/media?parent=73621"}],"wp:term":[{"taxonomy":"category","embeddable":true,"href":"https:\/\/progettotouring.it\/radiotouring104\/wp-json\/wp\/v2\/categories?post=73621"},{"taxonomy":"post_tag","embeddable":true,"href":"https:\/\/progettotouring.it\/radiotouring104\/wp-json\/wp\/v2\/tags?post=73621"}],"curies":[{"name":"wp","href":"https:\/\/api.w.org\/{rel}","templated":true}]}}