{"id":73624,"date":"2025-05-14T12:36:47","date_gmt":"2025-05-14T10:36:47","guid":{"rendered":"https:\/\/progettotouring.it\/radiotouring104\/?p=73624"},"modified":"2025-05-14T12:36:47","modified_gmt":"2025-05-14T10:36:47","slug":"comunali-a-marina-di-gioiosa-agostino-comune-non-dimentichi-i-piu-fragili","status":"publish","type":"post","link":"https:\/\/progettotouring.it\/radiotouring104\/2025\/05\/14\/comunali-a-marina-di-gioiosa-agostino-comune-non-dimentichi-i-piu-fragili\/","title":{"rendered":"Comunali a Marina di Gioiosa, Agostino: &#8220;Comune non dimentichi i pi\u00f9 fragili&#8221;"},"content":{"rendered":"<p style=\"text-align: justify\">&#8220;Il mio impegno, insieme al Prof. Rocco Femia e a tutta la squadra di &#8216;Cuore e Futuro&#8217;, sar\u00e0 rivolto con forza alle fasce pi\u00f9 deboli della nostra comunit\u00e0. Non possiamo permettere che Marina di Gioiosa, nel suo percorso di sviluppo, lasci indietro i suoi cittadini pi\u00f9 vulnerabili&#8221;. Con queste parole, Rocco Agostino, candidato al consiglio comunale nella lista &#8220;Cuore e Futuro&#8221; a sostegno del candidato sindaco Rocco Femia, lancia un appello chiaro e diretto, denunciando le criticit\u00e0 dei servizi sociali e ribadendo l&#8217;importanza di un&#8217;amministrazione attenta alle reali esigenze della popolazione.<\/p>\n<p style=\"text-align: justify\">&#8220;Da settimane, il candidato sindaco della lista &#8216;Marina in Prospettiva&#8217;, enfatizza l&#8217;arrivo di ingenti finanziamenti per opere pubbliche. Ma la realt\u00e0 quotidiana, quella che si vive nell&#8217;ufficio dei Servizi Sociali, racconta una storia diversa. Un bilancio di soli cinquecento euro annui negli ultimi cinque anni, contro i diecimila euro della nostra precedente amministrazione, \u00e8 un segnale allarmante di disattenzione verso chi ha pi\u00f9 bisogno&#8221; afferma Agostino.<\/p>\n<p style=\"text-align: justify\">Il candidato Agostino punta il dito contro i costi eccessivi dei servizi essenziali che vengono richiesti ai genitori: &#8220;Lo scuolabus, la mensa scolastica, l&#8217;acquisto dei libri di testo: servizi che dovrebbero essere accessibili a tutti, diventano un peso insostenibile per le famiglie in difficolt\u00e0. Non possiamo accettare che il costo dello scuolabus sia di 32 euro al mese per bambino, indipendentemente dal reddito, o che la mensa scolastica, di dubbia qualit\u00e0, costi 4 euro a pasto. \u00c8 inaccettabile tra l\u2019altro che non sia stato previsto alcun supporto per l&#8217;acquisto dei libri di testo. Famiglie lasciate sole in un momento storico come questo, in cui \u00e8 fondamentale tutelare le fasce deboli&#8221;.<\/p>\n<p style=\"text-align: justify\">Agostino denuncia anche la &#8220;estromissione&#8221; dell&#8217;associazione LADOS, attiva da cinquant&#8217;anni sul territorio, e le difficolt\u00e0 del banco alimentare comunale, con importanti forniture non ritirate nella sede provinciale per problemi logistici o forse, cosa ancora pi\u00f9 grave, per disinteresse. &#8220;Questi episodi \u2013 afferma Agostino &#8211; sono un chiaro segno di una gestione che non tiene conto delle reali necessit\u00e0 della comunit\u00e0. Il mio impegno sar\u00e0 chiaro: garantire servizi sociali efficienti e accessibili a tutti. Mi batter\u00f2 per lo scuolabus gratuito per le famiglie in difficolt\u00e0 gi\u00e0 da settembre, per interventi economici sull&#8217;acquisto dei libri di testo e per la riduzione dei costi della mensa scolastica&#8221;.<\/p>\n<p style=\"text-align: justify\">Il candidato a consigliere ha anche sottolineato come \u201cl\u2019assegnazione nazionale della Bandiera blu a Caulonia, Siderno e Locri, nel giorno del comizio elettorale dell\u2019altra lista, sembra quasi uno scherzo del destino.\u00a0 Forse \u00e8 stata l\u2019occasione giusta per parte degli\u00a0 attuali amministratori per chiedere scusa davanti a tutti i cittadini. \u00a0Oppure forse si continuer\u00e0, purtroppo, a raccontare storie di fantasia\u201d.<\/p>\n<p style=\"text-align: justify\">La lista \u2018 Cuore e Futuro\u2019 ha da sempre dato importanza a \u00a0programmazione e azioni mirate per i prossimi mesi.\u00a0 \u201cLavorare \u2013 prosegue Agostino, il cui simpatico soprannome \u00e8 il \u2018gemello\u2019- per accreditare il Comune per la realizzazione di progetti di Servizio Civile, offrendo opportunit\u00e0 di lavoro retribuito ai giovani dai 18 ai 35 anni. Riattivare il \u2018Taxi del Sorriso\u2019, un servizio essenziale per la mobilit\u00e0 delle persone anziane e con disabilit\u00e0, gi\u00e0 sperimentato in maniera molto positiva. Eliminare le barriere architettoniche in tutta Marina, per una citt\u00e0 inclusiva e accessibile a tutti\u201d.<\/p>\n<p style=\"text-align: justify\">&#8220;La candidatura alle comunali \u2013 conclude Rocco Agostino &#8211; \u00e8 una cosa seria. Non possiamo permetterci di ignorare le difficolt\u00e0 di chi vive ai margini. Con &#8216;Cuore e Futuro&#8217;, vogliamo costruire una Marina di Gioiosa che sia veramente di tutti, una citt\u00e0 che si prende cura dei suoi cittadini, nessuno escluso. Grazie a tutti i concittadini che hanno riempito la piazza alla nostra presentazione, sono la nostra forza. Non possiamo fare a meno di notare, con un sorriso amaro, come altri abbiano sentito la necessit\u00e0 di mobilitare telefonicamente presenze esterne, forse nel fondato timore di un fallimento.\u00a0 Una chiamata alla \u2018comparsa\u2019 in tutta la locride, allargata alla provincia,\u00a0 nel disperato tentativo\u00a0 di mascherare la mancanza di sostegno popolare\u201d.<\/p>\n<p>&nbsp;<\/p>\n<p>&nbsp;<\/p>\n<p>&nbsp;<\/p>\n<p>&nbsp;<\/p>\n<p>&nbsp;<\/p>\n","protected":false},"excerpt":{"rendered":"<p>&#8220;Il mio impegno, insieme al Prof. Rocco Femia e a tutta la squadra di &#8216;Cuore e Futuro&#8217;, sar\u00e0 rivolto con forza alle fasce pi\u00f9 deboli della nostra comunit\u00e0. Non possiamo&hellip;<\/p>\n","protected":false},"author":12,"featured_media":72246,"comment_status":"closed","ping_status":"open","sticky":false,"template":"","format":"standard","meta":{"_jetpack_memberships_contains_paid_content":false,"footnotes":"","jetpack_publicize_message":"","jetpack_publicize_feature_enabled":true,"jetpack_social_post_already_shared":true,"jetpack_social_options":{"image_generator_settings":{"template":"highway","default_image_id":0,"font":"","enabled":false},"version":2}},"categories":[921,196,140],"tags":[42177,42520,43598,43599],"class_list":["post-73624","post","type-post","status-publish","format-standard","has-post-thumbnail","hentry","category-home","category-news","category-reggio-calabria","tag-cuore-e-futuro","tag-imprenditore-rocco-agostino","tag-maarina-di-gioiosa-jonica","tag-non-dimenticare-i-piu-fragili"],"yoast_head":"<!-- This site is optimized with the Yoast SEO plugin v27.2 - https:\/\/yoast.com\/product\/yoast-seo-wordpress\/ -->\n<title>Rocco Agostino: &quot;Comune non dimentichi i pi\u00f9 fragili&quot;<\/title>\n<meta name=\"description\" content=\"La realt\u00e0 dei servizi sociali smaschera le promesse\u201d, dichiara il candidato al consiglio comunale nella lista &quot;Cuore e Futuro&quot;\" \/>\n<meta name=\"robots\" content=\"index, follow, max-snippet:-1, max-image-preview:large, max-video-preview:-1\" \/>\n<link rel=\"canonical\" href=\"https:\/\/progettotouring.it\/radiotouring104\/2025\/05\/14\/comunali-a-marina-di-gioiosa-agostino-comune-non-dimentichi-i-piu-fragili\/\" \/>\n<meta property=\"og:locale\" content=\"it_IT\" \/>\n<meta property=\"og:type\" content=\"article\" \/>\n<meta property=\"og:title\" content=\"Rocco Agostino: &quot;Comune non dimentichi i pi\u00f9 fragili&quot;\" \/>\n<meta property=\"og:description\" content=\"La realt\u00e0 dei servizi sociali smaschera le promesse\u201d, dichiara il candidato al consiglio comunale nella lista &quot;Cuore e Futuro&quot;\" \/>\n<meta property=\"og:url\" content=\"https:\/\/progettotouring.it\/radiotouring104\/2025\/05\/14\/comunali-a-marina-di-gioiosa-agostino-comune-non-dimentichi-i-piu-fragili\/\" \/>\n<meta property=\"og:site_name\" content=\"Radio Touring 104\" \/>\n<meta property=\"article:published_time\" content=\"2025-05-14T10:36:47+00:00\" \/>\n<meta property=\"og:image\" content=\"https:\/\/progettotouring.it\/radiotouring104\/wp-content\/uploads\/sites\/6\/2025\/04\/Rocco-Agostino-Marina-di-Gioiosa.jpeg\" \/>\n\t<meta property=\"og:image:width\" content=\"1147\" \/>\n\t<meta property=\"og:image:height\" content=\"860\" \/>\n\t<meta property=\"og:image:type\" content=\"image\/jpeg\" \/>\n<meta name=\"author\" content=\"Sebastiano Plutino\" \/>\n<meta name=\"twitter:card\" content=\"summary_large_image\" \/>\n<meta name=\"twitter:label1\" content=\"Scritto da\" \/>\n\t<meta name=\"twitter:data1\" content=\"Sebastiano Plutino\" \/>\n\t<meta name=\"twitter:label2\" content=\"Tempo di lettura stimato\" \/>\n\t<meta name=\"twitter:data2\" content=\"3 minuti\" \/>\n<script type=\"application\/ld+json\" class=\"yoast-schema-graph\">{\"@context\":\"https:\/\/schema.org\",\"@graph\":[{\"@type\":\"Article\",\"@id\":\"https:\/\/progettotouring.it\/radiotouring104\/2025\/05\/14\/comunali-a-marina-di-gioiosa-agostino-comune-non-dimentichi-i-piu-fragili\/#article\",\"isPartOf\":{\"@id\":\"https:\/\/progettotouring.it\/radiotouring104\/2025\/05\/14\/comunali-a-marina-di-gioiosa-agostino-comune-non-dimentichi-i-piu-fragili\/\"},\"author\":{\"name\":\"Sebastiano Plutino\",\"@id\":\"https:\/\/progettotouring.it\/radiotouring104\/#\/schema\/person\/78613917f1851f041f7483f5af1d422e\"},\"headline\":\"Comunali a Marina di Gioiosa, Agostino: &#8220;Comune non dimentichi i pi\u00f9 fragili&#8221;\",\"datePublished\":\"2025-05-14T10:36:47+00:00\",\"mainEntityOfPage\":{\"@id\":\"https:\/\/progettotouring.it\/radiotouring104\/2025\/05\/14\/comunali-a-marina-di-gioiosa-agostino-comune-non-dimentichi-i-piu-fragili\/\"},\"wordCount\":649,\"publisher\":{\"@id\":\"https:\/\/progettotouring.it\/radiotouring104\/#organization\"},\"image\":{\"@id\":\"https:\/\/progettotouring.it\/radiotouring104\/2025\/05\/14\/comunali-a-marina-di-gioiosa-agostino-comune-non-dimentichi-i-piu-fragili\/#primaryimage\"},\"thumbnailUrl\":\"https:\/\/progettotouring.it\/radiotouring104\/wp-content\/uploads\/sites\/6\/2025\/04\/Rocco-Agostino-Marina-di-Gioiosa.jpeg\",\"keywords\":[\"Cuore e futuro\",\"imprenditore Rocco Agostino\",\"maarina di gioiosa jonica\",\"non dimenticare i pi\u00f9 fragili\"],\"articleSection\":[\"Home\",\"News\",\"Reggio Calabria\"],\"inLanguage\":\"it-IT\"},{\"@type\":\"WebPage\",\"@id\":\"https:\/\/progettotouring.it\/radiotouring104\/2025\/05\/14\/comunali-a-marina-di-gioiosa-agostino-comune-non-dimentichi-i-piu-fragili\/\",\"url\":\"https:\/\/progettotouring.it\/radiotouring104\/2025\/05\/14\/comunali-a-marina-di-gioiosa-agostino-comune-non-dimentichi-i-piu-fragili\/\",\"name\":\"Rocco Agostino: \\\"Comune non dimentichi i pi\u00f9 fragili\\\"\",\"isPartOf\":{\"@id\":\"https:\/\/progettotouring.it\/radiotouring104\/#website\"},\"primaryImageOfPage\":{\"@id\":\"https:\/\/progettotouring.it\/radiotouring104\/2025\/05\/14\/comunali-a-marina-di-gioiosa-agostino-comune-non-dimentichi-i-piu-fragili\/#primaryimage\"},\"image\":{\"@id\":\"https:\/\/progettotouring.it\/radiotouring104\/2025\/05\/14\/comunali-a-marina-di-gioiosa-agostino-comune-non-dimentichi-i-piu-fragili\/#primaryimage\"},\"thumbnailUrl\":\"https:\/\/progettotouring.it\/radiotouring104\/wp-content\/uploads\/sites\/6\/2025\/04\/Rocco-Agostino-Marina-di-Gioiosa.jpeg\",\"datePublished\":\"2025-05-14T10:36:47+00:00\",\"description\":\"La realt\u00e0 dei servizi sociali smaschera le promesse\u201d, dichiara il candidato al consiglio comunale nella lista \\\"Cuore e Futuro\\\"\",\"breadcrumb\":{\"@id\":\"https:\/\/progettotouring.it\/radiotouring104\/2025\/05\/14\/comunali-a-marina-di-gioiosa-agostino-comune-non-dimentichi-i-piu-fragili\/#breadcrumb\"},\"inLanguage\":\"it-IT\",\"potentialAction\":[{\"@type\":\"ReadAction\",\"target\":[\"https:\/\/progettotouring.it\/radiotouring104\/2025\/05\/14\/comunali-a-marina-di-gioiosa-agostino-comune-non-dimentichi-i-piu-fragili\/\"]}]},{\"@type\":\"ImageObject\",\"inLanguage\":\"it-IT\",\"@id\":\"https:\/\/progettotouring.it\/radiotouring104\/2025\/05\/14\/comunali-a-marina-di-gioiosa-agostino-comune-non-dimentichi-i-piu-fragili\/#primaryimage\",\"url\":\"https:\/\/progettotouring.it\/radiotouring104\/wp-content\/uploads\/sites\/6\/2025\/04\/Rocco-Agostino-Marina-di-Gioiosa.jpeg\",\"contentUrl\":\"https:\/\/progettotouring.it\/radiotouring104\/wp-content\/uploads\/sites\/6\/2025\/04\/Rocco-Agostino-Marina-di-Gioiosa.jpeg\",\"width\":1147,\"height\":860},{\"@type\":\"BreadcrumbList\",\"@id\":\"https:\/\/progettotouring.it\/radiotouring104\/2025\/05\/14\/comunali-a-marina-di-gioiosa-agostino-comune-non-dimentichi-i-piu-fragili\/#breadcrumb\",\"itemListElement\":[{\"@type\":\"ListItem\",\"position\":1,\"name\":\"Home\",\"item\":\"https:\/\/progettotouring.it\/radiotouring104\/\"},{\"@type\":\"ListItem\",\"position\":2,\"name\":\"Comunali a Marina di Gioiosa, Agostino: &#8220;Comune non dimentichi i pi\u00f9 fragili&#8221;\"}]},{\"@type\":\"WebSite\",\"@id\":\"https:\/\/progettotouring.it\/radiotouring104\/#website\",\"url\":\"https:\/\/progettotouring.it\/radiotouring104\/\",\"name\":\"Radio Touring 104\",\"description\":\"La prima radio Reggina\",\"publisher\":{\"@id\":\"https:\/\/progettotouring.it\/radiotouring104\/#organization\"},\"potentialAction\":[{\"@type\":\"SearchAction\",\"target\":{\"@type\":\"EntryPoint\",\"urlTemplate\":\"https:\/\/progettotouring.it\/radiotouring104\/?s={search_term_string}\"},\"query-input\":{\"@type\":\"PropertyValueSpecification\",\"valueRequired\":true,\"valueName\":\"search_term_string\"}}],\"inLanguage\":\"it-IT\"},{\"@type\":\"Organization\",\"@id\":\"https:\/\/progettotouring.it\/radiotouring104\/#organization\",\"name\":\"Radio Touring 104\",\"url\":\"https:\/\/progettotouring.it\/radiotouring104\/\",\"logo\":{\"@type\":\"ImageObject\",\"inLanguage\":\"it-IT\",\"@id\":\"https:\/\/progettotouring.it\/radiotouring104\/#\/schema\/logo\/image\/\",\"url\":\"https:\/\/progettotouring.it\/radiotouring104\/wp-content\/uploads\/sites\/6\/2022\/02\/cropped-logo-radio-touring-104.png\",\"contentUrl\":\"https:\/\/progettotouring.it\/radiotouring104\/wp-content\/uploads\/sites\/6\/2022\/02\/cropped-logo-radio-touring-104.png\",\"width\":377,\"height\":182,\"caption\":\"Radio Touring 104\"},\"image\":{\"@id\":\"https:\/\/progettotouring.it\/radiotouring104\/#\/schema\/logo\/image\/\"}},{\"@type\":\"Person\",\"@id\":\"https:\/\/progettotouring.it\/radiotouring104\/#\/schema\/person\/78613917f1851f041f7483f5af1d422e\",\"name\":\"Sebastiano Plutino\",\"image\":{\"@type\":\"ImageObject\",\"inLanguage\":\"it-IT\",\"@id\":\"https:\/\/secure.gravatar.com\/avatar\/0546ffaa9b79224faf9f2a156b67a529ae861d3287c66c1d8ccfdf909bcba78d?s=96&d=mm&r=g\",\"url\":\"https:\/\/secure.gravatar.com\/avatar\/0546ffaa9b79224faf9f2a156b67a529ae861d3287c66c1d8ccfdf909bcba78d?s=96&d=mm&r=g\",\"contentUrl\":\"https:\/\/secure.gravatar.com\/avatar\/0546ffaa9b79224faf9f2a156b67a529ae861d3287c66c1d8ccfdf909bcba78d?s=96&d=mm&r=g\",\"caption\":\"Sebastiano Plutino\"},\"url\":\"https:\/\/progettotouring.it\/radiotouring104\/author\/sebastiano\/\"}]}<\/script>\n<!-- \/ Yoast SEO plugin. -->","yoast_head_json":{"title":"Rocco Agostino: \"Comune non dimentichi i pi\u00f9 fragili\"","description":"La realt\u00e0 dei servizi sociali smaschera le promesse\u201d, dichiara il candidato al consiglio comunale nella lista \"Cuore e Futuro\"","robots":{"index":"index","follow":"follow","max-snippet":"max-snippet:-1","max-image-preview":"max-image-preview:large","max-video-preview":"max-video-preview:-1"},"canonical":"https:\/\/progettotouring.it\/radiotouring104\/2025\/05\/14\/comunali-a-marina-di-gioiosa-agostino-comune-non-dimentichi-i-piu-fragili\/","og_locale":"it_IT","og_type":"article","og_title":"Rocco Agostino: \"Comune non dimentichi i pi\u00f9 fragili\"","og_description":"La realt\u00e0 dei servizi sociali smaschera le promesse\u201d, dichiara il candidato al consiglio comunale nella lista \"Cuore e Futuro\"","og_url":"https:\/\/progettotouring.it\/radiotouring104\/2025\/05\/14\/comunali-a-marina-di-gioiosa-agostino-comune-non-dimentichi-i-piu-fragili\/","og_site_name":"Radio Touring 104","article_published_time":"2025-05-14T10:36:47+00:00","og_image":[{"width":1147,"height":860,"url":"https:\/\/progettotouring.it\/radiotouring104\/wp-content\/uploads\/sites\/6\/2025\/04\/Rocco-Agostino-Marina-di-Gioiosa.jpeg","type":"image\/jpeg"}],"author":"Sebastiano Plutino","twitter_card":"summary_large_image","twitter_misc":{"Scritto da":"Sebastiano Plutino","Tempo di lettura stimato":"3 minuti"},"schema":{"@context":"https:\/\/schema.org","@graph":[{"@type":"Article","@id":"https:\/\/progettotouring.it\/radiotouring104\/2025\/05\/14\/comunali-a-marina-di-gioiosa-agostino-comune-non-dimentichi-i-piu-fragili\/#article","isPartOf":{"@id":"https:\/\/progettotouring.it\/radiotouring104\/2025\/05\/14\/comunali-a-marina-di-gioiosa-agostino-comune-non-dimentichi-i-piu-fragili\/"},"author":{"name":"Sebastiano Plutino","@id":"https:\/\/progettotouring.it\/radiotouring104\/#\/schema\/person\/78613917f1851f041f7483f5af1d422e"},"headline":"Comunali a Marina di Gioiosa, Agostino: &#8220;Comune non dimentichi i pi\u00f9 fragili&#8221;","datePublished":"2025-05-14T10:36:47+00:00","mainEntityOfPage":{"@id":"https:\/\/progettotouring.it\/radiotouring104\/2025\/05\/14\/comunali-a-marina-di-gioiosa-agostino-comune-non-dimentichi-i-piu-fragili\/"},"wordCount":649,"publisher":{"@id":"https:\/\/progettotouring.it\/radiotouring104\/#organization"},"image":{"@id":"https:\/\/progettotouring.it\/radiotouring104\/2025\/05\/14\/comunali-a-marina-di-gioiosa-agostino-comune-non-dimentichi-i-piu-fragili\/#primaryimage"},"thumbnailUrl":"https:\/\/progettotouring.it\/radiotouring104\/wp-content\/uploads\/sites\/6\/2025\/04\/Rocco-Agostino-Marina-di-Gioiosa.jpeg","keywords":["Cuore e futuro","imprenditore Rocco Agostino","maarina di gioiosa jonica","non dimenticare i pi\u00f9 fragili"],"articleSection":["Home","News","Reggio Calabria"],"inLanguage":"it-IT"},{"@type":"WebPage","@id":"https:\/\/progettotouring.it\/radiotouring104\/2025\/05\/14\/comunali-a-marina-di-gioiosa-agostino-comune-non-dimentichi-i-piu-fragili\/","url":"https:\/\/progettotouring.it\/radiotouring104\/2025\/05\/14\/comunali-a-marina-di-gioiosa-agostino-comune-non-dimentichi-i-piu-fragili\/","name":"Rocco Agostino: \"Comune non dimentichi i pi\u00f9 fragili\"","isPartOf":{"@id":"https:\/\/progettotouring.it\/radiotouring104\/#website"},"primaryImageOfPage":{"@id":"https:\/\/progettotouring.it\/radiotouring104\/2025\/05\/14\/comunali-a-marina-di-gioiosa-agostino-comune-non-dimentichi-i-piu-fragili\/#primaryimage"},"image":{"@id":"https:\/\/progettotouring.it\/radiotouring104\/2025\/05\/14\/comunali-a-marina-di-gioiosa-agostino-comune-non-dimentichi-i-piu-fragili\/#primaryimage"},"thumbnailUrl":"https:\/\/progettotouring.it\/radiotouring104\/wp-content\/uploads\/sites\/6\/2025\/04\/Rocco-Agostino-Marina-di-Gioiosa.jpeg","datePublished":"2025-05-14T10:36:47+00:00","description":"La realt\u00e0 dei servizi sociali smaschera le promesse\u201d, dichiara il candidato al consiglio comunale nella lista \"Cuore e Futuro\"","breadcrumb":{"@id":"https:\/\/progettotouring.it\/radiotouring104\/2025\/05\/14\/comunali-a-marina-di-gioiosa-agostino-comune-non-dimentichi-i-piu-fragili\/#breadcrumb"},"inLanguage":"it-IT","potentialAction":[{"@type":"ReadAction","target":["https:\/\/progettotouring.it\/radiotouring104\/2025\/05\/14\/comunali-a-marina-di-gioiosa-agostino-comune-non-dimentichi-i-piu-fragili\/"]}]},{"@type":"ImageObject","inLanguage":"it-IT","@id":"https:\/\/progettotouring.it\/radiotouring104\/2025\/05\/14\/comunali-a-marina-di-gioiosa-agostino-comune-non-dimentichi-i-piu-fragili\/#primaryimage","url":"https:\/\/progettotouring.it\/radiotouring104\/wp-content\/uploads\/sites\/6\/2025\/04\/Rocco-Agostino-Marina-di-Gioiosa.jpeg","contentUrl":"https:\/\/progettotouring.it\/radiotouring104\/wp-content\/uploads\/sites\/6\/2025\/04\/Rocco-Agostino-Marina-di-Gioiosa.jpeg","width":1147,"height":860},{"@type":"BreadcrumbList","@id":"https:\/\/progettotouring.it\/radiotouring104\/2025\/05\/14\/comunali-a-marina-di-gioiosa-agostino-comune-non-dimentichi-i-piu-fragili\/#breadcrumb","itemListElement":[{"@type":"ListItem","position":1,"name":"Home","item":"https:\/\/progettotouring.it\/radiotouring104\/"},{"@type":"ListItem","position":2,"name":"Comunali a Marina di Gioiosa, Agostino: &#8220;Comune non dimentichi i pi\u00f9 fragili&#8221;"}]},{"@type":"WebSite","@id":"https:\/\/progettotouring.it\/radiotouring104\/#website","url":"https:\/\/progettotouring.it\/radiotouring104\/","name":"Radio Touring 104","description":"La prima radio Reggina","publisher":{"@id":"https:\/\/progettotouring.it\/radiotouring104\/#organization"},"potentialAction":[{"@type":"SearchAction","target":{"@type":"EntryPoint","urlTemplate":"https:\/\/progettotouring.it\/radiotouring104\/?s={search_term_string}"},"query-input":{"@type":"PropertyValueSpecification","valueRequired":true,"valueName":"search_term_string"}}],"inLanguage":"it-IT"},{"@type":"Organization","@id":"https:\/\/progettotouring.it\/radiotouring104\/#organization","name":"Radio Touring 104","url":"https:\/\/progettotouring.it\/radiotouring104\/","logo":{"@type":"ImageObject","inLanguage":"it-IT","@id":"https:\/\/progettotouring.it\/radiotouring104\/#\/schema\/logo\/image\/","url":"https:\/\/progettotouring.it\/radiotouring104\/wp-content\/uploads\/sites\/6\/2022\/02\/cropped-logo-radio-touring-104.png","contentUrl":"https:\/\/progettotouring.it\/radiotouring104\/wp-content\/uploads\/sites\/6\/2022\/02\/cropped-logo-radio-touring-104.png","width":377,"height":182,"caption":"Radio Touring 104"},"image":{"@id":"https:\/\/progettotouring.it\/radiotouring104\/#\/schema\/logo\/image\/"}},{"@type":"Person","@id":"https:\/\/progettotouring.it\/radiotouring104\/#\/schema\/person\/78613917f1851f041f7483f5af1d422e","name":"Sebastiano Plutino","image":{"@type":"ImageObject","inLanguage":"it-IT","@id":"https:\/\/secure.gravatar.com\/avatar\/0546ffaa9b79224faf9f2a156b67a529ae861d3287c66c1d8ccfdf909bcba78d?s=96&d=mm&r=g","url":"https:\/\/secure.gravatar.com\/avatar\/0546ffaa9b79224faf9f2a156b67a529ae861d3287c66c1d8ccfdf909bcba78d?s=96&d=mm&r=g","contentUrl":"https:\/\/secure.gravatar.com\/avatar\/0546ffaa9b79224faf9f2a156b67a529ae861d3287c66c1d8ccfdf909bcba78d?s=96&d=mm&r=g","caption":"Sebastiano Plutino"},"url":"https:\/\/progettotouring.it\/radiotouring104\/author\/sebastiano\/"}]}},"jetpack_publicize_connections":[],"jetpack_featured_media_url":"https:\/\/progettotouring.it\/radiotouring104\/wp-content\/uploads\/sites\/6\/2025\/04\/Rocco-Agostino-Marina-di-Gioiosa.jpeg","jetpack_sharing_enabled":true,"_links":{"self":[{"href":"https:\/\/progettotouring.it\/radiotouring104\/wp-json\/wp\/v2\/posts\/73624","targetHints":{"allow":["GET"]}}],"collection":[{"href":"https:\/\/progettotouring.it\/radiotouring104\/wp-json\/wp\/v2\/posts"}],"about":[{"href":"https:\/\/progettotouring.it\/radiotouring104\/wp-json\/wp\/v2\/types\/post"}],"author":[{"embeddable":true,"href":"https:\/\/progettotouring.it\/radiotouring104\/wp-json\/wp\/v2\/users\/12"}],"replies":[{"embeddable":true,"href":"https:\/\/progettotouring.it\/radiotouring104\/wp-json\/wp\/v2\/comments?post=73624"}],"version-history":[{"count":1,"href":"https:\/\/progettotouring.it\/radiotouring104\/wp-json\/wp\/v2\/posts\/73624\/revisions"}],"predecessor-version":[{"id":73625,"href":"https:\/\/progettotouring.it\/radiotouring104\/wp-json\/wp\/v2\/posts\/73624\/revisions\/73625"}],"wp:featuredmedia":[{"embeddable":true,"href":"https:\/\/progettotouring.it\/radiotouring104\/wp-json\/wp\/v2\/media\/72246"}],"wp:attachment":[{"href":"https:\/\/progettotouring.it\/radiotouring104\/wp-json\/wp\/v2\/media?parent=73624"}],"wp:term":[{"taxonomy":"category","embeddable":true,"href":"https:\/\/progettotouring.it\/radiotouring104\/wp-json\/wp\/v2\/categories?post=73624"},{"taxonomy":"post_tag","embeddable":true,"href":"https:\/\/progettotouring.it\/radiotouring104\/wp-json\/wp\/v2\/tags?post=73624"}],"curies":[{"name":"wp","href":"https:\/\/api.w.org\/{rel}","templated":true}]}}