{"id":73626,"date":"2025-05-14T12:48:10","date_gmt":"2025-05-14T10:48:10","guid":{"rendered":"https:\/\/progettotouring.it\/radiotouring104\/?p=73626"},"modified":"2025-05-14T12:48:10","modified_gmt":"2025-05-14T10:48:10","slug":"molochio-continua-limpegno-dellavis-con-la-scuola","status":"publish","type":"post","link":"https:\/\/progettotouring.it\/radiotouring104\/2025\/05\/14\/molochio-continua-limpegno-dellavis-con-la-scuola\/","title":{"rendered":"Molochio: continua l&#8217;impegno dell&#8217;AVIS con la scuola"},"content":{"rendered":"<p style=\"text-align: justify\">Un momento speciale di riflessione e confronto ha reso partecipi gli alunni della Scuola Secondaria di primo grado di Molochio. Presso l&#8217;auditorium del Santuario Maria SS. Immacolata di Lourdes si \u00e8 tenuto un incontro con Christian Bartolomeo, autore del libro &#8220;Passi a perdere&#8221;, \u00a0sull\u2019importante tematica del bullismo. L\u2019iniziativa dell&#8217;incontro, organizzato dal Presidente dell&#8217;AVIS sezione comunale &#8220;Bruno Noto&#8221; di Molochio dott. Carmine Malivindi, \u00e8 stata accolta con molto entusiasmo sia da parte degli studenti che dai docenti e si \u00e8 trasformata in un momento ricco di emozioni, riflessioni e confronto.<\/p>\n<p style=\"text-align: justify\">I ragazzi, preparati e curiosi, hanno rivolto all\u2019autore numerose domande, mostrando grande interesse sia per la storia narrata nel libro, sia per i temi profondi che egli affronta. Il dialogo con l\u2019autore ha permesso di approfondire anche il vissuto emotivo dei personaggi e i messaggi che durante la narrazione ha voluto trasmettere. Nella mattinata si \u00e8 parlato dell\u2019importanza dell\u2019ascolto, del rispetto reciproco e della forza di chiedere aiuto nei momenti difficili. Bartolomeo ha saputo coinvolgere gli studenti con parole semplici ma incisive, stimolando una riflessione sincera su dinamiche purtroppo ancora presenti tra i giovani. Presenti all&#8217;incontro la Dirigente Scolastica Maria Antonella Timpano, il sindaco Marco Caruso, il Maresciallo Capo dei Carabinieri di Molochio Salvatore Carrabotta che hanno sottolineato l&#8217;importanza di prendersi cura dell&#8217;altro. \u201cPassi a perdere&#8221; non \u00e8 solo un libro: \u00e8 un invito a fermarsi, ascoltare e, soprattutto, camminare insieme verso una societ\u00e0 pi\u00f9 giusta, a partire dai banchi di scuola. A tal proposito la Dirigente Timpano si \u00e8 soffermata sulle dinamiche di questa problematica all\u2019interno delle classi: \u201cOccorre la massima collaborazione tra Scuola e famiglie affinch\u00e9 gli alunni possano crescere con sani principi basati anche sull\u2019aiuto reciproco e sul dono\u201d. \u00c8 stata un\u2019esperienza che sicuramente rester\u00e0 nel cuore dei ragazzi e che dimostra quanto la lettura possa diventare strumento di crescita personale e collettiva.<\/p>\n","protected":false},"excerpt":{"rendered":"<p>Un momento speciale di riflessione e confronto ha reso partecipi gli alunni della Scuola Secondaria di primo grado di Molochio. Presso l&#8217;auditorium del Santuario Maria SS. Immacolata di Lourdes si&hellip;<\/p>\n","protected":false},"author":12,"featured_media":73627,"comment_status":"closed","ping_status":"open","sticky":false,"template":"","format":"standard","meta":{"_jetpack_memberships_contains_paid_content":false,"footnotes":"","jetpack_publicize_message":"","jetpack_publicize_feature_enabled":true,"jetpack_social_post_already_shared":true,"jetpack_social_options":{"image_generator_settings":{"template":"highway","default_image_id":0,"font":"","enabled":false},"version":2}},"categories":[921,196,140],"tags":[2619,43601,43602,16028,43600,493],"class_list":["post-73626","post","type-post","status-publish","format-standard","has-post-thumbnail","hentry","category-home","category-news","category-reggio-calabria","tag-avis","tag-christian-bartolomeo","tag-libro-passi-a-perdere","tag-molochio","tag-santuario-maria-ss-immacolata-di-lourdes","tag-scuola"],"yoast_head":"<!-- This site is optimized with the Yoast SEO plugin v27.2 - https:\/\/yoast.com\/product\/yoast-seo-wordpress\/ -->\n<title>Molochio: continua l&#039;impegno dell&#039;AVIS con la scuola<\/title>\n<meta name=\"description\" content=\"Svolto al Santuario Maria SS. Immacolata di Lourdes, l&#039; incontro tra studenti e Christian Bartolomeo, autore del libro &quot;Passi a perdere&quot;\" \/>\n<meta name=\"robots\" content=\"index, follow, max-snippet:-1, max-image-preview:large, max-video-preview:-1\" \/>\n<link rel=\"canonical\" href=\"https:\/\/progettotouring.it\/radiotouring104\/2025\/05\/14\/molochio-continua-limpegno-dellavis-con-la-scuola\/\" \/>\n<meta property=\"og:locale\" content=\"it_IT\" \/>\n<meta property=\"og:type\" content=\"article\" \/>\n<meta property=\"og:title\" content=\"Molochio: continua l&#039;impegno dell&#039;AVIS con la scuola\" \/>\n<meta property=\"og:description\" content=\"Svolto al Santuario Maria SS. Immacolata di Lourdes, l&#039; incontro tra studenti e Christian Bartolomeo, autore del libro &quot;Passi a perdere&quot;\" \/>\n<meta property=\"og:url\" content=\"https:\/\/progettotouring.it\/radiotouring104\/2025\/05\/14\/molochio-continua-limpegno-dellavis-con-la-scuola\/\" \/>\n<meta property=\"og:site_name\" content=\"Radio Touring 104\" \/>\n<meta property=\"article:published_time\" content=\"2025-05-14T10:48:10+00:00\" \/>\n<meta property=\"og:image\" content=\"https:\/\/progettotouring.it\/radiotouring104\/wp-content\/uploads\/sites\/6\/2025\/05\/Incontro-sul-bullismo-con-lAvis.jpeg\" \/>\n\t<meta property=\"og:image:width\" content=\"1179\" \/>\n\t<meta property=\"og:image:height\" content=\"518\" \/>\n\t<meta property=\"og:image:type\" content=\"image\/jpeg\" \/>\n<meta name=\"author\" content=\"Sebastiano Plutino\" \/>\n<meta name=\"twitter:card\" content=\"summary_large_image\" \/>\n<meta name=\"twitter:label1\" content=\"Scritto da\" \/>\n\t<meta name=\"twitter:data1\" content=\"Sebastiano Plutino\" \/>\n\t<meta name=\"twitter:label2\" content=\"Tempo di lettura stimato\" \/>\n\t<meta name=\"twitter:data2\" content=\"2 minuti\" \/>\n<script type=\"application\/ld+json\" class=\"yoast-schema-graph\">{\"@context\":\"https:\/\/schema.org\",\"@graph\":[{\"@type\":\"Article\",\"@id\":\"https:\/\/progettotouring.it\/radiotouring104\/2025\/05\/14\/molochio-continua-limpegno-dellavis-con-la-scuola\/#article\",\"isPartOf\":{\"@id\":\"https:\/\/progettotouring.it\/radiotouring104\/2025\/05\/14\/molochio-continua-limpegno-dellavis-con-la-scuola\/\"},\"author\":{\"name\":\"Sebastiano Plutino\",\"@id\":\"https:\/\/progettotouring.it\/radiotouring104\/#\/schema\/person\/78613917f1851f041f7483f5af1d422e\"},\"headline\":\"Molochio: continua l&#8217;impegno dell&#8217;AVIS con la scuola\",\"datePublished\":\"2025-05-14T10:48:10+00:00\",\"mainEntityOfPage\":{\"@id\":\"https:\/\/progettotouring.it\/radiotouring104\/2025\/05\/14\/molochio-continua-limpegno-dellavis-con-la-scuola\/\"},\"wordCount\":313,\"publisher\":{\"@id\":\"https:\/\/progettotouring.it\/radiotouring104\/#organization\"},\"image\":{\"@id\":\"https:\/\/progettotouring.it\/radiotouring104\/2025\/05\/14\/molochio-continua-limpegno-dellavis-con-la-scuola\/#primaryimage\"},\"thumbnailUrl\":\"https:\/\/progettotouring.it\/radiotouring104\/wp-content\/uploads\/sites\/6\/2025\/05\/Incontro-sul-bullismo-con-lAvis.jpeg\",\"keywords\":[\"Avis\",\"Christian Bartolomeo\",\"libro \\\"Passi a perdere\\\"\",\"Molochio\",\"Santuario Maria SS. Immacolata di Lourdes\",\"scuola\"],\"articleSection\":[\"Home\",\"News\",\"Reggio Calabria\"],\"inLanguage\":\"it-IT\"},{\"@type\":\"WebPage\",\"@id\":\"https:\/\/progettotouring.it\/radiotouring104\/2025\/05\/14\/molochio-continua-limpegno-dellavis-con-la-scuola\/\",\"url\":\"https:\/\/progettotouring.it\/radiotouring104\/2025\/05\/14\/molochio-continua-limpegno-dellavis-con-la-scuola\/\",\"name\":\"Molochio: continua l'impegno dell'AVIS con la scuola\",\"isPartOf\":{\"@id\":\"https:\/\/progettotouring.it\/radiotouring104\/#website\"},\"primaryImageOfPage\":{\"@id\":\"https:\/\/progettotouring.it\/radiotouring104\/2025\/05\/14\/molochio-continua-limpegno-dellavis-con-la-scuola\/#primaryimage\"},\"image\":{\"@id\":\"https:\/\/progettotouring.it\/radiotouring104\/2025\/05\/14\/molochio-continua-limpegno-dellavis-con-la-scuola\/#primaryimage\"},\"thumbnailUrl\":\"https:\/\/progettotouring.it\/radiotouring104\/wp-content\/uploads\/sites\/6\/2025\/05\/Incontro-sul-bullismo-con-lAvis.jpeg\",\"datePublished\":\"2025-05-14T10:48:10+00:00\",\"description\":\"Svolto al Santuario Maria SS. Immacolata di Lourdes, l' incontro tra studenti e Christian Bartolomeo, autore del libro \\\"Passi a perdere\\\"\",\"breadcrumb\":{\"@id\":\"https:\/\/progettotouring.it\/radiotouring104\/2025\/05\/14\/molochio-continua-limpegno-dellavis-con-la-scuola\/#breadcrumb\"},\"inLanguage\":\"it-IT\",\"potentialAction\":[{\"@type\":\"ReadAction\",\"target\":[\"https:\/\/progettotouring.it\/radiotouring104\/2025\/05\/14\/molochio-continua-limpegno-dellavis-con-la-scuola\/\"]}]},{\"@type\":\"ImageObject\",\"inLanguage\":\"it-IT\",\"@id\":\"https:\/\/progettotouring.it\/radiotouring104\/2025\/05\/14\/molochio-continua-limpegno-dellavis-con-la-scuola\/#primaryimage\",\"url\":\"https:\/\/progettotouring.it\/radiotouring104\/wp-content\/uploads\/sites\/6\/2025\/05\/Incontro-sul-bullismo-con-lAvis.jpeg\",\"contentUrl\":\"https:\/\/progettotouring.it\/radiotouring104\/wp-content\/uploads\/sites\/6\/2025\/05\/Incontro-sul-bullismo-con-lAvis.jpeg\",\"width\":1179,\"height\":518},{\"@type\":\"BreadcrumbList\",\"@id\":\"https:\/\/progettotouring.it\/radiotouring104\/2025\/05\/14\/molochio-continua-limpegno-dellavis-con-la-scuola\/#breadcrumb\",\"itemListElement\":[{\"@type\":\"ListItem\",\"position\":1,\"name\":\"Home\",\"item\":\"https:\/\/progettotouring.it\/radiotouring104\/\"},{\"@type\":\"ListItem\",\"position\":2,\"name\":\"Molochio: continua l&#8217;impegno dell&#8217;AVIS con la scuola\"}]},{\"@type\":\"WebSite\",\"@id\":\"https:\/\/progettotouring.it\/radiotouring104\/#website\",\"url\":\"https:\/\/progettotouring.it\/radiotouring104\/\",\"name\":\"Radio Touring 104\",\"description\":\"La prima radio Reggina\",\"publisher\":{\"@id\":\"https:\/\/progettotouring.it\/radiotouring104\/#organization\"},\"potentialAction\":[{\"@type\":\"SearchAction\",\"target\":{\"@type\":\"EntryPoint\",\"urlTemplate\":\"https:\/\/progettotouring.it\/radiotouring104\/?s={search_term_string}\"},\"query-input\":{\"@type\":\"PropertyValueSpecification\",\"valueRequired\":true,\"valueName\":\"search_term_string\"}}],\"inLanguage\":\"it-IT\"},{\"@type\":\"Organization\",\"@id\":\"https:\/\/progettotouring.it\/radiotouring104\/#organization\",\"name\":\"Radio Touring 104\",\"url\":\"https:\/\/progettotouring.it\/radiotouring104\/\",\"logo\":{\"@type\":\"ImageObject\",\"inLanguage\":\"it-IT\",\"@id\":\"https:\/\/progettotouring.it\/radiotouring104\/#\/schema\/logo\/image\/\",\"url\":\"https:\/\/progettotouring.it\/radiotouring104\/wp-content\/uploads\/sites\/6\/2022\/02\/cropped-logo-radio-touring-104.png\",\"contentUrl\":\"https:\/\/progettotouring.it\/radiotouring104\/wp-content\/uploads\/sites\/6\/2022\/02\/cropped-logo-radio-touring-104.png\",\"width\":377,\"height\":182,\"caption\":\"Radio Touring 104\"},\"image\":{\"@id\":\"https:\/\/progettotouring.it\/radiotouring104\/#\/schema\/logo\/image\/\"}},{\"@type\":\"Person\",\"@id\":\"https:\/\/progettotouring.it\/radiotouring104\/#\/schema\/person\/78613917f1851f041f7483f5af1d422e\",\"name\":\"Sebastiano Plutino\",\"image\":{\"@type\":\"ImageObject\",\"inLanguage\":\"it-IT\",\"@id\":\"https:\/\/secure.gravatar.com\/avatar\/0546ffaa9b79224faf9f2a156b67a529ae861d3287c66c1d8ccfdf909bcba78d?s=96&d=mm&r=g\",\"url\":\"https:\/\/secure.gravatar.com\/avatar\/0546ffaa9b79224faf9f2a156b67a529ae861d3287c66c1d8ccfdf909bcba78d?s=96&d=mm&r=g\",\"contentUrl\":\"https:\/\/secure.gravatar.com\/avatar\/0546ffaa9b79224faf9f2a156b67a529ae861d3287c66c1d8ccfdf909bcba78d?s=96&d=mm&r=g\",\"caption\":\"Sebastiano Plutino\"},\"url\":\"https:\/\/progettotouring.it\/radiotouring104\/author\/sebastiano\/\"}]}<\/script>\n<!-- \/ Yoast SEO plugin. -->","yoast_head_json":{"title":"Molochio: continua l'impegno dell'AVIS con la scuola","description":"Svolto al Santuario Maria SS. Immacolata di Lourdes, l' incontro tra studenti e Christian Bartolomeo, autore del libro \"Passi a perdere\"","robots":{"index":"index","follow":"follow","max-snippet":"max-snippet:-1","max-image-preview":"max-image-preview:large","max-video-preview":"max-video-preview:-1"},"canonical":"https:\/\/progettotouring.it\/radiotouring104\/2025\/05\/14\/molochio-continua-limpegno-dellavis-con-la-scuola\/","og_locale":"it_IT","og_type":"article","og_title":"Molochio: continua l'impegno dell'AVIS con la scuola","og_description":"Svolto al Santuario Maria SS. Immacolata di Lourdes, l' incontro tra studenti e Christian Bartolomeo, autore del libro \"Passi a perdere\"","og_url":"https:\/\/progettotouring.it\/radiotouring104\/2025\/05\/14\/molochio-continua-limpegno-dellavis-con-la-scuola\/","og_site_name":"Radio Touring 104","article_published_time":"2025-05-14T10:48:10+00:00","og_image":[{"width":1179,"height":518,"url":"https:\/\/progettotouring.it\/radiotouring104\/wp-content\/uploads\/sites\/6\/2025\/05\/Incontro-sul-bullismo-con-lAvis.jpeg","type":"image\/jpeg"}],"author":"Sebastiano Plutino","twitter_card":"summary_large_image","twitter_misc":{"Scritto da":"Sebastiano Plutino","Tempo di lettura stimato":"2 minuti"},"schema":{"@context":"https:\/\/schema.org","@graph":[{"@type":"Article","@id":"https:\/\/progettotouring.it\/radiotouring104\/2025\/05\/14\/molochio-continua-limpegno-dellavis-con-la-scuola\/#article","isPartOf":{"@id":"https:\/\/progettotouring.it\/radiotouring104\/2025\/05\/14\/molochio-continua-limpegno-dellavis-con-la-scuola\/"},"author":{"name":"Sebastiano Plutino","@id":"https:\/\/progettotouring.it\/radiotouring104\/#\/schema\/person\/78613917f1851f041f7483f5af1d422e"},"headline":"Molochio: continua l&#8217;impegno dell&#8217;AVIS con la scuola","datePublished":"2025-05-14T10:48:10+00:00","mainEntityOfPage":{"@id":"https:\/\/progettotouring.it\/radiotouring104\/2025\/05\/14\/molochio-continua-limpegno-dellavis-con-la-scuola\/"},"wordCount":313,"publisher":{"@id":"https:\/\/progettotouring.it\/radiotouring104\/#organization"},"image":{"@id":"https:\/\/progettotouring.it\/radiotouring104\/2025\/05\/14\/molochio-continua-limpegno-dellavis-con-la-scuola\/#primaryimage"},"thumbnailUrl":"https:\/\/progettotouring.it\/radiotouring104\/wp-content\/uploads\/sites\/6\/2025\/05\/Incontro-sul-bullismo-con-lAvis.jpeg","keywords":["Avis","Christian Bartolomeo","libro \"Passi a perdere\"","Molochio","Santuario Maria SS. Immacolata di Lourdes","scuola"],"articleSection":["Home","News","Reggio Calabria"],"inLanguage":"it-IT"},{"@type":"WebPage","@id":"https:\/\/progettotouring.it\/radiotouring104\/2025\/05\/14\/molochio-continua-limpegno-dellavis-con-la-scuola\/","url":"https:\/\/progettotouring.it\/radiotouring104\/2025\/05\/14\/molochio-continua-limpegno-dellavis-con-la-scuola\/","name":"Molochio: continua l'impegno dell'AVIS con la scuola","isPartOf":{"@id":"https:\/\/progettotouring.it\/radiotouring104\/#website"},"primaryImageOfPage":{"@id":"https:\/\/progettotouring.it\/radiotouring104\/2025\/05\/14\/molochio-continua-limpegno-dellavis-con-la-scuola\/#primaryimage"},"image":{"@id":"https:\/\/progettotouring.it\/radiotouring104\/2025\/05\/14\/molochio-continua-limpegno-dellavis-con-la-scuola\/#primaryimage"},"thumbnailUrl":"https:\/\/progettotouring.it\/radiotouring104\/wp-content\/uploads\/sites\/6\/2025\/05\/Incontro-sul-bullismo-con-lAvis.jpeg","datePublished":"2025-05-14T10:48:10+00:00","description":"Svolto al Santuario Maria SS. Immacolata di Lourdes, l' incontro tra studenti e Christian Bartolomeo, autore del libro \"Passi a perdere\"","breadcrumb":{"@id":"https:\/\/progettotouring.it\/radiotouring104\/2025\/05\/14\/molochio-continua-limpegno-dellavis-con-la-scuola\/#breadcrumb"},"inLanguage":"it-IT","potentialAction":[{"@type":"ReadAction","target":["https:\/\/progettotouring.it\/radiotouring104\/2025\/05\/14\/molochio-continua-limpegno-dellavis-con-la-scuola\/"]}]},{"@type":"ImageObject","inLanguage":"it-IT","@id":"https:\/\/progettotouring.it\/radiotouring104\/2025\/05\/14\/molochio-continua-limpegno-dellavis-con-la-scuola\/#primaryimage","url":"https:\/\/progettotouring.it\/radiotouring104\/wp-content\/uploads\/sites\/6\/2025\/05\/Incontro-sul-bullismo-con-lAvis.jpeg","contentUrl":"https:\/\/progettotouring.it\/radiotouring104\/wp-content\/uploads\/sites\/6\/2025\/05\/Incontro-sul-bullismo-con-lAvis.jpeg","width":1179,"height":518},{"@type":"BreadcrumbList","@id":"https:\/\/progettotouring.it\/radiotouring104\/2025\/05\/14\/molochio-continua-limpegno-dellavis-con-la-scuola\/#breadcrumb","itemListElement":[{"@type":"ListItem","position":1,"name":"Home","item":"https:\/\/progettotouring.it\/radiotouring104\/"},{"@type":"ListItem","position":2,"name":"Molochio: continua l&#8217;impegno dell&#8217;AVIS con la scuola"}]},{"@type":"WebSite","@id":"https:\/\/progettotouring.it\/radiotouring104\/#website","url":"https:\/\/progettotouring.it\/radiotouring104\/","name":"Radio Touring 104","description":"La prima radio Reggina","publisher":{"@id":"https:\/\/progettotouring.it\/radiotouring104\/#organization"},"potentialAction":[{"@type":"SearchAction","target":{"@type":"EntryPoint","urlTemplate":"https:\/\/progettotouring.it\/radiotouring104\/?s={search_term_string}"},"query-input":{"@type":"PropertyValueSpecification","valueRequired":true,"valueName":"search_term_string"}}],"inLanguage":"it-IT"},{"@type":"Organization","@id":"https:\/\/progettotouring.it\/radiotouring104\/#organization","name":"Radio Touring 104","url":"https:\/\/progettotouring.it\/radiotouring104\/","logo":{"@type":"ImageObject","inLanguage":"it-IT","@id":"https:\/\/progettotouring.it\/radiotouring104\/#\/schema\/logo\/image\/","url":"https:\/\/progettotouring.it\/radiotouring104\/wp-content\/uploads\/sites\/6\/2022\/02\/cropped-logo-radio-touring-104.png","contentUrl":"https:\/\/progettotouring.it\/radiotouring104\/wp-content\/uploads\/sites\/6\/2022\/02\/cropped-logo-radio-touring-104.png","width":377,"height":182,"caption":"Radio Touring 104"},"image":{"@id":"https:\/\/progettotouring.it\/radiotouring104\/#\/schema\/logo\/image\/"}},{"@type":"Person","@id":"https:\/\/progettotouring.it\/radiotouring104\/#\/schema\/person\/78613917f1851f041f7483f5af1d422e","name":"Sebastiano Plutino","image":{"@type":"ImageObject","inLanguage":"it-IT","@id":"https:\/\/secure.gravatar.com\/avatar\/0546ffaa9b79224faf9f2a156b67a529ae861d3287c66c1d8ccfdf909bcba78d?s=96&d=mm&r=g","url":"https:\/\/secure.gravatar.com\/avatar\/0546ffaa9b79224faf9f2a156b67a529ae861d3287c66c1d8ccfdf909bcba78d?s=96&d=mm&r=g","contentUrl":"https:\/\/secure.gravatar.com\/avatar\/0546ffaa9b79224faf9f2a156b67a529ae861d3287c66c1d8ccfdf909bcba78d?s=96&d=mm&r=g","caption":"Sebastiano Plutino"},"url":"https:\/\/progettotouring.it\/radiotouring104\/author\/sebastiano\/"}]}},"jetpack_publicize_connections":[],"jetpack_featured_media_url":"https:\/\/progettotouring.it\/radiotouring104\/wp-content\/uploads\/sites\/6\/2025\/05\/Incontro-sul-bullismo-con-lAvis.jpeg","jetpack_sharing_enabled":true,"_links":{"self":[{"href":"https:\/\/progettotouring.it\/radiotouring104\/wp-json\/wp\/v2\/posts\/73626","targetHints":{"allow":["GET"]}}],"collection":[{"href":"https:\/\/progettotouring.it\/radiotouring104\/wp-json\/wp\/v2\/posts"}],"about":[{"href":"https:\/\/progettotouring.it\/radiotouring104\/wp-json\/wp\/v2\/types\/post"}],"author":[{"embeddable":true,"href":"https:\/\/progettotouring.it\/radiotouring104\/wp-json\/wp\/v2\/users\/12"}],"replies":[{"embeddable":true,"href":"https:\/\/progettotouring.it\/radiotouring104\/wp-json\/wp\/v2\/comments?post=73626"}],"version-history":[{"count":1,"href":"https:\/\/progettotouring.it\/radiotouring104\/wp-json\/wp\/v2\/posts\/73626\/revisions"}],"predecessor-version":[{"id":73629,"href":"https:\/\/progettotouring.it\/radiotouring104\/wp-json\/wp\/v2\/posts\/73626\/revisions\/73629"}],"wp:featuredmedia":[{"embeddable":true,"href":"https:\/\/progettotouring.it\/radiotouring104\/wp-json\/wp\/v2\/media\/73627"}],"wp:attachment":[{"href":"https:\/\/progettotouring.it\/radiotouring104\/wp-json\/wp\/v2\/media?parent=73626"}],"wp:term":[{"taxonomy":"category","embeddable":true,"href":"https:\/\/progettotouring.it\/radiotouring104\/wp-json\/wp\/v2\/categories?post=73626"},{"taxonomy":"post_tag","embeddable":true,"href":"https:\/\/progettotouring.it\/radiotouring104\/wp-json\/wp\/v2\/tags?post=73626"}],"curies":[{"name":"wp","href":"https:\/\/api.w.org\/{rel}","templated":true}]}}