{"id":74268,"date":"2025-05-21T12:47:24","date_gmt":"2025-05-21T10:47:24","guid":{"rendered":"https:\/\/progettotouring.it\/radiotouring104\/?p=74268"},"modified":"2025-05-21T12:47:24","modified_gmt":"2025-05-21T10:47:24","slug":"mediterranea-falcomata-plaude-alla-crescita-dellofferta-formativa","status":"publish","type":"post","link":"https:\/\/progettotouring.it\/radiotouring104\/2025\/05\/21\/mediterranea-falcomata-plaude-alla-crescita-dellofferta-formativa\/","title":{"rendered":"Mediterranea: Falcomat\u00e0 plaude alla crescita dell&#8217;offerta formativa"},"content":{"rendered":"<div>\u201cCresce l\u2019offerta formativa della Mediterranea, segno tangibile di un polo universitario attrezzato per vincere le sfide globali alle quali il nuovo scenario economico e geopolitico si rivolge\u201d &#8211; lo ha dichiarato il Sindaco Giuseppe Falcomat\u00e0 sottolineando quanto il programma 2025-2026 attraverso l\u2019offerta formativa e i servizi dedicati agli studenti, \u201crappresenti la sintesi di una visione ambiziosa che guarda oltre i confini nazionali e continentali. Perch\u00e9 la dimensione internazionale della Mediterranea cresce e si consolida grazie a progetti promossi all\u2019interno di importanti iniziative didattiche in grado di attrarre studenti stranieri e, al contempo, riuscendo a favorire scambi culturali con altre realt\u00e0 prestigiose del panorama mondiale\u201d.<\/p>\n<p>\u201cUn ventaglio di opportunit\u00e0 per il nuovo anno accademico &#8211; ha ribadito Falcomat\u00e0, che ha partecipato al momento conclusivo della giornata di lancio dell\u2019anno accademico #Orienta Evento di Primavera &#8211; che rafforza ancora di pi\u00f9 la vocazione di Reggio Calabria come citt\u00e0 universitaria, che, con un\u2019offerta formativa di altissima qualit\u00e0, punta a trattenere e portare in citt\u00e0, sempre pi\u00f9 i giovani che sceglieranno di gettare le basi del proprio futuro in riva allo Stretto\u201d.<\/p>\n<\/div>\n<div>\u201cCome Amministrazione, sia comunale che metropolitana, &#8211; ha concluso il sindaco &#8211; guardiamo con attenzione, convinti dell\u2019indispensabile sinergia interistituzionale, al grande impegno dell\u2019Universit\u00e0 Mediterranea nella \u2018costruzione\u2019 di profili professionali che rappresenteranno la classe dirigente di domani, e pertanto, metteremo in campo ogni azione necessaria\u00a0per garantire e promuovere lo sviluppo del sistema universitario reggino\u201d.<\/div>\n","protected":false},"excerpt":{"rendered":"<p>\u201cCresce l\u2019offerta formativa della Mediterranea, segno tangibile di un polo universitario attrezzato per vincere le sfide globali alle quali il nuovo scenario economico e geopolitico si rivolge\u201d &#8211; lo ha&hellip;<\/p>\n","protected":false},"author":12,"featured_media":74269,"comment_status":"closed","ping_status":"open","sticky":false,"template":"","format":"standard","meta":{"_jetpack_memberships_contains_paid_content":false,"footnotes":"","jetpack_publicize_message":"","jetpack_publicize_feature_enabled":true,"jetpack_social_post_already_shared":true,"jetpack_social_options":{"image_generator_settings":{"template":"highway","default_image_id":0,"font":"","enabled":false},"version":2}},"categories":[921,196,140],"tags":[40439,30465,1809,369],"class_list":["post-74268","post","type-post","status-publish","format-standard","has-post-thumbnail","hentry","category-home","category-news","category-reggio-calabria","tag-anno-accademico-2025-26","tag-falcomata-giuseppe","tag-offerta-formativa","tag-universita-mediterranea"],"yoast_head":"<!-- This site is optimized with the Yoast SEO plugin v27.2 - https:\/\/yoast.com\/product\/yoast-seo-wordpress\/ -->\n<title>Mediterranea: Falcomat\u00e0 plaude alla crescita dell&#039;offerta formativa<\/title>\n<meta name=\"description\" content=\"\u201cSinergia istituzionale per promuovere lo sviluppo del sistema universitario\u201d, dichiara il Sindaco Falcomat\u00e0\" \/>\n<meta name=\"robots\" content=\"index, follow, max-snippet:-1, max-image-preview:large, max-video-preview:-1\" \/>\n<link rel=\"canonical\" href=\"https:\/\/progettotouring.it\/radiotouring104\/2025\/05\/21\/mediterranea-falcomata-plaude-alla-crescita-dellofferta-formativa\/\" \/>\n<meta property=\"og:locale\" content=\"it_IT\" \/>\n<meta property=\"og:type\" content=\"article\" \/>\n<meta property=\"og:title\" content=\"Mediterranea: Falcomat\u00e0 plaude alla crescita dell&#039;offerta formativa\" \/>\n<meta property=\"og:description\" content=\"\u201cSinergia istituzionale per promuovere lo sviluppo del sistema universitario\u201d, dichiara il Sindaco Falcomat\u00e0\" \/>\n<meta property=\"og:url\" content=\"https:\/\/progettotouring.it\/radiotouring104\/2025\/05\/21\/mediterranea-falcomata-plaude-alla-crescita-dellofferta-formativa\/\" \/>\n<meta property=\"og:site_name\" content=\"Radio Touring 104\" \/>\n<meta property=\"article:published_time\" content=\"2025-05-21T10:47:24+00:00\" \/>\n<meta property=\"og:image\" content=\"https:\/\/progettotouring.it\/radiotouring104\/wp-content\/uploads\/sites\/6\/2025\/05\/orientamento-festa-di-primavera.jpeg\" \/>\n\t<meta property=\"og:image:width\" content=\"2560\" \/>\n\t<meta property=\"og:image:height\" content=\"1706\" \/>\n\t<meta property=\"og:image:type\" content=\"image\/jpeg\" \/>\n<meta name=\"author\" content=\"Sebastiano Plutino\" \/>\n<meta name=\"twitter:card\" content=\"summary_large_image\" \/>\n<meta name=\"twitter:label1\" content=\"Scritto da\" \/>\n\t<meta name=\"twitter:data1\" content=\"Sebastiano Plutino\" \/>\n\t<meta name=\"twitter:label2\" content=\"Tempo di lettura stimato\" \/>\n\t<meta name=\"twitter:data2\" content=\"1 minuto\" \/>\n<script type=\"application\/ld+json\" class=\"yoast-schema-graph\">{\"@context\":\"https:\/\/schema.org\",\"@graph\":[{\"@type\":\"Article\",\"@id\":\"https:\/\/progettotouring.it\/radiotouring104\/2025\/05\/21\/mediterranea-falcomata-plaude-alla-crescita-dellofferta-formativa\/#article\",\"isPartOf\":{\"@id\":\"https:\/\/progettotouring.it\/radiotouring104\/2025\/05\/21\/mediterranea-falcomata-plaude-alla-crescita-dellofferta-formativa\/\"},\"author\":{\"name\":\"Sebastiano Plutino\",\"@id\":\"https:\/\/progettotouring.it\/radiotouring104\/#\/schema\/person\/78613917f1851f041f7483f5af1d422e\"},\"headline\":\"Mediterranea: Falcomat\u00e0 plaude alla crescita dell&#8217;offerta formativa\",\"datePublished\":\"2025-05-21T10:47:24+00:00\",\"mainEntityOfPage\":{\"@id\":\"https:\/\/progettotouring.it\/radiotouring104\/2025\/05\/21\/mediterranea-falcomata-plaude-alla-crescita-dellofferta-formativa\/\"},\"wordCount\":246,\"publisher\":{\"@id\":\"https:\/\/progettotouring.it\/radiotouring104\/#organization\"},\"image\":{\"@id\":\"https:\/\/progettotouring.it\/radiotouring104\/2025\/05\/21\/mediterranea-falcomata-plaude-alla-crescita-dellofferta-formativa\/#primaryimage\"},\"thumbnailUrl\":\"https:\/\/progettotouring.it\/radiotouring104\/wp-content\/uploads\/sites\/6\/2025\/05\/orientamento-festa-di-primavera.jpeg\",\"keywords\":[\"anno accademico 2025\/26\",\"Falcomat\u00e0 Giuseppe\",\"offerta formativa\",\"universit\u00e0 mediterranea\"],\"articleSection\":[\"Home\",\"News\",\"Reggio Calabria\"],\"inLanguage\":\"it-IT\"},{\"@type\":\"WebPage\",\"@id\":\"https:\/\/progettotouring.it\/radiotouring104\/2025\/05\/21\/mediterranea-falcomata-plaude-alla-crescita-dellofferta-formativa\/\",\"url\":\"https:\/\/progettotouring.it\/radiotouring104\/2025\/05\/21\/mediterranea-falcomata-plaude-alla-crescita-dellofferta-formativa\/\",\"name\":\"Mediterranea: Falcomat\u00e0 plaude alla crescita dell'offerta formativa\",\"isPartOf\":{\"@id\":\"https:\/\/progettotouring.it\/radiotouring104\/#website\"},\"primaryImageOfPage\":{\"@id\":\"https:\/\/progettotouring.it\/radiotouring104\/2025\/05\/21\/mediterranea-falcomata-plaude-alla-crescita-dellofferta-formativa\/#primaryimage\"},\"image\":{\"@id\":\"https:\/\/progettotouring.it\/radiotouring104\/2025\/05\/21\/mediterranea-falcomata-plaude-alla-crescita-dellofferta-formativa\/#primaryimage\"},\"thumbnailUrl\":\"https:\/\/progettotouring.it\/radiotouring104\/wp-content\/uploads\/sites\/6\/2025\/05\/orientamento-festa-di-primavera.jpeg\",\"datePublished\":\"2025-05-21T10:47:24+00:00\",\"description\":\"\u201cSinergia istituzionale per promuovere lo sviluppo del sistema universitario\u201d, dichiara il Sindaco Falcomat\u00e0\",\"breadcrumb\":{\"@id\":\"https:\/\/progettotouring.it\/radiotouring104\/2025\/05\/21\/mediterranea-falcomata-plaude-alla-crescita-dellofferta-formativa\/#breadcrumb\"},\"inLanguage\":\"it-IT\",\"potentialAction\":[{\"@type\":\"ReadAction\",\"target\":[\"https:\/\/progettotouring.it\/radiotouring104\/2025\/05\/21\/mediterranea-falcomata-plaude-alla-crescita-dellofferta-formativa\/\"]}]},{\"@type\":\"ImageObject\",\"inLanguage\":\"it-IT\",\"@id\":\"https:\/\/progettotouring.it\/radiotouring104\/2025\/05\/21\/mediterranea-falcomata-plaude-alla-crescita-dellofferta-formativa\/#primaryimage\",\"url\":\"https:\/\/progettotouring.it\/radiotouring104\/wp-content\/uploads\/sites\/6\/2025\/05\/orientamento-festa-di-primavera.jpeg\",\"contentUrl\":\"https:\/\/progettotouring.it\/radiotouring104\/wp-content\/uploads\/sites\/6\/2025\/05\/orientamento-festa-di-primavera.jpeg\",\"width\":2560,\"height\":1706},{\"@type\":\"BreadcrumbList\",\"@id\":\"https:\/\/progettotouring.it\/radiotouring104\/2025\/05\/21\/mediterranea-falcomata-plaude-alla-crescita-dellofferta-formativa\/#breadcrumb\",\"itemListElement\":[{\"@type\":\"ListItem\",\"position\":1,\"name\":\"Home\",\"item\":\"https:\/\/progettotouring.it\/radiotouring104\/\"},{\"@type\":\"ListItem\",\"position\":2,\"name\":\"Mediterranea: Falcomat\u00e0 plaude alla crescita dell&#8217;offerta formativa\"}]},{\"@type\":\"WebSite\",\"@id\":\"https:\/\/progettotouring.it\/radiotouring104\/#website\",\"url\":\"https:\/\/progettotouring.it\/radiotouring104\/\",\"name\":\"Radio Touring 104\",\"description\":\"La prima radio Reggina\",\"publisher\":{\"@id\":\"https:\/\/progettotouring.it\/radiotouring104\/#organization\"},\"potentialAction\":[{\"@type\":\"SearchAction\",\"target\":{\"@type\":\"EntryPoint\",\"urlTemplate\":\"https:\/\/progettotouring.it\/radiotouring104\/?s={search_term_string}\"},\"query-input\":{\"@type\":\"PropertyValueSpecification\",\"valueRequired\":true,\"valueName\":\"search_term_string\"}}],\"inLanguage\":\"it-IT\"},{\"@type\":\"Organization\",\"@id\":\"https:\/\/progettotouring.it\/radiotouring104\/#organization\",\"name\":\"Radio Touring 104\",\"url\":\"https:\/\/progettotouring.it\/radiotouring104\/\",\"logo\":{\"@type\":\"ImageObject\",\"inLanguage\":\"it-IT\",\"@id\":\"https:\/\/progettotouring.it\/radiotouring104\/#\/schema\/logo\/image\/\",\"url\":\"https:\/\/progettotouring.it\/radiotouring104\/wp-content\/uploads\/sites\/6\/2022\/02\/cropped-logo-radio-touring-104.png\",\"contentUrl\":\"https:\/\/progettotouring.it\/radiotouring104\/wp-content\/uploads\/sites\/6\/2022\/02\/cropped-logo-radio-touring-104.png\",\"width\":377,\"height\":182,\"caption\":\"Radio Touring 104\"},\"image\":{\"@id\":\"https:\/\/progettotouring.it\/radiotouring104\/#\/schema\/logo\/image\/\"}},{\"@type\":\"Person\",\"@id\":\"https:\/\/progettotouring.it\/radiotouring104\/#\/schema\/person\/78613917f1851f041f7483f5af1d422e\",\"name\":\"Sebastiano Plutino\",\"image\":{\"@type\":\"ImageObject\",\"inLanguage\":\"it-IT\",\"@id\":\"https:\/\/secure.gravatar.com\/avatar\/0546ffaa9b79224faf9f2a156b67a529ae861d3287c66c1d8ccfdf909bcba78d?s=96&d=mm&r=g\",\"url\":\"https:\/\/secure.gravatar.com\/avatar\/0546ffaa9b79224faf9f2a156b67a529ae861d3287c66c1d8ccfdf909bcba78d?s=96&d=mm&r=g\",\"contentUrl\":\"https:\/\/secure.gravatar.com\/avatar\/0546ffaa9b79224faf9f2a156b67a529ae861d3287c66c1d8ccfdf909bcba78d?s=96&d=mm&r=g\",\"caption\":\"Sebastiano Plutino\"},\"url\":\"https:\/\/progettotouring.it\/radiotouring104\/author\/sebastiano\/\"}]}<\/script>\n<!-- \/ Yoast SEO plugin. -->","yoast_head_json":{"title":"Mediterranea: Falcomat\u00e0 plaude alla crescita dell'offerta formativa","description":"\u201cSinergia istituzionale per promuovere lo sviluppo del sistema universitario\u201d, dichiara il Sindaco Falcomat\u00e0","robots":{"index":"index","follow":"follow","max-snippet":"max-snippet:-1","max-image-preview":"max-image-preview:large","max-video-preview":"max-video-preview:-1"},"canonical":"https:\/\/progettotouring.it\/radiotouring104\/2025\/05\/21\/mediterranea-falcomata-plaude-alla-crescita-dellofferta-formativa\/","og_locale":"it_IT","og_type":"article","og_title":"Mediterranea: Falcomat\u00e0 plaude alla crescita dell'offerta formativa","og_description":"\u201cSinergia istituzionale per promuovere lo sviluppo del sistema universitario\u201d, dichiara il Sindaco Falcomat\u00e0","og_url":"https:\/\/progettotouring.it\/radiotouring104\/2025\/05\/21\/mediterranea-falcomata-plaude-alla-crescita-dellofferta-formativa\/","og_site_name":"Radio Touring 104","article_published_time":"2025-05-21T10:47:24+00:00","og_image":[{"width":2560,"height":1706,"url":"https:\/\/progettotouring.it\/radiotouring104\/wp-content\/uploads\/sites\/6\/2025\/05\/orientamento-festa-di-primavera.jpeg","type":"image\/jpeg"}],"author":"Sebastiano Plutino","twitter_card":"summary_large_image","twitter_misc":{"Scritto da":"Sebastiano Plutino","Tempo di lettura stimato":"1 minuto"},"schema":{"@context":"https:\/\/schema.org","@graph":[{"@type":"Article","@id":"https:\/\/progettotouring.it\/radiotouring104\/2025\/05\/21\/mediterranea-falcomata-plaude-alla-crescita-dellofferta-formativa\/#article","isPartOf":{"@id":"https:\/\/progettotouring.it\/radiotouring104\/2025\/05\/21\/mediterranea-falcomata-plaude-alla-crescita-dellofferta-formativa\/"},"author":{"name":"Sebastiano Plutino","@id":"https:\/\/progettotouring.it\/radiotouring104\/#\/schema\/person\/78613917f1851f041f7483f5af1d422e"},"headline":"Mediterranea: Falcomat\u00e0 plaude alla crescita dell&#8217;offerta formativa","datePublished":"2025-05-21T10:47:24+00:00","mainEntityOfPage":{"@id":"https:\/\/progettotouring.it\/radiotouring104\/2025\/05\/21\/mediterranea-falcomata-plaude-alla-crescita-dellofferta-formativa\/"},"wordCount":246,"publisher":{"@id":"https:\/\/progettotouring.it\/radiotouring104\/#organization"},"image":{"@id":"https:\/\/progettotouring.it\/radiotouring104\/2025\/05\/21\/mediterranea-falcomata-plaude-alla-crescita-dellofferta-formativa\/#primaryimage"},"thumbnailUrl":"https:\/\/progettotouring.it\/radiotouring104\/wp-content\/uploads\/sites\/6\/2025\/05\/orientamento-festa-di-primavera.jpeg","keywords":["anno accademico 2025\/26","Falcomat\u00e0 Giuseppe","offerta formativa","universit\u00e0 mediterranea"],"articleSection":["Home","News","Reggio Calabria"],"inLanguage":"it-IT"},{"@type":"WebPage","@id":"https:\/\/progettotouring.it\/radiotouring104\/2025\/05\/21\/mediterranea-falcomata-plaude-alla-crescita-dellofferta-formativa\/","url":"https:\/\/progettotouring.it\/radiotouring104\/2025\/05\/21\/mediterranea-falcomata-plaude-alla-crescita-dellofferta-formativa\/","name":"Mediterranea: Falcomat\u00e0 plaude alla crescita dell'offerta formativa","isPartOf":{"@id":"https:\/\/progettotouring.it\/radiotouring104\/#website"},"primaryImageOfPage":{"@id":"https:\/\/progettotouring.it\/radiotouring104\/2025\/05\/21\/mediterranea-falcomata-plaude-alla-crescita-dellofferta-formativa\/#primaryimage"},"image":{"@id":"https:\/\/progettotouring.it\/radiotouring104\/2025\/05\/21\/mediterranea-falcomata-plaude-alla-crescita-dellofferta-formativa\/#primaryimage"},"thumbnailUrl":"https:\/\/progettotouring.it\/radiotouring104\/wp-content\/uploads\/sites\/6\/2025\/05\/orientamento-festa-di-primavera.jpeg","datePublished":"2025-05-21T10:47:24+00:00","description":"\u201cSinergia istituzionale per promuovere lo sviluppo del sistema universitario\u201d, dichiara il Sindaco Falcomat\u00e0","breadcrumb":{"@id":"https:\/\/progettotouring.it\/radiotouring104\/2025\/05\/21\/mediterranea-falcomata-plaude-alla-crescita-dellofferta-formativa\/#breadcrumb"},"inLanguage":"it-IT","potentialAction":[{"@type":"ReadAction","target":["https:\/\/progettotouring.it\/radiotouring104\/2025\/05\/21\/mediterranea-falcomata-plaude-alla-crescita-dellofferta-formativa\/"]}]},{"@type":"ImageObject","inLanguage":"it-IT","@id":"https:\/\/progettotouring.it\/radiotouring104\/2025\/05\/21\/mediterranea-falcomata-plaude-alla-crescita-dellofferta-formativa\/#primaryimage","url":"https:\/\/progettotouring.it\/radiotouring104\/wp-content\/uploads\/sites\/6\/2025\/05\/orientamento-festa-di-primavera.jpeg","contentUrl":"https:\/\/progettotouring.it\/radiotouring104\/wp-content\/uploads\/sites\/6\/2025\/05\/orientamento-festa-di-primavera.jpeg","width":2560,"height":1706},{"@type":"BreadcrumbList","@id":"https:\/\/progettotouring.it\/radiotouring104\/2025\/05\/21\/mediterranea-falcomata-plaude-alla-crescita-dellofferta-formativa\/#breadcrumb","itemListElement":[{"@type":"ListItem","position":1,"name":"Home","item":"https:\/\/progettotouring.it\/radiotouring104\/"},{"@type":"ListItem","position":2,"name":"Mediterranea: Falcomat\u00e0 plaude alla crescita dell&#8217;offerta formativa"}]},{"@type":"WebSite","@id":"https:\/\/progettotouring.it\/radiotouring104\/#website","url":"https:\/\/progettotouring.it\/radiotouring104\/","name":"Radio Touring 104","description":"La prima radio Reggina","publisher":{"@id":"https:\/\/progettotouring.it\/radiotouring104\/#organization"},"potentialAction":[{"@type":"SearchAction","target":{"@type":"EntryPoint","urlTemplate":"https:\/\/progettotouring.it\/radiotouring104\/?s={search_term_string}"},"query-input":{"@type":"PropertyValueSpecification","valueRequired":true,"valueName":"search_term_string"}}],"inLanguage":"it-IT"},{"@type":"Organization","@id":"https:\/\/progettotouring.it\/radiotouring104\/#organization","name":"Radio Touring 104","url":"https:\/\/progettotouring.it\/radiotouring104\/","logo":{"@type":"ImageObject","inLanguage":"it-IT","@id":"https:\/\/progettotouring.it\/radiotouring104\/#\/schema\/logo\/image\/","url":"https:\/\/progettotouring.it\/radiotouring104\/wp-content\/uploads\/sites\/6\/2022\/02\/cropped-logo-radio-touring-104.png","contentUrl":"https:\/\/progettotouring.it\/radiotouring104\/wp-content\/uploads\/sites\/6\/2022\/02\/cropped-logo-radio-touring-104.png","width":377,"height":182,"caption":"Radio Touring 104"},"image":{"@id":"https:\/\/progettotouring.it\/radiotouring104\/#\/schema\/logo\/image\/"}},{"@type":"Person","@id":"https:\/\/progettotouring.it\/radiotouring104\/#\/schema\/person\/78613917f1851f041f7483f5af1d422e","name":"Sebastiano Plutino","image":{"@type":"ImageObject","inLanguage":"it-IT","@id":"https:\/\/secure.gravatar.com\/avatar\/0546ffaa9b79224faf9f2a156b67a529ae861d3287c66c1d8ccfdf909bcba78d?s=96&d=mm&r=g","url":"https:\/\/secure.gravatar.com\/avatar\/0546ffaa9b79224faf9f2a156b67a529ae861d3287c66c1d8ccfdf909bcba78d?s=96&d=mm&r=g","contentUrl":"https:\/\/secure.gravatar.com\/avatar\/0546ffaa9b79224faf9f2a156b67a529ae861d3287c66c1d8ccfdf909bcba78d?s=96&d=mm&r=g","caption":"Sebastiano Plutino"},"url":"https:\/\/progettotouring.it\/radiotouring104\/author\/sebastiano\/"}]}},"jetpack_publicize_connections":[],"jetpack_featured_media_url":"https:\/\/progettotouring.it\/radiotouring104\/wp-content\/uploads\/sites\/6\/2025\/05\/orientamento-festa-di-primavera.jpeg","jetpack_sharing_enabled":true,"_links":{"self":[{"href":"https:\/\/progettotouring.it\/radiotouring104\/wp-json\/wp\/v2\/posts\/74268","targetHints":{"allow":["GET"]}}],"collection":[{"href":"https:\/\/progettotouring.it\/radiotouring104\/wp-json\/wp\/v2\/posts"}],"about":[{"href":"https:\/\/progettotouring.it\/radiotouring104\/wp-json\/wp\/v2\/types\/post"}],"author":[{"embeddable":true,"href":"https:\/\/progettotouring.it\/radiotouring104\/wp-json\/wp\/v2\/users\/12"}],"replies":[{"embeddable":true,"href":"https:\/\/progettotouring.it\/radiotouring104\/wp-json\/wp\/v2\/comments?post=74268"}],"version-history":[{"count":1,"href":"https:\/\/progettotouring.it\/radiotouring104\/wp-json\/wp\/v2\/posts\/74268\/revisions"}],"predecessor-version":[{"id":74270,"href":"https:\/\/progettotouring.it\/radiotouring104\/wp-json\/wp\/v2\/posts\/74268\/revisions\/74270"}],"wp:featuredmedia":[{"embeddable":true,"href":"https:\/\/progettotouring.it\/radiotouring104\/wp-json\/wp\/v2\/media\/74269"}],"wp:attachment":[{"href":"https:\/\/progettotouring.it\/radiotouring104\/wp-json\/wp\/v2\/media?parent=74268"}],"wp:term":[{"taxonomy":"category","embeddable":true,"href":"https:\/\/progettotouring.it\/radiotouring104\/wp-json\/wp\/v2\/categories?post=74268"},{"taxonomy":"post_tag","embeddable":true,"href":"https:\/\/progettotouring.it\/radiotouring104\/wp-json\/wp\/v2\/tags?post=74268"}],"curies":[{"name":"wp","href":"https:\/\/api.w.org\/{rel}","templated":true}]}}