{"id":74271,"date":"2025-05-21T12:52:56","date_gmt":"2025-05-21T10:52:56","guid":{"rendered":"https:\/\/progettotouring.it\/radiotouring104\/?p=74271"},"modified":"2025-05-21T12:52:56","modified_gmt":"2025-05-21T10:52:56","slug":"la-ii-e-vii-commissione-del-comune-tra-gli-studenti-del-liceo-artistico-m-preti-a-frangipane","status":"publish","type":"post","link":"https:\/\/progettotouring.it\/radiotouring104\/2025\/05\/21\/la-ii-e-vii-commissione-del-comune-tra-gli-studenti-del-liceo-artistico-m-preti-a-frangipane\/","title":{"rendered":"La II e VII Commissione del Comune tra gli studenti del liceo artistico &#8220;M. Preti A. Frangipane&#8221;"},"content":{"rendered":"<p>Un confronto libero, autentico e coraggioso, in cui i ragazzi si sono espressi con sincerit\u00e0, condividendo paure, dubbi, esigenze e critiche con fiducia, a cuore aperto, davanti ai rappresentanti istituzionali bipartisan. La Seconda Commissione Affari Istituzionali, presieduta da Giuseppe Marino, e la Settima Commissione Istruzione si sono riunite in seduta congiunta, all&#8217;esterno, presso il Liceo Artistico &#8220;M. Preti A. Frangipane&#8221;, per sviluppare il tema \u201cDialoghi con i giovani sul tema della democrazia: al cuore della democrazia\u201d. L\u2019incontro \u00e8 stato fortemente voluto dalla dirigente scolastica Lucia Zavettieri e seguito dalla docente Barbara Princi.<\/p>\n<p>Per i rappresentanti dell\u2019Amministrazione, l\u2019incontro \u00e8 stato un\u2019opportunit\u00e0 per prendere consapevolezza del sentire dei pi\u00f9 giovani, che rappresentano non solo il futuro, ma anche il presente. Erano presenti il Sindaco Giuseppe Falcomat\u00e0, il Presidente del Consiglio Enzo Marra, il Vicesindaco metropolitano Carmelo Versace, le Assessore Anna Briante e Lucia Nucera, nonch\u00e9 i Consiglieri comunali Franco Barreca, Deborah Novarro, Pino Cuzzocrea, Giuseppe Giordano, Maria Ranieri, Filippo Quartuccio, Santo Bongani, Guido Rulli, Demetrio Marino e Giuseppe De Biasi.<\/p>\n<p>Questa iniziativa nasce con l\u2019obiettivo di portare il Consiglio comunale fuori dall\u2019aula consiliare di Palazzo San Giorgio per farlo entrare nelle scuole reggine. Sar\u00e0 replicata anche in altri istituti, con l\u2019intento di ridurre la distanza tra i giovani e le istituzioni, continuando ad ascoltare le voci degli studenti e comprendendo gli ostacoli che limitano la loro partecipazione democratica alla vita pubblica.<\/p>\n<p>\u00abUn incontro speciale &#8211; ha dichiarato la dirigente scolastica &#8211; che riproduce il lavoro di due commissioni consiliari per un momento di alta democrazia. Per questo motivo, abbiamo aderito subito all\u2019iniziativa. La nostra scuola soffre molto la mancanza di fiducia, che dipende da scelte legislative che non ci aiutano e ci fanno sentire soli. Ma ci\u00f2 non ci impedisce di vivere momenti significativi come questo\u00bb. La dirigente ha fatto riferimento al paventato accorpamento tra il Liceo Artistico e il Liceo Campanella.<\/p>\n<p>Giuseppe Marino ha sottolineato l\u2019importanza di uscire dalle istituzioni per ascoltare i giovani: \u00abSiete importanti non solo come giovani generazioni o come studenti, ma come individui, ciascuno di voi \u00e8 una risorsa, un talento al servizio della citt\u00e0 e del paese. Nella Costituzione c\u2019\u00e8 un passaggio fondamentale che riconosce il diritto di esprimere il vostro pensiero e contribuire alla vita della comunit\u00e0. Vogliamo ascoltarvi\u00bb.<\/p>\n<p>Il Sindaco ha accolto inizialmente il grido di dolore relativo al possibile accorpamento, dichiarando la ferma volont\u00e0 di opporsi come Citt\u00e0 Metropolitana, pur riconoscendo che \u00ab\u00e8 una battaglia che dovremo portare su altri livelli\u00bb. Poi ha continuato: \u00abAprire un confronto sulla partecipazione alla vita politica in un momento in cui i fondamenti dello Stato sono messi in discussione \u00e8 fondamentale. Viviamo un momento drammatico, perch\u00e9 chi dovrebbe incoraggiare la partecipazione spesso ci invita a restare a casa, e chi resta a casa non ha diritto di lamentarsi. Non possiamo arrenderci a questa visione distorta, come rappresentanti delle istituzioni, dobbiamo mantenere viva la partecipazione democratica, perch\u00e9 la politica \u00e8 qualcosa di quotidiano. Se non siete protagonisti, sarete solo spettatori di uno spettacolo in cui non avrete scritto una riga\u00bb.<\/p>\n<p>Il Sindaco ha poi posto l\u2019accento su temi globali, come la sofferenza dei bambini palestinesi: \u00abQuanti sapete dei 15.000 bambini palestinesi uccisi nel silenzio generale? Queste notizie devono far riflettere, perch\u00e9 se non fermiamo questa deriva, potrebbe accadere anche a noi ci\u00f2 che oggi sembra solo una fantasia. Chi avrebbe potuto pensare che, dopo anni di pace, potessero nascere questi conflitti?\u00bb.<\/p>\n<p>Nel corso di quasi due ore di discussione, gli studenti del liceo sono intervenuti numerosi, esprimendo le loro perplessit\u00e0 e i conflitti che incontrano nel vivere la politica quotidianamente, spesso ricevendo disincentivi anche da chi dovrebbe essere loro vicino. I consiglieri e gli assessori si sono alternati, fornendo il loro punto di vista sulle dinamiche portate dal confronto.<\/p>\n<p>A chiudere l&#8217;incontro sono state ancora una volta le parole del Sindaco: \u00abNon bisogna usare il passato come scusa per non credere nel futuro. Questa \u00e8 la sintesi migliore di questa giornata. Tra i ragazzi e gli adulti, questo \u00e8 spesso un alibi per il mancato impegno. Credo che, al di l\u00e0 delle parole, servano esempi positivi. Pensate cosa sarebbe stato il mondo se ognuno di noi si fosse fermato al primo \u201clascia perdere\u201d. La strada si trova da soli, a costo di sbagliare, in qualsiasi campo: nel lavoro, nella famiglia. Dobbiamo essere leali con noi stessi e impegnarci, perch\u00e9 la vita \u00e8 una sola\u00bb. Alla fine dell\u2019incontro, ai ragazzi \u00e8 stata consegnata una copia della Costituzione.<\/p>\n","protected":false},"excerpt":{"rendered":"<p>Un confronto libero, autentico e coraggioso, in cui i ragazzi si sono espressi con sincerit\u00e0, condividendo paure, dubbi, esigenze e critiche con fiducia, a cuore aperto, davanti ai rappresentanti istituzionali&hellip;<\/p>\n","protected":false},"author":12,"featured_media":0,"comment_status":"closed","ping_status":"open","sticky":false,"template":"","format":"standard","meta":{"_jetpack_memberships_contains_paid_content":false,"footnotes":"","jetpack_publicize_message":"","jetpack_publicize_feature_enabled":true,"jetpack_social_post_already_shared":true,"jetpack_social_options":{"image_generator_settings":{"template":"highway","default_image_id":0,"font":"","enabled":false},"version":2}},"categories":[921,196,140],"tags":[43858,9778,812,43857,7439,38172],"class_list":["post-74271","post","type-post","status-publish","format-standard","hentry","category-home","category-news","category-reggio-calabria","tag-commissioni-incontrano-studenti","tag-comune-di-reggio","tag-giuseppe-falcomata","tag-liceo-artistico-m-preti-a-frangipane","tag-seconda-commissione","tag-settima-commissione"],"yoast_head":"<!-- This site is optimized with the Yoast SEO plugin v27.2 - https:\/\/yoast.com\/product\/yoast-seo-wordpress\/ -->\n<title>La II e VII Commissione tra gli studenti &quot;M. Preti A. Frangipane&quot;<\/title>\n<meta name=\"description\" content=\"I ragazzi dell\u2019istituto protagonisti di un confronto libero in cui hanno manifestato esigenze e critiche con fiducia\" \/>\n<meta name=\"robots\" content=\"index, follow, max-snippet:-1, max-image-preview:large, max-video-preview:-1\" \/>\n<link rel=\"canonical\" href=\"https:\/\/progettotouring.it\/radiotouring104\/2025\/05\/21\/la-ii-e-vii-commissione-del-comune-tra-gli-studenti-del-liceo-artistico-m-preti-a-frangipane\/\" \/>\n<meta property=\"og:locale\" content=\"it_IT\" \/>\n<meta property=\"og:type\" content=\"article\" \/>\n<meta property=\"og:title\" content=\"La II e VII Commissione tra gli studenti &quot;M. Preti A. Frangipane&quot;\" \/>\n<meta property=\"og:description\" content=\"I ragazzi dell\u2019istituto protagonisti di un confronto libero in cui hanno manifestato esigenze e critiche con fiducia\" \/>\n<meta property=\"og:url\" content=\"https:\/\/progettotouring.it\/radiotouring104\/2025\/05\/21\/la-ii-e-vii-commissione-del-comune-tra-gli-studenti-del-liceo-artistico-m-preti-a-frangipane\/\" \/>\n<meta property=\"og:site_name\" content=\"Radio Touring 104\" \/>\n<meta property=\"article:published_time\" content=\"2025-05-21T10:52:56+00:00\" \/>\n<meta name=\"author\" content=\"Sebastiano Plutino\" \/>\n<meta name=\"twitter:card\" content=\"summary_large_image\" \/>\n<meta name=\"twitter:label1\" content=\"Scritto da\" \/>\n\t<meta name=\"twitter:data1\" content=\"Sebastiano Plutino\" \/>\n\t<meta name=\"twitter:label2\" content=\"Tempo di lettura stimato\" \/>\n\t<meta name=\"twitter:data2\" content=\"4 minuti\" \/>\n<script type=\"application\/ld+json\" class=\"yoast-schema-graph\">{\"@context\":\"https:\/\/schema.org\",\"@graph\":[{\"@type\":\"Article\",\"@id\":\"https:\/\/progettotouring.it\/radiotouring104\/2025\/05\/21\/la-ii-e-vii-commissione-del-comune-tra-gli-studenti-del-liceo-artistico-m-preti-a-frangipane\/#article\",\"isPartOf\":{\"@id\":\"https:\/\/progettotouring.it\/radiotouring104\/2025\/05\/21\/la-ii-e-vii-commissione-del-comune-tra-gli-studenti-del-liceo-artistico-m-preti-a-frangipane\/\"},\"author\":{\"name\":\"Sebastiano Plutino\",\"@id\":\"https:\/\/progettotouring.it\/radiotouring104\/#\/schema\/person\/78613917f1851f041f7483f5af1d422e\"},\"headline\":\"La II e VII Commissione del Comune tra gli studenti del liceo artistico &#8220;M. Preti A. Frangipane&#8221;\",\"datePublished\":\"2025-05-21T10:52:56+00:00\",\"mainEntityOfPage\":{\"@id\":\"https:\/\/progettotouring.it\/radiotouring104\/2025\/05\/21\/la-ii-e-vii-commissione-del-comune-tra-gli-studenti-del-liceo-artistico-m-preti-a-frangipane\/\"},\"wordCount\":755,\"publisher\":{\"@id\":\"https:\/\/progettotouring.it\/radiotouring104\/#organization\"},\"keywords\":[\"commissioni incontrano studenti\",\"Comune di Reggio\",\"Giuseppe Falcomat\u00e0\",\"liceo artistico \\\"M. Preti A. Frangipane\\\"\",\"seconda commissione\",\"settima Commissione\"],\"articleSection\":[\"Home\",\"News\",\"Reggio Calabria\"],\"inLanguage\":\"it-IT\"},{\"@type\":\"WebPage\",\"@id\":\"https:\/\/progettotouring.it\/radiotouring104\/2025\/05\/21\/la-ii-e-vii-commissione-del-comune-tra-gli-studenti-del-liceo-artistico-m-preti-a-frangipane\/\",\"url\":\"https:\/\/progettotouring.it\/radiotouring104\/2025\/05\/21\/la-ii-e-vii-commissione-del-comune-tra-gli-studenti-del-liceo-artistico-m-preti-a-frangipane\/\",\"name\":\"La II e VII Commissione tra gli studenti \\\"M. Preti A. Frangipane\\\"\",\"isPartOf\":{\"@id\":\"https:\/\/progettotouring.it\/radiotouring104\/#website\"},\"datePublished\":\"2025-05-21T10:52:56+00:00\",\"description\":\"I ragazzi dell\u2019istituto protagonisti di un confronto libero in cui hanno manifestato esigenze e critiche con fiducia\",\"breadcrumb\":{\"@id\":\"https:\/\/progettotouring.it\/radiotouring104\/2025\/05\/21\/la-ii-e-vii-commissione-del-comune-tra-gli-studenti-del-liceo-artistico-m-preti-a-frangipane\/#breadcrumb\"},\"inLanguage\":\"it-IT\",\"potentialAction\":[{\"@type\":\"ReadAction\",\"target\":[\"https:\/\/progettotouring.it\/radiotouring104\/2025\/05\/21\/la-ii-e-vii-commissione-del-comune-tra-gli-studenti-del-liceo-artistico-m-preti-a-frangipane\/\"]}]},{\"@type\":\"BreadcrumbList\",\"@id\":\"https:\/\/progettotouring.it\/radiotouring104\/2025\/05\/21\/la-ii-e-vii-commissione-del-comune-tra-gli-studenti-del-liceo-artistico-m-preti-a-frangipane\/#breadcrumb\",\"itemListElement\":[{\"@type\":\"ListItem\",\"position\":1,\"name\":\"Home\",\"item\":\"https:\/\/progettotouring.it\/radiotouring104\/\"},{\"@type\":\"ListItem\",\"position\":2,\"name\":\"La II e VII Commissione del Comune tra gli studenti del liceo artistico &#8220;M. Preti A. Frangipane&#8221;\"}]},{\"@type\":\"WebSite\",\"@id\":\"https:\/\/progettotouring.it\/radiotouring104\/#website\",\"url\":\"https:\/\/progettotouring.it\/radiotouring104\/\",\"name\":\"Radio Touring 104\",\"description\":\"La prima radio Reggina\",\"publisher\":{\"@id\":\"https:\/\/progettotouring.it\/radiotouring104\/#organization\"},\"potentialAction\":[{\"@type\":\"SearchAction\",\"target\":{\"@type\":\"EntryPoint\",\"urlTemplate\":\"https:\/\/progettotouring.it\/radiotouring104\/?s={search_term_string}\"},\"query-input\":{\"@type\":\"PropertyValueSpecification\",\"valueRequired\":true,\"valueName\":\"search_term_string\"}}],\"inLanguage\":\"it-IT\"},{\"@type\":\"Organization\",\"@id\":\"https:\/\/progettotouring.it\/radiotouring104\/#organization\",\"name\":\"Radio Touring 104\",\"url\":\"https:\/\/progettotouring.it\/radiotouring104\/\",\"logo\":{\"@type\":\"ImageObject\",\"inLanguage\":\"it-IT\",\"@id\":\"https:\/\/progettotouring.it\/radiotouring104\/#\/schema\/logo\/image\/\",\"url\":\"https:\/\/progettotouring.it\/radiotouring104\/wp-content\/uploads\/sites\/6\/2022\/02\/cropped-logo-radio-touring-104.png\",\"contentUrl\":\"https:\/\/progettotouring.it\/radiotouring104\/wp-content\/uploads\/sites\/6\/2022\/02\/cropped-logo-radio-touring-104.png\",\"width\":377,\"height\":182,\"caption\":\"Radio Touring 104\"},\"image\":{\"@id\":\"https:\/\/progettotouring.it\/radiotouring104\/#\/schema\/logo\/image\/\"}},{\"@type\":\"Person\",\"@id\":\"https:\/\/progettotouring.it\/radiotouring104\/#\/schema\/person\/78613917f1851f041f7483f5af1d422e\",\"name\":\"Sebastiano Plutino\",\"image\":{\"@type\":\"ImageObject\",\"inLanguage\":\"it-IT\",\"@id\":\"https:\/\/secure.gravatar.com\/avatar\/0546ffaa9b79224faf9f2a156b67a529ae861d3287c66c1d8ccfdf909bcba78d?s=96&d=mm&r=g\",\"url\":\"https:\/\/secure.gravatar.com\/avatar\/0546ffaa9b79224faf9f2a156b67a529ae861d3287c66c1d8ccfdf909bcba78d?s=96&d=mm&r=g\",\"contentUrl\":\"https:\/\/secure.gravatar.com\/avatar\/0546ffaa9b79224faf9f2a156b67a529ae861d3287c66c1d8ccfdf909bcba78d?s=96&d=mm&r=g\",\"caption\":\"Sebastiano Plutino\"},\"url\":\"https:\/\/progettotouring.it\/radiotouring104\/author\/sebastiano\/\"}]}<\/script>\n<!-- \/ Yoast SEO plugin. -->","yoast_head_json":{"title":"La II e VII Commissione tra gli studenti \"M. Preti A. Frangipane\"","description":"I ragazzi dell\u2019istituto protagonisti di un confronto libero in cui hanno manifestato esigenze e critiche con fiducia","robots":{"index":"index","follow":"follow","max-snippet":"max-snippet:-1","max-image-preview":"max-image-preview:large","max-video-preview":"max-video-preview:-1"},"canonical":"https:\/\/progettotouring.it\/radiotouring104\/2025\/05\/21\/la-ii-e-vii-commissione-del-comune-tra-gli-studenti-del-liceo-artistico-m-preti-a-frangipane\/","og_locale":"it_IT","og_type":"article","og_title":"La II e VII Commissione tra gli studenti \"M. Preti A. Frangipane\"","og_description":"I ragazzi dell\u2019istituto protagonisti di un confronto libero in cui hanno manifestato esigenze e critiche con fiducia","og_url":"https:\/\/progettotouring.it\/radiotouring104\/2025\/05\/21\/la-ii-e-vii-commissione-del-comune-tra-gli-studenti-del-liceo-artistico-m-preti-a-frangipane\/","og_site_name":"Radio Touring 104","article_published_time":"2025-05-21T10:52:56+00:00","author":"Sebastiano Plutino","twitter_card":"summary_large_image","twitter_misc":{"Scritto da":"Sebastiano Plutino","Tempo di lettura stimato":"4 minuti"},"schema":{"@context":"https:\/\/schema.org","@graph":[{"@type":"Article","@id":"https:\/\/progettotouring.it\/radiotouring104\/2025\/05\/21\/la-ii-e-vii-commissione-del-comune-tra-gli-studenti-del-liceo-artistico-m-preti-a-frangipane\/#article","isPartOf":{"@id":"https:\/\/progettotouring.it\/radiotouring104\/2025\/05\/21\/la-ii-e-vii-commissione-del-comune-tra-gli-studenti-del-liceo-artistico-m-preti-a-frangipane\/"},"author":{"name":"Sebastiano Plutino","@id":"https:\/\/progettotouring.it\/radiotouring104\/#\/schema\/person\/78613917f1851f041f7483f5af1d422e"},"headline":"La II e VII Commissione del Comune tra gli studenti del liceo artistico &#8220;M. Preti A. Frangipane&#8221;","datePublished":"2025-05-21T10:52:56+00:00","mainEntityOfPage":{"@id":"https:\/\/progettotouring.it\/radiotouring104\/2025\/05\/21\/la-ii-e-vii-commissione-del-comune-tra-gli-studenti-del-liceo-artistico-m-preti-a-frangipane\/"},"wordCount":755,"publisher":{"@id":"https:\/\/progettotouring.it\/radiotouring104\/#organization"},"keywords":["commissioni incontrano studenti","Comune di Reggio","Giuseppe Falcomat\u00e0","liceo artistico \"M. Preti A. Frangipane\"","seconda commissione","settima Commissione"],"articleSection":["Home","News","Reggio Calabria"],"inLanguage":"it-IT"},{"@type":"WebPage","@id":"https:\/\/progettotouring.it\/radiotouring104\/2025\/05\/21\/la-ii-e-vii-commissione-del-comune-tra-gli-studenti-del-liceo-artistico-m-preti-a-frangipane\/","url":"https:\/\/progettotouring.it\/radiotouring104\/2025\/05\/21\/la-ii-e-vii-commissione-del-comune-tra-gli-studenti-del-liceo-artistico-m-preti-a-frangipane\/","name":"La II e VII Commissione tra gli studenti \"M. Preti A. Frangipane\"","isPartOf":{"@id":"https:\/\/progettotouring.it\/radiotouring104\/#website"},"datePublished":"2025-05-21T10:52:56+00:00","description":"I ragazzi dell\u2019istituto protagonisti di un confronto libero in cui hanno manifestato esigenze e critiche con fiducia","breadcrumb":{"@id":"https:\/\/progettotouring.it\/radiotouring104\/2025\/05\/21\/la-ii-e-vii-commissione-del-comune-tra-gli-studenti-del-liceo-artistico-m-preti-a-frangipane\/#breadcrumb"},"inLanguage":"it-IT","potentialAction":[{"@type":"ReadAction","target":["https:\/\/progettotouring.it\/radiotouring104\/2025\/05\/21\/la-ii-e-vii-commissione-del-comune-tra-gli-studenti-del-liceo-artistico-m-preti-a-frangipane\/"]}]},{"@type":"BreadcrumbList","@id":"https:\/\/progettotouring.it\/radiotouring104\/2025\/05\/21\/la-ii-e-vii-commissione-del-comune-tra-gli-studenti-del-liceo-artistico-m-preti-a-frangipane\/#breadcrumb","itemListElement":[{"@type":"ListItem","position":1,"name":"Home","item":"https:\/\/progettotouring.it\/radiotouring104\/"},{"@type":"ListItem","position":2,"name":"La II e VII Commissione del Comune tra gli studenti del liceo artistico &#8220;M. Preti A. Frangipane&#8221;"}]},{"@type":"WebSite","@id":"https:\/\/progettotouring.it\/radiotouring104\/#website","url":"https:\/\/progettotouring.it\/radiotouring104\/","name":"Radio Touring 104","description":"La prima radio Reggina","publisher":{"@id":"https:\/\/progettotouring.it\/radiotouring104\/#organization"},"potentialAction":[{"@type":"SearchAction","target":{"@type":"EntryPoint","urlTemplate":"https:\/\/progettotouring.it\/radiotouring104\/?s={search_term_string}"},"query-input":{"@type":"PropertyValueSpecification","valueRequired":true,"valueName":"search_term_string"}}],"inLanguage":"it-IT"},{"@type":"Organization","@id":"https:\/\/progettotouring.it\/radiotouring104\/#organization","name":"Radio Touring 104","url":"https:\/\/progettotouring.it\/radiotouring104\/","logo":{"@type":"ImageObject","inLanguage":"it-IT","@id":"https:\/\/progettotouring.it\/radiotouring104\/#\/schema\/logo\/image\/","url":"https:\/\/progettotouring.it\/radiotouring104\/wp-content\/uploads\/sites\/6\/2022\/02\/cropped-logo-radio-touring-104.png","contentUrl":"https:\/\/progettotouring.it\/radiotouring104\/wp-content\/uploads\/sites\/6\/2022\/02\/cropped-logo-radio-touring-104.png","width":377,"height":182,"caption":"Radio Touring 104"},"image":{"@id":"https:\/\/progettotouring.it\/radiotouring104\/#\/schema\/logo\/image\/"}},{"@type":"Person","@id":"https:\/\/progettotouring.it\/radiotouring104\/#\/schema\/person\/78613917f1851f041f7483f5af1d422e","name":"Sebastiano Plutino","image":{"@type":"ImageObject","inLanguage":"it-IT","@id":"https:\/\/secure.gravatar.com\/avatar\/0546ffaa9b79224faf9f2a156b67a529ae861d3287c66c1d8ccfdf909bcba78d?s=96&d=mm&r=g","url":"https:\/\/secure.gravatar.com\/avatar\/0546ffaa9b79224faf9f2a156b67a529ae861d3287c66c1d8ccfdf909bcba78d?s=96&d=mm&r=g","contentUrl":"https:\/\/secure.gravatar.com\/avatar\/0546ffaa9b79224faf9f2a156b67a529ae861d3287c66c1d8ccfdf909bcba78d?s=96&d=mm&r=g","caption":"Sebastiano Plutino"},"url":"https:\/\/progettotouring.it\/radiotouring104\/author\/sebastiano\/"}]}},"jetpack_publicize_connections":[],"jetpack_featured_media_url":"","jetpack_sharing_enabled":true,"_links":{"self":[{"href":"https:\/\/progettotouring.it\/radiotouring104\/wp-json\/wp\/v2\/posts\/74271","targetHints":{"allow":["GET"]}}],"collection":[{"href":"https:\/\/progettotouring.it\/radiotouring104\/wp-json\/wp\/v2\/posts"}],"about":[{"href":"https:\/\/progettotouring.it\/radiotouring104\/wp-json\/wp\/v2\/types\/post"}],"author":[{"embeddable":true,"href":"https:\/\/progettotouring.it\/radiotouring104\/wp-json\/wp\/v2\/users\/12"}],"replies":[{"embeddable":true,"href":"https:\/\/progettotouring.it\/radiotouring104\/wp-json\/wp\/v2\/comments?post=74271"}],"version-history":[{"count":1,"href":"https:\/\/progettotouring.it\/radiotouring104\/wp-json\/wp\/v2\/posts\/74271\/revisions"}],"predecessor-version":[{"id":74272,"href":"https:\/\/progettotouring.it\/radiotouring104\/wp-json\/wp\/v2\/posts\/74271\/revisions\/74272"}],"wp:attachment":[{"href":"https:\/\/progettotouring.it\/radiotouring104\/wp-json\/wp\/v2\/media?parent=74271"}],"wp:term":[{"taxonomy":"category","embeddable":true,"href":"https:\/\/progettotouring.it\/radiotouring104\/wp-json\/wp\/v2\/categories?post=74271"},{"taxonomy":"post_tag","embeddable":true,"href":"https:\/\/progettotouring.it\/radiotouring104\/wp-json\/wp\/v2\/tags?post=74271"}],"curies":[{"name":"wp","href":"https:\/\/api.w.org\/{rel}","templated":true}]}}