{"id":74277,"date":"2025-05-22T09:08:38","date_gmt":"2025-05-22T07:08:38","guid":{"rendered":"https:\/\/progettotouring.it\/radiotouring104\/?p=74277"},"modified":"2025-05-22T09:08:38","modified_gmt":"2025-05-22T07:08:38","slug":"la-foresta-demaniale-alto-aspromonte-apre-in-occasione-della-giornata-mondiale-della-biodiversita","status":"publish","type":"post","link":"https:\/\/progettotouring.it\/radiotouring104\/2025\/05\/22\/la-foresta-demaniale-alto-aspromonte-apre-in-occasione-della-giornata-mondiale-della-biodiversita\/","title":{"rendered":"La Foresta Demaniale \u201cAlto Aspromonte\u201d apre in occasione della Giornata Mondiale della Biodiversit\u00e0:"},"content":{"rendered":"<p>In data odierna, in occasione della Giornata Mondiale della Biodiversit\u00e0, il Reparto Carabinieri Biodiversit\u00e0 di Reggio Calabria aprir\u00e0 gli accessi alla Foresta Demaniale \u201cAlto Aspromonte\u201d nell\u2019ambito della manifestazione \u201cRiservAmica 2025\u201d.<\/p>\n<p>La manifestazione \u00e8 aperta a tutti gli appassionati della natura e d\u00e0 possibilit\u00e0 di visitare liberamente la foresta demaniale \u201cAlto Aspromonte\u201d gestita dal Reparto Carabinieri Biodiversit\u00e0 di Reggio Calabria.<\/p>\n<p>Situata all\u2019interno del Parco Nazionale dell\u2019Aspromonte ed estesa 2.871 ha, la foresta demaniale \u00e8 un ambiente naturale fra i pi\u00f9 ricchi di biodiversit\u00e0 al mondo.<\/p>\n<p>Nell\u2019anno 2021 una porzione della foresta demaniale di circa 320 ha, la cosiddetta \u201cFaggeta Vetusta di Valle Infernale\u201d \u00e8 stata inserita all\u2019interno del patrimonio dell\u2019umanit\u00e0 Unesco, riconoscendone l\u2019importanza a livello mondiale.<\/p>\n<p>Parteciper\u00e0 alla manifestazione il Vicecomandante del Comando Unit\u00e0 Forestali, Ambientali ed Agroalimentari dei Carabinieri Gen. D. Mostacchi Antonio Danilo.<\/p>\n<p>Nel corso della manifestazione si provveder\u00e0 alla scopertura di una croce di montagna in localit\u00e0 \u201cCroce di Dio sia lodato\u201d in agro del comune di Samo, alla presenza di S.E. mons. Francesco Oliva Vescovo di Locri.<\/p>\n","protected":false},"excerpt":{"rendered":"<p>In data odierna, in occasione della Giornata Mondiale della Biodiversit\u00e0, il Reparto Carabinieri Biodiversit\u00e0 di Reggio Calabria aprir\u00e0 gli accessi alla Foresta Demaniale \u201cAlto Aspromonte\u201d nell\u2019ambito della manifestazione \u201cRiservAmica 2025\u201d.&hellip;<\/p>\n","protected":false},"author":12,"featured_media":74278,"comment_status":"closed","ping_status":"open","sticky":false,"template":"","format":"standard","meta":{"_jetpack_memberships_contains_paid_content":false,"footnotes":"","jetpack_publicize_message":"","jetpack_publicize_feature_enabled":true,"jetpack_social_post_already_shared":true,"jetpack_social_options":{"image_generator_settings":{"template":"highway","default_image_id":0,"font":"","enabled":false},"version":2}},"categories":[921,196,140],"tags":[43861,43860,25206,43862],"class_list":["post-74277","post","type-post","status-publish","format-standard","has-post-thumbnail","hentry","category-home","category-news","category-reggio-calabria","tag-foresta-demaniale-alto-aspromonte","tag-giornata-mondiale-della-biodiversita","tag-parco-nazionale-aspromonte","tag-reparto-carabinieri-biodiversita-di-reggio-calabria"],"yoast_head":"<!-- This site is optimized with the Yoast SEO plugin v27.2 - https:\/\/yoast.com\/product\/yoast-seo-wordpress\/ -->\n<title>La Foresta Demaniale \u201cAlto Aspromonte\u201d apre in occasione della Giornata Mondiale della Biodiversit\u00e0: - Radio Touring 104<\/title>\n<meta name=\"description\" content=\"Per la Giornata della Biodiversit\u00e0, i Carabinieri Biodiversit\u00e0 di Reggio aprono la foresta \u201cAlto Aspromonte\u201d, sita dentro il Parco Nazionale\" \/>\n<meta name=\"robots\" content=\"index, follow, max-snippet:-1, max-image-preview:large, max-video-preview:-1\" \/>\n<link rel=\"canonical\" href=\"https:\/\/progettotouring.it\/radiotouring104\/2025\/05\/22\/la-foresta-demaniale-alto-aspromonte-apre-in-occasione-della-giornata-mondiale-della-biodiversita\/\" \/>\n<meta property=\"og:locale\" content=\"it_IT\" \/>\n<meta property=\"og:type\" content=\"article\" \/>\n<meta property=\"og:title\" content=\"La Foresta Demaniale \u201cAlto Aspromonte\u201d apre in occasione della Giornata Mondiale della Biodiversit\u00e0: - Radio Touring 104\" \/>\n<meta property=\"og:description\" content=\"Per la Giornata della Biodiversit\u00e0, i Carabinieri Biodiversit\u00e0 di Reggio aprono la foresta \u201cAlto Aspromonte\u201d, sita dentro il Parco Nazionale\" \/>\n<meta property=\"og:url\" content=\"https:\/\/progettotouring.it\/radiotouring104\/2025\/05\/22\/la-foresta-demaniale-alto-aspromonte-apre-in-occasione-della-giornata-mondiale-della-biodiversita\/\" \/>\n<meta property=\"og:site_name\" content=\"Radio Touring 104\" \/>\n<meta property=\"article:published_time\" content=\"2025-05-22T07:08:38+00:00\" \/>\n<meta property=\"og:image\" content=\"https:\/\/progettotouring.it\/radiotouring104\/wp-content\/uploads\/sites\/6\/2025\/05\/Giornata-Biodiversita-Foresta-parco-nazionale-aspromonte.jpg\" \/>\n\t<meta property=\"og:image:width\" content=\"542\" \/>\n\t<meta property=\"og:image:height\" content=\"768\" \/>\n\t<meta property=\"og:image:type\" content=\"image\/jpeg\" \/>\n<meta name=\"author\" content=\"Sebastiano Plutino\" \/>\n<meta name=\"twitter:card\" content=\"summary_large_image\" \/>\n<meta name=\"twitter:label1\" content=\"Scritto da\" \/>\n\t<meta name=\"twitter:data1\" content=\"Sebastiano Plutino\" \/>\n\t<meta name=\"twitter:label2\" content=\"Tempo di lettura stimato\" \/>\n\t<meta name=\"twitter:data2\" content=\"1 minuto\" \/>\n<script type=\"application\/ld+json\" class=\"yoast-schema-graph\">{\"@context\":\"https:\/\/schema.org\",\"@graph\":[{\"@type\":\"Article\",\"@id\":\"https:\/\/progettotouring.it\/radiotouring104\/2025\/05\/22\/la-foresta-demaniale-alto-aspromonte-apre-in-occasione-della-giornata-mondiale-della-biodiversita\/#article\",\"isPartOf\":{\"@id\":\"https:\/\/progettotouring.it\/radiotouring104\/2025\/05\/22\/la-foresta-demaniale-alto-aspromonte-apre-in-occasione-della-giornata-mondiale-della-biodiversita\/\"},\"author\":{\"name\":\"Sebastiano Plutino\",\"@id\":\"https:\/\/progettotouring.it\/radiotouring104\/#\/schema\/person\/78613917f1851f041f7483f5af1d422e\"},\"headline\":\"La Foresta Demaniale \u201cAlto Aspromonte\u201d apre in occasione della Giornata Mondiale della Biodiversit\u00e0:\",\"datePublished\":\"2025-05-22T07:08:38+00:00\",\"mainEntityOfPage\":{\"@id\":\"https:\/\/progettotouring.it\/radiotouring104\/2025\/05\/22\/la-foresta-demaniale-alto-aspromonte-apre-in-occasione-della-giornata-mondiale-della-biodiversita\/\"},\"wordCount\":184,\"publisher\":{\"@id\":\"https:\/\/progettotouring.it\/radiotouring104\/#organization\"},\"image\":{\"@id\":\"https:\/\/progettotouring.it\/radiotouring104\/2025\/05\/22\/la-foresta-demaniale-alto-aspromonte-apre-in-occasione-della-giornata-mondiale-della-biodiversita\/#primaryimage\"},\"thumbnailUrl\":\"https:\/\/progettotouring.it\/radiotouring104\/wp-content\/uploads\/sites\/6\/2025\/05\/Giornata-Biodiversita-Foresta-parco-nazionale-aspromonte.jpg\",\"keywords\":[\"Foresta Demaniale \u201cAlto Aspromonte\u201d\",\"Giornata Mondiale della Biodiversit\u00e0:\",\"parco nazionale aspromonte\",\"Reparto Carabinieri Biodiversit\u00e0 di Reggio Calabria\"],\"articleSection\":[\"Home\",\"News\",\"Reggio Calabria\"],\"inLanguage\":\"it-IT\"},{\"@type\":\"WebPage\",\"@id\":\"https:\/\/progettotouring.it\/radiotouring104\/2025\/05\/22\/la-foresta-demaniale-alto-aspromonte-apre-in-occasione-della-giornata-mondiale-della-biodiversita\/\",\"url\":\"https:\/\/progettotouring.it\/radiotouring104\/2025\/05\/22\/la-foresta-demaniale-alto-aspromonte-apre-in-occasione-della-giornata-mondiale-della-biodiversita\/\",\"name\":\"La Foresta Demaniale \u201cAlto Aspromonte\u201d apre in occasione della Giornata Mondiale della Biodiversit\u00e0: - Radio Touring 104\",\"isPartOf\":{\"@id\":\"https:\/\/progettotouring.it\/radiotouring104\/#website\"},\"primaryImageOfPage\":{\"@id\":\"https:\/\/progettotouring.it\/radiotouring104\/2025\/05\/22\/la-foresta-demaniale-alto-aspromonte-apre-in-occasione-della-giornata-mondiale-della-biodiversita\/#primaryimage\"},\"image\":{\"@id\":\"https:\/\/progettotouring.it\/radiotouring104\/2025\/05\/22\/la-foresta-demaniale-alto-aspromonte-apre-in-occasione-della-giornata-mondiale-della-biodiversita\/#primaryimage\"},\"thumbnailUrl\":\"https:\/\/progettotouring.it\/radiotouring104\/wp-content\/uploads\/sites\/6\/2025\/05\/Giornata-Biodiversita-Foresta-parco-nazionale-aspromonte.jpg\",\"datePublished\":\"2025-05-22T07:08:38+00:00\",\"description\":\"Per la Giornata della Biodiversit\u00e0, i Carabinieri Biodiversit\u00e0 di Reggio aprono la foresta \u201cAlto Aspromonte\u201d, sita dentro il Parco Nazionale\",\"breadcrumb\":{\"@id\":\"https:\/\/progettotouring.it\/radiotouring104\/2025\/05\/22\/la-foresta-demaniale-alto-aspromonte-apre-in-occasione-della-giornata-mondiale-della-biodiversita\/#breadcrumb\"},\"inLanguage\":\"it-IT\",\"potentialAction\":[{\"@type\":\"ReadAction\",\"target\":[\"https:\/\/progettotouring.it\/radiotouring104\/2025\/05\/22\/la-foresta-demaniale-alto-aspromonte-apre-in-occasione-della-giornata-mondiale-della-biodiversita\/\"]}]},{\"@type\":\"ImageObject\",\"inLanguage\":\"it-IT\",\"@id\":\"https:\/\/progettotouring.it\/radiotouring104\/2025\/05\/22\/la-foresta-demaniale-alto-aspromonte-apre-in-occasione-della-giornata-mondiale-della-biodiversita\/#primaryimage\",\"url\":\"https:\/\/progettotouring.it\/radiotouring104\/wp-content\/uploads\/sites\/6\/2025\/05\/Giornata-Biodiversita-Foresta-parco-nazionale-aspromonte.jpg\",\"contentUrl\":\"https:\/\/progettotouring.it\/radiotouring104\/wp-content\/uploads\/sites\/6\/2025\/05\/Giornata-Biodiversita-Foresta-parco-nazionale-aspromonte.jpg\",\"width\":542,\"height\":768},{\"@type\":\"BreadcrumbList\",\"@id\":\"https:\/\/progettotouring.it\/radiotouring104\/2025\/05\/22\/la-foresta-demaniale-alto-aspromonte-apre-in-occasione-della-giornata-mondiale-della-biodiversita\/#breadcrumb\",\"itemListElement\":[{\"@type\":\"ListItem\",\"position\":1,\"name\":\"Home\",\"item\":\"https:\/\/progettotouring.it\/radiotouring104\/\"},{\"@type\":\"ListItem\",\"position\":2,\"name\":\"La Foresta Demaniale \u201cAlto Aspromonte\u201d apre in occasione della Giornata Mondiale della Biodiversit\u00e0:\"}]},{\"@type\":\"WebSite\",\"@id\":\"https:\/\/progettotouring.it\/radiotouring104\/#website\",\"url\":\"https:\/\/progettotouring.it\/radiotouring104\/\",\"name\":\"Radio Touring 104\",\"description\":\"La prima radio Reggina\",\"publisher\":{\"@id\":\"https:\/\/progettotouring.it\/radiotouring104\/#organization\"},\"potentialAction\":[{\"@type\":\"SearchAction\",\"target\":{\"@type\":\"EntryPoint\",\"urlTemplate\":\"https:\/\/progettotouring.it\/radiotouring104\/?s={search_term_string}\"},\"query-input\":{\"@type\":\"PropertyValueSpecification\",\"valueRequired\":true,\"valueName\":\"search_term_string\"}}],\"inLanguage\":\"it-IT\"},{\"@type\":\"Organization\",\"@id\":\"https:\/\/progettotouring.it\/radiotouring104\/#organization\",\"name\":\"Radio Touring 104\",\"url\":\"https:\/\/progettotouring.it\/radiotouring104\/\",\"logo\":{\"@type\":\"ImageObject\",\"inLanguage\":\"it-IT\",\"@id\":\"https:\/\/progettotouring.it\/radiotouring104\/#\/schema\/logo\/image\/\",\"url\":\"https:\/\/progettotouring.it\/radiotouring104\/wp-content\/uploads\/sites\/6\/2022\/02\/cropped-logo-radio-touring-104.png\",\"contentUrl\":\"https:\/\/progettotouring.it\/radiotouring104\/wp-content\/uploads\/sites\/6\/2022\/02\/cropped-logo-radio-touring-104.png\",\"width\":377,\"height\":182,\"caption\":\"Radio Touring 104\"},\"image\":{\"@id\":\"https:\/\/progettotouring.it\/radiotouring104\/#\/schema\/logo\/image\/\"}},{\"@type\":\"Person\",\"@id\":\"https:\/\/progettotouring.it\/radiotouring104\/#\/schema\/person\/78613917f1851f041f7483f5af1d422e\",\"name\":\"Sebastiano Plutino\",\"image\":{\"@type\":\"ImageObject\",\"inLanguage\":\"it-IT\",\"@id\":\"https:\/\/secure.gravatar.com\/avatar\/0546ffaa9b79224faf9f2a156b67a529ae861d3287c66c1d8ccfdf909bcba78d?s=96&d=mm&r=g\",\"url\":\"https:\/\/secure.gravatar.com\/avatar\/0546ffaa9b79224faf9f2a156b67a529ae861d3287c66c1d8ccfdf909bcba78d?s=96&d=mm&r=g\",\"contentUrl\":\"https:\/\/secure.gravatar.com\/avatar\/0546ffaa9b79224faf9f2a156b67a529ae861d3287c66c1d8ccfdf909bcba78d?s=96&d=mm&r=g\",\"caption\":\"Sebastiano Plutino\"},\"url\":\"https:\/\/progettotouring.it\/radiotouring104\/author\/sebastiano\/\"}]}<\/script>\n<!-- \/ Yoast SEO plugin. -->","yoast_head_json":{"title":"La Foresta Demaniale \u201cAlto Aspromonte\u201d apre in occasione della Giornata Mondiale della Biodiversit\u00e0: - Radio Touring 104","description":"Per la Giornata della Biodiversit\u00e0, i Carabinieri Biodiversit\u00e0 di Reggio aprono la foresta \u201cAlto Aspromonte\u201d, sita dentro il Parco Nazionale","robots":{"index":"index","follow":"follow","max-snippet":"max-snippet:-1","max-image-preview":"max-image-preview:large","max-video-preview":"max-video-preview:-1"},"canonical":"https:\/\/progettotouring.it\/radiotouring104\/2025\/05\/22\/la-foresta-demaniale-alto-aspromonte-apre-in-occasione-della-giornata-mondiale-della-biodiversita\/","og_locale":"it_IT","og_type":"article","og_title":"La Foresta Demaniale \u201cAlto Aspromonte\u201d apre in occasione della Giornata Mondiale della Biodiversit\u00e0: - Radio Touring 104","og_description":"Per la Giornata della Biodiversit\u00e0, i Carabinieri Biodiversit\u00e0 di Reggio aprono la foresta \u201cAlto Aspromonte\u201d, sita dentro il Parco Nazionale","og_url":"https:\/\/progettotouring.it\/radiotouring104\/2025\/05\/22\/la-foresta-demaniale-alto-aspromonte-apre-in-occasione-della-giornata-mondiale-della-biodiversita\/","og_site_name":"Radio Touring 104","article_published_time":"2025-05-22T07:08:38+00:00","og_image":[{"width":542,"height":768,"url":"https:\/\/progettotouring.it\/radiotouring104\/wp-content\/uploads\/sites\/6\/2025\/05\/Giornata-Biodiversita-Foresta-parco-nazionale-aspromonte.jpg","type":"image\/jpeg"}],"author":"Sebastiano Plutino","twitter_card":"summary_large_image","twitter_misc":{"Scritto da":"Sebastiano Plutino","Tempo di lettura stimato":"1 minuto"},"schema":{"@context":"https:\/\/schema.org","@graph":[{"@type":"Article","@id":"https:\/\/progettotouring.it\/radiotouring104\/2025\/05\/22\/la-foresta-demaniale-alto-aspromonte-apre-in-occasione-della-giornata-mondiale-della-biodiversita\/#article","isPartOf":{"@id":"https:\/\/progettotouring.it\/radiotouring104\/2025\/05\/22\/la-foresta-demaniale-alto-aspromonte-apre-in-occasione-della-giornata-mondiale-della-biodiversita\/"},"author":{"name":"Sebastiano Plutino","@id":"https:\/\/progettotouring.it\/radiotouring104\/#\/schema\/person\/78613917f1851f041f7483f5af1d422e"},"headline":"La Foresta Demaniale \u201cAlto Aspromonte\u201d apre in occasione della Giornata Mondiale della Biodiversit\u00e0:","datePublished":"2025-05-22T07:08:38+00:00","mainEntityOfPage":{"@id":"https:\/\/progettotouring.it\/radiotouring104\/2025\/05\/22\/la-foresta-demaniale-alto-aspromonte-apre-in-occasione-della-giornata-mondiale-della-biodiversita\/"},"wordCount":184,"publisher":{"@id":"https:\/\/progettotouring.it\/radiotouring104\/#organization"},"image":{"@id":"https:\/\/progettotouring.it\/radiotouring104\/2025\/05\/22\/la-foresta-demaniale-alto-aspromonte-apre-in-occasione-della-giornata-mondiale-della-biodiversita\/#primaryimage"},"thumbnailUrl":"https:\/\/progettotouring.it\/radiotouring104\/wp-content\/uploads\/sites\/6\/2025\/05\/Giornata-Biodiversita-Foresta-parco-nazionale-aspromonte.jpg","keywords":["Foresta Demaniale \u201cAlto Aspromonte\u201d","Giornata Mondiale della Biodiversit\u00e0:","parco nazionale aspromonte","Reparto Carabinieri Biodiversit\u00e0 di Reggio Calabria"],"articleSection":["Home","News","Reggio Calabria"],"inLanguage":"it-IT"},{"@type":"WebPage","@id":"https:\/\/progettotouring.it\/radiotouring104\/2025\/05\/22\/la-foresta-demaniale-alto-aspromonte-apre-in-occasione-della-giornata-mondiale-della-biodiversita\/","url":"https:\/\/progettotouring.it\/radiotouring104\/2025\/05\/22\/la-foresta-demaniale-alto-aspromonte-apre-in-occasione-della-giornata-mondiale-della-biodiversita\/","name":"La Foresta Demaniale \u201cAlto Aspromonte\u201d apre in occasione della Giornata Mondiale della Biodiversit\u00e0: - Radio Touring 104","isPartOf":{"@id":"https:\/\/progettotouring.it\/radiotouring104\/#website"},"primaryImageOfPage":{"@id":"https:\/\/progettotouring.it\/radiotouring104\/2025\/05\/22\/la-foresta-demaniale-alto-aspromonte-apre-in-occasione-della-giornata-mondiale-della-biodiversita\/#primaryimage"},"image":{"@id":"https:\/\/progettotouring.it\/radiotouring104\/2025\/05\/22\/la-foresta-demaniale-alto-aspromonte-apre-in-occasione-della-giornata-mondiale-della-biodiversita\/#primaryimage"},"thumbnailUrl":"https:\/\/progettotouring.it\/radiotouring104\/wp-content\/uploads\/sites\/6\/2025\/05\/Giornata-Biodiversita-Foresta-parco-nazionale-aspromonte.jpg","datePublished":"2025-05-22T07:08:38+00:00","description":"Per la Giornata della Biodiversit\u00e0, i Carabinieri Biodiversit\u00e0 di Reggio aprono la foresta \u201cAlto Aspromonte\u201d, sita dentro il Parco Nazionale","breadcrumb":{"@id":"https:\/\/progettotouring.it\/radiotouring104\/2025\/05\/22\/la-foresta-demaniale-alto-aspromonte-apre-in-occasione-della-giornata-mondiale-della-biodiversita\/#breadcrumb"},"inLanguage":"it-IT","potentialAction":[{"@type":"ReadAction","target":["https:\/\/progettotouring.it\/radiotouring104\/2025\/05\/22\/la-foresta-demaniale-alto-aspromonte-apre-in-occasione-della-giornata-mondiale-della-biodiversita\/"]}]},{"@type":"ImageObject","inLanguage":"it-IT","@id":"https:\/\/progettotouring.it\/radiotouring104\/2025\/05\/22\/la-foresta-demaniale-alto-aspromonte-apre-in-occasione-della-giornata-mondiale-della-biodiversita\/#primaryimage","url":"https:\/\/progettotouring.it\/radiotouring104\/wp-content\/uploads\/sites\/6\/2025\/05\/Giornata-Biodiversita-Foresta-parco-nazionale-aspromonte.jpg","contentUrl":"https:\/\/progettotouring.it\/radiotouring104\/wp-content\/uploads\/sites\/6\/2025\/05\/Giornata-Biodiversita-Foresta-parco-nazionale-aspromonte.jpg","width":542,"height":768},{"@type":"BreadcrumbList","@id":"https:\/\/progettotouring.it\/radiotouring104\/2025\/05\/22\/la-foresta-demaniale-alto-aspromonte-apre-in-occasione-della-giornata-mondiale-della-biodiversita\/#breadcrumb","itemListElement":[{"@type":"ListItem","position":1,"name":"Home","item":"https:\/\/progettotouring.it\/radiotouring104\/"},{"@type":"ListItem","position":2,"name":"La Foresta Demaniale \u201cAlto Aspromonte\u201d apre in occasione della Giornata Mondiale della Biodiversit\u00e0:"}]},{"@type":"WebSite","@id":"https:\/\/progettotouring.it\/radiotouring104\/#website","url":"https:\/\/progettotouring.it\/radiotouring104\/","name":"Radio Touring 104","description":"La prima radio Reggina","publisher":{"@id":"https:\/\/progettotouring.it\/radiotouring104\/#organization"},"potentialAction":[{"@type":"SearchAction","target":{"@type":"EntryPoint","urlTemplate":"https:\/\/progettotouring.it\/radiotouring104\/?s={search_term_string}"},"query-input":{"@type":"PropertyValueSpecification","valueRequired":true,"valueName":"search_term_string"}}],"inLanguage":"it-IT"},{"@type":"Organization","@id":"https:\/\/progettotouring.it\/radiotouring104\/#organization","name":"Radio Touring 104","url":"https:\/\/progettotouring.it\/radiotouring104\/","logo":{"@type":"ImageObject","inLanguage":"it-IT","@id":"https:\/\/progettotouring.it\/radiotouring104\/#\/schema\/logo\/image\/","url":"https:\/\/progettotouring.it\/radiotouring104\/wp-content\/uploads\/sites\/6\/2022\/02\/cropped-logo-radio-touring-104.png","contentUrl":"https:\/\/progettotouring.it\/radiotouring104\/wp-content\/uploads\/sites\/6\/2022\/02\/cropped-logo-radio-touring-104.png","width":377,"height":182,"caption":"Radio Touring 104"},"image":{"@id":"https:\/\/progettotouring.it\/radiotouring104\/#\/schema\/logo\/image\/"}},{"@type":"Person","@id":"https:\/\/progettotouring.it\/radiotouring104\/#\/schema\/person\/78613917f1851f041f7483f5af1d422e","name":"Sebastiano Plutino","image":{"@type":"ImageObject","inLanguage":"it-IT","@id":"https:\/\/secure.gravatar.com\/avatar\/0546ffaa9b79224faf9f2a156b67a529ae861d3287c66c1d8ccfdf909bcba78d?s=96&d=mm&r=g","url":"https:\/\/secure.gravatar.com\/avatar\/0546ffaa9b79224faf9f2a156b67a529ae861d3287c66c1d8ccfdf909bcba78d?s=96&d=mm&r=g","contentUrl":"https:\/\/secure.gravatar.com\/avatar\/0546ffaa9b79224faf9f2a156b67a529ae861d3287c66c1d8ccfdf909bcba78d?s=96&d=mm&r=g","caption":"Sebastiano Plutino"},"url":"https:\/\/progettotouring.it\/radiotouring104\/author\/sebastiano\/"}]}},"jetpack_publicize_connections":[],"jetpack_featured_media_url":"https:\/\/progettotouring.it\/radiotouring104\/wp-content\/uploads\/sites\/6\/2025\/05\/Giornata-Biodiversita-Foresta-parco-nazionale-aspromonte.jpg","jetpack_sharing_enabled":true,"_links":{"self":[{"href":"https:\/\/progettotouring.it\/radiotouring104\/wp-json\/wp\/v2\/posts\/74277","targetHints":{"allow":["GET"]}}],"collection":[{"href":"https:\/\/progettotouring.it\/radiotouring104\/wp-json\/wp\/v2\/posts"}],"about":[{"href":"https:\/\/progettotouring.it\/radiotouring104\/wp-json\/wp\/v2\/types\/post"}],"author":[{"embeddable":true,"href":"https:\/\/progettotouring.it\/radiotouring104\/wp-json\/wp\/v2\/users\/12"}],"replies":[{"embeddable":true,"href":"https:\/\/progettotouring.it\/radiotouring104\/wp-json\/wp\/v2\/comments?post=74277"}],"version-history":[{"count":1,"href":"https:\/\/progettotouring.it\/radiotouring104\/wp-json\/wp\/v2\/posts\/74277\/revisions"}],"predecessor-version":[{"id":74279,"href":"https:\/\/progettotouring.it\/radiotouring104\/wp-json\/wp\/v2\/posts\/74277\/revisions\/74279"}],"wp:featuredmedia":[{"embeddable":true,"href":"https:\/\/progettotouring.it\/radiotouring104\/wp-json\/wp\/v2\/media\/74278"}],"wp:attachment":[{"href":"https:\/\/progettotouring.it\/radiotouring104\/wp-json\/wp\/v2\/media?parent=74277"}],"wp:term":[{"taxonomy":"category","embeddable":true,"href":"https:\/\/progettotouring.it\/radiotouring104\/wp-json\/wp\/v2\/categories?post=74277"},{"taxonomy":"post_tag","embeddable":true,"href":"https:\/\/progettotouring.it\/radiotouring104\/wp-json\/wp\/v2\/tags?post=74277"}],"curies":[{"name":"wp","href":"https:\/\/api.w.org\/{rel}","templated":true}]}}