{"id":74290,"date":"2025-05-22T09:55:00","date_gmt":"2025-05-22T07:55:00","guid":{"rendered":"https:\/\/progettotouring.it\/radiotouring104\/?p=74290"},"modified":"2025-05-22T09:55:00","modified_gmt":"2025-05-22T07:55:00","slug":"reggio-presentato-il-premio-internazionale-marco-alberto-ippolito-2025","status":"publish","type":"post","link":"https:\/\/progettotouring.it\/radiotouring104\/2025\/05\/22\/reggio-presentato-il-premio-internazionale-marco-alberto-ippolito-2025\/","title":{"rendered":"Reggio: presentato il Premio Internazionale &#8220;Marco &amp; Alberto Ippolito&#8221; 2025"},"content":{"rendered":"<div>E\u2019 stato presentato al Liceo Artistico \u2018Preti-Frangipane\u2019 di Reggio Calabria, la 23esima edizione del Premio internazionale \u2018Marco &amp; Alberto Ippolito\u2019, manifestazione culturale che torna nella citt\u00e0 dei Bronzi dopo qualche anno e che si svolger\u00e0 fino al 25 maggio, tra Reggio Calabria e Roccella Jonica.<\/div>\n<div><\/div>\n<div>Nel corso della presentazione sono intervenuti la dirigente scolastica del \u2018Preti-Frangipane\u2019 Lucia Zavettieri, il consigliere metropolitano delegato, Filippo Quartuccio, la presidente del Premio Natina Cristiano, Vasile Nicoara, docente rumeno e vicepresidente europeo associazione docenti europei, Ilias Agathangelidis, docente di Stoccolma e ambasciatore europeo dei progetti e Marian Kitel, responsabile politiche giovanili di Zabrze (Polonia).<\/div>\n<div><\/div>\n<div>Il Premio nasce a Reggio Calabria nel 2002 per ricordare la figura e l\u2019opera di due giovani fratelli appassionati di poesia e delle arti, Marco e Alberto, scomparsi prematuramente a poca distanza uno dall\u2019altro, a cui si \u00e8 aggiunta in seguito la sezione \u2018Katya Pangallo \u2013 regalaci un sorriso\u2019, in omaggio ad un\u2019altra giovane amante della cultura, anch\u2019essa scomparsa in giovane et\u00e0.<\/div>\n<div><\/div>\n<div>Promotori e animatori di questa iniziativa, sono la presidente del Premio prof.ssa Natina Cristiano Ippolito e il coordinatore prof. Leonardo Pangallo i quali, affiancati dai componenti delle giurie delle varie sezioni e supportati dalla Finsm-sezione di Reggio Calabria, da pi\u00f9 di 20 anni portano in giro per l\u2019Italia e l\u2019Europa un messaggio di solidariet\u00e0 e fratellanza fra i popoli attraverso la cultura nelle sue varie forme. L\u2019edizione 2025 coinvolge circa 50 studenti europei e circa 40 tra docenti, accompagnatori e premiati.<\/div>\n<div><\/div>\n<div>Il Premio si suddivide in dieci sezioni: poesia, racconti brevi, fotografia, Ricerca sociologica, realizzazione di un dvd, il territorio tra riti e tradizioni, premio \u2018Katya Pangallo-Regalaci un sorriso\u2019, conferimento del titolo di \u2018Personalit\u00e0 eccellente\u2019, \u2018Premio amicizia\u2019, \u2018Proclamazione del Cittadino europeo\u2019.<\/div>\n<div><\/div>\n<div>\u201cQuesto progetto, che ha ricevuto il pieno sostegno della Citt\u00e0 metropolitana, l\u2019abbiamo voluto inserire in un ottica di collaborazione internazionale, perch\u00e9 nei fatti ha sempre avuto una connotazione di grande sinergia tra i vari Paesi coinvolti\u201d. Cos\u00ec il consigliere metropolitano Filippo Quartuccio che ha aggiunto \u201cd\u2019intesa con il sindaco Giuseppe Falcomat\u00e0 abbiamo da subito supportato il Premio in quanto offre un concreto programma di crescita culturale per il nostro territorio. Poniamo molta fiducia in questa iniziativa che lega in maniera costruttiva la federazione nazionale degli insegnanti, una realt\u00e0 importante come il nostro liceo Artistico ed appunto molti studenti reggini e di altri Paesi europei\u201d.<\/div>\n<div><\/div>\n<div>Per conto del Liceo \u2018Preti-Frangipane\u2019 la dirigente Zavettieri ha posto l\u2019attenzione anche sulle finalit\u00e0 \u201cche incidono \u2013 ha detto \u2013 nel contrastare la devianza giovanile, stimolando un sano e costruttivo scambio di interessi con altri studenti europei. Personalmente \u2013 ha concluso \u2013 si aggiunge anche il caro ricordo che mi lega a Marco Ippolito, con il quale abbiamo condiviso un importante percorso di studio\u201d.<\/div>\n<div><\/div>\n<div>\u201cIl Premio \u2013 ha evidenziato Natina Cristiano &#8211; a cui partecipano in un rapporto sinergico scuole, universit\u00e0 e istituzioni italiane ed europee, nasce, inoltre, dal desiderio di fondare una agor\u00e0 in cui i giovani di diverse nazioni possano confrontarsi e dibattere tematiche inerenti alla loro condizione esistenziale, alla situazione politico-sociale del villaggio globale, cio\u00e8 del mondo che sta costantemente dinanzi ai nostri occhi, per formare nei giovani una coscienza europea e un modo diverso di vedere e di affrontare le vicende umane, oltre ogni egoismo o interesse personale o nazionale\u201d.<\/div>\n<div><\/div>\n<div>I giovani ogni anno scolastico, \u00e8 stato evidenziato, realizzano un percorso didattico-sociologico riguardante la loro condizione adolescenziale ed il loro rapporto con la famiglia, con la scuola e con la societ\u00e0. Ogni tematica \u00e8 intesa nel suo pi\u00f9 ampio significato, come coagulante, o meglio come \u201cvalore da coltivare\u201d, indispensabile per una corretta convivenza civica, per affermare i principi ed i valori della democrazia, della solidariet\u00e0 e dell\u2019amicizia. Il premio per la sua incisiva valenza educativa e formativa, ogni anno viene inserito nella programmazione delle singole scuole che lavorano per tutto il periodo in rete con il supporto delle varie agenzie territoriali, adottando una stessa metodologia ed un uguale sistema di valutazione.<\/div>\n<div><\/div>\n<div>Il programma del Premio 2025 proseguir\u00e0 gioved\u00ec 22 maggio alle 9:00 al liceo Artistico \u2018Preti-Frangipane\u2019 con il Saluto all\u2019Europa e l\u2019inaugurazione della mostra fotografica; alle 18:00 all\u2019Accademia del Tempo libero con il convegno \u2018Educare alla parit\u00e0 di genere\u2019; sempre alle 18:00 alla Citt\u00e0 metropolitana la presentazione del libro \u2018Santa Maria della vittoria, una testimonianza fondamentale della storia europea\u2019. Venerd\u00ec 23 maggio alle 10:00 a Roccella Jonica presso l\u2019ex convento dei Minimi si terr\u00e0 l\u2019iniziativa \u2018Musica e poesia, carezza dell\u2019anima\u2019; sabato 24 maggio alle 8:45 presso il liceo artistico \u2018Preti-Frangipane\u2019 si terranno le conclusioni con la presentazione del documento finale; alle 18:30 presso il Museo del Bergamotto ci sar\u00e0 il concerto del coro polifonico \u2018Laudamus\u2019 e il conferimento del titolo di Personalit\u00e0 eccellente e premio internazionale \u2018Amicizia\u2019.<\/div>\n<div>\n<div class=\"xmprfx_gmail_signature\" dir=\"ltr\" data-smartmail=\"gmail_signature\">\n<div dir=\"ltr\">\n<div>\n<div><\/div>\n<\/div>\n<\/div>\n<\/div>\n<\/div>\n","protected":false},"excerpt":{"rendered":"<p>E\u2019 stato presentato al Liceo Artistico \u2018Preti-Frangipane\u2019 di Reggio Calabria, la 23esima edizione del Premio internazionale \u2018Marco &amp; Alberto Ippolito\u2019, manifestazione culturale che torna nella citt\u00e0 dei Bronzi dopo qualche&hellip;<\/p>\n","protected":false},"author":12,"featured_media":74291,"comment_status":"closed","ping_status":"open","sticky":false,"template":"","format":"standard","meta":{"_jetpack_memberships_contains_paid_content":false,"footnotes":"","jetpack_publicize_message":"","jetpack_publicize_feature_enabled":true,"jetpack_social_post_already_shared":true,"jetpack_social_options":{"image_generator_settings":{"template":"highway","default_image_id":0,"font":"","enabled":false},"version":2}},"categories":[921,196,140],"tags":[43875,30465,468,27707,43874],"class_list":["post-74290","post","type-post","status-publish","format-standard","has-post-thumbnail","hentry","category-home","category-news","category-reggio-calabria","tag-marco-alberto-ippolito-2025","tag-falcomata-giuseppe","tag-filippo-quartuccio","tag-liceo-artistico-preti-frangipane","tag-presentato-premio-internazionale"],"yoast_head":"<!-- This site is optimized with the Yoast SEO plugin v27.2 - https:\/\/yoast.com\/product\/yoast-seo-wordpress\/ -->\n<title>Reggio: presentato il Premio Internazionale &quot;Marco &amp; Alberto Ippolito&quot; 2025 - Radio Touring 104<\/title>\n<meta name=\"description\" content=\"\u201cAbbiamo supportato il Premio in quanto offre un programma di crescita culturale per il territorio\u201d, dichiara il Consigliere Quartuccio\" \/>\n<meta name=\"robots\" content=\"index, follow, max-snippet:-1, max-image-preview:large, max-video-preview:-1\" \/>\n<link rel=\"canonical\" href=\"https:\/\/progettotouring.it\/radiotouring104\/2025\/05\/22\/reggio-presentato-il-premio-internazionale-marco-alberto-ippolito-2025\/\" \/>\n<meta property=\"og:locale\" content=\"it_IT\" \/>\n<meta property=\"og:type\" content=\"article\" \/>\n<meta property=\"og:title\" content=\"Reggio: presentato il Premio Internazionale &quot;Marco &amp; Alberto Ippolito&quot; 2025 - Radio Touring 104\" \/>\n<meta property=\"og:description\" content=\"\u201cAbbiamo supportato il Premio in quanto offre un programma di crescita culturale per il territorio\u201d, dichiara il Consigliere Quartuccio\" \/>\n<meta property=\"og:url\" content=\"https:\/\/progettotouring.it\/radiotouring104\/2025\/05\/22\/reggio-presentato-il-premio-internazionale-marco-alberto-ippolito-2025\/\" \/>\n<meta property=\"og:site_name\" content=\"Radio Touring 104\" \/>\n<meta property=\"article:published_time\" content=\"2025-05-22T07:55:00+00:00\" \/>\n<meta property=\"og:image\" content=\"https:\/\/progettotouring.it\/radiotouring104\/wp-content\/uploads\/sites\/6\/2025\/05\/Quartuccio-premio-ippolito-2025-scuola-preti-frangipane.jpeg\" \/>\n\t<meta property=\"og:image:width\" content=\"1600\" \/>\n\t<meta property=\"og:image:height\" content=\"1200\" \/>\n\t<meta property=\"og:image:type\" content=\"image\/jpeg\" \/>\n<meta name=\"author\" content=\"Sebastiano Plutino\" \/>\n<meta name=\"twitter:card\" content=\"summary_large_image\" \/>\n<meta name=\"twitter:label1\" content=\"Scritto da\" \/>\n\t<meta name=\"twitter:data1\" content=\"Sebastiano Plutino\" \/>\n\t<meta name=\"twitter:label2\" content=\"Tempo di lettura stimato\" \/>\n\t<meta name=\"twitter:data2\" content=\"4 minuti\" \/>\n<script type=\"application\/ld+json\" class=\"yoast-schema-graph\">{\"@context\":\"https:\/\/schema.org\",\"@graph\":[{\"@type\":\"Article\",\"@id\":\"https:\/\/progettotouring.it\/radiotouring104\/2025\/05\/22\/reggio-presentato-il-premio-internazionale-marco-alberto-ippolito-2025\/#article\",\"isPartOf\":{\"@id\":\"https:\/\/progettotouring.it\/radiotouring104\/2025\/05\/22\/reggio-presentato-il-premio-internazionale-marco-alberto-ippolito-2025\/\"},\"author\":{\"name\":\"Sebastiano Plutino\",\"@id\":\"https:\/\/progettotouring.it\/radiotouring104\/#\/schema\/person\/78613917f1851f041f7483f5af1d422e\"},\"headline\":\"Reggio: presentato il Premio Internazionale &#8220;Marco &amp; Alberto Ippolito&#8221; 2025\",\"datePublished\":\"2025-05-22T07:55:00+00:00\",\"mainEntityOfPage\":{\"@id\":\"https:\/\/progettotouring.it\/radiotouring104\/2025\/05\/22\/reggio-presentato-il-premio-internazionale-marco-alberto-ippolito-2025\/\"},\"wordCount\":779,\"publisher\":{\"@id\":\"https:\/\/progettotouring.it\/radiotouring104\/#organization\"},\"image\":{\"@id\":\"https:\/\/progettotouring.it\/radiotouring104\/2025\/05\/22\/reggio-presentato-il-premio-internazionale-marco-alberto-ippolito-2025\/#primaryimage\"},\"thumbnailUrl\":\"https:\/\/progettotouring.it\/radiotouring104\/wp-content\/uploads\/sites\/6\/2025\/05\/Quartuccio-premio-ippolito-2025-scuola-preti-frangipane.jpeg\",\"keywords\":[\"\\\"Marco &amp; Alberto Ippolito\\\" 2025\",\"Falcomat\u00e0 Giuseppe\",\"filippo quartuccio\",\"Liceo Artistico \\\"Preti-Frangipane\\\"\",\"presentato Premio Internazionale\"],\"articleSection\":[\"Home\",\"News\",\"Reggio Calabria\"],\"inLanguage\":\"it-IT\"},{\"@type\":\"WebPage\",\"@id\":\"https:\/\/progettotouring.it\/radiotouring104\/2025\/05\/22\/reggio-presentato-il-premio-internazionale-marco-alberto-ippolito-2025\/\",\"url\":\"https:\/\/progettotouring.it\/radiotouring104\/2025\/05\/22\/reggio-presentato-il-premio-internazionale-marco-alberto-ippolito-2025\/\",\"name\":\"Reggio: presentato il Premio Internazionale \\\"Marco &amp; Alberto Ippolito\\\" 2025 - Radio Touring 104\",\"isPartOf\":{\"@id\":\"https:\/\/progettotouring.it\/radiotouring104\/#website\"},\"primaryImageOfPage\":{\"@id\":\"https:\/\/progettotouring.it\/radiotouring104\/2025\/05\/22\/reggio-presentato-il-premio-internazionale-marco-alberto-ippolito-2025\/#primaryimage\"},\"image\":{\"@id\":\"https:\/\/progettotouring.it\/radiotouring104\/2025\/05\/22\/reggio-presentato-il-premio-internazionale-marco-alberto-ippolito-2025\/#primaryimage\"},\"thumbnailUrl\":\"https:\/\/progettotouring.it\/radiotouring104\/wp-content\/uploads\/sites\/6\/2025\/05\/Quartuccio-premio-ippolito-2025-scuola-preti-frangipane.jpeg\",\"datePublished\":\"2025-05-22T07:55:00+00:00\",\"description\":\"\u201cAbbiamo supportato il Premio in quanto offre un programma di crescita culturale per il territorio\u201d, dichiara il Consigliere Quartuccio\",\"breadcrumb\":{\"@id\":\"https:\/\/progettotouring.it\/radiotouring104\/2025\/05\/22\/reggio-presentato-il-premio-internazionale-marco-alberto-ippolito-2025\/#breadcrumb\"},\"inLanguage\":\"it-IT\",\"potentialAction\":[{\"@type\":\"ReadAction\",\"target\":[\"https:\/\/progettotouring.it\/radiotouring104\/2025\/05\/22\/reggio-presentato-il-premio-internazionale-marco-alberto-ippolito-2025\/\"]}]},{\"@type\":\"ImageObject\",\"inLanguage\":\"it-IT\",\"@id\":\"https:\/\/progettotouring.it\/radiotouring104\/2025\/05\/22\/reggio-presentato-il-premio-internazionale-marco-alberto-ippolito-2025\/#primaryimage\",\"url\":\"https:\/\/progettotouring.it\/radiotouring104\/wp-content\/uploads\/sites\/6\/2025\/05\/Quartuccio-premio-ippolito-2025-scuola-preti-frangipane.jpeg\",\"contentUrl\":\"https:\/\/progettotouring.it\/radiotouring104\/wp-content\/uploads\/sites\/6\/2025\/05\/Quartuccio-premio-ippolito-2025-scuola-preti-frangipane.jpeg\",\"width\":1600,\"height\":1200},{\"@type\":\"BreadcrumbList\",\"@id\":\"https:\/\/progettotouring.it\/radiotouring104\/2025\/05\/22\/reggio-presentato-il-premio-internazionale-marco-alberto-ippolito-2025\/#breadcrumb\",\"itemListElement\":[{\"@type\":\"ListItem\",\"position\":1,\"name\":\"Home\",\"item\":\"https:\/\/progettotouring.it\/radiotouring104\/\"},{\"@type\":\"ListItem\",\"position\":2,\"name\":\"Reggio: presentato il Premio Internazionale &#8220;Marco &amp; Alberto Ippolito&#8221; 2025\"}]},{\"@type\":\"WebSite\",\"@id\":\"https:\/\/progettotouring.it\/radiotouring104\/#website\",\"url\":\"https:\/\/progettotouring.it\/radiotouring104\/\",\"name\":\"Radio Touring 104\",\"description\":\"La prima radio Reggina\",\"publisher\":{\"@id\":\"https:\/\/progettotouring.it\/radiotouring104\/#organization\"},\"potentialAction\":[{\"@type\":\"SearchAction\",\"target\":{\"@type\":\"EntryPoint\",\"urlTemplate\":\"https:\/\/progettotouring.it\/radiotouring104\/?s={search_term_string}\"},\"query-input\":{\"@type\":\"PropertyValueSpecification\",\"valueRequired\":true,\"valueName\":\"search_term_string\"}}],\"inLanguage\":\"it-IT\"},{\"@type\":\"Organization\",\"@id\":\"https:\/\/progettotouring.it\/radiotouring104\/#organization\",\"name\":\"Radio Touring 104\",\"url\":\"https:\/\/progettotouring.it\/radiotouring104\/\",\"logo\":{\"@type\":\"ImageObject\",\"inLanguage\":\"it-IT\",\"@id\":\"https:\/\/progettotouring.it\/radiotouring104\/#\/schema\/logo\/image\/\",\"url\":\"https:\/\/progettotouring.it\/radiotouring104\/wp-content\/uploads\/sites\/6\/2022\/02\/cropped-logo-radio-touring-104.png\",\"contentUrl\":\"https:\/\/progettotouring.it\/radiotouring104\/wp-content\/uploads\/sites\/6\/2022\/02\/cropped-logo-radio-touring-104.png\",\"width\":377,\"height\":182,\"caption\":\"Radio Touring 104\"},\"image\":{\"@id\":\"https:\/\/progettotouring.it\/radiotouring104\/#\/schema\/logo\/image\/\"}},{\"@type\":\"Person\",\"@id\":\"https:\/\/progettotouring.it\/radiotouring104\/#\/schema\/person\/78613917f1851f041f7483f5af1d422e\",\"name\":\"Sebastiano Plutino\",\"image\":{\"@type\":\"ImageObject\",\"inLanguage\":\"it-IT\",\"@id\":\"https:\/\/secure.gravatar.com\/avatar\/0546ffaa9b79224faf9f2a156b67a529ae861d3287c66c1d8ccfdf909bcba78d?s=96&d=mm&r=g\",\"url\":\"https:\/\/secure.gravatar.com\/avatar\/0546ffaa9b79224faf9f2a156b67a529ae861d3287c66c1d8ccfdf909bcba78d?s=96&d=mm&r=g\",\"contentUrl\":\"https:\/\/secure.gravatar.com\/avatar\/0546ffaa9b79224faf9f2a156b67a529ae861d3287c66c1d8ccfdf909bcba78d?s=96&d=mm&r=g\",\"caption\":\"Sebastiano Plutino\"},\"url\":\"https:\/\/progettotouring.it\/radiotouring104\/author\/sebastiano\/\"}]}<\/script>\n<!-- \/ Yoast SEO plugin. -->","yoast_head_json":{"title":"Reggio: presentato il Premio Internazionale \"Marco &amp; Alberto Ippolito\" 2025 - Radio Touring 104","description":"\u201cAbbiamo supportato il Premio in quanto offre un programma di crescita culturale per il territorio\u201d, dichiara il Consigliere Quartuccio","robots":{"index":"index","follow":"follow","max-snippet":"max-snippet:-1","max-image-preview":"max-image-preview:large","max-video-preview":"max-video-preview:-1"},"canonical":"https:\/\/progettotouring.it\/radiotouring104\/2025\/05\/22\/reggio-presentato-il-premio-internazionale-marco-alberto-ippolito-2025\/","og_locale":"it_IT","og_type":"article","og_title":"Reggio: presentato il Premio Internazionale \"Marco &amp; Alberto Ippolito\" 2025 - Radio Touring 104","og_description":"\u201cAbbiamo supportato il Premio in quanto offre un programma di crescita culturale per il territorio\u201d, dichiara il Consigliere Quartuccio","og_url":"https:\/\/progettotouring.it\/radiotouring104\/2025\/05\/22\/reggio-presentato-il-premio-internazionale-marco-alberto-ippolito-2025\/","og_site_name":"Radio Touring 104","article_published_time":"2025-05-22T07:55:00+00:00","og_image":[{"width":1600,"height":1200,"url":"https:\/\/progettotouring.it\/radiotouring104\/wp-content\/uploads\/sites\/6\/2025\/05\/Quartuccio-premio-ippolito-2025-scuola-preti-frangipane.jpeg","type":"image\/jpeg"}],"author":"Sebastiano Plutino","twitter_card":"summary_large_image","twitter_misc":{"Scritto da":"Sebastiano Plutino","Tempo di lettura stimato":"4 minuti"},"schema":{"@context":"https:\/\/schema.org","@graph":[{"@type":"Article","@id":"https:\/\/progettotouring.it\/radiotouring104\/2025\/05\/22\/reggio-presentato-il-premio-internazionale-marco-alberto-ippolito-2025\/#article","isPartOf":{"@id":"https:\/\/progettotouring.it\/radiotouring104\/2025\/05\/22\/reggio-presentato-il-premio-internazionale-marco-alberto-ippolito-2025\/"},"author":{"name":"Sebastiano Plutino","@id":"https:\/\/progettotouring.it\/radiotouring104\/#\/schema\/person\/78613917f1851f041f7483f5af1d422e"},"headline":"Reggio: presentato il Premio Internazionale &#8220;Marco &amp; Alberto Ippolito&#8221; 2025","datePublished":"2025-05-22T07:55:00+00:00","mainEntityOfPage":{"@id":"https:\/\/progettotouring.it\/radiotouring104\/2025\/05\/22\/reggio-presentato-il-premio-internazionale-marco-alberto-ippolito-2025\/"},"wordCount":779,"publisher":{"@id":"https:\/\/progettotouring.it\/radiotouring104\/#organization"},"image":{"@id":"https:\/\/progettotouring.it\/radiotouring104\/2025\/05\/22\/reggio-presentato-il-premio-internazionale-marco-alberto-ippolito-2025\/#primaryimage"},"thumbnailUrl":"https:\/\/progettotouring.it\/radiotouring104\/wp-content\/uploads\/sites\/6\/2025\/05\/Quartuccio-premio-ippolito-2025-scuola-preti-frangipane.jpeg","keywords":["\"Marco &amp; Alberto Ippolito\" 2025","Falcomat\u00e0 Giuseppe","filippo quartuccio","Liceo Artistico \"Preti-Frangipane\"","presentato Premio Internazionale"],"articleSection":["Home","News","Reggio Calabria"],"inLanguage":"it-IT"},{"@type":"WebPage","@id":"https:\/\/progettotouring.it\/radiotouring104\/2025\/05\/22\/reggio-presentato-il-premio-internazionale-marco-alberto-ippolito-2025\/","url":"https:\/\/progettotouring.it\/radiotouring104\/2025\/05\/22\/reggio-presentato-il-premio-internazionale-marco-alberto-ippolito-2025\/","name":"Reggio: presentato il Premio Internazionale \"Marco &amp; Alberto Ippolito\" 2025 - Radio Touring 104","isPartOf":{"@id":"https:\/\/progettotouring.it\/radiotouring104\/#website"},"primaryImageOfPage":{"@id":"https:\/\/progettotouring.it\/radiotouring104\/2025\/05\/22\/reggio-presentato-il-premio-internazionale-marco-alberto-ippolito-2025\/#primaryimage"},"image":{"@id":"https:\/\/progettotouring.it\/radiotouring104\/2025\/05\/22\/reggio-presentato-il-premio-internazionale-marco-alberto-ippolito-2025\/#primaryimage"},"thumbnailUrl":"https:\/\/progettotouring.it\/radiotouring104\/wp-content\/uploads\/sites\/6\/2025\/05\/Quartuccio-premio-ippolito-2025-scuola-preti-frangipane.jpeg","datePublished":"2025-05-22T07:55:00+00:00","description":"\u201cAbbiamo supportato il Premio in quanto offre un programma di crescita culturale per il territorio\u201d, dichiara il Consigliere Quartuccio","breadcrumb":{"@id":"https:\/\/progettotouring.it\/radiotouring104\/2025\/05\/22\/reggio-presentato-il-premio-internazionale-marco-alberto-ippolito-2025\/#breadcrumb"},"inLanguage":"it-IT","potentialAction":[{"@type":"ReadAction","target":["https:\/\/progettotouring.it\/radiotouring104\/2025\/05\/22\/reggio-presentato-il-premio-internazionale-marco-alberto-ippolito-2025\/"]}]},{"@type":"ImageObject","inLanguage":"it-IT","@id":"https:\/\/progettotouring.it\/radiotouring104\/2025\/05\/22\/reggio-presentato-il-premio-internazionale-marco-alberto-ippolito-2025\/#primaryimage","url":"https:\/\/progettotouring.it\/radiotouring104\/wp-content\/uploads\/sites\/6\/2025\/05\/Quartuccio-premio-ippolito-2025-scuola-preti-frangipane.jpeg","contentUrl":"https:\/\/progettotouring.it\/radiotouring104\/wp-content\/uploads\/sites\/6\/2025\/05\/Quartuccio-premio-ippolito-2025-scuola-preti-frangipane.jpeg","width":1600,"height":1200},{"@type":"BreadcrumbList","@id":"https:\/\/progettotouring.it\/radiotouring104\/2025\/05\/22\/reggio-presentato-il-premio-internazionale-marco-alberto-ippolito-2025\/#breadcrumb","itemListElement":[{"@type":"ListItem","position":1,"name":"Home","item":"https:\/\/progettotouring.it\/radiotouring104\/"},{"@type":"ListItem","position":2,"name":"Reggio: presentato il Premio Internazionale &#8220;Marco &amp; Alberto Ippolito&#8221; 2025"}]},{"@type":"WebSite","@id":"https:\/\/progettotouring.it\/radiotouring104\/#website","url":"https:\/\/progettotouring.it\/radiotouring104\/","name":"Radio Touring 104","description":"La prima radio Reggina","publisher":{"@id":"https:\/\/progettotouring.it\/radiotouring104\/#organization"},"potentialAction":[{"@type":"SearchAction","target":{"@type":"EntryPoint","urlTemplate":"https:\/\/progettotouring.it\/radiotouring104\/?s={search_term_string}"},"query-input":{"@type":"PropertyValueSpecification","valueRequired":true,"valueName":"search_term_string"}}],"inLanguage":"it-IT"},{"@type":"Organization","@id":"https:\/\/progettotouring.it\/radiotouring104\/#organization","name":"Radio Touring 104","url":"https:\/\/progettotouring.it\/radiotouring104\/","logo":{"@type":"ImageObject","inLanguage":"it-IT","@id":"https:\/\/progettotouring.it\/radiotouring104\/#\/schema\/logo\/image\/","url":"https:\/\/progettotouring.it\/radiotouring104\/wp-content\/uploads\/sites\/6\/2022\/02\/cropped-logo-radio-touring-104.png","contentUrl":"https:\/\/progettotouring.it\/radiotouring104\/wp-content\/uploads\/sites\/6\/2022\/02\/cropped-logo-radio-touring-104.png","width":377,"height":182,"caption":"Radio Touring 104"},"image":{"@id":"https:\/\/progettotouring.it\/radiotouring104\/#\/schema\/logo\/image\/"}},{"@type":"Person","@id":"https:\/\/progettotouring.it\/radiotouring104\/#\/schema\/person\/78613917f1851f041f7483f5af1d422e","name":"Sebastiano Plutino","image":{"@type":"ImageObject","inLanguage":"it-IT","@id":"https:\/\/secure.gravatar.com\/avatar\/0546ffaa9b79224faf9f2a156b67a529ae861d3287c66c1d8ccfdf909bcba78d?s=96&d=mm&r=g","url":"https:\/\/secure.gravatar.com\/avatar\/0546ffaa9b79224faf9f2a156b67a529ae861d3287c66c1d8ccfdf909bcba78d?s=96&d=mm&r=g","contentUrl":"https:\/\/secure.gravatar.com\/avatar\/0546ffaa9b79224faf9f2a156b67a529ae861d3287c66c1d8ccfdf909bcba78d?s=96&d=mm&r=g","caption":"Sebastiano Plutino"},"url":"https:\/\/progettotouring.it\/radiotouring104\/author\/sebastiano\/"}]}},"jetpack_publicize_connections":[],"jetpack_featured_media_url":"https:\/\/progettotouring.it\/radiotouring104\/wp-content\/uploads\/sites\/6\/2025\/05\/Quartuccio-premio-ippolito-2025-scuola-preti-frangipane.jpeg","jetpack_sharing_enabled":true,"_links":{"self":[{"href":"https:\/\/progettotouring.it\/radiotouring104\/wp-json\/wp\/v2\/posts\/74290","targetHints":{"allow":["GET"]}}],"collection":[{"href":"https:\/\/progettotouring.it\/radiotouring104\/wp-json\/wp\/v2\/posts"}],"about":[{"href":"https:\/\/progettotouring.it\/radiotouring104\/wp-json\/wp\/v2\/types\/post"}],"author":[{"embeddable":true,"href":"https:\/\/progettotouring.it\/radiotouring104\/wp-json\/wp\/v2\/users\/12"}],"replies":[{"embeddable":true,"href":"https:\/\/progettotouring.it\/radiotouring104\/wp-json\/wp\/v2\/comments?post=74290"}],"version-history":[{"count":1,"href":"https:\/\/progettotouring.it\/radiotouring104\/wp-json\/wp\/v2\/posts\/74290\/revisions"}],"predecessor-version":[{"id":74292,"href":"https:\/\/progettotouring.it\/radiotouring104\/wp-json\/wp\/v2\/posts\/74290\/revisions\/74292"}],"wp:featuredmedia":[{"embeddable":true,"href":"https:\/\/progettotouring.it\/radiotouring104\/wp-json\/wp\/v2\/media\/74291"}],"wp:attachment":[{"href":"https:\/\/progettotouring.it\/radiotouring104\/wp-json\/wp\/v2\/media?parent=74290"}],"wp:term":[{"taxonomy":"category","embeddable":true,"href":"https:\/\/progettotouring.it\/radiotouring104\/wp-json\/wp\/v2\/categories?post=74290"},{"taxonomy":"post_tag","embeddable":true,"href":"https:\/\/progettotouring.it\/radiotouring104\/wp-json\/wp\/v2\/tags?post=74290"}],"curies":[{"name":"wp","href":"https:\/\/api.w.org\/{rel}","templated":true}]}}