{"id":74293,"date":"2025-05-22T09:59:35","date_gmt":"2025-05-22T07:59:35","guid":{"rendered":"https:\/\/progettotouring.it\/radiotouring104\/?p=74293"},"modified":"2025-05-22T09:59:35","modified_gmt":"2025-05-22T07:59:35","slug":"reggio-ripepi-attacca-falcomata-sugli-uffici-comunali-inagibili","status":"publish","type":"post","link":"https:\/\/progettotouring.it\/radiotouring104\/2025\/05\/22\/reggio-ripepi-attacca-falcomata-sugli-uffici-comunali-inagibili\/","title":{"rendered":"Reggio: Ripepi attacca Falcomat\u00e0 sugli Uffici comunali inagibili"},"content":{"rendered":"<p class=\"xmprfx_MsoNormal\"><b>Uffici comunali inagibili, Ripepi: \u00abAltro che\u00a0<i>\u201cprocurato allarme\u201d:<\/i>\u00a0Falcomat\u00e0 allarmato stanzia 3ml di euro per i lavori che in 11 anni non ha voluto fare\u00bb<\/b><\/p>\n<p class=\"xmprfx_MsoNormal\">\u00abNon siamo stati noi a creare allarmismi infondati: oggi il Sindaco, molto allarmato per non aver fatto quello che era suo dovere fare, stanzia con una delibera di Giunta pi\u00f9 di 3 milioni di euro per effettuare i lavori che il datore di lavoro del Comune gli aveva intimato di fare previa chiusura degli immobili comunali.\u00a0<b>Se esistesse un reato di \u201c<i>costante allarme\u201d<\/i>, il primo a doverne rispondere sarebbe proprio il sindaco Falcomat\u00e0 che ha lasciato la nostra Citt\u00e0 in un allarme politico e amministrativo continuo e reiterato per 11 lunghi anni<\/b>.\u00bb<\/p>\n<p class=\"xmprfx_MsoNormal\">A dichiararlo \u00e8\u00a0<b>Massimo Ripepi, Presidente della Commissione Controllo e Garanzia<\/b>\u00a0del Comune di Reggio Calabria e\u00a0<b>Segretario Regionale di Alternativa Popolare Calabria<\/b>, dopo la denuncia pubblica dei dati ufficiali sulla grave situazione di\u00a0<b>inagibilit\u00e0 di numerosi edifici comunali<\/b>. Ancora una volta \u2013 sottolinea Ripepi \u2013 la verit\u00e0 viene a galla solo quando c\u2019\u00e8 qualcuno a scoperchiare il pentolone dei problemi nascosti di Palazzo San Giorgio: \u00abFalcomat\u00e0, mentre accusava l\u2019opposizione di allarmismo, nascondeva una realt\u00e0 ben pi\u00f9 grave.\u00a0<b>La relazione dei Vigili del Fuoco che segnalava gravi criticit\u00e0 di sicurezza risale addirittura al 28 maggio 2024.<\/b>\u00a0<b>Un anno di silenzio. Un anno senza alcun intervento risolutivo \u2013 a cui si sommano i dieci anni di assoluta paralisi \u2013 nonostante le missive dei tanti datori di lavoro che si sono avvicendati e che non hanno mai avuto dal Sindaco alcuna risposta alle richieste di finanziamento degli interventi da attuare<\/b>.\u00bb<\/p>\n<p class=\"xmprfx_MsoNormal\"><b>Soltanto dopo l\u2019azione della denuncia pubblica della disposizione del datore di lavoro Ing. Minutolo, il sindaco si \u00e8 affrettato a mettere una pezza,<\/b>\u00a0portando in Giunta la delibera n.109 del 19 maggio 2025 con cui\u00a0<b>sono stati stanziati fondi per un totale di circa 3.223.960 euro<\/b>. In particolare: 2.100.000 euro per il Palazzo Ce.Dir, 600.000 euro per la manutenzione straordinaria e l\u2019adeguamento normativo degli edifici comunali tra cui Palazzo San Giorgio, 380.000 euro per il ripristino dell\u2019impianto di climatizzazione del settore Urbanistica e Pianificazione Territoriale, e 143.960 euro per le verifiche di vulnerabilit\u00e0 sismica su quattro edifici scolastici.<\/p>\n<p class=\"xmprfx_MsoNormal\">\u00ab<b>Peccato che questi soldi<\/b>\u00a0\u2013 commenta Ripepi \u2013\u00a0<b>siano stati sbloccati solo dopo l\u2019ennesima denuncia pubblica<\/b>. Non sono bastati mesi e mesi di richieste da parte dei sindacalisti e dei dipendenti comunali, che chiedevano solo una cosa: poter lavorare in ambienti sicuri.\u00a0<b>Le priorit\u00e0 dell\u2019amministrazione Falcomat\u00e0 sono totalmente fuori dal radar della buona amministrazione<\/b>: ci si preoccupa solo dell\u2019immagine e della propaganda, mentre si lascia che gli edifici pubblici dell\u2019amministrazione comunale crollino nell\u2019abbandono insieme ai dipendenti che ci lavorano.\u00bb<\/p>\n<p class=\"xmprfx_MsoNormal\">\u00abIl Ce.Dir, Palazzo San Giorgio, l\u2019edificio di via del Torrione, le scuole comunali\u2026 tutto lasciato in condizioni precarie finch\u00e9, insieme ai colleghi dell\u2019opposizione, non abbiamo sollevato pubblicamente il problema.\u00a0<b>E solo allora, come sempre, Falcomat\u00e0 dopo avere scaricato la responsabilit\u00e0 ai malcapitati \u201cterzi\u201d si \u00e8 scapicollato a cercare fondi per evitare l\u2019ennesima figuraccia<\/b>.\u00bb<\/p>\n<p class=\"xmprfx_MsoNormal\">\u00ab\u00c8 chiaro ormai che\u00a0<b>in questa citt\u00e0 si fa qualcosa solo se viene sollevata un\u2019emergenza mediatica.\u00a0<\/b>Ma noi non molleremo: continueremo con determinazione a pretendere trasparenza, a monitorare ogni atto, e soprattutto \u2013 conclude Ripepi \u2013 ad accendere i riflettori laddove questa amministrazione preferisce l\u2019ombra. Marted\u00ec prossimo \u00e8 stato gi\u00e0 convocato il Dirigente e Datore di Lavoro Ing. Minutolo in Commissione Controllo e Garanzia per relazionare al Consiglio ed all\u2019intera Citt\u00e0 sullo stato dell\u2019arte dei lavori in corso per rendere agibili i vari immobili di propriet\u00e0 del Comune. La sicurezza \u00e8 un diritto, non una cortesia da concedere quando fa comodo.\u00bb<\/p>\n","protected":false},"excerpt":{"rendered":"<p>Uffici comunali inagibili, Ripepi: \u00abAltro che\u00a0\u201cprocurato allarme\u201d:\u00a0Falcomat\u00e0 allarmato stanzia 3ml di euro per i lavori che in 11 anni non ha voluto fare\u00bb \u00abNon siamo stati noi a creare allarmismi&hellip;<\/p>\n","protected":false},"author":12,"featured_media":65942,"comment_status":"closed","ping_status":"open","sticky":false,"template":"","format":"standard","meta":{"_jetpack_memberships_contains_paid_content":false,"footnotes":"","jetpack_publicize_message":"","jetpack_publicize_feature_enabled":true,"jetpack_social_post_already_shared":true,"jetpack_social_options":{"image_generator_settings":{"template":"highway","default_image_id":0,"font":"","enabled":false},"version":2}},"categories":[921,196,140],"tags":[43876,342,30465,43877,43878,808,42666],"class_list":["post-74293","post","type-post","status-publish","format-standard","has-post-thumbnail","hentry","category-home","category-news","category-reggio-calabria","tag-altro-che-procurato-allarme","tag-comune-di-reggio-calabria","tag-falcomata-giuseppe","tag-finanziamento-3-milioni","tag-lavori-che-in-11-anni-non-ha-voluto-fare","tag-massimo-ripepi","tag-uffici-comunali-inagibili"],"yoast_head":"<!-- This site is optimized with the Yoast SEO plugin v27.2 - https:\/\/yoast.com\/product\/yoast-seo-wordpress\/ -->\n<title>Reggio: Ripepi attacca Falcomat\u00e0 sugli Uffici comunali inagibili<\/title>\n<meta name=\"description\" content=\"\u00abAltro che\u00a0\u201cprocurato allarme\u201d:\u00a0Falcomat\u00e0 allarmato stanzia 3mln per i lavori che in 11 anni non ha voluto fare\u00bb, dichiara il Consigliere\" \/>\n<meta name=\"robots\" content=\"index, follow, max-snippet:-1, max-image-preview:large, max-video-preview:-1\" \/>\n<link rel=\"canonical\" href=\"https:\/\/progettotouring.it\/radiotouring104\/2025\/05\/22\/reggio-ripepi-attacca-falcomata-sugli-uffici-comunali-inagibili\/\" \/>\n<meta property=\"og:locale\" content=\"it_IT\" \/>\n<meta property=\"og:type\" content=\"article\" \/>\n<meta property=\"og:title\" content=\"Reggio: Ripepi attacca Falcomat\u00e0 sugli Uffici comunali inagibili\" \/>\n<meta property=\"og:description\" content=\"\u00abAltro che\u00a0\u201cprocurato allarme\u201d:\u00a0Falcomat\u00e0 allarmato stanzia 3mln per i lavori che in 11 anni non ha voluto fare\u00bb, dichiara il Consigliere\" \/>\n<meta property=\"og:url\" content=\"https:\/\/progettotouring.it\/radiotouring104\/2025\/05\/22\/reggio-ripepi-attacca-falcomata-sugli-uffici-comunali-inagibili\/\" \/>\n<meta property=\"og:site_name\" content=\"Radio Touring 104\" \/>\n<meta property=\"article:published_time\" content=\"2025-05-22T07:59:35+00:00\" \/>\n<meta property=\"og:image\" content=\"https:\/\/progettotouring.it\/radiotouring104\/wp-content\/uploads\/sites\/6\/2025\/01\/Massimo-Ripepi-AP.jpg\" \/>\n\t<meta property=\"og:image:width\" content=\"2246\" \/>\n\t<meta property=\"og:image:height\" content=\"2299\" \/>\n\t<meta property=\"og:image:type\" content=\"image\/jpeg\" \/>\n<meta name=\"author\" content=\"Sebastiano Plutino\" \/>\n<meta name=\"twitter:card\" content=\"summary_large_image\" \/>\n<meta name=\"twitter:label1\" content=\"Scritto da\" \/>\n\t<meta name=\"twitter:data1\" content=\"Sebastiano Plutino\" \/>\n\t<meta name=\"twitter:label2\" content=\"Tempo di lettura stimato\" \/>\n\t<meta name=\"twitter:data2\" content=\"3 minuti\" \/>\n<script type=\"application\/ld+json\" class=\"yoast-schema-graph\">{\"@context\":\"https:\/\/schema.org\",\"@graph\":[{\"@type\":\"Article\",\"@id\":\"https:\/\/progettotouring.it\/radiotouring104\/2025\/05\/22\/reggio-ripepi-attacca-falcomata-sugli-uffici-comunali-inagibili\/#article\",\"isPartOf\":{\"@id\":\"https:\/\/progettotouring.it\/radiotouring104\/2025\/05\/22\/reggio-ripepi-attacca-falcomata-sugli-uffici-comunali-inagibili\/\"},\"author\":{\"name\":\"Sebastiano Plutino\",\"@id\":\"https:\/\/progettotouring.it\/radiotouring104\/#\/schema\/person\/78613917f1851f041f7483f5af1d422e\"},\"headline\":\"Reggio: Ripepi attacca Falcomat\u00e0 sugli Uffici comunali inagibili\",\"datePublished\":\"2025-05-22T07:59:35+00:00\",\"mainEntityOfPage\":{\"@id\":\"https:\/\/progettotouring.it\/radiotouring104\/2025\/05\/22\/reggio-ripepi-attacca-falcomata-sugli-uffici-comunali-inagibili\/\"},\"wordCount\":596,\"publisher\":{\"@id\":\"https:\/\/progettotouring.it\/radiotouring104\/#organization\"},\"image\":{\"@id\":\"https:\/\/progettotouring.it\/radiotouring104\/2025\/05\/22\/reggio-ripepi-attacca-falcomata-sugli-uffici-comunali-inagibili\/#primaryimage\"},\"thumbnailUrl\":\"https:\/\/progettotouring.it\/radiotouring104\/wp-content\/uploads\/sites\/6\/2025\/01\/Massimo-Ripepi-AP.jpg\",\"keywords\":[\"altro che procurato allarme\",\"Comune di Reggio Calabria\",\"Falcomat\u00e0 Giuseppe\",\"finanziamento 3 milioni\",\"lavori che in 11 anni non ha voluto fare\",\"Massimo Ripepi\",\"Uffici comunali inagibili\"],\"articleSection\":[\"Home\",\"News\",\"Reggio Calabria\"],\"inLanguage\":\"it-IT\"},{\"@type\":\"WebPage\",\"@id\":\"https:\/\/progettotouring.it\/radiotouring104\/2025\/05\/22\/reggio-ripepi-attacca-falcomata-sugli-uffici-comunali-inagibili\/\",\"url\":\"https:\/\/progettotouring.it\/radiotouring104\/2025\/05\/22\/reggio-ripepi-attacca-falcomata-sugli-uffici-comunali-inagibili\/\",\"name\":\"Reggio: Ripepi attacca Falcomat\u00e0 sugli Uffici comunali inagibili\",\"isPartOf\":{\"@id\":\"https:\/\/progettotouring.it\/radiotouring104\/#website\"},\"primaryImageOfPage\":{\"@id\":\"https:\/\/progettotouring.it\/radiotouring104\/2025\/05\/22\/reggio-ripepi-attacca-falcomata-sugli-uffici-comunali-inagibili\/#primaryimage\"},\"image\":{\"@id\":\"https:\/\/progettotouring.it\/radiotouring104\/2025\/05\/22\/reggio-ripepi-attacca-falcomata-sugli-uffici-comunali-inagibili\/#primaryimage\"},\"thumbnailUrl\":\"https:\/\/progettotouring.it\/radiotouring104\/wp-content\/uploads\/sites\/6\/2025\/01\/Massimo-Ripepi-AP.jpg\",\"datePublished\":\"2025-05-22T07:59:35+00:00\",\"description\":\"\u00abAltro che\u00a0\u201cprocurato allarme\u201d:\u00a0Falcomat\u00e0 allarmato stanzia 3mln per i lavori che in 11 anni non ha voluto fare\u00bb, dichiara il Consigliere\",\"breadcrumb\":{\"@id\":\"https:\/\/progettotouring.it\/radiotouring104\/2025\/05\/22\/reggio-ripepi-attacca-falcomata-sugli-uffici-comunali-inagibili\/#breadcrumb\"},\"inLanguage\":\"it-IT\",\"potentialAction\":[{\"@type\":\"ReadAction\",\"target\":[\"https:\/\/progettotouring.it\/radiotouring104\/2025\/05\/22\/reggio-ripepi-attacca-falcomata-sugli-uffici-comunali-inagibili\/\"]}]},{\"@type\":\"ImageObject\",\"inLanguage\":\"it-IT\",\"@id\":\"https:\/\/progettotouring.it\/radiotouring104\/2025\/05\/22\/reggio-ripepi-attacca-falcomata-sugli-uffici-comunali-inagibili\/#primaryimage\",\"url\":\"https:\/\/progettotouring.it\/radiotouring104\/wp-content\/uploads\/sites\/6\/2025\/01\/Massimo-Ripepi-AP.jpg\",\"contentUrl\":\"https:\/\/progettotouring.it\/radiotouring104\/wp-content\/uploads\/sites\/6\/2025\/01\/Massimo-Ripepi-AP.jpg\",\"width\":2246,\"height\":2299},{\"@type\":\"BreadcrumbList\",\"@id\":\"https:\/\/progettotouring.it\/radiotouring104\/2025\/05\/22\/reggio-ripepi-attacca-falcomata-sugli-uffici-comunali-inagibili\/#breadcrumb\",\"itemListElement\":[{\"@type\":\"ListItem\",\"position\":1,\"name\":\"Home\",\"item\":\"https:\/\/progettotouring.it\/radiotouring104\/\"},{\"@type\":\"ListItem\",\"position\":2,\"name\":\"Reggio: Ripepi attacca Falcomat\u00e0 sugli Uffici comunali inagibili\"}]},{\"@type\":\"WebSite\",\"@id\":\"https:\/\/progettotouring.it\/radiotouring104\/#website\",\"url\":\"https:\/\/progettotouring.it\/radiotouring104\/\",\"name\":\"Radio Touring 104\",\"description\":\"La prima radio Reggina\",\"publisher\":{\"@id\":\"https:\/\/progettotouring.it\/radiotouring104\/#organization\"},\"potentialAction\":[{\"@type\":\"SearchAction\",\"target\":{\"@type\":\"EntryPoint\",\"urlTemplate\":\"https:\/\/progettotouring.it\/radiotouring104\/?s={search_term_string}\"},\"query-input\":{\"@type\":\"PropertyValueSpecification\",\"valueRequired\":true,\"valueName\":\"search_term_string\"}}],\"inLanguage\":\"it-IT\"},{\"@type\":\"Organization\",\"@id\":\"https:\/\/progettotouring.it\/radiotouring104\/#organization\",\"name\":\"Radio Touring 104\",\"url\":\"https:\/\/progettotouring.it\/radiotouring104\/\",\"logo\":{\"@type\":\"ImageObject\",\"inLanguage\":\"it-IT\",\"@id\":\"https:\/\/progettotouring.it\/radiotouring104\/#\/schema\/logo\/image\/\",\"url\":\"https:\/\/progettotouring.it\/radiotouring104\/wp-content\/uploads\/sites\/6\/2022\/02\/cropped-logo-radio-touring-104.png\",\"contentUrl\":\"https:\/\/progettotouring.it\/radiotouring104\/wp-content\/uploads\/sites\/6\/2022\/02\/cropped-logo-radio-touring-104.png\",\"width\":377,\"height\":182,\"caption\":\"Radio Touring 104\"},\"image\":{\"@id\":\"https:\/\/progettotouring.it\/radiotouring104\/#\/schema\/logo\/image\/\"}},{\"@type\":\"Person\",\"@id\":\"https:\/\/progettotouring.it\/radiotouring104\/#\/schema\/person\/78613917f1851f041f7483f5af1d422e\",\"name\":\"Sebastiano Plutino\",\"image\":{\"@type\":\"ImageObject\",\"inLanguage\":\"it-IT\",\"@id\":\"https:\/\/secure.gravatar.com\/avatar\/0546ffaa9b79224faf9f2a156b67a529ae861d3287c66c1d8ccfdf909bcba78d?s=96&d=mm&r=g\",\"url\":\"https:\/\/secure.gravatar.com\/avatar\/0546ffaa9b79224faf9f2a156b67a529ae861d3287c66c1d8ccfdf909bcba78d?s=96&d=mm&r=g\",\"contentUrl\":\"https:\/\/secure.gravatar.com\/avatar\/0546ffaa9b79224faf9f2a156b67a529ae861d3287c66c1d8ccfdf909bcba78d?s=96&d=mm&r=g\",\"caption\":\"Sebastiano Plutino\"},\"url\":\"https:\/\/progettotouring.it\/radiotouring104\/author\/sebastiano\/\"}]}<\/script>\n<!-- \/ Yoast SEO plugin. -->","yoast_head_json":{"title":"Reggio: Ripepi attacca Falcomat\u00e0 sugli Uffici comunali inagibili","description":"\u00abAltro che\u00a0\u201cprocurato allarme\u201d:\u00a0Falcomat\u00e0 allarmato stanzia 3mln per i lavori che in 11 anni non ha voluto fare\u00bb, dichiara il Consigliere","robots":{"index":"index","follow":"follow","max-snippet":"max-snippet:-1","max-image-preview":"max-image-preview:large","max-video-preview":"max-video-preview:-1"},"canonical":"https:\/\/progettotouring.it\/radiotouring104\/2025\/05\/22\/reggio-ripepi-attacca-falcomata-sugli-uffici-comunali-inagibili\/","og_locale":"it_IT","og_type":"article","og_title":"Reggio: Ripepi attacca Falcomat\u00e0 sugli Uffici comunali inagibili","og_description":"\u00abAltro che\u00a0\u201cprocurato allarme\u201d:\u00a0Falcomat\u00e0 allarmato stanzia 3mln per i lavori che in 11 anni non ha voluto fare\u00bb, dichiara il Consigliere","og_url":"https:\/\/progettotouring.it\/radiotouring104\/2025\/05\/22\/reggio-ripepi-attacca-falcomata-sugli-uffici-comunali-inagibili\/","og_site_name":"Radio Touring 104","article_published_time":"2025-05-22T07:59:35+00:00","og_image":[{"width":2246,"height":2299,"url":"https:\/\/progettotouring.it\/radiotouring104\/wp-content\/uploads\/sites\/6\/2025\/01\/Massimo-Ripepi-AP.jpg","type":"image\/jpeg"}],"author":"Sebastiano Plutino","twitter_card":"summary_large_image","twitter_misc":{"Scritto da":"Sebastiano Plutino","Tempo di lettura stimato":"3 minuti"},"schema":{"@context":"https:\/\/schema.org","@graph":[{"@type":"Article","@id":"https:\/\/progettotouring.it\/radiotouring104\/2025\/05\/22\/reggio-ripepi-attacca-falcomata-sugli-uffici-comunali-inagibili\/#article","isPartOf":{"@id":"https:\/\/progettotouring.it\/radiotouring104\/2025\/05\/22\/reggio-ripepi-attacca-falcomata-sugli-uffici-comunali-inagibili\/"},"author":{"name":"Sebastiano Plutino","@id":"https:\/\/progettotouring.it\/radiotouring104\/#\/schema\/person\/78613917f1851f041f7483f5af1d422e"},"headline":"Reggio: Ripepi attacca Falcomat\u00e0 sugli Uffici comunali inagibili","datePublished":"2025-05-22T07:59:35+00:00","mainEntityOfPage":{"@id":"https:\/\/progettotouring.it\/radiotouring104\/2025\/05\/22\/reggio-ripepi-attacca-falcomata-sugli-uffici-comunali-inagibili\/"},"wordCount":596,"publisher":{"@id":"https:\/\/progettotouring.it\/radiotouring104\/#organization"},"image":{"@id":"https:\/\/progettotouring.it\/radiotouring104\/2025\/05\/22\/reggio-ripepi-attacca-falcomata-sugli-uffici-comunali-inagibili\/#primaryimage"},"thumbnailUrl":"https:\/\/progettotouring.it\/radiotouring104\/wp-content\/uploads\/sites\/6\/2025\/01\/Massimo-Ripepi-AP.jpg","keywords":["altro che procurato allarme","Comune di Reggio Calabria","Falcomat\u00e0 Giuseppe","finanziamento 3 milioni","lavori che in 11 anni non ha voluto fare","Massimo Ripepi","Uffici comunali inagibili"],"articleSection":["Home","News","Reggio Calabria"],"inLanguage":"it-IT"},{"@type":"WebPage","@id":"https:\/\/progettotouring.it\/radiotouring104\/2025\/05\/22\/reggio-ripepi-attacca-falcomata-sugli-uffici-comunali-inagibili\/","url":"https:\/\/progettotouring.it\/radiotouring104\/2025\/05\/22\/reggio-ripepi-attacca-falcomata-sugli-uffici-comunali-inagibili\/","name":"Reggio: Ripepi attacca Falcomat\u00e0 sugli Uffici comunali inagibili","isPartOf":{"@id":"https:\/\/progettotouring.it\/radiotouring104\/#website"},"primaryImageOfPage":{"@id":"https:\/\/progettotouring.it\/radiotouring104\/2025\/05\/22\/reggio-ripepi-attacca-falcomata-sugli-uffici-comunali-inagibili\/#primaryimage"},"image":{"@id":"https:\/\/progettotouring.it\/radiotouring104\/2025\/05\/22\/reggio-ripepi-attacca-falcomata-sugli-uffici-comunali-inagibili\/#primaryimage"},"thumbnailUrl":"https:\/\/progettotouring.it\/radiotouring104\/wp-content\/uploads\/sites\/6\/2025\/01\/Massimo-Ripepi-AP.jpg","datePublished":"2025-05-22T07:59:35+00:00","description":"\u00abAltro che\u00a0\u201cprocurato allarme\u201d:\u00a0Falcomat\u00e0 allarmato stanzia 3mln per i lavori che in 11 anni non ha voluto fare\u00bb, dichiara il Consigliere","breadcrumb":{"@id":"https:\/\/progettotouring.it\/radiotouring104\/2025\/05\/22\/reggio-ripepi-attacca-falcomata-sugli-uffici-comunali-inagibili\/#breadcrumb"},"inLanguage":"it-IT","potentialAction":[{"@type":"ReadAction","target":["https:\/\/progettotouring.it\/radiotouring104\/2025\/05\/22\/reggio-ripepi-attacca-falcomata-sugli-uffici-comunali-inagibili\/"]}]},{"@type":"ImageObject","inLanguage":"it-IT","@id":"https:\/\/progettotouring.it\/radiotouring104\/2025\/05\/22\/reggio-ripepi-attacca-falcomata-sugli-uffici-comunali-inagibili\/#primaryimage","url":"https:\/\/progettotouring.it\/radiotouring104\/wp-content\/uploads\/sites\/6\/2025\/01\/Massimo-Ripepi-AP.jpg","contentUrl":"https:\/\/progettotouring.it\/radiotouring104\/wp-content\/uploads\/sites\/6\/2025\/01\/Massimo-Ripepi-AP.jpg","width":2246,"height":2299},{"@type":"BreadcrumbList","@id":"https:\/\/progettotouring.it\/radiotouring104\/2025\/05\/22\/reggio-ripepi-attacca-falcomata-sugli-uffici-comunali-inagibili\/#breadcrumb","itemListElement":[{"@type":"ListItem","position":1,"name":"Home","item":"https:\/\/progettotouring.it\/radiotouring104\/"},{"@type":"ListItem","position":2,"name":"Reggio: Ripepi attacca Falcomat\u00e0 sugli Uffici comunali inagibili"}]},{"@type":"WebSite","@id":"https:\/\/progettotouring.it\/radiotouring104\/#website","url":"https:\/\/progettotouring.it\/radiotouring104\/","name":"Radio Touring 104","description":"La prima radio Reggina","publisher":{"@id":"https:\/\/progettotouring.it\/radiotouring104\/#organization"},"potentialAction":[{"@type":"SearchAction","target":{"@type":"EntryPoint","urlTemplate":"https:\/\/progettotouring.it\/radiotouring104\/?s={search_term_string}"},"query-input":{"@type":"PropertyValueSpecification","valueRequired":true,"valueName":"search_term_string"}}],"inLanguage":"it-IT"},{"@type":"Organization","@id":"https:\/\/progettotouring.it\/radiotouring104\/#organization","name":"Radio Touring 104","url":"https:\/\/progettotouring.it\/radiotouring104\/","logo":{"@type":"ImageObject","inLanguage":"it-IT","@id":"https:\/\/progettotouring.it\/radiotouring104\/#\/schema\/logo\/image\/","url":"https:\/\/progettotouring.it\/radiotouring104\/wp-content\/uploads\/sites\/6\/2022\/02\/cropped-logo-radio-touring-104.png","contentUrl":"https:\/\/progettotouring.it\/radiotouring104\/wp-content\/uploads\/sites\/6\/2022\/02\/cropped-logo-radio-touring-104.png","width":377,"height":182,"caption":"Radio Touring 104"},"image":{"@id":"https:\/\/progettotouring.it\/radiotouring104\/#\/schema\/logo\/image\/"}},{"@type":"Person","@id":"https:\/\/progettotouring.it\/radiotouring104\/#\/schema\/person\/78613917f1851f041f7483f5af1d422e","name":"Sebastiano Plutino","image":{"@type":"ImageObject","inLanguage":"it-IT","@id":"https:\/\/secure.gravatar.com\/avatar\/0546ffaa9b79224faf9f2a156b67a529ae861d3287c66c1d8ccfdf909bcba78d?s=96&d=mm&r=g","url":"https:\/\/secure.gravatar.com\/avatar\/0546ffaa9b79224faf9f2a156b67a529ae861d3287c66c1d8ccfdf909bcba78d?s=96&d=mm&r=g","contentUrl":"https:\/\/secure.gravatar.com\/avatar\/0546ffaa9b79224faf9f2a156b67a529ae861d3287c66c1d8ccfdf909bcba78d?s=96&d=mm&r=g","caption":"Sebastiano Plutino"},"url":"https:\/\/progettotouring.it\/radiotouring104\/author\/sebastiano\/"}]}},"jetpack_publicize_connections":[],"jetpack_featured_media_url":"https:\/\/progettotouring.it\/radiotouring104\/wp-content\/uploads\/sites\/6\/2025\/01\/Massimo-Ripepi-AP.jpg","jetpack_sharing_enabled":true,"_links":{"self":[{"href":"https:\/\/progettotouring.it\/radiotouring104\/wp-json\/wp\/v2\/posts\/74293","targetHints":{"allow":["GET"]}}],"collection":[{"href":"https:\/\/progettotouring.it\/radiotouring104\/wp-json\/wp\/v2\/posts"}],"about":[{"href":"https:\/\/progettotouring.it\/radiotouring104\/wp-json\/wp\/v2\/types\/post"}],"author":[{"embeddable":true,"href":"https:\/\/progettotouring.it\/radiotouring104\/wp-json\/wp\/v2\/users\/12"}],"replies":[{"embeddable":true,"href":"https:\/\/progettotouring.it\/radiotouring104\/wp-json\/wp\/v2\/comments?post=74293"}],"version-history":[{"count":2,"href":"https:\/\/progettotouring.it\/radiotouring104\/wp-json\/wp\/v2\/posts\/74293\/revisions"}],"predecessor-version":[{"id":74295,"href":"https:\/\/progettotouring.it\/radiotouring104\/wp-json\/wp\/v2\/posts\/74293\/revisions\/74295"}],"wp:featuredmedia":[{"embeddable":true,"href":"https:\/\/progettotouring.it\/radiotouring104\/wp-json\/wp\/v2\/media\/65942"}],"wp:attachment":[{"href":"https:\/\/progettotouring.it\/radiotouring104\/wp-json\/wp\/v2\/media?parent=74293"}],"wp:term":[{"taxonomy":"category","embeddable":true,"href":"https:\/\/progettotouring.it\/radiotouring104\/wp-json\/wp\/v2\/categories?post=74293"},{"taxonomy":"post_tag","embeddable":true,"href":"https:\/\/progettotouring.it\/radiotouring104\/wp-json\/wp\/v2\/tags?post=74293"}],"curies":[{"name":"wp","href":"https:\/\/api.w.org\/{rel}","templated":true}]}}