{"id":74296,"date":"2025-05-22T10:06:50","date_gmt":"2025-05-22T08:06:50","guid":{"rendered":"https:\/\/progettotouring.it\/radiotouring104\/?p=74296"},"modified":"2025-05-22T10:06:50","modified_gmt":"2025-05-22T08:06:50","slug":"lintergruppo-parlamentare-oncologia-lancia-lallarme-sulla-carenza-di-radioterapisti","status":"publish","type":"post","link":"https:\/\/progettotouring.it\/radiotouring104\/2025\/05\/22\/lintergruppo-parlamentare-oncologia-lancia-lallarme-sulla-carenza-di-radioterapisti\/","title":{"rendered":"L\u2019Intergruppo Parlamentare Oncologia lancia l&#8217;allarme sulla carenza di radioterapisti"},"content":{"rendered":"<p>\u201c<em>Senza un intervento immediato sul fronte della formazione universitaria, l\u2019Italia rischia di non avere abbastanza radioterapisti per garantire cure oncologiche adeguate nei prossimi anni<\/em>\u201d. \u00c8 il grido d\u2019allarme lanciato oggi nel corso del convegno\u00a0<em>\u201cIl futuro della radioterapia: formazione, ricerca e innovazione\u201d<\/em>, organizzato dall\u2019<strong>Intergruppo Parlamentare Oncologia: prevenzione, ricerca e innovazione<\/strong>, presieduto dalla Senatrice\u00a0<strong>Tilde Minasi<\/strong>.<\/p>\n<p>Tenutosi presso la Sala dell\u2019Istituto di Santa Maria in Aquiro del Senato della Repubblica, l\u2019incontro ha messo al centro un tema cruciale per la sanit\u00e0 pubblica: la\u00a0<strong>carenza di medici radioterapisti oncologi<\/strong>.<\/p>\n<p>Il Prof.\u00a0<strong>Marco Krengli<\/strong>, Direttore della UOC di Radioterapia dell\u2019Istituto Oncologico Veneto \u2013 IRCCS e Presidente di AIRO, ha tracciato un quadro preoccupante:\u00a0<em>\u201cIn Italia ci sono oggi poco pi\u00f9 di 1.000 radio-oncologi in attivit\u00e0, un numero ampiamente insufficiente rispetto al fabbisogno reale. E la situazione \u00e8 destinata a peggiorare se non si interverr\u00e0 rapidamente per rendere questa specializzazione pi\u00f9 attrattiva nei percorsi universitari e nelle scuole di specializzazione\u201d.<\/em><\/p>\n<p>La radioterapia oncologica \u00e8 un trattamento fondamentale nel percorso di cura per circa il\u00a0<strong>70% dei pazienti oncologici<\/strong>, ma nel nostro Paese resta\u00a0<strong>sottoutilizzata e scarsamente integrata<\/strong>\u00a0nei programmi terapeutici.<\/p>\n<p>La Dott.ssa\u00a0<strong>Cinzia Iotti<\/strong>, Direttore dell\u2019UOC di Radioterapia dell\u2019AUSL-IRCCS di Reggio Emilia e gi\u00e0 Presidente AIRO, ha aggiunto:\u00a0<em>\u201cLa questione non \u00e8 la mancanza di tecnologie, ma la mancanza di percorsi strutturati e di specialisti. Nei tumori al seno, ad esempio, cinque sedute di radioterapia ipofrazionata possono sostituire le 15 tradizionali, con la stessa efficacia e maggiore qualit\u00e0 della vita. Ma servono professionisti e organizzazione per renderlo possibile.\u201d<\/em><\/p>\n<p>Secondo la Sen.\u00a0<strong>Tilde Minasi<\/strong>, che ha aperto i lavori del convegno:\u00a0<em>\u201cLa radioterapia \u00e8 uno strumento salvavita, eppure non tutti i cittadini vi accedono in modo uniforme. Serve un impegno concreto delle istituzioni per colmare le disparit\u00e0 territoriali, investire nella formazione dei medici e ampliare l\u2019accesso anche a tecnologie come la\u00a0<strong>protonterapia<\/strong>, che oggi potrebbe giovare a circa 20.000 pazienti l\u2019anno ma \u00e8 disponibile solo in pochi centri\u201d.<\/em><\/p>\n<p>Durante l\u2019evento \u00e8 intervenuta anche\u00a0<strong>FAVO<\/strong>, la Federazione delle Associazioni di Volontariato in Oncologia, che ha sottolineato l\u2019importanza di riconoscere il ruolo dei radioterapisti all\u2019interno delle reti oncologiche regionali e dei\u00a0<strong>Tumor Board<\/strong>, per garantire ai pazienti terapie personalizzate e accessibili.<\/p>\n<p>Anche la\u00a0<strong>Societ\u00e0 Italiana di Uro-Oncologia (SIUrO)<\/strong>\u00a0ha ribadito l\u2019urgenza di potenziare le\u00a0<em>unit\u00e0 di patologia<\/em>\u00a0come le\u00a0<em>Prostate Unit<\/em>, con indicatori di qualit\u00e0 reali, affinch\u00e9 la radioterapia venga impiegata in modo appropriato sin dalle prime fasi dei trattamenti.<\/p>\n<p>Il messaggio del convegno, moderato dall\u2019On. Francesca Galizia, \u00e8 chiaro:\u00a0<strong>senza una strategia nazionale per formare e valorizzare nuovi radioterapisti, l\u2019Italia rischia di non essere in grado di garantire ai pazienti oncologici cure tempestive, efficaci e moderne.<\/strong>\u00a0Serve una risposta politica e istituzionale immediata.<\/p>\n","protected":false},"excerpt":{"rendered":"<p>\u201cSenza un intervento immediato sul fronte della formazione universitaria, l\u2019Italia rischia di non avere abbastanza radioterapisti per garantire cure oncologiche adeguate nei prossimi anni\u201d. \u00c8 il grido d\u2019allarme lanciato oggi&hellip;<\/p>\n","protected":false},"author":12,"featured_media":74297,"comment_status":"closed","ping_status":"open","sticky":false,"template":"","format":"standard","meta":{"_jetpack_memberships_contains_paid_content":false,"footnotes":"","jetpack_publicize_message":"","jetpack_publicize_feature_enabled":true,"jetpack_social_post_already_shared":true,"jetpack_social_options":{"image_generator_settings":{"template":"highway","default_image_id":0,"font":"","enabled":false},"version":2}},"categories":[142,921,196],"tags":[43880,43879,43881,27662],"class_list":["post-74296","post","type-post","status-publish","format-standard","has-post-thumbnail","hentry","category-calabria","category-home","category-news","tag-intergruppo-parlamentare-oncologia","tag-carenza-di-radioterapisti","tag-intervento-immediato-sul-fronte-della-formazione-universitaria","tag-senatrice-tilde-minasi"],"yoast_head":"<!-- This site is optimized with the Yoast SEO plugin v27.2 - https:\/\/yoast.com\/product\/yoast-seo-wordpress\/ -->\n<title>L\u2019Intergruppo Parlamentare Oncologia lancia l&#039;allarme sulla carenza di radioterapisti - Radio Touring 104<\/title>\n<meta name=\"description\" content=\"L\u2019Intergruppo Parlamentare, presieduto dalla Sen. Minasi, lancia l&#039;allarme per i prossimi anni e punta sulla formazione universitaria\" \/>\n<meta name=\"robots\" content=\"index, follow, max-snippet:-1, max-image-preview:large, max-video-preview:-1\" \/>\n<link rel=\"canonical\" href=\"https:\/\/progettotouring.it\/radiotouring104\/2025\/05\/22\/lintergruppo-parlamentare-oncologia-lancia-lallarme-sulla-carenza-di-radioterapisti\/\" \/>\n<meta property=\"og:locale\" content=\"it_IT\" \/>\n<meta property=\"og:type\" content=\"article\" \/>\n<meta property=\"og:title\" content=\"L\u2019Intergruppo Parlamentare Oncologia lancia l&#039;allarme sulla carenza di radioterapisti - Radio Touring 104\" \/>\n<meta property=\"og:description\" content=\"L\u2019Intergruppo Parlamentare, presieduto dalla Sen. Minasi, lancia l&#039;allarme per i prossimi anni e punta sulla formazione universitaria\" \/>\n<meta property=\"og:url\" content=\"https:\/\/progettotouring.it\/radiotouring104\/2025\/05\/22\/lintergruppo-parlamentare-oncologia-lancia-lallarme-sulla-carenza-di-radioterapisti\/\" \/>\n<meta property=\"og:site_name\" content=\"Radio Touring 104\" \/>\n<meta property=\"article:published_time\" content=\"2025-05-22T08:06:50+00:00\" \/>\n<meta property=\"og:image\" content=\"https:\/\/progettotouring.it\/radiotouring104\/wp-content\/uploads\/sites\/6\/2025\/05\/Gruppo-intraparlamentare-Senato-Radioterapia1.jpg\" \/>\n\t<meta property=\"og:image:width\" content=\"1920\" \/>\n\t<meta property=\"og:image:height\" content=\"1080\" \/>\n\t<meta property=\"og:image:type\" content=\"image\/jpeg\" \/>\n<meta name=\"author\" content=\"Sebastiano Plutino\" \/>\n<meta name=\"twitter:card\" content=\"summary_large_image\" \/>\n<meta name=\"twitter:label1\" content=\"Scritto da\" \/>\n\t<meta name=\"twitter:data1\" content=\"Sebastiano Plutino\" \/>\n\t<meta name=\"twitter:label2\" content=\"Tempo di lettura stimato\" \/>\n\t<meta name=\"twitter:data2\" content=\"2 minuti\" \/>\n<script type=\"application\/ld+json\" class=\"yoast-schema-graph\">{\"@context\":\"https:\/\/schema.org\",\"@graph\":[{\"@type\":\"Article\",\"@id\":\"https:\/\/progettotouring.it\/radiotouring104\/2025\/05\/22\/lintergruppo-parlamentare-oncologia-lancia-lallarme-sulla-carenza-di-radioterapisti\/#article\",\"isPartOf\":{\"@id\":\"https:\/\/progettotouring.it\/radiotouring104\/2025\/05\/22\/lintergruppo-parlamentare-oncologia-lancia-lallarme-sulla-carenza-di-radioterapisti\/\"},\"author\":{\"name\":\"Sebastiano Plutino\",\"@id\":\"https:\/\/progettotouring.it\/radiotouring104\/#\/schema\/person\/78613917f1851f041f7483f5af1d422e\"},\"headline\":\"L\u2019Intergruppo Parlamentare Oncologia lancia l&#8217;allarme sulla carenza di radioterapisti\",\"datePublished\":\"2025-05-22T08:06:50+00:00\",\"mainEntityOfPage\":{\"@id\":\"https:\/\/progettotouring.it\/radiotouring104\/2025\/05\/22\/lintergruppo-parlamentare-oncologia-lancia-lallarme-sulla-carenza-di-radioterapisti\/\"},\"wordCount\":461,\"publisher\":{\"@id\":\"https:\/\/progettotouring.it\/radiotouring104\/#organization\"},\"image\":{\"@id\":\"https:\/\/progettotouring.it\/radiotouring104\/2025\/05\/22\/lintergruppo-parlamentare-oncologia-lancia-lallarme-sulla-carenza-di-radioterapisti\/#primaryimage\"},\"thumbnailUrl\":\"https:\/\/progettotouring.it\/radiotouring104\/wp-content\/uploads\/sites\/6\/2025\/05\/Gruppo-intraparlamentare-Senato-Radioterapia1.jpg\",\"keywords\":[\"\u2019Intergruppo Parlamentare Oncologia\",\"carenza di radioterapisti\",\"intervento immediato sul fronte della formazione universitaria\",\"Senatrice Tilde Minasi\"],\"articleSection\":[\"Calabria\",\"Home\",\"News\"],\"inLanguage\":\"it-IT\"},{\"@type\":\"WebPage\",\"@id\":\"https:\/\/progettotouring.it\/radiotouring104\/2025\/05\/22\/lintergruppo-parlamentare-oncologia-lancia-lallarme-sulla-carenza-di-radioterapisti\/\",\"url\":\"https:\/\/progettotouring.it\/radiotouring104\/2025\/05\/22\/lintergruppo-parlamentare-oncologia-lancia-lallarme-sulla-carenza-di-radioterapisti\/\",\"name\":\"L\u2019Intergruppo Parlamentare Oncologia lancia l'allarme sulla carenza di radioterapisti - Radio Touring 104\",\"isPartOf\":{\"@id\":\"https:\/\/progettotouring.it\/radiotouring104\/#website\"},\"primaryImageOfPage\":{\"@id\":\"https:\/\/progettotouring.it\/radiotouring104\/2025\/05\/22\/lintergruppo-parlamentare-oncologia-lancia-lallarme-sulla-carenza-di-radioterapisti\/#primaryimage\"},\"image\":{\"@id\":\"https:\/\/progettotouring.it\/radiotouring104\/2025\/05\/22\/lintergruppo-parlamentare-oncologia-lancia-lallarme-sulla-carenza-di-radioterapisti\/#primaryimage\"},\"thumbnailUrl\":\"https:\/\/progettotouring.it\/radiotouring104\/wp-content\/uploads\/sites\/6\/2025\/05\/Gruppo-intraparlamentare-Senato-Radioterapia1.jpg\",\"datePublished\":\"2025-05-22T08:06:50+00:00\",\"description\":\"L\u2019Intergruppo Parlamentare, presieduto dalla Sen. Minasi, lancia l'allarme per i prossimi anni e punta sulla formazione universitaria\",\"breadcrumb\":{\"@id\":\"https:\/\/progettotouring.it\/radiotouring104\/2025\/05\/22\/lintergruppo-parlamentare-oncologia-lancia-lallarme-sulla-carenza-di-radioterapisti\/#breadcrumb\"},\"inLanguage\":\"it-IT\",\"potentialAction\":[{\"@type\":\"ReadAction\",\"target\":[\"https:\/\/progettotouring.it\/radiotouring104\/2025\/05\/22\/lintergruppo-parlamentare-oncologia-lancia-lallarme-sulla-carenza-di-radioterapisti\/\"]}]},{\"@type\":\"ImageObject\",\"inLanguage\":\"it-IT\",\"@id\":\"https:\/\/progettotouring.it\/radiotouring104\/2025\/05\/22\/lintergruppo-parlamentare-oncologia-lancia-lallarme-sulla-carenza-di-radioterapisti\/#primaryimage\",\"url\":\"https:\/\/progettotouring.it\/radiotouring104\/wp-content\/uploads\/sites\/6\/2025\/05\/Gruppo-intraparlamentare-Senato-Radioterapia1.jpg\",\"contentUrl\":\"https:\/\/progettotouring.it\/radiotouring104\/wp-content\/uploads\/sites\/6\/2025\/05\/Gruppo-intraparlamentare-Senato-Radioterapia1.jpg\",\"width\":1920,\"height\":1080},{\"@type\":\"BreadcrumbList\",\"@id\":\"https:\/\/progettotouring.it\/radiotouring104\/2025\/05\/22\/lintergruppo-parlamentare-oncologia-lancia-lallarme-sulla-carenza-di-radioterapisti\/#breadcrumb\",\"itemListElement\":[{\"@type\":\"ListItem\",\"position\":1,\"name\":\"Home\",\"item\":\"https:\/\/progettotouring.it\/radiotouring104\/\"},{\"@type\":\"ListItem\",\"position\":2,\"name\":\"L\u2019Intergruppo Parlamentare Oncologia lancia l&#8217;allarme sulla carenza di radioterapisti\"}]},{\"@type\":\"WebSite\",\"@id\":\"https:\/\/progettotouring.it\/radiotouring104\/#website\",\"url\":\"https:\/\/progettotouring.it\/radiotouring104\/\",\"name\":\"Radio Touring 104\",\"description\":\"La prima radio Reggina\",\"publisher\":{\"@id\":\"https:\/\/progettotouring.it\/radiotouring104\/#organization\"},\"potentialAction\":[{\"@type\":\"SearchAction\",\"target\":{\"@type\":\"EntryPoint\",\"urlTemplate\":\"https:\/\/progettotouring.it\/radiotouring104\/?s={search_term_string}\"},\"query-input\":{\"@type\":\"PropertyValueSpecification\",\"valueRequired\":true,\"valueName\":\"search_term_string\"}}],\"inLanguage\":\"it-IT\"},{\"@type\":\"Organization\",\"@id\":\"https:\/\/progettotouring.it\/radiotouring104\/#organization\",\"name\":\"Radio Touring 104\",\"url\":\"https:\/\/progettotouring.it\/radiotouring104\/\",\"logo\":{\"@type\":\"ImageObject\",\"inLanguage\":\"it-IT\",\"@id\":\"https:\/\/progettotouring.it\/radiotouring104\/#\/schema\/logo\/image\/\",\"url\":\"https:\/\/progettotouring.it\/radiotouring104\/wp-content\/uploads\/sites\/6\/2022\/02\/cropped-logo-radio-touring-104.png\",\"contentUrl\":\"https:\/\/progettotouring.it\/radiotouring104\/wp-content\/uploads\/sites\/6\/2022\/02\/cropped-logo-radio-touring-104.png\",\"width\":377,\"height\":182,\"caption\":\"Radio Touring 104\"},\"image\":{\"@id\":\"https:\/\/progettotouring.it\/radiotouring104\/#\/schema\/logo\/image\/\"}},{\"@type\":\"Person\",\"@id\":\"https:\/\/progettotouring.it\/radiotouring104\/#\/schema\/person\/78613917f1851f041f7483f5af1d422e\",\"name\":\"Sebastiano Plutino\",\"image\":{\"@type\":\"ImageObject\",\"inLanguage\":\"it-IT\",\"@id\":\"https:\/\/secure.gravatar.com\/avatar\/0546ffaa9b79224faf9f2a156b67a529ae861d3287c66c1d8ccfdf909bcba78d?s=96&d=mm&r=g\",\"url\":\"https:\/\/secure.gravatar.com\/avatar\/0546ffaa9b79224faf9f2a156b67a529ae861d3287c66c1d8ccfdf909bcba78d?s=96&d=mm&r=g\",\"contentUrl\":\"https:\/\/secure.gravatar.com\/avatar\/0546ffaa9b79224faf9f2a156b67a529ae861d3287c66c1d8ccfdf909bcba78d?s=96&d=mm&r=g\",\"caption\":\"Sebastiano Plutino\"},\"url\":\"https:\/\/progettotouring.it\/radiotouring104\/author\/sebastiano\/\"}]}<\/script>\n<!-- \/ Yoast SEO plugin. -->","yoast_head_json":{"title":"L\u2019Intergruppo Parlamentare Oncologia lancia l'allarme sulla carenza di radioterapisti - Radio Touring 104","description":"L\u2019Intergruppo Parlamentare, presieduto dalla Sen. Minasi, lancia l'allarme per i prossimi anni e punta sulla formazione universitaria","robots":{"index":"index","follow":"follow","max-snippet":"max-snippet:-1","max-image-preview":"max-image-preview:large","max-video-preview":"max-video-preview:-1"},"canonical":"https:\/\/progettotouring.it\/radiotouring104\/2025\/05\/22\/lintergruppo-parlamentare-oncologia-lancia-lallarme-sulla-carenza-di-radioterapisti\/","og_locale":"it_IT","og_type":"article","og_title":"L\u2019Intergruppo Parlamentare Oncologia lancia l'allarme sulla carenza di radioterapisti - Radio Touring 104","og_description":"L\u2019Intergruppo Parlamentare, presieduto dalla Sen. Minasi, lancia l'allarme per i prossimi anni e punta sulla formazione universitaria","og_url":"https:\/\/progettotouring.it\/radiotouring104\/2025\/05\/22\/lintergruppo-parlamentare-oncologia-lancia-lallarme-sulla-carenza-di-radioterapisti\/","og_site_name":"Radio Touring 104","article_published_time":"2025-05-22T08:06:50+00:00","og_image":[{"width":1920,"height":1080,"url":"https:\/\/progettotouring.it\/radiotouring104\/wp-content\/uploads\/sites\/6\/2025\/05\/Gruppo-intraparlamentare-Senato-Radioterapia1.jpg","type":"image\/jpeg"}],"author":"Sebastiano Plutino","twitter_card":"summary_large_image","twitter_misc":{"Scritto da":"Sebastiano Plutino","Tempo di lettura stimato":"2 minuti"},"schema":{"@context":"https:\/\/schema.org","@graph":[{"@type":"Article","@id":"https:\/\/progettotouring.it\/radiotouring104\/2025\/05\/22\/lintergruppo-parlamentare-oncologia-lancia-lallarme-sulla-carenza-di-radioterapisti\/#article","isPartOf":{"@id":"https:\/\/progettotouring.it\/radiotouring104\/2025\/05\/22\/lintergruppo-parlamentare-oncologia-lancia-lallarme-sulla-carenza-di-radioterapisti\/"},"author":{"name":"Sebastiano Plutino","@id":"https:\/\/progettotouring.it\/radiotouring104\/#\/schema\/person\/78613917f1851f041f7483f5af1d422e"},"headline":"L\u2019Intergruppo Parlamentare Oncologia lancia l&#8217;allarme sulla carenza di radioterapisti","datePublished":"2025-05-22T08:06:50+00:00","mainEntityOfPage":{"@id":"https:\/\/progettotouring.it\/radiotouring104\/2025\/05\/22\/lintergruppo-parlamentare-oncologia-lancia-lallarme-sulla-carenza-di-radioterapisti\/"},"wordCount":461,"publisher":{"@id":"https:\/\/progettotouring.it\/radiotouring104\/#organization"},"image":{"@id":"https:\/\/progettotouring.it\/radiotouring104\/2025\/05\/22\/lintergruppo-parlamentare-oncologia-lancia-lallarme-sulla-carenza-di-radioterapisti\/#primaryimage"},"thumbnailUrl":"https:\/\/progettotouring.it\/radiotouring104\/wp-content\/uploads\/sites\/6\/2025\/05\/Gruppo-intraparlamentare-Senato-Radioterapia1.jpg","keywords":["\u2019Intergruppo Parlamentare Oncologia","carenza di radioterapisti","intervento immediato sul fronte della formazione universitaria","Senatrice Tilde Minasi"],"articleSection":["Calabria","Home","News"],"inLanguage":"it-IT"},{"@type":"WebPage","@id":"https:\/\/progettotouring.it\/radiotouring104\/2025\/05\/22\/lintergruppo-parlamentare-oncologia-lancia-lallarme-sulla-carenza-di-radioterapisti\/","url":"https:\/\/progettotouring.it\/radiotouring104\/2025\/05\/22\/lintergruppo-parlamentare-oncologia-lancia-lallarme-sulla-carenza-di-radioterapisti\/","name":"L\u2019Intergruppo Parlamentare Oncologia lancia l'allarme sulla carenza di radioterapisti - Radio Touring 104","isPartOf":{"@id":"https:\/\/progettotouring.it\/radiotouring104\/#website"},"primaryImageOfPage":{"@id":"https:\/\/progettotouring.it\/radiotouring104\/2025\/05\/22\/lintergruppo-parlamentare-oncologia-lancia-lallarme-sulla-carenza-di-radioterapisti\/#primaryimage"},"image":{"@id":"https:\/\/progettotouring.it\/radiotouring104\/2025\/05\/22\/lintergruppo-parlamentare-oncologia-lancia-lallarme-sulla-carenza-di-radioterapisti\/#primaryimage"},"thumbnailUrl":"https:\/\/progettotouring.it\/radiotouring104\/wp-content\/uploads\/sites\/6\/2025\/05\/Gruppo-intraparlamentare-Senato-Radioterapia1.jpg","datePublished":"2025-05-22T08:06:50+00:00","description":"L\u2019Intergruppo Parlamentare, presieduto dalla Sen. Minasi, lancia l'allarme per i prossimi anni e punta sulla formazione universitaria","breadcrumb":{"@id":"https:\/\/progettotouring.it\/radiotouring104\/2025\/05\/22\/lintergruppo-parlamentare-oncologia-lancia-lallarme-sulla-carenza-di-radioterapisti\/#breadcrumb"},"inLanguage":"it-IT","potentialAction":[{"@type":"ReadAction","target":["https:\/\/progettotouring.it\/radiotouring104\/2025\/05\/22\/lintergruppo-parlamentare-oncologia-lancia-lallarme-sulla-carenza-di-radioterapisti\/"]}]},{"@type":"ImageObject","inLanguage":"it-IT","@id":"https:\/\/progettotouring.it\/radiotouring104\/2025\/05\/22\/lintergruppo-parlamentare-oncologia-lancia-lallarme-sulla-carenza-di-radioterapisti\/#primaryimage","url":"https:\/\/progettotouring.it\/radiotouring104\/wp-content\/uploads\/sites\/6\/2025\/05\/Gruppo-intraparlamentare-Senato-Radioterapia1.jpg","contentUrl":"https:\/\/progettotouring.it\/radiotouring104\/wp-content\/uploads\/sites\/6\/2025\/05\/Gruppo-intraparlamentare-Senato-Radioterapia1.jpg","width":1920,"height":1080},{"@type":"BreadcrumbList","@id":"https:\/\/progettotouring.it\/radiotouring104\/2025\/05\/22\/lintergruppo-parlamentare-oncologia-lancia-lallarme-sulla-carenza-di-radioterapisti\/#breadcrumb","itemListElement":[{"@type":"ListItem","position":1,"name":"Home","item":"https:\/\/progettotouring.it\/radiotouring104\/"},{"@type":"ListItem","position":2,"name":"L\u2019Intergruppo Parlamentare Oncologia lancia l&#8217;allarme sulla carenza di radioterapisti"}]},{"@type":"WebSite","@id":"https:\/\/progettotouring.it\/radiotouring104\/#website","url":"https:\/\/progettotouring.it\/radiotouring104\/","name":"Radio Touring 104","description":"La prima radio Reggina","publisher":{"@id":"https:\/\/progettotouring.it\/radiotouring104\/#organization"},"potentialAction":[{"@type":"SearchAction","target":{"@type":"EntryPoint","urlTemplate":"https:\/\/progettotouring.it\/radiotouring104\/?s={search_term_string}"},"query-input":{"@type":"PropertyValueSpecification","valueRequired":true,"valueName":"search_term_string"}}],"inLanguage":"it-IT"},{"@type":"Organization","@id":"https:\/\/progettotouring.it\/radiotouring104\/#organization","name":"Radio Touring 104","url":"https:\/\/progettotouring.it\/radiotouring104\/","logo":{"@type":"ImageObject","inLanguage":"it-IT","@id":"https:\/\/progettotouring.it\/radiotouring104\/#\/schema\/logo\/image\/","url":"https:\/\/progettotouring.it\/radiotouring104\/wp-content\/uploads\/sites\/6\/2022\/02\/cropped-logo-radio-touring-104.png","contentUrl":"https:\/\/progettotouring.it\/radiotouring104\/wp-content\/uploads\/sites\/6\/2022\/02\/cropped-logo-radio-touring-104.png","width":377,"height":182,"caption":"Radio Touring 104"},"image":{"@id":"https:\/\/progettotouring.it\/radiotouring104\/#\/schema\/logo\/image\/"}},{"@type":"Person","@id":"https:\/\/progettotouring.it\/radiotouring104\/#\/schema\/person\/78613917f1851f041f7483f5af1d422e","name":"Sebastiano Plutino","image":{"@type":"ImageObject","inLanguage":"it-IT","@id":"https:\/\/secure.gravatar.com\/avatar\/0546ffaa9b79224faf9f2a156b67a529ae861d3287c66c1d8ccfdf909bcba78d?s=96&d=mm&r=g","url":"https:\/\/secure.gravatar.com\/avatar\/0546ffaa9b79224faf9f2a156b67a529ae861d3287c66c1d8ccfdf909bcba78d?s=96&d=mm&r=g","contentUrl":"https:\/\/secure.gravatar.com\/avatar\/0546ffaa9b79224faf9f2a156b67a529ae861d3287c66c1d8ccfdf909bcba78d?s=96&d=mm&r=g","caption":"Sebastiano Plutino"},"url":"https:\/\/progettotouring.it\/radiotouring104\/author\/sebastiano\/"}]}},"jetpack_publicize_connections":[],"jetpack_featured_media_url":"https:\/\/progettotouring.it\/radiotouring104\/wp-content\/uploads\/sites\/6\/2025\/05\/Gruppo-intraparlamentare-Senato-Radioterapia1.jpg","jetpack_sharing_enabled":true,"_links":{"self":[{"href":"https:\/\/progettotouring.it\/radiotouring104\/wp-json\/wp\/v2\/posts\/74296","targetHints":{"allow":["GET"]}}],"collection":[{"href":"https:\/\/progettotouring.it\/radiotouring104\/wp-json\/wp\/v2\/posts"}],"about":[{"href":"https:\/\/progettotouring.it\/radiotouring104\/wp-json\/wp\/v2\/types\/post"}],"author":[{"embeddable":true,"href":"https:\/\/progettotouring.it\/radiotouring104\/wp-json\/wp\/v2\/users\/12"}],"replies":[{"embeddable":true,"href":"https:\/\/progettotouring.it\/radiotouring104\/wp-json\/wp\/v2\/comments?post=74296"}],"version-history":[{"count":1,"href":"https:\/\/progettotouring.it\/radiotouring104\/wp-json\/wp\/v2\/posts\/74296\/revisions"}],"predecessor-version":[{"id":74298,"href":"https:\/\/progettotouring.it\/radiotouring104\/wp-json\/wp\/v2\/posts\/74296\/revisions\/74298"}],"wp:featuredmedia":[{"embeddable":true,"href":"https:\/\/progettotouring.it\/radiotouring104\/wp-json\/wp\/v2\/media\/74297"}],"wp:attachment":[{"href":"https:\/\/progettotouring.it\/radiotouring104\/wp-json\/wp\/v2\/media?parent=74296"}],"wp:term":[{"taxonomy":"category","embeddable":true,"href":"https:\/\/progettotouring.it\/radiotouring104\/wp-json\/wp\/v2\/categories?post=74296"},{"taxonomy":"post_tag","embeddable":true,"href":"https:\/\/progettotouring.it\/radiotouring104\/wp-json\/wp\/v2\/tags?post=74296"}],"curies":[{"name":"wp","href":"https:\/\/api.w.org\/{rel}","templated":true}]}}