{"id":74313,"date":"2025-05-22T11:21:55","date_gmt":"2025-05-22T09:21:55","guid":{"rendered":"https:\/\/progettotouring.it\/radiotouring104\/?p=74313"},"modified":"2025-05-22T11:21:55","modified_gmt":"2025-05-22T09:21:55","slug":"reggio-al-via-la-iv-edizione-del-premio-cosi-e-la-vita-memorial-peppe-stellittano","status":"publish","type":"post","link":"https:\/\/progettotouring.it\/radiotouring104\/2025\/05\/22\/reggio-al-via-la-iv-edizione-del-premio-cosi-e-la-vita-memorial-peppe-stellittano\/","title":{"rendered":"Reggio: al via la IV edizione del Premio \u201cCos\u00ec \u00e8 la vita\u201d \u2013 Memorial Peppe Stellittano&#8221;"},"content":{"rendered":"<div>\n<p class=\"xmprfx_MsoNormal\">Emozionati e pronti a mettere nero su bianco i loro pensieri scoprendo le tradizioni e la storia dei loro avi, gli studenti dell\u2019Istituto Comprensivo \u201cCassiodoro- Don Bosco\u201d di Pellaro che, questa mattina, hanno ufficialmente dato il via alla quarta edizione del Premio \u201cCos\u00ec \u00e8 la vita\u201d \u2013 Memorial Peppe Stellittano.<\/p>\n<p class=\"xmprfx_MsoNormal\">In un\u2019Aula magna gremita, a presentare il concorso di poesia dialettale\u00a0il leader dei &#8220;Kalavr\u00eca&#8221; Nino Stellittano promotore dell\u2019iniziativa sposata sin da subito, dalla scuola reggina magistralmente guidata dalla\u00a0dirigente Eva Raffaella Maria Nicol\u00f2 e che vede la collaborazione della Casa editrice \u201cCitt\u00e0 del Sole\u201d, del Kiwanis Club Reggio Calabria, dei Kalavr\u00eca e della Pro Loco Reggio Sud.<\/p>\n<p>&#8220;Questo \u00e8 un appuntamento importante per tutta la comunit\u00e0 scolastica e pellarese nel quale gli studenti si cimentano non solo con elaborati letterari, ma grazie al concorso, incontrano, conoscono, scoprono le tradizioni del luogo in cui vivono &#8211; afferma la dirigente scolastica Eva Nicol\u00f2 -. La nostra scuola \u00e8 sempre vicina al territorio soprattutto, alle famiglie perch\u00e8 l&#8217;educazione \u00e8 una questione che non si pu\u00f2 affrontare se non con una corresponsabilit\u00e0 educativa forte, una condivisione di valori, obiettivi, di un percorso che va a tracciarsi sui nostri ragazzi. Scuola e famiglia devono camminare sempre dalla stessa parte supportando gli uni con gli altri&#8221;.<\/p>\n<p class=\"xmprfx_MsoNormal\">Pienamente d\u2019accordo la presidente della Pro Loco Reggio Sud Concetta Romeo e il presidente del Kiwanis Club Reggio Calabria Antonino Battaglia felice \u201cdi sostenere il percorso formativo e culturale dei giovani studenti con borse di studio finanziate dai membri dell\u2019organizzazione\u00a0\u00a0no profit che si impegna quotidianamente, a perseguire concrete opere e programmi al servizio della comunit\u00e0\u201d.<\/p>\n<p class=\"xmprfx_MsoNormal\">\u201cAnche quest\u2019anno, Citt\u00e0 del Sole \u00e8 presente ad un concorso che consente di scoprire brillanti talenti \u2013 afferma l\u2019editore Franco Arcidiaco -. All&#8217;inizio non pensavamo che ragazzi di questa et\u00e0 potessero produrre poesie cos\u00ec profonde, belle e invece, in queste edizioni, abbiamo raccolto un buon materiale tant\u2019\u00e8 che a fine anno, produrremo un\u2019antologia con i migliori elaborati. In questa edizione, ci sar\u00e0 anche il Premio di cultura popolare Pasquino Crupi e il Premio alla memoria Tina Ventura e Nuccia Stellittano, prematuramente scomparse, donne che si sono contraddistinte nell&#8217;ambito culturale ed educativo\u201d.<\/p>\n<p class=\"xmprfx_MsoNormal\">Entusiasta e pronto a regalare una serata indimenticabile, venerd\u00ec 30 Maggio, con un live dei Kalavr\u00eca, il leader Nino Stellittano che non pu\u00f2 che ricordare il pap\u00e0: \u201cPeppe era un artigiano della parola, un paroliere raffinato, socio fondatore e presidente onorario dei Kalavr\u00eca e il suo lavoro, i suoi scritti, la sua arte non poteva morire. Insieme all\u2019amico fraterno Gigi Miseferi che presenter\u00e0 l\u2019evento conclusivo di venerd\u00ec presso il cortile della scuola Cassiodoro &#8211; Don Bosco, live aperto a tutta la cittadinanza, ripercorreremo un passato indimenticabile tra musica e parole\u201d.<\/p>\n<\/div>\n<div><\/div>\n","protected":false},"excerpt":{"rendered":"<p>Emozionati e pronti a mettere nero su bianco i loro pensieri scoprendo le tradizioni e la storia dei loro avi, gli studenti dell\u2019Istituto Comprensivo \u201cCassiodoro- Don Bosco\u201d di Pellaro che,&hellip;<\/p>\n","protected":false},"author":12,"featured_media":74314,"comment_status":"closed","ping_status":"open","sticky":false,"template":"","format":"standard","meta":{"_jetpack_memberships_contains_paid_content":false,"footnotes":"","jetpack_publicize_message":"","jetpack_publicize_feature_enabled":true,"jetpack_social_post_already_shared":true,"jetpack_social_options":{"image_generator_settings":{"template":"highway","default_image_id":0,"font":"","enabled":false},"version":2}},"categories":[921,196,140],"tags":[1751,13057,17592,25145,1753,43892],"class_list":["post-74313","post","type-post","status-publish","format-standard","has-post-thumbnail","hentry","category-home","category-news","category-reggio-calabria","tag-cassiodoro-don-bosco","tag-eva-nicolo","tag-franco-arcidiaco","tag-iv-edizione","tag-kalavria","tag-premio-cosi-e-la-vita-memorial-peppe-stellittano"],"yoast_head":"<!-- This site is optimized with the Yoast SEO plugin v27.2 - https:\/\/yoast.com\/product\/yoast-seo-wordpress\/ -->\n<title>Reggio: al via la IV edizione del Premio \u201cCos\u00ec \u00e8 la vita\u201d \u2013 Memorial Peppe Stellittano&quot; - Radio Touring 104<\/title>\n<meta name=\"description\" content=\"Presentato, all&#039;istituto &quot;Cassiodoro Don Bosco&quot;, la IV edizione del concorso di poesia dialettale\u00a0il leader dei &quot;Kalavr\u00eca&quot;\" \/>\n<meta name=\"robots\" content=\"index, follow, max-snippet:-1, max-image-preview:large, max-video-preview:-1\" \/>\n<link rel=\"canonical\" href=\"https:\/\/progettotouring.it\/radiotouring104\/2025\/05\/22\/reggio-al-via-la-iv-edizione-del-premio-cosi-e-la-vita-memorial-peppe-stellittano\/\" \/>\n<meta property=\"og:locale\" content=\"it_IT\" \/>\n<meta property=\"og:type\" content=\"article\" \/>\n<meta property=\"og:title\" content=\"Reggio: al via la IV edizione del Premio \u201cCos\u00ec \u00e8 la vita\u201d \u2013 Memorial Peppe Stellittano&quot; - Radio Touring 104\" \/>\n<meta property=\"og:description\" content=\"Presentato, all&#039;istituto &quot;Cassiodoro Don Bosco&quot;, la IV edizione del concorso di poesia dialettale\u00a0il leader dei &quot;Kalavr\u00eca&quot;\" \/>\n<meta property=\"og:url\" content=\"https:\/\/progettotouring.it\/radiotouring104\/2025\/05\/22\/reggio-al-via-la-iv-edizione-del-premio-cosi-e-la-vita-memorial-peppe-stellittano\/\" \/>\n<meta property=\"og:site_name\" content=\"Radio Touring 104\" \/>\n<meta property=\"article:published_time\" content=\"2025-05-22T09:21:55+00:00\" \/>\n<meta property=\"og:image\" content=\"https:\/\/progettotouring.it\/radiotouring104\/wp-content\/uploads\/sites\/6\/2025\/05\/IV-edizione-Premio-Stellitano-Cassiodoro-Don-Bosco.png\" \/>\n\t<meta property=\"og:image:width\" content=\"701\" \/>\n\t<meta property=\"og:image:height\" content=\"529\" \/>\n\t<meta property=\"og:image:type\" content=\"image\/png\" \/>\n<meta name=\"author\" content=\"Sebastiano Plutino\" \/>\n<meta name=\"twitter:card\" content=\"summary_large_image\" \/>\n<meta name=\"twitter:label1\" content=\"Scritto da\" \/>\n\t<meta name=\"twitter:data1\" content=\"Sebastiano Plutino\" \/>\n\t<meta name=\"twitter:label2\" content=\"Tempo di lettura stimato\" \/>\n\t<meta name=\"twitter:data2\" content=\"2 minuti\" \/>\n<script type=\"application\/ld+json\" class=\"yoast-schema-graph\">{\"@context\":\"https:\/\/schema.org\",\"@graph\":[{\"@type\":\"Article\",\"@id\":\"https:\/\/progettotouring.it\/radiotouring104\/2025\/05\/22\/reggio-al-via-la-iv-edizione-del-premio-cosi-e-la-vita-memorial-peppe-stellittano\/#article\",\"isPartOf\":{\"@id\":\"https:\/\/progettotouring.it\/radiotouring104\/2025\/05\/22\/reggio-al-via-la-iv-edizione-del-premio-cosi-e-la-vita-memorial-peppe-stellittano\/\"},\"author\":{\"name\":\"Sebastiano Plutino\",\"@id\":\"https:\/\/progettotouring.it\/radiotouring104\/#\/schema\/person\/78613917f1851f041f7483f5af1d422e\"},\"headline\":\"Reggio: al via la IV edizione del Premio \u201cCos\u00ec \u00e8 la vita\u201d \u2013 Memorial Peppe Stellittano&#8221;\",\"datePublished\":\"2025-05-22T09:21:55+00:00\",\"mainEntityOfPage\":{\"@id\":\"https:\/\/progettotouring.it\/radiotouring104\/2025\/05\/22\/reggio-al-via-la-iv-edizione-del-premio-cosi-e-la-vita-memorial-peppe-stellittano\/\"},\"wordCount\":468,\"publisher\":{\"@id\":\"https:\/\/progettotouring.it\/radiotouring104\/#organization\"},\"image\":{\"@id\":\"https:\/\/progettotouring.it\/radiotouring104\/2025\/05\/22\/reggio-al-via-la-iv-edizione-del-premio-cosi-e-la-vita-memorial-peppe-stellittano\/#primaryimage\"},\"thumbnailUrl\":\"https:\/\/progettotouring.it\/radiotouring104\/wp-content\/uploads\/sites\/6\/2025\/05\/IV-edizione-Premio-Stellitano-Cassiodoro-Don-Bosco.png\",\"keywords\":[\"Cassiodoro - Don Bosco\",\"Eva Nicol\u00f2\",\"Franco Arcidiaco\",\"IV edizione\",\"Kalavr\u00eca\",\"Premio \u201cCos\u00ec \u00e8 la vita\u201d \u2013 Memorial Peppe Stellittano\\\"\"],\"articleSection\":[\"Home\",\"News\",\"Reggio Calabria\"],\"inLanguage\":\"it-IT\"},{\"@type\":\"WebPage\",\"@id\":\"https:\/\/progettotouring.it\/radiotouring104\/2025\/05\/22\/reggio-al-via-la-iv-edizione-del-premio-cosi-e-la-vita-memorial-peppe-stellittano\/\",\"url\":\"https:\/\/progettotouring.it\/radiotouring104\/2025\/05\/22\/reggio-al-via-la-iv-edizione-del-premio-cosi-e-la-vita-memorial-peppe-stellittano\/\",\"name\":\"Reggio: al via la IV edizione del Premio \u201cCos\u00ec \u00e8 la vita\u201d \u2013 Memorial Peppe Stellittano\\\" - Radio Touring 104\",\"isPartOf\":{\"@id\":\"https:\/\/progettotouring.it\/radiotouring104\/#website\"},\"primaryImageOfPage\":{\"@id\":\"https:\/\/progettotouring.it\/radiotouring104\/2025\/05\/22\/reggio-al-via-la-iv-edizione-del-premio-cosi-e-la-vita-memorial-peppe-stellittano\/#primaryimage\"},\"image\":{\"@id\":\"https:\/\/progettotouring.it\/radiotouring104\/2025\/05\/22\/reggio-al-via-la-iv-edizione-del-premio-cosi-e-la-vita-memorial-peppe-stellittano\/#primaryimage\"},\"thumbnailUrl\":\"https:\/\/progettotouring.it\/radiotouring104\/wp-content\/uploads\/sites\/6\/2025\/05\/IV-edizione-Premio-Stellitano-Cassiodoro-Don-Bosco.png\",\"datePublished\":\"2025-05-22T09:21:55+00:00\",\"description\":\"Presentato, all'istituto \\\"Cassiodoro Don Bosco\\\", la IV edizione del concorso di poesia dialettale\u00a0il leader dei \\\"Kalavr\u00eca\\\"\",\"breadcrumb\":{\"@id\":\"https:\/\/progettotouring.it\/radiotouring104\/2025\/05\/22\/reggio-al-via-la-iv-edizione-del-premio-cosi-e-la-vita-memorial-peppe-stellittano\/#breadcrumb\"},\"inLanguage\":\"it-IT\",\"potentialAction\":[{\"@type\":\"ReadAction\",\"target\":[\"https:\/\/progettotouring.it\/radiotouring104\/2025\/05\/22\/reggio-al-via-la-iv-edizione-del-premio-cosi-e-la-vita-memorial-peppe-stellittano\/\"]}]},{\"@type\":\"ImageObject\",\"inLanguage\":\"it-IT\",\"@id\":\"https:\/\/progettotouring.it\/radiotouring104\/2025\/05\/22\/reggio-al-via-la-iv-edizione-del-premio-cosi-e-la-vita-memorial-peppe-stellittano\/#primaryimage\",\"url\":\"https:\/\/progettotouring.it\/radiotouring104\/wp-content\/uploads\/sites\/6\/2025\/05\/IV-edizione-Premio-Stellitano-Cassiodoro-Don-Bosco.png\",\"contentUrl\":\"https:\/\/progettotouring.it\/radiotouring104\/wp-content\/uploads\/sites\/6\/2025\/05\/IV-edizione-Premio-Stellitano-Cassiodoro-Don-Bosco.png\",\"width\":701,\"height\":529},{\"@type\":\"BreadcrumbList\",\"@id\":\"https:\/\/progettotouring.it\/radiotouring104\/2025\/05\/22\/reggio-al-via-la-iv-edizione-del-premio-cosi-e-la-vita-memorial-peppe-stellittano\/#breadcrumb\",\"itemListElement\":[{\"@type\":\"ListItem\",\"position\":1,\"name\":\"Home\",\"item\":\"https:\/\/progettotouring.it\/radiotouring104\/\"},{\"@type\":\"ListItem\",\"position\":2,\"name\":\"Reggio: al via la IV edizione del Premio \u201cCos\u00ec \u00e8 la vita\u201d \u2013 Memorial Peppe Stellittano&#8221;\"}]},{\"@type\":\"WebSite\",\"@id\":\"https:\/\/progettotouring.it\/radiotouring104\/#website\",\"url\":\"https:\/\/progettotouring.it\/radiotouring104\/\",\"name\":\"Radio Touring 104\",\"description\":\"La prima radio Reggina\",\"publisher\":{\"@id\":\"https:\/\/progettotouring.it\/radiotouring104\/#organization\"},\"potentialAction\":[{\"@type\":\"SearchAction\",\"target\":{\"@type\":\"EntryPoint\",\"urlTemplate\":\"https:\/\/progettotouring.it\/radiotouring104\/?s={search_term_string}\"},\"query-input\":{\"@type\":\"PropertyValueSpecification\",\"valueRequired\":true,\"valueName\":\"search_term_string\"}}],\"inLanguage\":\"it-IT\"},{\"@type\":\"Organization\",\"@id\":\"https:\/\/progettotouring.it\/radiotouring104\/#organization\",\"name\":\"Radio Touring 104\",\"url\":\"https:\/\/progettotouring.it\/radiotouring104\/\",\"logo\":{\"@type\":\"ImageObject\",\"inLanguage\":\"it-IT\",\"@id\":\"https:\/\/progettotouring.it\/radiotouring104\/#\/schema\/logo\/image\/\",\"url\":\"https:\/\/progettotouring.it\/radiotouring104\/wp-content\/uploads\/sites\/6\/2022\/02\/cropped-logo-radio-touring-104.png\",\"contentUrl\":\"https:\/\/progettotouring.it\/radiotouring104\/wp-content\/uploads\/sites\/6\/2022\/02\/cropped-logo-radio-touring-104.png\",\"width\":377,\"height\":182,\"caption\":\"Radio Touring 104\"},\"image\":{\"@id\":\"https:\/\/progettotouring.it\/radiotouring104\/#\/schema\/logo\/image\/\"}},{\"@type\":\"Person\",\"@id\":\"https:\/\/progettotouring.it\/radiotouring104\/#\/schema\/person\/78613917f1851f041f7483f5af1d422e\",\"name\":\"Sebastiano Plutino\",\"image\":{\"@type\":\"ImageObject\",\"inLanguage\":\"it-IT\",\"@id\":\"https:\/\/secure.gravatar.com\/avatar\/0546ffaa9b79224faf9f2a156b67a529ae861d3287c66c1d8ccfdf909bcba78d?s=96&d=mm&r=g\",\"url\":\"https:\/\/secure.gravatar.com\/avatar\/0546ffaa9b79224faf9f2a156b67a529ae861d3287c66c1d8ccfdf909bcba78d?s=96&d=mm&r=g\",\"contentUrl\":\"https:\/\/secure.gravatar.com\/avatar\/0546ffaa9b79224faf9f2a156b67a529ae861d3287c66c1d8ccfdf909bcba78d?s=96&d=mm&r=g\",\"caption\":\"Sebastiano Plutino\"},\"url\":\"https:\/\/progettotouring.it\/radiotouring104\/author\/sebastiano\/\"}]}<\/script>\n<!-- \/ Yoast SEO plugin. -->","yoast_head_json":{"title":"Reggio: al via la IV edizione del Premio \u201cCos\u00ec \u00e8 la vita\u201d \u2013 Memorial Peppe Stellittano\" - Radio Touring 104","description":"Presentato, all'istituto \"Cassiodoro Don Bosco\", la IV edizione del concorso di poesia dialettale\u00a0il leader dei \"Kalavr\u00eca\"","robots":{"index":"index","follow":"follow","max-snippet":"max-snippet:-1","max-image-preview":"max-image-preview:large","max-video-preview":"max-video-preview:-1"},"canonical":"https:\/\/progettotouring.it\/radiotouring104\/2025\/05\/22\/reggio-al-via-la-iv-edizione-del-premio-cosi-e-la-vita-memorial-peppe-stellittano\/","og_locale":"it_IT","og_type":"article","og_title":"Reggio: al via la IV edizione del Premio \u201cCos\u00ec \u00e8 la vita\u201d \u2013 Memorial Peppe Stellittano\" - Radio Touring 104","og_description":"Presentato, all'istituto \"Cassiodoro Don Bosco\", la IV edizione del concorso di poesia dialettale\u00a0il leader dei \"Kalavr\u00eca\"","og_url":"https:\/\/progettotouring.it\/radiotouring104\/2025\/05\/22\/reggio-al-via-la-iv-edizione-del-premio-cosi-e-la-vita-memorial-peppe-stellittano\/","og_site_name":"Radio Touring 104","article_published_time":"2025-05-22T09:21:55+00:00","og_image":[{"width":701,"height":529,"url":"https:\/\/progettotouring.it\/radiotouring104\/wp-content\/uploads\/sites\/6\/2025\/05\/IV-edizione-Premio-Stellitano-Cassiodoro-Don-Bosco.png","type":"image\/png"}],"author":"Sebastiano Plutino","twitter_card":"summary_large_image","twitter_misc":{"Scritto da":"Sebastiano Plutino","Tempo di lettura stimato":"2 minuti"},"schema":{"@context":"https:\/\/schema.org","@graph":[{"@type":"Article","@id":"https:\/\/progettotouring.it\/radiotouring104\/2025\/05\/22\/reggio-al-via-la-iv-edizione-del-premio-cosi-e-la-vita-memorial-peppe-stellittano\/#article","isPartOf":{"@id":"https:\/\/progettotouring.it\/radiotouring104\/2025\/05\/22\/reggio-al-via-la-iv-edizione-del-premio-cosi-e-la-vita-memorial-peppe-stellittano\/"},"author":{"name":"Sebastiano Plutino","@id":"https:\/\/progettotouring.it\/radiotouring104\/#\/schema\/person\/78613917f1851f041f7483f5af1d422e"},"headline":"Reggio: al via la IV edizione del Premio \u201cCos\u00ec \u00e8 la vita\u201d \u2013 Memorial Peppe Stellittano&#8221;","datePublished":"2025-05-22T09:21:55+00:00","mainEntityOfPage":{"@id":"https:\/\/progettotouring.it\/radiotouring104\/2025\/05\/22\/reggio-al-via-la-iv-edizione-del-premio-cosi-e-la-vita-memorial-peppe-stellittano\/"},"wordCount":468,"publisher":{"@id":"https:\/\/progettotouring.it\/radiotouring104\/#organization"},"image":{"@id":"https:\/\/progettotouring.it\/radiotouring104\/2025\/05\/22\/reggio-al-via-la-iv-edizione-del-premio-cosi-e-la-vita-memorial-peppe-stellittano\/#primaryimage"},"thumbnailUrl":"https:\/\/progettotouring.it\/radiotouring104\/wp-content\/uploads\/sites\/6\/2025\/05\/IV-edizione-Premio-Stellitano-Cassiodoro-Don-Bosco.png","keywords":["Cassiodoro - Don Bosco","Eva Nicol\u00f2","Franco Arcidiaco","IV edizione","Kalavr\u00eca","Premio \u201cCos\u00ec \u00e8 la vita\u201d \u2013 Memorial Peppe Stellittano\""],"articleSection":["Home","News","Reggio Calabria"],"inLanguage":"it-IT"},{"@type":"WebPage","@id":"https:\/\/progettotouring.it\/radiotouring104\/2025\/05\/22\/reggio-al-via-la-iv-edizione-del-premio-cosi-e-la-vita-memorial-peppe-stellittano\/","url":"https:\/\/progettotouring.it\/radiotouring104\/2025\/05\/22\/reggio-al-via-la-iv-edizione-del-premio-cosi-e-la-vita-memorial-peppe-stellittano\/","name":"Reggio: al via la IV edizione del Premio \u201cCos\u00ec \u00e8 la vita\u201d \u2013 Memorial Peppe Stellittano\" - Radio Touring 104","isPartOf":{"@id":"https:\/\/progettotouring.it\/radiotouring104\/#website"},"primaryImageOfPage":{"@id":"https:\/\/progettotouring.it\/radiotouring104\/2025\/05\/22\/reggio-al-via-la-iv-edizione-del-premio-cosi-e-la-vita-memorial-peppe-stellittano\/#primaryimage"},"image":{"@id":"https:\/\/progettotouring.it\/radiotouring104\/2025\/05\/22\/reggio-al-via-la-iv-edizione-del-premio-cosi-e-la-vita-memorial-peppe-stellittano\/#primaryimage"},"thumbnailUrl":"https:\/\/progettotouring.it\/radiotouring104\/wp-content\/uploads\/sites\/6\/2025\/05\/IV-edizione-Premio-Stellitano-Cassiodoro-Don-Bosco.png","datePublished":"2025-05-22T09:21:55+00:00","description":"Presentato, all'istituto \"Cassiodoro Don Bosco\", la IV edizione del concorso di poesia dialettale\u00a0il leader dei \"Kalavr\u00eca\"","breadcrumb":{"@id":"https:\/\/progettotouring.it\/radiotouring104\/2025\/05\/22\/reggio-al-via-la-iv-edizione-del-premio-cosi-e-la-vita-memorial-peppe-stellittano\/#breadcrumb"},"inLanguage":"it-IT","potentialAction":[{"@type":"ReadAction","target":["https:\/\/progettotouring.it\/radiotouring104\/2025\/05\/22\/reggio-al-via-la-iv-edizione-del-premio-cosi-e-la-vita-memorial-peppe-stellittano\/"]}]},{"@type":"ImageObject","inLanguage":"it-IT","@id":"https:\/\/progettotouring.it\/radiotouring104\/2025\/05\/22\/reggio-al-via-la-iv-edizione-del-premio-cosi-e-la-vita-memorial-peppe-stellittano\/#primaryimage","url":"https:\/\/progettotouring.it\/radiotouring104\/wp-content\/uploads\/sites\/6\/2025\/05\/IV-edizione-Premio-Stellitano-Cassiodoro-Don-Bosco.png","contentUrl":"https:\/\/progettotouring.it\/radiotouring104\/wp-content\/uploads\/sites\/6\/2025\/05\/IV-edizione-Premio-Stellitano-Cassiodoro-Don-Bosco.png","width":701,"height":529},{"@type":"BreadcrumbList","@id":"https:\/\/progettotouring.it\/radiotouring104\/2025\/05\/22\/reggio-al-via-la-iv-edizione-del-premio-cosi-e-la-vita-memorial-peppe-stellittano\/#breadcrumb","itemListElement":[{"@type":"ListItem","position":1,"name":"Home","item":"https:\/\/progettotouring.it\/radiotouring104\/"},{"@type":"ListItem","position":2,"name":"Reggio: al via la IV edizione del Premio \u201cCos\u00ec \u00e8 la vita\u201d \u2013 Memorial Peppe Stellittano&#8221;"}]},{"@type":"WebSite","@id":"https:\/\/progettotouring.it\/radiotouring104\/#website","url":"https:\/\/progettotouring.it\/radiotouring104\/","name":"Radio Touring 104","description":"La prima radio Reggina","publisher":{"@id":"https:\/\/progettotouring.it\/radiotouring104\/#organization"},"potentialAction":[{"@type":"SearchAction","target":{"@type":"EntryPoint","urlTemplate":"https:\/\/progettotouring.it\/radiotouring104\/?s={search_term_string}"},"query-input":{"@type":"PropertyValueSpecification","valueRequired":true,"valueName":"search_term_string"}}],"inLanguage":"it-IT"},{"@type":"Organization","@id":"https:\/\/progettotouring.it\/radiotouring104\/#organization","name":"Radio Touring 104","url":"https:\/\/progettotouring.it\/radiotouring104\/","logo":{"@type":"ImageObject","inLanguage":"it-IT","@id":"https:\/\/progettotouring.it\/radiotouring104\/#\/schema\/logo\/image\/","url":"https:\/\/progettotouring.it\/radiotouring104\/wp-content\/uploads\/sites\/6\/2022\/02\/cropped-logo-radio-touring-104.png","contentUrl":"https:\/\/progettotouring.it\/radiotouring104\/wp-content\/uploads\/sites\/6\/2022\/02\/cropped-logo-radio-touring-104.png","width":377,"height":182,"caption":"Radio Touring 104"},"image":{"@id":"https:\/\/progettotouring.it\/radiotouring104\/#\/schema\/logo\/image\/"}},{"@type":"Person","@id":"https:\/\/progettotouring.it\/radiotouring104\/#\/schema\/person\/78613917f1851f041f7483f5af1d422e","name":"Sebastiano Plutino","image":{"@type":"ImageObject","inLanguage":"it-IT","@id":"https:\/\/secure.gravatar.com\/avatar\/0546ffaa9b79224faf9f2a156b67a529ae861d3287c66c1d8ccfdf909bcba78d?s=96&d=mm&r=g","url":"https:\/\/secure.gravatar.com\/avatar\/0546ffaa9b79224faf9f2a156b67a529ae861d3287c66c1d8ccfdf909bcba78d?s=96&d=mm&r=g","contentUrl":"https:\/\/secure.gravatar.com\/avatar\/0546ffaa9b79224faf9f2a156b67a529ae861d3287c66c1d8ccfdf909bcba78d?s=96&d=mm&r=g","caption":"Sebastiano Plutino"},"url":"https:\/\/progettotouring.it\/radiotouring104\/author\/sebastiano\/"}]}},"jetpack_publicize_connections":[],"jetpack_featured_media_url":"https:\/\/progettotouring.it\/radiotouring104\/wp-content\/uploads\/sites\/6\/2025\/05\/IV-edizione-Premio-Stellitano-Cassiodoro-Don-Bosco.png","jetpack_sharing_enabled":true,"_links":{"self":[{"href":"https:\/\/progettotouring.it\/radiotouring104\/wp-json\/wp\/v2\/posts\/74313","targetHints":{"allow":["GET"]}}],"collection":[{"href":"https:\/\/progettotouring.it\/radiotouring104\/wp-json\/wp\/v2\/posts"}],"about":[{"href":"https:\/\/progettotouring.it\/radiotouring104\/wp-json\/wp\/v2\/types\/post"}],"author":[{"embeddable":true,"href":"https:\/\/progettotouring.it\/radiotouring104\/wp-json\/wp\/v2\/users\/12"}],"replies":[{"embeddable":true,"href":"https:\/\/progettotouring.it\/radiotouring104\/wp-json\/wp\/v2\/comments?post=74313"}],"version-history":[{"count":1,"href":"https:\/\/progettotouring.it\/radiotouring104\/wp-json\/wp\/v2\/posts\/74313\/revisions"}],"predecessor-version":[{"id":74315,"href":"https:\/\/progettotouring.it\/radiotouring104\/wp-json\/wp\/v2\/posts\/74313\/revisions\/74315"}],"wp:featuredmedia":[{"embeddable":true,"href":"https:\/\/progettotouring.it\/radiotouring104\/wp-json\/wp\/v2\/media\/74314"}],"wp:attachment":[{"href":"https:\/\/progettotouring.it\/radiotouring104\/wp-json\/wp\/v2\/media?parent=74313"}],"wp:term":[{"taxonomy":"category","embeddable":true,"href":"https:\/\/progettotouring.it\/radiotouring104\/wp-json\/wp\/v2\/categories?post=74313"},{"taxonomy":"post_tag","embeddable":true,"href":"https:\/\/progettotouring.it\/radiotouring104\/wp-json\/wp\/v2\/tags?post=74313"}],"curies":[{"name":"wp","href":"https:\/\/api.w.org\/{rel}","templated":true}]}}