{"id":74318,"date":"2025-05-22T11:35:41","date_gmt":"2025-05-22T09:35:41","guid":{"rendered":"https:\/\/progettotouring.it\/radiotouring104\/?p=74318"},"modified":"2025-05-22T11:35:41","modified_gmt":"2025-05-22T09:35:41","slug":"dierre-capitan-lagana-e-pronto-per-la-finale-contro-alfa-catania","status":"publish","type":"post","link":"https:\/\/progettotouring.it\/radiotouring104\/2025\/05\/22\/dierre-capitan-lagana-e-pronto-per-la-finale-contro-alfa-catania\/","title":{"rendered":"Dierre: Capitan Lagan\u00e0 \u00e8 pronto per la finale contro Alfa Catania"},"content":{"rendered":"<p class=\"xmprfx_gmail-ds-markdown-paragraph\">A poche ore dalla finale che vedr\u00e0 affrontarsi Dierre Basketball e Alfa Catania, il capitano bianco-blu Luca Lagan\u00e0 si \u00e8 raccontato, tracciando un bilancio di questa straordinaria stagione e anticipando i temi della decisiva sfida in campo sabato 24 presso la Palestra Leonardo da Vinci di Catania alle ore 18.30.<\/p>\n<p class=\"xmprfx_gmail-ds-markdown-paragraph\">&#8220;Prontissimi per la finale &#8211; esordisce Lagan\u00e0 &#8211; questa \u00e8 la conclusione di un percorso di crescita, fatto di ostacoli superati grazie all&#8217;unione del gruppo&#8221;. Il cap\u00e8itano della squadra reggina non nasconde l&#8217;orgoglio per quanto costruito: &#8220;Voglio fare i complimenti a tutto lo staff, al coach Peppe Cotroneo, Filippo Marcian\u00f2 e Francesco Morabito che hanno fatto un lavoro encomiabile, ai miei compagni e a tutta la societ\u00e0. Nulla si fa da soli e questo risultato \u00e8 frutto di un grande lavoro di squadra&#8221;.<\/p>\n<p class=\"xmprfx_gmail-ds-markdown-paragraph\">La Dierre arriva a questa finale superando le previsioni: &#8220;Sulla carta non ci davano tra i possibili finalisti &#8211; ammette Lagan\u00e0 &#8211; ma abbiamo dimostrato che con lavoro e coesione si possono superare le aspettative. Come ha detto il mio compagno Barrile, ora che siamo in ballo, balliamo!&#8221;.<\/p>\n<p class=\"xmprfx_gmail-ds-markdown-paragraph\">Sulla serie che attende la squadra, il capitano non ha dubbi: &#8220;Mi aspetto una finale estremamente bella, da giocare, vedere e vivere. Siamo due squadre che si accoppiano bene, simili fisicamente, con giocatori di talento e due grandi allenatori alla guida&#8221;. Lagan\u00e0 sottolinea anche l&#8217;aspetto del pubblico: &#8220;La palestra di Catania \u00e8 sempre calorosa, mentre qui a Reggio abbiamo visto in semifinale una grande partecipazione. Speriamo in ancora pi\u00f9 sostegno per gara 2&#8221;.<\/p>\n<p class=\"xmprfx_gmail-ds-markdown-paragraph\">Il Coach?: &#8220;Lo conosco dalle giovanili, ho sempre apprezzato il suo modo di costruire le squadre con pazienza. Quest&#8217;anno ho scoperto il suo lato umano ed empatico, che ha fatto la differenza. \u00c8 una spugna che sa trasformare tutte le informazioni in soluzioni concrete&#8221;.<\/p>\n<p class=\"xmprfx_gmail-ds-markdown-paragraph\">\u00a0&#8220;Sulla carta l&#8217;Alfa \u00e8 favoritissima, ma il campo si gioca 5 contro 5, il canestro \u00e8 a 3.05 e la palla \u00e8 rotonda. Vedremo se confermeranno i pronostici o se riusciremo a sorprendere ancora&#8221;.<\/p>\n","protected":false},"excerpt":{"rendered":"<p>A poche ore dalla finale che vedr\u00e0 affrontarsi Dierre Basketball e Alfa Catania, il capitano bianco-blu Luca Lagan\u00e0 si \u00e8 raccontato, tracciando un bilancio di questa straordinaria stagione e anticipando&hellip;<\/p>\n","protected":false},"author":12,"featured_media":74319,"comment_status":"closed","ping_status":"open","sticky":false,"template":"","format":"standard","meta":{"_jetpack_memberships_contains_paid_content":false,"footnotes":"","jetpack_publicize_message":"","jetpack_publicize_feature_enabled":true,"jetpack_social_post_already_shared":true,"jetpack_social_options":{"image_generator_settings":{"template":"highway","default_image_id":0,"font":"","enabled":false},"version":2}},"categories":[196,140,144],"tags":[],"class_list":["post-74318","post","type-post","status-publish","format-standard","has-post-thumbnail","hentry","category-news","category-reggio-calabria","category-sport"],"yoast_head":"<!-- This site is optimized with the Yoast SEO plugin v27.2 - https:\/\/yoast.com\/product\/yoast-seo-wordpress\/ -->\n<title>Dierre: Capitan Lagan\u00e0 \u00e8 pronto per la finale contro Alfa Catania<\/title>\n<meta name=\"description\" content=\"Ecco le impressioni di Capitan Lagan\u00e0, a 48 ore dalla finale contro, in programma sabato 24, alle ore 18.30, presso la Palestra &quot;L. da Vinci&quot;\" \/>\n<meta name=\"robots\" content=\"index, follow, max-snippet:-1, max-image-preview:large, max-video-preview:-1\" \/>\n<link rel=\"canonical\" href=\"https:\/\/progettotouring.it\/radiotouring104\/2025\/05\/22\/dierre-capitan-lagana-e-pronto-per-la-finale-contro-alfa-catania\/\" \/>\n<meta property=\"og:locale\" content=\"it_IT\" \/>\n<meta property=\"og:type\" content=\"article\" \/>\n<meta property=\"og:title\" content=\"Dierre: Capitan Lagan\u00e0 \u00e8 pronto per la finale contro Alfa Catania\" \/>\n<meta property=\"og:description\" content=\"Ecco le impressioni di Capitan Lagan\u00e0, a 48 ore dalla finale contro, in programma sabato 24, alle ore 18.30, presso la Palestra &quot;L. da Vinci&quot;\" \/>\n<meta property=\"og:url\" content=\"https:\/\/progettotouring.it\/radiotouring104\/2025\/05\/22\/dierre-capitan-lagana-e-pronto-per-la-finale-contro-alfa-catania\/\" \/>\n<meta property=\"og:site_name\" content=\"Radio Touring 104\" \/>\n<meta property=\"article:published_time\" content=\"2025-05-22T09:35:41+00:00\" \/>\n<meta property=\"og:image\" content=\"https:\/\/progettotouring.it\/radiotouring104\/wp-content\/uploads\/sites\/6\/2025\/05\/Luca-Lagana-Dierre-Basket-Rc-scaled.jpg\" \/>\n\t<meta property=\"og:image:width\" content=\"2560\" \/>\n\t<meta property=\"og:image:height\" content=\"1761\" \/>\n\t<meta property=\"og:image:type\" content=\"image\/jpeg\" \/>\n<meta name=\"author\" content=\"Sebastiano Plutino\" \/>\n<meta name=\"twitter:card\" content=\"summary_large_image\" \/>\n<meta name=\"twitter:label1\" content=\"Scritto da\" \/>\n\t<meta name=\"twitter:data1\" content=\"Sebastiano Plutino\" \/>\n\t<meta name=\"twitter:label2\" content=\"Tempo di lettura stimato\" \/>\n\t<meta name=\"twitter:data2\" content=\"2 minuti\" \/>\n<script type=\"application\/ld+json\" class=\"yoast-schema-graph\">{\"@context\":\"https:\/\/schema.org\",\"@graph\":[{\"@type\":\"Article\",\"@id\":\"https:\/\/progettotouring.it\/radiotouring104\/2025\/05\/22\/dierre-capitan-lagana-e-pronto-per-la-finale-contro-alfa-catania\/#article\",\"isPartOf\":{\"@id\":\"https:\/\/progettotouring.it\/radiotouring104\/2025\/05\/22\/dierre-capitan-lagana-e-pronto-per-la-finale-contro-alfa-catania\/\"},\"author\":{\"name\":\"Sebastiano Plutino\",\"@id\":\"https:\/\/progettotouring.it\/radiotouring104\/#\/schema\/person\/78613917f1851f041f7483f5af1d422e\"},\"headline\":\"Dierre: Capitan Lagan\u00e0 \u00e8 pronto per la finale contro Alfa Catania\",\"datePublished\":\"2025-05-22T09:35:41+00:00\",\"mainEntityOfPage\":{\"@id\":\"https:\/\/progettotouring.it\/radiotouring104\/2025\/05\/22\/dierre-capitan-lagana-e-pronto-per-la-finale-contro-alfa-catania\/\"},\"wordCount\":329,\"publisher\":{\"@id\":\"https:\/\/progettotouring.it\/radiotouring104\/#organization\"},\"image\":{\"@id\":\"https:\/\/progettotouring.it\/radiotouring104\/2025\/05\/22\/dierre-capitan-lagana-e-pronto-per-la-finale-contro-alfa-catania\/#primaryimage\"},\"thumbnailUrl\":\"https:\/\/progettotouring.it\/radiotouring104\/wp-content\/uploads\/sites\/6\/2025\/05\/Luca-Lagana-Dierre-Basket-Rc-scaled.jpg\",\"articleSection\":[\"News\",\"Reggio Calabria\",\"Sport\"],\"inLanguage\":\"it-IT\"},{\"@type\":\"WebPage\",\"@id\":\"https:\/\/progettotouring.it\/radiotouring104\/2025\/05\/22\/dierre-capitan-lagana-e-pronto-per-la-finale-contro-alfa-catania\/\",\"url\":\"https:\/\/progettotouring.it\/radiotouring104\/2025\/05\/22\/dierre-capitan-lagana-e-pronto-per-la-finale-contro-alfa-catania\/\",\"name\":\"Dierre: Capitan Lagan\u00e0 \u00e8 pronto per la finale contro Alfa Catania\",\"isPartOf\":{\"@id\":\"https:\/\/progettotouring.it\/radiotouring104\/#website\"},\"primaryImageOfPage\":{\"@id\":\"https:\/\/progettotouring.it\/radiotouring104\/2025\/05\/22\/dierre-capitan-lagana-e-pronto-per-la-finale-contro-alfa-catania\/#primaryimage\"},\"image\":{\"@id\":\"https:\/\/progettotouring.it\/radiotouring104\/2025\/05\/22\/dierre-capitan-lagana-e-pronto-per-la-finale-contro-alfa-catania\/#primaryimage\"},\"thumbnailUrl\":\"https:\/\/progettotouring.it\/radiotouring104\/wp-content\/uploads\/sites\/6\/2025\/05\/Luca-Lagana-Dierre-Basket-Rc-scaled.jpg\",\"datePublished\":\"2025-05-22T09:35:41+00:00\",\"description\":\"Ecco le impressioni di Capitan Lagan\u00e0, a 48 ore dalla finale contro, in programma sabato 24, alle ore 18.30, presso la Palestra \\\"L. da Vinci\\\"\",\"breadcrumb\":{\"@id\":\"https:\/\/progettotouring.it\/radiotouring104\/2025\/05\/22\/dierre-capitan-lagana-e-pronto-per-la-finale-contro-alfa-catania\/#breadcrumb\"},\"inLanguage\":\"it-IT\",\"potentialAction\":[{\"@type\":\"ReadAction\",\"target\":[\"https:\/\/progettotouring.it\/radiotouring104\/2025\/05\/22\/dierre-capitan-lagana-e-pronto-per-la-finale-contro-alfa-catania\/\"]}]},{\"@type\":\"ImageObject\",\"inLanguage\":\"it-IT\",\"@id\":\"https:\/\/progettotouring.it\/radiotouring104\/2025\/05\/22\/dierre-capitan-lagana-e-pronto-per-la-finale-contro-alfa-catania\/#primaryimage\",\"url\":\"https:\/\/progettotouring.it\/radiotouring104\/wp-content\/uploads\/sites\/6\/2025\/05\/Luca-Lagana-Dierre-Basket-Rc-scaled.jpg\",\"contentUrl\":\"https:\/\/progettotouring.it\/radiotouring104\/wp-content\/uploads\/sites\/6\/2025\/05\/Luca-Lagana-Dierre-Basket-Rc-scaled.jpg\",\"width\":2560,\"height\":1761},{\"@type\":\"BreadcrumbList\",\"@id\":\"https:\/\/progettotouring.it\/radiotouring104\/2025\/05\/22\/dierre-capitan-lagana-e-pronto-per-la-finale-contro-alfa-catania\/#breadcrumb\",\"itemListElement\":[{\"@type\":\"ListItem\",\"position\":1,\"name\":\"Home\",\"item\":\"https:\/\/progettotouring.it\/radiotouring104\/\"},{\"@type\":\"ListItem\",\"position\":2,\"name\":\"Dierre: Capitan Lagan\u00e0 \u00e8 pronto per la finale contro Alfa Catania\"}]},{\"@type\":\"WebSite\",\"@id\":\"https:\/\/progettotouring.it\/radiotouring104\/#website\",\"url\":\"https:\/\/progettotouring.it\/radiotouring104\/\",\"name\":\"Radio Touring 104\",\"description\":\"La prima radio Reggina\",\"publisher\":{\"@id\":\"https:\/\/progettotouring.it\/radiotouring104\/#organization\"},\"potentialAction\":[{\"@type\":\"SearchAction\",\"target\":{\"@type\":\"EntryPoint\",\"urlTemplate\":\"https:\/\/progettotouring.it\/radiotouring104\/?s={search_term_string}\"},\"query-input\":{\"@type\":\"PropertyValueSpecification\",\"valueRequired\":true,\"valueName\":\"search_term_string\"}}],\"inLanguage\":\"it-IT\"},{\"@type\":\"Organization\",\"@id\":\"https:\/\/progettotouring.it\/radiotouring104\/#organization\",\"name\":\"Radio Touring 104\",\"url\":\"https:\/\/progettotouring.it\/radiotouring104\/\",\"logo\":{\"@type\":\"ImageObject\",\"inLanguage\":\"it-IT\",\"@id\":\"https:\/\/progettotouring.it\/radiotouring104\/#\/schema\/logo\/image\/\",\"url\":\"https:\/\/progettotouring.it\/radiotouring104\/wp-content\/uploads\/sites\/6\/2022\/02\/cropped-logo-radio-touring-104.png\",\"contentUrl\":\"https:\/\/progettotouring.it\/radiotouring104\/wp-content\/uploads\/sites\/6\/2022\/02\/cropped-logo-radio-touring-104.png\",\"width\":377,\"height\":182,\"caption\":\"Radio Touring 104\"},\"image\":{\"@id\":\"https:\/\/progettotouring.it\/radiotouring104\/#\/schema\/logo\/image\/\"}},{\"@type\":\"Person\",\"@id\":\"https:\/\/progettotouring.it\/radiotouring104\/#\/schema\/person\/78613917f1851f041f7483f5af1d422e\",\"name\":\"Sebastiano Plutino\",\"image\":{\"@type\":\"ImageObject\",\"inLanguage\":\"it-IT\",\"@id\":\"https:\/\/secure.gravatar.com\/avatar\/0546ffaa9b79224faf9f2a156b67a529ae861d3287c66c1d8ccfdf909bcba78d?s=96&d=mm&r=g\",\"url\":\"https:\/\/secure.gravatar.com\/avatar\/0546ffaa9b79224faf9f2a156b67a529ae861d3287c66c1d8ccfdf909bcba78d?s=96&d=mm&r=g\",\"contentUrl\":\"https:\/\/secure.gravatar.com\/avatar\/0546ffaa9b79224faf9f2a156b67a529ae861d3287c66c1d8ccfdf909bcba78d?s=96&d=mm&r=g\",\"caption\":\"Sebastiano Plutino\"},\"url\":\"https:\/\/progettotouring.it\/radiotouring104\/author\/sebastiano\/\"}]}<\/script>\n<!-- \/ Yoast SEO plugin. -->","yoast_head_json":{"title":"Dierre: Capitan Lagan\u00e0 \u00e8 pronto per la finale contro Alfa Catania","description":"Ecco le impressioni di Capitan Lagan\u00e0, a 48 ore dalla finale contro, in programma sabato 24, alle ore 18.30, presso la Palestra \"L. da Vinci\"","robots":{"index":"index","follow":"follow","max-snippet":"max-snippet:-1","max-image-preview":"max-image-preview:large","max-video-preview":"max-video-preview:-1"},"canonical":"https:\/\/progettotouring.it\/radiotouring104\/2025\/05\/22\/dierre-capitan-lagana-e-pronto-per-la-finale-contro-alfa-catania\/","og_locale":"it_IT","og_type":"article","og_title":"Dierre: Capitan Lagan\u00e0 \u00e8 pronto per la finale contro Alfa Catania","og_description":"Ecco le impressioni di Capitan Lagan\u00e0, a 48 ore dalla finale contro, in programma sabato 24, alle ore 18.30, presso la Palestra \"L. da Vinci\"","og_url":"https:\/\/progettotouring.it\/radiotouring104\/2025\/05\/22\/dierre-capitan-lagana-e-pronto-per-la-finale-contro-alfa-catania\/","og_site_name":"Radio Touring 104","article_published_time":"2025-05-22T09:35:41+00:00","og_image":[{"width":2560,"height":1761,"url":"https:\/\/progettotouring.it\/radiotouring104\/wp-content\/uploads\/sites\/6\/2025\/05\/Luca-Lagana-Dierre-Basket-Rc-scaled.jpg","type":"image\/jpeg"}],"author":"Sebastiano Plutino","twitter_card":"summary_large_image","twitter_misc":{"Scritto da":"Sebastiano Plutino","Tempo di lettura stimato":"2 minuti"},"schema":{"@context":"https:\/\/schema.org","@graph":[{"@type":"Article","@id":"https:\/\/progettotouring.it\/radiotouring104\/2025\/05\/22\/dierre-capitan-lagana-e-pronto-per-la-finale-contro-alfa-catania\/#article","isPartOf":{"@id":"https:\/\/progettotouring.it\/radiotouring104\/2025\/05\/22\/dierre-capitan-lagana-e-pronto-per-la-finale-contro-alfa-catania\/"},"author":{"name":"Sebastiano Plutino","@id":"https:\/\/progettotouring.it\/radiotouring104\/#\/schema\/person\/78613917f1851f041f7483f5af1d422e"},"headline":"Dierre: Capitan Lagan\u00e0 \u00e8 pronto per la finale contro Alfa Catania","datePublished":"2025-05-22T09:35:41+00:00","mainEntityOfPage":{"@id":"https:\/\/progettotouring.it\/radiotouring104\/2025\/05\/22\/dierre-capitan-lagana-e-pronto-per-la-finale-contro-alfa-catania\/"},"wordCount":329,"publisher":{"@id":"https:\/\/progettotouring.it\/radiotouring104\/#organization"},"image":{"@id":"https:\/\/progettotouring.it\/radiotouring104\/2025\/05\/22\/dierre-capitan-lagana-e-pronto-per-la-finale-contro-alfa-catania\/#primaryimage"},"thumbnailUrl":"https:\/\/progettotouring.it\/radiotouring104\/wp-content\/uploads\/sites\/6\/2025\/05\/Luca-Lagana-Dierre-Basket-Rc-scaled.jpg","articleSection":["News","Reggio Calabria","Sport"],"inLanguage":"it-IT"},{"@type":"WebPage","@id":"https:\/\/progettotouring.it\/radiotouring104\/2025\/05\/22\/dierre-capitan-lagana-e-pronto-per-la-finale-contro-alfa-catania\/","url":"https:\/\/progettotouring.it\/radiotouring104\/2025\/05\/22\/dierre-capitan-lagana-e-pronto-per-la-finale-contro-alfa-catania\/","name":"Dierre: Capitan Lagan\u00e0 \u00e8 pronto per la finale contro Alfa Catania","isPartOf":{"@id":"https:\/\/progettotouring.it\/radiotouring104\/#website"},"primaryImageOfPage":{"@id":"https:\/\/progettotouring.it\/radiotouring104\/2025\/05\/22\/dierre-capitan-lagana-e-pronto-per-la-finale-contro-alfa-catania\/#primaryimage"},"image":{"@id":"https:\/\/progettotouring.it\/radiotouring104\/2025\/05\/22\/dierre-capitan-lagana-e-pronto-per-la-finale-contro-alfa-catania\/#primaryimage"},"thumbnailUrl":"https:\/\/progettotouring.it\/radiotouring104\/wp-content\/uploads\/sites\/6\/2025\/05\/Luca-Lagana-Dierre-Basket-Rc-scaled.jpg","datePublished":"2025-05-22T09:35:41+00:00","description":"Ecco le impressioni di Capitan Lagan\u00e0, a 48 ore dalla finale contro, in programma sabato 24, alle ore 18.30, presso la Palestra \"L. da Vinci\"","breadcrumb":{"@id":"https:\/\/progettotouring.it\/radiotouring104\/2025\/05\/22\/dierre-capitan-lagana-e-pronto-per-la-finale-contro-alfa-catania\/#breadcrumb"},"inLanguage":"it-IT","potentialAction":[{"@type":"ReadAction","target":["https:\/\/progettotouring.it\/radiotouring104\/2025\/05\/22\/dierre-capitan-lagana-e-pronto-per-la-finale-contro-alfa-catania\/"]}]},{"@type":"ImageObject","inLanguage":"it-IT","@id":"https:\/\/progettotouring.it\/radiotouring104\/2025\/05\/22\/dierre-capitan-lagana-e-pronto-per-la-finale-contro-alfa-catania\/#primaryimage","url":"https:\/\/progettotouring.it\/radiotouring104\/wp-content\/uploads\/sites\/6\/2025\/05\/Luca-Lagana-Dierre-Basket-Rc-scaled.jpg","contentUrl":"https:\/\/progettotouring.it\/radiotouring104\/wp-content\/uploads\/sites\/6\/2025\/05\/Luca-Lagana-Dierre-Basket-Rc-scaled.jpg","width":2560,"height":1761},{"@type":"BreadcrumbList","@id":"https:\/\/progettotouring.it\/radiotouring104\/2025\/05\/22\/dierre-capitan-lagana-e-pronto-per-la-finale-contro-alfa-catania\/#breadcrumb","itemListElement":[{"@type":"ListItem","position":1,"name":"Home","item":"https:\/\/progettotouring.it\/radiotouring104\/"},{"@type":"ListItem","position":2,"name":"Dierre: Capitan Lagan\u00e0 \u00e8 pronto per la finale contro Alfa Catania"}]},{"@type":"WebSite","@id":"https:\/\/progettotouring.it\/radiotouring104\/#website","url":"https:\/\/progettotouring.it\/radiotouring104\/","name":"Radio Touring 104","description":"La prima radio Reggina","publisher":{"@id":"https:\/\/progettotouring.it\/radiotouring104\/#organization"},"potentialAction":[{"@type":"SearchAction","target":{"@type":"EntryPoint","urlTemplate":"https:\/\/progettotouring.it\/radiotouring104\/?s={search_term_string}"},"query-input":{"@type":"PropertyValueSpecification","valueRequired":true,"valueName":"search_term_string"}}],"inLanguage":"it-IT"},{"@type":"Organization","@id":"https:\/\/progettotouring.it\/radiotouring104\/#organization","name":"Radio Touring 104","url":"https:\/\/progettotouring.it\/radiotouring104\/","logo":{"@type":"ImageObject","inLanguage":"it-IT","@id":"https:\/\/progettotouring.it\/radiotouring104\/#\/schema\/logo\/image\/","url":"https:\/\/progettotouring.it\/radiotouring104\/wp-content\/uploads\/sites\/6\/2022\/02\/cropped-logo-radio-touring-104.png","contentUrl":"https:\/\/progettotouring.it\/radiotouring104\/wp-content\/uploads\/sites\/6\/2022\/02\/cropped-logo-radio-touring-104.png","width":377,"height":182,"caption":"Radio Touring 104"},"image":{"@id":"https:\/\/progettotouring.it\/radiotouring104\/#\/schema\/logo\/image\/"}},{"@type":"Person","@id":"https:\/\/progettotouring.it\/radiotouring104\/#\/schema\/person\/78613917f1851f041f7483f5af1d422e","name":"Sebastiano Plutino","image":{"@type":"ImageObject","inLanguage":"it-IT","@id":"https:\/\/secure.gravatar.com\/avatar\/0546ffaa9b79224faf9f2a156b67a529ae861d3287c66c1d8ccfdf909bcba78d?s=96&d=mm&r=g","url":"https:\/\/secure.gravatar.com\/avatar\/0546ffaa9b79224faf9f2a156b67a529ae861d3287c66c1d8ccfdf909bcba78d?s=96&d=mm&r=g","contentUrl":"https:\/\/secure.gravatar.com\/avatar\/0546ffaa9b79224faf9f2a156b67a529ae861d3287c66c1d8ccfdf909bcba78d?s=96&d=mm&r=g","caption":"Sebastiano Plutino"},"url":"https:\/\/progettotouring.it\/radiotouring104\/author\/sebastiano\/"}]}},"jetpack_publicize_connections":[],"jetpack_featured_media_url":"https:\/\/progettotouring.it\/radiotouring104\/wp-content\/uploads\/sites\/6\/2025\/05\/Luca-Lagana-Dierre-Basket-Rc-scaled.jpg","jetpack_sharing_enabled":true,"_links":{"self":[{"href":"https:\/\/progettotouring.it\/radiotouring104\/wp-json\/wp\/v2\/posts\/74318","targetHints":{"allow":["GET"]}}],"collection":[{"href":"https:\/\/progettotouring.it\/radiotouring104\/wp-json\/wp\/v2\/posts"}],"about":[{"href":"https:\/\/progettotouring.it\/radiotouring104\/wp-json\/wp\/v2\/types\/post"}],"author":[{"embeddable":true,"href":"https:\/\/progettotouring.it\/radiotouring104\/wp-json\/wp\/v2\/users\/12"}],"replies":[{"embeddable":true,"href":"https:\/\/progettotouring.it\/radiotouring104\/wp-json\/wp\/v2\/comments?post=74318"}],"version-history":[{"count":1,"href":"https:\/\/progettotouring.it\/radiotouring104\/wp-json\/wp\/v2\/posts\/74318\/revisions"}],"predecessor-version":[{"id":74320,"href":"https:\/\/progettotouring.it\/radiotouring104\/wp-json\/wp\/v2\/posts\/74318\/revisions\/74320"}],"wp:featuredmedia":[{"embeddable":true,"href":"https:\/\/progettotouring.it\/radiotouring104\/wp-json\/wp\/v2\/media\/74319"}],"wp:attachment":[{"href":"https:\/\/progettotouring.it\/radiotouring104\/wp-json\/wp\/v2\/media?parent=74318"}],"wp:term":[{"taxonomy":"category","embeddable":true,"href":"https:\/\/progettotouring.it\/radiotouring104\/wp-json\/wp\/v2\/categories?post=74318"},{"taxonomy":"post_tag","embeddable":true,"href":"https:\/\/progettotouring.it\/radiotouring104\/wp-json\/wp\/v2\/tags?post=74318"}],"curies":[{"name":"wp","href":"https:\/\/api.w.org\/{rel}","templated":true}]}}