{"id":74327,"date":"2025-05-22T12:13:58","date_gmt":"2025-05-22T10:13:58","guid":{"rendered":"https:\/\/progettotouring.it\/radiotouring104\/?p=74327"},"modified":"2025-05-22T12:15:29","modified_gmt":"2025-05-22T10:15:29","slug":"lo-storico-giulio-ferroni-ospite-dellultimo-appuntamento-di-il-sabato-del-villaggio","status":"publish","type":"post","link":"https:\/\/progettotouring.it\/radiotouring104\/2025\/05\/22\/lo-storico-giulio-ferroni-ospite-dellultimo-appuntamento-di-il-sabato-del-villaggio\/","title":{"rendered":"Lo storico Giulio Ferroni ospite dell&#8217;ultimo appuntamento di &#8220;Il Sabato del Villaggio&#8221;"},"content":{"rendered":"<p>Il quattrocentesco <strong>Palazzo del Seminario Vescovile<\/strong> di <strong>Lamezia Terme<\/strong> far\u00e0 da cornice, <strong>sabato 24 maggio<\/strong>, alle ore <strong>18.30<\/strong>, all\u2019ultimo appuntamento della stagione 2025 del cartellone culturale <strong>Il Sabato del Villaggio<\/strong>. Atteso ospite, lo storico della letteratura italiana<strong> Giulio Ferroni<\/strong>, giustamente considerato la massima autorit\u00e0 sull\u2019argomento.<\/p>\n<p>\u00abUltimo evento del Sabato del Villaggio 2025 con un grande maestro dell\u2019italianistica, Giulio Ferroni. Attraverso autori universalmente noti e amati come Petrarca, Alberti, Machiavelli, Ariosto, Montaigne, Shakespeare, Cervantes, Leopardi, Pasolini &#8211; ha dichiarato il direttore artistico <strong>Raffaele <\/strong>Gaetano -, parleremo di Umanesimo. Ma non di un Umanesimo che pretenda di affermare la preminenza dell\u2019uomo sulla terra, semplicemente un Umanesimo fragile, che sappia confrontarsi con l\u2019alterit\u00e0 della natura e insieme con la fraternit\u00e0 per il vivente. Un Umanesimo che metta al centro l\u2019uomo perch\u00e9 solo a esso tocca la responsabilit\u00e0 della rovina e della salvezza, di s\u00e9 stesso e del mondo. Dagli antichi Greci all\u2019intelligenza artificiale&#8230; Insomma, un evento assolutamente da non perdere\u00bb.<\/p>\n<p>Ora qualche cenno sul protagonista della serata. Tra i maggiori studiosi di Letteratura Italiana a livello internazionale, professore emerito all\u2019Universit\u00e0 La Sapienza di Roma, Giulio Ferroni si \u00e8 dedicato in particolare al teatro del Cinquecento. \u00c8 autore della celebre <strong><em>Storia della Letteratura Italiana<\/em><\/strong>, strumento indispensabile per la conoscenza della nostra letteratura.<\/p>\n<p>Il \u00abSabato del Villaggio\u00bb \u00e8 promosso dalla Regione Calabria e da partners privati che hanno inteso legare il proprio nome a una rassegna di alta cultura: Arpaia, Mediolanum, Mercad\u00f2, Bar Roma, Casa Mastroianni, Casim\u00f2, Centro Specialisti Isabella, Divino, L\u2019Ottica, Paradiso Group, Riva, THotel. Rappresenta un esempio di come l\u2019imprenditoria pu\u00f2 generare positivit\u00e0 in un territorio difficile come quello calabrese.<\/p>\n","protected":false},"excerpt":{"rendered":"<p>Il quattrocentesco Palazzo del Seminario Vescovile di Lamezia Terme far\u00e0 da cornice, sabato 24 maggio, alle ore 18.30, all\u2019ultimo appuntamento della stagione 2025 del cartellone culturale Il Sabato del Villaggio.&hellip;<\/p>\n","protected":false},"author":12,"featured_media":74328,"comment_status":"closed","ping_status":"open","sticky":false,"template":"","format":"standard","meta":{"_jetpack_memberships_contains_paid_content":false,"footnotes":"","jetpack_publicize_message":"","jetpack_publicize_feature_enabled":true,"jetpack_social_post_already_shared":true,"jetpack_social_options":{"image_generator_settings":{"template":"highway","default_image_id":0,"font":"","enabled":false},"version":2}},"categories":[142,921,196],"tags":[13482,1705,43899,35764],"class_list":["post-74327","post","type-post","status-publish","format-standard","has-post-thumbnail","hentry","category-calabria","category-home","category-news","tag-sabato-del-villaggio","tag-lamezia-terme","tag-storico-giulio-ferroni","tag-ultimo-appuntamento"],"yoast_head":"<!-- This site is optimized with the Yoast SEO plugin v27.2 - https:\/\/yoast.com\/product\/yoast-seo-wordpress\/ -->\n<title>Lo storico Giulio Ferroni ospite dell&#039;ultimo appuntamento di &quot;Il Sabato del Villaggio&quot; - Radio Touring 104<\/title>\n<meta name=\"description\" content=\"L&#039;ultimo appuntamento stagionale del cartellone culturale si terr\u00e0 sabato alle 18:30, al Palazzo Arcivescovile di Lamezia\" \/>\n<meta name=\"robots\" content=\"index, follow, max-snippet:-1, max-image-preview:large, max-video-preview:-1\" \/>\n<link rel=\"canonical\" href=\"https:\/\/progettotouring.it\/radiotouring104\/2025\/05\/22\/lo-storico-giulio-ferroni-ospite-dellultimo-appuntamento-di-il-sabato-del-villaggio\/\" \/>\n<meta property=\"og:locale\" content=\"it_IT\" \/>\n<meta property=\"og:type\" content=\"article\" \/>\n<meta property=\"og:title\" content=\"Lo storico Giulio Ferroni ospite dell&#039;ultimo appuntamento di &quot;Il Sabato del Villaggio&quot; - Radio Touring 104\" \/>\n<meta property=\"og:description\" content=\"L&#039;ultimo appuntamento stagionale del cartellone culturale si terr\u00e0 sabato alle 18:30, al Palazzo Arcivescovile di Lamezia\" \/>\n<meta property=\"og:url\" content=\"https:\/\/progettotouring.it\/radiotouring104\/2025\/05\/22\/lo-storico-giulio-ferroni-ospite-dellultimo-appuntamento-di-il-sabato-del-villaggio\/\" \/>\n<meta property=\"og:site_name\" content=\"Radio Touring 104\" \/>\n<meta property=\"article:published_time\" content=\"2025-05-22T10:13:58+00:00\" \/>\n<meta property=\"article:modified_time\" content=\"2025-05-22T10:15:29+00:00\" \/>\n<meta property=\"og:image\" content=\"https:\/\/progettotouring.it\/radiotouring104\/wp-content\/uploads\/sites\/6\/2025\/05\/a_Locandina-Sabato-del-Villaggio.jpeg\" \/>\n\t<meta property=\"og:image:width\" content=\"896\" \/>\n\t<meta property=\"og:image:height\" content=\"1280\" \/>\n\t<meta property=\"og:image:type\" content=\"image\/jpeg\" \/>\n<meta name=\"author\" content=\"Sebastiano Plutino\" \/>\n<meta name=\"twitter:card\" content=\"summary_large_image\" \/>\n<meta name=\"twitter:label1\" content=\"Scritto da\" \/>\n\t<meta name=\"twitter:data1\" content=\"Sebastiano Plutino\" \/>\n\t<meta name=\"twitter:label2\" content=\"Tempo di lettura stimato\" \/>\n\t<meta name=\"twitter:data2\" content=\"1 minuto\" \/>\n<script type=\"application\/ld+json\" class=\"yoast-schema-graph\">{\"@context\":\"https:\/\/schema.org\",\"@graph\":[{\"@type\":\"Article\",\"@id\":\"https:\/\/progettotouring.it\/radiotouring104\/2025\/05\/22\/lo-storico-giulio-ferroni-ospite-dellultimo-appuntamento-di-il-sabato-del-villaggio\/#article\",\"isPartOf\":{\"@id\":\"https:\/\/progettotouring.it\/radiotouring104\/2025\/05\/22\/lo-storico-giulio-ferroni-ospite-dellultimo-appuntamento-di-il-sabato-del-villaggio\/\"},\"author\":{\"name\":\"Sebastiano Plutino\",\"@id\":\"https:\/\/progettotouring.it\/radiotouring104\/#\/schema\/person\/78613917f1851f041f7483f5af1d422e\"},\"headline\":\"Lo storico Giulio Ferroni ospite dell&#8217;ultimo appuntamento di &#8220;Il Sabato del Villaggio&#8221;\",\"datePublished\":\"2025-05-22T10:13:58+00:00\",\"dateModified\":\"2025-05-22T10:15:29+00:00\",\"mainEntityOfPage\":{\"@id\":\"https:\/\/progettotouring.it\/radiotouring104\/2025\/05\/22\/lo-storico-giulio-ferroni-ospite-dellultimo-appuntamento-di-il-sabato-del-villaggio\/\"},\"wordCount\":282,\"publisher\":{\"@id\":\"https:\/\/progettotouring.it\/radiotouring104\/#organization\"},\"image\":{\"@id\":\"https:\/\/progettotouring.it\/radiotouring104\/2025\/05\/22\/lo-storico-giulio-ferroni-ospite-dellultimo-appuntamento-di-il-sabato-del-villaggio\/#primaryimage\"},\"thumbnailUrl\":\"https:\/\/progettotouring.it\/radiotouring104\/wp-content\/uploads\/sites\/6\/2025\/05\/a_Locandina-Sabato-del-Villaggio.jpeg\",\"keywords\":[\"\\\"Sabato del Villaggio\\\"\",\"Lamezia Terme\",\"storico Giulio Ferroni\",\"ultimo appuntamento\"],\"articleSection\":[\"Calabria\",\"Home\",\"News\"],\"inLanguage\":\"it-IT\"},{\"@type\":\"WebPage\",\"@id\":\"https:\/\/progettotouring.it\/radiotouring104\/2025\/05\/22\/lo-storico-giulio-ferroni-ospite-dellultimo-appuntamento-di-il-sabato-del-villaggio\/\",\"url\":\"https:\/\/progettotouring.it\/radiotouring104\/2025\/05\/22\/lo-storico-giulio-ferroni-ospite-dellultimo-appuntamento-di-il-sabato-del-villaggio\/\",\"name\":\"Lo storico Giulio Ferroni ospite dell'ultimo appuntamento di \\\"Il Sabato del Villaggio\\\" - Radio Touring 104\",\"isPartOf\":{\"@id\":\"https:\/\/progettotouring.it\/radiotouring104\/#website\"},\"primaryImageOfPage\":{\"@id\":\"https:\/\/progettotouring.it\/radiotouring104\/2025\/05\/22\/lo-storico-giulio-ferroni-ospite-dellultimo-appuntamento-di-il-sabato-del-villaggio\/#primaryimage\"},\"image\":{\"@id\":\"https:\/\/progettotouring.it\/radiotouring104\/2025\/05\/22\/lo-storico-giulio-ferroni-ospite-dellultimo-appuntamento-di-il-sabato-del-villaggio\/#primaryimage\"},\"thumbnailUrl\":\"https:\/\/progettotouring.it\/radiotouring104\/wp-content\/uploads\/sites\/6\/2025\/05\/a_Locandina-Sabato-del-Villaggio.jpeg\",\"datePublished\":\"2025-05-22T10:13:58+00:00\",\"dateModified\":\"2025-05-22T10:15:29+00:00\",\"description\":\"L'ultimo appuntamento stagionale del cartellone culturale si terr\u00e0 sabato alle 18:30, al Palazzo Arcivescovile di Lamezia\",\"breadcrumb\":{\"@id\":\"https:\/\/progettotouring.it\/radiotouring104\/2025\/05\/22\/lo-storico-giulio-ferroni-ospite-dellultimo-appuntamento-di-il-sabato-del-villaggio\/#breadcrumb\"},\"inLanguage\":\"it-IT\",\"potentialAction\":[{\"@type\":\"ReadAction\",\"target\":[\"https:\/\/progettotouring.it\/radiotouring104\/2025\/05\/22\/lo-storico-giulio-ferroni-ospite-dellultimo-appuntamento-di-il-sabato-del-villaggio\/\"]}]},{\"@type\":\"ImageObject\",\"inLanguage\":\"it-IT\",\"@id\":\"https:\/\/progettotouring.it\/radiotouring104\/2025\/05\/22\/lo-storico-giulio-ferroni-ospite-dellultimo-appuntamento-di-il-sabato-del-villaggio\/#primaryimage\",\"url\":\"https:\/\/progettotouring.it\/radiotouring104\/wp-content\/uploads\/sites\/6\/2025\/05\/a_Locandina-Sabato-del-Villaggio.jpeg\",\"contentUrl\":\"https:\/\/progettotouring.it\/radiotouring104\/wp-content\/uploads\/sites\/6\/2025\/05\/a_Locandina-Sabato-del-Villaggio.jpeg\",\"width\":896,\"height\":1280},{\"@type\":\"BreadcrumbList\",\"@id\":\"https:\/\/progettotouring.it\/radiotouring104\/2025\/05\/22\/lo-storico-giulio-ferroni-ospite-dellultimo-appuntamento-di-il-sabato-del-villaggio\/#breadcrumb\",\"itemListElement\":[{\"@type\":\"ListItem\",\"position\":1,\"name\":\"Home\",\"item\":\"https:\/\/progettotouring.it\/radiotouring104\/\"},{\"@type\":\"ListItem\",\"position\":2,\"name\":\"Lo storico Giulio Ferroni ospite dell&#8217;ultimo appuntamento di &#8220;Il Sabato del Villaggio&#8221;\"}]},{\"@type\":\"WebSite\",\"@id\":\"https:\/\/progettotouring.it\/radiotouring104\/#website\",\"url\":\"https:\/\/progettotouring.it\/radiotouring104\/\",\"name\":\"Radio Touring 104\",\"description\":\"La prima radio Reggina\",\"publisher\":{\"@id\":\"https:\/\/progettotouring.it\/radiotouring104\/#organization\"},\"potentialAction\":[{\"@type\":\"SearchAction\",\"target\":{\"@type\":\"EntryPoint\",\"urlTemplate\":\"https:\/\/progettotouring.it\/radiotouring104\/?s={search_term_string}\"},\"query-input\":{\"@type\":\"PropertyValueSpecification\",\"valueRequired\":true,\"valueName\":\"search_term_string\"}}],\"inLanguage\":\"it-IT\"},{\"@type\":\"Organization\",\"@id\":\"https:\/\/progettotouring.it\/radiotouring104\/#organization\",\"name\":\"Radio Touring 104\",\"url\":\"https:\/\/progettotouring.it\/radiotouring104\/\",\"logo\":{\"@type\":\"ImageObject\",\"inLanguage\":\"it-IT\",\"@id\":\"https:\/\/progettotouring.it\/radiotouring104\/#\/schema\/logo\/image\/\",\"url\":\"https:\/\/progettotouring.it\/radiotouring104\/wp-content\/uploads\/sites\/6\/2022\/02\/cropped-logo-radio-touring-104.png\",\"contentUrl\":\"https:\/\/progettotouring.it\/radiotouring104\/wp-content\/uploads\/sites\/6\/2022\/02\/cropped-logo-radio-touring-104.png\",\"width\":377,\"height\":182,\"caption\":\"Radio Touring 104\"},\"image\":{\"@id\":\"https:\/\/progettotouring.it\/radiotouring104\/#\/schema\/logo\/image\/\"}},{\"@type\":\"Person\",\"@id\":\"https:\/\/progettotouring.it\/radiotouring104\/#\/schema\/person\/78613917f1851f041f7483f5af1d422e\",\"name\":\"Sebastiano Plutino\",\"image\":{\"@type\":\"ImageObject\",\"inLanguage\":\"it-IT\",\"@id\":\"https:\/\/secure.gravatar.com\/avatar\/0546ffaa9b79224faf9f2a156b67a529ae861d3287c66c1d8ccfdf909bcba78d?s=96&d=mm&r=g\",\"url\":\"https:\/\/secure.gravatar.com\/avatar\/0546ffaa9b79224faf9f2a156b67a529ae861d3287c66c1d8ccfdf909bcba78d?s=96&d=mm&r=g\",\"contentUrl\":\"https:\/\/secure.gravatar.com\/avatar\/0546ffaa9b79224faf9f2a156b67a529ae861d3287c66c1d8ccfdf909bcba78d?s=96&d=mm&r=g\",\"caption\":\"Sebastiano Plutino\"},\"url\":\"https:\/\/progettotouring.it\/radiotouring104\/author\/sebastiano\/\"}]}<\/script>\n<!-- \/ Yoast SEO plugin. -->","yoast_head_json":{"title":"Lo storico Giulio Ferroni ospite dell'ultimo appuntamento di \"Il Sabato del Villaggio\" - Radio Touring 104","description":"L'ultimo appuntamento stagionale del cartellone culturale si terr\u00e0 sabato alle 18:30, al Palazzo Arcivescovile di Lamezia","robots":{"index":"index","follow":"follow","max-snippet":"max-snippet:-1","max-image-preview":"max-image-preview:large","max-video-preview":"max-video-preview:-1"},"canonical":"https:\/\/progettotouring.it\/radiotouring104\/2025\/05\/22\/lo-storico-giulio-ferroni-ospite-dellultimo-appuntamento-di-il-sabato-del-villaggio\/","og_locale":"it_IT","og_type":"article","og_title":"Lo storico Giulio Ferroni ospite dell'ultimo appuntamento di \"Il Sabato del Villaggio\" - Radio Touring 104","og_description":"L'ultimo appuntamento stagionale del cartellone culturale si terr\u00e0 sabato alle 18:30, al Palazzo Arcivescovile di Lamezia","og_url":"https:\/\/progettotouring.it\/radiotouring104\/2025\/05\/22\/lo-storico-giulio-ferroni-ospite-dellultimo-appuntamento-di-il-sabato-del-villaggio\/","og_site_name":"Radio Touring 104","article_published_time":"2025-05-22T10:13:58+00:00","article_modified_time":"2025-05-22T10:15:29+00:00","og_image":[{"width":896,"height":1280,"url":"https:\/\/progettotouring.it\/radiotouring104\/wp-content\/uploads\/sites\/6\/2025\/05\/a_Locandina-Sabato-del-Villaggio.jpeg","type":"image\/jpeg"}],"author":"Sebastiano Plutino","twitter_card":"summary_large_image","twitter_misc":{"Scritto da":"Sebastiano Plutino","Tempo di lettura stimato":"1 minuto"},"schema":{"@context":"https:\/\/schema.org","@graph":[{"@type":"Article","@id":"https:\/\/progettotouring.it\/radiotouring104\/2025\/05\/22\/lo-storico-giulio-ferroni-ospite-dellultimo-appuntamento-di-il-sabato-del-villaggio\/#article","isPartOf":{"@id":"https:\/\/progettotouring.it\/radiotouring104\/2025\/05\/22\/lo-storico-giulio-ferroni-ospite-dellultimo-appuntamento-di-il-sabato-del-villaggio\/"},"author":{"name":"Sebastiano Plutino","@id":"https:\/\/progettotouring.it\/radiotouring104\/#\/schema\/person\/78613917f1851f041f7483f5af1d422e"},"headline":"Lo storico Giulio Ferroni ospite dell&#8217;ultimo appuntamento di &#8220;Il Sabato del Villaggio&#8221;","datePublished":"2025-05-22T10:13:58+00:00","dateModified":"2025-05-22T10:15:29+00:00","mainEntityOfPage":{"@id":"https:\/\/progettotouring.it\/radiotouring104\/2025\/05\/22\/lo-storico-giulio-ferroni-ospite-dellultimo-appuntamento-di-il-sabato-del-villaggio\/"},"wordCount":282,"publisher":{"@id":"https:\/\/progettotouring.it\/radiotouring104\/#organization"},"image":{"@id":"https:\/\/progettotouring.it\/radiotouring104\/2025\/05\/22\/lo-storico-giulio-ferroni-ospite-dellultimo-appuntamento-di-il-sabato-del-villaggio\/#primaryimage"},"thumbnailUrl":"https:\/\/progettotouring.it\/radiotouring104\/wp-content\/uploads\/sites\/6\/2025\/05\/a_Locandina-Sabato-del-Villaggio.jpeg","keywords":["\"Sabato del Villaggio\"","Lamezia Terme","storico Giulio Ferroni","ultimo appuntamento"],"articleSection":["Calabria","Home","News"],"inLanguage":"it-IT"},{"@type":"WebPage","@id":"https:\/\/progettotouring.it\/radiotouring104\/2025\/05\/22\/lo-storico-giulio-ferroni-ospite-dellultimo-appuntamento-di-il-sabato-del-villaggio\/","url":"https:\/\/progettotouring.it\/radiotouring104\/2025\/05\/22\/lo-storico-giulio-ferroni-ospite-dellultimo-appuntamento-di-il-sabato-del-villaggio\/","name":"Lo storico Giulio Ferroni ospite dell'ultimo appuntamento di \"Il Sabato del Villaggio\" - Radio Touring 104","isPartOf":{"@id":"https:\/\/progettotouring.it\/radiotouring104\/#website"},"primaryImageOfPage":{"@id":"https:\/\/progettotouring.it\/radiotouring104\/2025\/05\/22\/lo-storico-giulio-ferroni-ospite-dellultimo-appuntamento-di-il-sabato-del-villaggio\/#primaryimage"},"image":{"@id":"https:\/\/progettotouring.it\/radiotouring104\/2025\/05\/22\/lo-storico-giulio-ferroni-ospite-dellultimo-appuntamento-di-il-sabato-del-villaggio\/#primaryimage"},"thumbnailUrl":"https:\/\/progettotouring.it\/radiotouring104\/wp-content\/uploads\/sites\/6\/2025\/05\/a_Locandina-Sabato-del-Villaggio.jpeg","datePublished":"2025-05-22T10:13:58+00:00","dateModified":"2025-05-22T10:15:29+00:00","description":"L'ultimo appuntamento stagionale del cartellone culturale si terr\u00e0 sabato alle 18:30, al Palazzo Arcivescovile di Lamezia","breadcrumb":{"@id":"https:\/\/progettotouring.it\/radiotouring104\/2025\/05\/22\/lo-storico-giulio-ferroni-ospite-dellultimo-appuntamento-di-il-sabato-del-villaggio\/#breadcrumb"},"inLanguage":"it-IT","potentialAction":[{"@type":"ReadAction","target":["https:\/\/progettotouring.it\/radiotouring104\/2025\/05\/22\/lo-storico-giulio-ferroni-ospite-dellultimo-appuntamento-di-il-sabato-del-villaggio\/"]}]},{"@type":"ImageObject","inLanguage":"it-IT","@id":"https:\/\/progettotouring.it\/radiotouring104\/2025\/05\/22\/lo-storico-giulio-ferroni-ospite-dellultimo-appuntamento-di-il-sabato-del-villaggio\/#primaryimage","url":"https:\/\/progettotouring.it\/radiotouring104\/wp-content\/uploads\/sites\/6\/2025\/05\/a_Locandina-Sabato-del-Villaggio.jpeg","contentUrl":"https:\/\/progettotouring.it\/radiotouring104\/wp-content\/uploads\/sites\/6\/2025\/05\/a_Locandina-Sabato-del-Villaggio.jpeg","width":896,"height":1280},{"@type":"BreadcrumbList","@id":"https:\/\/progettotouring.it\/radiotouring104\/2025\/05\/22\/lo-storico-giulio-ferroni-ospite-dellultimo-appuntamento-di-il-sabato-del-villaggio\/#breadcrumb","itemListElement":[{"@type":"ListItem","position":1,"name":"Home","item":"https:\/\/progettotouring.it\/radiotouring104\/"},{"@type":"ListItem","position":2,"name":"Lo storico Giulio Ferroni ospite dell&#8217;ultimo appuntamento di &#8220;Il Sabato del Villaggio&#8221;"}]},{"@type":"WebSite","@id":"https:\/\/progettotouring.it\/radiotouring104\/#website","url":"https:\/\/progettotouring.it\/radiotouring104\/","name":"Radio Touring 104","description":"La prima radio Reggina","publisher":{"@id":"https:\/\/progettotouring.it\/radiotouring104\/#organization"},"potentialAction":[{"@type":"SearchAction","target":{"@type":"EntryPoint","urlTemplate":"https:\/\/progettotouring.it\/radiotouring104\/?s={search_term_string}"},"query-input":{"@type":"PropertyValueSpecification","valueRequired":true,"valueName":"search_term_string"}}],"inLanguage":"it-IT"},{"@type":"Organization","@id":"https:\/\/progettotouring.it\/radiotouring104\/#organization","name":"Radio Touring 104","url":"https:\/\/progettotouring.it\/radiotouring104\/","logo":{"@type":"ImageObject","inLanguage":"it-IT","@id":"https:\/\/progettotouring.it\/radiotouring104\/#\/schema\/logo\/image\/","url":"https:\/\/progettotouring.it\/radiotouring104\/wp-content\/uploads\/sites\/6\/2022\/02\/cropped-logo-radio-touring-104.png","contentUrl":"https:\/\/progettotouring.it\/radiotouring104\/wp-content\/uploads\/sites\/6\/2022\/02\/cropped-logo-radio-touring-104.png","width":377,"height":182,"caption":"Radio Touring 104"},"image":{"@id":"https:\/\/progettotouring.it\/radiotouring104\/#\/schema\/logo\/image\/"}},{"@type":"Person","@id":"https:\/\/progettotouring.it\/radiotouring104\/#\/schema\/person\/78613917f1851f041f7483f5af1d422e","name":"Sebastiano Plutino","image":{"@type":"ImageObject","inLanguage":"it-IT","@id":"https:\/\/secure.gravatar.com\/avatar\/0546ffaa9b79224faf9f2a156b67a529ae861d3287c66c1d8ccfdf909bcba78d?s=96&d=mm&r=g","url":"https:\/\/secure.gravatar.com\/avatar\/0546ffaa9b79224faf9f2a156b67a529ae861d3287c66c1d8ccfdf909bcba78d?s=96&d=mm&r=g","contentUrl":"https:\/\/secure.gravatar.com\/avatar\/0546ffaa9b79224faf9f2a156b67a529ae861d3287c66c1d8ccfdf909bcba78d?s=96&d=mm&r=g","caption":"Sebastiano Plutino"},"url":"https:\/\/progettotouring.it\/radiotouring104\/author\/sebastiano\/"}]}},"jetpack_publicize_connections":[],"jetpack_featured_media_url":"https:\/\/progettotouring.it\/radiotouring104\/wp-content\/uploads\/sites\/6\/2025\/05\/a_Locandina-Sabato-del-Villaggio.jpeg","jetpack_sharing_enabled":true,"_links":{"self":[{"href":"https:\/\/progettotouring.it\/radiotouring104\/wp-json\/wp\/v2\/posts\/74327","targetHints":{"allow":["GET"]}}],"collection":[{"href":"https:\/\/progettotouring.it\/radiotouring104\/wp-json\/wp\/v2\/posts"}],"about":[{"href":"https:\/\/progettotouring.it\/radiotouring104\/wp-json\/wp\/v2\/types\/post"}],"author":[{"embeddable":true,"href":"https:\/\/progettotouring.it\/radiotouring104\/wp-json\/wp\/v2\/users\/12"}],"replies":[{"embeddable":true,"href":"https:\/\/progettotouring.it\/radiotouring104\/wp-json\/wp\/v2\/comments?post=74327"}],"version-history":[{"count":1,"href":"https:\/\/progettotouring.it\/radiotouring104\/wp-json\/wp\/v2\/posts\/74327\/revisions"}],"predecessor-version":[{"id":74329,"href":"https:\/\/progettotouring.it\/radiotouring104\/wp-json\/wp\/v2\/posts\/74327\/revisions\/74329"}],"wp:featuredmedia":[{"embeddable":true,"href":"https:\/\/progettotouring.it\/radiotouring104\/wp-json\/wp\/v2\/media\/74328"}],"wp:attachment":[{"href":"https:\/\/progettotouring.it\/radiotouring104\/wp-json\/wp\/v2\/media?parent=74327"}],"wp:term":[{"taxonomy":"category","embeddable":true,"href":"https:\/\/progettotouring.it\/radiotouring104\/wp-json\/wp\/v2\/categories?post=74327"},{"taxonomy":"post_tag","embeddable":true,"href":"https:\/\/progettotouring.it\/radiotouring104\/wp-json\/wp\/v2\/tags?post=74327"}],"curies":[{"name":"wp","href":"https:\/\/api.w.org\/{rel}","templated":true}]}}