{"id":74342,"date":"2025-05-22T20:03:28","date_gmt":"2025-05-22T18:03:28","guid":{"rendered":"https:\/\/progettotouring.it\/radiotouring104\/?p=74342"},"modified":"2025-05-22T20:03:28","modified_gmt":"2025-05-22T18:03:28","slug":"presentato-a-palazzo-alvaro-il-progetto-rc-efficacy-la-citta-che-apprende-e-si-racconta","status":"publish","type":"post","link":"https:\/\/progettotouring.it\/radiotouring104\/2025\/05\/22\/presentato-a-palazzo-alvaro-il-progetto-rc-efficacy-la-citta-che-apprende-e-si-racconta\/","title":{"rendered":"Presentato a Palazzo Alvaro il progetto \u2018RC efficacy, la citt\u00e0 che apprende e si racconta\u2019"},"content":{"rendered":"<div><\/div>\n<div>\u00a0E\u2019 stato presentato a Palazzo Alvaro il progetto \u2018RC efficacy, la citt\u00e0 che apprende e si racconta\u2019, promosso dall\u2019Universit\u00e0 Roma Tre e dall\u2019Universit\u00e0 Mediterranea di Reggio Calabria, in collaborazione con la Citt\u00e0 metropolitana di Reggio e con altri attori del territorio.<\/div>\n<div>Il progetto nasce nell\u2019ambito della partecipazione di Reggio Calabria al Global Network of Learning Cities dell\u2019UNESCO e rappresenta una strategia concreta per attuare un modello educativo fondato sull\u2019apprendimento permanente, inclusivo e sostenibile.<\/div>\n<div>L\u2019obiettivo \u00e8 costruire, con strumenti teorici e operativi, una citt\u00e0 in grado di promuovere la cittadinanza attiva attraverso l\u2019integrazione tra scuola, universit\u00e0, istituzioni locali, associazioni e terzo settore.<\/div>\n<div>Alla presentazione sono intervenuti Giuseppe Falcomat\u00e0, sindaco metropolitano di Reggio Calabria, in collegamento Massimiliano Fiorucci, rettore dell\u2019Universit\u00e0 Roma Tre, Francesca Fatta, prorettrice vicaria della Mediterranea, Liliosa Azara, professoressa dell&#8217;Universit\u00e0 Roma Tre e responsabile scientifica del progetto,\u00a0 la professoressa Rossella Marzullo, co-referente del progetto per l\u2019Universit\u00e0 Mediterranea.<\/div>\n<div>Presenti in sala anche il vicesindaco metropolitano, Carmelo Versace e il consigliere metropolitano delegato Filippo Quartuccio.<\/div>\n<div><\/div>\n<div><img fetchpriority=\"high\" decoding=\"async\" class=\"alignnone size-medium wp-image-74346\" src=\"https:\/\/progettotouring.it\/radiotouring104\/wp-content\/uploads\/sites\/6\/2025\/05\/RC-efficacy-1-300x200.jpeg\" alt=\"\" width=\"300\" height=\"200\" srcset=\"https:\/\/progettotouring.it\/radiotouring104\/wp-content\/uploads\/sites\/6\/2025\/05\/RC-efficacy-1-300x200.jpeg 300w, https:\/\/progettotouring.it\/radiotouring104\/wp-content\/uploads\/sites\/6\/2025\/05\/RC-efficacy-1-1024x682.jpeg 1024w, https:\/\/progettotouring.it\/radiotouring104\/wp-content\/uploads\/sites\/6\/2025\/05\/RC-efficacy-1-768x512.jpeg 768w, https:\/\/progettotouring.it\/radiotouring104\/wp-content\/uploads\/sites\/6\/2025\/05\/RC-efficacy-1-1536x1024.jpeg 1536w, https:\/\/progettotouring.it\/radiotouring104\/wp-content\/uploads\/sites\/6\/2025\/05\/RC-efficacy-1-2048x1365.jpeg 2048w, https:\/\/progettotouring.it\/radiotouring104\/wp-content\/uploads\/sites\/6\/2025\/05\/RC-efficacy-1-1920x1280.jpeg 1920w, https:\/\/progettotouring.it\/radiotouring104\/wp-content\/uploads\/sites\/6\/2025\/05\/RC-efficacy-1-1170x780.jpeg 1170w, https:\/\/progettotouring.it\/radiotouring104\/wp-content\/uploads\/sites\/6\/2025\/05\/RC-efficacy-1-585x390.jpeg 585w, https:\/\/progettotouring.it\/radiotouring104\/wp-content\/uploads\/sites\/6\/2025\/05\/RC-efficacy-1-263x175.jpeg 263w\" sizes=\"(max-width: 300px) 100vw, 300px\" \/><\/div>\n<div>\n<p>Il sindaco metropolitano di Reggio Calabria, Giuseppe Falcomat\u00e0 ha detto: <em>\u201cSi tratta di un percorso di coerenza rispetto agli obiettivi per realizzare la citt\u00e0 della cultura e dell\u2019istruzione. Il progetto Learning Cities va esattamente in questa direzione. E\u2019 un progetto di collaborazione con l\u2019Universit\u00e0 Roma Tre, Universit\u00e0 Mediterranea e siamo tra le pochissime Citt\u00e0 metropolitane in Italia ad aver aderito per queste attivit\u00e0 di educazione, istruzione e consapevolezza. Si tratta di azioni immateriali che vanno ad affiancarsi a un percorso di riqualificazione e rigenerazione urbana, senza le quali tutto il resto verrebbe meno\u201d<\/em>. <em>\u201cVogliamo dare ai nostri giovani<\/em> \u2013 ha aggiunto &#8211; <em>la consapevolezza del posto in cui vivono, attraverso azioni che evidenziano l\u2019importanza e il contesto culturale e istruttivo e dell\u2019istruzione nel quale si trovano. Anche questa iniziativa<\/em> \u2013 ha concluso &#8211; <em>\u00e8 uno dei tasselli del percorso avviato per la nostra candidatura di Reggio capitale italiana della Cultura che sta comunque andando avanti anche senza il titolo assegnato dal ministero\u201d.<\/em><\/p>\n<p><em>\u201cEntriamo nella fase operativa di questo progetto<\/em> \u2013 ha detto Liliosa Azara &#8211; <em>per le prerogative straordinarie di questa citt\u00e0 che ha voluto accogliere generosamente ma anche entusiasticamente la proposta che fu presentata allora dal Roma tre rispetto ad un percorso di accreditamento nella rete globale delle Learning Cities\u201d<\/em>. <em>\u201cOggi con \u2018Reggio Calabria efficacy<\/em>\u2019 \u2013 ha aggiunto &#8211; <em>vogliamo sottolineare l\u2019efficacia di un\u2019azione che si concentra e che insiste su un territorio, di non solo straordinaria bellezza, ma anche straordinaria ricchezza sotto il profilo culturale\u201d.<\/em><\/p>\n<\/div>\n<div><\/div>\n<div>Il rettore dell\u2019Universit\u00e0 Roma Tre, Massimiliano Fiorucci, ha affermato: <em>\u201cLa Learning City \u00e8 un modello pedagogico e politico. Significa formare cittadini consapevoli e capaci di partecipare alla costruzione del futuro. Roma Tre \u00e8 orgogliosa di contribuire a questa visione\u201d.<\/em><\/div>\n<div><\/div>\n<div>La prorettrice vicaria dell\u2019Universit\u00e0 Mediterranea di Reggio Calabria, Francesca Fatta ha detto: <em>\u201csono convinta di quanto il progetto rappresenti un\u2019ulteriore importante occasione per rafforzare il ruolo delle universit\u00e0 in ambito civico, favorendo una migliore integrazione sociale con la comunit\u00e0 universitaria\u201d.<\/em><\/div>\n<div><\/div>\n<div>Rossella Marzullo, co-referente del progetto per l\u2019Universit\u00e0 Mediterranea, ha aggiunto: <em>\u201cRC efficacy \u00e8 un laboratorio aperto, uno spazio per connettere conoscenze ed esperienze e trasformarle in politiche educative per il territorio. Una citt\u00e0 che apprende \u00e8 una citt\u00e0 pi\u00f9 giusta\u201d.<\/em><\/div>\n<div><\/div>\n<div>L\u2019incontro \u00e8 stata anche l\u2019occasione per presentare il logo di Reggio Calabria Learning City, i partner coinvolti e illustrare le prime tappe operative del progetto, che si articoler\u00e0 nei prossimi 24 mesi in percorsi di ricerca-azione, formazione, animazione culturale e monitoraggio partecipativo.<\/div>\n","protected":false},"excerpt":{"rendered":"<p>\u00a0E\u2019 stato presentato a Palazzo Alvaro il progetto \u2018RC efficacy, la citt\u00e0 che apprende e si racconta\u2019, promosso dall\u2019Universit\u00e0 Roma Tre e dall\u2019Universit\u00e0 Mediterranea di Reggio Calabria, in collaborazione con&hellip;<\/p>\n","protected":false},"author":19,"featured_media":74343,"comment_status":"closed","ping_status":"open","sticky":false,"template":"","format":"standard","meta":{"_jetpack_memberships_contains_paid_content":false,"footnotes":"","jetpack_publicize_message":"","jetpack_publicize_feature_enabled":true,"jetpack_social_post_already_shared":true,"jetpack_social_options":{"image_generator_settings":{"template":"highway","default_image_id":0,"font":"","enabled":false},"version":2}},"categories":[921,150,196,140],"tags":[],"class_list":["post-74342","post","type-post","status-publish","format-standard","has-post-thumbnail","hentry","category-home","category-in-primo-piano","category-news","category-reggio-calabria"],"yoast_head":"<!-- This site is optimized with the Yoast SEO plugin v27.2 - https:\/\/yoast.com\/product\/yoast-seo-wordpress\/ -->\n<title>Presentato a Palazzo Alvaro il progetto \u2018RC efficacy, la citt\u00e0 che apprende e si racconta\u2019 - Radio Touring 104<\/title>\n<meta name=\"description\" content=\"L&#039;iniziativa promossa dall\u2019Universit\u00e0 Roma Tre e dall\u2019Universit\u00e0 Mediterranea, in collaborazione con la Citt\u00e0 metropolitana di Reggio\" \/>\n<meta name=\"robots\" content=\"index, follow, max-snippet:-1, max-image-preview:large, max-video-preview:-1\" \/>\n<link rel=\"canonical\" href=\"https:\/\/progettotouring.it\/radiotouring104\/2025\/05\/22\/presentato-a-palazzo-alvaro-il-progetto-rc-efficacy-la-citta-che-apprende-e-si-racconta\/\" \/>\n<meta property=\"og:locale\" content=\"it_IT\" \/>\n<meta property=\"og:type\" content=\"article\" \/>\n<meta property=\"og:title\" content=\"Presentato a Palazzo Alvaro il progetto \u2018RC efficacy, la citt\u00e0 che apprende e si racconta\u2019 - Radio Touring 104\" \/>\n<meta property=\"og:description\" content=\"L&#039;iniziativa promossa dall\u2019Universit\u00e0 Roma Tre e dall\u2019Universit\u00e0 Mediterranea, in collaborazione con la Citt\u00e0 metropolitana di Reggio\" \/>\n<meta property=\"og:url\" content=\"https:\/\/progettotouring.it\/radiotouring104\/2025\/05\/22\/presentato-a-palazzo-alvaro-il-progetto-rc-efficacy-la-citta-che-apprende-e-si-racconta\/\" \/>\n<meta property=\"og:site_name\" content=\"Radio Touring 104\" \/>\n<meta property=\"article:published_time\" content=\"2025-05-22T18:03:28+00:00\" \/>\n<meta property=\"og:image\" content=\"https:\/\/progettotouring.it\/radiotouring104\/wp-content\/uploads\/sites\/6\/2025\/05\/RC-efficacy.jpg\" \/>\n\t<meta property=\"og:image:width\" content=\"1920\" \/>\n\t<meta property=\"og:image:height\" content=\"1080\" \/>\n\t<meta property=\"og:image:type\" content=\"image\/jpeg\" \/>\n<meta name=\"author\" content=\"S L\" \/>\n<meta name=\"twitter:card\" content=\"summary_large_image\" \/>\n<meta name=\"twitter:label1\" content=\"Scritto da\" \/>\n\t<meta name=\"twitter:data1\" content=\"S L\" \/>\n\t<meta name=\"twitter:label2\" content=\"Tempo di lettura stimato\" \/>\n\t<meta name=\"twitter:data2\" content=\"3 minuti\" \/>\n<script type=\"application\/ld+json\" class=\"yoast-schema-graph\">{\"@context\":\"https:\/\/schema.org\",\"@graph\":[{\"@type\":\"Article\",\"@id\":\"https:\/\/progettotouring.it\/radiotouring104\/2025\/05\/22\/presentato-a-palazzo-alvaro-il-progetto-rc-efficacy-la-citta-che-apprende-e-si-racconta\/#article\",\"isPartOf\":{\"@id\":\"https:\/\/progettotouring.it\/radiotouring104\/2025\/05\/22\/presentato-a-palazzo-alvaro-il-progetto-rc-efficacy-la-citta-che-apprende-e-si-racconta\/\"},\"author\":{\"name\":\"S L\",\"@id\":\"https:\/\/progettotouring.it\/radiotouring104\/#\/schema\/person\/b9f9c3730b0a78814c9b9f3bfc52c619\"},\"headline\":\"Presentato a Palazzo Alvaro il progetto \u2018RC efficacy, la citt\u00e0 che apprende e si racconta\u2019\",\"datePublished\":\"2025-05-22T18:03:28+00:00\",\"mainEntityOfPage\":{\"@id\":\"https:\/\/progettotouring.it\/radiotouring104\/2025\/05\/22\/presentato-a-palazzo-alvaro-il-progetto-rc-efficacy-la-citta-che-apprende-e-si-racconta\/\"},\"wordCount\":595,\"publisher\":{\"@id\":\"https:\/\/progettotouring.it\/radiotouring104\/#organization\"},\"image\":{\"@id\":\"https:\/\/progettotouring.it\/radiotouring104\/2025\/05\/22\/presentato-a-palazzo-alvaro-il-progetto-rc-efficacy-la-citta-che-apprende-e-si-racconta\/#primaryimage\"},\"thumbnailUrl\":\"https:\/\/progettotouring.it\/radiotouring104\/wp-content\/uploads\/sites\/6\/2025\/05\/RC-efficacy.jpg\",\"articleSection\":[\"Home\",\"In primo piano\",\"News\",\"Reggio Calabria\"],\"inLanguage\":\"it-IT\"},{\"@type\":\"WebPage\",\"@id\":\"https:\/\/progettotouring.it\/radiotouring104\/2025\/05\/22\/presentato-a-palazzo-alvaro-il-progetto-rc-efficacy-la-citta-che-apprende-e-si-racconta\/\",\"url\":\"https:\/\/progettotouring.it\/radiotouring104\/2025\/05\/22\/presentato-a-palazzo-alvaro-il-progetto-rc-efficacy-la-citta-che-apprende-e-si-racconta\/\",\"name\":\"Presentato a Palazzo Alvaro il progetto \u2018RC efficacy, la citt\u00e0 che apprende e si racconta\u2019 - Radio Touring 104\",\"isPartOf\":{\"@id\":\"https:\/\/progettotouring.it\/radiotouring104\/#website\"},\"primaryImageOfPage\":{\"@id\":\"https:\/\/progettotouring.it\/radiotouring104\/2025\/05\/22\/presentato-a-palazzo-alvaro-il-progetto-rc-efficacy-la-citta-che-apprende-e-si-racconta\/#primaryimage\"},\"image\":{\"@id\":\"https:\/\/progettotouring.it\/radiotouring104\/2025\/05\/22\/presentato-a-palazzo-alvaro-il-progetto-rc-efficacy-la-citta-che-apprende-e-si-racconta\/#primaryimage\"},\"thumbnailUrl\":\"https:\/\/progettotouring.it\/radiotouring104\/wp-content\/uploads\/sites\/6\/2025\/05\/RC-efficacy.jpg\",\"datePublished\":\"2025-05-22T18:03:28+00:00\",\"description\":\"L'iniziativa promossa dall\u2019Universit\u00e0 Roma Tre e dall\u2019Universit\u00e0 Mediterranea, in collaborazione con la Citt\u00e0 metropolitana di Reggio\",\"breadcrumb\":{\"@id\":\"https:\/\/progettotouring.it\/radiotouring104\/2025\/05\/22\/presentato-a-palazzo-alvaro-il-progetto-rc-efficacy-la-citta-che-apprende-e-si-racconta\/#breadcrumb\"},\"inLanguage\":\"it-IT\",\"potentialAction\":[{\"@type\":\"ReadAction\",\"target\":[\"https:\/\/progettotouring.it\/radiotouring104\/2025\/05\/22\/presentato-a-palazzo-alvaro-il-progetto-rc-efficacy-la-citta-che-apprende-e-si-racconta\/\"]}]},{\"@type\":\"ImageObject\",\"inLanguage\":\"it-IT\",\"@id\":\"https:\/\/progettotouring.it\/radiotouring104\/2025\/05\/22\/presentato-a-palazzo-alvaro-il-progetto-rc-efficacy-la-citta-che-apprende-e-si-racconta\/#primaryimage\",\"url\":\"https:\/\/progettotouring.it\/radiotouring104\/wp-content\/uploads\/sites\/6\/2025\/05\/RC-efficacy.jpg\",\"contentUrl\":\"https:\/\/progettotouring.it\/radiotouring104\/wp-content\/uploads\/sites\/6\/2025\/05\/RC-efficacy.jpg\",\"width\":1920,\"height\":1080},{\"@type\":\"BreadcrumbList\",\"@id\":\"https:\/\/progettotouring.it\/radiotouring104\/2025\/05\/22\/presentato-a-palazzo-alvaro-il-progetto-rc-efficacy-la-citta-che-apprende-e-si-racconta\/#breadcrumb\",\"itemListElement\":[{\"@type\":\"ListItem\",\"position\":1,\"name\":\"Home\",\"item\":\"https:\/\/progettotouring.it\/radiotouring104\/\"},{\"@type\":\"ListItem\",\"position\":2,\"name\":\"Presentato a Palazzo Alvaro il progetto \u2018RC efficacy, la citt\u00e0 che apprende e si racconta\u2019\"}]},{\"@type\":\"WebSite\",\"@id\":\"https:\/\/progettotouring.it\/radiotouring104\/#website\",\"url\":\"https:\/\/progettotouring.it\/radiotouring104\/\",\"name\":\"Radio Touring 104\",\"description\":\"La prima radio Reggina\",\"publisher\":{\"@id\":\"https:\/\/progettotouring.it\/radiotouring104\/#organization\"},\"potentialAction\":[{\"@type\":\"SearchAction\",\"target\":{\"@type\":\"EntryPoint\",\"urlTemplate\":\"https:\/\/progettotouring.it\/radiotouring104\/?s={search_term_string}\"},\"query-input\":{\"@type\":\"PropertyValueSpecification\",\"valueRequired\":true,\"valueName\":\"search_term_string\"}}],\"inLanguage\":\"it-IT\"},{\"@type\":\"Organization\",\"@id\":\"https:\/\/progettotouring.it\/radiotouring104\/#organization\",\"name\":\"Radio Touring 104\",\"url\":\"https:\/\/progettotouring.it\/radiotouring104\/\",\"logo\":{\"@type\":\"ImageObject\",\"inLanguage\":\"it-IT\",\"@id\":\"https:\/\/progettotouring.it\/radiotouring104\/#\/schema\/logo\/image\/\",\"url\":\"https:\/\/progettotouring.it\/radiotouring104\/wp-content\/uploads\/sites\/6\/2022\/02\/cropped-logo-radio-touring-104.png\",\"contentUrl\":\"https:\/\/progettotouring.it\/radiotouring104\/wp-content\/uploads\/sites\/6\/2022\/02\/cropped-logo-radio-touring-104.png\",\"width\":377,\"height\":182,\"caption\":\"Radio Touring 104\"},\"image\":{\"@id\":\"https:\/\/progettotouring.it\/radiotouring104\/#\/schema\/logo\/image\/\"}},{\"@type\":\"Person\",\"@id\":\"https:\/\/progettotouring.it\/radiotouring104\/#\/schema\/person\/b9f9c3730b0a78814c9b9f3bfc52c619\",\"name\":\"S L\",\"image\":{\"@type\":\"ImageObject\",\"inLanguage\":\"it-IT\",\"@id\":\"https:\/\/secure.gravatar.com\/avatar\/652c51789d7030aaed9ff828331360502a68204fe6fb0831bc280515210e16d2?s=96&d=mm&r=g\",\"url\":\"https:\/\/secure.gravatar.com\/avatar\/652c51789d7030aaed9ff828331360502a68204fe6fb0831bc280515210e16d2?s=96&d=mm&r=g\",\"contentUrl\":\"https:\/\/secure.gravatar.com\/avatar\/652c51789d7030aaed9ff828331360502a68204fe6fb0831bc280515210e16d2?s=96&d=mm&r=g\",\"caption\":\"S L\"},\"url\":\"https:\/\/progettotouring.it\/radiotouring104\/author\/slibri\/\"}]}<\/script>\n<!-- \/ Yoast SEO plugin. -->","yoast_head_json":{"title":"Presentato a Palazzo Alvaro il progetto \u2018RC efficacy, la citt\u00e0 che apprende e si racconta\u2019 - Radio Touring 104","description":"L'iniziativa promossa dall\u2019Universit\u00e0 Roma Tre e dall\u2019Universit\u00e0 Mediterranea, in collaborazione con la Citt\u00e0 metropolitana di Reggio","robots":{"index":"index","follow":"follow","max-snippet":"max-snippet:-1","max-image-preview":"max-image-preview:large","max-video-preview":"max-video-preview:-1"},"canonical":"https:\/\/progettotouring.it\/radiotouring104\/2025\/05\/22\/presentato-a-palazzo-alvaro-il-progetto-rc-efficacy-la-citta-che-apprende-e-si-racconta\/","og_locale":"it_IT","og_type":"article","og_title":"Presentato a Palazzo Alvaro il progetto \u2018RC efficacy, la citt\u00e0 che apprende e si racconta\u2019 - Radio Touring 104","og_description":"L'iniziativa promossa dall\u2019Universit\u00e0 Roma Tre e dall\u2019Universit\u00e0 Mediterranea, in collaborazione con la Citt\u00e0 metropolitana di Reggio","og_url":"https:\/\/progettotouring.it\/radiotouring104\/2025\/05\/22\/presentato-a-palazzo-alvaro-il-progetto-rc-efficacy-la-citta-che-apprende-e-si-racconta\/","og_site_name":"Radio Touring 104","article_published_time":"2025-05-22T18:03:28+00:00","og_image":[{"width":1920,"height":1080,"url":"https:\/\/progettotouring.it\/radiotouring104\/wp-content\/uploads\/sites\/6\/2025\/05\/RC-efficacy.jpg","type":"image\/jpeg"}],"author":"S L","twitter_card":"summary_large_image","twitter_misc":{"Scritto da":"S L","Tempo di lettura stimato":"3 minuti"},"schema":{"@context":"https:\/\/schema.org","@graph":[{"@type":"Article","@id":"https:\/\/progettotouring.it\/radiotouring104\/2025\/05\/22\/presentato-a-palazzo-alvaro-il-progetto-rc-efficacy-la-citta-che-apprende-e-si-racconta\/#article","isPartOf":{"@id":"https:\/\/progettotouring.it\/radiotouring104\/2025\/05\/22\/presentato-a-palazzo-alvaro-il-progetto-rc-efficacy-la-citta-che-apprende-e-si-racconta\/"},"author":{"name":"S L","@id":"https:\/\/progettotouring.it\/radiotouring104\/#\/schema\/person\/b9f9c3730b0a78814c9b9f3bfc52c619"},"headline":"Presentato a Palazzo Alvaro il progetto \u2018RC efficacy, la citt\u00e0 che apprende e si racconta\u2019","datePublished":"2025-05-22T18:03:28+00:00","mainEntityOfPage":{"@id":"https:\/\/progettotouring.it\/radiotouring104\/2025\/05\/22\/presentato-a-palazzo-alvaro-il-progetto-rc-efficacy-la-citta-che-apprende-e-si-racconta\/"},"wordCount":595,"publisher":{"@id":"https:\/\/progettotouring.it\/radiotouring104\/#organization"},"image":{"@id":"https:\/\/progettotouring.it\/radiotouring104\/2025\/05\/22\/presentato-a-palazzo-alvaro-il-progetto-rc-efficacy-la-citta-che-apprende-e-si-racconta\/#primaryimage"},"thumbnailUrl":"https:\/\/progettotouring.it\/radiotouring104\/wp-content\/uploads\/sites\/6\/2025\/05\/RC-efficacy.jpg","articleSection":["Home","In primo piano","News","Reggio Calabria"],"inLanguage":"it-IT"},{"@type":"WebPage","@id":"https:\/\/progettotouring.it\/radiotouring104\/2025\/05\/22\/presentato-a-palazzo-alvaro-il-progetto-rc-efficacy-la-citta-che-apprende-e-si-racconta\/","url":"https:\/\/progettotouring.it\/radiotouring104\/2025\/05\/22\/presentato-a-palazzo-alvaro-il-progetto-rc-efficacy-la-citta-che-apprende-e-si-racconta\/","name":"Presentato a Palazzo Alvaro il progetto \u2018RC efficacy, la citt\u00e0 che apprende e si racconta\u2019 - Radio Touring 104","isPartOf":{"@id":"https:\/\/progettotouring.it\/radiotouring104\/#website"},"primaryImageOfPage":{"@id":"https:\/\/progettotouring.it\/radiotouring104\/2025\/05\/22\/presentato-a-palazzo-alvaro-il-progetto-rc-efficacy-la-citta-che-apprende-e-si-racconta\/#primaryimage"},"image":{"@id":"https:\/\/progettotouring.it\/radiotouring104\/2025\/05\/22\/presentato-a-palazzo-alvaro-il-progetto-rc-efficacy-la-citta-che-apprende-e-si-racconta\/#primaryimage"},"thumbnailUrl":"https:\/\/progettotouring.it\/radiotouring104\/wp-content\/uploads\/sites\/6\/2025\/05\/RC-efficacy.jpg","datePublished":"2025-05-22T18:03:28+00:00","description":"L'iniziativa promossa dall\u2019Universit\u00e0 Roma Tre e dall\u2019Universit\u00e0 Mediterranea, in collaborazione con la Citt\u00e0 metropolitana di Reggio","breadcrumb":{"@id":"https:\/\/progettotouring.it\/radiotouring104\/2025\/05\/22\/presentato-a-palazzo-alvaro-il-progetto-rc-efficacy-la-citta-che-apprende-e-si-racconta\/#breadcrumb"},"inLanguage":"it-IT","potentialAction":[{"@type":"ReadAction","target":["https:\/\/progettotouring.it\/radiotouring104\/2025\/05\/22\/presentato-a-palazzo-alvaro-il-progetto-rc-efficacy-la-citta-che-apprende-e-si-racconta\/"]}]},{"@type":"ImageObject","inLanguage":"it-IT","@id":"https:\/\/progettotouring.it\/radiotouring104\/2025\/05\/22\/presentato-a-palazzo-alvaro-il-progetto-rc-efficacy-la-citta-che-apprende-e-si-racconta\/#primaryimage","url":"https:\/\/progettotouring.it\/radiotouring104\/wp-content\/uploads\/sites\/6\/2025\/05\/RC-efficacy.jpg","contentUrl":"https:\/\/progettotouring.it\/radiotouring104\/wp-content\/uploads\/sites\/6\/2025\/05\/RC-efficacy.jpg","width":1920,"height":1080},{"@type":"BreadcrumbList","@id":"https:\/\/progettotouring.it\/radiotouring104\/2025\/05\/22\/presentato-a-palazzo-alvaro-il-progetto-rc-efficacy-la-citta-che-apprende-e-si-racconta\/#breadcrumb","itemListElement":[{"@type":"ListItem","position":1,"name":"Home","item":"https:\/\/progettotouring.it\/radiotouring104\/"},{"@type":"ListItem","position":2,"name":"Presentato a Palazzo Alvaro il progetto \u2018RC efficacy, la citt\u00e0 che apprende e si racconta\u2019"}]},{"@type":"WebSite","@id":"https:\/\/progettotouring.it\/radiotouring104\/#website","url":"https:\/\/progettotouring.it\/radiotouring104\/","name":"Radio Touring 104","description":"La prima radio Reggina","publisher":{"@id":"https:\/\/progettotouring.it\/radiotouring104\/#organization"},"potentialAction":[{"@type":"SearchAction","target":{"@type":"EntryPoint","urlTemplate":"https:\/\/progettotouring.it\/radiotouring104\/?s={search_term_string}"},"query-input":{"@type":"PropertyValueSpecification","valueRequired":true,"valueName":"search_term_string"}}],"inLanguage":"it-IT"},{"@type":"Organization","@id":"https:\/\/progettotouring.it\/radiotouring104\/#organization","name":"Radio Touring 104","url":"https:\/\/progettotouring.it\/radiotouring104\/","logo":{"@type":"ImageObject","inLanguage":"it-IT","@id":"https:\/\/progettotouring.it\/radiotouring104\/#\/schema\/logo\/image\/","url":"https:\/\/progettotouring.it\/radiotouring104\/wp-content\/uploads\/sites\/6\/2022\/02\/cropped-logo-radio-touring-104.png","contentUrl":"https:\/\/progettotouring.it\/radiotouring104\/wp-content\/uploads\/sites\/6\/2022\/02\/cropped-logo-radio-touring-104.png","width":377,"height":182,"caption":"Radio Touring 104"},"image":{"@id":"https:\/\/progettotouring.it\/radiotouring104\/#\/schema\/logo\/image\/"}},{"@type":"Person","@id":"https:\/\/progettotouring.it\/radiotouring104\/#\/schema\/person\/b9f9c3730b0a78814c9b9f3bfc52c619","name":"S L","image":{"@type":"ImageObject","inLanguage":"it-IT","@id":"https:\/\/secure.gravatar.com\/avatar\/652c51789d7030aaed9ff828331360502a68204fe6fb0831bc280515210e16d2?s=96&d=mm&r=g","url":"https:\/\/secure.gravatar.com\/avatar\/652c51789d7030aaed9ff828331360502a68204fe6fb0831bc280515210e16d2?s=96&d=mm&r=g","contentUrl":"https:\/\/secure.gravatar.com\/avatar\/652c51789d7030aaed9ff828331360502a68204fe6fb0831bc280515210e16d2?s=96&d=mm&r=g","caption":"S L"},"url":"https:\/\/progettotouring.it\/radiotouring104\/author\/slibri\/"}]}},"jetpack_publicize_connections":[],"jetpack_featured_media_url":"https:\/\/progettotouring.it\/radiotouring104\/wp-content\/uploads\/sites\/6\/2025\/05\/RC-efficacy.jpg","jetpack_sharing_enabled":true,"_links":{"self":[{"href":"https:\/\/progettotouring.it\/radiotouring104\/wp-json\/wp\/v2\/posts\/74342","targetHints":{"allow":["GET"]}}],"collection":[{"href":"https:\/\/progettotouring.it\/radiotouring104\/wp-json\/wp\/v2\/posts"}],"about":[{"href":"https:\/\/progettotouring.it\/radiotouring104\/wp-json\/wp\/v2\/types\/post"}],"author":[{"embeddable":true,"href":"https:\/\/progettotouring.it\/radiotouring104\/wp-json\/wp\/v2\/users\/19"}],"replies":[{"embeddable":true,"href":"https:\/\/progettotouring.it\/radiotouring104\/wp-json\/wp\/v2\/comments?post=74342"}],"version-history":[{"count":2,"href":"https:\/\/progettotouring.it\/radiotouring104\/wp-json\/wp\/v2\/posts\/74342\/revisions"}],"predecessor-version":[{"id":74351,"href":"https:\/\/progettotouring.it\/radiotouring104\/wp-json\/wp\/v2\/posts\/74342\/revisions\/74351"}],"wp:featuredmedia":[{"embeddable":true,"href":"https:\/\/progettotouring.it\/radiotouring104\/wp-json\/wp\/v2\/media\/74343"}],"wp:attachment":[{"href":"https:\/\/progettotouring.it\/radiotouring104\/wp-json\/wp\/v2\/media?parent=74342"}],"wp:term":[{"taxonomy":"category","embeddable":true,"href":"https:\/\/progettotouring.it\/radiotouring104\/wp-json\/wp\/v2\/categories?post=74342"},{"taxonomy":"post_tag","embeddable":true,"href":"https:\/\/progettotouring.it\/radiotouring104\/wp-json\/wp\/v2\/tags?post=74342"}],"curies":[{"name":"wp","href":"https:\/\/api.w.org\/{rel}","templated":true}]}}