{"id":74358,"date":"2025-05-22T20:40:22","date_gmt":"2025-05-22T18:40:22","guid":{"rendered":"https:\/\/progettotouring.it\/radiotouring104\/?p=74358"},"modified":"2025-05-22T20:40:22","modified_gmt":"2025-05-22T18:40:22","slug":"presentato-il-libro-inferi-scritto-dallimprenditore-antonino-de-masi-e-dal-giornalista-pietro-comito","status":"publish","type":"post","link":"https:\/\/progettotouring.it\/radiotouring104\/2025\/05\/22\/presentato-il-libro-inferi-scritto-dallimprenditore-antonino-de-masi-e-dal-giornalista-pietro-comito\/","title":{"rendered":"Presentato il libro &#8220;Inferi&#8221; scritto dall&#8217;imprenditore Antonino De Masi e dal giornalista Pietro Comito"},"content":{"rendered":"<div class=\"xmprfx_elementToProof\">Una vicenda esemplare di resistenza e di attivismo civile per riscoprire tutti l\u2019orgoglio di essere calabresi.<\/div>\n<div class=\"xmprfx_elementToProof\">La storia dell\u2019imprenditore Antonino De Masi e del suo coraggioso No alla \u2018ndrangheta \u00e8 stata al centro di un incontro promosso dal Corecom Calabria, nei locali del polo culturale del Consiglio Regionale a Reggio Calabria, in occasione della presentazione del libro \u201cInferi\u201d scritto dallo stesso De Masi e dal giornalista Pietro Comito. Un\u2019iniziativa che ha dato simbolicamente il via alle \u201ccontaminazioni etiche\u201d, nell\u2019ambito delle attivit\u00e0 di media education che il Comitato regionale per le comunicazioni, guidato dal presidente Fulvio Scarpino, dal vice presidente, Mario Mazza e dal segretario Pasquale Petrolo, porta avanti con l\u2019obiettivo di sensibilizzare la comunit\u00e0 su temi di profonda attualit\u00e0.<\/div>\n<div class=\"xmprfx_elementToProof\"><em>\u201cHo voluto raccontare la mia vita, il percorso di un imprenditore che ha subito numerosi attentati, ma non ha smesso di rivendicare il diritto di essere un uomo libero\u201d<\/em>, le parole di Antonino De Masi che hanno introdotto la conversazione. <em>\u201cGuardiamo in faccia ai nostri figli per dare loro un domani diverso, perch\u00e9 scendere a compromesso con i criminali significa svendere il futuro dei pi\u00f9 giovani. Bisogna riscoprire l\u2019orgoglio e l\u2019identit\u00e0 di essere calabresi portatori di valori sani\u201d<\/em>. Per il coautore del libro, Pietro Comito, <em>\u201cInferi parla di coraggio, speranza, dolore e solitudini, una incentivo a tutti i calabresi per combattere una battaglia che si pu\u00f2 e si deve vincere\u201d<\/em>. Il Corecom Calabria, con l\u2019intento di promuovere momenti di confronto aperti alla societ\u00e0 civile, ha voluto cos\u00ec dedicare uno spazio di riflessione sulla cultura della legalit\u00e0 attraverso le testimonianze di chi, nei diversi ambiti, offre il proprio contributo nella lotta alla criminalit\u00e0.<\/div>\n<div class=\"xmprfx_elementToProof\">Nel corso del dibattito di particolare rilievo l\u2019intervento di Stefano Musolino, Procuratore aggiunto di Reggio Calabria, che al riguardo ha sottolineato quanto sia importante non restare imprigionati nella paura: <em>\u201cla repressione, per quanto svolga una funzione pedagogica, da sola non basta. Sullo sfondo esistono problemi sociali ed economici che devono essere affrontati spiegando ai cittadini che credere nella legalit\u00e0 \u00e8 conveniente e che restare e investire a Reggio Calabria \u00e8 un\u2019opportunit\u00e0\u201d.\u00a0<\/em><\/div>\n<div class=\"xmprfx_elementToProof\">All\u2019incontro, moderato da Nino Mallamaci, hanno partecipato, tra gli altri, il segretario generale del Consiglio regionale, Giovanni Fedele; la presidente della Commissione regionale Pari Opportunit\u00e0, Anna De Gaio; il Garante regionale delle vittime di reato, Antonio Lomonaco; la presidente dell\u2019Associazione Biesse, Bruna Siviglia; il Coordinatore dell\u2019Associazione Libera, Domenico Nasone; il professore ordinario di Economia Aziendale dell\u2019Universit\u00e0 Mediterranea, Domenico Nicol\u00f2. Ad animare la mattinata anche le letture di Clelia Marchetta accompagnate dal violino del maestro Michael Manuli.<\/div>\n","protected":false},"excerpt":{"rendered":"<p>Una vicenda esemplare di resistenza e di attivismo civile per riscoprire tutti l\u2019orgoglio di essere calabresi. La storia dell\u2019imprenditore Antonino De Masi e del suo coraggioso No alla \u2018ndrangheta \u00e8&hellip;<\/p>\n","protected":false},"author":19,"featured_media":74359,"comment_status":"closed","ping_status":"open","sticky":false,"template":"","format":"standard","meta":{"_jetpack_memberships_contains_paid_content":false,"footnotes":"","jetpack_publicize_message":"","jetpack_publicize_feature_enabled":true,"jetpack_social_post_already_shared":true,"jetpack_social_options":{"image_generator_settings":{"template":"highway","default_image_id":0,"font":"","enabled":false},"version":2}},"categories":[921,196,140],"tags":[],"class_list":["post-74358","post","type-post","status-publish","format-standard","has-post-thumbnail","hentry","category-home","category-news","category-reggio-calabria"],"yoast_head":"<!-- This site is optimized with the Yoast SEO plugin v27.2 - https:\/\/yoast.com\/product\/yoast-seo-wordpress\/ -->\n<title>Presentato il libro &quot;Inferi&quot; scritto dall&#039;imprenditore Antonino De Masi e dal giornalista Pietro Comito - Radio Touring 104<\/title>\n<meta name=\"description\" content=\"L&#039;evento \u00e8 stato promosso dal Corecom Calabria e si \u00e8 svolto a Reggio, nei locali del polo culturale del Consiglio Regionale\" \/>\n<meta name=\"robots\" content=\"index, follow, max-snippet:-1, max-image-preview:large, max-video-preview:-1\" \/>\n<link rel=\"canonical\" href=\"https:\/\/progettotouring.it\/radiotouring104\/2025\/05\/22\/presentato-il-libro-inferi-scritto-dallimprenditore-antonino-de-masi-e-dal-giornalista-pietro-comito\/\" \/>\n<meta property=\"og:locale\" content=\"it_IT\" \/>\n<meta property=\"og:type\" content=\"article\" \/>\n<meta property=\"og:title\" content=\"Presentato il libro &quot;Inferi&quot; scritto dall&#039;imprenditore Antonino De Masi e dal giornalista Pietro Comito - Radio Touring 104\" \/>\n<meta property=\"og:description\" content=\"L&#039;evento \u00e8 stato promosso dal Corecom Calabria e si \u00e8 svolto a Reggio, nei locali del polo culturale del Consiglio Regionale\" \/>\n<meta property=\"og:url\" content=\"https:\/\/progettotouring.it\/radiotouring104\/2025\/05\/22\/presentato-il-libro-inferi-scritto-dallimprenditore-antonino-de-masi-e-dal-giornalista-pietro-comito\/\" \/>\n<meta property=\"og:site_name\" content=\"Radio Touring 104\" \/>\n<meta property=\"article:published_time\" content=\"2025-05-22T18:40:22+00:00\" \/>\n<meta property=\"og:image\" content=\"https:\/\/progettotouring.it\/radiotouring104\/wp-content\/uploads\/sites\/6\/2025\/05\/inferi-de-masi.jpg\" \/>\n\t<meta property=\"og:image:width\" content=\"1920\" \/>\n\t<meta property=\"og:image:height\" content=\"1080\" \/>\n\t<meta property=\"og:image:type\" content=\"image\/jpeg\" \/>\n<meta name=\"author\" content=\"S L\" \/>\n<meta name=\"twitter:card\" content=\"summary_large_image\" \/>\n<meta name=\"twitter:label1\" content=\"Scritto da\" \/>\n\t<meta name=\"twitter:data1\" content=\"S L\" \/>\n\t<meta name=\"twitter:label2\" content=\"Tempo di lettura stimato\" \/>\n\t<meta name=\"twitter:data2\" content=\"2 minuti\" \/>\n<script type=\"application\/ld+json\" class=\"yoast-schema-graph\">{\"@context\":\"https:\/\/schema.org\",\"@graph\":[{\"@type\":\"Article\",\"@id\":\"https:\/\/progettotouring.it\/radiotouring104\/2025\/05\/22\/presentato-il-libro-inferi-scritto-dallimprenditore-antonino-de-masi-e-dal-giornalista-pietro-comito\/#article\",\"isPartOf\":{\"@id\":\"https:\/\/progettotouring.it\/radiotouring104\/2025\/05\/22\/presentato-il-libro-inferi-scritto-dallimprenditore-antonino-de-masi-e-dal-giornalista-pietro-comito\/\"},\"author\":{\"name\":\"S L\",\"@id\":\"https:\/\/progettotouring.it\/radiotouring104\/#\/schema\/person\/b9f9c3730b0a78814c9b9f3bfc52c619\"},\"headline\":\"Presentato il libro &#8220;Inferi&#8221; scritto dall&#8217;imprenditore Antonino De Masi e dal giornalista Pietro Comito\",\"datePublished\":\"2025-05-22T18:40:22+00:00\",\"mainEntityOfPage\":{\"@id\":\"https:\/\/progettotouring.it\/radiotouring104\/2025\/05\/22\/presentato-il-libro-inferi-scritto-dallimprenditore-antonino-de-masi-e-dal-giornalista-pietro-comito\/\"},\"wordCount\":443,\"publisher\":{\"@id\":\"https:\/\/progettotouring.it\/radiotouring104\/#organization\"},\"image\":{\"@id\":\"https:\/\/progettotouring.it\/radiotouring104\/2025\/05\/22\/presentato-il-libro-inferi-scritto-dallimprenditore-antonino-de-masi-e-dal-giornalista-pietro-comito\/#primaryimage\"},\"thumbnailUrl\":\"https:\/\/progettotouring.it\/radiotouring104\/wp-content\/uploads\/sites\/6\/2025\/05\/inferi-de-masi.jpg\",\"articleSection\":[\"Home\",\"News\",\"Reggio Calabria\"],\"inLanguage\":\"it-IT\"},{\"@type\":\"WebPage\",\"@id\":\"https:\/\/progettotouring.it\/radiotouring104\/2025\/05\/22\/presentato-il-libro-inferi-scritto-dallimprenditore-antonino-de-masi-e-dal-giornalista-pietro-comito\/\",\"url\":\"https:\/\/progettotouring.it\/radiotouring104\/2025\/05\/22\/presentato-il-libro-inferi-scritto-dallimprenditore-antonino-de-masi-e-dal-giornalista-pietro-comito\/\",\"name\":\"Presentato il libro \\\"Inferi\\\" scritto dall'imprenditore Antonino De Masi e dal giornalista Pietro Comito - Radio Touring 104\",\"isPartOf\":{\"@id\":\"https:\/\/progettotouring.it\/radiotouring104\/#website\"},\"primaryImageOfPage\":{\"@id\":\"https:\/\/progettotouring.it\/radiotouring104\/2025\/05\/22\/presentato-il-libro-inferi-scritto-dallimprenditore-antonino-de-masi-e-dal-giornalista-pietro-comito\/#primaryimage\"},\"image\":{\"@id\":\"https:\/\/progettotouring.it\/radiotouring104\/2025\/05\/22\/presentato-il-libro-inferi-scritto-dallimprenditore-antonino-de-masi-e-dal-giornalista-pietro-comito\/#primaryimage\"},\"thumbnailUrl\":\"https:\/\/progettotouring.it\/radiotouring104\/wp-content\/uploads\/sites\/6\/2025\/05\/inferi-de-masi.jpg\",\"datePublished\":\"2025-05-22T18:40:22+00:00\",\"description\":\"L'evento \u00e8 stato promosso dal Corecom Calabria e si \u00e8 svolto a Reggio, nei locali del polo culturale del Consiglio Regionale\",\"breadcrumb\":{\"@id\":\"https:\/\/progettotouring.it\/radiotouring104\/2025\/05\/22\/presentato-il-libro-inferi-scritto-dallimprenditore-antonino-de-masi-e-dal-giornalista-pietro-comito\/#breadcrumb\"},\"inLanguage\":\"it-IT\",\"potentialAction\":[{\"@type\":\"ReadAction\",\"target\":[\"https:\/\/progettotouring.it\/radiotouring104\/2025\/05\/22\/presentato-il-libro-inferi-scritto-dallimprenditore-antonino-de-masi-e-dal-giornalista-pietro-comito\/\"]}]},{\"@type\":\"ImageObject\",\"inLanguage\":\"it-IT\",\"@id\":\"https:\/\/progettotouring.it\/radiotouring104\/2025\/05\/22\/presentato-il-libro-inferi-scritto-dallimprenditore-antonino-de-masi-e-dal-giornalista-pietro-comito\/#primaryimage\",\"url\":\"https:\/\/progettotouring.it\/radiotouring104\/wp-content\/uploads\/sites\/6\/2025\/05\/inferi-de-masi.jpg\",\"contentUrl\":\"https:\/\/progettotouring.it\/radiotouring104\/wp-content\/uploads\/sites\/6\/2025\/05\/inferi-de-masi.jpg\",\"width\":1920,\"height\":1080},{\"@type\":\"BreadcrumbList\",\"@id\":\"https:\/\/progettotouring.it\/radiotouring104\/2025\/05\/22\/presentato-il-libro-inferi-scritto-dallimprenditore-antonino-de-masi-e-dal-giornalista-pietro-comito\/#breadcrumb\",\"itemListElement\":[{\"@type\":\"ListItem\",\"position\":1,\"name\":\"Home\",\"item\":\"https:\/\/progettotouring.it\/radiotouring104\/\"},{\"@type\":\"ListItem\",\"position\":2,\"name\":\"Presentato il libro &#8220;Inferi&#8221; scritto dall&#8217;imprenditore Antonino De Masi e dal giornalista Pietro Comito\"}]},{\"@type\":\"WebSite\",\"@id\":\"https:\/\/progettotouring.it\/radiotouring104\/#website\",\"url\":\"https:\/\/progettotouring.it\/radiotouring104\/\",\"name\":\"Radio Touring 104\",\"description\":\"La prima radio Reggina\",\"publisher\":{\"@id\":\"https:\/\/progettotouring.it\/radiotouring104\/#organization\"},\"potentialAction\":[{\"@type\":\"SearchAction\",\"target\":{\"@type\":\"EntryPoint\",\"urlTemplate\":\"https:\/\/progettotouring.it\/radiotouring104\/?s={search_term_string}\"},\"query-input\":{\"@type\":\"PropertyValueSpecification\",\"valueRequired\":true,\"valueName\":\"search_term_string\"}}],\"inLanguage\":\"it-IT\"},{\"@type\":\"Organization\",\"@id\":\"https:\/\/progettotouring.it\/radiotouring104\/#organization\",\"name\":\"Radio Touring 104\",\"url\":\"https:\/\/progettotouring.it\/radiotouring104\/\",\"logo\":{\"@type\":\"ImageObject\",\"inLanguage\":\"it-IT\",\"@id\":\"https:\/\/progettotouring.it\/radiotouring104\/#\/schema\/logo\/image\/\",\"url\":\"https:\/\/progettotouring.it\/radiotouring104\/wp-content\/uploads\/sites\/6\/2022\/02\/cropped-logo-radio-touring-104.png\",\"contentUrl\":\"https:\/\/progettotouring.it\/radiotouring104\/wp-content\/uploads\/sites\/6\/2022\/02\/cropped-logo-radio-touring-104.png\",\"width\":377,\"height\":182,\"caption\":\"Radio Touring 104\"},\"image\":{\"@id\":\"https:\/\/progettotouring.it\/radiotouring104\/#\/schema\/logo\/image\/\"}},{\"@type\":\"Person\",\"@id\":\"https:\/\/progettotouring.it\/radiotouring104\/#\/schema\/person\/b9f9c3730b0a78814c9b9f3bfc52c619\",\"name\":\"S L\",\"image\":{\"@type\":\"ImageObject\",\"inLanguage\":\"it-IT\",\"@id\":\"https:\/\/secure.gravatar.com\/avatar\/652c51789d7030aaed9ff828331360502a68204fe6fb0831bc280515210e16d2?s=96&d=mm&r=g\",\"url\":\"https:\/\/secure.gravatar.com\/avatar\/652c51789d7030aaed9ff828331360502a68204fe6fb0831bc280515210e16d2?s=96&d=mm&r=g\",\"contentUrl\":\"https:\/\/secure.gravatar.com\/avatar\/652c51789d7030aaed9ff828331360502a68204fe6fb0831bc280515210e16d2?s=96&d=mm&r=g\",\"caption\":\"S L\"},\"url\":\"https:\/\/progettotouring.it\/radiotouring104\/author\/slibri\/\"}]}<\/script>\n<!-- \/ Yoast SEO plugin. -->","yoast_head_json":{"title":"Presentato il libro \"Inferi\" scritto dall'imprenditore Antonino De Masi e dal giornalista Pietro Comito - Radio Touring 104","description":"L'evento \u00e8 stato promosso dal Corecom Calabria e si \u00e8 svolto a Reggio, nei locali del polo culturale del Consiglio Regionale","robots":{"index":"index","follow":"follow","max-snippet":"max-snippet:-1","max-image-preview":"max-image-preview:large","max-video-preview":"max-video-preview:-1"},"canonical":"https:\/\/progettotouring.it\/radiotouring104\/2025\/05\/22\/presentato-il-libro-inferi-scritto-dallimprenditore-antonino-de-masi-e-dal-giornalista-pietro-comito\/","og_locale":"it_IT","og_type":"article","og_title":"Presentato il libro \"Inferi\" scritto dall'imprenditore Antonino De Masi e dal giornalista Pietro Comito - Radio Touring 104","og_description":"L'evento \u00e8 stato promosso dal Corecom Calabria e si \u00e8 svolto a Reggio, nei locali del polo culturale del Consiglio Regionale","og_url":"https:\/\/progettotouring.it\/radiotouring104\/2025\/05\/22\/presentato-il-libro-inferi-scritto-dallimprenditore-antonino-de-masi-e-dal-giornalista-pietro-comito\/","og_site_name":"Radio Touring 104","article_published_time":"2025-05-22T18:40:22+00:00","og_image":[{"width":1920,"height":1080,"url":"https:\/\/progettotouring.it\/radiotouring104\/wp-content\/uploads\/sites\/6\/2025\/05\/inferi-de-masi.jpg","type":"image\/jpeg"}],"author":"S L","twitter_card":"summary_large_image","twitter_misc":{"Scritto da":"S L","Tempo di lettura stimato":"2 minuti"},"schema":{"@context":"https:\/\/schema.org","@graph":[{"@type":"Article","@id":"https:\/\/progettotouring.it\/radiotouring104\/2025\/05\/22\/presentato-il-libro-inferi-scritto-dallimprenditore-antonino-de-masi-e-dal-giornalista-pietro-comito\/#article","isPartOf":{"@id":"https:\/\/progettotouring.it\/radiotouring104\/2025\/05\/22\/presentato-il-libro-inferi-scritto-dallimprenditore-antonino-de-masi-e-dal-giornalista-pietro-comito\/"},"author":{"name":"S L","@id":"https:\/\/progettotouring.it\/radiotouring104\/#\/schema\/person\/b9f9c3730b0a78814c9b9f3bfc52c619"},"headline":"Presentato il libro &#8220;Inferi&#8221; scritto dall&#8217;imprenditore Antonino De Masi e dal giornalista Pietro Comito","datePublished":"2025-05-22T18:40:22+00:00","mainEntityOfPage":{"@id":"https:\/\/progettotouring.it\/radiotouring104\/2025\/05\/22\/presentato-il-libro-inferi-scritto-dallimprenditore-antonino-de-masi-e-dal-giornalista-pietro-comito\/"},"wordCount":443,"publisher":{"@id":"https:\/\/progettotouring.it\/radiotouring104\/#organization"},"image":{"@id":"https:\/\/progettotouring.it\/radiotouring104\/2025\/05\/22\/presentato-il-libro-inferi-scritto-dallimprenditore-antonino-de-masi-e-dal-giornalista-pietro-comito\/#primaryimage"},"thumbnailUrl":"https:\/\/progettotouring.it\/radiotouring104\/wp-content\/uploads\/sites\/6\/2025\/05\/inferi-de-masi.jpg","articleSection":["Home","News","Reggio Calabria"],"inLanguage":"it-IT"},{"@type":"WebPage","@id":"https:\/\/progettotouring.it\/radiotouring104\/2025\/05\/22\/presentato-il-libro-inferi-scritto-dallimprenditore-antonino-de-masi-e-dal-giornalista-pietro-comito\/","url":"https:\/\/progettotouring.it\/radiotouring104\/2025\/05\/22\/presentato-il-libro-inferi-scritto-dallimprenditore-antonino-de-masi-e-dal-giornalista-pietro-comito\/","name":"Presentato il libro \"Inferi\" scritto dall'imprenditore Antonino De Masi e dal giornalista Pietro Comito - Radio Touring 104","isPartOf":{"@id":"https:\/\/progettotouring.it\/radiotouring104\/#website"},"primaryImageOfPage":{"@id":"https:\/\/progettotouring.it\/radiotouring104\/2025\/05\/22\/presentato-il-libro-inferi-scritto-dallimprenditore-antonino-de-masi-e-dal-giornalista-pietro-comito\/#primaryimage"},"image":{"@id":"https:\/\/progettotouring.it\/radiotouring104\/2025\/05\/22\/presentato-il-libro-inferi-scritto-dallimprenditore-antonino-de-masi-e-dal-giornalista-pietro-comito\/#primaryimage"},"thumbnailUrl":"https:\/\/progettotouring.it\/radiotouring104\/wp-content\/uploads\/sites\/6\/2025\/05\/inferi-de-masi.jpg","datePublished":"2025-05-22T18:40:22+00:00","description":"L'evento \u00e8 stato promosso dal Corecom Calabria e si \u00e8 svolto a Reggio, nei locali del polo culturale del Consiglio Regionale","breadcrumb":{"@id":"https:\/\/progettotouring.it\/radiotouring104\/2025\/05\/22\/presentato-il-libro-inferi-scritto-dallimprenditore-antonino-de-masi-e-dal-giornalista-pietro-comito\/#breadcrumb"},"inLanguage":"it-IT","potentialAction":[{"@type":"ReadAction","target":["https:\/\/progettotouring.it\/radiotouring104\/2025\/05\/22\/presentato-il-libro-inferi-scritto-dallimprenditore-antonino-de-masi-e-dal-giornalista-pietro-comito\/"]}]},{"@type":"ImageObject","inLanguage":"it-IT","@id":"https:\/\/progettotouring.it\/radiotouring104\/2025\/05\/22\/presentato-il-libro-inferi-scritto-dallimprenditore-antonino-de-masi-e-dal-giornalista-pietro-comito\/#primaryimage","url":"https:\/\/progettotouring.it\/radiotouring104\/wp-content\/uploads\/sites\/6\/2025\/05\/inferi-de-masi.jpg","contentUrl":"https:\/\/progettotouring.it\/radiotouring104\/wp-content\/uploads\/sites\/6\/2025\/05\/inferi-de-masi.jpg","width":1920,"height":1080},{"@type":"BreadcrumbList","@id":"https:\/\/progettotouring.it\/radiotouring104\/2025\/05\/22\/presentato-il-libro-inferi-scritto-dallimprenditore-antonino-de-masi-e-dal-giornalista-pietro-comito\/#breadcrumb","itemListElement":[{"@type":"ListItem","position":1,"name":"Home","item":"https:\/\/progettotouring.it\/radiotouring104\/"},{"@type":"ListItem","position":2,"name":"Presentato il libro &#8220;Inferi&#8221; scritto dall&#8217;imprenditore Antonino De Masi e dal giornalista Pietro Comito"}]},{"@type":"WebSite","@id":"https:\/\/progettotouring.it\/radiotouring104\/#website","url":"https:\/\/progettotouring.it\/radiotouring104\/","name":"Radio Touring 104","description":"La prima radio Reggina","publisher":{"@id":"https:\/\/progettotouring.it\/radiotouring104\/#organization"},"potentialAction":[{"@type":"SearchAction","target":{"@type":"EntryPoint","urlTemplate":"https:\/\/progettotouring.it\/radiotouring104\/?s={search_term_string}"},"query-input":{"@type":"PropertyValueSpecification","valueRequired":true,"valueName":"search_term_string"}}],"inLanguage":"it-IT"},{"@type":"Organization","@id":"https:\/\/progettotouring.it\/radiotouring104\/#organization","name":"Radio Touring 104","url":"https:\/\/progettotouring.it\/radiotouring104\/","logo":{"@type":"ImageObject","inLanguage":"it-IT","@id":"https:\/\/progettotouring.it\/radiotouring104\/#\/schema\/logo\/image\/","url":"https:\/\/progettotouring.it\/radiotouring104\/wp-content\/uploads\/sites\/6\/2022\/02\/cropped-logo-radio-touring-104.png","contentUrl":"https:\/\/progettotouring.it\/radiotouring104\/wp-content\/uploads\/sites\/6\/2022\/02\/cropped-logo-radio-touring-104.png","width":377,"height":182,"caption":"Radio Touring 104"},"image":{"@id":"https:\/\/progettotouring.it\/radiotouring104\/#\/schema\/logo\/image\/"}},{"@type":"Person","@id":"https:\/\/progettotouring.it\/radiotouring104\/#\/schema\/person\/b9f9c3730b0a78814c9b9f3bfc52c619","name":"S L","image":{"@type":"ImageObject","inLanguage":"it-IT","@id":"https:\/\/secure.gravatar.com\/avatar\/652c51789d7030aaed9ff828331360502a68204fe6fb0831bc280515210e16d2?s=96&d=mm&r=g","url":"https:\/\/secure.gravatar.com\/avatar\/652c51789d7030aaed9ff828331360502a68204fe6fb0831bc280515210e16d2?s=96&d=mm&r=g","contentUrl":"https:\/\/secure.gravatar.com\/avatar\/652c51789d7030aaed9ff828331360502a68204fe6fb0831bc280515210e16d2?s=96&d=mm&r=g","caption":"S L"},"url":"https:\/\/progettotouring.it\/radiotouring104\/author\/slibri\/"}]}},"jetpack_publicize_connections":[],"jetpack_featured_media_url":"https:\/\/progettotouring.it\/radiotouring104\/wp-content\/uploads\/sites\/6\/2025\/05\/inferi-de-masi.jpg","jetpack_sharing_enabled":true,"_links":{"self":[{"href":"https:\/\/progettotouring.it\/radiotouring104\/wp-json\/wp\/v2\/posts\/74358","targetHints":{"allow":["GET"]}}],"collection":[{"href":"https:\/\/progettotouring.it\/radiotouring104\/wp-json\/wp\/v2\/posts"}],"about":[{"href":"https:\/\/progettotouring.it\/radiotouring104\/wp-json\/wp\/v2\/types\/post"}],"author":[{"embeddable":true,"href":"https:\/\/progettotouring.it\/radiotouring104\/wp-json\/wp\/v2\/users\/19"}],"replies":[{"embeddable":true,"href":"https:\/\/progettotouring.it\/radiotouring104\/wp-json\/wp\/v2\/comments?post=74358"}],"version-history":[{"count":1,"href":"https:\/\/progettotouring.it\/radiotouring104\/wp-json\/wp\/v2\/posts\/74358\/revisions"}],"predecessor-version":[{"id":74360,"href":"https:\/\/progettotouring.it\/radiotouring104\/wp-json\/wp\/v2\/posts\/74358\/revisions\/74360"}],"wp:featuredmedia":[{"embeddable":true,"href":"https:\/\/progettotouring.it\/radiotouring104\/wp-json\/wp\/v2\/media\/74359"}],"wp:attachment":[{"href":"https:\/\/progettotouring.it\/radiotouring104\/wp-json\/wp\/v2\/media?parent=74358"}],"wp:term":[{"taxonomy":"category","embeddable":true,"href":"https:\/\/progettotouring.it\/radiotouring104\/wp-json\/wp\/v2\/categories?post=74358"},{"taxonomy":"post_tag","embeddable":true,"href":"https:\/\/progettotouring.it\/radiotouring104\/wp-json\/wp\/v2\/tags?post=74358"}],"curies":[{"name":"wp","href":"https:\/\/api.w.org\/{rel}","templated":true}]}}