{"id":74361,"date":"2025-05-22T20:59:12","date_gmt":"2025-05-22T18:59:12","guid":{"rendered":"https:\/\/progettotouring.it\/radiotouring104\/?p=74361"},"modified":"2025-05-22T20:59:12","modified_gmt":"2025-05-22T18:59:12","slug":"orti-festeggia-i-100-anni-di-michela-furfari","status":"publish","type":"post","link":"https:\/\/progettotouring.it\/radiotouring104\/2025\/05\/22\/orti-festeggia-i-100-anni-di-michela-furfari\/","title":{"rendered":"Ort\u00ec festeggia i 100 anni di Michela Furfari"},"content":{"rendered":"<p>Nel pomeriggio di mercoled\u00ec 21 maggio si sono svolti a Ort\u00ec i festeggiamenti per il centesimo anno di Michela Furfari.<br \/>\nUn\u2019occasione di grande coinvolgimento emotivo per l\u2019intera comunit\u00e0 collinare che si \u00e8 riunita attorno alla propria \u201cnonna\u201d per omaggiarla con un sentito e corale abbraccio.<br \/>\nSono stati moltissimi, infatti, i compaesani che si sono recati presso la sua abitazione in processione assieme alla banda musicale del posto; nonna \u201cMichelina\u201d vanta anche il titolo di \u201cinquilina di casa popolare pi\u00f9 anziana della citt\u00e0\u201d ed \u00e8 esempio di grande umilt\u00e0, dignit\u00e0 e bont\u00e0.<\/p>\n<p><img fetchpriority=\"high\" decoding=\"async\" class=\"alignnone size-medium wp-image-74363\" src=\"https:\/\/progettotouring.it\/radiotouring104\/wp-content\/uploads\/sites\/6\/2025\/05\/WhatsApp-Image-2025-05-22-at-20.57.20-300x200.jpeg\" alt=\"\" width=\"300\" height=\"200\" srcset=\"https:\/\/progettotouring.it\/radiotouring104\/wp-content\/uploads\/sites\/6\/2025\/05\/WhatsApp-Image-2025-05-22-at-20.57.20-300x200.jpeg 300w, https:\/\/progettotouring.it\/radiotouring104\/wp-content\/uploads\/sites\/6\/2025\/05\/WhatsApp-Image-2025-05-22-at-20.57.20-1024x682.jpeg 1024w, https:\/\/progettotouring.it\/radiotouring104\/wp-content\/uploads\/sites\/6\/2025\/05\/WhatsApp-Image-2025-05-22-at-20.57.20-768x512.jpeg 768w, https:\/\/progettotouring.it\/radiotouring104\/wp-content\/uploads\/sites\/6\/2025\/05\/WhatsApp-Image-2025-05-22-at-20.57.20-1536x1023.jpeg 1536w, https:\/\/progettotouring.it\/radiotouring104\/wp-content\/uploads\/sites\/6\/2025\/05\/WhatsApp-Image-2025-05-22-at-20.57.20-1170x780.jpeg 1170w, https:\/\/progettotouring.it\/radiotouring104\/wp-content\/uploads\/sites\/6\/2025\/05\/WhatsApp-Image-2025-05-22-at-20.57.20-585x390.jpeg 585w, https:\/\/progettotouring.it\/radiotouring104\/wp-content\/uploads\/sites\/6\/2025\/05\/WhatsApp-Image-2025-05-22-at-20.57.20-263x175.jpeg 263w, https:\/\/progettotouring.it\/radiotouring104\/wp-content\/uploads\/sites\/6\/2025\/05\/WhatsApp-Image-2025-05-22-at-20.57.20.jpeg 1600w\" sizes=\"(max-width: 300px) 100vw, 300px\" \/><\/p>\n<p>Le note festose della banda musicale, guidata da Nuccio Porcino, hanno accompagnato l\u2019iniziativa per tutta la sua durata; nonna Michelina ha ricevuto anche la benedizione del parroco, don Giovanni Zappal\u00e0.<\/p>\n<p>A rendere omaggio alla centenaria anche il Sindaco Giuseppe Falcomat\u00e0, nonch\u00e9 i consiglieri comunali Pino Cuzzocrea e Franco Barreca.<br \/>\nPer onorare la passione storica della festeggiata per piante e fiori il primo cittadino ha portato in dono, a nome di tutta l\u2019amministrazione, una pianta di magnolia dai fiori viola che \u00e8 stata piantata, con il supporto di alcuni operai della Castore,\u00a0 nello spazio antistante l&#8217;abitazione della festeggiata.<br \/>\nUn simbolo di vita significativo per una donna che si \u00e8 sempre dedicata con amore, fin da piccola, alla cura della campagna e di ogni variet\u00e0 di fiori.<\/p>\n<p>Falcomat\u00e0 ha dichiarato <em>\u201cEssere qui oggi \u00e8, per tutti noi, un grande onore. Rendiamo omaggio ad una donna che a 100 anni trasferisce ancora grande amore per la famiglia e per tutta la sua comunit\u00e0; con la dignit\u00e0 di chi ha attraversato periodi storici difficili, superandoli sempre con grande spirito e forza. Sono i nonni e le nonne della nostra citt\u00e0<\/em> &#8211; ha concluso il sindaco &#8211; <em>che, con le loro testimonianze e le loro memorie, ci consentono di vivere con consapevolezza il presente; restituendoci il senso delle piccole conquiste ed il valore della forza d\u2019animo\u201d.<\/em><\/p>\n","protected":false},"excerpt":{"rendered":"<p>Nel pomeriggio di mercoled\u00ec 21 maggio si sono svolti a Ort\u00ec i festeggiamenti per il centesimo anno di Michela Furfari. Un\u2019occasione di grande coinvolgimento emotivo per l\u2019intera comunit\u00e0 collinare che&hellip;<\/p>\n","protected":false},"author":19,"featured_media":74362,"comment_status":"closed","ping_status":"open","sticky":false,"template":"","format":"standard","meta":{"_jetpack_memberships_contains_paid_content":false,"footnotes":"","jetpack_publicize_message":"","jetpack_publicize_feature_enabled":true,"jetpack_social_post_already_shared":true,"jetpack_social_options":{"image_generator_settings":{"template":"highway","default_image_id":0,"font":"","enabled":false},"version":2}},"categories":[921,196,140],"tags":[],"class_list":["post-74361","post","type-post","status-publish","format-standard","has-post-thumbnail","hentry","category-home","category-news","category-reggio-calabria"],"yoast_head":"<!-- This site is optimized with the Yoast SEO plugin v27.2 - https:\/\/yoast.com\/product\/yoast-seo-wordpress\/ -->\n<title>Ort\u00ec festeggia i 100 anni di Michela Furfari - Radio Touring 104<\/title>\n<meta name=\"description\" content=\"Falcomat\u00e0: \u201dI nonni e le nonne della nostra citt\u00e0 ci restituiscono il senso delle piccole conquiste ed il valore della forza d\u2019animo\" \/>\n<meta name=\"robots\" content=\"index, follow, max-snippet:-1, max-image-preview:large, max-video-preview:-1\" \/>\n<link rel=\"canonical\" href=\"https:\/\/progettotouring.it\/radiotouring104\/2025\/05\/22\/orti-festeggia-i-100-anni-di-michela-furfari\/\" \/>\n<meta property=\"og:locale\" content=\"it_IT\" \/>\n<meta property=\"og:type\" content=\"article\" \/>\n<meta property=\"og:title\" content=\"Ort\u00ec festeggia i 100 anni di Michela Furfari - Radio Touring 104\" \/>\n<meta property=\"og:description\" content=\"Falcomat\u00e0: \u201dI nonni e le nonne della nostra citt\u00e0 ci restituiscono il senso delle piccole conquiste ed il valore della forza d\u2019animo\" \/>\n<meta property=\"og:url\" content=\"https:\/\/progettotouring.it\/radiotouring104\/2025\/05\/22\/orti-festeggia-i-100-anni-di-michela-furfari\/\" \/>\n<meta property=\"og:site_name\" content=\"Radio Touring 104\" \/>\n<meta property=\"article:published_time\" content=\"2025-05-22T18:59:12+00:00\" \/>\n<meta property=\"og:image\" content=\"https:\/\/progettotouring.it\/radiotouring104\/wp-content\/uploads\/sites\/6\/2025\/05\/centenario-orti.jpg\" \/>\n\t<meta property=\"og:image:width\" content=\"1920\" \/>\n\t<meta property=\"og:image:height\" content=\"1080\" \/>\n\t<meta property=\"og:image:type\" content=\"image\/jpeg\" \/>\n<meta name=\"author\" content=\"S L\" \/>\n<meta name=\"twitter:card\" content=\"summary_large_image\" \/>\n<meta name=\"twitter:label1\" content=\"Scritto da\" \/>\n\t<meta name=\"twitter:data1\" content=\"S L\" \/>\n\t<meta name=\"twitter:label2\" content=\"Tempo di lettura stimato\" \/>\n\t<meta name=\"twitter:data2\" content=\"2 minuti\" \/>\n<script type=\"application\/ld+json\" class=\"yoast-schema-graph\">{\"@context\":\"https:\/\/schema.org\",\"@graph\":[{\"@type\":\"Article\",\"@id\":\"https:\/\/progettotouring.it\/radiotouring104\/2025\/05\/22\/orti-festeggia-i-100-anni-di-michela-furfari\/#article\",\"isPartOf\":{\"@id\":\"https:\/\/progettotouring.it\/radiotouring104\/2025\/05\/22\/orti-festeggia-i-100-anni-di-michela-furfari\/\"},\"author\":{\"name\":\"S L\",\"@id\":\"https:\/\/progettotouring.it\/radiotouring104\/#\/schema\/person\/b9f9c3730b0a78814c9b9f3bfc52c619\"},\"headline\":\"Ort\u00ec festeggia i 100 anni di Michela Furfari\",\"datePublished\":\"2025-05-22T18:59:12+00:00\",\"mainEntityOfPage\":{\"@id\":\"https:\/\/progettotouring.it\/radiotouring104\/2025\/05\/22\/orti-festeggia-i-100-anni-di-michela-furfari\/\"},\"wordCount\":317,\"publisher\":{\"@id\":\"https:\/\/progettotouring.it\/radiotouring104\/#organization\"},\"image\":{\"@id\":\"https:\/\/progettotouring.it\/radiotouring104\/2025\/05\/22\/orti-festeggia-i-100-anni-di-michela-furfari\/#primaryimage\"},\"thumbnailUrl\":\"https:\/\/progettotouring.it\/radiotouring104\/wp-content\/uploads\/sites\/6\/2025\/05\/centenario-orti.jpg\",\"articleSection\":[\"Home\",\"News\",\"Reggio Calabria\"],\"inLanguage\":\"it-IT\"},{\"@type\":\"WebPage\",\"@id\":\"https:\/\/progettotouring.it\/radiotouring104\/2025\/05\/22\/orti-festeggia-i-100-anni-di-michela-furfari\/\",\"url\":\"https:\/\/progettotouring.it\/radiotouring104\/2025\/05\/22\/orti-festeggia-i-100-anni-di-michela-furfari\/\",\"name\":\"Ort\u00ec festeggia i 100 anni di Michela Furfari - Radio Touring 104\",\"isPartOf\":{\"@id\":\"https:\/\/progettotouring.it\/radiotouring104\/#website\"},\"primaryImageOfPage\":{\"@id\":\"https:\/\/progettotouring.it\/radiotouring104\/2025\/05\/22\/orti-festeggia-i-100-anni-di-michela-furfari\/#primaryimage\"},\"image\":{\"@id\":\"https:\/\/progettotouring.it\/radiotouring104\/2025\/05\/22\/orti-festeggia-i-100-anni-di-michela-furfari\/#primaryimage\"},\"thumbnailUrl\":\"https:\/\/progettotouring.it\/radiotouring104\/wp-content\/uploads\/sites\/6\/2025\/05\/centenario-orti.jpg\",\"datePublished\":\"2025-05-22T18:59:12+00:00\",\"description\":\"Falcomat\u00e0: \u201dI nonni e le nonne della nostra citt\u00e0 ci restituiscono il senso delle piccole conquiste ed il valore della forza d\u2019animo\",\"breadcrumb\":{\"@id\":\"https:\/\/progettotouring.it\/radiotouring104\/2025\/05\/22\/orti-festeggia-i-100-anni-di-michela-furfari\/#breadcrumb\"},\"inLanguage\":\"it-IT\",\"potentialAction\":[{\"@type\":\"ReadAction\",\"target\":[\"https:\/\/progettotouring.it\/radiotouring104\/2025\/05\/22\/orti-festeggia-i-100-anni-di-michela-furfari\/\"]}]},{\"@type\":\"ImageObject\",\"inLanguage\":\"it-IT\",\"@id\":\"https:\/\/progettotouring.it\/radiotouring104\/2025\/05\/22\/orti-festeggia-i-100-anni-di-michela-furfari\/#primaryimage\",\"url\":\"https:\/\/progettotouring.it\/radiotouring104\/wp-content\/uploads\/sites\/6\/2025\/05\/centenario-orti.jpg\",\"contentUrl\":\"https:\/\/progettotouring.it\/radiotouring104\/wp-content\/uploads\/sites\/6\/2025\/05\/centenario-orti.jpg\",\"width\":1920,\"height\":1080},{\"@type\":\"BreadcrumbList\",\"@id\":\"https:\/\/progettotouring.it\/radiotouring104\/2025\/05\/22\/orti-festeggia-i-100-anni-di-michela-furfari\/#breadcrumb\",\"itemListElement\":[{\"@type\":\"ListItem\",\"position\":1,\"name\":\"Home\",\"item\":\"https:\/\/progettotouring.it\/radiotouring104\/\"},{\"@type\":\"ListItem\",\"position\":2,\"name\":\"Ort\u00ec festeggia i 100 anni di Michela Furfari\"}]},{\"@type\":\"WebSite\",\"@id\":\"https:\/\/progettotouring.it\/radiotouring104\/#website\",\"url\":\"https:\/\/progettotouring.it\/radiotouring104\/\",\"name\":\"Radio Touring 104\",\"description\":\"La prima radio Reggina\",\"publisher\":{\"@id\":\"https:\/\/progettotouring.it\/radiotouring104\/#organization\"},\"potentialAction\":[{\"@type\":\"SearchAction\",\"target\":{\"@type\":\"EntryPoint\",\"urlTemplate\":\"https:\/\/progettotouring.it\/radiotouring104\/?s={search_term_string}\"},\"query-input\":{\"@type\":\"PropertyValueSpecification\",\"valueRequired\":true,\"valueName\":\"search_term_string\"}}],\"inLanguage\":\"it-IT\"},{\"@type\":\"Organization\",\"@id\":\"https:\/\/progettotouring.it\/radiotouring104\/#organization\",\"name\":\"Radio Touring 104\",\"url\":\"https:\/\/progettotouring.it\/radiotouring104\/\",\"logo\":{\"@type\":\"ImageObject\",\"inLanguage\":\"it-IT\",\"@id\":\"https:\/\/progettotouring.it\/radiotouring104\/#\/schema\/logo\/image\/\",\"url\":\"https:\/\/progettotouring.it\/radiotouring104\/wp-content\/uploads\/sites\/6\/2022\/02\/cropped-logo-radio-touring-104.png\",\"contentUrl\":\"https:\/\/progettotouring.it\/radiotouring104\/wp-content\/uploads\/sites\/6\/2022\/02\/cropped-logo-radio-touring-104.png\",\"width\":377,\"height\":182,\"caption\":\"Radio Touring 104\"},\"image\":{\"@id\":\"https:\/\/progettotouring.it\/radiotouring104\/#\/schema\/logo\/image\/\"}},{\"@type\":\"Person\",\"@id\":\"https:\/\/progettotouring.it\/radiotouring104\/#\/schema\/person\/b9f9c3730b0a78814c9b9f3bfc52c619\",\"name\":\"S L\",\"image\":{\"@type\":\"ImageObject\",\"inLanguage\":\"it-IT\",\"@id\":\"https:\/\/secure.gravatar.com\/avatar\/652c51789d7030aaed9ff828331360502a68204fe6fb0831bc280515210e16d2?s=96&d=mm&r=g\",\"url\":\"https:\/\/secure.gravatar.com\/avatar\/652c51789d7030aaed9ff828331360502a68204fe6fb0831bc280515210e16d2?s=96&d=mm&r=g\",\"contentUrl\":\"https:\/\/secure.gravatar.com\/avatar\/652c51789d7030aaed9ff828331360502a68204fe6fb0831bc280515210e16d2?s=96&d=mm&r=g\",\"caption\":\"S L\"},\"url\":\"https:\/\/progettotouring.it\/radiotouring104\/author\/slibri\/\"}]}<\/script>\n<!-- \/ Yoast SEO plugin. -->","yoast_head_json":{"title":"Ort\u00ec festeggia i 100 anni di Michela Furfari - Radio Touring 104","description":"Falcomat\u00e0: \u201dI nonni e le nonne della nostra citt\u00e0 ci restituiscono il senso delle piccole conquiste ed il valore della forza d\u2019animo","robots":{"index":"index","follow":"follow","max-snippet":"max-snippet:-1","max-image-preview":"max-image-preview:large","max-video-preview":"max-video-preview:-1"},"canonical":"https:\/\/progettotouring.it\/radiotouring104\/2025\/05\/22\/orti-festeggia-i-100-anni-di-michela-furfari\/","og_locale":"it_IT","og_type":"article","og_title":"Ort\u00ec festeggia i 100 anni di Michela Furfari - Radio Touring 104","og_description":"Falcomat\u00e0: \u201dI nonni e le nonne della nostra citt\u00e0 ci restituiscono il senso delle piccole conquiste ed il valore della forza d\u2019animo","og_url":"https:\/\/progettotouring.it\/radiotouring104\/2025\/05\/22\/orti-festeggia-i-100-anni-di-michela-furfari\/","og_site_name":"Radio Touring 104","article_published_time":"2025-05-22T18:59:12+00:00","og_image":[{"width":1920,"height":1080,"url":"https:\/\/progettotouring.it\/radiotouring104\/wp-content\/uploads\/sites\/6\/2025\/05\/centenario-orti.jpg","type":"image\/jpeg"}],"author":"S L","twitter_card":"summary_large_image","twitter_misc":{"Scritto da":"S L","Tempo di lettura stimato":"2 minuti"},"schema":{"@context":"https:\/\/schema.org","@graph":[{"@type":"Article","@id":"https:\/\/progettotouring.it\/radiotouring104\/2025\/05\/22\/orti-festeggia-i-100-anni-di-michela-furfari\/#article","isPartOf":{"@id":"https:\/\/progettotouring.it\/radiotouring104\/2025\/05\/22\/orti-festeggia-i-100-anni-di-michela-furfari\/"},"author":{"name":"S L","@id":"https:\/\/progettotouring.it\/radiotouring104\/#\/schema\/person\/b9f9c3730b0a78814c9b9f3bfc52c619"},"headline":"Ort\u00ec festeggia i 100 anni di Michela Furfari","datePublished":"2025-05-22T18:59:12+00:00","mainEntityOfPage":{"@id":"https:\/\/progettotouring.it\/radiotouring104\/2025\/05\/22\/orti-festeggia-i-100-anni-di-michela-furfari\/"},"wordCount":317,"publisher":{"@id":"https:\/\/progettotouring.it\/radiotouring104\/#organization"},"image":{"@id":"https:\/\/progettotouring.it\/radiotouring104\/2025\/05\/22\/orti-festeggia-i-100-anni-di-michela-furfari\/#primaryimage"},"thumbnailUrl":"https:\/\/progettotouring.it\/radiotouring104\/wp-content\/uploads\/sites\/6\/2025\/05\/centenario-orti.jpg","articleSection":["Home","News","Reggio Calabria"],"inLanguage":"it-IT"},{"@type":"WebPage","@id":"https:\/\/progettotouring.it\/radiotouring104\/2025\/05\/22\/orti-festeggia-i-100-anni-di-michela-furfari\/","url":"https:\/\/progettotouring.it\/radiotouring104\/2025\/05\/22\/orti-festeggia-i-100-anni-di-michela-furfari\/","name":"Ort\u00ec festeggia i 100 anni di Michela Furfari - Radio Touring 104","isPartOf":{"@id":"https:\/\/progettotouring.it\/radiotouring104\/#website"},"primaryImageOfPage":{"@id":"https:\/\/progettotouring.it\/radiotouring104\/2025\/05\/22\/orti-festeggia-i-100-anni-di-michela-furfari\/#primaryimage"},"image":{"@id":"https:\/\/progettotouring.it\/radiotouring104\/2025\/05\/22\/orti-festeggia-i-100-anni-di-michela-furfari\/#primaryimage"},"thumbnailUrl":"https:\/\/progettotouring.it\/radiotouring104\/wp-content\/uploads\/sites\/6\/2025\/05\/centenario-orti.jpg","datePublished":"2025-05-22T18:59:12+00:00","description":"Falcomat\u00e0: \u201dI nonni e le nonne della nostra citt\u00e0 ci restituiscono il senso delle piccole conquiste ed il valore della forza d\u2019animo","breadcrumb":{"@id":"https:\/\/progettotouring.it\/radiotouring104\/2025\/05\/22\/orti-festeggia-i-100-anni-di-michela-furfari\/#breadcrumb"},"inLanguage":"it-IT","potentialAction":[{"@type":"ReadAction","target":["https:\/\/progettotouring.it\/radiotouring104\/2025\/05\/22\/orti-festeggia-i-100-anni-di-michela-furfari\/"]}]},{"@type":"ImageObject","inLanguage":"it-IT","@id":"https:\/\/progettotouring.it\/radiotouring104\/2025\/05\/22\/orti-festeggia-i-100-anni-di-michela-furfari\/#primaryimage","url":"https:\/\/progettotouring.it\/radiotouring104\/wp-content\/uploads\/sites\/6\/2025\/05\/centenario-orti.jpg","contentUrl":"https:\/\/progettotouring.it\/radiotouring104\/wp-content\/uploads\/sites\/6\/2025\/05\/centenario-orti.jpg","width":1920,"height":1080},{"@type":"BreadcrumbList","@id":"https:\/\/progettotouring.it\/radiotouring104\/2025\/05\/22\/orti-festeggia-i-100-anni-di-michela-furfari\/#breadcrumb","itemListElement":[{"@type":"ListItem","position":1,"name":"Home","item":"https:\/\/progettotouring.it\/radiotouring104\/"},{"@type":"ListItem","position":2,"name":"Ort\u00ec festeggia i 100 anni di Michela Furfari"}]},{"@type":"WebSite","@id":"https:\/\/progettotouring.it\/radiotouring104\/#website","url":"https:\/\/progettotouring.it\/radiotouring104\/","name":"Radio Touring 104","description":"La prima radio Reggina","publisher":{"@id":"https:\/\/progettotouring.it\/radiotouring104\/#organization"},"potentialAction":[{"@type":"SearchAction","target":{"@type":"EntryPoint","urlTemplate":"https:\/\/progettotouring.it\/radiotouring104\/?s={search_term_string}"},"query-input":{"@type":"PropertyValueSpecification","valueRequired":true,"valueName":"search_term_string"}}],"inLanguage":"it-IT"},{"@type":"Organization","@id":"https:\/\/progettotouring.it\/radiotouring104\/#organization","name":"Radio Touring 104","url":"https:\/\/progettotouring.it\/radiotouring104\/","logo":{"@type":"ImageObject","inLanguage":"it-IT","@id":"https:\/\/progettotouring.it\/radiotouring104\/#\/schema\/logo\/image\/","url":"https:\/\/progettotouring.it\/radiotouring104\/wp-content\/uploads\/sites\/6\/2022\/02\/cropped-logo-radio-touring-104.png","contentUrl":"https:\/\/progettotouring.it\/radiotouring104\/wp-content\/uploads\/sites\/6\/2022\/02\/cropped-logo-radio-touring-104.png","width":377,"height":182,"caption":"Radio Touring 104"},"image":{"@id":"https:\/\/progettotouring.it\/radiotouring104\/#\/schema\/logo\/image\/"}},{"@type":"Person","@id":"https:\/\/progettotouring.it\/radiotouring104\/#\/schema\/person\/b9f9c3730b0a78814c9b9f3bfc52c619","name":"S L","image":{"@type":"ImageObject","inLanguage":"it-IT","@id":"https:\/\/secure.gravatar.com\/avatar\/652c51789d7030aaed9ff828331360502a68204fe6fb0831bc280515210e16d2?s=96&d=mm&r=g","url":"https:\/\/secure.gravatar.com\/avatar\/652c51789d7030aaed9ff828331360502a68204fe6fb0831bc280515210e16d2?s=96&d=mm&r=g","contentUrl":"https:\/\/secure.gravatar.com\/avatar\/652c51789d7030aaed9ff828331360502a68204fe6fb0831bc280515210e16d2?s=96&d=mm&r=g","caption":"S L"},"url":"https:\/\/progettotouring.it\/radiotouring104\/author\/slibri\/"}]}},"jetpack_publicize_connections":[],"jetpack_featured_media_url":"https:\/\/progettotouring.it\/radiotouring104\/wp-content\/uploads\/sites\/6\/2025\/05\/centenario-orti.jpg","jetpack_sharing_enabled":true,"_links":{"self":[{"href":"https:\/\/progettotouring.it\/radiotouring104\/wp-json\/wp\/v2\/posts\/74361","targetHints":{"allow":["GET"]}}],"collection":[{"href":"https:\/\/progettotouring.it\/radiotouring104\/wp-json\/wp\/v2\/posts"}],"about":[{"href":"https:\/\/progettotouring.it\/radiotouring104\/wp-json\/wp\/v2\/types\/post"}],"author":[{"embeddable":true,"href":"https:\/\/progettotouring.it\/radiotouring104\/wp-json\/wp\/v2\/users\/19"}],"replies":[{"embeddable":true,"href":"https:\/\/progettotouring.it\/radiotouring104\/wp-json\/wp\/v2\/comments?post=74361"}],"version-history":[{"count":1,"href":"https:\/\/progettotouring.it\/radiotouring104\/wp-json\/wp\/v2\/posts\/74361\/revisions"}],"predecessor-version":[{"id":74364,"href":"https:\/\/progettotouring.it\/radiotouring104\/wp-json\/wp\/v2\/posts\/74361\/revisions\/74364"}],"wp:featuredmedia":[{"embeddable":true,"href":"https:\/\/progettotouring.it\/radiotouring104\/wp-json\/wp\/v2\/media\/74362"}],"wp:attachment":[{"href":"https:\/\/progettotouring.it\/radiotouring104\/wp-json\/wp\/v2\/media?parent=74361"}],"wp:term":[{"taxonomy":"category","embeddable":true,"href":"https:\/\/progettotouring.it\/radiotouring104\/wp-json\/wp\/v2\/categories?post=74361"},{"taxonomy":"post_tag","embeddable":true,"href":"https:\/\/progettotouring.it\/radiotouring104\/wp-json\/wp\/v2\/tags?post=74361"}],"curies":[{"name":"wp","href":"https:\/\/api.w.org\/{rel}","templated":true}]}}