{"id":74365,"date":"2025-05-22T21:06:39","date_gmt":"2025-05-22T19:06:39","guid":{"rendered":"https:\/\/progettotouring.it\/radiotouring104\/?p=74365"},"modified":"2025-05-22T21:06:39","modified_gmt":"2025-05-22T19:06:39","slug":"alla-biblioteca-di-architettura-delluniversita-mediterranea-linaugurazione-del-fondo-librario-demetrio-de-stefano","status":"publish","type":"post","link":"https:\/\/progettotouring.it\/radiotouring104\/2025\/05\/22\/alla-biblioteca-di-architettura-delluniversita-mediterranea-linaugurazione-del-fondo-librario-demetrio-de-stefano\/","title":{"rendered":"Alla Biblioteca di Architettura dell&#8217;Universit\u00e0 Mediterranea l&#8217;inaugurazione del Fondo Librario \u201cDemetrio De Stefano\u201d"},"content":{"rendered":"<p>\u00c8 stato inaugurato presso la Biblioteca Area Architettura dell&#8217;Universit\u00e0 Mediterranea di Reggio Calabria il fondo librario intitolato a Demetrio De Stefano, figura di spicco del giornalismo e del pensiero meridionalista del Novecento.<\/p>\n<p>Il Fondo \u201cDemetrio De Stefano\u201d rappresenta oggi una risorsa culturale di primaria importanza, non solo per il mondo accademico ma per l\u2019intera comunit\u00e0, offrendo un\u2019opportunit\u00e0 di studio, riflessione e riscoperta del pensiero meridionalista e dell\u2019impegno civile di uno dei suoi pi\u00f9 lucidi interpreti.<br \/>\nAlla cerimonia ha preso parte, in rappresentanza dell\u2019Amministrazione comunale, Anna Briante Assessora all\u2019Istruzione, Universit\u00e0 e Pari Opportunit\u00e0, che ha portato i saluti istituzionali esprimendo grande apprezzamento per l\u2019iniziativa. Sono inoltre intervenute Consuelo Nava, direttrice del Dipartimento di Architettura e Design, e Angela Quattrocchi, delegata SBA per l\u2019Area Architettura. La cerimonia ha visto anche la partecipazione di Maria Ambrosio, Sonia Ambrosio e Maria Procopio, rappresentanti della Biblioteca.<br \/>\nNumerosi i familiari giunti da tutta Italia per rendere omaggio a Mim\u00ec De Stefano, come affettuosamente lo chiamavano in ambito familiare. Ognuno di loro ha voluto condividere un ricordo, un aneddoto o un\u2019immagine legata alla figura di un uomo profondamente legato alla sua terra, appassionato sostenitore della questione meridionale, tema centrale di molte delle sue opere.<br \/>\nIl fondo librario \u00e8 stato donato all\u2019Universit\u00e0 Mediterranea il 30 maggio 1989 per volont\u00e0 espressa dello stesso De Stefano, tramite la sorella Flavia De Stefano, ed \u00e8 stato inizialmente collocato presso la sede del Dipartimento di Scienze Ambientali e Territoriali in via Diana, 3.<\/p>\n<p>Dal gennaio 1994 il fondo \u00e8 consultabile dal pubblico e attualmente \u00e8 gestito dalla Biblioteca di Architettura &#8211; Sezione Centrale \u201cEugenio Battisti\u201d. La catalogazione, curata dalle funzionarie della Biblioteca, ha permesso di rilevare un patrimonio di grande valore documentario e scientifico: decine di volumi e diverse annate di periodici (ben 76 testate), estratti, opuscoli, appunti personali, raccolte e fotocopie di articoli. Le aree tematiche affrontate spaziano dalla sociologia al diritto del lavoro, dall\u2019economia all\u2019architettura, passando per agraria, filosofia, urbanistica, studi sociali e meridionali, e una particolare attenzione agli studi sui terremoti e sul territorio calabrese.<br \/>\n<em>\u00abSiamo felici che la citt\u00e0 abbia ricevuto questa donazione<\/em> \u2013 ha dichiarato l\u2019Assessora Anna Briante &#8211; <em>poich\u00e9 la biblioteca \u00e8 accessibile a tutti, non solo agli studenti. Questo fondo testimonia il forte legame tra l\u2019Universit\u00e0 e il territorio, grazie a testi antichi e contemporanei attraverso i quali De Stefano approfond\u00ec i temi di cui si occupava come corrispondente de L\u2019Unit\u00e0, in un\u2019epoca in cui il giornalismo era praticato con passione e grande rispetto per i lettori\u00bb.<\/em><\/p>\n","protected":false},"excerpt":{"rendered":"<p>\u00c8 stato inaugurato presso la Biblioteca Area Architettura dell&#8217;Universit\u00e0 Mediterranea di Reggio Calabria il fondo librario intitolato a Demetrio De Stefano, figura di spicco del giornalismo e del pensiero meridionalista&hellip;<\/p>\n","protected":false},"author":19,"featured_media":74366,"comment_status":"closed","ping_status":"open","sticky":false,"template":"","format":"standard","meta":{"_jetpack_memberships_contains_paid_content":false,"footnotes":"","jetpack_publicize_message":"","jetpack_publicize_feature_enabled":true,"jetpack_social_post_already_shared":true,"jetpack_social_options":{"image_generator_settings":{"template":"highway","default_image_id":0,"font":"","enabled":false},"version":2}},"categories":[145,921,196,140],"tags":[],"class_list":["post-74365","post","type-post","status-publish","format-standard","has-post-thumbnail","hentry","category-cultura","category-home","category-news","category-reggio-calabria"],"yoast_head":"<!-- This site is optimized with the Yoast SEO plugin v27.2 - https:\/\/yoast.com\/product\/yoast-seo-wordpress\/ -->\n<title>Alla Biblioteca di Architettura dell&#039;Universit\u00e0 Mediterranea l&#039;inaugurazione del Fondo Librario \u201cDemetrio De Stefano\u201d - Radio Touring 104<\/title>\n<meta name=\"description\" content=\"Briante: \u00ab\u00c8 testimonianza del forte legame tra l\u2019Universit\u00e0 e il territorio\u00bb\" \/>\n<meta name=\"robots\" content=\"index, follow, max-snippet:-1, max-image-preview:large, max-video-preview:-1\" \/>\n<link rel=\"canonical\" href=\"https:\/\/progettotouring.it\/radiotouring104\/2025\/05\/22\/alla-biblioteca-di-architettura-delluniversita-mediterranea-linaugurazione-del-fondo-librario-demetrio-de-stefano\/\" \/>\n<meta property=\"og:locale\" content=\"it_IT\" \/>\n<meta property=\"og:type\" content=\"article\" \/>\n<meta property=\"og:title\" content=\"Alla Biblioteca di Architettura dell&#039;Universit\u00e0 Mediterranea l&#039;inaugurazione del Fondo Librario \u201cDemetrio De Stefano\u201d - Radio Touring 104\" \/>\n<meta property=\"og:description\" content=\"Briante: \u00ab\u00c8 testimonianza del forte legame tra l\u2019Universit\u00e0 e il territorio\u00bb\" \/>\n<meta property=\"og:url\" content=\"https:\/\/progettotouring.it\/radiotouring104\/2025\/05\/22\/alla-biblioteca-di-architettura-delluniversita-mediterranea-linaugurazione-del-fondo-librario-demetrio-de-stefano\/\" \/>\n<meta property=\"og:site_name\" content=\"Radio Touring 104\" \/>\n<meta property=\"article:published_time\" content=\"2025-05-22T19:06:39+00:00\" \/>\n<meta property=\"og:image\" content=\"https:\/\/progettotouring.it\/radiotouring104\/wp-content\/uploads\/sites\/6\/2025\/05\/fondo-de-stefano.jpg\" \/>\n\t<meta property=\"og:image:width\" content=\"1920\" \/>\n\t<meta property=\"og:image:height\" content=\"1080\" \/>\n\t<meta property=\"og:image:type\" content=\"image\/jpeg\" \/>\n<meta name=\"author\" content=\"S L\" \/>\n<meta name=\"twitter:card\" content=\"summary_large_image\" \/>\n<meta name=\"twitter:label1\" content=\"Scritto da\" \/>\n\t<meta name=\"twitter:data1\" content=\"S L\" \/>\n\t<meta name=\"twitter:label2\" content=\"Tempo di lettura stimato\" \/>\n\t<meta name=\"twitter:data2\" content=\"2 minuti\" \/>\n<script type=\"application\/ld+json\" class=\"yoast-schema-graph\">{\"@context\":\"https:\/\/schema.org\",\"@graph\":[{\"@type\":\"Article\",\"@id\":\"https:\/\/progettotouring.it\/radiotouring104\/2025\/05\/22\/alla-biblioteca-di-architettura-delluniversita-mediterranea-linaugurazione-del-fondo-librario-demetrio-de-stefano\/#article\",\"isPartOf\":{\"@id\":\"https:\/\/progettotouring.it\/radiotouring104\/2025\/05\/22\/alla-biblioteca-di-architettura-delluniversita-mediterranea-linaugurazione-del-fondo-librario-demetrio-de-stefano\/\"},\"author\":{\"name\":\"S L\",\"@id\":\"https:\/\/progettotouring.it\/radiotouring104\/#\/schema\/person\/b9f9c3730b0a78814c9b9f3bfc52c619\"},\"headline\":\"Alla Biblioteca di Architettura dell&#8217;Universit\u00e0 Mediterranea l&#8217;inaugurazione del Fondo Librario \u201cDemetrio De Stefano\u201d\",\"datePublished\":\"2025-05-22T19:06:39+00:00\",\"mainEntityOfPage\":{\"@id\":\"https:\/\/progettotouring.it\/radiotouring104\/2025\/05\/22\/alla-biblioteca-di-architettura-delluniversita-mediterranea-linaugurazione-del-fondo-librario-demetrio-de-stefano\/\"},\"wordCount\":428,\"publisher\":{\"@id\":\"https:\/\/progettotouring.it\/radiotouring104\/#organization\"},\"image\":{\"@id\":\"https:\/\/progettotouring.it\/radiotouring104\/2025\/05\/22\/alla-biblioteca-di-architettura-delluniversita-mediterranea-linaugurazione-del-fondo-librario-demetrio-de-stefano\/#primaryimage\"},\"thumbnailUrl\":\"https:\/\/progettotouring.it\/radiotouring104\/wp-content\/uploads\/sites\/6\/2025\/05\/fondo-de-stefano.jpg\",\"articleSection\":[\"Cultura\",\"Home\",\"News\",\"Reggio Calabria\"],\"inLanguage\":\"it-IT\"},{\"@type\":\"WebPage\",\"@id\":\"https:\/\/progettotouring.it\/radiotouring104\/2025\/05\/22\/alla-biblioteca-di-architettura-delluniversita-mediterranea-linaugurazione-del-fondo-librario-demetrio-de-stefano\/\",\"url\":\"https:\/\/progettotouring.it\/radiotouring104\/2025\/05\/22\/alla-biblioteca-di-architettura-delluniversita-mediterranea-linaugurazione-del-fondo-librario-demetrio-de-stefano\/\",\"name\":\"Alla Biblioteca di Architettura dell'Universit\u00e0 Mediterranea l'inaugurazione del Fondo Librario \u201cDemetrio De Stefano\u201d - Radio Touring 104\",\"isPartOf\":{\"@id\":\"https:\/\/progettotouring.it\/radiotouring104\/#website\"},\"primaryImageOfPage\":{\"@id\":\"https:\/\/progettotouring.it\/radiotouring104\/2025\/05\/22\/alla-biblioteca-di-architettura-delluniversita-mediterranea-linaugurazione-del-fondo-librario-demetrio-de-stefano\/#primaryimage\"},\"image\":{\"@id\":\"https:\/\/progettotouring.it\/radiotouring104\/2025\/05\/22\/alla-biblioteca-di-architettura-delluniversita-mediterranea-linaugurazione-del-fondo-librario-demetrio-de-stefano\/#primaryimage\"},\"thumbnailUrl\":\"https:\/\/progettotouring.it\/radiotouring104\/wp-content\/uploads\/sites\/6\/2025\/05\/fondo-de-stefano.jpg\",\"datePublished\":\"2025-05-22T19:06:39+00:00\",\"description\":\"Briante: \u00ab\u00c8 testimonianza del forte legame tra l\u2019Universit\u00e0 e il territorio\u00bb\",\"breadcrumb\":{\"@id\":\"https:\/\/progettotouring.it\/radiotouring104\/2025\/05\/22\/alla-biblioteca-di-architettura-delluniversita-mediterranea-linaugurazione-del-fondo-librario-demetrio-de-stefano\/#breadcrumb\"},\"inLanguage\":\"it-IT\",\"potentialAction\":[{\"@type\":\"ReadAction\",\"target\":[\"https:\/\/progettotouring.it\/radiotouring104\/2025\/05\/22\/alla-biblioteca-di-architettura-delluniversita-mediterranea-linaugurazione-del-fondo-librario-demetrio-de-stefano\/\"]}]},{\"@type\":\"ImageObject\",\"inLanguage\":\"it-IT\",\"@id\":\"https:\/\/progettotouring.it\/radiotouring104\/2025\/05\/22\/alla-biblioteca-di-architettura-delluniversita-mediterranea-linaugurazione-del-fondo-librario-demetrio-de-stefano\/#primaryimage\",\"url\":\"https:\/\/progettotouring.it\/radiotouring104\/wp-content\/uploads\/sites\/6\/2025\/05\/fondo-de-stefano.jpg\",\"contentUrl\":\"https:\/\/progettotouring.it\/radiotouring104\/wp-content\/uploads\/sites\/6\/2025\/05\/fondo-de-stefano.jpg\",\"width\":1920,\"height\":1080},{\"@type\":\"BreadcrumbList\",\"@id\":\"https:\/\/progettotouring.it\/radiotouring104\/2025\/05\/22\/alla-biblioteca-di-architettura-delluniversita-mediterranea-linaugurazione-del-fondo-librario-demetrio-de-stefano\/#breadcrumb\",\"itemListElement\":[{\"@type\":\"ListItem\",\"position\":1,\"name\":\"Home\",\"item\":\"https:\/\/progettotouring.it\/radiotouring104\/\"},{\"@type\":\"ListItem\",\"position\":2,\"name\":\"Alla Biblioteca di Architettura dell&#8217;Universit\u00e0 Mediterranea l&#8217;inaugurazione del Fondo Librario \u201cDemetrio De Stefano\u201d\"}]},{\"@type\":\"WebSite\",\"@id\":\"https:\/\/progettotouring.it\/radiotouring104\/#website\",\"url\":\"https:\/\/progettotouring.it\/radiotouring104\/\",\"name\":\"Radio Touring 104\",\"description\":\"La prima radio Reggina\",\"publisher\":{\"@id\":\"https:\/\/progettotouring.it\/radiotouring104\/#organization\"},\"potentialAction\":[{\"@type\":\"SearchAction\",\"target\":{\"@type\":\"EntryPoint\",\"urlTemplate\":\"https:\/\/progettotouring.it\/radiotouring104\/?s={search_term_string}\"},\"query-input\":{\"@type\":\"PropertyValueSpecification\",\"valueRequired\":true,\"valueName\":\"search_term_string\"}}],\"inLanguage\":\"it-IT\"},{\"@type\":\"Organization\",\"@id\":\"https:\/\/progettotouring.it\/radiotouring104\/#organization\",\"name\":\"Radio Touring 104\",\"url\":\"https:\/\/progettotouring.it\/radiotouring104\/\",\"logo\":{\"@type\":\"ImageObject\",\"inLanguage\":\"it-IT\",\"@id\":\"https:\/\/progettotouring.it\/radiotouring104\/#\/schema\/logo\/image\/\",\"url\":\"https:\/\/progettotouring.it\/radiotouring104\/wp-content\/uploads\/sites\/6\/2022\/02\/cropped-logo-radio-touring-104.png\",\"contentUrl\":\"https:\/\/progettotouring.it\/radiotouring104\/wp-content\/uploads\/sites\/6\/2022\/02\/cropped-logo-radio-touring-104.png\",\"width\":377,\"height\":182,\"caption\":\"Radio Touring 104\"},\"image\":{\"@id\":\"https:\/\/progettotouring.it\/radiotouring104\/#\/schema\/logo\/image\/\"}},{\"@type\":\"Person\",\"@id\":\"https:\/\/progettotouring.it\/radiotouring104\/#\/schema\/person\/b9f9c3730b0a78814c9b9f3bfc52c619\",\"name\":\"S L\",\"image\":{\"@type\":\"ImageObject\",\"inLanguage\":\"it-IT\",\"@id\":\"https:\/\/secure.gravatar.com\/avatar\/652c51789d7030aaed9ff828331360502a68204fe6fb0831bc280515210e16d2?s=96&d=mm&r=g\",\"url\":\"https:\/\/secure.gravatar.com\/avatar\/652c51789d7030aaed9ff828331360502a68204fe6fb0831bc280515210e16d2?s=96&d=mm&r=g\",\"contentUrl\":\"https:\/\/secure.gravatar.com\/avatar\/652c51789d7030aaed9ff828331360502a68204fe6fb0831bc280515210e16d2?s=96&d=mm&r=g\",\"caption\":\"S L\"},\"url\":\"https:\/\/progettotouring.it\/radiotouring104\/author\/slibri\/\"}]}<\/script>\n<!-- \/ Yoast SEO plugin. -->","yoast_head_json":{"title":"Alla Biblioteca di Architettura dell'Universit\u00e0 Mediterranea l'inaugurazione del Fondo Librario \u201cDemetrio De Stefano\u201d - Radio Touring 104","description":"Briante: \u00ab\u00c8 testimonianza del forte legame tra l\u2019Universit\u00e0 e il territorio\u00bb","robots":{"index":"index","follow":"follow","max-snippet":"max-snippet:-1","max-image-preview":"max-image-preview:large","max-video-preview":"max-video-preview:-1"},"canonical":"https:\/\/progettotouring.it\/radiotouring104\/2025\/05\/22\/alla-biblioteca-di-architettura-delluniversita-mediterranea-linaugurazione-del-fondo-librario-demetrio-de-stefano\/","og_locale":"it_IT","og_type":"article","og_title":"Alla Biblioteca di Architettura dell'Universit\u00e0 Mediterranea l'inaugurazione del Fondo Librario \u201cDemetrio De Stefano\u201d - Radio Touring 104","og_description":"Briante: \u00ab\u00c8 testimonianza del forte legame tra l\u2019Universit\u00e0 e il territorio\u00bb","og_url":"https:\/\/progettotouring.it\/radiotouring104\/2025\/05\/22\/alla-biblioteca-di-architettura-delluniversita-mediterranea-linaugurazione-del-fondo-librario-demetrio-de-stefano\/","og_site_name":"Radio Touring 104","article_published_time":"2025-05-22T19:06:39+00:00","og_image":[{"width":1920,"height":1080,"url":"https:\/\/progettotouring.it\/radiotouring104\/wp-content\/uploads\/sites\/6\/2025\/05\/fondo-de-stefano.jpg","type":"image\/jpeg"}],"author":"S L","twitter_card":"summary_large_image","twitter_misc":{"Scritto da":"S L","Tempo di lettura stimato":"2 minuti"},"schema":{"@context":"https:\/\/schema.org","@graph":[{"@type":"Article","@id":"https:\/\/progettotouring.it\/radiotouring104\/2025\/05\/22\/alla-biblioteca-di-architettura-delluniversita-mediterranea-linaugurazione-del-fondo-librario-demetrio-de-stefano\/#article","isPartOf":{"@id":"https:\/\/progettotouring.it\/radiotouring104\/2025\/05\/22\/alla-biblioteca-di-architettura-delluniversita-mediterranea-linaugurazione-del-fondo-librario-demetrio-de-stefano\/"},"author":{"name":"S L","@id":"https:\/\/progettotouring.it\/radiotouring104\/#\/schema\/person\/b9f9c3730b0a78814c9b9f3bfc52c619"},"headline":"Alla Biblioteca di Architettura dell&#8217;Universit\u00e0 Mediterranea l&#8217;inaugurazione del Fondo Librario \u201cDemetrio De Stefano\u201d","datePublished":"2025-05-22T19:06:39+00:00","mainEntityOfPage":{"@id":"https:\/\/progettotouring.it\/radiotouring104\/2025\/05\/22\/alla-biblioteca-di-architettura-delluniversita-mediterranea-linaugurazione-del-fondo-librario-demetrio-de-stefano\/"},"wordCount":428,"publisher":{"@id":"https:\/\/progettotouring.it\/radiotouring104\/#organization"},"image":{"@id":"https:\/\/progettotouring.it\/radiotouring104\/2025\/05\/22\/alla-biblioteca-di-architettura-delluniversita-mediterranea-linaugurazione-del-fondo-librario-demetrio-de-stefano\/#primaryimage"},"thumbnailUrl":"https:\/\/progettotouring.it\/radiotouring104\/wp-content\/uploads\/sites\/6\/2025\/05\/fondo-de-stefano.jpg","articleSection":["Cultura","Home","News","Reggio Calabria"],"inLanguage":"it-IT"},{"@type":"WebPage","@id":"https:\/\/progettotouring.it\/radiotouring104\/2025\/05\/22\/alla-biblioteca-di-architettura-delluniversita-mediterranea-linaugurazione-del-fondo-librario-demetrio-de-stefano\/","url":"https:\/\/progettotouring.it\/radiotouring104\/2025\/05\/22\/alla-biblioteca-di-architettura-delluniversita-mediterranea-linaugurazione-del-fondo-librario-demetrio-de-stefano\/","name":"Alla Biblioteca di Architettura dell'Universit\u00e0 Mediterranea l'inaugurazione del Fondo Librario \u201cDemetrio De Stefano\u201d - Radio Touring 104","isPartOf":{"@id":"https:\/\/progettotouring.it\/radiotouring104\/#website"},"primaryImageOfPage":{"@id":"https:\/\/progettotouring.it\/radiotouring104\/2025\/05\/22\/alla-biblioteca-di-architettura-delluniversita-mediterranea-linaugurazione-del-fondo-librario-demetrio-de-stefano\/#primaryimage"},"image":{"@id":"https:\/\/progettotouring.it\/radiotouring104\/2025\/05\/22\/alla-biblioteca-di-architettura-delluniversita-mediterranea-linaugurazione-del-fondo-librario-demetrio-de-stefano\/#primaryimage"},"thumbnailUrl":"https:\/\/progettotouring.it\/radiotouring104\/wp-content\/uploads\/sites\/6\/2025\/05\/fondo-de-stefano.jpg","datePublished":"2025-05-22T19:06:39+00:00","description":"Briante: \u00ab\u00c8 testimonianza del forte legame tra l\u2019Universit\u00e0 e il territorio\u00bb","breadcrumb":{"@id":"https:\/\/progettotouring.it\/radiotouring104\/2025\/05\/22\/alla-biblioteca-di-architettura-delluniversita-mediterranea-linaugurazione-del-fondo-librario-demetrio-de-stefano\/#breadcrumb"},"inLanguage":"it-IT","potentialAction":[{"@type":"ReadAction","target":["https:\/\/progettotouring.it\/radiotouring104\/2025\/05\/22\/alla-biblioteca-di-architettura-delluniversita-mediterranea-linaugurazione-del-fondo-librario-demetrio-de-stefano\/"]}]},{"@type":"ImageObject","inLanguage":"it-IT","@id":"https:\/\/progettotouring.it\/radiotouring104\/2025\/05\/22\/alla-biblioteca-di-architettura-delluniversita-mediterranea-linaugurazione-del-fondo-librario-demetrio-de-stefano\/#primaryimage","url":"https:\/\/progettotouring.it\/radiotouring104\/wp-content\/uploads\/sites\/6\/2025\/05\/fondo-de-stefano.jpg","contentUrl":"https:\/\/progettotouring.it\/radiotouring104\/wp-content\/uploads\/sites\/6\/2025\/05\/fondo-de-stefano.jpg","width":1920,"height":1080},{"@type":"BreadcrumbList","@id":"https:\/\/progettotouring.it\/radiotouring104\/2025\/05\/22\/alla-biblioteca-di-architettura-delluniversita-mediterranea-linaugurazione-del-fondo-librario-demetrio-de-stefano\/#breadcrumb","itemListElement":[{"@type":"ListItem","position":1,"name":"Home","item":"https:\/\/progettotouring.it\/radiotouring104\/"},{"@type":"ListItem","position":2,"name":"Alla Biblioteca di Architettura dell&#8217;Universit\u00e0 Mediterranea l&#8217;inaugurazione del Fondo Librario \u201cDemetrio De Stefano\u201d"}]},{"@type":"WebSite","@id":"https:\/\/progettotouring.it\/radiotouring104\/#website","url":"https:\/\/progettotouring.it\/radiotouring104\/","name":"Radio Touring 104","description":"La prima radio Reggina","publisher":{"@id":"https:\/\/progettotouring.it\/radiotouring104\/#organization"},"potentialAction":[{"@type":"SearchAction","target":{"@type":"EntryPoint","urlTemplate":"https:\/\/progettotouring.it\/radiotouring104\/?s={search_term_string}"},"query-input":{"@type":"PropertyValueSpecification","valueRequired":true,"valueName":"search_term_string"}}],"inLanguage":"it-IT"},{"@type":"Organization","@id":"https:\/\/progettotouring.it\/radiotouring104\/#organization","name":"Radio Touring 104","url":"https:\/\/progettotouring.it\/radiotouring104\/","logo":{"@type":"ImageObject","inLanguage":"it-IT","@id":"https:\/\/progettotouring.it\/radiotouring104\/#\/schema\/logo\/image\/","url":"https:\/\/progettotouring.it\/radiotouring104\/wp-content\/uploads\/sites\/6\/2022\/02\/cropped-logo-radio-touring-104.png","contentUrl":"https:\/\/progettotouring.it\/radiotouring104\/wp-content\/uploads\/sites\/6\/2022\/02\/cropped-logo-radio-touring-104.png","width":377,"height":182,"caption":"Radio Touring 104"},"image":{"@id":"https:\/\/progettotouring.it\/radiotouring104\/#\/schema\/logo\/image\/"}},{"@type":"Person","@id":"https:\/\/progettotouring.it\/radiotouring104\/#\/schema\/person\/b9f9c3730b0a78814c9b9f3bfc52c619","name":"S L","image":{"@type":"ImageObject","inLanguage":"it-IT","@id":"https:\/\/secure.gravatar.com\/avatar\/652c51789d7030aaed9ff828331360502a68204fe6fb0831bc280515210e16d2?s=96&d=mm&r=g","url":"https:\/\/secure.gravatar.com\/avatar\/652c51789d7030aaed9ff828331360502a68204fe6fb0831bc280515210e16d2?s=96&d=mm&r=g","contentUrl":"https:\/\/secure.gravatar.com\/avatar\/652c51789d7030aaed9ff828331360502a68204fe6fb0831bc280515210e16d2?s=96&d=mm&r=g","caption":"S L"},"url":"https:\/\/progettotouring.it\/radiotouring104\/author\/slibri\/"}]}},"jetpack_publicize_connections":[],"jetpack_featured_media_url":"https:\/\/progettotouring.it\/radiotouring104\/wp-content\/uploads\/sites\/6\/2025\/05\/fondo-de-stefano.jpg","jetpack_sharing_enabled":true,"_links":{"self":[{"href":"https:\/\/progettotouring.it\/radiotouring104\/wp-json\/wp\/v2\/posts\/74365","targetHints":{"allow":["GET"]}}],"collection":[{"href":"https:\/\/progettotouring.it\/radiotouring104\/wp-json\/wp\/v2\/posts"}],"about":[{"href":"https:\/\/progettotouring.it\/radiotouring104\/wp-json\/wp\/v2\/types\/post"}],"author":[{"embeddable":true,"href":"https:\/\/progettotouring.it\/radiotouring104\/wp-json\/wp\/v2\/users\/19"}],"replies":[{"embeddable":true,"href":"https:\/\/progettotouring.it\/radiotouring104\/wp-json\/wp\/v2\/comments?post=74365"}],"version-history":[{"count":1,"href":"https:\/\/progettotouring.it\/radiotouring104\/wp-json\/wp\/v2\/posts\/74365\/revisions"}],"predecessor-version":[{"id":74367,"href":"https:\/\/progettotouring.it\/radiotouring104\/wp-json\/wp\/v2\/posts\/74365\/revisions\/74367"}],"wp:featuredmedia":[{"embeddable":true,"href":"https:\/\/progettotouring.it\/radiotouring104\/wp-json\/wp\/v2\/media\/74366"}],"wp:attachment":[{"href":"https:\/\/progettotouring.it\/radiotouring104\/wp-json\/wp\/v2\/media?parent=74365"}],"wp:term":[{"taxonomy":"category","embeddable":true,"href":"https:\/\/progettotouring.it\/radiotouring104\/wp-json\/wp\/v2\/categories?post=74365"},{"taxonomy":"post_tag","embeddable":true,"href":"https:\/\/progettotouring.it\/radiotouring104\/wp-json\/wp\/v2\/tags?post=74365"}],"curies":[{"name":"wp","href":"https:\/\/api.w.org\/{rel}","templated":true}]}}