{"id":74368,"date":"2025-05-22T22:27:13","date_gmt":"2025-05-22T20:27:13","guid":{"rendered":"https:\/\/progettotouring.it\/radiotouring104\/?p=74368"},"modified":"2025-05-22T22:27:13","modified_gmt":"2025-05-22T20:27:13","slug":"nella-galleria-di-palazzo-san-giorgio-la-mostra-personale-del-maestro-pasquale-franze","status":"publish","type":"post","link":"https:\/\/progettotouring.it\/radiotouring104\/2025\/05\/22\/nella-galleria-di-palazzo-san-giorgio-la-mostra-personale-del-maestro-pasquale-franze\/","title":{"rendered":"Nella Galleria di Palazzo San Giorgio la mostra personale del Maestro Pasquale Franz\u00e8"},"content":{"rendered":"<p><img fetchpriority=\"high\" decoding=\"async\" class=\"alignnone size-medium wp-image-74371\" src=\"https:\/\/progettotouring.it\/radiotouring104\/wp-content\/uploads\/sites\/6\/2025\/05\/Franze-212x300.jpeg\" alt=\"\" width=\"212\" height=\"300\" srcset=\"https:\/\/progettotouring.it\/radiotouring104\/wp-content\/uploads\/sites\/6\/2025\/05\/Franze-212x300.jpeg 212w, https:\/\/progettotouring.it\/radiotouring104\/wp-content\/uploads\/sites\/6\/2025\/05\/Franze-724x1024.jpeg 724w, https:\/\/progettotouring.it\/radiotouring104\/wp-content\/uploads\/sites\/6\/2025\/05\/Franze-768x1086.jpeg 768w, https:\/\/progettotouring.it\/radiotouring104\/wp-content\/uploads\/sites\/6\/2025\/05\/Franze-1086x1536.jpeg 1086w, https:\/\/progettotouring.it\/radiotouring104\/wp-content\/uploads\/sites\/6\/2025\/05\/Franze-585x828.jpeg 585w, https:\/\/progettotouring.it\/radiotouring104\/wp-content\/uploads\/sites\/6\/2025\/05\/Franze.jpeg 1131w\" sizes=\"(max-width: 212px) 100vw, 212px\" \/><\/p>\n<p>La Galleria di Palazzo San Giorgio, sede municipale del Comune di Reggio Calabria, ospiter\u00e0, nei giorni 23 e 24 maggio 2025, la mostra personale del Maestro Pasquale Franz\u00e8 a cura di Fortunato Marcian\u00f2.<\/p>\n<p>Un\u2019occasione culturale di rilievo che permetter\u00e0 al pubblico reggino di ammirare le opere di uno degli artisti pi\u00f9 apprezzati del panorama pittorico contemporaneo, capace di coniugare intensit\u00e0 cromatica, forza espressiva e una profonda visione interiore del mondo.<\/p>\n<p>L\u2019inaugurazione \u00e8 prevista per venerd\u00ec 23 maggio 2025 alle ore 18:00, alla presenza del Consigliere Metropolitano delegato alla Cultura Filippo Quartuccio, dell\u2019editore Antonino Santisi, dello storico e critico d\u2019arte Marcello Anastasi e del saggista Tonino Nocera.<\/p>\n<p>La mostra sar\u00e0 visitabile nei seguenti orari:<br \/>\n09:00 \u2013 13:00 e 15:00 \u2013 19:30.<\/p>\n","protected":false},"excerpt":{"rendered":"<p>La Galleria di Palazzo San Giorgio, sede municipale del Comune di Reggio Calabria, ospiter\u00e0, nei giorni 23 e 24 maggio 2025, la mostra personale del Maestro Pasquale Franz\u00e8 a cura&hellip;<\/p>\n","protected":false},"author":19,"featured_media":74370,"comment_status":"closed","ping_status":"open","sticky":false,"template":"","format":"standard","meta":{"_jetpack_memberships_contains_paid_content":false,"footnotes":"","jetpack_publicize_message":"","jetpack_publicize_feature_enabled":true,"jetpack_social_post_already_shared":true,"jetpack_social_options":{"image_generator_settings":{"template":"highway","default_image_id":0,"font":"","enabled":false},"version":2}},"categories":[145,921,196,140],"tags":[],"class_list":["post-74368","post","type-post","status-publish","format-standard","has-post-thumbnail","hentry","category-cultura","category-home","category-news","category-reggio-calabria"],"yoast_head":"<!-- This site is optimized with the Yoast SEO plugin v27.2 - https:\/\/yoast.com\/product\/yoast-seo-wordpress\/ -->\n<title>Nella Galleria di Palazzo San Giorgio la mostra personale del Maestro Pasquale Franz\u00e8 - Radio Touring 104<\/title>\n<meta name=\"description\" content=\"Nei giorni 23 e 24 maggio 2025 si potranno ammirare le opere dell&#039;apprezzato pittore\" \/>\n<meta name=\"robots\" content=\"index, follow, max-snippet:-1, max-image-preview:large, max-video-preview:-1\" \/>\n<link rel=\"canonical\" href=\"https:\/\/progettotouring.it\/radiotouring104\/2025\/05\/22\/nella-galleria-di-palazzo-san-giorgio-la-mostra-personale-del-maestro-pasquale-franze\/\" \/>\n<meta property=\"og:locale\" content=\"it_IT\" \/>\n<meta property=\"og:type\" content=\"article\" \/>\n<meta property=\"og:title\" content=\"Nella Galleria di Palazzo San Giorgio la mostra personale del Maestro Pasquale Franz\u00e8 - Radio Touring 104\" \/>\n<meta property=\"og:description\" content=\"Nei giorni 23 e 24 maggio 2025 si potranno ammirare le opere dell&#039;apprezzato pittore\" \/>\n<meta property=\"og:url\" content=\"https:\/\/progettotouring.it\/radiotouring104\/2025\/05\/22\/nella-galleria-di-palazzo-san-giorgio-la-mostra-personale-del-maestro-pasquale-franze\/\" \/>\n<meta property=\"og:site_name\" content=\"Radio Touring 104\" \/>\n<meta property=\"article:published_time\" content=\"2025-05-22T20:27:13+00:00\" \/>\n<meta property=\"og:image\" content=\"https:\/\/progettotouring.it\/radiotouring104\/wp-content\/uploads\/sites\/6\/2025\/05\/mostra-franze.jpg\" \/>\n\t<meta property=\"og:image:width\" content=\"1920\" \/>\n\t<meta property=\"og:image:height\" content=\"1080\" \/>\n\t<meta property=\"og:image:type\" content=\"image\/jpeg\" \/>\n<meta name=\"author\" content=\"S L\" \/>\n<meta name=\"twitter:card\" content=\"summary_large_image\" \/>\n<meta name=\"twitter:label1\" content=\"Scritto da\" \/>\n\t<meta name=\"twitter:data1\" content=\"S L\" \/>\n\t<meta name=\"twitter:label2\" content=\"Tempo di lettura stimato\" \/>\n\t<meta name=\"twitter:data2\" content=\"1 minuto\" \/>\n<script type=\"application\/ld+json\" class=\"yoast-schema-graph\">{\"@context\":\"https:\/\/schema.org\",\"@graph\":[{\"@type\":\"Article\",\"@id\":\"https:\/\/progettotouring.it\/radiotouring104\/2025\/05\/22\/nella-galleria-di-palazzo-san-giorgio-la-mostra-personale-del-maestro-pasquale-franze\/#article\",\"isPartOf\":{\"@id\":\"https:\/\/progettotouring.it\/radiotouring104\/2025\/05\/22\/nella-galleria-di-palazzo-san-giorgio-la-mostra-personale-del-maestro-pasquale-franze\/\"},\"author\":{\"name\":\"S L\",\"@id\":\"https:\/\/progettotouring.it\/radiotouring104\/#\/schema\/person\/b9f9c3730b0a78814c9b9f3bfc52c619\"},\"headline\":\"Nella Galleria di Palazzo San Giorgio la mostra personale del Maestro Pasquale Franz\u00e8\",\"datePublished\":\"2025-05-22T20:27:13+00:00\",\"mainEntityOfPage\":{\"@id\":\"https:\/\/progettotouring.it\/radiotouring104\/2025\/05\/22\/nella-galleria-di-palazzo-san-giorgio-la-mostra-personale-del-maestro-pasquale-franze\/\"},\"wordCount\":124,\"publisher\":{\"@id\":\"https:\/\/progettotouring.it\/radiotouring104\/#organization\"},\"image\":{\"@id\":\"https:\/\/progettotouring.it\/radiotouring104\/2025\/05\/22\/nella-galleria-di-palazzo-san-giorgio-la-mostra-personale-del-maestro-pasquale-franze\/#primaryimage\"},\"thumbnailUrl\":\"https:\/\/progettotouring.it\/radiotouring104\/wp-content\/uploads\/sites\/6\/2025\/05\/mostra-franze.jpg\",\"articleSection\":[\"Cultura\",\"Home\",\"News\",\"Reggio Calabria\"],\"inLanguage\":\"it-IT\"},{\"@type\":\"WebPage\",\"@id\":\"https:\/\/progettotouring.it\/radiotouring104\/2025\/05\/22\/nella-galleria-di-palazzo-san-giorgio-la-mostra-personale-del-maestro-pasquale-franze\/\",\"url\":\"https:\/\/progettotouring.it\/radiotouring104\/2025\/05\/22\/nella-galleria-di-palazzo-san-giorgio-la-mostra-personale-del-maestro-pasquale-franze\/\",\"name\":\"Nella Galleria di Palazzo San Giorgio la mostra personale del Maestro Pasquale Franz\u00e8 - Radio Touring 104\",\"isPartOf\":{\"@id\":\"https:\/\/progettotouring.it\/radiotouring104\/#website\"},\"primaryImageOfPage\":{\"@id\":\"https:\/\/progettotouring.it\/radiotouring104\/2025\/05\/22\/nella-galleria-di-palazzo-san-giorgio-la-mostra-personale-del-maestro-pasquale-franze\/#primaryimage\"},\"image\":{\"@id\":\"https:\/\/progettotouring.it\/radiotouring104\/2025\/05\/22\/nella-galleria-di-palazzo-san-giorgio-la-mostra-personale-del-maestro-pasquale-franze\/#primaryimage\"},\"thumbnailUrl\":\"https:\/\/progettotouring.it\/radiotouring104\/wp-content\/uploads\/sites\/6\/2025\/05\/mostra-franze.jpg\",\"datePublished\":\"2025-05-22T20:27:13+00:00\",\"description\":\"Nei giorni 23 e 24 maggio 2025 si potranno ammirare le opere dell'apprezzato pittore\",\"breadcrumb\":{\"@id\":\"https:\/\/progettotouring.it\/radiotouring104\/2025\/05\/22\/nella-galleria-di-palazzo-san-giorgio-la-mostra-personale-del-maestro-pasquale-franze\/#breadcrumb\"},\"inLanguage\":\"it-IT\",\"potentialAction\":[{\"@type\":\"ReadAction\",\"target\":[\"https:\/\/progettotouring.it\/radiotouring104\/2025\/05\/22\/nella-galleria-di-palazzo-san-giorgio-la-mostra-personale-del-maestro-pasquale-franze\/\"]}]},{\"@type\":\"ImageObject\",\"inLanguage\":\"it-IT\",\"@id\":\"https:\/\/progettotouring.it\/radiotouring104\/2025\/05\/22\/nella-galleria-di-palazzo-san-giorgio-la-mostra-personale-del-maestro-pasquale-franze\/#primaryimage\",\"url\":\"https:\/\/progettotouring.it\/radiotouring104\/wp-content\/uploads\/sites\/6\/2025\/05\/mostra-franze.jpg\",\"contentUrl\":\"https:\/\/progettotouring.it\/radiotouring104\/wp-content\/uploads\/sites\/6\/2025\/05\/mostra-franze.jpg\",\"width\":1920,\"height\":1080},{\"@type\":\"BreadcrumbList\",\"@id\":\"https:\/\/progettotouring.it\/radiotouring104\/2025\/05\/22\/nella-galleria-di-palazzo-san-giorgio-la-mostra-personale-del-maestro-pasquale-franze\/#breadcrumb\",\"itemListElement\":[{\"@type\":\"ListItem\",\"position\":1,\"name\":\"Home\",\"item\":\"https:\/\/progettotouring.it\/radiotouring104\/\"},{\"@type\":\"ListItem\",\"position\":2,\"name\":\"Nella Galleria di Palazzo San Giorgio la mostra personale del Maestro Pasquale Franz\u00e8\"}]},{\"@type\":\"WebSite\",\"@id\":\"https:\/\/progettotouring.it\/radiotouring104\/#website\",\"url\":\"https:\/\/progettotouring.it\/radiotouring104\/\",\"name\":\"Radio Touring 104\",\"description\":\"La prima radio Reggina\",\"publisher\":{\"@id\":\"https:\/\/progettotouring.it\/radiotouring104\/#organization\"},\"potentialAction\":[{\"@type\":\"SearchAction\",\"target\":{\"@type\":\"EntryPoint\",\"urlTemplate\":\"https:\/\/progettotouring.it\/radiotouring104\/?s={search_term_string}\"},\"query-input\":{\"@type\":\"PropertyValueSpecification\",\"valueRequired\":true,\"valueName\":\"search_term_string\"}}],\"inLanguage\":\"it-IT\"},{\"@type\":\"Organization\",\"@id\":\"https:\/\/progettotouring.it\/radiotouring104\/#organization\",\"name\":\"Radio Touring 104\",\"url\":\"https:\/\/progettotouring.it\/radiotouring104\/\",\"logo\":{\"@type\":\"ImageObject\",\"inLanguage\":\"it-IT\",\"@id\":\"https:\/\/progettotouring.it\/radiotouring104\/#\/schema\/logo\/image\/\",\"url\":\"https:\/\/progettotouring.it\/radiotouring104\/wp-content\/uploads\/sites\/6\/2022\/02\/cropped-logo-radio-touring-104.png\",\"contentUrl\":\"https:\/\/progettotouring.it\/radiotouring104\/wp-content\/uploads\/sites\/6\/2022\/02\/cropped-logo-radio-touring-104.png\",\"width\":377,\"height\":182,\"caption\":\"Radio Touring 104\"},\"image\":{\"@id\":\"https:\/\/progettotouring.it\/radiotouring104\/#\/schema\/logo\/image\/\"}},{\"@type\":\"Person\",\"@id\":\"https:\/\/progettotouring.it\/radiotouring104\/#\/schema\/person\/b9f9c3730b0a78814c9b9f3bfc52c619\",\"name\":\"S L\",\"image\":{\"@type\":\"ImageObject\",\"inLanguage\":\"it-IT\",\"@id\":\"https:\/\/secure.gravatar.com\/avatar\/652c51789d7030aaed9ff828331360502a68204fe6fb0831bc280515210e16d2?s=96&d=mm&r=g\",\"url\":\"https:\/\/secure.gravatar.com\/avatar\/652c51789d7030aaed9ff828331360502a68204fe6fb0831bc280515210e16d2?s=96&d=mm&r=g\",\"contentUrl\":\"https:\/\/secure.gravatar.com\/avatar\/652c51789d7030aaed9ff828331360502a68204fe6fb0831bc280515210e16d2?s=96&d=mm&r=g\",\"caption\":\"S L\"},\"url\":\"https:\/\/progettotouring.it\/radiotouring104\/author\/slibri\/\"}]}<\/script>\n<!-- \/ Yoast SEO plugin. -->","yoast_head_json":{"title":"Nella Galleria di Palazzo San Giorgio la mostra personale del Maestro Pasquale Franz\u00e8 - Radio Touring 104","description":"Nei giorni 23 e 24 maggio 2025 si potranno ammirare le opere dell'apprezzato pittore","robots":{"index":"index","follow":"follow","max-snippet":"max-snippet:-1","max-image-preview":"max-image-preview:large","max-video-preview":"max-video-preview:-1"},"canonical":"https:\/\/progettotouring.it\/radiotouring104\/2025\/05\/22\/nella-galleria-di-palazzo-san-giorgio-la-mostra-personale-del-maestro-pasquale-franze\/","og_locale":"it_IT","og_type":"article","og_title":"Nella Galleria di Palazzo San Giorgio la mostra personale del Maestro Pasquale Franz\u00e8 - Radio Touring 104","og_description":"Nei giorni 23 e 24 maggio 2025 si potranno ammirare le opere dell'apprezzato pittore","og_url":"https:\/\/progettotouring.it\/radiotouring104\/2025\/05\/22\/nella-galleria-di-palazzo-san-giorgio-la-mostra-personale-del-maestro-pasquale-franze\/","og_site_name":"Radio Touring 104","article_published_time":"2025-05-22T20:27:13+00:00","og_image":[{"width":1920,"height":1080,"url":"https:\/\/progettotouring.it\/radiotouring104\/wp-content\/uploads\/sites\/6\/2025\/05\/mostra-franze.jpg","type":"image\/jpeg"}],"author":"S L","twitter_card":"summary_large_image","twitter_misc":{"Scritto da":"S L","Tempo di lettura stimato":"1 minuto"},"schema":{"@context":"https:\/\/schema.org","@graph":[{"@type":"Article","@id":"https:\/\/progettotouring.it\/radiotouring104\/2025\/05\/22\/nella-galleria-di-palazzo-san-giorgio-la-mostra-personale-del-maestro-pasquale-franze\/#article","isPartOf":{"@id":"https:\/\/progettotouring.it\/radiotouring104\/2025\/05\/22\/nella-galleria-di-palazzo-san-giorgio-la-mostra-personale-del-maestro-pasquale-franze\/"},"author":{"name":"S L","@id":"https:\/\/progettotouring.it\/radiotouring104\/#\/schema\/person\/b9f9c3730b0a78814c9b9f3bfc52c619"},"headline":"Nella Galleria di Palazzo San Giorgio la mostra personale del Maestro Pasquale Franz\u00e8","datePublished":"2025-05-22T20:27:13+00:00","mainEntityOfPage":{"@id":"https:\/\/progettotouring.it\/radiotouring104\/2025\/05\/22\/nella-galleria-di-palazzo-san-giorgio-la-mostra-personale-del-maestro-pasquale-franze\/"},"wordCount":124,"publisher":{"@id":"https:\/\/progettotouring.it\/radiotouring104\/#organization"},"image":{"@id":"https:\/\/progettotouring.it\/radiotouring104\/2025\/05\/22\/nella-galleria-di-palazzo-san-giorgio-la-mostra-personale-del-maestro-pasquale-franze\/#primaryimage"},"thumbnailUrl":"https:\/\/progettotouring.it\/radiotouring104\/wp-content\/uploads\/sites\/6\/2025\/05\/mostra-franze.jpg","articleSection":["Cultura","Home","News","Reggio Calabria"],"inLanguage":"it-IT"},{"@type":"WebPage","@id":"https:\/\/progettotouring.it\/radiotouring104\/2025\/05\/22\/nella-galleria-di-palazzo-san-giorgio-la-mostra-personale-del-maestro-pasquale-franze\/","url":"https:\/\/progettotouring.it\/radiotouring104\/2025\/05\/22\/nella-galleria-di-palazzo-san-giorgio-la-mostra-personale-del-maestro-pasquale-franze\/","name":"Nella Galleria di Palazzo San Giorgio la mostra personale del Maestro Pasquale Franz\u00e8 - Radio Touring 104","isPartOf":{"@id":"https:\/\/progettotouring.it\/radiotouring104\/#website"},"primaryImageOfPage":{"@id":"https:\/\/progettotouring.it\/radiotouring104\/2025\/05\/22\/nella-galleria-di-palazzo-san-giorgio-la-mostra-personale-del-maestro-pasquale-franze\/#primaryimage"},"image":{"@id":"https:\/\/progettotouring.it\/radiotouring104\/2025\/05\/22\/nella-galleria-di-palazzo-san-giorgio-la-mostra-personale-del-maestro-pasquale-franze\/#primaryimage"},"thumbnailUrl":"https:\/\/progettotouring.it\/radiotouring104\/wp-content\/uploads\/sites\/6\/2025\/05\/mostra-franze.jpg","datePublished":"2025-05-22T20:27:13+00:00","description":"Nei giorni 23 e 24 maggio 2025 si potranno ammirare le opere dell'apprezzato pittore","breadcrumb":{"@id":"https:\/\/progettotouring.it\/radiotouring104\/2025\/05\/22\/nella-galleria-di-palazzo-san-giorgio-la-mostra-personale-del-maestro-pasquale-franze\/#breadcrumb"},"inLanguage":"it-IT","potentialAction":[{"@type":"ReadAction","target":["https:\/\/progettotouring.it\/radiotouring104\/2025\/05\/22\/nella-galleria-di-palazzo-san-giorgio-la-mostra-personale-del-maestro-pasquale-franze\/"]}]},{"@type":"ImageObject","inLanguage":"it-IT","@id":"https:\/\/progettotouring.it\/radiotouring104\/2025\/05\/22\/nella-galleria-di-palazzo-san-giorgio-la-mostra-personale-del-maestro-pasquale-franze\/#primaryimage","url":"https:\/\/progettotouring.it\/radiotouring104\/wp-content\/uploads\/sites\/6\/2025\/05\/mostra-franze.jpg","contentUrl":"https:\/\/progettotouring.it\/radiotouring104\/wp-content\/uploads\/sites\/6\/2025\/05\/mostra-franze.jpg","width":1920,"height":1080},{"@type":"BreadcrumbList","@id":"https:\/\/progettotouring.it\/radiotouring104\/2025\/05\/22\/nella-galleria-di-palazzo-san-giorgio-la-mostra-personale-del-maestro-pasquale-franze\/#breadcrumb","itemListElement":[{"@type":"ListItem","position":1,"name":"Home","item":"https:\/\/progettotouring.it\/radiotouring104\/"},{"@type":"ListItem","position":2,"name":"Nella Galleria di Palazzo San Giorgio la mostra personale del Maestro Pasquale Franz\u00e8"}]},{"@type":"WebSite","@id":"https:\/\/progettotouring.it\/radiotouring104\/#website","url":"https:\/\/progettotouring.it\/radiotouring104\/","name":"Radio Touring 104","description":"La prima radio Reggina","publisher":{"@id":"https:\/\/progettotouring.it\/radiotouring104\/#organization"},"potentialAction":[{"@type":"SearchAction","target":{"@type":"EntryPoint","urlTemplate":"https:\/\/progettotouring.it\/radiotouring104\/?s={search_term_string}"},"query-input":{"@type":"PropertyValueSpecification","valueRequired":true,"valueName":"search_term_string"}}],"inLanguage":"it-IT"},{"@type":"Organization","@id":"https:\/\/progettotouring.it\/radiotouring104\/#organization","name":"Radio Touring 104","url":"https:\/\/progettotouring.it\/radiotouring104\/","logo":{"@type":"ImageObject","inLanguage":"it-IT","@id":"https:\/\/progettotouring.it\/radiotouring104\/#\/schema\/logo\/image\/","url":"https:\/\/progettotouring.it\/radiotouring104\/wp-content\/uploads\/sites\/6\/2022\/02\/cropped-logo-radio-touring-104.png","contentUrl":"https:\/\/progettotouring.it\/radiotouring104\/wp-content\/uploads\/sites\/6\/2022\/02\/cropped-logo-radio-touring-104.png","width":377,"height":182,"caption":"Radio Touring 104"},"image":{"@id":"https:\/\/progettotouring.it\/radiotouring104\/#\/schema\/logo\/image\/"}},{"@type":"Person","@id":"https:\/\/progettotouring.it\/radiotouring104\/#\/schema\/person\/b9f9c3730b0a78814c9b9f3bfc52c619","name":"S L","image":{"@type":"ImageObject","inLanguage":"it-IT","@id":"https:\/\/secure.gravatar.com\/avatar\/652c51789d7030aaed9ff828331360502a68204fe6fb0831bc280515210e16d2?s=96&d=mm&r=g","url":"https:\/\/secure.gravatar.com\/avatar\/652c51789d7030aaed9ff828331360502a68204fe6fb0831bc280515210e16d2?s=96&d=mm&r=g","contentUrl":"https:\/\/secure.gravatar.com\/avatar\/652c51789d7030aaed9ff828331360502a68204fe6fb0831bc280515210e16d2?s=96&d=mm&r=g","caption":"S L"},"url":"https:\/\/progettotouring.it\/radiotouring104\/author\/slibri\/"}]}},"jetpack_publicize_connections":[],"jetpack_featured_media_url":"https:\/\/progettotouring.it\/radiotouring104\/wp-content\/uploads\/sites\/6\/2025\/05\/mostra-franze.jpg","jetpack_sharing_enabled":true,"_links":{"self":[{"href":"https:\/\/progettotouring.it\/radiotouring104\/wp-json\/wp\/v2\/posts\/74368","targetHints":{"allow":["GET"]}}],"collection":[{"href":"https:\/\/progettotouring.it\/radiotouring104\/wp-json\/wp\/v2\/posts"}],"about":[{"href":"https:\/\/progettotouring.it\/radiotouring104\/wp-json\/wp\/v2\/types\/post"}],"author":[{"embeddable":true,"href":"https:\/\/progettotouring.it\/radiotouring104\/wp-json\/wp\/v2\/users\/19"}],"replies":[{"embeddable":true,"href":"https:\/\/progettotouring.it\/radiotouring104\/wp-json\/wp\/v2\/comments?post=74368"}],"version-history":[{"count":2,"href":"https:\/\/progettotouring.it\/radiotouring104\/wp-json\/wp\/v2\/posts\/74368\/revisions"}],"predecessor-version":[{"id":74372,"href":"https:\/\/progettotouring.it\/radiotouring104\/wp-json\/wp\/v2\/posts\/74368\/revisions\/74372"}],"wp:featuredmedia":[{"embeddable":true,"href":"https:\/\/progettotouring.it\/radiotouring104\/wp-json\/wp\/v2\/media\/74370"}],"wp:attachment":[{"href":"https:\/\/progettotouring.it\/radiotouring104\/wp-json\/wp\/v2\/media?parent=74368"}],"wp:term":[{"taxonomy":"category","embeddable":true,"href":"https:\/\/progettotouring.it\/radiotouring104\/wp-json\/wp\/v2\/categories?post=74368"},{"taxonomy":"post_tag","embeddable":true,"href":"https:\/\/progettotouring.it\/radiotouring104\/wp-json\/wp\/v2\/tags?post=74368"}],"curies":[{"name":"wp","href":"https:\/\/api.w.org\/{rel}","templated":true}]}}