{"id":74380,"date":"2025-05-22T22:56:40","date_gmt":"2025-05-22T20:56:40","guid":{"rendered":"https:\/\/progettotouring.it\/radiotouring104\/?p=74380"},"modified":"2025-05-22T22:56:40","modified_gmt":"2025-05-22T20:56:40","slug":"palazzo-san-giorgio-incontro-sulla-figura-del-poeta-alfonso-gatto","status":"publish","type":"post","link":"https:\/\/progettotouring.it\/radiotouring104\/2025\/05\/22\/palazzo-san-giorgio-incontro-sulla-figura-del-poeta-alfonso-gatto\/","title":{"rendered":"Palazzo San Giorgio: incontro sulla figura del poeta Alfonso Gatto"},"content":{"rendered":"<p><b>\u00a0<\/b>Una significativa scoperta di carattere storico-letterario \u00e8 stata presentata alla citt\u00e0 di Reggio Calabria nel corso di un incontro culturale svoltosi nel Salone dei Lampadari \u201cItalo Falcomat\u00e0\u201d di palazzo San Giorgio.<\/p>\n<p>L\u2019evento, organizzato dalla Fondazione Mediterranea, ha rappresentato un momento di approfondimento e condivisione intellettuale che ha messo al centro la figura del poeta Alfonso Gatto.<br \/>\nA fare gli onori di casa \u00e8 stato l\u2019Assessore all\u2019Istruzione Anna Briante, presenti lo storico Giuseppe Cantarella, la poetessa Marina Neri e il presidente della Fondazione Mediterranea Vincenzo Vitale, che ha anche moderato l\u2019incontro.<br \/>\nIn apertura, l\u2019Assessore Briante ha voluto sottolineare il valore di iniziative di questo tipo, che contribuiscono a riscoprire e valorizzare la storia del territorio, offrendo chiavi di lettura preziose anche per comprendere meglio il presente. <em>\u00abParlare di questi temi e farlo nella sede istituzionale della citt\u00e0<\/em> \u2013 ha affermato \u2013 \u00e8<em> importante: il Palazzo San Giorgio \u00e8 la casa di tutti i reggini, e questi incontri ci arricchiscono ogni volta, sia culturalmente che umanamente\u00bb.<\/em><br \/>\nA seguire l\u2019approfondimento sulla figura poetica di Alfonso Gatto, a cura di Marina Neri, che ha emozionato il pubblico con la lettura di alcuni versi del poeta dedicati al padre. <em>\u00abGatto<\/em> \u2013 ha spiegato Neri \u2013 <em>fu non solo un raffinato poeta, ma anche un abile pittore ritrattista, un\u2019anima inquieta e sensibile. Nato a Salerno nel 1909, da l\u00ec inizi\u00f2 il suo percorso poetico, che lo avrebbe portato a diventare una delle voci pi\u00f9 originali del Novecento italiano. Tuttavia, grazie alla ricerca del professor Cantarella, oggi possiamo aggiungere un nuovo e significativo tassello alla sua biografia\u00bb.<\/em><br \/>\nGiuseppe Cantarella, gi\u00e0 presidente della Commissione comunale per la toponomastica, ha presentato i risultati di una ricerca avviata nel 2021, in occasione dell\u2019intitolazione di una strada ad Alfonso Gatto nel quartiere di Pellaro. \u00ab<em>Durante questa ricerca<\/em> \u2013 ha spiegato Cantarella \u2013 <em>\u00e8 emerso un elemento sorprendente: l\u2019origine reggina della famiglia di Gatto. Egli stesso parlava di una discendenza da un\u2019antica famiglia di armatori attiva tra Reggio Calabria e Messina. Ebbene, possiamo ora affermare, sulla base del certificato di nascita del padre Giuseppe Gatto, che le radici familiari del poeta affondano proprio nella nostra citt\u00e0\u00bb.<\/em><br \/>\nIl professore ha precisato che il lavoro svolto non si configura come un libro vero e proprio, ma come un documento di riferimento per gli studi futuri sulla figura del poeta. <em>\u00abQuello che oggi presentiamo<\/em> \u2013 ha concluso \u2013 <em>\u00e8 un punto di partenza, un contributo alla conoscenza collettiva. Non si tratta di campanilismo, ma del dovere della ricerca storica di aggiungere nuovi elementi, corretti e documentati, al mosaico della memoria culturale. E sapere che il cuore della vita e dell\u2019opera di un intellettuale come Alfonso Gatto possa battere anche a Reggio, ci rende orgogliosi\u00bb.<\/em><\/p>\n","protected":false},"excerpt":{"rendered":"<p>\u00a0Una significativa scoperta di carattere storico-letterario \u00e8 stata presentata alla citt\u00e0 di Reggio Calabria nel corso di un incontro culturale svoltosi nel Salone dei Lampadari \u201cItalo Falcomat\u00e0\u201d di palazzo San&hellip;<\/p>\n","protected":false},"author":19,"featured_media":74381,"comment_status":"closed","ping_status":"open","sticky":false,"template":"","format":"standard","meta":{"_jetpack_memberships_contains_paid_content":false,"footnotes":"","jetpack_publicize_message":"","jetpack_publicize_feature_enabled":true,"jetpack_social_post_already_shared":true,"jetpack_social_options":{"image_generator_settings":{"template":"highway","default_image_id":0,"font":"","enabled":false},"version":2}},"categories":[921,196,140],"tags":[],"class_list":["post-74380","post","type-post","status-publish","format-standard","has-post-thumbnail","hentry","category-home","category-news","category-reggio-calabria"],"yoast_head":"<!-- This site is optimized with the Yoast SEO plugin v27.2 - https:\/\/yoast.com\/product\/yoast-seo-wordpress\/ -->\n<title>Palazzo San Giorgio: incontro sulla figura del poeta Alfonso Gatto - Radio Touring 104<\/title>\n<meta name=\"description\" content=\"evento, organizzato dalla Fondazione Mediterranea, ha evidenziato le origini reggini della famiglia dell&#039;intellettuale nativo di Salerno\" \/>\n<meta name=\"robots\" content=\"index, follow, max-snippet:-1, max-image-preview:large, max-video-preview:-1\" \/>\n<link rel=\"canonical\" href=\"https:\/\/progettotouring.it\/radiotouring104\/2025\/05\/22\/palazzo-san-giorgio-incontro-sulla-figura-del-poeta-alfonso-gatto\/\" \/>\n<meta property=\"og:locale\" content=\"it_IT\" \/>\n<meta property=\"og:type\" content=\"article\" \/>\n<meta property=\"og:title\" content=\"Palazzo San Giorgio: incontro sulla figura del poeta Alfonso Gatto - Radio Touring 104\" \/>\n<meta property=\"og:description\" content=\"evento, organizzato dalla Fondazione Mediterranea, ha evidenziato le origini reggini della famiglia dell&#039;intellettuale nativo di Salerno\" \/>\n<meta property=\"og:url\" content=\"https:\/\/progettotouring.it\/radiotouring104\/2025\/05\/22\/palazzo-san-giorgio-incontro-sulla-figura-del-poeta-alfonso-gatto\/\" \/>\n<meta property=\"og:site_name\" content=\"Radio Touring 104\" \/>\n<meta property=\"article:published_time\" content=\"2025-05-22T20:56:40+00:00\" \/>\n<meta property=\"og:image\" content=\"https:\/\/progettotouring.it\/radiotouring104\/wp-content\/uploads\/sites\/6\/2025\/05\/gatto.jpg\" \/>\n\t<meta property=\"og:image:width\" content=\"1920\" \/>\n\t<meta property=\"og:image:height\" content=\"1080\" \/>\n\t<meta property=\"og:image:type\" content=\"image\/jpeg\" \/>\n<meta name=\"author\" content=\"S L\" \/>\n<meta name=\"twitter:card\" content=\"summary_large_image\" \/>\n<meta name=\"twitter:label1\" content=\"Scritto da\" \/>\n\t<meta name=\"twitter:data1\" content=\"S L\" \/>\n\t<meta name=\"twitter:label2\" content=\"Tempo di lettura stimato\" \/>\n\t<meta name=\"twitter:data2\" content=\"2 minuti\" \/>\n<script type=\"application\/ld+json\" class=\"yoast-schema-graph\">{\"@context\":\"https:\/\/schema.org\",\"@graph\":[{\"@type\":\"Article\",\"@id\":\"https:\/\/progettotouring.it\/radiotouring104\/2025\/05\/22\/palazzo-san-giorgio-incontro-sulla-figura-del-poeta-alfonso-gatto\/#article\",\"isPartOf\":{\"@id\":\"https:\/\/progettotouring.it\/radiotouring104\/2025\/05\/22\/palazzo-san-giorgio-incontro-sulla-figura-del-poeta-alfonso-gatto\/\"},\"author\":{\"name\":\"S L\",\"@id\":\"https:\/\/progettotouring.it\/radiotouring104\/#\/schema\/person\/b9f9c3730b0a78814c9b9f3bfc52c619\"},\"headline\":\"Palazzo San Giorgio: incontro sulla figura del poeta Alfonso Gatto\",\"datePublished\":\"2025-05-22T20:56:40+00:00\",\"mainEntityOfPage\":{\"@id\":\"https:\/\/progettotouring.it\/radiotouring104\/2025\/05\/22\/palazzo-san-giorgio-incontro-sulla-figura-del-poeta-alfonso-gatto\/\"},\"wordCount\":454,\"publisher\":{\"@id\":\"https:\/\/progettotouring.it\/radiotouring104\/#organization\"},\"image\":{\"@id\":\"https:\/\/progettotouring.it\/radiotouring104\/2025\/05\/22\/palazzo-san-giorgio-incontro-sulla-figura-del-poeta-alfonso-gatto\/#primaryimage\"},\"thumbnailUrl\":\"https:\/\/progettotouring.it\/radiotouring104\/wp-content\/uploads\/sites\/6\/2025\/05\/gatto.jpg\",\"articleSection\":[\"Home\",\"News\",\"Reggio Calabria\"],\"inLanguage\":\"it-IT\"},{\"@type\":\"WebPage\",\"@id\":\"https:\/\/progettotouring.it\/radiotouring104\/2025\/05\/22\/palazzo-san-giorgio-incontro-sulla-figura-del-poeta-alfonso-gatto\/\",\"url\":\"https:\/\/progettotouring.it\/radiotouring104\/2025\/05\/22\/palazzo-san-giorgio-incontro-sulla-figura-del-poeta-alfonso-gatto\/\",\"name\":\"Palazzo San Giorgio: incontro sulla figura del poeta Alfonso Gatto - Radio Touring 104\",\"isPartOf\":{\"@id\":\"https:\/\/progettotouring.it\/radiotouring104\/#website\"},\"primaryImageOfPage\":{\"@id\":\"https:\/\/progettotouring.it\/radiotouring104\/2025\/05\/22\/palazzo-san-giorgio-incontro-sulla-figura-del-poeta-alfonso-gatto\/#primaryimage\"},\"image\":{\"@id\":\"https:\/\/progettotouring.it\/radiotouring104\/2025\/05\/22\/palazzo-san-giorgio-incontro-sulla-figura-del-poeta-alfonso-gatto\/#primaryimage\"},\"thumbnailUrl\":\"https:\/\/progettotouring.it\/radiotouring104\/wp-content\/uploads\/sites\/6\/2025\/05\/gatto.jpg\",\"datePublished\":\"2025-05-22T20:56:40+00:00\",\"description\":\"evento, organizzato dalla Fondazione Mediterranea, ha evidenziato le origini reggini della famiglia dell'intellettuale nativo di Salerno\",\"breadcrumb\":{\"@id\":\"https:\/\/progettotouring.it\/radiotouring104\/2025\/05\/22\/palazzo-san-giorgio-incontro-sulla-figura-del-poeta-alfonso-gatto\/#breadcrumb\"},\"inLanguage\":\"it-IT\",\"potentialAction\":[{\"@type\":\"ReadAction\",\"target\":[\"https:\/\/progettotouring.it\/radiotouring104\/2025\/05\/22\/palazzo-san-giorgio-incontro-sulla-figura-del-poeta-alfonso-gatto\/\"]}]},{\"@type\":\"ImageObject\",\"inLanguage\":\"it-IT\",\"@id\":\"https:\/\/progettotouring.it\/radiotouring104\/2025\/05\/22\/palazzo-san-giorgio-incontro-sulla-figura-del-poeta-alfonso-gatto\/#primaryimage\",\"url\":\"https:\/\/progettotouring.it\/radiotouring104\/wp-content\/uploads\/sites\/6\/2025\/05\/gatto.jpg\",\"contentUrl\":\"https:\/\/progettotouring.it\/radiotouring104\/wp-content\/uploads\/sites\/6\/2025\/05\/gatto.jpg\",\"width\":1920,\"height\":1080},{\"@type\":\"BreadcrumbList\",\"@id\":\"https:\/\/progettotouring.it\/radiotouring104\/2025\/05\/22\/palazzo-san-giorgio-incontro-sulla-figura-del-poeta-alfonso-gatto\/#breadcrumb\",\"itemListElement\":[{\"@type\":\"ListItem\",\"position\":1,\"name\":\"Home\",\"item\":\"https:\/\/progettotouring.it\/radiotouring104\/\"},{\"@type\":\"ListItem\",\"position\":2,\"name\":\"Palazzo San Giorgio: incontro sulla figura del poeta Alfonso Gatto\"}]},{\"@type\":\"WebSite\",\"@id\":\"https:\/\/progettotouring.it\/radiotouring104\/#website\",\"url\":\"https:\/\/progettotouring.it\/radiotouring104\/\",\"name\":\"Radio Touring 104\",\"description\":\"La prima radio Reggina\",\"publisher\":{\"@id\":\"https:\/\/progettotouring.it\/radiotouring104\/#organization\"},\"potentialAction\":[{\"@type\":\"SearchAction\",\"target\":{\"@type\":\"EntryPoint\",\"urlTemplate\":\"https:\/\/progettotouring.it\/radiotouring104\/?s={search_term_string}\"},\"query-input\":{\"@type\":\"PropertyValueSpecification\",\"valueRequired\":true,\"valueName\":\"search_term_string\"}}],\"inLanguage\":\"it-IT\"},{\"@type\":\"Organization\",\"@id\":\"https:\/\/progettotouring.it\/radiotouring104\/#organization\",\"name\":\"Radio Touring 104\",\"url\":\"https:\/\/progettotouring.it\/radiotouring104\/\",\"logo\":{\"@type\":\"ImageObject\",\"inLanguage\":\"it-IT\",\"@id\":\"https:\/\/progettotouring.it\/radiotouring104\/#\/schema\/logo\/image\/\",\"url\":\"https:\/\/progettotouring.it\/radiotouring104\/wp-content\/uploads\/sites\/6\/2022\/02\/cropped-logo-radio-touring-104.png\",\"contentUrl\":\"https:\/\/progettotouring.it\/radiotouring104\/wp-content\/uploads\/sites\/6\/2022\/02\/cropped-logo-radio-touring-104.png\",\"width\":377,\"height\":182,\"caption\":\"Radio Touring 104\"},\"image\":{\"@id\":\"https:\/\/progettotouring.it\/radiotouring104\/#\/schema\/logo\/image\/\"}},{\"@type\":\"Person\",\"@id\":\"https:\/\/progettotouring.it\/radiotouring104\/#\/schema\/person\/b9f9c3730b0a78814c9b9f3bfc52c619\",\"name\":\"S L\",\"image\":{\"@type\":\"ImageObject\",\"inLanguage\":\"it-IT\",\"@id\":\"https:\/\/secure.gravatar.com\/avatar\/652c51789d7030aaed9ff828331360502a68204fe6fb0831bc280515210e16d2?s=96&d=mm&r=g\",\"url\":\"https:\/\/secure.gravatar.com\/avatar\/652c51789d7030aaed9ff828331360502a68204fe6fb0831bc280515210e16d2?s=96&d=mm&r=g\",\"contentUrl\":\"https:\/\/secure.gravatar.com\/avatar\/652c51789d7030aaed9ff828331360502a68204fe6fb0831bc280515210e16d2?s=96&d=mm&r=g\",\"caption\":\"S L\"},\"url\":\"https:\/\/progettotouring.it\/radiotouring104\/author\/slibri\/\"}]}<\/script>\n<!-- \/ Yoast SEO plugin. -->","yoast_head_json":{"title":"Palazzo San Giorgio: incontro sulla figura del poeta Alfonso Gatto - Radio Touring 104","description":"evento, organizzato dalla Fondazione Mediterranea, ha evidenziato le origini reggini della famiglia dell'intellettuale nativo di Salerno","robots":{"index":"index","follow":"follow","max-snippet":"max-snippet:-1","max-image-preview":"max-image-preview:large","max-video-preview":"max-video-preview:-1"},"canonical":"https:\/\/progettotouring.it\/radiotouring104\/2025\/05\/22\/palazzo-san-giorgio-incontro-sulla-figura-del-poeta-alfonso-gatto\/","og_locale":"it_IT","og_type":"article","og_title":"Palazzo San Giorgio: incontro sulla figura del poeta Alfonso Gatto - Radio Touring 104","og_description":"evento, organizzato dalla Fondazione Mediterranea, ha evidenziato le origini reggini della famiglia dell'intellettuale nativo di Salerno","og_url":"https:\/\/progettotouring.it\/radiotouring104\/2025\/05\/22\/palazzo-san-giorgio-incontro-sulla-figura-del-poeta-alfonso-gatto\/","og_site_name":"Radio Touring 104","article_published_time":"2025-05-22T20:56:40+00:00","og_image":[{"width":1920,"height":1080,"url":"https:\/\/progettotouring.it\/radiotouring104\/wp-content\/uploads\/sites\/6\/2025\/05\/gatto.jpg","type":"image\/jpeg"}],"author":"S L","twitter_card":"summary_large_image","twitter_misc":{"Scritto da":"S L","Tempo di lettura stimato":"2 minuti"},"schema":{"@context":"https:\/\/schema.org","@graph":[{"@type":"Article","@id":"https:\/\/progettotouring.it\/radiotouring104\/2025\/05\/22\/palazzo-san-giorgio-incontro-sulla-figura-del-poeta-alfonso-gatto\/#article","isPartOf":{"@id":"https:\/\/progettotouring.it\/radiotouring104\/2025\/05\/22\/palazzo-san-giorgio-incontro-sulla-figura-del-poeta-alfonso-gatto\/"},"author":{"name":"S L","@id":"https:\/\/progettotouring.it\/radiotouring104\/#\/schema\/person\/b9f9c3730b0a78814c9b9f3bfc52c619"},"headline":"Palazzo San Giorgio: incontro sulla figura del poeta Alfonso Gatto","datePublished":"2025-05-22T20:56:40+00:00","mainEntityOfPage":{"@id":"https:\/\/progettotouring.it\/radiotouring104\/2025\/05\/22\/palazzo-san-giorgio-incontro-sulla-figura-del-poeta-alfonso-gatto\/"},"wordCount":454,"publisher":{"@id":"https:\/\/progettotouring.it\/radiotouring104\/#organization"},"image":{"@id":"https:\/\/progettotouring.it\/radiotouring104\/2025\/05\/22\/palazzo-san-giorgio-incontro-sulla-figura-del-poeta-alfonso-gatto\/#primaryimage"},"thumbnailUrl":"https:\/\/progettotouring.it\/radiotouring104\/wp-content\/uploads\/sites\/6\/2025\/05\/gatto.jpg","articleSection":["Home","News","Reggio Calabria"],"inLanguage":"it-IT"},{"@type":"WebPage","@id":"https:\/\/progettotouring.it\/radiotouring104\/2025\/05\/22\/palazzo-san-giorgio-incontro-sulla-figura-del-poeta-alfonso-gatto\/","url":"https:\/\/progettotouring.it\/radiotouring104\/2025\/05\/22\/palazzo-san-giorgio-incontro-sulla-figura-del-poeta-alfonso-gatto\/","name":"Palazzo San Giorgio: incontro sulla figura del poeta Alfonso Gatto - Radio Touring 104","isPartOf":{"@id":"https:\/\/progettotouring.it\/radiotouring104\/#website"},"primaryImageOfPage":{"@id":"https:\/\/progettotouring.it\/radiotouring104\/2025\/05\/22\/palazzo-san-giorgio-incontro-sulla-figura-del-poeta-alfonso-gatto\/#primaryimage"},"image":{"@id":"https:\/\/progettotouring.it\/radiotouring104\/2025\/05\/22\/palazzo-san-giorgio-incontro-sulla-figura-del-poeta-alfonso-gatto\/#primaryimage"},"thumbnailUrl":"https:\/\/progettotouring.it\/radiotouring104\/wp-content\/uploads\/sites\/6\/2025\/05\/gatto.jpg","datePublished":"2025-05-22T20:56:40+00:00","description":"evento, organizzato dalla Fondazione Mediterranea, ha evidenziato le origini reggini della famiglia dell'intellettuale nativo di Salerno","breadcrumb":{"@id":"https:\/\/progettotouring.it\/radiotouring104\/2025\/05\/22\/palazzo-san-giorgio-incontro-sulla-figura-del-poeta-alfonso-gatto\/#breadcrumb"},"inLanguage":"it-IT","potentialAction":[{"@type":"ReadAction","target":["https:\/\/progettotouring.it\/radiotouring104\/2025\/05\/22\/palazzo-san-giorgio-incontro-sulla-figura-del-poeta-alfonso-gatto\/"]}]},{"@type":"ImageObject","inLanguage":"it-IT","@id":"https:\/\/progettotouring.it\/radiotouring104\/2025\/05\/22\/palazzo-san-giorgio-incontro-sulla-figura-del-poeta-alfonso-gatto\/#primaryimage","url":"https:\/\/progettotouring.it\/radiotouring104\/wp-content\/uploads\/sites\/6\/2025\/05\/gatto.jpg","contentUrl":"https:\/\/progettotouring.it\/radiotouring104\/wp-content\/uploads\/sites\/6\/2025\/05\/gatto.jpg","width":1920,"height":1080},{"@type":"BreadcrumbList","@id":"https:\/\/progettotouring.it\/radiotouring104\/2025\/05\/22\/palazzo-san-giorgio-incontro-sulla-figura-del-poeta-alfonso-gatto\/#breadcrumb","itemListElement":[{"@type":"ListItem","position":1,"name":"Home","item":"https:\/\/progettotouring.it\/radiotouring104\/"},{"@type":"ListItem","position":2,"name":"Palazzo San Giorgio: incontro sulla figura del poeta Alfonso Gatto"}]},{"@type":"WebSite","@id":"https:\/\/progettotouring.it\/radiotouring104\/#website","url":"https:\/\/progettotouring.it\/radiotouring104\/","name":"Radio Touring 104","description":"La prima radio Reggina","publisher":{"@id":"https:\/\/progettotouring.it\/radiotouring104\/#organization"},"potentialAction":[{"@type":"SearchAction","target":{"@type":"EntryPoint","urlTemplate":"https:\/\/progettotouring.it\/radiotouring104\/?s={search_term_string}"},"query-input":{"@type":"PropertyValueSpecification","valueRequired":true,"valueName":"search_term_string"}}],"inLanguage":"it-IT"},{"@type":"Organization","@id":"https:\/\/progettotouring.it\/radiotouring104\/#organization","name":"Radio Touring 104","url":"https:\/\/progettotouring.it\/radiotouring104\/","logo":{"@type":"ImageObject","inLanguage":"it-IT","@id":"https:\/\/progettotouring.it\/radiotouring104\/#\/schema\/logo\/image\/","url":"https:\/\/progettotouring.it\/radiotouring104\/wp-content\/uploads\/sites\/6\/2022\/02\/cropped-logo-radio-touring-104.png","contentUrl":"https:\/\/progettotouring.it\/radiotouring104\/wp-content\/uploads\/sites\/6\/2022\/02\/cropped-logo-radio-touring-104.png","width":377,"height":182,"caption":"Radio Touring 104"},"image":{"@id":"https:\/\/progettotouring.it\/radiotouring104\/#\/schema\/logo\/image\/"}},{"@type":"Person","@id":"https:\/\/progettotouring.it\/radiotouring104\/#\/schema\/person\/b9f9c3730b0a78814c9b9f3bfc52c619","name":"S L","image":{"@type":"ImageObject","inLanguage":"it-IT","@id":"https:\/\/secure.gravatar.com\/avatar\/652c51789d7030aaed9ff828331360502a68204fe6fb0831bc280515210e16d2?s=96&d=mm&r=g","url":"https:\/\/secure.gravatar.com\/avatar\/652c51789d7030aaed9ff828331360502a68204fe6fb0831bc280515210e16d2?s=96&d=mm&r=g","contentUrl":"https:\/\/secure.gravatar.com\/avatar\/652c51789d7030aaed9ff828331360502a68204fe6fb0831bc280515210e16d2?s=96&d=mm&r=g","caption":"S L"},"url":"https:\/\/progettotouring.it\/radiotouring104\/author\/slibri\/"}]}},"jetpack_publicize_connections":[],"jetpack_featured_media_url":"https:\/\/progettotouring.it\/radiotouring104\/wp-content\/uploads\/sites\/6\/2025\/05\/gatto.jpg","jetpack_sharing_enabled":true,"_links":{"self":[{"href":"https:\/\/progettotouring.it\/radiotouring104\/wp-json\/wp\/v2\/posts\/74380","targetHints":{"allow":["GET"]}}],"collection":[{"href":"https:\/\/progettotouring.it\/radiotouring104\/wp-json\/wp\/v2\/posts"}],"about":[{"href":"https:\/\/progettotouring.it\/radiotouring104\/wp-json\/wp\/v2\/types\/post"}],"author":[{"embeddable":true,"href":"https:\/\/progettotouring.it\/radiotouring104\/wp-json\/wp\/v2\/users\/19"}],"replies":[{"embeddable":true,"href":"https:\/\/progettotouring.it\/radiotouring104\/wp-json\/wp\/v2\/comments?post=74380"}],"version-history":[{"count":1,"href":"https:\/\/progettotouring.it\/radiotouring104\/wp-json\/wp\/v2\/posts\/74380\/revisions"}],"predecessor-version":[{"id":74382,"href":"https:\/\/progettotouring.it\/radiotouring104\/wp-json\/wp\/v2\/posts\/74380\/revisions\/74382"}],"wp:featuredmedia":[{"embeddable":true,"href":"https:\/\/progettotouring.it\/radiotouring104\/wp-json\/wp\/v2\/media\/74381"}],"wp:attachment":[{"href":"https:\/\/progettotouring.it\/radiotouring104\/wp-json\/wp\/v2\/media?parent=74380"}],"wp:term":[{"taxonomy":"category","embeddable":true,"href":"https:\/\/progettotouring.it\/radiotouring104\/wp-json\/wp\/v2\/categories?post=74380"},{"taxonomy":"post_tag","embeddable":true,"href":"https:\/\/progettotouring.it\/radiotouring104\/wp-json\/wp\/v2\/tags?post=74380"}],"curies":[{"name":"wp","href":"https:\/\/api.w.org\/{rel}","templated":true}]}}