{"id":74398,"date":"2025-05-23T09:32:47","date_gmt":"2025-05-23T07:32:47","guid":{"rendered":"https:\/\/progettotouring.it\/radiotouring104\/?p=74398"},"modified":"2025-05-23T09:32:47","modified_gmt":"2025-05-23T07:32:47","slug":"domotek-volley-mister-vitetta-settore-giovanile-importante-guardiamo-con-ottimismo-al-futuro","status":"publish","type":"post","link":"https:\/\/progettotouring.it\/radiotouring104\/2025\/05\/23\/domotek-volley-mister-vitetta-settore-giovanile-importante-guardiamo-con-ottimismo-al-futuro\/","title":{"rendered":"Domotek Volley, Mister Vitetta: &#8220;Settore Giovanile importante, guardiamo con ottimismo al futuro&#8221;"},"content":{"rendered":"<p>Una giornata importante per il volley reggino e calabrese. Mentre la societ\u00e0 lavora per la prossima stagione in Serie A3, il settore giovanile amaranto diventa host con l&#8217;organizzazione della fase finale regionale giovanile di Volley S3, giocata al Palacalafiore. Sei campi allestiti, centinaia di giovani atleti e un&#8217;atmosfera di festa: \u00e8 lo spettacolo del mini-volley che conquista Reggio.<\/p>\n<p>Ne abbiamo parlato con un volto glorioso ed operativo del volley reggino, Mister Nuccio Vitetta, oggi al servizio, con la passione di sempre per i colori amaranto.<\/p>\n<p>\u201cChe giornata \u00e8 stata? Una bellissima giornata, i ragazzi si stanno divertendo ed \u00e8 la cosa pi\u00f9 importante&#8221;, esordisce Nuccio Vitetta, pilastro del nuovo settore giovanile Domotek insieme a Mirko Munaf\u00f2 e Francesco Giglio. &#8220;Siamo contenti: arriviamo da un Palacalafiore straordinario, con 4500 persone a sostenere i nostri progetti in A al coinvolgimento di tante famiglie oggi, in occasione dell\u2019evento federale. Ora vogliamo incrementare questo entusiasmo&#8221;.<\/p>\n<p>&#8220;Siamo partiti da un progetto ambizioso e gi\u00e0 abbiamo due finali regionali. Sono piccoli passi, ma significativi e vogliamo crescere ogni giorno di pi\u00f9 anche grazie al volano della prima squadra. Una societ\u00e0 di Serie A3 deve avere un settore giovanile di valore e prospettiva&#8221;.<\/p>\n<p>&#8220;Sono passati tantissimi anni dal volley di alto livello in citt\u00e0, \u00e8 un altro mondo. I ragazzi sono diversi, lo sport \u00e8 cambiato. Noi dobbiamo costruire, guardare avanti e migliorare sempre&#8221;.<\/p>\n<p>L\u2019ambiente Domotek, intanto, si conferma un modello di professionalit\u00e0 e famiglia: &#8220;Ho 43 anni di esperienza, dai pi\u00f9 piccoli ai grandi, e qui ho trovato una societ\u00e0 che vuole crescere. Per un allenatore, \u00e8 la cosa pi\u00f9 bella&#8221;.<\/p>\n<p>Con la prima squadra che ha fatto sognare Reggio mancando solo &#8220;la ciliegina sulla torta&#8221;, l\u2019obiettivo ora \u00e8 consolidare il percorso: &#8220;Migliorare sar\u00e0 complicato, ma ci proveremo.&#8221;<\/p>\n<p>Oggi, per\u00f2, \u00e8 il giorno dei pi\u00f9 piccoli: &#8220;Il volley \u00e8 anche questo: divertimento, passione e voglia di crescere insieme&#8221;.<\/p>\n","protected":false},"excerpt":{"rendered":"<p>Una giornata importante per il volley reggino e calabrese. Mentre la societ\u00e0 lavora per la prossima stagione in Serie A3, il settore giovanile amaranto diventa host con l&#8217;organizzazione della fase&hellip;<\/p>\n","protected":false},"author":12,"featured_media":74399,"comment_status":"closed","ping_status":"open","sticky":false,"template":"","format":"standard","meta":{"_jetpack_memberships_contains_paid_content":false,"footnotes":"","jetpack_publicize_message":"","jetpack_publicize_feature_enabled":true,"jetpack_social_post_already_shared":true,"jetpack_social_options":{"image_generator_settings":{"template":"highway","default_image_id":0,"font":"","enabled":false},"version":2}},"categories":[196,140,144],"tags":[26780,43918,43919,43921,43917,43920],"class_list":["post-74398","post","type-post","status-publish","format-standard","has-post-thumbnail","hentry","category-news","category-reggio-calabria","category-sport","tag-domotek-volley-reggio-calabria","tag-fase-finale-regionale-giovanile-di-volley-s3","tag-fase-finale-regionale-giovanile-di-volley-s3-organizzato-dalla-domotek","tag-guardiamo-con-ottimismo-al-futuro","tag-mister-nuccio-vitetta","tag-settore-giovanile-florido"],"yoast_head":"<!-- This site is optimized with the Yoast SEO plugin v27.2 - https:\/\/yoast.com\/product\/yoast-seo-wordpress\/ -->\n<title>Domotek Volley, Mister Vitetta: &quot;Settore Giovanile importante, guardiamo con ottimismo al futuro&quot; - Radio Touring 104<\/title>\n<meta name=\"description\" content=\"Il tecnico commenta la fase finale regionale giovanile di Volley S3, evento organizzato dalla societ\u00e0 reggina di volley\" \/>\n<meta name=\"robots\" content=\"index, follow, max-snippet:-1, max-image-preview:large, max-video-preview:-1\" \/>\n<link rel=\"canonical\" href=\"https:\/\/progettotouring.it\/radiotouring104\/2025\/05\/23\/domotek-volley-mister-vitetta-settore-giovanile-importante-guardiamo-con-ottimismo-al-futuro\/\" \/>\n<meta property=\"og:locale\" content=\"it_IT\" \/>\n<meta property=\"og:type\" content=\"article\" \/>\n<meta property=\"og:title\" content=\"Domotek Volley, Mister Vitetta: &quot;Settore Giovanile importante, guardiamo con ottimismo al futuro&quot; - Radio Touring 104\" \/>\n<meta property=\"og:description\" content=\"Il tecnico commenta la fase finale regionale giovanile di Volley S3, evento organizzato dalla societ\u00e0 reggina di volley\" \/>\n<meta property=\"og:url\" content=\"https:\/\/progettotouring.it\/radiotouring104\/2025\/05\/23\/domotek-volley-mister-vitetta-settore-giovanile-importante-guardiamo-con-ottimismo-al-futuro\/\" \/>\n<meta property=\"og:site_name\" content=\"Radio Touring 104\" \/>\n<meta property=\"article:published_time\" content=\"2025-05-23T07:32:47+00:00\" \/>\n<meta property=\"og:image\" content=\"https:\/\/progettotouring.it\/radiotouring104\/wp-content\/uploads\/sites\/6\/2025\/05\/Mister-Nuccio-Vitetta-domotek-volley.png\" \/>\n\t<meta property=\"og:image:width\" content=\"1015\" \/>\n\t<meta property=\"og:image:height\" content=\"722\" \/>\n\t<meta property=\"og:image:type\" content=\"image\/png\" \/>\n<meta name=\"author\" content=\"Sebastiano Plutino\" \/>\n<meta name=\"twitter:card\" content=\"summary_large_image\" \/>\n<meta name=\"twitter:label1\" content=\"Scritto da\" \/>\n\t<meta name=\"twitter:data1\" content=\"Sebastiano Plutino\" \/>\n\t<meta name=\"twitter:label2\" content=\"Tempo di lettura stimato\" \/>\n\t<meta name=\"twitter:data2\" content=\"2 minuti\" \/>\n<script type=\"application\/ld+json\" class=\"yoast-schema-graph\">{\"@context\":\"https:\/\/schema.org\",\"@graph\":[{\"@type\":\"Article\",\"@id\":\"https:\/\/progettotouring.it\/radiotouring104\/2025\/05\/23\/domotek-volley-mister-vitetta-settore-giovanile-importante-guardiamo-con-ottimismo-al-futuro\/#article\",\"isPartOf\":{\"@id\":\"https:\/\/progettotouring.it\/radiotouring104\/2025\/05\/23\/domotek-volley-mister-vitetta-settore-giovanile-importante-guardiamo-con-ottimismo-al-futuro\/\"},\"author\":{\"name\":\"Sebastiano Plutino\",\"@id\":\"https:\/\/progettotouring.it\/radiotouring104\/#\/schema\/person\/78613917f1851f041f7483f5af1d422e\"},\"headline\":\"Domotek Volley, Mister Vitetta: &#8220;Settore Giovanile importante, guardiamo con ottimismo al futuro&#8221;\",\"datePublished\":\"2025-05-23T07:32:47+00:00\",\"mainEntityOfPage\":{\"@id\":\"https:\/\/progettotouring.it\/radiotouring104\/2025\/05\/23\/domotek-volley-mister-vitetta-settore-giovanile-importante-guardiamo-con-ottimismo-al-futuro\/\"},\"wordCount\":316,\"publisher\":{\"@id\":\"https:\/\/progettotouring.it\/radiotouring104\/#organization\"},\"image\":{\"@id\":\"https:\/\/progettotouring.it\/radiotouring104\/2025\/05\/23\/domotek-volley-mister-vitetta-settore-giovanile-importante-guardiamo-con-ottimismo-al-futuro\/#primaryimage\"},\"thumbnailUrl\":\"https:\/\/progettotouring.it\/radiotouring104\/wp-content\/uploads\/sites\/6\/2025\/05\/Mister-Nuccio-Vitetta-domotek-volley.png\",\"keywords\":[\"Domotek Volley Reggio Calabria\",\"fase finale regionale giovanile di Volley S3\",\"fase finale regionale giovanile di Volley S3 organizzato dalla Domotek\",\"guardiamo con ottimismo al futuro\",\"Mister Nuccio Vitetta\",\"settore giovanile florido\"],\"articleSection\":[\"News\",\"Reggio Calabria\",\"Sport\"],\"inLanguage\":\"it-IT\"},{\"@type\":\"WebPage\",\"@id\":\"https:\/\/progettotouring.it\/radiotouring104\/2025\/05\/23\/domotek-volley-mister-vitetta-settore-giovanile-importante-guardiamo-con-ottimismo-al-futuro\/\",\"url\":\"https:\/\/progettotouring.it\/radiotouring104\/2025\/05\/23\/domotek-volley-mister-vitetta-settore-giovanile-importante-guardiamo-con-ottimismo-al-futuro\/\",\"name\":\"Domotek Volley, Mister Vitetta: \\\"Settore Giovanile importante, guardiamo con ottimismo al futuro\\\" - Radio Touring 104\",\"isPartOf\":{\"@id\":\"https:\/\/progettotouring.it\/radiotouring104\/#website\"},\"primaryImageOfPage\":{\"@id\":\"https:\/\/progettotouring.it\/radiotouring104\/2025\/05\/23\/domotek-volley-mister-vitetta-settore-giovanile-importante-guardiamo-con-ottimismo-al-futuro\/#primaryimage\"},\"image\":{\"@id\":\"https:\/\/progettotouring.it\/radiotouring104\/2025\/05\/23\/domotek-volley-mister-vitetta-settore-giovanile-importante-guardiamo-con-ottimismo-al-futuro\/#primaryimage\"},\"thumbnailUrl\":\"https:\/\/progettotouring.it\/radiotouring104\/wp-content\/uploads\/sites\/6\/2025\/05\/Mister-Nuccio-Vitetta-domotek-volley.png\",\"datePublished\":\"2025-05-23T07:32:47+00:00\",\"description\":\"Il tecnico commenta la fase finale regionale giovanile di Volley S3, evento organizzato dalla societ\u00e0 reggina di volley\",\"breadcrumb\":{\"@id\":\"https:\/\/progettotouring.it\/radiotouring104\/2025\/05\/23\/domotek-volley-mister-vitetta-settore-giovanile-importante-guardiamo-con-ottimismo-al-futuro\/#breadcrumb\"},\"inLanguage\":\"it-IT\",\"potentialAction\":[{\"@type\":\"ReadAction\",\"target\":[\"https:\/\/progettotouring.it\/radiotouring104\/2025\/05\/23\/domotek-volley-mister-vitetta-settore-giovanile-importante-guardiamo-con-ottimismo-al-futuro\/\"]}]},{\"@type\":\"ImageObject\",\"inLanguage\":\"it-IT\",\"@id\":\"https:\/\/progettotouring.it\/radiotouring104\/2025\/05\/23\/domotek-volley-mister-vitetta-settore-giovanile-importante-guardiamo-con-ottimismo-al-futuro\/#primaryimage\",\"url\":\"https:\/\/progettotouring.it\/radiotouring104\/wp-content\/uploads\/sites\/6\/2025\/05\/Mister-Nuccio-Vitetta-domotek-volley.png\",\"contentUrl\":\"https:\/\/progettotouring.it\/radiotouring104\/wp-content\/uploads\/sites\/6\/2025\/05\/Mister-Nuccio-Vitetta-domotek-volley.png\",\"width\":1015,\"height\":722},{\"@type\":\"BreadcrumbList\",\"@id\":\"https:\/\/progettotouring.it\/radiotouring104\/2025\/05\/23\/domotek-volley-mister-vitetta-settore-giovanile-importante-guardiamo-con-ottimismo-al-futuro\/#breadcrumb\",\"itemListElement\":[{\"@type\":\"ListItem\",\"position\":1,\"name\":\"Home\",\"item\":\"https:\/\/progettotouring.it\/radiotouring104\/\"},{\"@type\":\"ListItem\",\"position\":2,\"name\":\"Domotek Volley, Mister Vitetta: &#8220;Settore Giovanile importante, guardiamo con ottimismo al futuro&#8221;\"}]},{\"@type\":\"WebSite\",\"@id\":\"https:\/\/progettotouring.it\/radiotouring104\/#website\",\"url\":\"https:\/\/progettotouring.it\/radiotouring104\/\",\"name\":\"Radio Touring 104\",\"description\":\"La prima radio Reggina\",\"publisher\":{\"@id\":\"https:\/\/progettotouring.it\/radiotouring104\/#organization\"},\"potentialAction\":[{\"@type\":\"SearchAction\",\"target\":{\"@type\":\"EntryPoint\",\"urlTemplate\":\"https:\/\/progettotouring.it\/radiotouring104\/?s={search_term_string}\"},\"query-input\":{\"@type\":\"PropertyValueSpecification\",\"valueRequired\":true,\"valueName\":\"search_term_string\"}}],\"inLanguage\":\"it-IT\"},{\"@type\":\"Organization\",\"@id\":\"https:\/\/progettotouring.it\/radiotouring104\/#organization\",\"name\":\"Radio Touring 104\",\"url\":\"https:\/\/progettotouring.it\/radiotouring104\/\",\"logo\":{\"@type\":\"ImageObject\",\"inLanguage\":\"it-IT\",\"@id\":\"https:\/\/progettotouring.it\/radiotouring104\/#\/schema\/logo\/image\/\",\"url\":\"https:\/\/progettotouring.it\/radiotouring104\/wp-content\/uploads\/sites\/6\/2022\/02\/cropped-logo-radio-touring-104.png\",\"contentUrl\":\"https:\/\/progettotouring.it\/radiotouring104\/wp-content\/uploads\/sites\/6\/2022\/02\/cropped-logo-radio-touring-104.png\",\"width\":377,\"height\":182,\"caption\":\"Radio Touring 104\"},\"image\":{\"@id\":\"https:\/\/progettotouring.it\/radiotouring104\/#\/schema\/logo\/image\/\"}},{\"@type\":\"Person\",\"@id\":\"https:\/\/progettotouring.it\/radiotouring104\/#\/schema\/person\/78613917f1851f041f7483f5af1d422e\",\"name\":\"Sebastiano Plutino\",\"image\":{\"@type\":\"ImageObject\",\"inLanguage\":\"it-IT\",\"@id\":\"https:\/\/secure.gravatar.com\/avatar\/0546ffaa9b79224faf9f2a156b67a529ae861d3287c66c1d8ccfdf909bcba78d?s=96&d=mm&r=g\",\"url\":\"https:\/\/secure.gravatar.com\/avatar\/0546ffaa9b79224faf9f2a156b67a529ae861d3287c66c1d8ccfdf909bcba78d?s=96&d=mm&r=g\",\"contentUrl\":\"https:\/\/secure.gravatar.com\/avatar\/0546ffaa9b79224faf9f2a156b67a529ae861d3287c66c1d8ccfdf909bcba78d?s=96&d=mm&r=g\",\"caption\":\"Sebastiano Plutino\"},\"url\":\"https:\/\/progettotouring.it\/radiotouring104\/author\/sebastiano\/\"}]}<\/script>\n<!-- \/ Yoast SEO plugin. -->","yoast_head_json":{"title":"Domotek Volley, Mister Vitetta: \"Settore Giovanile importante, guardiamo con ottimismo al futuro\" - Radio Touring 104","description":"Il tecnico commenta la fase finale regionale giovanile di Volley S3, evento organizzato dalla societ\u00e0 reggina di volley","robots":{"index":"index","follow":"follow","max-snippet":"max-snippet:-1","max-image-preview":"max-image-preview:large","max-video-preview":"max-video-preview:-1"},"canonical":"https:\/\/progettotouring.it\/radiotouring104\/2025\/05\/23\/domotek-volley-mister-vitetta-settore-giovanile-importante-guardiamo-con-ottimismo-al-futuro\/","og_locale":"it_IT","og_type":"article","og_title":"Domotek Volley, Mister Vitetta: \"Settore Giovanile importante, guardiamo con ottimismo al futuro\" - Radio Touring 104","og_description":"Il tecnico commenta la fase finale regionale giovanile di Volley S3, evento organizzato dalla societ\u00e0 reggina di volley","og_url":"https:\/\/progettotouring.it\/radiotouring104\/2025\/05\/23\/domotek-volley-mister-vitetta-settore-giovanile-importante-guardiamo-con-ottimismo-al-futuro\/","og_site_name":"Radio Touring 104","article_published_time":"2025-05-23T07:32:47+00:00","og_image":[{"width":1015,"height":722,"url":"https:\/\/progettotouring.it\/radiotouring104\/wp-content\/uploads\/sites\/6\/2025\/05\/Mister-Nuccio-Vitetta-domotek-volley.png","type":"image\/png"}],"author":"Sebastiano Plutino","twitter_card":"summary_large_image","twitter_misc":{"Scritto da":"Sebastiano Plutino","Tempo di lettura stimato":"2 minuti"},"schema":{"@context":"https:\/\/schema.org","@graph":[{"@type":"Article","@id":"https:\/\/progettotouring.it\/radiotouring104\/2025\/05\/23\/domotek-volley-mister-vitetta-settore-giovanile-importante-guardiamo-con-ottimismo-al-futuro\/#article","isPartOf":{"@id":"https:\/\/progettotouring.it\/radiotouring104\/2025\/05\/23\/domotek-volley-mister-vitetta-settore-giovanile-importante-guardiamo-con-ottimismo-al-futuro\/"},"author":{"name":"Sebastiano Plutino","@id":"https:\/\/progettotouring.it\/radiotouring104\/#\/schema\/person\/78613917f1851f041f7483f5af1d422e"},"headline":"Domotek Volley, Mister Vitetta: &#8220;Settore Giovanile importante, guardiamo con ottimismo al futuro&#8221;","datePublished":"2025-05-23T07:32:47+00:00","mainEntityOfPage":{"@id":"https:\/\/progettotouring.it\/radiotouring104\/2025\/05\/23\/domotek-volley-mister-vitetta-settore-giovanile-importante-guardiamo-con-ottimismo-al-futuro\/"},"wordCount":316,"publisher":{"@id":"https:\/\/progettotouring.it\/radiotouring104\/#organization"},"image":{"@id":"https:\/\/progettotouring.it\/radiotouring104\/2025\/05\/23\/domotek-volley-mister-vitetta-settore-giovanile-importante-guardiamo-con-ottimismo-al-futuro\/#primaryimage"},"thumbnailUrl":"https:\/\/progettotouring.it\/radiotouring104\/wp-content\/uploads\/sites\/6\/2025\/05\/Mister-Nuccio-Vitetta-domotek-volley.png","keywords":["Domotek Volley Reggio Calabria","fase finale regionale giovanile di Volley S3","fase finale regionale giovanile di Volley S3 organizzato dalla Domotek","guardiamo con ottimismo al futuro","Mister Nuccio Vitetta","settore giovanile florido"],"articleSection":["News","Reggio Calabria","Sport"],"inLanguage":"it-IT"},{"@type":"WebPage","@id":"https:\/\/progettotouring.it\/radiotouring104\/2025\/05\/23\/domotek-volley-mister-vitetta-settore-giovanile-importante-guardiamo-con-ottimismo-al-futuro\/","url":"https:\/\/progettotouring.it\/radiotouring104\/2025\/05\/23\/domotek-volley-mister-vitetta-settore-giovanile-importante-guardiamo-con-ottimismo-al-futuro\/","name":"Domotek Volley, Mister Vitetta: \"Settore Giovanile importante, guardiamo con ottimismo al futuro\" - Radio Touring 104","isPartOf":{"@id":"https:\/\/progettotouring.it\/radiotouring104\/#website"},"primaryImageOfPage":{"@id":"https:\/\/progettotouring.it\/radiotouring104\/2025\/05\/23\/domotek-volley-mister-vitetta-settore-giovanile-importante-guardiamo-con-ottimismo-al-futuro\/#primaryimage"},"image":{"@id":"https:\/\/progettotouring.it\/radiotouring104\/2025\/05\/23\/domotek-volley-mister-vitetta-settore-giovanile-importante-guardiamo-con-ottimismo-al-futuro\/#primaryimage"},"thumbnailUrl":"https:\/\/progettotouring.it\/radiotouring104\/wp-content\/uploads\/sites\/6\/2025\/05\/Mister-Nuccio-Vitetta-domotek-volley.png","datePublished":"2025-05-23T07:32:47+00:00","description":"Il tecnico commenta la fase finale regionale giovanile di Volley S3, evento organizzato dalla societ\u00e0 reggina di volley","breadcrumb":{"@id":"https:\/\/progettotouring.it\/radiotouring104\/2025\/05\/23\/domotek-volley-mister-vitetta-settore-giovanile-importante-guardiamo-con-ottimismo-al-futuro\/#breadcrumb"},"inLanguage":"it-IT","potentialAction":[{"@type":"ReadAction","target":["https:\/\/progettotouring.it\/radiotouring104\/2025\/05\/23\/domotek-volley-mister-vitetta-settore-giovanile-importante-guardiamo-con-ottimismo-al-futuro\/"]}]},{"@type":"ImageObject","inLanguage":"it-IT","@id":"https:\/\/progettotouring.it\/radiotouring104\/2025\/05\/23\/domotek-volley-mister-vitetta-settore-giovanile-importante-guardiamo-con-ottimismo-al-futuro\/#primaryimage","url":"https:\/\/progettotouring.it\/radiotouring104\/wp-content\/uploads\/sites\/6\/2025\/05\/Mister-Nuccio-Vitetta-domotek-volley.png","contentUrl":"https:\/\/progettotouring.it\/radiotouring104\/wp-content\/uploads\/sites\/6\/2025\/05\/Mister-Nuccio-Vitetta-domotek-volley.png","width":1015,"height":722},{"@type":"BreadcrumbList","@id":"https:\/\/progettotouring.it\/radiotouring104\/2025\/05\/23\/domotek-volley-mister-vitetta-settore-giovanile-importante-guardiamo-con-ottimismo-al-futuro\/#breadcrumb","itemListElement":[{"@type":"ListItem","position":1,"name":"Home","item":"https:\/\/progettotouring.it\/radiotouring104\/"},{"@type":"ListItem","position":2,"name":"Domotek Volley, Mister Vitetta: &#8220;Settore Giovanile importante, guardiamo con ottimismo al futuro&#8221;"}]},{"@type":"WebSite","@id":"https:\/\/progettotouring.it\/radiotouring104\/#website","url":"https:\/\/progettotouring.it\/radiotouring104\/","name":"Radio Touring 104","description":"La prima radio Reggina","publisher":{"@id":"https:\/\/progettotouring.it\/radiotouring104\/#organization"},"potentialAction":[{"@type":"SearchAction","target":{"@type":"EntryPoint","urlTemplate":"https:\/\/progettotouring.it\/radiotouring104\/?s={search_term_string}"},"query-input":{"@type":"PropertyValueSpecification","valueRequired":true,"valueName":"search_term_string"}}],"inLanguage":"it-IT"},{"@type":"Organization","@id":"https:\/\/progettotouring.it\/radiotouring104\/#organization","name":"Radio Touring 104","url":"https:\/\/progettotouring.it\/radiotouring104\/","logo":{"@type":"ImageObject","inLanguage":"it-IT","@id":"https:\/\/progettotouring.it\/radiotouring104\/#\/schema\/logo\/image\/","url":"https:\/\/progettotouring.it\/radiotouring104\/wp-content\/uploads\/sites\/6\/2022\/02\/cropped-logo-radio-touring-104.png","contentUrl":"https:\/\/progettotouring.it\/radiotouring104\/wp-content\/uploads\/sites\/6\/2022\/02\/cropped-logo-radio-touring-104.png","width":377,"height":182,"caption":"Radio Touring 104"},"image":{"@id":"https:\/\/progettotouring.it\/radiotouring104\/#\/schema\/logo\/image\/"}},{"@type":"Person","@id":"https:\/\/progettotouring.it\/radiotouring104\/#\/schema\/person\/78613917f1851f041f7483f5af1d422e","name":"Sebastiano Plutino","image":{"@type":"ImageObject","inLanguage":"it-IT","@id":"https:\/\/secure.gravatar.com\/avatar\/0546ffaa9b79224faf9f2a156b67a529ae861d3287c66c1d8ccfdf909bcba78d?s=96&d=mm&r=g","url":"https:\/\/secure.gravatar.com\/avatar\/0546ffaa9b79224faf9f2a156b67a529ae861d3287c66c1d8ccfdf909bcba78d?s=96&d=mm&r=g","contentUrl":"https:\/\/secure.gravatar.com\/avatar\/0546ffaa9b79224faf9f2a156b67a529ae861d3287c66c1d8ccfdf909bcba78d?s=96&d=mm&r=g","caption":"Sebastiano Plutino"},"url":"https:\/\/progettotouring.it\/radiotouring104\/author\/sebastiano\/"}]}},"jetpack_publicize_connections":[],"jetpack_featured_media_url":"https:\/\/progettotouring.it\/radiotouring104\/wp-content\/uploads\/sites\/6\/2025\/05\/Mister-Nuccio-Vitetta-domotek-volley.png","jetpack_sharing_enabled":true,"_links":{"self":[{"href":"https:\/\/progettotouring.it\/radiotouring104\/wp-json\/wp\/v2\/posts\/74398","targetHints":{"allow":["GET"]}}],"collection":[{"href":"https:\/\/progettotouring.it\/radiotouring104\/wp-json\/wp\/v2\/posts"}],"about":[{"href":"https:\/\/progettotouring.it\/radiotouring104\/wp-json\/wp\/v2\/types\/post"}],"author":[{"embeddable":true,"href":"https:\/\/progettotouring.it\/radiotouring104\/wp-json\/wp\/v2\/users\/12"}],"replies":[{"embeddable":true,"href":"https:\/\/progettotouring.it\/radiotouring104\/wp-json\/wp\/v2\/comments?post=74398"}],"version-history":[{"count":1,"href":"https:\/\/progettotouring.it\/radiotouring104\/wp-json\/wp\/v2\/posts\/74398\/revisions"}],"predecessor-version":[{"id":74400,"href":"https:\/\/progettotouring.it\/radiotouring104\/wp-json\/wp\/v2\/posts\/74398\/revisions\/74400"}],"wp:featuredmedia":[{"embeddable":true,"href":"https:\/\/progettotouring.it\/radiotouring104\/wp-json\/wp\/v2\/media\/74399"}],"wp:attachment":[{"href":"https:\/\/progettotouring.it\/radiotouring104\/wp-json\/wp\/v2\/media?parent=74398"}],"wp:term":[{"taxonomy":"category","embeddable":true,"href":"https:\/\/progettotouring.it\/radiotouring104\/wp-json\/wp\/v2\/categories?post=74398"},{"taxonomy":"post_tag","embeddable":true,"href":"https:\/\/progettotouring.it\/radiotouring104\/wp-json\/wp\/v2\/tags?post=74398"}],"curies":[{"name":"wp","href":"https:\/\/api.w.org\/{rel}","templated":true}]}}