{"id":74403,"date":"2025-05-23T09:58:00","date_gmt":"2025-05-23T07:58:00","guid":{"rendered":"https:\/\/progettotouring.it\/radiotouring104\/?p=74403"},"modified":"2025-05-23T09:58:00","modified_gmt":"2025-05-23T07:58:00","slug":"al-liceo-einaudi-alvaro-di-palmi-il-convegno-apicoltura-e-agricoltura-sostenibili-a-salvaguardia-della-biodiversita","status":"publish","type":"post","link":"https:\/\/progettotouring.it\/radiotouring104\/2025\/05\/23\/al-liceo-einaudi-alvaro-di-palmi-il-convegno-apicoltura-e-agricoltura-sostenibili-a-salvaguardia-della-biodiversita\/","title":{"rendered":"Al Liceo &#8220;Einaudi Alvaro&#8221; di Palmi il convegno \u201cApicoltura e agricoltura sostenibili a salvaguardia della biodiversit\u00e0\u201d."},"content":{"rendered":"<p>Mercoled\u00ec 21 maggio, presso l\u2019Aula Magna dell\u2019I.I.S. \u201cEinaudi- Alvaro\u201d di Palmi si \u00e8 tenuto il Convegno a cura del Lions Club Palmi dal titolo \u201cApicoltura e agricoltura sostenibili a salvaguardia della biodiversit\u00e0\u201d.<\/p>\n<p>L\u2019evento ha visto coinvolte le Classi del biennio dell\u2019Istituto Tecnico Agrario (ITA) e le classi prima e terza dell\u2019Istituto Tecnico Economico (ITE).<\/p>\n<p>Dopo i saluti istituzionali, sono intervenuti il Dott. Agr. Francesco Pizzi, Responsabile dell&#8217;Ufficio Tecnico Area Grecanica-Confagricoltura Reggio Calabria e il Dott. Agr. Daniela Simone, \u00a0Responsabile dell&#8217;Ufficio Tecnico Area Gioia Tauro-Confagricoltura Reggio Calabria.<\/p>\n<p>Gli interventi hanno messo in evidenza come l\u2019integrazione di pratiche apistiche e agricole sostenibili rappresentino una strategia chiave per conservare la biodiversit\u00e0, garantendo sistemi alimentari resilienti e un equilibrio ecologico duraturo e hanno sottolineato, altres\u00ec, la necessit\u00e0 della promozione di politiche e iniziative che favoriscano questa sinergia per il benessere del pianeta e delle generazioni future. Le conclusioni della manifestazione sono state a cura del dott. Giovanni Barone, Presidente XI Circoscrizione Lions Club.<\/p>\n<p>La giornata \u00e8 terminata con la donazione, da parte del Lions Club di Palmi, di quattro famiglie di api che sono state travasate nelle arnie dell\u2019\u201cOasi apistica\u201d dell\u2019azienda dell\u2019Istituto Tecnico Agrario.<\/p>\n<p>Si ringrazia per il contributo degli intervenuti nell\u2019acquisto dei prodotti del \u201cMercatino Solidale\u201d e per l\u2019apprezzamento del tappeto artistico a tema esposto nell\u2019Aula Magna.<\/p>\n<p>L\u2019iniziativa \u00e8 stata fortemente sostenuta dal Dirigente Scolastico Dott. Giuseppe Eburnea e dai loro collaboratori, prof. Riccardo Rossetti vicario del DS e prof.ssa Ottavia Silvana Morgante.<\/p>\n<p>&nbsp;<\/p>\n<p>&nbsp;<\/p>\n","protected":false},"excerpt":{"rendered":"<p>Mercoled\u00ec 21 maggio, presso l\u2019Aula Magna dell\u2019I.I.S. \u201cEinaudi- Alvaro\u201d di Palmi si \u00e8 tenuto il Convegno a cura del Lions Club Palmi dal titolo \u201cApicoltura e agricoltura sostenibili a salvaguardia&hellip;<\/p>\n","protected":false},"author":12,"featured_media":74404,"comment_status":"closed","ping_status":"open","sticky":false,"template":"","format":"standard","meta":{"_jetpack_memberships_contains_paid_content":false,"footnotes":"","jetpack_publicize_message":"","jetpack_publicize_feature_enabled":true,"jetpack_social_post_already_shared":true,"jetpack_social_options":{"image_generator_settings":{"template":"highway","default_image_id":0,"font":"","enabled":false},"version":2}},"categories":[921,196,140],"tags":[43922,2209,43924,43923,40225,38217],"class_list":["post-74403","post","type-post","status-publish","format-standard","has-post-thumbnail","hentry","category-home","category-news","category-reggio-calabria","tag-i-i-s-einaudi-alvaro-di-palmi","tag-convegno","tag-daniela-simone","tag-dott-francesco-pizzi","tag-dott-giuseppe-eburnea","tag-lions-di-palmi"],"yoast_head":"<!-- This site is optimized with the Yoast SEO plugin v27.2 - https:\/\/yoast.com\/product\/yoast-seo-wordpress\/ -->\n<title>Palmi: al Liceo Alvaro convegno sulla Biodiversit\u00e0<\/title>\n<meta name=\"description\" content=\"Il Liceo Einaudi Alvaro ha ospitato, mercoled\u00ec 21 maggio, presso i locali del suo istituto, il convegno promosso dal Lions Palmi\" \/>\n<meta name=\"robots\" content=\"index, follow, max-snippet:-1, max-image-preview:large, max-video-preview:-1\" \/>\n<link rel=\"canonical\" href=\"https:\/\/progettotouring.it\/radiotouring104\/2025\/05\/23\/al-liceo-einaudi-alvaro-di-palmi-il-convegno-apicoltura-e-agricoltura-sostenibili-a-salvaguardia-della-biodiversita\/\" \/>\n<meta property=\"og:locale\" content=\"it_IT\" \/>\n<meta property=\"og:type\" content=\"article\" \/>\n<meta property=\"og:title\" content=\"Palmi: al Liceo Alvaro convegno sulla Biodiversit\u00e0\" \/>\n<meta property=\"og:description\" content=\"Il Liceo Einaudi Alvaro ha ospitato, mercoled\u00ec 21 maggio, presso i locali del suo istituto, il convegno promosso dal Lions Palmi\" \/>\n<meta property=\"og:url\" content=\"https:\/\/progettotouring.it\/radiotouring104\/2025\/05\/23\/al-liceo-einaudi-alvaro-di-palmi-il-convegno-apicoltura-e-agricoltura-sostenibili-a-salvaguardia-della-biodiversita\/\" \/>\n<meta property=\"og:site_name\" content=\"Radio Touring 104\" \/>\n<meta property=\"article:published_time\" content=\"2025-05-23T07:58:00+00:00\" \/>\n<meta property=\"og:image\" content=\"https:\/\/progettotouring.it\/radiotouring104\/wp-content\/uploads\/sites\/6\/2025\/05\/LICEO-ALVARO-LIONS-PALMI-CONVEGNO-BIODIVERSITA.jpeg\" \/>\n\t<meta property=\"og:image:width\" content=\"1600\" \/>\n\t<meta property=\"og:image:height\" content=\"1200\" \/>\n\t<meta property=\"og:image:type\" content=\"image\/jpeg\" \/>\n<meta name=\"author\" content=\"Sebastiano Plutino\" \/>\n<meta name=\"twitter:card\" content=\"summary_large_image\" \/>\n<meta name=\"twitter:label1\" content=\"Scritto da\" \/>\n\t<meta name=\"twitter:data1\" content=\"Sebastiano Plutino\" \/>\n\t<meta name=\"twitter:label2\" content=\"Tempo di lettura stimato\" \/>\n\t<meta name=\"twitter:data2\" content=\"1 minuto\" \/>\n<script type=\"application\/ld+json\" class=\"yoast-schema-graph\">{\"@context\":\"https:\/\/schema.org\",\"@graph\":[{\"@type\":\"Article\",\"@id\":\"https:\/\/progettotouring.it\/radiotouring104\/2025\/05\/23\/al-liceo-einaudi-alvaro-di-palmi-il-convegno-apicoltura-e-agricoltura-sostenibili-a-salvaguardia-della-biodiversita\/#article\",\"isPartOf\":{\"@id\":\"https:\/\/progettotouring.it\/radiotouring104\/2025\/05\/23\/al-liceo-einaudi-alvaro-di-palmi-il-convegno-apicoltura-e-agricoltura-sostenibili-a-salvaguardia-della-biodiversita\/\"},\"author\":{\"name\":\"Sebastiano Plutino\",\"@id\":\"https:\/\/progettotouring.it\/radiotouring104\/#\/schema\/person\/78613917f1851f041f7483f5af1d422e\"},\"headline\":\"Al Liceo &#8220;Einaudi Alvaro&#8221; di Palmi il convegno \u201cApicoltura e agricoltura sostenibili a salvaguardia della biodiversit\u00e0\u201d.\",\"datePublished\":\"2025-05-23T07:58:00+00:00\",\"mainEntityOfPage\":{\"@id\":\"https:\/\/progettotouring.it\/radiotouring104\/2025\/05\/23\/al-liceo-einaudi-alvaro-di-palmi-il-convegno-apicoltura-e-agricoltura-sostenibili-a-salvaguardia-della-biodiversita\/\"},\"wordCount\":270,\"publisher\":{\"@id\":\"https:\/\/progettotouring.it\/radiotouring104\/#organization\"},\"image\":{\"@id\":\"https:\/\/progettotouring.it\/radiotouring104\/2025\/05\/23\/al-liceo-einaudi-alvaro-di-palmi-il-convegno-apicoltura-e-agricoltura-sostenibili-a-salvaguardia-della-biodiversita\/#primaryimage\"},\"thumbnailUrl\":\"https:\/\/progettotouring.it\/radiotouring104\/wp-content\/uploads\/sites\/6\/2025\/05\/LICEO-ALVARO-LIONS-PALMI-CONVEGNO-BIODIVERSITA.jpeg\",\"keywords\":[\"\u2019I.I.S. \u201cEinaudi- Alvaro\u201d di Palmi\",\"convegno\",\"Daniela Simone\",\"Dott. Francesco Pizzi\",\"dott. Giuseppe Eburnea\",\"Lions di Palmi\"],\"articleSection\":[\"Home\",\"News\",\"Reggio Calabria\"],\"inLanguage\":\"it-IT\"},{\"@type\":\"WebPage\",\"@id\":\"https:\/\/progettotouring.it\/radiotouring104\/2025\/05\/23\/al-liceo-einaudi-alvaro-di-palmi-il-convegno-apicoltura-e-agricoltura-sostenibili-a-salvaguardia-della-biodiversita\/\",\"url\":\"https:\/\/progettotouring.it\/radiotouring104\/2025\/05\/23\/al-liceo-einaudi-alvaro-di-palmi-il-convegno-apicoltura-e-agricoltura-sostenibili-a-salvaguardia-della-biodiversita\/\",\"name\":\"Palmi: al Liceo Alvaro convegno sulla Biodiversit\u00e0\",\"isPartOf\":{\"@id\":\"https:\/\/progettotouring.it\/radiotouring104\/#website\"},\"primaryImageOfPage\":{\"@id\":\"https:\/\/progettotouring.it\/radiotouring104\/2025\/05\/23\/al-liceo-einaudi-alvaro-di-palmi-il-convegno-apicoltura-e-agricoltura-sostenibili-a-salvaguardia-della-biodiversita\/#primaryimage\"},\"image\":{\"@id\":\"https:\/\/progettotouring.it\/radiotouring104\/2025\/05\/23\/al-liceo-einaudi-alvaro-di-palmi-il-convegno-apicoltura-e-agricoltura-sostenibili-a-salvaguardia-della-biodiversita\/#primaryimage\"},\"thumbnailUrl\":\"https:\/\/progettotouring.it\/radiotouring104\/wp-content\/uploads\/sites\/6\/2025\/05\/LICEO-ALVARO-LIONS-PALMI-CONVEGNO-BIODIVERSITA.jpeg\",\"datePublished\":\"2025-05-23T07:58:00+00:00\",\"description\":\"Il Liceo Einaudi Alvaro ha ospitato, mercoled\u00ec 21 maggio, presso i locali del suo istituto, il convegno promosso dal Lions Palmi\",\"breadcrumb\":{\"@id\":\"https:\/\/progettotouring.it\/radiotouring104\/2025\/05\/23\/al-liceo-einaudi-alvaro-di-palmi-il-convegno-apicoltura-e-agricoltura-sostenibili-a-salvaguardia-della-biodiversita\/#breadcrumb\"},\"inLanguage\":\"it-IT\",\"potentialAction\":[{\"@type\":\"ReadAction\",\"target\":[\"https:\/\/progettotouring.it\/radiotouring104\/2025\/05\/23\/al-liceo-einaudi-alvaro-di-palmi-il-convegno-apicoltura-e-agricoltura-sostenibili-a-salvaguardia-della-biodiversita\/\"]}]},{\"@type\":\"ImageObject\",\"inLanguage\":\"it-IT\",\"@id\":\"https:\/\/progettotouring.it\/radiotouring104\/2025\/05\/23\/al-liceo-einaudi-alvaro-di-palmi-il-convegno-apicoltura-e-agricoltura-sostenibili-a-salvaguardia-della-biodiversita\/#primaryimage\",\"url\":\"https:\/\/progettotouring.it\/radiotouring104\/wp-content\/uploads\/sites\/6\/2025\/05\/LICEO-ALVARO-LIONS-PALMI-CONVEGNO-BIODIVERSITA.jpeg\",\"contentUrl\":\"https:\/\/progettotouring.it\/radiotouring104\/wp-content\/uploads\/sites\/6\/2025\/05\/LICEO-ALVARO-LIONS-PALMI-CONVEGNO-BIODIVERSITA.jpeg\",\"width\":1600,\"height\":1200},{\"@type\":\"BreadcrumbList\",\"@id\":\"https:\/\/progettotouring.it\/radiotouring104\/2025\/05\/23\/al-liceo-einaudi-alvaro-di-palmi-il-convegno-apicoltura-e-agricoltura-sostenibili-a-salvaguardia-della-biodiversita\/#breadcrumb\",\"itemListElement\":[{\"@type\":\"ListItem\",\"position\":1,\"name\":\"Home\",\"item\":\"https:\/\/progettotouring.it\/radiotouring104\/\"},{\"@type\":\"ListItem\",\"position\":2,\"name\":\"Al Liceo &#8220;Einaudi Alvaro&#8221; di Palmi il convegno \u201cApicoltura e agricoltura sostenibili a salvaguardia della biodiversit\u00e0\u201d.\"}]},{\"@type\":\"WebSite\",\"@id\":\"https:\/\/progettotouring.it\/radiotouring104\/#website\",\"url\":\"https:\/\/progettotouring.it\/radiotouring104\/\",\"name\":\"Radio Touring 104\",\"description\":\"La prima radio Reggina\",\"publisher\":{\"@id\":\"https:\/\/progettotouring.it\/radiotouring104\/#organization\"},\"potentialAction\":[{\"@type\":\"SearchAction\",\"target\":{\"@type\":\"EntryPoint\",\"urlTemplate\":\"https:\/\/progettotouring.it\/radiotouring104\/?s={search_term_string}\"},\"query-input\":{\"@type\":\"PropertyValueSpecification\",\"valueRequired\":true,\"valueName\":\"search_term_string\"}}],\"inLanguage\":\"it-IT\"},{\"@type\":\"Organization\",\"@id\":\"https:\/\/progettotouring.it\/radiotouring104\/#organization\",\"name\":\"Radio Touring 104\",\"url\":\"https:\/\/progettotouring.it\/radiotouring104\/\",\"logo\":{\"@type\":\"ImageObject\",\"inLanguage\":\"it-IT\",\"@id\":\"https:\/\/progettotouring.it\/radiotouring104\/#\/schema\/logo\/image\/\",\"url\":\"https:\/\/progettotouring.it\/radiotouring104\/wp-content\/uploads\/sites\/6\/2022\/02\/cropped-logo-radio-touring-104.png\",\"contentUrl\":\"https:\/\/progettotouring.it\/radiotouring104\/wp-content\/uploads\/sites\/6\/2022\/02\/cropped-logo-radio-touring-104.png\",\"width\":377,\"height\":182,\"caption\":\"Radio Touring 104\"},\"image\":{\"@id\":\"https:\/\/progettotouring.it\/radiotouring104\/#\/schema\/logo\/image\/\"}},{\"@type\":\"Person\",\"@id\":\"https:\/\/progettotouring.it\/radiotouring104\/#\/schema\/person\/78613917f1851f041f7483f5af1d422e\",\"name\":\"Sebastiano Plutino\",\"image\":{\"@type\":\"ImageObject\",\"inLanguage\":\"it-IT\",\"@id\":\"https:\/\/secure.gravatar.com\/avatar\/0546ffaa9b79224faf9f2a156b67a529ae861d3287c66c1d8ccfdf909bcba78d?s=96&d=mm&r=g\",\"url\":\"https:\/\/secure.gravatar.com\/avatar\/0546ffaa9b79224faf9f2a156b67a529ae861d3287c66c1d8ccfdf909bcba78d?s=96&d=mm&r=g\",\"contentUrl\":\"https:\/\/secure.gravatar.com\/avatar\/0546ffaa9b79224faf9f2a156b67a529ae861d3287c66c1d8ccfdf909bcba78d?s=96&d=mm&r=g\",\"caption\":\"Sebastiano Plutino\"},\"url\":\"https:\/\/progettotouring.it\/radiotouring104\/author\/sebastiano\/\"}]}<\/script>\n<!-- \/ Yoast SEO plugin. -->","yoast_head_json":{"title":"Palmi: al Liceo Alvaro convegno sulla Biodiversit\u00e0","description":"Il Liceo Einaudi Alvaro ha ospitato, mercoled\u00ec 21 maggio, presso i locali del suo istituto, il convegno promosso dal Lions Palmi","robots":{"index":"index","follow":"follow","max-snippet":"max-snippet:-1","max-image-preview":"max-image-preview:large","max-video-preview":"max-video-preview:-1"},"canonical":"https:\/\/progettotouring.it\/radiotouring104\/2025\/05\/23\/al-liceo-einaudi-alvaro-di-palmi-il-convegno-apicoltura-e-agricoltura-sostenibili-a-salvaguardia-della-biodiversita\/","og_locale":"it_IT","og_type":"article","og_title":"Palmi: al Liceo Alvaro convegno sulla Biodiversit\u00e0","og_description":"Il Liceo Einaudi Alvaro ha ospitato, mercoled\u00ec 21 maggio, presso i locali del suo istituto, il convegno promosso dal Lions Palmi","og_url":"https:\/\/progettotouring.it\/radiotouring104\/2025\/05\/23\/al-liceo-einaudi-alvaro-di-palmi-il-convegno-apicoltura-e-agricoltura-sostenibili-a-salvaguardia-della-biodiversita\/","og_site_name":"Radio Touring 104","article_published_time":"2025-05-23T07:58:00+00:00","og_image":[{"width":1600,"height":1200,"url":"https:\/\/progettotouring.it\/radiotouring104\/wp-content\/uploads\/sites\/6\/2025\/05\/LICEO-ALVARO-LIONS-PALMI-CONVEGNO-BIODIVERSITA.jpeg","type":"image\/jpeg"}],"author":"Sebastiano Plutino","twitter_card":"summary_large_image","twitter_misc":{"Scritto da":"Sebastiano Plutino","Tempo di lettura stimato":"1 minuto"},"schema":{"@context":"https:\/\/schema.org","@graph":[{"@type":"Article","@id":"https:\/\/progettotouring.it\/radiotouring104\/2025\/05\/23\/al-liceo-einaudi-alvaro-di-palmi-il-convegno-apicoltura-e-agricoltura-sostenibili-a-salvaguardia-della-biodiversita\/#article","isPartOf":{"@id":"https:\/\/progettotouring.it\/radiotouring104\/2025\/05\/23\/al-liceo-einaudi-alvaro-di-palmi-il-convegno-apicoltura-e-agricoltura-sostenibili-a-salvaguardia-della-biodiversita\/"},"author":{"name":"Sebastiano Plutino","@id":"https:\/\/progettotouring.it\/radiotouring104\/#\/schema\/person\/78613917f1851f041f7483f5af1d422e"},"headline":"Al Liceo &#8220;Einaudi Alvaro&#8221; di Palmi il convegno \u201cApicoltura e agricoltura sostenibili a salvaguardia della biodiversit\u00e0\u201d.","datePublished":"2025-05-23T07:58:00+00:00","mainEntityOfPage":{"@id":"https:\/\/progettotouring.it\/radiotouring104\/2025\/05\/23\/al-liceo-einaudi-alvaro-di-palmi-il-convegno-apicoltura-e-agricoltura-sostenibili-a-salvaguardia-della-biodiversita\/"},"wordCount":270,"publisher":{"@id":"https:\/\/progettotouring.it\/radiotouring104\/#organization"},"image":{"@id":"https:\/\/progettotouring.it\/radiotouring104\/2025\/05\/23\/al-liceo-einaudi-alvaro-di-palmi-il-convegno-apicoltura-e-agricoltura-sostenibili-a-salvaguardia-della-biodiversita\/#primaryimage"},"thumbnailUrl":"https:\/\/progettotouring.it\/radiotouring104\/wp-content\/uploads\/sites\/6\/2025\/05\/LICEO-ALVARO-LIONS-PALMI-CONVEGNO-BIODIVERSITA.jpeg","keywords":["\u2019I.I.S. \u201cEinaudi- Alvaro\u201d di Palmi","convegno","Daniela Simone","Dott. Francesco Pizzi","dott. Giuseppe Eburnea","Lions di Palmi"],"articleSection":["Home","News","Reggio Calabria"],"inLanguage":"it-IT"},{"@type":"WebPage","@id":"https:\/\/progettotouring.it\/radiotouring104\/2025\/05\/23\/al-liceo-einaudi-alvaro-di-palmi-il-convegno-apicoltura-e-agricoltura-sostenibili-a-salvaguardia-della-biodiversita\/","url":"https:\/\/progettotouring.it\/radiotouring104\/2025\/05\/23\/al-liceo-einaudi-alvaro-di-palmi-il-convegno-apicoltura-e-agricoltura-sostenibili-a-salvaguardia-della-biodiversita\/","name":"Palmi: al Liceo Alvaro convegno sulla Biodiversit\u00e0","isPartOf":{"@id":"https:\/\/progettotouring.it\/radiotouring104\/#website"},"primaryImageOfPage":{"@id":"https:\/\/progettotouring.it\/radiotouring104\/2025\/05\/23\/al-liceo-einaudi-alvaro-di-palmi-il-convegno-apicoltura-e-agricoltura-sostenibili-a-salvaguardia-della-biodiversita\/#primaryimage"},"image":{"@id":"https:\/\/progettotouring.it\/radiotouring104\/2025\/05\/23\/al-liceo-einaudi-alvaro-di-palmi-il-convegno-apicoltura-e-agricoltura-sostenibili-a-salvaguardia-della-biodiversita\/#primaryimage"},"thumbnailUrl":"https:\/\/progettotouring.it\/radiotouring104\/wp-content\/uploads\/sites\/6\/2025\/05\/LICEO-ALVARO-LIONS-PALMI-CONVEGNO-BIODIVERSITA.jpeg","datePublished":"2025-05-23T07:58:00+00:00","description":"Il Liceo Einaudi Alvaro ha ospitato, mercoled\u00ec 21 maggio, presso i locali del suo istituto, il convegno promosso dal Lions Palmi","breadcrumb":{"@id":"https:\/\/progettotouring.it\/radiotouring104\/2025\/05\/23\/al-liceo-einaudi-alvaro-di-palmi-il-convegno-apicoltura-e-agricoltura-sostenibili-a-salvaguardia-della-biodiversita\/#breadcrumb"},"inLanguage":"it-IT","potentialAction":[{"@type":"ReadAction","target":["https:\/\/progettotouring.it\/radiotouring104\/2025\/05\/23\/al-liceo-einaudi-alvaro-di-palmi-il-convegno-apicoltura-e-agricoltura-sostenibili-a-salvaguardia-della-biodiversita\/"]}]},{"@type":"ImageObject","inLanguage":"it-IT","@id":"https:\/\/progettotouring.it\/radiotouring104\/2025\/05\/23\/al-liceo-einaudi-alvaro-di-palmi-il-convegno-apicoltura-e-agricoltura-sostenibili-a-salvaguardia-della-biodiversita\/#primaryimage","url":"https:\/\/progettotouring.it\/radiotouring104\/wp-content\/uploads\/sites\/6\/2025\/05\/LICEO-ALVARO-LIONS-PALMI-CONVEGNO-BIODIVERSITA.jpeg","contentUrl":"https:\/\/progettotouring.it\/radiotouring104\/wp-content\/uploads\/sites\/6\/2025\/05\/LICEO-ALVARO-LIONS-PALMI-CONVEGNO-BIODIVERSITA.jpeg","width":1600,"height":1200},{"@type":"BreadcrumbList","@id":"https:\/\/progettotouring.it\/radiotouring104\/2025\/05\/23\/al-liceo-einaudi-alvaro-di-palmi-il-convegno-apicoltura-e-agricoltura-sostenibili-a-salvaguardia-della-biodiversita\/#breadcrumb","itemListElement":[{"@type":"ListItem","position":1,"name":"Home","item":"https:\/\/progettotouring.it\/radiotouring104\/"},{"@type":"ListItem","position":2,"name":"Al Liceo &#8220;Einaudi Alvaro&#8221; di Palmi il convegno \u201cApicoltura e agricoltura sostenibili a salvaguardia della biodiversit\u00e0\u201d."}]},{"@type":"WebSite","@id":"https:\/\/progettotouring.it\/radiotouring104\/#website","url":"https:\/\/progettotouring.it\/radiotouring104\/","name":"Radio Touring 104","description":"La prima radio Reggina","publisher":{"@id":"https:\/\/progettotouring.it\/radiotouring104\/#organization"},"potentialAction":[{"@type":"SearchAction","target":{"@type":"EntryPoint","urlTemplate":"https:\/\/progettotouring.it\/radiotouring104\/?s={search_term_string}"},"query-input":{"@type":"PropertyValueSpecification","valueRequired":true,"valueName":"search_term_string"}}],"inLanguage":"it-IT"},{"@type":"Organization","@id":"https:\/\/progettotouring.it\/radiotouring104\/#organization","name":"Radio Touring 104","url":"https:\/\/progettotouring.it\/radiotouring104\/","logo":{"@type":"ImageObject","inLanguage":"it-IT","@id":"https:\/\/progettotouring.it\/radiotouring104\/#\/schema\/logo\/image\/","url":"https:\/\/progettotouring.it\/radiotouring104\/wp-content\/uploads\/sites\/6\/2022\/02\/cropped-logo-radio-touring-104.png","contentUrl":"https:\/\/progettotouring.it\/radiotouring104\/wp-content\/uploads\/sites\/6\/2022\/02\/cropped-logo-radio-touring-104.png","width":377,"height":182,"caption":"Radio Touring 104"},"image":{"@id":"https:\/\/progettotouring.it\/radiotouring104\/#\/schema\/logo\/image\/"}},{"@type":"Person","@id":"https:\/\/progettotouring.it\/radiotouring104\/#\/schema\/person\/78613917f1851f041f7483f5af1d422e","name":"Sebastiano Plutino","image":{"@type":"ImageObject","inLanguage":"it-IT","@id":"https:\/\/secure.gravatar.com\/avatar\/0546ffaa9b79224faf9f2a156b67a529ae861d3287c66c1d8ccfdf909bcba78d?s=96&d=mm&r=g","url":"https:\/\/secure.gravatar.com\/avatar\/0546ffaa9b79224faf9f2a156b67a529ae861d3287c66c1d8ccfdf909bcba78d?s=96&d=mm&r=g","contentUrl":"https:\/\/secure.gravatar.com\/avatar\/0546ffaa9b79224faf9f2a156b67a529ae861d3287c66c1d8ccfdf909bcba78d?s=96&d=mm&r=g","caption":"Sebastiano Plutino"},"url":"https:\/\/progettotouring.it\/radiotouring104\/author\/sebastiano\/"}]}},"jetpack_publicize_connections":[],"jetpack_featured_media_url":"https:\/\/progettotouring.it\/radiotouring104\/wp-content\/uploads\/sites\/6\/2025\/05\/LICEO-ALVARO-LIONS-PALMI-CONVEGNO-BIODIVERSITA.jpeg","jetpack_sharing_enabled":true,"_links":{"self":[{"href":"https:\/\/progettotouring.it\/radiotouring104\/wp-json\/wp\/v2\/posts\/74403","targetHints":{"allow":["GET"]}}],"collection":[{"href":"https:\/\/progettotouring.it\/radiotouring104\/wp-json\/wp\/v2\/posts"}],"about":[{"href":"https:\/\/progettotouring.it\/radiotouring104\/wp-json\/wp\/v2\/types\/post"}],"author":[{"embeddable":true,"href":"https:\/\/progettotouring.it\/radiotouring104\/wp-json\/wp\/v2\/users\/12"}],"replies":[{"embeddable":true,"href":"https:\/\/progettotouring.it\/radiotouring104\/wp-json\/wp\/v2\/comments?post=74403"}],"version-history":[{"count":1,"href":"https:\/\/progettotouring.it\/radiotouring104\/wp-json\/wp\/v2\/posts\/74403\/revisions"}],"predecessor-version":[{"id":74405,"href":"https:\/\/progettotouring.it\/radiotouring104\/wp-json\/wp\/v2\/posts\/74403\/revisions\/74405"}],"wp:featuredmedia":[{"embeddable":true,"href":"https:\/\/progettotouring.it\/radiotouring104\/wp-json\/wp\/v2\/media\/74404"}],"wp:attachment":[{"href":"https:\/\/progettotouring.it\/radiotouring104\/wp-json\/wp\/v2\/media?parent=74403"}],"wp:term":[{"taxonomy":"category","embeddable":true,"href":"https:\/\/progettotouring.it\/radiotouring104\/wp-json\/wp\/v2\/categories?post=74403"},{"taxonomy":"post_tag","embeddable":true,"href":"https:\/\/progettotouring.it\/radiotouring104\/wp-json\/wp\/v2\/tags?post=74403"}],"curies":[{"name":"wp","href":"https:\/\/api.w.org\/{rel}","templated":true}]}}